{"id":2023,"date":"2013-06-03T00:00:00","date_gmt":"2013-06-03T00:00:00","guid":{"rendered":"http:\/\/psol50.org.br\/arquivo\/2013\/06\/03\/mst-ocupa-fazenda-grilada-pela-cutrale-no-interior-de-sao-paulo\/"},"modified":"2013-06-03T00:00:00","modified_gmt":"2013-06-03T00:00:00","slug":"mst-ocupa-fazenda-grilada-pela-cutrale-no-interior-de-sao-paulo","status":"publish","type":"post","link":"https:\/\/psol50.org.br\/mst-ocupa-fazenda-grilada-pela-cutrale-no-interior-de-sao-paulo\/","title":{"rendered":"MST ocupa fazenda grilada pela Cutrale no interior de S\u00e3o Paulo"},"content":{"rendered":"<div style=\"text-align: justify;\">\n\t<em>Cerca de 300 pessoas ocuparam a Fazenda Santo Henrique no domingo (02). Os sem terra denunciam a grilagem de 2,6 mil hectares pela empresa<\/em><br \/>\n\t&nbsp;<br \/>\n\tNesse domingo (02), cerca de 300 pessoas ocuparam a Fazenda Santo Henrique, nos munic\u00edpios de Iaras\/Borebi e Len\u00e7\u00f3is Paulista, no interior de S\u00e3o Paulo. Os sem terra denunciam a grilagem dos 2,6 mil hectares da propriedade pela empresa Cutrale.<br \/>\n\t&nbsp;<br \/>\n\tEm 2005, o Instituto Nacional de Coloniza\u00e7\u00e3o e Reforma Agr\u00e1ria (Incra) notificou a empresa para que desocupasse a \u00e1rea, j\u00e1 que as terras tinham sido reconhecidas como p\u00fablicas. A Cutrale, no entanto, ignorou a notifica\u00e7\u00e3o.<\/p>\n<p>\tA Fazenda Santo Henrique faz parte do conhecido N\u00facleo Colonial Mon\u00e7\u00f5es, que tem cerca de 40 mil hectares, reconhecidos como terras pertencentes \u00e0 Uni\u00e3o.<br \/>\n\t&nbsp;<br \/>\n\t<strong>Den\u00fancias<\/strong><br \/>\n\tAl\u00e9m da grilagem de terras p\u00fablicas, os trabalhadores e trabalhadoras rurais tamb\u00e9m denunciam o envolvimento da Cutrale com v\u00e1rios danos ambientais, trabalhistas e sociais.<br \/>\n\t&nbsp;<br \/>\n\tAl\u00e9m do n\u00e3o respeito \u00e0s \u00e1reas de Reserva Legal, os sem terra denunciam a enorme utiliza\u00e7\u00e3o de agrot\u00f3xicos pela empresa na produ\u00e7\u00e3o de laranja, contaminando o meio ambiente e intoxicando os trabalhadores da pr\u00f3pria Cutrale.<br \/>\n\t&nbsp;<br \/>\n\tNo final de 2012, inclusive, o governo dos Estados Unidos amea\u00e7ou suspender a importa\u00e7\u00e3o de suco de laranja produzido por grandes empresas no Brasil, dentre elas a Cutrale. O motivo foi um estudo que diagnosticou o fungicida Derosal (carbendazim) na produ\u00e7\u00e3o de laranja, proibido nos Estados Unidos.<br \/>\n\t&nbsp;<br \/>\n\t<strong>Problemas trabalhistas<\/strong><br \/>\n\tEm mar\u00e7o deste ano, a Justi\u00e7a Trabalhista de Mat\u00e3o condenou a Cutrale \u2013 junto com outras quatro empresas do ramo &#8211; a encerrar a terceiriza\u00e7\u00e3o irregular das atividades de plantio, cultivo e colheita de laranjas, al\u00e9m de pagar indeniza\u00e7\u00f5es que somam R$ 455 milh\u00f5es pelo n\u00e3o cumprimento da legisla\u00e7\u00e3o trabalhista.<br \/>\n\t&nbsp;<br \/>\n\tJ\u00e1 em 2012, uma a\u00e7\u00e3o movida pelo Minist\u00e9rio P\u00fablico do Trabalho (MPT), em Bauru (SP), identificou irregularidades em instala\u00e7\u00f5es da empresa na cidade de Arei\u00f3polis, a 272 quil\u00f4metros da capital paulista.<br \/>\n\t&nbsp;<br \/>\n\tAp\u00f3s as den\u00fancias, a Justi\u00e7a do Trabalho de Botucatu (SP) determinou que a empresa regularizasse os alojamentos de trabalhadores, sejam eles contratados pela Cutrale ou terceirizados, em conformidade com normas de medicina e higiene do trabalho.<br \/>\n\t&nbsp;<br \/>\n\t<strong>Cartel<\/strong><br \/>\n\tOutra pr\u00e1tica irregular constantemente denunciada \u00e9 a forma\u00e7\u00e3o de cartel pelas quatro maiores empresas do setor: Cutrale, Citrosuco, Citrovita (controlada pelo grupo Votorantim) e Louis Dreyfus.<br \/>\n\t&nbsp;<br \/>\n\tA Cutrale, sozinha, responde por 80% da produ\u00e7\u00e3o mundial de suco de laranja concentrado (superior a um milh\u00e3o de toneladas por ano), e exporta 97% da produ\u00e7\u00e3o.<br \/>\n\t&nbsp;<br \/>\n\tNo ano passado, centenas de m\u00e9dios e pequenos produtores de laranja, fornecedores das empresas que monopolizam o setor, sofreram uma \u201cquebradeira\u201d em massa, devido \u00e0 recusa da compra de sua produ\u00e7\u00e3o.<br \/>\n\t&nbsp;<br \/>\n\tCom isso, o interior de S\u00e3o Paulo foi tomado por protestos diante dessa grave situa\u00e7\u00e3o. Durante esse per\u00edodo, foram derrubados muitos p\u00e9s de laranja e v\u00e1rios produtores tiveram que mudar sua atividade produtiva, somando enormes preju\u00edzos.<br \/>\n\t&nbsp;<\/div>\n","protected":false},"excerpt":{"rendered":"<p>Cerca de 300 pessoas ocuparam a Fazenda Santo Henrique no domingo (02). Os sem terra denunciam a grilagem de 2,6 mil hectares pela empresa &nbsp; Nesse domingo (02), cerca de 300 pessoas ocuparam a Fazenda Santo Henrique, nos munic\u00edpios de Iaras\/Borebi e Len\u00e7\u00f3is Paulista, no interior de S\u00e3o Paulo. Os sem terra denunciam a grilagem [&hellip;]<\/p>\n","protected":false},"author":2,"featured_media":0,"comment_status":"open","ping_status":"open","sticky":false,"template":"","format":"standard","meta":{"_acf_changed":false,"footnotes":""},"categories":[4766],"tags":[],"class_list":{"0":"post-2023","1":"post","2":"type-post","3":"status-publish","4":"format-standard","6":"category-arquivo"},"acf":[],"yoast_head":"<!-- This site is optimized with the Yoast SEO plugin v26.5 - https:\/\/yoast.com\/wordpress\/plugins\/seo\/ -->\n<title>MST ocupa fazenda grilada pela Cutrale no interior de S\u00e3o Paulo - PSOL 50<\/title>\n<meta name=\"robots\" content=\"index, follow, max-snippet:-1, max-image-preview:large, max-video-preview:-1\" \/>\n<link rel=\"canonical\" href=\"https:\/\/psol50.org.br\/mst-ocupa-fazenda-grilada-pela-cutrale-no-interior-de-sao-paulo\/\" \/>\n<meta property=\"og:locale\" content=\"pt_BR\" \/>\n<meta property=\"og:type\" content=\"article\" \/>\n<meta property=\"og:title\" content=\"MST ocupa fazenda grilada pela Cutrale no interior de S\u00e3o Paulo - PSOL 50\" \/>\n<meta property=\"og:description\" content=\"Cerca de 300 pessoas ocuparam a Fazenda Santo Henrique no domingo (02). Os sem terra denunciam a grilagem de 2,6 mil hectares pela empresa &nbsp; Nesse domingo (02), cerca de 300 pessoas ocuparam a Fazenda Santo Henrique, nos munic\u00edpios de Iaras\/Borebi e Len\u00e7\u00f3is Paulista, no interior de S\u00e3o Paulo. Os sem terra denunciam a grilagem [&hellip;]\" \/>\n<meta property=\"og:url\" content=\"https:\/\/psol50.org.br\/mst-ocupa-fazenda-grilada-pela-cutrale-no-interior-de-sao-paulo\/\" \/>\n<meta property=\"og:site_name\" content=\"PSOL 50\" \/>\n<meta property=\"article:publisher\" content=\"https:\/\/www.facebook.com\/psol50\" \/>\n<meta property=\"article:published_time\" content=\"2013-06-03T00:00:00+00:00\" \/>\n<meta property=\"og:image\" content=\"https:\/\/psol50.org.br\/inc\/uploads\/2018\/07\/capa.png\" \/>\n\t<meta property=\"og:image:width\" content=\"1350\" \/>\n\t<meta property=\"og:image:height\" content=\"900\" \/>\n\t<meta property=\"og:image:type\" content=\"image\/png\" \/>\n<meta name=\"author\" content=\"Comunica\u00e7\u00e3o PSOL\" \/>\n<meta name=\"twitter:card\" content=\"summary_large_image\" \/>\n<meta name=\"twitter:creator\" content=\"@psol50\" \/>\n<meta name=\"twitter:site\" content=\"@psol50\" \/>\n<meta name=\"twitter:label1\" content=\"Escrito por\" \/>\n\t<meta name=\"twitter:data1\" content=\"Comunica\u00e7\u00e3o PSOL\" \/>\n\t<meta name=\"twitter:label2\" content=\"Est. tempo de leitura\" \/>\n\t<meta name=\"twitter:data2\" content=\"3 minutos\" \/>\n<script type=\"application\/ld+json\" class=\"yoast-schema-graph\">{\"@context\":\"https:\/\/schema.org\",\"@graph\":[{\"@type\":\"Article\",\"@id\":\"https:\/\/psol50.org.br\/mst-ocupa-fazenda-grilada-pela-cutrale-no-interior-de-sao-paulo\/#article\",\"isPartOf\":{\"@id\":\"https:\/\/psol50.org.br\/mst-ocupa-fazenda-grilada-pela-cutrale-no-interior-de-sao-paulo\/\"},\"author\":{\"name\":\"Comunica\u00e7\u00e3o PSOL\",\"@id\":\"https:\/\/psol50.org.br\/#\/schema\/person\/475dfa57d0b815993c714c2e96491fcd\"},\"headline\":\"MST ocupa fazenda grilada pela Cutrale no interior de S\u00e3o Paulo\",\"datePublished\":\"2013-06-03T00:00:00+00:00\",\"mainEntityOfPage\":{\"@id\":\"https:\/\/psol50.org.br\/mst-ocupa-fazenda-grilada-pela-cutrale-no-interior-de-sao-paulo\/\"},\"wordCount\":532,\"commentCount\":0,\"publisher\":{\"@id\":\"https:\/\/psol50.org.br\/#organization\"},\"articleSection\":[\"Arquivo\"],\"inLanguage\":\"pt-BR\",\"potentialAction\":[{\"@type\":\"CommentAction\",\"name\":\"Comment\",\"target\":[\"https:\/\/psol50.org.br\/mst-ocupa-fazenda-grilada-pela-cutrale-no-interior-de-sao-paulo\/#respond\"]}]},{\"@type\":\"WebPage\",\"@id\":\"https:\/\/psol50.org.br\/mst-ocupa-fazenda-grilada-pela-cutrale-no-interior-de-sao-paulo\/\",\"url\":\"https:\/\/psol50.org.br\/mst-ocupa-fazenda-grilada-pela-cutrale-no-interior-de-sao-paulo\/\",\"name\":\"MST ocupa fazenda grilada pela Cutrale no interior de S\u00e3o Paulo - PSOL 50\",\"isPartOf\":{\"@id\":\"https:\/\/psol50.org.br\/#website\"},\"datePublished\":\"2013-06-03T00:00:00+00:00\",\"breadcrumb\":{\"@id\":\"https:\/\/psol50.org.br\/mst-ocupa-fazenda-grilada-pela-cutrale-no-interior-de-sao-paulo\/#breadcrumb\"},\"inLanguage\":\"pt-BR\",\"potentialAction\":[{\"@type\":\"ReadAction\",\"target\":[\"https:\/\/psol50.org.br\/mst-ocupa-fazenda-grilada-pela-cutrale-no-interior-de-sao-paulo\/\"]}]},{\"@type\":\"BreadcrumbList\",\"@id\":\"https:\/\/psol50.org.br\/mst-ocupa-fazenda-grilada-pela-cutrale-no-interior-de-sao-paulo\/#breadcrumb\",\"itemListElement\":[{\"@type\":\"ListItem\",\"position\":1,\"name\":\"In\u00edcio\",\"item\":\"https:\/\/psol50.org.br\/\"},{\"@type\":\"ListItem\",\"position\":2,\"name\":\"MST ocupa fazenda grilada pela Cutrale no interior de S\u00e3o Paulo\"}]},{\"@type\":\"WebSite\",\"@id\":\"https:\/\/psol50.org.br\/#website\",\"url\":\"https:\/\/psol50.org.br\/\",\"name\":\"PSOL 50\",\"description\":\"Site oficial do Partido Socialismo e Liberdade\",\"publisher\":{\"@id\":\"https:\/\/psol50.org.br\/#organization\"},\"alternateName\":\"PSOL50\",\"potentialAction\":[{\"@type\":\"SearchAction\",\"target\":{\"@type\":\"EntryPoint\",\"urlTemplate\":\"https:\/\/psol50.org.br\/?s={search_term_string}\"},\"query-input\":{\"@type\":\"PropertyValueSpecification\",\"valueRequired\":true,\"valueName\":\"search_term_string\"}}],\"inLanguage\":\"pt-BR\"},{\"@type\":\"Organization\",\"@id\":\"https:\/\/psol50.org.br\/#organization\",\"name\":\"PSOL 50\",\"alternateName\":\"PSOL 50\",\"url\":\"https:\/\/psol50.org.br\/\",\"logo\":{\"@type\":\"ImageObject\",\"inLanguage\":\"pt-BR\",\"@id\":\"https:\/\/psol50.org.br\/#\/schema\/logo\/image\/\",\"url\":\"https:\/\/psol50.org.br\/inc\/uploads\/2018\/07\/capa.png\",\"contentUrl\":\"https:\/\/psol50.org.br\/inc\/uploads\/2018\/07\/capa.png\",\"width\":1350,\"height\":900,\"caption\":\"PSOL 50\"},\"image\":{\"@id\":\"https:\/\/psol50.org.br\/#\/schema\/logo\/image\/\"},\"sameAs\":[\"https:\/\/www.facebook.com\/psol50\",\"https:\/\/x.com\/psol50\",\"https:\/\/www.instagram.com\/psol50\/\",\"https:\/\/www.youtube.com\/channel\/UC7SnJS5o1os7a6CaiNabzcg\"]},{\"@type\":\"Person\",\"@id\":\"https:\/\/psol50.org.br\/#\/schema\/person\/475dfa57d0b815993c714c2e96491fcd\",\"name\":\"Comunica\u00e7\u00e3o PSOL\",\"image\":{\"@type\":\"ImageObject\",\"inLanguage\":\"pt-BR\",\"@id\":\"https:\/\/psol50.org.br\/#\/schema\/person\/image\/\",\"url\":\"https:\/\/secure.gravatar.com\/avatar\/b34fc4f4e468a4e51785917065a3db57b841f5c95dba6ad8c73aaf8f66f8f9bf?s=96&d=mm&r=g\",\"contentUrl\":\"https:\/\/secure.gravatar.com\/avatar\/b34fc4f4e468a4e51785917065a3db57b841f5c95dba6ad8c73aaf8f66f8f9bf?s=96&d=mm&r=g\",\"caption\":\"Comunica\u00e7\u00e3o PSOL\"}}]}<\/script>\n<!-- \/ Yoast SEO plugin. -->","yoast_head_json":{"title":"MST ocupa fazenda grilada pela Cutrale no interior de S\u00e3o Paulo - PSOL 50","robots":{"index":"index","follow":"follow","max-snippet":"max-snippet:-1","max-image-preview":"max-image-preview:large","max-video-preview":"max-video-preview:-1"},"canonical":"https:\/\/psol50.org.br\/mst-ocupa-fazenda-grilada-pela-cutrale-no-interior-de-sao-paulo\/","og_locale":"pt_BR","og_type":"article","og_title":"MST ocupa fazenda grilada pela Cutrale no interior de S\u00e3o Paulo - PSOL 50","og_description":"Cerca de 300 pessoas ocuparam a Fazenda Santo Henrique no domingo (02). Os sem terra denunciam a grilagem de 2,6 mil hectares pela empresa &nbsp; Nesse domingo (02), cerca de 300 pessoas ocuparam a Fazenda Santo Henrique, nos munic\u00edpios de Iaras\/Borebi e Len\u00e7\u00f3is Paulista, no interior de S\u00e3o Paulo. Os sem terra denunciam a grilagem [&hellip;]","og_url":"https:\/\/psol50.org.br\/mst-ocupa-fazenda-grilada-pela-cutrale-no-interior-de-sao-paulo\/","og_site_name":"PSOL 50","article_publisher":"https:\/\/www.facebook.com\/psol50","article_published_time":"2013-06-03T00:00:00+00:00","og_image":[{"width":1350,"height":900,"url":"https:\/\/psol50.org.br\/inc\/uploads\/2018\/07\/capa.png","type":"image\/png"}],"author":"Comunica\u00e7\u00e3o PSOL","twitter_card":"summary_large_image","twitter_creator":"@psol50","twitter_site":"@psol50","twitter_misc":{"Escrito por":"Comunica\u00e7\u00e3o PSOL","Est. tempo de leitura":"3 minutos"},"schema":{"@context":"https:\/\/schema.org","@graph":[{"@type":"Article","@id":"https:\/\/psol50.org.br\/mst-ocupa-fazenda-grilada-pela-cutrale-no-interior-de-sao-paulo\/#article","isPartOf":{"@id":"https:\/\/psol50.org.br\/mst-ocupa-fazenda-grilada-pela-cutrale-no-interior-de-sao-paulo\/"},"author":{"name":"Comunica\u00e7\u00e3o PSOL","@id":"https:\/\/psol50.org.br\/#\/schema\/person\/475dfa57d0b815993c714c2e96491fcd"},"headline":"MST ocupa fazenda grilada pela Cutrale no interior de S\u00e3o Paulo","datePublished":"2013-06-03T00:00:00+00:00","mainEntityOfPage":{"@id":"https:\/\/psol50.org.br\/mst-ocupa-fazenda-grilada-pela-cutrale-no-interior-de-sao-paulo\/"},"wordCount":532,"commentCount":0,"publisher":{"@id":"https:\/\/psol50.org.br\/#organization"},"articleSection":["Arquivo"],"inLanguage":"pt-BR","potentialAction":[{"@type":"CommentAction","name":"Comment","target":["https:\/\/psol50.org.br\/mst-ocupa-fazenda-grilada-pela-cutrale-no-interior-de-sao-paulo\/#respond"]}]},{"@type":"WebPage","@id":"https:\/\/psol50.org.br\/mst-ocupa-fazenda-grilada-pela-cutrale-no-interior-de-sao-paulo\/","url":"https:\/\/psol50.org.br\/mst-ocupa-fazenda-grilada-pela-cutrale-no-interior-de-sao-paulo\/","name":"MST ocupa fazenda grilada pela Cutrale no interior de S\u00e3o Paulo - PSOL 50","isPartOf":{"@id":"https:\/\/psol50.org.br\/#website"},"datePublished":"2013-06-03T00:00:00+00:00","breadcrumb":{"@id":"https:\/\/psol50.org.br\/mst-ocupa-fazenda-grilada-pela-cutrale-no-interior-de-sao-paulo\/#breadcrumb"},"inLanguage":"pt-BR","potentialAction":[{"@type":"ReadAction","target":["https:\/\/psol50.org.br\/mst-ocupa-fazenda-grilada-pela-cutrale-no-interior-de-sao-paulo\/"]}]},{"@type":"BreadcrumbList","@id":"https:\/\/psol50.org.br\/mst-ocupa-fazenda-grilada-pela-cutrale-no-interior-de-sao-paulo\/#breadcrumb","itemListElement":[{"@type":"ListItem","position":1,"name":"In\u00edcio","item":"https:\/\/psol50.org.br\/"},{"@type":"ListItem","position":2,"name":"MST ocupa fazenda grilada pela Cutrale no interior de S\u00e3o Paulo"}]},{"@type":"WebSite","@id":"https:\/\/psol50.org.br\/#website","url":"https:\/\/psol50.org.br\/","name":"PSOL 50","description":"Site oficial do Partido Socialismo e Liberdade","publisher":{"@id":"https:\/\/psol50.org.br\/#organization"},"alternateName":"PSOL50","potentialAction":[{"@type":"SearchAction","target":{"@type":"EntryPoint","urlTemplate":"https:\/\/psol50.org.br\/?s={search_term_string}"},"query-input":{"@type":"PropertyValueSpecification","valueRequired":true,"valueName":"search_term_string"}}],"inLanguage":"pt-BR"},{"@type":"Organization","@id":"https:\/\/psol50.org.br\/#organization","name":"PSOL 50","alternateName":"PSOL 50","url":"https:\/\/psol50.org.br\/","logo":{"@type":"ImageObject","inLanguage":"pt-BR","@id":"https:\/\/psol50.org.br\/#\/schema\/logo\/image\/","url":"https:\/\/psol50.org.br\/inc\/uploads\/2018\/07\/capa.png","contentUrl":"https:\/\/psol50.org.br\/inc\/uploads\/2018\/07\/capa.png","width":1350,"height":900,"caption":"PSOL 50"},"image":{"@id":"https:\/\/psol50.org.br\/#\/schema\/logo\/image\/"},"sameAs":["https:\/\/www.facebook.com\/psol50","https:\/\/x.com\/psol50","https:\/\/www.instagram.com\/psol50\/","https:\/\/www.youtube.com\/channel\/UC7SnJS5o1os7a6CaiNabzcg"]},{"@type":"Person","@id":"https:\/\/psol50.org.br\/#\/schema\/person\/475dfa57d0b815993c714c2e96491fcd","name":"Comunica\u00e7\u00e3o PSOL","image":{"@type":"ImageObject","inLanguage":"pt-BR","@id":"https:\/\/psol50.org.br\/#\/schema\/person\/image\/","url":"https:\/\/secure.gravatar.com\/avatar\/b34fc4f4e468a4e51785917065a3db57b841f5c95dba6ad8c73aaf8f66f8f9bf?s=96&d=mm&r=g","contentUrl":"https:\/\/secure.gravatar.com\/avatar\/b34fc4f4e468a4e51785917065a3db57b841f5c95dba6ad8c73aaf8f66f8f9bf?s=96&d=mm&r=g","caption":"Comunica\u00e7\u00e3o PSOL"}}]}},"_links":{"self":[{"href":"https:\/\/psol50.org.br\/rest\/wp\/v2\/posts\/2023","targetHints":{"allow":["GET"]}}],"collection":[{"href":"https:\/\/psol50.org.br\/rest\/wp\/v2\/posts"}],"about":[{"href":"https:\/\/psol50.org.br\/rest\/wp\/v2\/types\/post"}],"author":[{"embeddable":true,"href":"https:\/\/psol50.org.br\/rest\/wp\/v2\/users\/2"}],"replies":[{"embeddable":true,"href":"https:\/\/psol50.org.br\/rest\/wp\/v2\/comments?post=2023"}],"version-history":[{"count":0,"href":"https:\/\/psol50.org.br\/rest\/wp\/v2\/posts\/2023\/revisions"}],"wp:attachment":[{"href":"https:\/\/psol50.org.br\/rest\/wp\/v2\/media?parent=2023"}],"wp:term":[{"taxonomy":"category","embeddable":true,"href":"https:\/\/psol50.org.br\/rest\/wp\/v2\/categories?post=2023"},{"taxonomy":"post_tag","embeddable":true,"href":"https:\/\/psol50.org.br\/rest\/wp\/v2\/tags?post=2023"}],"curies":[{"name":"wp","href":"https:\/\/api.w.org\/{rel}","templated":true}]}}