{"id":20234,"date":"2018-03-16T11:28:23","date_gmt":"2018-03-16T14:28:23","guid":{"rendered":"http:\/\/www.psol50.org.br\/?p=20234"},"modified":"2018-03-16T11:28:23","modified_gmt":"2018-03-16T14:28:23","slug":"confira-a-agenda-de-atos-em-outros-paises-em-memoria-de-marielle-franco","status":"publish","type":"post","link":"https:\/\/psol50.org.br\/confira-a-agenda-de-atos-em-outros-paises-em-memoria-de-marielle-franco\/","title":{"rendered":"Confira a agenda de atos, em outros pa\u00edses, em mem\u00f3ria de Marielle Franco"},"content":{"rendered":"<p>O brutal assassinato de Marielle Franco n\u00e3o abalou apenas o Brasil, que, nesta quinta-feira (15), saiu \u00e0s ruas em homenagem \u00e0 vereadora do PSOL. O mundo chorou a morte de Marielle, mulher, negra, LGBT, moradora da Mar\u00e9, 5\u00aa vereadora mais votada do Rio de Janeiro.<\/p>\n<p>A pot\u00eancia e a garra dessa lutadora ser\u00e1 celebrada tamb\u00e9m em diversas capitais no exterior. Assim como aqui no Brasil, l\u00e1 fora centenas de milhares querem\u00a0a ampla investiga\u00e7\u00e3o e\u00a0respostas sobre essa trag\u00e9dia.<\/p>\n<p>Confira a agenda de atos em outros pa\u00edses.<\/p>\n<p>DUBLIN &#8211; Irlanda<br \/>\n<a href=\"https:\/\/www.facebook.com\/events\/152639748736679\/\" target=\"_blank\" rel=\"noopener\"><strong><span style=\"color: #0000ff;\">16\/03 &#8211; \u00e0s 13h<\/span><\/strong><\/a><\/p>\n<p>LONDRES &#8211; Inglaterra<br \/>\n<a href=\"https:\/\/www.facebook.com\/events\/1935594020103878\/\" target=\"_blank\" rel=\"noopener\"><strong><span style=\"color: #0000ff;\">16\/03 &#8211; \u00e0s 18h<\/span><\/strong><\/a><\/p>\n<p>MONTREAL &#8211; Canad\u00e1<br \/>\n<a href=\"https:\/\/www.facebook.com\/events\/174348476706616\/\" target=\"_blank\" rel=\"noopener\"><strong><span style=\"color: #0000ff;\">16\/03 &#8211; \u00e0s 17h\u00a0<\/span><\/strong><\/a><\/p>\n<p>WASHINGTON &#8211; Estados Unidos<br \/>\n<a href=\"https:\/\/www.facebook.com\/events\/1414680491969501\/\" target=\"_blank\" rel=\"noopener\"><strong><span style=\"color: #0000ff;\">16\/03 &#8211; \u00e0s 18h<\/span><\/strong><\/a><\/p>\n<p>NOVA YORK &#8211; Estados Unidos<br \/>\n<a href=\"https:\/\/www.facebook.com\/events\/1694388323953482\/\" target=\"_blank\" rel=\"noopener\"><strong><span style=\"color: #0000ff;\">16\/03 &#8211; \u00e0s 18h<\/span><\/strong><\/a><\/p>\n<p>BARCELONA &#8211; Espanha<br \/>\n<a href=\"https:\/\/www.facebook.com\/events\/2010039109250995\/\" target=\"_blank\" rel=\"noopener\"><strong><span style=\"color: #0000ff;\">16\/03 &#8211; \u00e0s 17h<\/span><\/strong><\/a><\/p>\n<p>BOGOT\u00c1 &#8211; Col\u00f4mbia<br \/>\n<a href=\"https:\/\/www.facebook.com\/events\/158932798145343\/\" target=\"_blank\" rel=\"noopener\"><strong><span style=\"color: #0000ff;\">16\/03 &#8211; \u00e0s 20h<\/span><\/strong><\/a><\/p>\n<p>PARIS &#8211; Fran\u00e7a<br \/>\n<a href=\"https:\/\/www.facebook.com\/events\/811496219061420\/\" target=\"_blank\" rel=\"noopener\"><strong><span style=\"color: #0000ff;\">17\/03 &#8211; \u00e0s 14h<\/span><\/strong><\/a><\/p>\n<p>BERLIM &#8211; Alemanha<br \/>\n<a href=\"https:\/\/www.facebook.com\/events\/179664249425618\/\" target=\"_blank\" rel=\"noopener\"><strong><span style=\"color: #0000ff;\">18\/03 &#8211; \u00e0s 15h<\/span><\/strong><\/a><\/p>\n<p>LISBOA &#8211; Portugal<br \/>\n<a href=\"https:\/\/www.facebook.com\/events\/194281718002595\/\" target=\"_blank\" rel=\"noopener\"><strong><span style=\"color: #0000ff;\">19\/03 &#8211; \u00e0s 18h<\/span><\/strong><\/a><\/p>\n<p>BRAGA &#8211; Portugal<br \/>\n<a href=\"https:\/\/www.facebook.com\/events\/210122119573987\/\" target=\"_blank\" rel=\"noopener\"><strong><span style=\"color: #0000ff;\">19\/03 &#8211; \u00e0s 18h30<\/span><\/strong><\/a><\/p>\n<p>COVILH\u00c3 &#8211; Portugal<br \/>\n<a href=\"https:\/\/www.facebook.com\/events\/1997714280553232\/\" target=\"_blank\" rel=\"noopener\"><span style=\"color: #0000ff;\"><strong>19\/03 &#8211; \u00e0s 18h<\/strong><\/span><\/a><\/p>\n<p>MADRID &#8211; Espanha<br \/>\n<a href=\"https:\/\/www.facebook.com\/events\/378863569248522\/\" target=\"_blank\" rel=\"noopener\"><strong><span style=\"color: #0000ff;\">20\/03 &#8211; \u00e0s 18h<\/span><\/strong><\/a><\/p>\n<p>&nbsp;<\/p>\n","protected":false},"excerpt":{"rendered":"<p>O brutal assassinato de Marielle Franco n\u00e3o abalou apenas o Brasil, que, nesta quinta-feira (15), saiu \u00e0s ruas em homenagem \u00e0 vereadora do PSOL. O mundo chorou a morte de Marielle, mulher, negra, LGBT, moradora da Mar\u00e9, 5\u00aa vereadora mais votada do Rio de Janeiro. A pot\u00eancia e a garra dessa lutadora ser\u00e1 celebrada tamb\u00e9m [&hellip;]<\/p>\n","protected":false},"author":2,"featured_media":20235,"comment_status":"open","ping_status":"open","sticky":false,"template":"","format":"standard","meta":{"_acf_changed":false,"footnotes":""},"categories":[836,6],"tags":[131,313,2329,194,2330,2331,22,162,1492,1363],"class_list":{"0":"post-20234","1":"post","2":"type-post","3":"status-publish","4":"format-standard","5":"has-post-thumbnail","7":"category-internacional","8":"category-noticias","9":"tag-assassinato","10":"tag-atos","11":"tag-exterior","12":"tag-marielle-franco","13":"tag-memoria","14":"tag-mundo","15":"tag-psol","16":"tag-rio-de-janeiro","17":"tag-tragedia","18":"tag-vereadora"},"acf":[],"yoast_head":"<!-- This site is optimized with the Yoast SEO plugin v26.5 - https:\/\/yoast.com\/wordpress\/plugins\/seo\/ -->\n<title>Confira a agenda de atos, em outros pa\u00edses, em mem\u00f3ria de Marielle Franco - PSOL 50<\/title>\n<meta name=\"robots\" content=\"index, follow, max-snippet:-1, max-image-preview:large, max-video-preview:-1\" \/>\n<link rel=\"canonical\" href=\"https:\/\/psol50.org.br\/confira-a-agenda-de-atos-em-outros-paises-em-memoria-de-marielle-franco\/\" \/>\n<meta property=\"og:locale\" content=\"pt_BR\" \/>\n<meta property=\"og:type\" content=\"article\" \/>\n<meta property=\"og:title\" content=\"Confira a agenda de atos, em outros pa\u00edses, em mem\u00f3ria de Marielle Franco - PSOL 50\" \/>\n<meta property=\"og:description\" content=\"O brutal assassinato de Marielle Franco n\u00e3o abalou apenas o Brasil, que, nesta quinta-feira (15), saiu \u00e0s ruas em homenagem \u00e0 vereadora do PSOL. O mundo chorou a morte de Marielle, mulher, negra, LGBT, moradora da Mar\u00e9, 5\u00aa vereadora mais votada do Rio de Janeiro. A pot\u00eancia e a garra dessa lutadora ser\u00e1 celebrada tamb\u00e9m [&hellip;]\" \/>\n<meta property=\"og:url\" content=\"https:\/\/psol50.org.br\/confira-a-agenda-de-atos-em-outros-paises-em-memoria-de-marielle-franco\/\" \/>\n<meta property=\"og:site_name\" content=\"PSOL 50\" \/>\n<meta property=\"article:publisher\" content=\"https:\/\/www.facebook.com\/psol50\" \/>\n<meta property=\"article:published_time\" content=\"2018-03-16T14:28:23+00:00\" \/>\n<meta property=\"og:image\" content=\"https:\/\/psol50.org.br\/inc\/uploads\/2018\/03\/Ato_Rio_Marielle_Ninja.jpg\" \/>\n\t<meta property=\"og:image:width\" content=\"1280\" \/>\n\t<meta property=\"og:image:height\" content=\"853\" \/>\n\t<meta property=\"og:image:type\" content=\"image\/jpeg\" \/>\n<meta name=\"author\" content=\"Comunica\u00e7\u00e3o PSOL\" \/>\n<meta name=\"twitter:card\" content=\"summary_large_image\" \/>\n<meta name=\"twitter:creator\" content=\"@psol50\" \/>\n<meta name=\"twitter:site\" content=\"@psol50\" \/>\n<meta name=\"twitter:label1\" content=\"Escrito por\" \/>\n\t<meta name=\"twitter:data1\" content=\"Comunica\u00e7\u00e3o PSOL\" \/>\n\t<meta name=\"twitter:label2\" content=\"Est. tempo de leitura\" \/>\n\t<meta name=\"twitter:data2\" content=\"1 minuto\" \/>\n<script type=\"application\/ld+json\" class=\"yoast-schema-graph\">{\"@context\":\"https:\/\/schema.org\",\"@graph\":[{\"@type\":\"Article\",\"@id\":\"https:\/\/psol50.org.br\/confira-a-agenda-de-atos-em-outros-paises-em-memoria-de-marielle-franco\/#article\",\"isPartOf\":{\"@id\":\"https:\/\/psol50.org.br\/confira-a-agenda-de-atos-em-outros-paises-em-memoria-de-marielle-franco\/\"},\"author\":{\"name\":\"Comunica\u00e7\u00e3o PSOL\",\"@id\":\"https:\/\/psol50.org.br\/#\/schema\/person\/475dfa57d0b815993c714c2e96491fcd\"},\"headline\":\"Confira a agenda de atos, em outros pa\u00edses, em mem\u00f3ria de Marielle Franco\",\"datePublished\":\"2018-03-16T14:28:23+00:00\",\"mainEntityOfPage\":{\"@id\":\"https:\/\/psol50.org.br\/confira-a-agenda-de-atos-em-outros-paises-em-memoria-de-marielle-franco\/\"},\"wordCount\":189,\"commentCount\":0,\"publisher\":{\"@id\":\"https:\/\/psol50.org.br\/#organization\"},\"image\":{\"@id\":\"https:\/\/psol50.org.br\/confira-a-agenda-de-atos-em-outros-paises-em-memoria-de-marielle-franco\/#primaryimage\"},\"thumbnailUrl\":\"https:\/\/psol50.org.br\/inc\/uploads\/2018\/03\/Ato_Rio_Marielle_Ninja.jpg\",\"keywords\":[\"assassinato\",\"atos\",\"exterior\",\"Marielle Franco\",\"mem\u00f3ria\",\"mundo\",\"PSOL\",\"Rio de Janeiro\",\"trag\u00e9dia\",\"vereadora\"],\"articleSection\":[\"Internacional\",\"Not\u00edcias\"],\"inLanguage\":\"pt-BR\",\"potentialAction\":[{\"@type\":\"CommentAction\",\"name\":\"Comment\",\"target\":[\"https:\/\/psol50.org.br\/confira-a-agenda-de-atos-em-outros-paises-em-memoria-de-marielle-franco\/#respond\"]}]},{\"@type\":\"WebPage\",\"@id\":\"https:\/\/psol50.org.br\/confira-a-agenda-de-atos-em-outros-paises-em-memoria-de-marielle-franco\/\",\"url\":\"https:\/\/psol50.org.br\/confira-a-agenda-de-atos-em-outros-paises-em-memoria-de-marielle-franco\/\",\"name\":\"Confira a agenda de atos, em outros pa\u00edses, em mem\u00f3ria de Marielle Franco - PSOL 50\",\"isPartOf\":{\"@id\":\"https:\/\/psol50.org.br\/#website\"},\"primaryImageOfPage\":{\"@id\":\"https:\/\/psol50.org.br\/confira-a-agenda-de-atos-em-outros-paises-em-memoria-de-marielle-franco\/#primaryimage\"},\"image\":{\"@id\":\"https:\/\/psol50.org.br\/confira-a-agenda-de-atos-em-outros-paises-em-memoria-de-marielle-franco\/#primaryimage\"},\"thumbnailUrl\":\"https:\/\/psol50.org.br\/inc\/uploads\/2018\/03\/Ato_Rio_Marielle_Ninja.jpg\",\"datePublished\":\"2018-03-16T14:28:23+00:00\",\"breadcrumb\":{\"@id\":\"https:\/\/psol50.org.br\/confira-a-agenda-de-atos-em-outros-paises-em-memoria-de-marielle-franco\/#breadcrumb\"},\"inLanguage\":\"pt-BR\",\"potentialAction\":[{\"@type\":\"ReadAction\",\"target\":[\"https:\/\/psol50.org.br\/confira-a-agenda-de-atos-em-outros-paises-em-memoria-de-marielle-franco\/\"]}]},{\"@type\":\"ImageObject\",\"inLanguage\":\"pt-BR\",\"@id\":\"https:\/\/psol50.org.br\/confira-a-agenda-de-atos-em-outros-paises-em-memoria-de-marielle-franco\/#primaryimage\",\"url\":\"https:\/\/psol50.org.br\/inc\/uploads\/2018\/03\/Ato_Rio_Marielle_Ninja.jpg\",\"contentUrl\":\"https:\/\/psol50.org.br\/inc\/uploads\/2018\/03\/Ato_Rio_Marielle_Ninja.jpg\",\"width\":1280,\"height\":853},{\"@type\":\"BreadcrumbList\",\"@id\":\"https:\/\/psol50.org.br\/confira-a-agenda-de-atos-em-outros-paises-em-memoria-de-marielle-franco\/#breadcrumb\",\"itemListElement\":[{\"@type\":\"ListItem\",\"position\":1,\"name\":\"In\u00edcio\",\"item\":\"https:\/\/psol50.org.br\/\"},{\"@type\":\"ListItem\",\"position\":2,\"name\":\"Confira a agenda de atos, em outros pa\u00edses, em mem\u00f3ria de Marielle Franco\"}]},{\"@type\":\"WebSite\",\"@id\":\"https:\/\/psol50.org.br\/#website\",\"url\":\"https:\/\/psol50.org.br\/\",\"name\":\"PSOL 50\",\"description\":\"Site oficial do Partido Socialismo e Liberdade\",\"publisher\":{\"@id\":\"https:\/\/psol50.org.br\/#organization\"},\"alternateName\":\"PSOL50\",\"potentialAction\":[{\"@type\":\"SearchAction\",\"target\":{\"@type\":\"EntryPoint\",\"urlTemplate\":\"https:\/\/psol50.org.br\/?s={search_term_string}\"},\"query-input\":{\"@type\":\"PropertyValueSpecification\",\"valueRequired\":true,\"valueName\":\"search_term_string\"}}],\"inLanguage\":\"pt-BR\"},{\"@type\":\"Organization\",\"@id\":\"https:\/\/psol50.org.br\/#organization\",\"name\":\"PSOL 50\",\"alternateName\":\"PSOL 50\",\"url\":\"https:\/\/psol50.org.br\/\",\"logo\":{\"@type\":\"ImageObject\",\"inLanguage\":\"pt-BR\",\"@id\":\"https:\/\/psol50.org.br\/#\/schema\/logo\/image\/\",\"url\":\"https:\/\/psol50.org.br\/inc\/uploads\/2018\/07\/capa.png\",\"contentUrl\":\"https:\/\/psol50.org.br\/inc\/uploads\/2018\/07\/capa.png\",\"width\":1350,\"height\":900,\"caption\":\"PSOL 50\"},\"image\":{\"@id\":\"https:\/\/psol50.org.br\/#\/schema\/logo\/image\/\"},\"sameAs\":[\"https:\/\/www.facebook.com\/psol50\",\"https:\/\/x.com\/psol50\",\"https:\/\/www.instagram.com\/psol50\/\",\"https:\/\/www.youtube.com\/channel\/UC7SnJS5o1os7a6CaiNabzcg\"]},{\"@type\":\"Person\",\"@id\":\"https:\/\/psol50.org.br\/#\/schema\/person\/475dfa57d0b815993c714c2e96491fcd\",\"name\":\"Comunica\u00e7\u00e3o PSOL\",\"image\":{\"@type\":\"ImageObject\",\"inLanguage\":\"pt-BR\",\"@id\":\"https:\/\/psol50.org.br\/#\/schema\/person\/image\/\",\"url\":\"https:\/\/secure.gravatar.com\/avatar\/b34fc4f4e468a4e51785917065a3db57b841f5c95dba6ad8c73aaf8f66f8f9bf?s=96&d=mm&r=g\",\"contentUrl\":\"https:\/\/secure.gravatar.com\/avatar\/b34fc4f4e468a4e51785917065a3db57b841f5c95dba6ad8c73aaf8f66f8f9bf?s=96&d=mm&r=g\",\"caption\":\"Comunica\u00e7\u00e3o PSOL\"}}]}<\/script>\n<!-- \/ Yoast SEO plugin. -->","yoast_head_json":{"title":"Confira a agenda de atos, em outros pa\u00edses, em mem\u00f3ria de Marielle Franco - PSOL 50","robots":{"index":"index","follow":"follow","max-snippet":"max-snippet:-1","max-image-preview":"max-image-preview:large","max-video-preview":"max-video-preview:-1"},"canonical":"https:\/\/psol50.org.br\/confira-a-agenda-de-atos-em-outros-paises-em-memoria-de-marielle-franco\/","og_locale":"pt_BR","og_type":"article","og_title":"Confira a agenda de atos, em outros pa\u00edses, em mem\u00f3ria de Marielle Franco - PSOL 50","og_description":"O brutal assassinato de Marielle Franco n\u00e3o abalou apenas o Brasil, que, nesta quinta-feira (15), saiu \u00e0s ruas em homenagem \u00e0 vereadora do PSOL. O mundo chorou a morte de Marielle, mulher, negra, LGBT, moradora da Mar\u00e9, 5\u00aa vereadora mais votada do Rio de Janeiro. A pot\u00eancia e a garra dessa lutadora ser\u00e1 celebrada tamb\u00e9m [&hellip;]","og_url":"https:\/\/psol50.org.br\/confira-a-agenda-de-atos-em-outros-paises-em-memoria-de-marielle-franco\/","og_site_name":"PSOL 50","article_publisher":"https:\/\/www.facebook.com\/psol50","article_published_time":"2018-03-16T14:28:23+00:00","og_image":[{"width":1280,"height":853,"url":"https:\/\/psol50.org.br\/inc\/uploads\/2018\/03\/Ato_Rio_Marielle_Ninja.jpg","type":"image\/jpeg"}],"author":"Comunica\u00e7\u00e3o PSOL","twitter_card":"summary_large_image","twitter_creator":"@psol50","twitter_site":"@psol50","twitter_misc":{"Escrito por":"Comunica\u00e7\u00e3o PSOL","Est. tempo de leitura":"1 minuto"},"schema":{"@context":"https:\/\/schema.org","@graph":[{"@type":"Article","@id":"https:\/\/psol50.org.br\/confira-a-agenda-de-atos-em-outros-paises-em-memoria-de-marielle-franco\/#article","isPartOf":{"@id":"https:\/\/psol50.org.br\/confira-a-agenda-de-atos-em-outros-paises-em-memoria-de-marielle-franco\/"},"author":{"name":"Comunica\u00e7\u00e3o PSOL","@id":"https:\/\/psol50.org.br\/#\/schema\/person\/475dfa57d0b815993c714c2e96491fcd"},"headline":"Confira a agenda de atos, em outros pa\u00edses, em mem\u00f3ria de Marielle Franco","datePublished":"2018-03-16T14:28:23+00:00","mainEntityOfPage":{"@id":"https:\/\/psol50.org.br\/confira-a-agenda-de-atos-em-outros-paises-em-memoria-de-marielle-franco\/"},"wordCount":189,"commentCount":0,"publisher":{"@id":"https:\/\/psol50.org.br\/#organization"},"image":{"@id":"https:\/\/psol50.org.br\/confira-a-agenda-de-atos-em-outros-paises-em-memoria-de-marielle-franco\/#primaryimage"},"thumbnailUrl":"https:\/\/psol50.org.br\/inc\/uploads\/2018\/03\/Ato_Rio_Marielle_Ninja.jpg","keywords":["assassinato","atos","exterior","Marielle Franco","mem\u00f3ria","mundo","PSOL","Rio de Janeiro","trag\u00e9dia","vereadora"],"articleSection":["Internacional","Not\u00edcias"],"inLanguage":"pt-BR","potentialAction":[{"@type":"CommentAction","name":"Comment","target":["https:\/\/psol50.org.br\/confira-a-agenda-de-atos-em-outros-paises-em-memoria-de-marielle-franco\/#respond"]}]},{"@type":"WebPage","@id":"https:\/\/psol50.org.br\/confira-a-agenda-de-atos-em-outros-paises-em-memoria-de-marielle-franco\/","url":"https:\/\/psol50.org.br\/confira-a-agenda-de-atos-em-outros-paises-em-memoria-de-marielle-franco\/","name":"Confira a agenda de atos, em outros pa\u00edses, em mem\u00f3ria de Marielle Franco - PSOL 50","isPartOf":{"@id":"https:\/\/psol50.org.br\/#website"},"primaryImageOfPage":{"@id":"https:\/\/psol50.org.br\/confira-a-agenda-de-atos-em-outros-paises-em-memoria-de-marielle-franco\/#primaryimage"},"image":{"@id":"https:\/\/psol50.org.br\/confira-a-agenda-de-atos-em-outros-paises-em-memoria-de-marielle-franco\/#primaryimage"},"thumbnailUrl":"https:\/\/psol50.org.br\/inc\/uploads\/2018\/03\/Ato_Rio_Marielle_Ninja.jpg","datePublished":"2018-03-16T14:28:23+00:00","breadcrumb":{"@id":"https:\/\/psol50.org.br\/confira-a-agenda-de-atos-em-outros-paises-em-memoria-de-marielle-franco\/#breadcrumb"},"inLanguage":"pt-BR","potentialAction":[{"@type":"ReadAction","target":["https:\/\/psol50.org.br\/confira-a-agenda-de-atos-em-outros-paises-em-memoria-de-marielle-franco\/"]}]},{"@type":"ImageObject","inLanguage":"pt-BR","@id":"https:\/\/psol50.org.br\/confira-a-agenda-de-atos-em-outros-paises-em-memoria-de-marielle-franco\/#primaryimage","url":"https:\/\/psol50.org.br\/inc\/uploads\/2018\/03\/Ato_Rio_Marielle_Ninja.jpg","contentUrl":"https:\/\/psol50.org.br\/inc\/uploads\/2018\/03\/Ato_Rio_Marielle_Ninja.jpg","width":1280,"height":853},{"@type":"BreadcrumbList","@id":"https:\/\/psol50.org.br\/confira-a-agenda-de-atos-em-outros-paises-em-memoria-de-marielle-franco\/#breadcrumb","itemListElement":[{"@type":"ListItem","position":1,"name":"In\u00edcio","item":"https:\/\/psol50.org.br\/"},{"@type":"ListItem","position":2,"name":"Confira a agenda de atos, em outros pa\u00edses, em mem\u00f3ria de Marielle Franco"}]},{"@type":"WebSite","@id":"https:\/\/psol50.org.br\/#website","url":"https:\/\/psol50.org.br\/","name":"PSOL 50","description":"Site oficial do Partido Socialismo e Liberdade","publisher":{"@id":"https:\/\/psol50.org.br\/#organization"},"alternateName":"PSOL50","potentialAction":[{"@type":"SearchAction","target":{"@type":"EntryPoint","urlTemplate":"https:\/\/psol50.org.br\/?s={search_term_string}"},"query-input":{"@type":"PropertyValueSpecification","valueRequired":true,"valueName":"search_term_string"}}],"inLanguage":"pt-BR"},{"@type":"Organization","@id":"https:\/\/psol50.org.br\/#organization","name":"PSOL 50","alternateName":"PSOL 50","url":"https:\/\/psol50.org.br\/","logo":{"@type":"ImageObject","inLanguage":"pt-BR","@id":"https:\/\/psol50.org.br\/#\/schema\/logo\/image\/","url":"https:\/\/psol50.org.br\/inc\/uploads\/2018\/07\/capa.png","contentUrl":"https:\/\/psol50.org.br\/inc\/uploads\/2018\/07\/capa.png","width":1350,"height":900,"caption":"PSOL 50"},"image":{"@id":"https:\/\/psol50.org.br\/#\/schema\/logo\/image\/"},"sameAs":["https:\/\/www.facebook.com\/psol50","https:\/\/x.com\/psol50","https:\/\/www.instagram.com\/psol50\/","https:\/\/www.youtube.com\/channel\/UC7SnJS5o1os7a6CaiNabzcg"]},{"@type":"Person","@id":"https:\/\/psol50.org.br\/#\/schema\/person\/475dfa57d0b815993c714c2e96491fcd","name":"Comunica\u00e7\u00e3o PSOL","image":{"@type":"ImageObject","inLanguage":"pt-BR","@id":"https:\/\/psol50.org.br\/#\/schema\/person\/image\/","url":"https:\/\/secure.gravatar.com\/avatar\/b34fc4f4e468a4e51785917065a3db57b841f5c95dba6ad8c73aaf8f66f8f9bf?s=96&d=mm&r=g","contentUrl":"https:\/\/secure.gravatar.com\/avatar\/b34fc4f4e468a4e51785917065a3db57b841f5c95dba6ad8c73aaf8f66f8f9bf?s=96&d=mm&r=g","caption":"Comunica\u00e7\u00e3o PSOL"}}]}},"_links":{"self":[{"href":"https:\/\/psol50.org.br\/rest\/wp\/v2\/posts\/20234","targetHints":{"allow":["GET"]}}],"collection":[{"href":"https:\/\/psol50.org.br\/rest\/wp\/v2\/posts"}],"about":[{"href":"https:\/\/psol50.org.br\/rest\/wp\/v2\/types\/post"}],"author":[{"embeddable":true,"href":"https:\/\/psol50.org.br\/rest\/wp\/v2\/users\/2"}],"replies":[{"embeddable":true,"href":"https:\/\/psol50.org.br\/rest\/wp\/v2\/comments?post=20234"}],"version-history":[{"count":0,"href":"https:\/\/psol50.org.br\/rest\/wp\/v2\/posts\/20234\/revisions"}],"wp:featuredmedia":[{"embeddable":true,"href":"https:\/\/psol50.org.br\/rest\/wp\/v2\/media\/20235"}],"wp:attachment":[{"href":"https:\/\/psol50.org.br\/rest\/wp\/v2\/media?parent=20234"}],"wp:term":[{"taxonomy":"category","embeddable":true,"href":"https:\/\/psol50.org.br\/rest\/wp\/v2\/categories?post=20234"},{"taxonomy":"post_tag","embeddable":true,"href":"https:\/\/psol50.org.br\/rest\/wp\/v2\/tags?post=20234"}],"curies":[{"name":"wp","href":"https:\/\/api.w.org\/{rel}","templated":true}]}}