{"id":20260,"date":"2018-03-19T15:33:24","date_gmt":"2018-03-19T18:33:24","guid":{"rendered":"http:\/\/www.psol50.org.br\/?p=20260"},"modified":"2018-03-19T15:33:24","modified_gmt":"2018-03-19T18:33:24","slug":"a-solidariedade-com-marielle-comove-o-mundo","status":"publish","type":"post","link":"https:\/\/psol50.org.br\/a-solidariedade-com-marielle-comove-o-mundo\/","title":{"rendered":"A solidariedade com Marielle comove o mundo"},"content":{"rendered":"<p><em>Por Bernardo Correa e Israel Dutra, da Secretaria de Rela\u00e7\u00f5es Internacionais do PSOL<\/em><\/p>\n<p>A trag\u00e9dia que se abateu sobre o pa\u00eds com a covarde execu\u00e7\u00e3o da vereadora do PSOL carioca Marielle Franco e seu motorista Anderson Gomes se converteu no principal acontecimento. Ontem nas ruas do pa\u00eds, de norte a sul, mais de 300 mil pessoas prestaram sua homenagem com luto e revolta. Marielle se converteu num s\u00edmbolo. Mulher, negra favelada, ativista, foi assassinada para que sua voz e sua for\u00e7a fossem caladas.<\/p>\n<p>O fato rapidamente percorreu o mundo. Da favela da Mar\u00e9 a uma verdadeira mar\u00e9 pelas redes e cidades do mundo, o que n\u00e3o faltou foi solidariedade.<\/p>\n<p>No Brasil, ocorreram atos nas capitais e grandes cidades. Mais de 50 mil manifestantes ocuparam as ruas do Centro do Rio de Janeiro. Em S\u00e3o Paulo a luta dos professores se combinou \u00e0 solidariedade e cerca de 60 mil foram \u00e0 ruas contra Doria e em homenagem a Marielle. Foram dezenas de milhares em muitas cidades como Belo Horizonte, Salvador, Porto Alegre, Bel\u00e9m, Fortaleza, Recife, Natal, Bras\u00edlia, Campinas, Sorocaba, Pelotas, entre tantas.<\/p>\n<p>A solidariedade internacional foi t\u00e3o forte que levou o assunto a ser o mais comentado do twitter mundial, chegando a um dos recordes hist\u00f3ricos de cita\u00e7\u00f5es. Marielle comoveu o mundo.<\/p>\n<p>Foi muito importante a solidariedade em todos n\u00edveis. A interven\u00e7\u00e3o no parlamento europeu, com Miguel Urban, de Podemos e dos anticapitalistas do Estado Espanha interrompeu com emo\u00e7\u00e3o a sess\u00e3o da \u00faltima quinta-feira.<\/p>\n<p>Houve atos nas capitais europeias como Paris, Londres, Lisboa, Berlim, Genebra. Na Am\u00e9rica Latina, na quinta e sexta, ocorreram atos em frente as embaixadas como em Buenos Aires, organizada pelo MST, FIT e organiza\u00e7\u00f5es de direitos humanos; em Santiago, organizada por brasileiros, pela coordenadora do 8M, com apoio de organiza\u00e7\u00f5es da Frente Ampla. No Peru, o Movimento Novo Peru se solidarizou e encampou uma manifesta\u00e7\u00e3o em frente a embaixada, nos arredores de Lima. Montevid\u00e9u foi organizado por setores da esquerda sindical e popular.<\/p>\n<p>Nos Estados Unidos, os protestos aconteceram em Nova York, Washington, com importantes declara\u00e7\u00f5es como a DSA(Democratic Socialist Party) e da Revista Jacobin. No Canad\u00e1, dezenas de brasileiros e canadenses se reuniram em Montreal para denunciar o assassinato de Marielle e Anderson.<\/p>\n<p>No \u00e2mbito institucional, foi aprovado uma mo\u00e7\u00e3o de justi\u00e7a por Marielle no parlamento portugu\u00eas- por iniciativa do Bloco de Esquerda; a c\u00e2mara de Buenos Aires aprovou uma resolu\u00e7\u00e3o oficial; uma carta da dire\u00e7\u00e3o de Podemos para o Europarlamento sugerindo a ruptura de rela\u00e7\u00f5es diplom\u00e1ticas e comerciais com o Mercosul at\u00e9 que o caso seja devidamente apurado e resolvido. Tamb\u00e9m a declara\u00e7\u00e3o oficial do presidente boliviano, Evo Morales, com a devida rapidez,foi expressiva.<\/p>\n<p>Chegaram ainda declara\u00e7\u00f5es de solidariedade das seguintes organiza\u00e7\u00f5es: Coordenadora Socialista Revolucion\u00e1ria do M\u00e9xico, Marea Socialista de Venezuela, Frente Ampla chilena, Sumate\/MNP\u00a0do Movimento Novo Peru, da Coordenadora Socialista Revolucionaria do M\u00e9xico, Esquerra Unida i Alternativa de Catalunha,, Unidade Popular da Gr\u00e9cia, DSA Estados Unidos, da IV Internacional.<\/p>\n<p>A solidariedade internacional com a trag\u00e9dia coloca novos problemas no horizonte da luta democr\u00e1tica no Brasil.\u00a0Al\u00e9m de recebermos de forma emocionada, o gesto de centenas de camaradas de luta do mundo todo, sabemos que isso representa um s\u00edmbolo para a luta das mulheres e da negritude em todo planeta.<br \/>\nToda forma de pressionar as autoridades e o governo brasileiro para que os crimes sejam apurados \u00e9 decisiva. \u00c9 a forma concreta de fazer justi\u00e7a por Marielle e Anderson?<\/p>\n<p>Agradecemos como Secretaria de Rela\u00e7\u00f5es Internacionais do PSOL,\u00a0 as diversas formas de manifesta\u00e7\u00e3o nessa mar\u00e9 de solidariedade, luto e luta que j\u00e1 entrou para a hist\u00f3ria como uma das maiores j\u00e1 vistas.<\/p>\n<p>Somos Todos Marielle!<\/p>\n<p><strong>Clique e leia as notas:<\/strong><\/p>\n<p><a href=\"http:\/\/www.psol50.org.br\/inc\/uploads\/2018\/03\/Argentina-NotaMarielle.pdf\" target=\"_blank\" rel=\"noopener\"><span style=\"color: #3366ff;\"><strong>Argentina<\/strong><\/span><\/a><\/p>\n<p><a href=\"http:\/\/www.psol50.org.br\/inc\/uploads\/2018\/03\/Bolivia-NotaMarielle.docx\" target=\"_blank\" rel=\"noopener\"><span style=\"color: #3366ff;\"><strong>Bol\u00edvia<\/strong><\/span><\/a><\/p>\n<p><a href=\"http:\/\/www.psol50.org.br\/inc\/uploads\/2018\/03\/Chile-NotaMarielle.pdf\" target=\"_blank\" rel=\"noopener\"><span style=\"color: #3366ff;\"><strong>Chile<\/strong><\/span><\/a><\/p>\n<p><a href=\"http:\/\/www.psol50.org.br\/inc\/uploads\/2018\/03\/Espanha-NotaMarielle.pdf\" target=\"_blank\" rel=\"noopener\"><span style=\"color: #3366ff;\"><strong>Espanha<\/strong><\/span><\/a><\/p>\n<p><a href=\"http:\/\/www.psol50.org.br\/inc\/uploads\/2018\/03\/Catalunha-NotaMarielle.pdf\" target=\"_blank\" rel=\"noopener\"><span style=\"color: #3366ff;\"><strong>Catalunha<\/strong><\/span><\/a><\/p>\n<p><span style=\"color: #3366ff;\"><strong>Venezuela<\/strong><\/span><\/p>\n<p><a href=\"http:\/\/www.psol50.org.br\/inc\/uploads\/2018\/03\/Curdista\u0303o-NotaMarielle.pdf\" target=\"_blank\" rel=\"noopener\"><span style=\"color: #3366ff;\"><strong>Curdist\u00e3o<\/strong><\/span><\/a><\/p>\n<p><a href=\"http:\/\/www.psol50.org.br\/inc\/uploads\/2018\/03\/Equador-NotaMarielle.pdf\" target=\"_blank\" rel=\"noopener\"><span style=\"color: #3366ff;\"><strong>Equador<\/strong><\/span><\/a><\/p>\n<p><a href=\"http:\/\/www.psol50.org.br\/inc\/uploads\/2018\/03\/EUA-NotaMarielle.pdf\" target=\"_blank\" rel=\"noopener\"><span style=\"color: #3366ff;\"><strong>EUA<\/strong><\/span><\/a><\/p>\n<p><a href=\"http:\/\/www.psol50.org.br\/inc\/uploads\/2018\/03\/Honduras-NotaMarielle.pdf\" target=\"_blank\" rel=\"noopener\"><span style=\"color: #3366ff;\"><strong>Honduras<\/strong><\/span><\/a><\/p>\n<p><a href=\"http:\/\/www.psol50.org.br\/inc\/uploads\/2018\/03\/Italia-NotaMarielle.pdf\" target=\"_blank\" rel=\"noopener\"><span style=\"color: #3366ff;\"><strong>It\u00e1lia<\/strong><\/span><\/a><\/p>\n<p><a href=\"http:\/\/www.psol50.org.br\/inc\/uploads\/2018\/03\/Franc\u0327a-NotaMarielle.pdf\" target=\"_blank\" rel=\"noopener\"><span style=\"color: #3366ff;\"><strong>Fran\u00e7a<\/strong><\/span><\/a><\/p>\n<p><a href=\"http:\/\/www.psol50.org.br\/inc\/uploads\/2018\/03\/Mexico-NotaMarielle.pdf\" target=\"_blank\" rel=\"noopener\"><span style=\"color: #3366ff;\"><strong>M\u00e9xico<\/strong><\/span><\/a><\/p>\n<p><a href=\"http:\/\/www.psol50.org.br\/inc\/uploads\/2018\/03\/Paquistao-NotaMarielle.pdf\" target=\"_blank\" rel=\"noopener\"><span style=\"color: #3366ff;\"><strong>Paquist\u00e3o<\/strong><\/span><\/a><\/p>\n<p><a href=\"http:\/\/www.psol50.org.br\/inc\/uploads\/2018\/03\/Peru-NotaMarielle.pdf\" target=\"_blank\" rel=\"noopener\"><span style=\"color: #3366ff;\"><strong>Peru<\/strong><\/span><\/a><\/p>\n<p><a href=\"http:\/\/www.psol50.org.br\/inc\/uploads\/2018\/03\/Portugal-NotaMarielle.pdf\" target=\"_blank\" rel=\"noopener\"><span style=\"color: #3366ff;\"><strong>Portugal<\/strong><\/span><\/a><\/p>\n","protected":false},"excerpt":{"rendered":"<p>Por Bernardo Correa e Israel Dutra, da Secretaria de Rela\u00e7\u00f5es Internacionais do PSOL A trag\u00e9dia que se abateu sobre o pa\u00eds com a covarde execu\u00e7\u00e3o da vereadora do PSOL carioca Marielle Franco e seu motorista Anderson Gomes se converteu no principal acontecimento. Ontem nas ruas do pa\u00eds, de norte a sul, mais de 300 mil [&hellip;]<\/p>\n","protected":false},"author":2,"featured_media":20285,"comment_status":"open","ping_status":"open","sticky":false,"template":"","format":"standard","meta":{"_acf_changed":false,"footnotes":""},"categories":[836,707],"tags":[1216,1454,194,2337],"class_list":{"0":"post-20260","1":"post","2":"type-post","3":"status-publish","4":"format-standard","5":"has-post-thumbnail","7":"category-internacional","8":"category-secr-ri","9":"tag-internacional","10":"tag-israel-dutra","11":"tag-marielle-franco","12":"tag-notas"},"acf":[],"yoast_head":"<!-- This site is optimized with the Yoast SEO plugin v26.5 - https:\/\/yoast.com\/wordpress\/plugins\/seo\/ -->\n<title>A solidariedade com Marielle comove o mundo - PSOL 50<\/title>\n<meta name=\"robots\" content=\"index, follow, max-snippet:-1, max-image-preview:large, max-video-preview:-1\" \/>\n<link rel=\"canonical\" href=\"https:\/\/psol50.org.br\/a-solidariedade-com-marielle-comove-o-mundo\/\" \/>\n<meta property=\"og:locale\" content=\"pt_BR\" \/>\n<meta property=\"og:type\" content=\"article\" \/>\n<meta property=\"og:title\" content=\"A solidariedade com Marielle comove o mundo - PSOL 50\" \/>\n<meta property=\"og:description\" content=\"Por Bernardo Correa e Israel Dutra, da Secretaria de Rela\u00e7\u00f5es Internacionais do PSOL A trag\u00e9dia que se abateu sobre o pa\u00eds com a covarde execu\u00e7\u00e3o da vereadora do PSOL carioca Marielle Franco e seu motorista Anderson Gomes se converteu no principal acontecimento. Ontem nas ruas do pa\u00eds, de norte a sul, mais de 300 mil [&hellip;]\" \/>\n<meta property=\"og:url\" content=\"https:\/\/psol50.org.br\/a-solidariedade-com-marielle-comove-o-mundo\/\" \/>\n<meta property=\"og:site_name\" content=\"PSOL 50\" \/>\n<meta property=\"article:publisher\" content=\"https:\/\/www.facebook.com\/psol50\" \/>\n<meta property=\"article:published_time\" content=\"2018-03-19T18:33:24+00:00\" \/>\n<meta property=\"og:image\" content=\"https:\/\/psol50.org.br\/inc\/uploads\/2018\/03\/marielle-buneos-aires-2.jpg\" \/>\n\t<meta property=\"og:image:width\" content=\"1350\" \/>\n\t<meta property=\"og:image:height\" content=\"900\" \/>\n\t<meta property=\"og:image:type\" content=\"image\/jpeg\" \/>\n<meta name=\"author\" content=\"Comunica\u00e7\u00e3o PSOL\" \/>\n<meta name=\"twitter:card\" content=\"summary_large_image\" \/>\n<meta name=\"twitter:creator\" content=\"@psol50\" \/>\n<meta name=\"twitter:site\" content=\"@psol50\" \/>\n<meta name=\"twitter:label1\" content=\"Escrito por\" \/>\n\t<meta name=\"twitter:data1\" content=\"Comunica\u00e7\u00e3o PSOL\" \/>\n\t<meta name=\"twitter:label2\" content=\"Est. tempo de leitura\" \/>\n\t<meta name=\"twitter:data2\" content=\"3 minutos\" \/>\n<script type=\"application\/ld+json\" class=\"yoast-schema-graph\">{\"@context\":\"https:\/\/schema.org\",\"@graph\":[{\"@type\":\"Article\",\"@id\":\"https:\/\/psol50.org.br\/a-solidariedade-com-marielle-comove-o-mundo\/#article\",\"isPartOf\":{\"@id\":\"https:\/\/psol50.org.br\/a-solidariedade-com-marielle-comove-o-mundo\/\"},\"author\":{\"name\":\"Comunica\u00e7\u00e3o PSOL\",\"@id\":\"https:\/\/psol50.org.br\/#\/schema\/person\/475dfa57d0b815993c714c2e96491fcd\"},\"headline\":\"A solidariedade com Marielle comove o mundo\",\"datePublished\":\"2018-03-19T18:33:24+00:00\",\"mainEntityOfPage\":{\"@id\":\"https:\/\/psol50.org.br\/a-solidariedade-com-marielle-comove-o-mundo\/\"},\"wordCount\":678,\"commentCount\":0,\"publisher\":{\"@id\":\"https:\/\/psol50.org.br\/#organization\"},\"image\":{\"@id\":\"https:\/\/psol50.org.br\/a-solidariedade-com-marielle-comove-o-mundo\/#primaryimage\"},\"thumbnailUrl\":\"https:\/\/psol50.org.br\/inc\/uploads\/2018\/03\/marielle-buneos-aires-2.jpg\",\"keywords\":[\"Internacional\",\"Israel Dutra\",\"Marielle Franco\",\"Notas\"],\"articleSection\":[\"Internacional\",\"Secr. de RI\"],\"inLanguage\":\"pt-BR\",\"potentialAction\":[{\"@type\":\"CommentAction\",\"name\":\"Comment\",\"target\":[\"https:\/\/psol50.org.br\/a-solidariedade-com-marielle-comove-o-mundo\/#respond\"]}]},{\"@type\":\"WebPage\",\"@id\":\"https:\/\/psol50.org.br\/a-solidariedade-com-marielle-comove-o-mundo\/\",\"url\":\"https:\/\/psol50.org.br\/a-solidariedade-com-marielle-comove-o-mundo\/\",\"name\":\"A solidariedade com Marielle comove o mundo - PSOL 50\",\"isPartOf\":{\"@id\":\"https:\/\/psol50.org.br\/#website\"},\"primaryImageOfPage\":{\"@id\":\"https:\/\/psol50.org.br\/a-solidariedade-com-marielle-comove-o-mundo\/#primaryimage\"},\"image\":{\"@id\":\"https:\/\/psol50.org.br\/a-solidariedade-com-marielle-comove-o-mundo\/#primaryimage\"},\"thumbnailUrl\":\"https:\/\/psol50.org.br\/inc\/uploads\/2018\/03\/marielle-buneos-aires-2.jpg\",\"datePublished\":\"2018-03-19T18:33:24+00:00\",\"breadcrumb\":{\"@id\":\"https:\/\/psol50.org.br\/a-solidariedade-com-marielle-comove-o-mundo\/#breadcrumb\"},\"inLanguage\":\"pt-BR\",\"potentialAction\":[{\"@type\":\"ReadAction\",\"target\":[\"https:\/\/psol50.org.br\/a-solidariedade-com-marielle-comove-o-mundo\/\"]}]},{\"@type\":\"ImageObject\",\"inLanguage\":\"pt-BR\",\"@id\":\"https:\/\/psol50.org.br\/a-solidariedade-com-marielle-comove-o-mundo\/#primaryimage\",\"url\":\"https:\/\/psol50.org.br\/inc\/uploads\/2018\/03\/marielle-buneos-aires-2.jpg\",\"contentUrl\":\"https:\/\/psol50.org.br\/inc\/uploads\/2018\/03\/marielle-buneos-aires-2.jpg\",\"width\":1350,\"height\":900},{\"@type\":\"BreadcrumbList\",\"@id\":\"https:\/\/psol50.org.br\/a-solidariedade-com-marielle-comove-o-mundo\/#breadcrumb\",\"itemListElement\":[{\"@type\":\"ListItem\",\"position\":1,\"name\":\"In\u00edcio\",\"item\":\"https:\/\/psol50.org.br\/\"},{\"@type\":\"ListItem\",\"position\":2,\"name\":\"A solidariedade com Marielle comove o mundo\"}]},{\"@type\":\"WebSite\",\"@id\":\"https:\/\/psol50.org.br\/#website\",\"url\":\"https:\/\/psol50.org.br\/\",\"name\":\"PSOL 50\",\"description\":\"Site oficial do Partido Socialismo e Liberdade\",\"publisher\":{\"@id\":\"https:\/\/psol50.org.br\/#organization\"},\"alternateName\":\"PSOL50\",\"potentialAction\":[{\"@type\":\"SearchAction\",\"target\":{\"@type\":\"EntryPoint\",\"urlTemplate\":\"https:\/\/psol50.org.br\/?s={search_term_string}\"},\"query-input\":{\"@type\":\"PropertyValueSpecification\",\"valueRequired\":true,\"valueName\":\"search_term_string\"}}],\"inLanguage\":\"pt-BR\"},{\"@type\":\"Organization\",\"@id\":\"https:\/\/psol50.org.br\/#organization\",\"name\":\"PSOL 50\",\"alternateName\":\"PSOL 50\",\"url\":\"https:\/\/psol50.org.br\/\",\"logo\":{\"@type\":\"ImageObject\",\"inLanguage\":\"pt-BR\",\"@id\":\"https:\/\/psol50.org.br\/#\/schema\/logo\/image\/\",\"url\":\"https:\/\/psol50.org.br\/inc\/uploads\/2018\/07\/capa.png\",\"contentUrl\":\"https:\/\/psol50.org.br\/inc\/uploads\/2018\/07\/capa.png\",\"width\":1350,\"height\":900,\"caption\":\"PSOL 50\"},\"image\":{\"@id\":\"https:\/\/psol50.org.br\/#\/schema\/logo\/image\/\"},\"sameAs\":[\"https:\/\/www.facebook.com\/psol50\",\"https:\/\/x.com\/psol50\",\"https:\/\/www.instagram.com\/psol50\/\",\"https:\/\/www.youtube.com\/channel\/UC7SnJS5o1os7a6CaiNabzcg\"]},{\"@type\":\"Person\",\"@id\":\"https:\/\/psol50.org.br\/#\/schema\/person\/475dfa57d0b815993c714c2e96491fcd\",\"name\":\"Comunica\u00e7\u00e3o PSOL\",\"image\":{\"@type\":\"ImageObject\",\"inLanguage\":\"pt-BR\",\"@id\":\"https:\/\/psol50.org.br\/#\/schema\/person\/image\/\",\"url\":\"https:\/\/secure.gravatar.com\/avatar\/b34fc4f4e468a4e51785917065a3db57b841f5c95dba6ad8c73aaf8f66f8f9bf?s=96&d=mm&r=g\",\"contentUrl\":\"https:\/\/secure.gravatar.com\/avatar\/b34fc4f4e468a4e51785917065a3db57b841f5c95dba6ad8c73aaf8f66f8f9bf?s=96&d=mm&r=g\",\"caption\":\"Comunica\u00e7\u00e3o PSOL\"}}]}<\/script>\n<!-- \/ Yoast SEO plugin. -->","yoast_head_json":{"title":"A solidariedade com Marielle comove o mundo - PSOL 50","robots":{"index":"index","follow":"follow","max-snippet":"max-snippet:-1","max-image-preview":"max-image-preview:large","max-video-preview":"max-video-preview:-1"},"canonical":"https:\/\/psol50.org.br\/a-solidariedade-com-marielle-comove-o-mundo\/","og_locale":"pt_BR","og_type":"article","og_title":"A solidariedade com Marielle comove o mundo - PSOL 50","og_description":"Por Bernardo Correa e Israel Dutra, da Secretaria de Rela\u00e7\u00f5es Internacionais do PSOL A trag\u00e9dia que se abateu sobre o pa\u00eds com a covarde execu\u00e7\u00e3o da vereadora do PSOL carioca Marielle Franco e seu motorista Anderson Gomes se converteu no principal acontecimento. Ontem nas ruas do pa\u00eds, de norte a sul, mais de 300 mil [&hellip;]","og_url":"https:\/\/psol50.org.br\/a-solidariedade-com-marielle-comove-o-mundo\/","og_site_name":"PSOL 50","article_publisher":"https:\/\/www.facebook.com\/psol50","article_published_time":"2018-03-19T18:33:24+00:00","og_image":[{"width":1350,"height":900,"url":"https:\/\/psol50.org.br\/inc\/uploads\/2018\/03\/marielle-buneos-aires-2.jpg","type":"image\/jpeg"}],"author":"Comunica\u00e7\u00e3o PSOL","twitter_card":"summary_large_image","twitter_creator":"@psol50","twitter_site":"@psol50","twitter_misc":{"Escrito por":"Comunica\u00e7\u00e3o PSOL","Est. tempo de leitura":"3 minutos"},"schema":{"@context":"https:\/\/schema.org","@graph":[{"@type":"Article","@id":"https:\/\/psol50.org.br\/a-solidariedade-com-marielle-comove-o-mundo\/#article","isPartOf":{"@id":"https:\/\/psol50.org.br\/a-solidariedade-com-marielle-comove-o-mundo\/"},"author":{"name":"Comunica\u00e7\u00e3o PSOL","@id":"https:\/\/psol50.org.br\/#\/schema\/person\/475dfa57d0b815993c714c2e96491fcd"},"headline":"A solidariedade com Marielle comove o mundo","datePublished":"2018-03-19T18:33:24+00:00","mainEntityOfPage":{"@id":"https:\/\/psol50.org.br\/a-solidariedade-com-marielle-comove-o-mundo\/"},"wordCount":678,"commentCount":0,"publisher":{"@id":"https:\/\/psol50.org.br\/#organization"},"image":{"@id":"https:\/\/psol50.org.br\/a-solidariedade-com-marielle-comove-o-mundo\/#primaryimage"},"thumbnailUrl":"https:\/\/psol50.org.br\/inc\/uploads\/2018\/03\/marielle-buneos-aires-2.jpg","keywords":["Internacional","Israel Dutra","Marielle Franco","Notas"],"articleSection":["Internacional","Secr. de RI"],"inLanguage":"pt-BR","potentialAction":[{"@type":"CommentAction","name":"Comment","target":["https:\/\/psol50.org.br\/a-solidariedade-com-marielle-comove-o-mundo\/#respond"]}]},{"@type":"WebPage","@id":"https:\/\/psol50.org.br\/a-solidariedade-com-marielle-comove-o-mundo\/","url":"https:\/\/psol50.org.br\/a-solidariedade-com-marielle-comove-o-mundo\/","name":"A solidariedade com Marielle comove o mundo - PSOL 50","isPartOf":{"@id":"https:\/\/psol50.org.br\/#website"},"primaryImageOfPage":{"@id":"https:\/\/psol50.org.br\/a-solidariedade-com-marielle-comove-o-mundo\/#primaryimage"},"image":{"@id":"https:\/\/psol50.org.br\/a-solidariedade-com-marielle-comove-o-mundo\/#primaryimage"},"thumbnailUrl":"https:\/\/psol50.org.br\/inc\/uploads\/2018\/03\/marielle-buneos-aires-2.jpg","datePublished":"2018-03-19T18:33:24+00:00","breadcrumb":{"@id":"https:\/\/psol50.org.br\/a-solidariedade-com-marielle-comove-o-mundo\/#breadcrumb"},"inLanguage":"pt-BR","potentialAction":[{"@type":"ReadAction","target":["https:\/\/psol50.org.br\/a-solidariedade-com-marielle-comove-o-mundo\/"]}]},{"@type":"ImageObject","inLanguage":"pt-BR","@id":"https:\/\/psol50.org.br\/a-solidariedade-com-marielle-comove-o-mundo\/#primaryimage","url":"https:\/\/psol50.org.br\/inc\/uploads\/2018\/03\/marielle-buneos-aires-2.jpg","contentUrl":"https:\/\/psol50.org.br\/inc\/uploads\/2018\/03\/marielle-buneos-aires-2.jpg","width":1350,"height":900},{"@type":"BreadcrumbList","@id":"https:\/\/psol50.org.br\/a-solidariedade-com-marielle-comove-o-mundo\/#breadcrumb","itemListElement":[{"@type":"ListItem","position":1,"name":"In\u00edcio","item":"https:\/\/psol50.org.br\/"},{"@type":"ListItem","position":2,"name":"A solidariedade com Marielle comove o mundo"}]},{"@type":"WebSite","@id":"https:\/\/psol50.org.br\/#website","url":"https:\/\/psol50.org.br\/","name":"PSOL 50","description":"Site oficial do Partido Socialismo e Liberdade","publisher":{"@id":"https:\/\/psol50.org.br\/#organization"},"alternateName":"PSOL50","potentialAction":[{"@type":"SearchAction","target":{"@type":"EntryPoint","urlTemplate":"https:\/\/psol50.org.br\/?s={search_term_string}"},"query-input":{"@type":"PropertyValueSpecification","valueRequired":true,"valueName":"search_term_string"}}],"inLanguage":"pt-BR"},{"@type":"Organization","@id":"https:\/\/psol50.org.br\/#organization","name":"PSOL 50","alternateName":"PSOL 50","url":"https:\/\/psol50.org.br\/","logo":{"@type":"ImageObject","inLanguage":"pt-BR","@id":"https:\/\/psol50.org.br\/#\/schema\/logo\/image\/","url":"https:\/\/psol50.org.br\/inc\/uploads\/2018\/07\/capa.png","contentUrl":"https:\/\/psol50.org.br\/inc\/uploads\/2018\/07\/capa.png","width":1350,"height":900,"caption":"PSOL 50"},"image":{"@id":"https:\/\/psol50.org.br\/#\/schema\/logo\/image\/"},"sameAs":["https:\/\/www.facebook.com\/psol50","https:\/\/x.com\/psol50","https:\/\/www.instagram.com\/psol50\/","https:\/\/www.youtube.com\/channel\/UC7SnJS5o1os7a6CaiNabzcg"]},{"@type":"Person","@id":"https:\/\/psol50.org.br\/#\/schema\/person\/475dfa57d0b815993c714c2e96491fcd","name":"Comunica\u00e7\u00e3o PSOL","image":{"@type":"ImageObject","inLanguage":"pt-BR","@id":"https:\/\/psol50.org.br\/#\/schema\/person\/image\/","url":"https:\/\/secure.gravatar.com\/avatar\/b34fc4f4e468a4e51785917065a3db57b841f5c95dba6ad8c73aaf8f66f8f9bf?s=96&d=mm&r=g","contentUrl":"https:\/\/secure.gravatar.com\/avatar\/b34fc4f4e468a4e51785917065a3db57b841f5c95dba6ad8c73aaf8f66f8f9bf?s=96&d=mm&r=g","caption":"Comunica\u00e7\u00e3o PSOL"}}]}},"_links":{"self":[{"href":"https:\/\/psol50.org.br\/rest\/wp\/v2\/posts\/20260","targetHints":{"allow":["GET"]}}],"collection":[{"href":"https:\/\/psol50.org.br\/rest\/wp\/v2\/posts"}],"about":[{"href":"https:\/\/psol50.org.br\/rest\/wp\/v2\/types\/post"}],"author":[{"embeddable":true,"href":"https:\/\/psol50.org.br\/rest\/wp\/v2\/users\/2"}],"replies":[{"embeddable":true,"href":"https:\/\/psol50.org.br\/rest\/wp\/v2\/comments?post=20260"}],"version-history":[{"count":0,"href":"https:\/\/psol50.org.br\/rest\/wp\/v2\/posts\/20260\/revisions"}],"wp:featuredmedia":[{"embeddable":true,"href":"https:\/\/psol50.org.br\/rest\/wp\/v2\/media\/20285"}],"wp:attachment":[{"href":"https:\/\/psol50.org.br\/rest\/wp\/v2\/media?parent=20260"}],"wp:term":[{"taxonomy":"category","embeddable":true,"href":"https:\/\/psol50.org.br\/rest\/wp\/v2\/categories?post=20260"},{"taxonomy":"post_tag","embeddable":true,"href":"https:\/\/psol50.org.br\/rest\/wp\/v2\/tags?post=20260"}],"curies":[{"name":"wp","href":"https:\/\/api.w.org\/{rel}","templated":true}]}}