{"id":20280,"date":"2018-03-19T15:28:20","date_gmt":"2018-03-19T18:28:20","guid":{"rendered":"http:\/\/www.psol50.org.br\/?p=20280"},"modified":"2018-03-19T15:28:20","modified_gmt":"2018-03-19T18:28:20","slug":"amauri-soares-a-municao-que-matou-marielle","status":"publish","type":"post","link":"https:\/\/psol50.org.br\/amauri-soares-a-municao-que-matou-marielle\/","title":{"rendered":"Amauri Soares | A muni\u00e7\u00e3o que matou Marielle"},"content":{"rendered":"<p>Evidente que seria mais prudente ficar calado, fingindo n\u00e3o ter nada a dizer. Mas tenho! E n\u00e3o me calo porque a ingom\u00ednia precisa ter limites. Dizer que Marielle foi morta porque tinha envolvimento com bandidos \u00e9 inverter os fatos em favor dos assassinos de Marielle e Anderson. Mesmo que ela tivesse envolvimento com bandidos (e nada sequer evidencia esta tese), a obriga\u00e7\u00e3o das institui\u00e7\u00f5es de seguran\u00e7a e de seus agentes (desembargadora, coronel ou policial) seria evitar que esse tipo de crime acontecesse. Acontece aos milhares todos os anos, \u00e9 verdade, e isso n\u00e3o diminui a gravidade da morte de Marielle e Anderson, e sim torna o fato ainda mais grave.<\/p>\n<p>Raciocinar diferente significa estar do outro lado dos princ\u00edpios legais que d\u00e3o suporte \u00e0 exist\u00eancia das institui\u00e7\u00f5es de seguran\u00e7a. Falando mais claro: policial ou qualquer autoridade que banaliza a morte de Marielle como &#8220;comum&#8221; precisa urgentemente passar por reciclagem, e ser afastado das fun\u00e7\u00f5es, pois seu racioc\u00ednio visa perdoar o imperdo\u00e1vel, e trabalha em oposi\u00e7\u00e3o aos objetivos legais das institui\u00e7\u00f5es p\u00fablicas.<\/p>\n<p>Sou policial militar a reserva (aposentado) e come\u00e7o dizendo quem sou para ficar claro que minha opini\u00e3o tem base na experi\u00eancia que tive como policial militar. Ao inv\u00e9s de se dizer &#8220;Marielle foi morta porque tinha envolvimento com bandidos&#8221;, seria muito mais correto dizer &#8220;Marielle foi morta porque um policial bandido vendeu muni\u00e7\u00e3o para outros bandidos, sejam eles quem forem&#8221;. Na segunda afirma\u00e7\u00e3o, se pode encontrar dados materiais que comprovam a tese.<\/p>\n<p>Mas n\u00e3o foi apenas &#8220;um&#8221; policial bandido que vendeu muni\u00e7\u00e3o para outros bandidos. Quase dois milh\u00f5es de muni\u00e7\u00f5es, ou mesmo 10% delas, n\u00e3o podem ser desviadas por apenas &#8220;um&#8221; policial. Est\u00e1 comprovado que as muni\u00e7\u00f5es usadas no assassinato brutal de Marielle e Anderson e foram usadas j\u00e1 em outros diversos crimes (n\u00e3o menos brutais), foram vendidos em 2006 para a Pol\u00edcia Federal. Escapou ao controle justo das reservas da Pol\u00edcia Federal, que junto com o Ex\u00e9rcito tem a obriga\u00e7\u00e3o de controlar a fabrica\u00e7\u00e3o, a comercializa\u00e7\u00e3o e a distribui\u00e7\u00e3o de todas as armas e muni\u00e7\u00f5es que existem ou venham a existir no Brasil?<\/p>\n<p>Como dizia, &#8220;um&#8221; policial n\u00e3o pode desviar sozinho tantas muni\u00e7\u00f5es. Falo porque trabalhei com isso. Tem um conjunto de procedimentos exigidos para se movimentar ou usar muni\u00e7\u00f5es, mesmo que para instru\u00e7\u00e3o, e sua posterior descarga (devolu\u00e7\u00e3o das c\u00e1psulas vazias ao local de origem). Agora aparece o atualmente mais badalado ministro a falar que parte das muni\u00e7\u00f5es foram desviadas de dentro dos Correios? Muni\u00e7\u00f5es transportadas pelos Correios? Quem autorizou isso \u00e9 co-respons\u00e1vel por todas as mortes que tais muni\u00e7\u00f5es causaram! E \u00e9 bom esclarecer: a Empresa de Correios de Tel\u00e9grafos (ECT) n\u00e3o tem nada com isso, pois n\u00e3o existe para garantir seguran\u00e7a de armas e muni\u00e7\u00f5es, pois esta \u00e9 uma responsabilidade da Pol\u00edcia Federal e do Ex\u00e9rcito. Se \u00e9 responsabilidade do Ex\u00e9rcito e da Pol\u00edcia Federal \u00e9 justamente porque requer forte prote\u00e7\u00e3o. Como, ent\u00e3o, algu\u00e9m solta por a\u00ed, num caminh\u00e3o de correio, sem nenhuma seguran\u00e7a?<\/p>\n<p>O fato \u00e9 que j\u00e1 se tem informa\u00e7\u00e3o mais que suficiente para comprovar que o Estado, justamente pela sua mais valorizada institui\u00e7\u00e3o de seguran\u00e7a, a famosa PF, \u00e9 respons\u00e1vel por ter deixado ir parar em m\u00e3os erradas as muni\u00e7\u00f5es calibre 9 mil\u00edmetros que mataram Marielle, Anderson e pelo menos mais duas dezenas de pessoas.<\/p>\n<p>As institui\u00e7\u00f5es que n\u00e3o cumprem sua obriga\u00e7\u00e3o legal de controlar armas e artefatos letais que s\u00e3o usados para massacrar e oprimir o povo pobre, agora apontam canh\u00f5es para a cabe\u00e7a do povo pobre, e querem convencer que fazem isso pela seguran\u00e7a p\u00fablica! Fariam muito pela seguran\u00e7a p\u00fablica se n\u00e3o deixassem milh\u00f5es de muni\u00e7\u00f5es (e milhares de armas) serem desviadas de suas pr\u00f3prias reservas ou controle para as m\u00e3os de bandidos, sejam eles quem forem.<\/p>\n<p>Fariam certo se renunciassem a seus cargos e fun\u00e7\u00f5es e dessem, pela primeira vez no Brasil, o poder ao povo.<\/p>\n","protected":false},"excerpt":{"rendered":"<p>Evidente que seria mais prudente ficar calado, fingindo n\u00e3o ter nada a dizer. Mas tenho! E n\u00e3o me calo porque a ingom\u00ednia precisa ter limites. Dizer que Marielle foi morta porque tinha envolvimento com bandidos \u00e9 inverter os fatos em favor dos assassinos de Marielle e Anderson. Mesmo que ela tivesse envolvimento com bandidos (e [&hellip;]<\/p>\n","protected":false},"author":2,"featured_media":20201,"comment_status":"open","ping_status":"open","sticky":false,"template":"","format":"standard","meta":{"_acf_changed":false,"footnotes":""},"categories":[3],"tags":[107],"class_list":{"0":"post-20280","1":"post","2":"type-post","3":"status-publish","4":"format-standard","5":"has-post-thumbnail","7":"category-artigos-e-entrevistas","8":"tag-marielle"},"acf":[],"yoast_head":"<!-- This site is optimized with the Yoast SEO plugin v26.5 - https:\/\/yoast.com\/wordpress\/plugins\/seo\/ -->\n<title>Amauri Soares | A muni\u00e7\u00e3o que matou Marielle - PSOL 50<\/title>\n<meta name=\"robots\" content=\"index, follow, max-snippet:-1, max-image-preview:large, max-video-preview:-1\" \/>\n<link rel=\"canonical\" href=\"https:\/\/psol50.org.br\/amauri-soares-a-municao-que-matou-marielle\/\" \/>\n<meta property=\"og:locale\" content=\"pt_BR\" \/>\n<meta property=\"og:type\" content=\"article\" \/>\n<meta property=\"og:title\" content=\"Amauri Soares | A muni\u00e7\u00e3o que matou Marielle - PSOL 50\" \/>\n<meta property=\"og:description\" content=\"Evidente que seria mais prudente ficar calado, fingindo n\u00e3o ter nada a dizer. Mas tenho! E n\u00e3o me calo porque a ingom\u00ednia precisa ter limites. Dizer que Marielle foi morta porque tinha envolvimento com bandidos \u00e9 inverter os fatos em favor dos assassinos de Marielle e Anderson. Mesmo que ela tivesse envolvimento com bandidos (e [&hellip;]\" \/>\n<meta property=\"og:url\" content=\"https:\/\/psol50.org.br\/amauri-soares-a-municao-que-matou-marielle\/\" \/>\n<meta property=\"og:site_name\" content=\"PSOL 50\" \/>\n<meta property=\"article:publisher\" content=\"https:\/\/www.facebook.com\/psol50\" \/>\n<meta property=\"article:published_time\" content=\"2018-03-19T18:28:20+00:00\" \/>\n<meta property=\"og:image\" content=\"https:\/\/psol50.org.br\/inc\/uploads\/2018\/03\/MarielleFranco.MidiaNinja.jpg\" \/>\n\t<meta property=\"og:image:width\" content=\"1800\" \/>\n\t<meta property=\"og:image:height\" content=\"1200\" \/>\n\t<meta property=\"og:image:type\" content=\"image\/jpeg\" \/>\n<meta name=\"author\" content=\"Comunica\u00e7\u00e3o PSOL\" \/>\n<meta name=\"twitter:card\" content=\"summary_large_image\" \/>\n<meta name=\"twitter:creator\" content=\"@psol50\" \/>\n<meta name=\"twitter:site\" content=\"@psol50\" \/>\n<meta name=\"twitter:label1\" content=\"Escrito por\" \/>\n\t<meta name=\"twitter:data1\" content=\"Comunica\u00e7\u00e3o PSOL\" \/>\n\t<meta name=\"twitter:label2\" content=\"Est. tempo de leitura\" \/>\n\t<meta name=\"twitter:data2\" content=\"4 minutos\" \/>\n<script type=\"application\/ld+json\" class=\"yoast-schema-graph\">{\"@context\":\"https:\/\/schema.org\",\"@graph\":[{\"@type\":\"Article\",\"@id\":\"https:\/\/psol50.org.br\/amauri-soares-a-municao-que-matou-marielle\/#article\",\"isPartOf\":{\"@id\":\"https:\/\/psol50.org.br\/amauri-soares-a-municao-que-matou-marielle\/\"},\"author\":{\"name\":\"Comunica\u00e7\u00e3o PSOL\",\"@id\":\"https:\/\/psol50.org.br\/#\/schema\/person\/475dfa57d0b815993c714c2e96491fcd\"},\"headline\":\"Amauri Soares | A muni\u00e7\u00e3o que matou Marielle\",\"datePublished\":\"2018-03-19T18:28:20+00:00\",\"mainEntityOfPage\":{\"@id\":\"https:\/\/psol50.org.br\/amauri-soares-a-municao-que-matou-marielle\/\"},\"wordCount\":718,\"commentCount\":0,\"publisher\":{\"@id\":\"https:\/\/psol50.org.br\/#organization\"},\"image\":{\"@id\":\"https:\/\/psol50.org.br\/amauri-soares-a-municao-que-matou-marielle\/#primaryimage\"},\"thumbnailUrl\":\"https:\/\/psol50.org.br\/inc\/uploads\/2018\/03\/MarielleFranco.MidiaNinja.jpg\",\"keywords\":[\"Marielle\"],\"articleSection\":[\"Artigos\"],\"inLanguage\":\"pt-BR\",\"potentialAction\":[{\"@type\":\"CommentAction\",\"name\":\"Comment\",\"target\":[\"https:\/\/psol50.org.br\/amauri-soares-a-municao-que-matou-marielle\/#respond\"]}]},{\"@type\":\"WebPage\",\"@id\":\"https:\/\/psol50.org.br\/amauri-soares-a-municao-que-matou-marielle\/\",\"url\":\"https:\/\/psol50.org.br\/amauri-soares-a-municao-que-matou-marielle\/\",\"name\":\"Amauri Soares | A muni\u00e7\u00e3o que matou Marielle - PSOL 50\",\"isPartOf\":{\"@id\":\"https:\/\/psol50.org.br\/#website\"},\"primaryImageOfPage\":{\"@id\":\"https:\/\/psol50.org.br\/amauri-soares-a-municao-que-matou-marielle\/#primaryimage\"},\"image\":{\"@id\":\"https:\/\/psol50.org.br\/amauri-soares-a-municao-que-matou-marielle\/#primaryimage\"},\"thumbnailUrl\":\"https:\/\/psol50.org.br\/inc\/uploads\/2018\/03\/MarielleFranco.MidiaNinja.jpg\",\"datePublished\":\"2018-03-19T18:28:20+00:00\",\"breadcrumb\":{\"@id\":\"https:\/\/psol50.org.br\/amauri-soares-a-municao-que-matou-marielle\/#breadcrumb\"},\"inLanguage\":\"pt-BR\",\"potentialAction\":[{\"@type\":\"ReadAction\",\"target\":[\"https:\/\/psol50.org.br\/amauri-soares-a-municao-que-matou-marielle\/\"]}]},{\"@type\":\"ImageObject\",\"inLanguage\":\"pt-BR\",\"@id\":\"https:\/\/psol50.org.br\/amauri-soares-a-municao-que-matou-marielle\/#primaryimage\",\"url\":\"https:\/\/psol50.org.br\/inc\/uploads\/2018\/03\/MarielleFranco.MidiaNinja.jpg\",\"contentUrl\":\"https:\/\/psol50.org.br\/inc\/uploads\/2018\/03\/MarielleFranco.MidiaNinja.jpg\",\"width\":1800,\"height\":1200},{\"@type\":\"BreadcrumbList\",\"@id\":\"https:\/\/psol50.org.br\/amauri-soares-a-municao-que-matou-marielle\/#breadcrumb\",\"itemListElement\":[{\"@type\":\"ListItem\",\"position\":1,\"name\":\"In\u00edcio\",\"item\":\"https:\/\/psol50.org.br\/\"},{\"@type\":\"ListItem\",\"position\":2,\"name\":\"Amauri Soares | A muni\u00e7\u00e3o que matou Marielle\"}]},{\"@type\":\"WebSite\",\"@id\":\"https:\/\/psol50.org.br\/#website\",\"url\":\"https:\/\/psol50.org.br\/\",\"name\":\"PSOL 50\",\"description\":\"Site oficial do Partido Socialismo e Liberdade\",\"publisher\":{\"@id\":\"https:\/\/psol50.org.br\/#organization\"},\"alternateName\":\"PSOL50\",\"potentialAction\":[{\"@type\":\"SearchAction\",\"target\":{\"@type\":\"EntryPoint\",\"urlTemplate\":\"https:\/\/psol50.org.br\/?s={search_term_string}\"},\"query-input\":{\"@type\":\"PropertyValueSpecification\",\"valueRequired\":true,\"valueName\":\"search_term_string\"}}],\"inLanguage\":\"pt-BR\"},{\"@type\":\"Organization\",\"@id\":\"https:\/\/psol50.org.br\/#organization\",\"name\":\"PSOL 50\",\"alternateName\":\"PSOL 50\",\"url\":\"https:\/\/psol50.org.br\/\",\"logo\":{\"@type\":\"ImageObject\",\"inLanguage\":\"pt-BR\",\"@id\":\"https:\/\/psol50.org.br\/#\/schema\/logo\/image\/\",\"url\":\"https:\/\/psol50.org.br\/inc\/uploads\/2018\/07\/capa.png\",\"contentUrl\":\"https:\/\/psol50.org.br\/inc\/uploads\/2018\/07\/capa.png\",\"width\":1350,\"height\":900,\"caption\":\"PSOL 50\"},\"image\":{\"@id\":\"https:\/\/psol50.org.br\/#\/schema\/logo\/image\/\"},\"sameAs\":[\"https:\/\/www.facebook.com\/psol50\",\"https:\/\/x.com\/psol50\",\"https:\/\/www.instagram.com\/psol50\/\",\"https:\/\/www.youtube.com\/channel\/UC7SnJS5o1os7a6CaiNabzcg\"]},{\"@type\":\"Person\",\"@id\":\"https:\/\/psol50.org.br\/#\/schema\/person\/475dfa57d0b815993c714c2e96491fcd\",\"name\":\"Comunica\u00e7\u00e3o PSOL\",\"image\":{\"@type\":\"ImageObject\",\"inLanguage\":\"pt-BR\",\"@id\":\"https:\/\/psol50.org.br\/#\/schema\/person\/image\/\",\"url\":\"https:\/\/secure.gravatar.com\/avatar\/b34fc4f4e468a4e51785917065a3db57b841f5c95dba6ad8c73aaf8f66f8f9bf?s=96&d=mm&r=g\",\"contentUrl\":\"https:\/\/secure.gravatar.com\/avatar\/b34fc4f4e468a4e51785917065a3db57b841f5c95dba6ad8c73aaf8f66f8f9bf?s=96&d=mm&r=g\",\"caption\":\"Comunica\u00e7\u00e3o PSOL\"}}]}<\/script>\n<!-- \/ Yoast SEO plugin. -->","yoast_head_json":{"title":"Amauri Soares | A muni\u00e7\u00e3o que matou Marielle - PSOL 50","robots":{"index":"index","follow":"follow","max-snippet":"max-snippet:-1","max-image-preview":"max-image-preview:large","max-video-preview":"max-video-preview:-1"},"canonical":"https:\/\/psol50.org.br\/amauri-soares-a-municao-que-matou-marielle\/","og_locale":"pt_BR","og_type":"article","og_title":"Amauri Soares | A muni\u00e7\u00e3o que matou Marielle - PSOL 50","og_description":"Evidente que seria mais prudente ficar calado, fingindo n\u00e3o ter nada a dizer. Mas tenho! E n\u00e3o me calo porque a ingom\u00ednia precisa ter limites. Dizer que Marielle foi morta porque tinha envolvimento com bandidos \u00e9 inverter os fatos em favor dos assassinos de Marielle e Anderson. Mesmo que ela tivesse envolvimento com bandidos (e [&hellip;]","og_url":"https:\/\/psol50.org.br\/amauri-soares-a-municao-que-matou-marielle\/","og_site_name":"PSOL 50","article_publisher":"https:\/\/www.facebook.com\/psol50","article_published_time":"2018-03-19T18:28:20+00:00","og_image":[{"width":1800,"height":1200,"url":"https:\/\/psol50.org.br\/inc\/uploads\/2018\/03\/MarielleFranco.MidiaNinja.jpg","type":"image\/jpeg"}],"author":"Comunica\u00e7\u00e3o PSOL","twitter_card":"summary_large_image","twitter_creator":"@psol50","twitter_site":"@psol50","twitter_misc":{"Escrito por":"Comunica\u00e7\u00e3o PSOL","Est. tempo de leitura":"4 minutos"},"schema":{"@context":"https:\/\/schema.org","@graph":[{"@type":"Article","@id":"https:\/\/psol50.org.br\/amauri-soares-a-municao-que-matou-marielle\/#article","isPartOf":{"@id":"https:\/\/psol50.org.br\/amauri-soares-a-municao-que-matou-marielle\/"},"author":{"name":"Comunica\u00e7\u00e3o PSOL","@id":"https:\/\/psol50.org.br\/#\/schema\/person\/475dfa57d0b815993c714c2e96491fcd"},"headline":"Amauri Soares | A muni\u00e7\u00e3o que matou Marielle","datePublished":"2018-03-19T18:28:20+00:00","mainEntityOfPage":{"@id":"https:\/\/psol50.org.br\/amauri-soares-a-municao-que-matou-marielle\/"},"wordCount":718,"commentCount":0,"publisher":{"@id":"https:\/\/psol50.org.br\/#organization"},"image":{"@id":"https:\/\/psol50.org.br\/amauri-soares-a-municao-que-matou-marielle\/#primaryimage"},"thumbnailUrl":"https:\/\/psol50.org.br\/inc\/uploads\/2018\/03\/MarielleFranco.MidiaNinja.jpg","keywords":["Marielle"],"articleSection":["Artigos"],"inLanguage":"pt-BR","potentialAction":[{"@type":"CommentAction","name":"Comment","target":["https:\/\/psol50.org.br\/amauri-soares-a-municao-que-matou-marielle\/#respond"]}]},{"@type":"WebPage","@id":"https:\/\/psol50.org.br\/amauri-soares-a-municao-que-matou-marielle\/","url":"https:\/\/psol50.org.br\/amauri-soares-a-municao-que-matou-marielle\/","name":"Amauri Soares | A muni\u00e7\u00e3o que matou Marielle - PSOL 50","isPartOf":{"@id":"https:\/\/psol50.org.br\/#website"},"primaryImageOfPage":{"@id":"https:\/\/psol50.org.br\/amauri-soares-a-municao-que-matou-marielle\/#primaryimage"},"image":{"@id":"https:\/\/psol50.org.br\/amauri-soares-a-municao-que-matou-marielle\/#primaryimage"},"thumbnailUrl":"https:\/\/psol50.org.br\/inc\/uploads\/2018\/03\/MarielleFranco.MidiaNinja.jpg","datePublished":"2018-03-19T18:28:20+00:00","breadcrumb":{"@id":"https:\/\/psol50.org.br\/amauri-soares-a-municao-que-matou-marielle\/#breadcrumb"},"inLanguage":"pt-BR","potentialAction":[{"@type":"ReadAction","target":["https:\/\/psol50.org.br\/amauri-soares-a-municao-que-matou-marielle\/"]}]},{"@type":"ImageObject","inLanguage":"pt-BR","@id":"https:\/\/psol50.org.br\/amauri-soares-a-municao-que-matou-marielle\/#primaryimage","url":"https:\/\/psol50.org.br\/inc\/uploads\/2018\/03\/MarielleFranco.MidiaNinja.jpg","contentUrl":"https:\/\/psol50.org.br\/inc\/uploads\/2018\/03\/MarielleFranco.MidiaNinja.jpg","width":1800,"height":1200},{"@type":"BreadcrumbList","@id":"https:\/\/psol50.org.br\/amauri-soares-a-municao-que-matou-marielle\/#breadcrumb","itemListElement":[{"@type":"ListItem","position":1,"name":"In\u00edcio","item":"https:\/\/psol50.org.br\/"},{"@type":"ListItem","position":2,"name":"Amauri Soares | A muni\u00e7\u00e3o que matou Marielle"}]},{"@type":"WebSite","@id":"https:\/\/psol50.org.br\/#website","url":"https:\/\/psol50.org.br\/","name":"PSOL 50","description":"Site oficial do Partido Socialismo e Liberdade","publisher":{"@id":"https:\/\/psol50.org.br\/#organization"},"alternateName":"PSOL50","potentialAction":[{"@type":"SearchAction","target":{"@type":"EntryPoint","urlTemplate":"https:\/\/psol50.org.br\/?s={search_term_string}"},"query-input":{"@type":"PropertyValueSpecification","valueRequired":true,"valueName":"search_term_string"}}],"inLanguage":"pt-BR"},{"@type":"Organization","@id":"https:\/\/psol50.org.br\/#organization","name":"PSOL 50","alternateName":"PSOL 50","url":"https:\/\/psol50.org.br\/","logo":{"@type":"ImageObject","inLanguage":"pt-BR","@id":"https:\/\/psol50.org.br\/#\/schema\/logo\/image\/","url":"https:\/\/psol50.org.br\/inc\/uploads\/2018\/07\/capa.png","contentUrl":"https:\/\/psol50.org.br\/inc\/uploads\/2018\/07\/capa.png","width":1350,"height":900,"caption":"PSOL 50"},"image":{"@id":"https:\/\/psol50.org.br\/#\/schema\/logo\/image\/"},"sameAs":["https:\/\/www.facebook.com\/psol50","https:\/\/x.com\/psol50","https:\/\/www.instagram.com\/psol50\/","https:\/\/www.youtube.com\/channel\/UC7SnJS5o1os7a6CaiNabzcg"]},{"@type":"Person","@id":"https:\/\/psol50.org.br\/#\/schema\/person\/475dfa57d0b815993c714c2e96491fcd","name":"Comunica\u00e7\u00e3o PSOL","image":{"@type":"ImageObject","inLanguage":"pt-BR","@id":"https:\/\/psol50.org.br\/#\/schema\/person\/image\/","url":"https:\/\/secure.gravatar.com\/avatar\/b34fc4f4e468a4e51785917065a3db57b841f5c95dba6ad8c73aaf8f66f8f9bf?s=96&d=mm&r=g","contentUrl":"https:\/\/secure.gravatar.com\/avatar\/b34fc4f4e468a4e51785917065a3db57b841f5c95dba6ad8c73aaf8f66f8f9bf?s=96&d=mm&r=g","caption":"Comunica\u00e7\u00e3o PSOL"}}]}},"_links":{"self":[{"href":"https:\/\/psol50.org.br\/rest\/wp\/v2\/posts\/20280","targetHints":{"allow":["GET"]}}],"collection":[{"href":"https:\/\/psol50.org.br\/rest\/wp\/v2\/posts"}],"about":[{"href":"https:\/\/psol50.org.br\/rest\/wp\/v2\/types\/post"}],"author":[{"embeddable":true,"href":"https:\/\/psol50.org.br\/rest\/wp\/v2\/users\/2"}],"replies":[{"embeddable":true,"href":"https:\/\/psol50.org.br\/rest\/wp\/v2\/comments?post=20280"}],"version-history":[{"count":0,"href":"https:\/\/psol50.org.br\/rest\/wp\/v2\/posts\/20280\/revisions"}],"wp:featuredmedia":[{"embeddable":true,"href":"https:\/\/psol50.org.br\/rest\/wp\/v2\/media\/20201"}],"wp:attachment":[{"href":"https:\/\/psol50.org.br\/rest\/wp\/v2\/media?parent=20280"}],"wp:term":[{"taxonomy":"category","embeddable":true,"href":"https:\/\/psol50.org.br\/rest\/wp\/v2\/categories?post=20280"},{"taxonomy":"post_tag","embeddable":true,"href":"https:\/\/psol50.org.br\/rest\/wp\/v2\/tags?post=20280"}],"curies":[{"name":"wp","href":"https:\/\/api.w.org\/{rel}","templated":true}]}}