{"id":20282,"date":"2018-03-19T15:34:37","date_gmt":"2018-03-19T18:34:37","guid":{"rendered":"http:\/\/www.psol50.org.br\/?p=20282"},"modified":"2018-03-19T15:34:37","modified_gmt":"2018-03-19T18:34:37","slug":"joana-mortagua-quem-matou-marielle-franco","status":"publish","type":"post","link":"https:\/\/psol50.org.br\/joana-mortagua-quem-matou-marielle-franco\/","title":{"rendered":"Joana Mort\u00e1gua | Quem matou Marielle Franco?"},"content":{"rendered":"<p>Todos os dias passam por n\u00f3s mortes sem explica\u00e7\u00e3o. Algumas porque os seus motivos s\u00e3o indecifr\u00e1veis, outras porque as pessoas nos s\u00e3o t\u00e3o alheias, e a dist\u00e2ncia \u00e9 tanta, que nem nos conseguem perturbar. N\u00e3o h\u00e1 nada no fim daquelas vidas que nos fa\u00e7a procurar uma raz\u00e3o. Morre gente enquanto mudamos de canal sem sequer nos perguntarmos porqu\u00ea.<\/p>\n<p>Esta n\u00e3o. Esta foi uma pancada seca, certeira. A noite passada mataram uma mulher. Quatro tiros na cabe\u00e7a. N\u00e3o, a noite passada executaram uma mulher. A sua morte rasga-nos por dentro e sabemos exatamente porqu\u00ea. Porque no fundo, ao ler a not\u00edcia, todos sentimos o que escreveu <a href=\"https:\/\/24.sapo.pt\/opiniao\/artigos\/esta-mulher-executada-no-rio-de-janeiro-ocupado-por-militares-ha-um-mes\">Alexandra Lucas Coelho<\/a>: \u201co pa\u00eds onde esta mulher voltar\u00e1 a pisar ainda n\u00e3o existe. E sem o ainda estamos todos mortos\u201d.<\/p>\n<p>Marielle Franco representa tudo o que nos faz acreditar que um dia venceremos todos os monstros. Mulher, negra, feminista e ativista pelos Direitos Humanos num pa\u00eds onde, pelos vistos, isso \u00e9 cada vez mais uma senten\u00e7a de morte. Marielle foi v\u00edtima de uma guerra. N\u00e3o daquela que o Governo de Michel Temer diz que est\u00e1 a fazer contra a criminalidade, mas da que existe. Marielle morreu \u00e0s m\u00e3os da guerra contra democracia no Brasil.<\/p>\n<p>\u201cMais um homic\u00eddio de um jovem que pode estar entrando para a conta da PM (Pol\u00edcia Militar). Matheus Melo estava saindo da igreja. Quantos mais v\u00e3o precisar morrer para que essa guerra acabe?\u201d, foi uma das suas \u00faltimas publica\u00e7\u00f5es no Twitter. A morte feita ironia, como uma facada, resolve quem contesta.<\/p>\n<p>Vereadora do Partido Socialismo e Liberdade (PSOL) no Rio de Janeiro, trincheira da favela contra os abusos da Pol\u00edcia Militar porque a pobreza n\u00e3o \u00e9 crime e ser negro n\u00e3o \u00e9 cadastro. Marielle, favelada, de ax\u00e9, cria de Mar\u00e9, como se definia, 38 anos, morreu na noite passada por lutar por tudo em que acreditava. N\u00e3o, foi executada na noite passada por ser tudo o que foi. E \u00e9 por isso que a sua morte nos sabe a derrota.<\/p>\n<p>\u201cChove horrores e chorei por uma mulher que nunca conheci\u201d, n\u00e3o fui capaz de dizer mais nada. E eu nem sou dada a estas coisas, mas sei o que a sua morte significa. Saber o porqu\u00ea \u00e9 a ang\u00fastia maior, e talvez por isso \u00e0s vezes passem tantas mortes por n\u00f3s sem que queiramos saber a raz\u00e3o. S\u00f3 que esta entra-nos pelos olhos adentro.<\/p>\n<p>Num pa\u00eds governado por golpistas, onde o fascista Jair Bolsonaro \u00e9 o candidato presidencial mais bem posicionado, caso consigam prender Lula da Silva a tempo das elei\u00e7\u00f5es; onde os tribunais querem fazer pol\u00edtica e a maioria dos pol\u00edticos quer fugir \u00e0 justi\u00e7a; onde os crimes de \u00f3dio aumentam \u00e0 propor\u00e7\u00e3o das medidas anti-sociais do Governo; onde a viol\u00eancia nas favelas p\u00f5e militares a matar pobres em nome da \u201cseguran\u00e7a\u201d, n\u00e3o do povo, que esse vive pior, mas da impunidade das elites. Neste pa\u00eds, morreu uma mulher por ser quem era.<\/p>\n<p>Neste Brasil, estamos todas mortas. As mulheres, os negros, os pobres, os gays, os trans, os \u00edndios, os sem terra, os sem teto, os sem mais nada do que a dignidade de ficar do lado certo. Sem mais nada do que a dignidade de exigir justi\u00e7a para Marielle Franco, mulher executada, negra, favelada. \u00c9 em nome da democracia que temos de nos juntar a este coro que clama por justi\u00e7a. No Brasil, sim, e na Europa, onde o ch\u00e3o da democracia j\u00e1 come\u00e7ou a tremer.<\/p>\n<p>A \u00faltima frase deste texto est\u00e1 escrita desde o in\u00edcio: para ganhar, temos de vencer tamb\u00e9m esta morte.<\/p>\n<p><em>*este texto foi escrito no dia seguinte \u00e0 morte de Marielle Franco, 15 de mar\u00e7o de 2018.<\/em><\/p>\n","protected":false},"excerpt":{"rendered":"<p>Todos os dias passam por n\u00f3s mortes sem explica\u00e7\u00e3o. Algumas porque os seus motivos s\u00e3o indecifr\u00e1veis, outras porque as pessoas nos s\u00e3o t\u00e3o alheias, e a dist\u00e2ncia \u00e9 tanta, que nem nos conseguem perturbar. N\u00e3o h\u00e1 nada no fim daquelas vidas que nos fa\u00e7a procurar uma raz\u00e3o. Morre gente enquanto mudamos de canal sem sequer [&hellip;]<\/p>\n","protected":false},"author":2,"featured_media":20287,"comment_status":"open","ping_status":"open","sticky":false,"template":"","format":"standard","meta":{"_acf_changed":false,"footnotes":""},"categories":[3],"tags":[515,107,491],"class_list":{"0":"post-20282","1":"post","2":"type-post","3":"status-publish","4":"format-standard","5":"has-post-thumbnail","7":"category-artigos-e-entrevistas","8":"tag-bloco-de-esquerda","9":"tag-marielle","10":"tag-portugal"},"acf":[],"yoast_head":"<!-- This site is optimized with the Yoast SEO plugin v26.5 - https:\/\/yoast.com\/wordpress\/plugins\/seo\/ -->\n<title>Joana Mort\u00e1gua | Quem matou Marielle Franco? - PSOL 50<\/title>\n<meta name=\"robots\" content=\"index, follow, max-snippet:-1, max-image-preview:large, max-video-preview:-1\" \/>\n<link rel=\"canonical\" href=\"https:\/\/psol50.org.br\/joana-mortagua-quem-matou-marielle-franco\/\" \/>\n<meta property=\"og:locale\" content=\"pt_BR\" \/>\n<meta property=\"og:type\" content=\"article\" \/>\n<meta property=\"og:title\" content=\"Joana Mort\u00e1gua | Quem matou Marielle Franco? - PSOL 50\" \/>\n<meta property=\"og:description\" content=\"Todos os dias passam por n\u00f3s mortes sem explica\u00e7\u00e3o. Algumas porque os seus motivos s\u00e3o indecifr\u00e1veis, outras porque as pessoas nos s\u00e3o t\u00e3o alheias, e a dist\u00e2ncia \u00e9 tanta, que nem nos conseguem perturbar. N\u00e3o h\u00e1 nada no fim daquelas vidas que nos fa\u00e7a procurar uma raz\u00e3o. Morre gente enquanto mudamos de canal sem sequer [&hellip;]\" \/>\n<meta property=\"og:url\" content=\"https:\/\/psol50.org.br\/joana-mortagua-quem-matou-marielle-franco\/\" \/>\n<meta property=\"og:site_name\" content=\"PSOL 50\" \/>\n<meta property=\"article:publisher\" content=\"https:\/\/www.facebook.com\/psol50\" \/>\n<meta property=\"article:published_time\" content=\"2018-03-19T18:34:37+00:00\" \/>\n<meta property=\"og:image\" content=\"https:\/\/psol50.org.br\/inc\/uploads\/2018\/03\/marielle-franco.jpg\" \/>\n\t<meta property=\"og:image:width\" content=\"1350\" \/>\n\t<meta property=\"og:image:height\" content=\"900\" \/>\n\t<meta property=\"og:image:type\" content=\"image\/jpeg\" \/>\n<meta name=\"author\" content=\"Comunica\u00e7\u00e3o PSOL\" \/>\n<meta name=\"twitter:card\" content=\"summary_large_image\" \/>\n<meta name=\"twitter:creator\" content=\"@psol50\" \/>\n<meta name=\"twitter:site\" content=\"@psol50\" \/>\n<meta name=\"twitter:label1\" content=\"Escrito por\" \/>\n\t<meta name=\"twitter:data1\" content=\"Comunica\u00e7\u00e3o PSOL\" \/>\n\t<meta name=\"twitter:label2\" content=\"Est. tempo de leitura\" \/>\n\t<meta name=\"twitter:data2\" content=\"3 minutos\" \/>\n<script type=\"application\/ld+json\" class=\"yoast-schema-graph\">{\"@context\":\"https:\/\/schema.org\",\"@graph\":[{\"@type\":\"Article\",\"@id\":\"https:\/\/psol50.org.br\/joana-mortagua-quem-matou-marielle-franco\/#article\",\"isPartOf\":{\"@id\":\"https:\/\/psol50.org.br\/joana-mortagua-quem-matou-marielle-franco\/\"},\"author\":{\"name\":\"Comunica\u00e7\u00e3o PSOL\",\"@id\":\"https:\/\/psol50.org.br\/#\/schema\/person\/475dfa57d0b815993c714c2e96491fcd\"},\"headline\":\"Joana Mort\u00e1gua | Quem matou Marielle Franco?\",\"datePublished\":\"2018-03-19T18:34:37+00:00\",\"mainEntityOfPage\":{\"@id\":\"https:\/\/psol50.org.br\/joana-mortagua-quem-matou-marielle-franco\/\"},\"wordCount\":648,\"commentCount\":0,\"publisher\":{\"@id\":\"https:\/\/psol50.org.br\/#organization\"},\"image\":{\"@id\":\"https:\/\/psol50.org.br\/joana-mortagua-quem-matou-marielle-franco\/#primaryimage\"},\"thumbnailUrl\":\"https:\/\/psol50.org.br\/inc\/uploads\/2018\/03\/marielle-franco.jpg\",\"keywords\":[\"Bloco de Esquerda\",\"Marielle\",\"Portugal\"],\"articleSection\":[\"Artigos\"],\"inLanguage\":\"pt-BR\",\"potentialAction\":[{\"@type\":\"CommentAction\",\"name\":\"Comment\",\"target\":[\"https:\/\/psol50.org.br\/joana-mortagua-quem-matou-marielle-franco\/#respond\"]}]},{\"@type\":\"WebPage\",\"@id\":\"https:\/\/psol50.org.br\/joana-mortagua-quem-matou-marielle-franco\/\",\"url\":\"https:\/\/psol50.org.br\/joana-mortagua-quem-matou-marielle-franco\/\",\"name\":\"Joana Mort\u00e1gua | Quem matou Marielle Franco? - PSOL 50\",\"isPartOf\":{\"@id\":\"https:\/\/psol50.org.br\/#website\"},\"primaryImageOfPage\":{\"@id\":\"https:\/\/psol50.org.br\/joana-mortagua-quem-matou-marielle-franco\/#primaryimage\"},\"image\":{\"@id\":\"https:\/\/psol50.org.br\/joana-mortagua-quem-matou-marielle-franco\/#primaryimage\"},\"thumbnailUrl\":\"https:\/\/psol50.org.br\/inc\/uploads\/2018\/03\/marielle-franco.jpg\",\"datePublished\":\"2018-03-19T18:34:37+00:00\",\"breadcrumb\":{\"@id\":\"https:\/\/psol50.org.br\/joana-mortagua-quem-matou-marielle-franco\/#breadcrumb\"},\"inLanguage\":\"pt-BR\",\"potentialAction\":[{\"@type\":\"ReadAction\",\"target\":[\"https:\/\/psol50.org.br\/joana-mortagua-quem-matou-marielle-franco\/\"]}]},{\"@type\":\"ImageObject\",\"inLanguage\":\"pt-BR\",\"@id\":\"https:\/\/psol50.org.br\/joana-mortagua-quem-matou-marielle-franco\/#primaryimage\",\"url\":\"https:\/\/psol50.org.br\/inc\/uploads\/2018\/03\/marielle-franco.jpg\",\"contentUrl\":\"https:\/\/psol50.org.br\/inc\/uploads\/2018\/03\/marielle-franco.jpg\",\"width\":1350,\"height\":900},{\"@type\":\"BreadcrumbList\",\"@id\":\"https:\/\/psol50.org.br\/joana-mortagua-quem-matou-marielle-franco\/#breadcrumb\",\"itemListElement\":[{\"@type\":\"ListItem\",\"position\":1,\"name\":\"In\u00edcio\",\"item\":\"https:\/\/psol50.org.br\/\"},{\"@type\":\"ListItem\",\"position\":2,\"name\":\"Joana Mort\u00e1gua | Quem matou Marielle Franco?\"}]},{\"@type\":\"WebSite\",\"@id\":\"https:\/\/psol50.org.br\/#website\",\"url\":\"https:\/\/psol50.org.br\/\",\"name\":\"PSOL 50\",\"description\":\"Site oficial do Partido Socialismo e Liberdade\",\"publisher\":{\"@id\":\"https:\/\/psol50.org.br\/#organization\"},\"alternateName\":\"PSOL50\",\"potentialAction\":[{\"@type\":\"SearchAction\",\"target\":{\"@type\":\"EntryPoint\",\"urlTemplate\":\"https:\/\/psol50.org.br\/?s={search_term_string}\"},\"query-input\":{\"@type\":\"PropertyValueSpecification\",\"valueRequired\":true,\"valueName\":\"search_term_string\"}}],\"inLanguage\":\"pt-BR\"},{\"@type\":\"Organization\",\"@id\":\"https:\/\/psol50.org.br\/#organization\",\"name\":\"PSOL 50\",\"alternateName\":\"PSOL 50\",\"url\":\"https:\/\/psol50.org.br\/\",\"logo\":{\"@type\":\"ImageObject\",\"inLanguage\":\"pt-BR\",\"@id\":\"https:\/\/psol50.org.br\/#\/schema\/logo\/image\/\",\"url\":\"https:\/\/psol50.org.br\/inc\/uploads\/2018\/07\/capa.png\",\"contentUrl\":\"https:\/\/psol50.org.br\/inc\/uploads\/2018\/07\/capa.png\",\"width\":1350,\"height\":900,\"caption\":\"PSOL 50\"},\"image\":{\"@id\":\"https:\/\/psol50.org.br\/#\/schema\/logo\/image\/\"},\"sameAs\":[\"https:\/\/www.facebook.com\/psol50\",\"https:\/\/x.com\/psol50\",\"https:\/\/www.instagram.com\/psol50\/\",\"https:\/\/www.youtube.com\/channel\/UC7SnJS5o1os7a6CaiNabzcg\"]},{\"@type\":\"Person\",\"@id\":\"https:\/\/psol50.org.br\/#\/schema\/person\/475dfa57d0b815993c714c2e96491fcd\",\"name\":\"Comunica\u00e7\u00e3o PSOL\",\"image\":{\"@type\":\"ImageObject\",\"inLanguage\":\"pt-BR\",\"@id\":\"https:\/\/psol50.org.br\/#\/schema\/person\/image\/\",\"url\":\"https:\/\/secure.gravatar.com\/avatar\/b34fc4f4e468a4e51785917065a3db57b841f5c95dba6ad8c73aaf8f66f8f9bf?s=96&d=mm&r=g\",\"contentUrl\":\"https:\/\/secure.gravatar.com\/avatar\/b34fc4f4e468a4e51785917065a3db57b841f5c95dba6ad8c73aaf8f66f8f9bf?s=96&d=mm&r=g\",\"caption\":\"Comunica\u00e7\u00e3o PSOL\"}}]}<\/script>\n<!-- \/ Yoast SEO plugin. -->","yoast_head_json":{"title":"Joana Mort\u00e1gua | Quem matou Marielle Franco? - PSOL 50","robots":{"index":"index","follow":"follow","max-snippet":"max-snippet:-1","max-image-preview":"max-image-preview:large","max-video-preview":"max-video-preview:-1"},"canonical":"https:\/\/psol50.org.br\/joana-mortagua-quem-matou-marielle-franco\/","og_locale":"pt_BR","og_type":"article","og_title":"Joana Mort\u00e1gua | Quem matou Marielle Franco? - PSOL 50","og_description":"Todos os dias passam por n\u00f3s mortes sem explica\u00e7\u00e3o. Algumas porque os seus motivos s\u00e3o indecifr\u00e1veis, outras porque as pessoas nos s\u00e3o t\u00e3o alheias, e a dist\u00e2ncia \u00e9 tanta, que nem nos conseguem perturbar. N\u00e3o h\u00e1 nada no fim daquelas vidas que nos fa\u00e7a procurar uma raz\u00e3o. Morre gente enquanto mudamos de canal sem sequer [&hellip;]","og_url":"https:\/\/psol50.org.br\/joana-mortagua-quem-matou-marielle-franco\/","og_site_name":"PSOL 50","article_publisher":"https:\/\/www.facebook.com\/psol50","article_published_time":"2018-03-19T18:34:37+00:00","og_image":[{"width":1350,"height":900,"url":"https:\/\/psol50.org.br\/inc\/uploads\/2018\/03\/marielle-franco.jpg","type":"image\/jpeg"}],"author":"Comunica\u00e7\u00e3o PSOL","twitter_card":"summary_large_image","twitter_creator":"@psol50","twitter_site":"@psol50","twitter_misc":{"Escrito por":"Comunica\u00e7\u00e3o PSOL","Est. tempo de leitura":"3 minutos"},"schema":{"@context":"https:\/\/schema.org","@graph":[{"@type":"Article","@id":"https:\/\/psol50.org.br\/joana-mortagua-quem-matou-marielle-franco\/#article","isPartOf":{"@id":"https:\/\/psol50.org.br\/joana-mortagua-quem-matou-marielle-franco\/"},"author":{"name":"Comunica\u00e7\u00e3o PSOL","@id":"https:\/\/psol50.org.br\/#\/schema\/person\/475dfa57d0b815993c714c2e96491fcd"},"headline":"Joana Mort\u00e1gua | Quem matou Marielle Franco?","datePublished":"2018-03-19T18:34:37+00:00","mainEntityOfPage":{"@id":"https:\/\/psol50.org.br\/joana-mortagua-quem-matou-marielle-franco\/"},"wordCount":648,"commentCount":0,"publisher":{"@id":"https:\/\/psol50.org.br\/#organization"},"image":{"@id":"https:\/\/psol50.org.br\/joana-mortagua-quem-matou-marielle-franco\/#primaryimage"},"thumbnailUrl":"https:\/\/psol50.org.br\/inc\/uploads\/2018\/03\/marielle-franco.jpg","keywords":["Bloco de Esquerda","Marielle","Portugal"],"articleSection":["Artigos"],"inLanguage":"pt-BR","potentialAction":[{"@type":"CommentAction","name":"Comment","target":["https:\/\/psol50.org.br\/joana-mortagua-quem-matou-marielle-franco\/#respond"]}]},{"@type":"WebPage","@id":"https:\/\/psol50.org.br\/joana-mortagua-quem-matou-marielle-franco\/","url":"https:\/\/psol50.org.br\/joana-mortagua-quem-matou-marielle-franco\/","name":"Joana Mort\u00e1gua | Quem matou Marielle Franco? - PSOL 50","isPartOf":{"@id":"https:\/\/psol50.org.br\/#website"},"primaryImageOfPage":{"@id":"https:\/\/psol50.org.br\/joana-mortagua-quem-matou-marielle-franco\/#primaryimage"},"image":{"@id":"https:\/\/psol50.org.br\/joana-mortagua-quem-matou-marielle-franco\/#primaryimage"},"thumbnailUrl":"https:\/\/psol50.org.br\/inc\/uploads\/2018\/03\/marielle-franco.jpg","datePublished":"2018-03-19T18:34:37+00:00","breadcrumb":{"@id":"https:\/\/psol50.org.br\/joana-mortagua-quem-matou-marielle-franco\/#breadcrumb"},"inLanguage":"pt-BR","potentialAction":[{"@type":"ReadAction","target":["https:\/\/psol50.org.br\/joana-mortagua-quem-matou-marielle-franco\/"]}]},{"@type":"ImageObject","inLanguage":"pt-BR","@id":"https:\/\/psol50.org.br\/joana-mortagua-quem-matou-marielle-franco\/#primaryimage","url":"https:\/\/psol50.org.br\/inc\/uploads\/2018\/03\/marielle-franco.jpg","contentUrl":"https:\/\/psol50.org.br\/inc\/uploads\/2018\/03\/marielle-franco.jpg","width":1350,"height":900},{"@type":"BreadcrumbList","@id":"https:\/\/psol50.org.br\/joana-mortagua-quem-matou-marielle-franco\/#breadcrumb","itemListElement":[{"@type":"ListItem","position":1,"name":"In\u00edcio","item":"https:\/\/psol50.org.br\/"},{"@type":"ListItem","position":2,"name":"Joana Mort\u00e1gua | Quem matou Marielle Franco?"}]},{"@type":"WebSite","@id":"https:\/\/psol50.org.br\/#website","url":"https:\/\/psol50.org.br\/","name":"PSOL 50","description":"Site oficial do Partido Socialismo e Liberdade","publisher":{"@id":"https:\/\/psol50.org.br\/#organization"},"alternateName":"PSOL50","potentialAction":[{"@type":"SearchAction","target":{"@type":"EntryPoint","urlTemplate":"https:\/\/psol50.org.br\/?s={search_term_string}"},"query-input":{"@type":"PropertyValueSpecification","valueRequired":true,"valueName":"search_term_string"}}],"inLanguage":"pt-BR"},{"@type":"Organization","@id":"https:\/\/psol50.org.br\/#organization","name":"PSOL 50","alternateName":"PSOL 50","url":"https:\/\/psol50.org.br\/","logo":{"@type":"ImageObject","inLanguage":"pt-BR","@id":"https:\/\/psol50.org.br\/#\/schema\/logo\/image\/","url":"https:\/\/psol50.org.br\/inc\/uploads\/2018\/07\/capa.png","contentUrl":"https:\/\/psol50.org.br\/inc\/uploads\/2018\/07\/capa.png","width":1350,"height":900,"caption":"PSOL 50"},"image":{"@id":"https:\/\/psol50.org.br\/#\/schema\/logo\/image\/"},"sameAs":["https:\/\/www.facebook.com\/psol50","https:\/\/x.com\/psol50","https:\/\/www.instagram.com\/psol50\/","https:\/\/www.youtube.com\/channel\/UC7SnJS5o1os7a6CaiNabzcg"]},{"@type":"Person","@id":"https:\/\/psol50.org.br\/#\/schema\/person\/475dfa57d0b815993c714c2e96491fcd","name":"Comunica\u00e7\u00e3o PSOL","image":{"@type":"ImageObject","inLanguage":"pt-BR","@id":"https:\/\/psol50.org.br\/#\/schema\/person\/image\/","url":"https:\/\/secure.gravatar.com\/avatar\/b34fc4f4e468a4e51785917065a3db57b841f5c95dba6ad8c73aaf8f66f8f9bf?s=96&d=mm&r=g","contentUrl":"https:\/\/secure.gravatar.com\/avatar\/b34fc4f4e468a4e51785917065a3db57b841f5c95dba6ad8c73aaf8f66f8f9bf?s=96&d=mm&r=g","caption":"Comunica\u00e7\u00e3o PSOL"}}]}},"_links":{"self":[{"href":"https:\/\/psol50.org.br\/rest\/wp\/v2\/posts\/20282","targetHints":{"allow":["GET"]}}],"collection":[{"href":"https:\/\/psol50.org.br\/rest\/wp\/v2\/posts"}],"about":[{"href":"https:\/\/psol50.org.br\/rest\/wp\/v2\/types\/post"}],"author":[{"embeddable":true,"href":"https:\/\/psol50.org.br\/rest\/wp\/v2\/users\/2"}],"replies":[{"embeddable":true,"href":"https:\/\/psol50.org.br\/rest\/wp\/v2\/comments?post=20282"}],"version-history":[{"count":0,"href":"https:\/\/psol50.org.br\/rest\/wp\/v2\/posts\/20282\/revisions"}],"wp:featuredmedia":[{"embeddable":true,"href":"https:\/\/psol50.org.br\/rest\/wp\/v2\/media\/20287"}],"wp:attachment":[{"href":"https:\/\/psol50.org.br\/rest\/wp\/v2\/media?parent=20282"}],"wp:term":[{"taxonomy":"category","embeddable":true,"href":"https:\/\/psol50.org.br\/rest\/wp\/v2\/categories?post=20282"},{"taxonomy":"post_tag","embeddable":true,"href":"https:\/\/psol50.org.br\/rest\/wp\/v2\/tags?post=20282"}],"curies":[{"name":"wp","href":"https:\/\/api.w.org\/{rel}","templated":true}]}}