{"id":20289,"date":"2018-03-19T15:41:30","date_gmt":"2018-03-19T18:41:30","guid":{"rendered":"http:\/\/www.psol50.org.br\/?p=20289"},"modified":"2018-03-19T15:41:30","modified_gmt":"2018-03-19T18:41:30","slug":"luciana-boiteux-em-memoria-de-marielle-franco-mulher-de-luta","status":"publish","type":"post","link":"https:\/\/psol50.org.br\/luciana-boiteux-em-memoria-de-marielle-franco-mulher-de-luta\/","title":{"rendered":"Luciana Boiteux | Em Mem\u00f3ria de Marielle Franco, mulher de luta"},"content":{"rendered":"<p class=\"western\">Muito j\u00e1 foi dito sobre a desoladora not\u00edcia da execu\u00e7\u00e3o da Marielle na noite de 4\u00aa. Feira, 14 de mar\u00e7o de 2018: vereadora mais votada, mulher, feminista, negra, favelada, bissexual, soci\u00f3loga e mestre em administra\u00e7\u00e3o p\u00fablica, combina\u00e7\u00e3o muito rara de representa\u00e7\u00e3o pol\u00edtica no Brasil, onde as mulheres, apesar de sermos a maioria da popula\u00e7\u00e3o, ocupamos apenas 11% dos espa\u00e7os na C\u00e2mara Federal<span lang=\"pt-BR\">.\u00a0<\/span>Ainda mais ela, mulher negra, m\u00e3e aos 19 anos, que estudou em pr\u00e9-vestibular comunit\u00e1rio, deu muito duro na vida e ainda escolheu um tema t\u00e3o dif\u00edcil para se dedicar: direitos humanos, tendo trabalhado durante mais de dez anos na Comiss\u00e3o de Direitos Humanos da Assembleia Legislativa do Rio de Janeiro, presidida pelo Deputado Marcelo Freixo. Ela era, e continua a ser, um s\u00edmbolo, mas n\u00e3o um s\u00edmbolo qualquer, uma mulher de luta, de esquerda, vereadora eleita pelo PSOL \u2013 Partido Socialismo e Liberdade, detalhe algumas vezes apagado pelas not\u00edcias da m\u00eddia corporativa.<\/p>\n<p class=\"western\">Ela lutava n\u00e3o pela suposta paz determinada pela ordem que legitima o genoc\u00eddio da popula\u00e7\u00e3o negra e da viol\u00eancia policial e contra a mulher, ela sempre esteve na resist\u00eancia, na luta pela transforma\u00e7\u00e3o social, pela amplia\u00e7\u00e3o da voz de todos que representava e que se viam representados por ela. \u201cPaz sem voz n\u00e3o \u00e9 paz, \u00e9 medo\u201d, como j\u00e1 dizia O Rappa. E ela rejeitava o medo e os limites que a ordem sempre tenta impor aos de sua classe, g\u00eanero e cor.<\/p>\n<p class=\"western\">Por essa luta ela recebeu quatro tiros na cabe\u00e7a, sem direito nem a amea\u00e7a pr\u00e9via, alerta que nunca recebeu. Parece que o seu corpo negro dispensa essa formalidade, pois ela tem a cor daqueles que morrem todos os dias, nem s\u00f3 por balas perdidas, mas tamb\u00e9m por balas achadas, ou por omiss\u00e3o do Estado na garantia dos direitos sociais b\u00e1sicos, como sa\u00fade, moradia, alimenta\u00e7\u00e3o, educa\u00e7\u00e3o. Um dos mais marcantes adesivos impressos por seu mandato, ali\u00e1s, que guardo com carinho, dizia: \u201cNossas vidas (negras) importam\u201d.<\/p>\n<p class=\"western\">Marielle Franco tinha identidade bem marcada de classe, g\u00eanero, ra\u00e7a e sexualidade, e n\u00e3o foi uma empreendedora individual, que superou as adversidades e se destacou individualmente. Ela se construiu na luta coletiva, foi parte dela e virou seu s\u00edmbolo e sua inspira\u00e7\u00e3o, tendo trazido muita gente com ela na campanha em 2016. O fato \u00e9 que ela vinha ampliando cada vez mais sua representatividade, for\u00e7a pol\u00edtica e apoio popular com seu mandato coletivo, feminista e negro. Hoje, pouco mais de um ano na C\u00e2mara, Marielle j\u00e1 tinha alcan\u00e7ado em respeito e apoiadores muito mais do que o recorde de 46 mil votos que recebera na sua elei\u00e7\u00e3o. E sua morte colocou mais de 100 mil pessoas nas ruas. Marielle era gigante, disseram as ruas, e foi um crime pol\u00edtico em todos os sentidos.<\/p>\n<p class=\"western\">Mesmo sendo vereadora eleita para a C\u00e2mara Municipal do Rio de Janeiro e, portanto, representante de um Estado que se diz democr\u00e1tico, h\u00e1 quem a considere apenas um \u201ccad\u00e1ver comum\u201d, talvez por ser uma mulher negra de classe trabalhadora. Foi um crime pol\u00edtico, ousado, que pretendia deixar uma mensagem de medo a todos que se sentiam representados por ela, para que tivessem medo e n\u00e3o ousassem se insurgir contra a ordem injusta, desigual, patriarcal e machista, racista, LGBTf\u00f3bica e antidemocr\u00e1tica contra a qual ela sempre lutou, em defesa dos seus, em defesa de n\u00f3s.<\/p>\n<p class=\"western\">Os tiros foram disparados contra seu corpo f\u00edsico, no carro onde se encontrava, sem chances de defesa e atingiram tamb\u00e9m o motorista Anderson Pedro, tendo sobrevivido sua assessora que, por sorte, foi atingida apenas por estilha\u00e7os. As balas que a atingiram s\u00e3o de um mesmo lote subtra\u00eddo da Pol\u00edcia Federal, que j\u00e1 havia sido utilizada em chacina anterior, em S\u00e3o Paulo, uma assinatura macabra que refor\u00e7a a mensagem de medo.<\/p>\n<p class=\"western\">Os que a mataram, apontam as investiga\u00e7\u00f5es, a estavam seguindo desde sua \u00faltima atividade, de muito simbolismo, na Casa das Pretas, evento organizado pelo Mandato de Marielle com jovens negras feministas que v\u00e3o abalar as estruturas, assim como nossa vereadora mais votada abalou. Ela atuava com firmeza e afeto, com for\u00e7a e sorriso, e seu mandato parlamentar era um canal potencializado para fortalecer n\u00e3o s\u00f3 a autoestima do seu povo, com seu sorriso largo, pele negra, cabelos destacados nos turbantes que honravam sua ancestralidade e suas roupas coloridas: ela representava como ningu\u00e9m a luta, o simbolismo e a resist\u00eancia das mulheres negras, \u00e0s quais as pol\u00edticas p\u00fablicas s\u00e3o negadas, pauta central na sua a\u00e7\u00e3o pol\u00edtica. Ela ainda se posicionava em defesa das mulheres encarceradas, contra a superpopula\u00e7\u00e3o carcer\u00e1ria e o punitivismo seletivo contra pobres e negros jovens privados de liberdade e de futuro.<\/p>\n<p class=\"western\">Ela lutava por direitos humanos, combatia a viol\u00eancia contra a mulher (e contra pessoas trans e mulheres l\u00e9sbicas) e o feminic\u00eddio, denunciava o racismo e a chacinas nas favelas e a letalidade policial, mas defendia tamb\u00e9m policiais e suas fam\u00edlias que eram afetados pela viol\u00eancia de estado (quase todos negros). Ela homenageou, na C\u00e2mara, as religi\u00f5es afro-brasileiras, inovou em evento sobre direito \u00e0 favela, concedeu medalhas a \u00edcones da cultura negra como Concei\u00e7\u00e3o Evaristo e Dona Dida. Em seu mandato, atuava em defesa do aborto legal, j\u00e1 previsto em lei em caso de estupro e risco de vida, mas cuja oferta \u00e9 extremamente limitada na pr\u00e1tica, e que atinge especialmente mulheres negras, que precisam dos servi\u00e7os p\u00fablicos e que s\u00e3o as maiores v\u00edtimas da viol\u00eancia. Tamb\u00e9m apresentou projetos de lei das Casas de Parto, para garantir o acesso ao parto normal e tratamento humanizado de gestantes. Lutava contra os cortes nos investimentos sociais e contra a interven\u00e7\u00e3o federal militar. Ela atuava ainda pela amplia\u00e7\u00e3o da participa\u00e7\u00e3o das mulheres na pol\u00edtica, articulava candidaturas de mulheres e dizia que feminismo \u00e9 revolu\u00e7\u00e3o e que t\u00ednhamos que ocupar todos os espa\u00e7os que nos s\u00e3o vetados. \u201cUma mulher sobe e puxa a outra\u201d. Era militante e estava nas ruas em todos os atos, e tamb\u00e9m sofria quando a pol\u00edcia jogava bombas de g\u00e1s e nos impedia de protestar. Era uma de n\u00f3s.<\/p>\n<p class=\"western\">Com os tiros, tentaram calar Marielle, mas jamais conseguir\u00e3o, porque sua luta \u00e9 coletiva e pela transforma\u00e7\u00e3o social, \u00e9 em defesa dos direitos humanos e contra o discurso de \u00f3dio e qualquer tipo de opress\u00e3o e viol\u00eancia. Marielle \u00e9 semente e sua luta seguir\u00e1. Sua luta \u00e9 a luta do povo negro e oprimido, das mulheres, dos moradores de favela, ou seja, da maioria da popula\u00e7\u00e3o que est\u00e1 afastada do poder institu\u00eddo e \u00e9 por ele subjugado.<\/p>\n<p class=\"western\">A partir da grande mobiliza\u00e7\u00e3o e sensibiliza\u00e7\u00e3o de uma multid\u00e3o com sua morte, agora tentam matar sua mem\u00f3ria, mas tampouco conseguir\u00e3o, e os que tentarem ser\u00e3o devidamente responsabilizados. Queremos, sim, saber quem matou Marielle e Anderson, mas n\u00e3o recairemos no discurso f\u00e1cil do medo, militarismo e punitivismo que alguns tentam emplacar. E questionaremos a interven\u00e7\u00e3o federal militar, assim como a atua\u00e7\u00e3o violenta e corrupta de parte da pol\u00edcia, mas ao mesmo tempo exigiremos que as autoridades policiais atuem na investiga\u00e7\u00e3o desse crime por ser de sua atribui\u00e7\u00e3o dentro de um sistema que se pretenda democr\u00e1tico. E cobraremos responsabilidades, que n\u00e3o s\u00e3o apenas individuais, pois quem apertou o gatilho da arma n\u00e3o a matou sozinho. O crime \u00e9 pol\u00edtico, o culpado \u00e9 o sistema e isso n\u00e3o tem como ser mascarado.<\/p>\n<p class=\"western\">Mari, querida amiga e companheira, onde voc\u00ea estiver, saiba que honraremos sua luta, e seremos muitas a apoiar tamb\u00e9m sua fam\u00edlia: sua m\u00e3e, sua companheira, sua irm\u00e3 e sua filha. Sua morte n\u00e3o ser\u00e1 em v\u00e3o. S\u00e3o muitas as Marielles jovens, algumas muito parecidas contigo que vi nas ruas no dia que choramos juntas por voc\u00ea. E elas, de sementes se transformar\u00e3o em \u00e1rvores, frutos e ra\u00edzes de resist\u00eancia, inspiradas por voc\u00ea e apoiadas por todas n\u00f3s em sua mem\u00f3ria. Marielle, presente. Marielle de luta vive.<\/p>\n","protected":false},"excerpt":{"rendered":"<p>Muito j\u00e1 foi dito sobre a desoladora not\u00edcia da execu\u00e7\u00e3o da Marielle na noite de 4\u00aa. Feira, 14 de mar\u00e7o de 2018: vereadora mais votada, mulher, feminista, negra, favelada, bissexual, soci\u00f3loga e mestre em administra\u00e7\u00e3o p\u00fablica, combina\u00e7\u00e3o muito rara de representa\u00e7\u00e3o pol\u00edtica no Brasil, onde as mulheres, apesar de sermos a maioria da popula\u00e7\u00e3o, ocupamos [&hellip;]<\/p>\n","protected":false},"author":2,"featured_media":20209,"comment_status":"open","ping_status":"open","sticky":false,"template":"","format":"standard","meta":{"_acf_changed":false,"footnotes":""},"categories":[3],"tags":[107],"class_list":{"0":"post-20289","1":"post","2":"type-post","3":"status-publish","4":"format-standard","5":"has-post-thumbnail","7":"category-artigos-e-entrevistas","8":"tag-marielle"},"acf":[],"yoast_head":"<!-- This site is optimized with the Yoast SEO plugin v26.5 - https:\/\/yoast.com\/wordpress\/plugins\/seo\/ -->\n<title>Luciana Boiteux | Em Mem\u00f3ria de Marielle Franco, mulher de luta - PSOL 50<\/title>\n<meta name=\"robots\" content=\"index, follow, max-snippet:-1, max-image-preview:large, max-video-preview:-1\" \/>\n<link rel=\"canonical\" href=\"https:\/\/psol50.org.br\/luciana-boiteux-em-memoria-de-marielle-franco-mulher-de-luta\/\" \/>\n<meta property=\"og:locale\" content=\"pt_BR\" \/>\n<meta property=\"og:type\" content=\"article\" \/>\n<meta property=\"og:title\" content=\"Luciana Boiteux | Em Mem\u00f3ria de Marielle Franco, mulher de luta - PSOL 50\" \/>\n<meta property=\"og:description\" content=\"Muito j\u00e1 foi dito sobre a desoladora not\u00edcia da execu\u00e7\u00e3o da Marielle na noite de 4\u00aa. Feira, 14 de mar\u00e7o de 2018: vereadora mais votada, mulher, feminista, negra, favelada, bissexual, soci\u00f3loga e mestre em administra\u00e7\u00e3o p\u00fablica, combina\u00e7\u00e3o muito rara de representa\u00e7\u00e3o pol\u00edtica no Brasil, onde as mulheres, apesar de sermos a maioria da popula\u00e7\u00e3o, ocupamos [&hellip;]\" \/>\n<meta property=\"og:url\" content=\"https:\/\/psol50.org.br\/luciana-boiteux-em-memoria-de-marielle-franco-mulher-de-luta\/\" \/>\n<meta property=\"og:site_name\" content=\"PSOL 50\" \/>\n<meta property=\"article:publisher\" content=\"https:\/\/www.facebook.com\/psol50\" \/>\n<meta property=\"article:published_time\" content=\"2018-03-19T18:41:30+00:00\" \/>\n<meta property=\"og:image\" content=\"https:\/\/psol50.org.br\/inc\/uploads\/2018\/03\/MarielleFranco.PSOL_.jpg\" \/>\n\t<meta property=\"og:image:width\" content=\"1350\" \/>\n\t<meta property=\"og:image:height\" content=\"900\" \/>\n\t<meta property=\"og:image:type\" content=\"image\/jpeg\" \/>\n<meta name=\"author\" content=\"Comunica\u00e7\u00e3o PSOL\" \/>\n<meta name=\"twitter:card\" content=\"summary_large_image\" \/>\n<meta name=\"twitter:creator\" content=\"@psol50\" \/>\n<meta name=\"twitter:site\" content=\"@psol50\" \/>\n<meta name=\"twitter:label1\" content=\"Escrito por\" \/>\n\t<meta name=\"twitter:data1\" content=\"Comunica\u00e7\u00e3o PSOL\" \/>\n\t<meta name=\"twitter:label2\" content=\"Est. tempo de leitura\" \/>\n\t<meta name=\"twitter:data2\" content=\"7 minutos\" \/>\n<script type=\"application\/ld+json\" class=\"yoast-schema-graph\">{\"@context\":\"https:\/\/schema.org\",\"@graph\":[{\"@type\":\"Article\",\"@id\":\"https:\/\/psol50.org.br\/luciana-boiteux-em-memoria-de-marielle-franco-mulher-de-luta\/#article\",\"isPartOf\":{\"@id\":\"https:\/\/psol50.org.br\/luciana-boiteux-em-memoria-de-marielle-franco-mulher-de-luta\/\"},\"author\":{\"name\":\"Comunica\u00e7\u00e3o PSOL\",\"@id\":\"https:\/\/psol50.org.br\/#\/schema\/person\/475dfa57d0b815993c714c2e96491fcd\"},\"headline\":\"Luciana Boiteux | Em Mem\u00f3ria de Marielle Franco, mulher de luta\",\"datePublished\":\"2018-03-19T18:41:30+00:00\",\"mainEntityOfPage\":{\"@id\":\"https:\/\/psol50.org.br\/luciana-boiteux-em-memoria-de-marielle-franco-mulher-de-luta\/\"},\"wordCount\":1417,\"commentCount\":0,\"publisher\":{\"@id\":\"https:\/\/psol50.org.br\/#organization\"},\"image\":{\"@id\":\"https:\/\/psol50.org.br\/luciana-boiteux-em-memoria-de-marielle-franco-mulher-de-luta\/#primaryimage\"},\"thumbnailUrl\":\"https:\/\/psol50.org.br\/inc\/uploads\/2018\/03\/MarielleFranco.PSOL_.jpg\",\"keywords\":[\"Marielle\"],\"articleSection\":[\"Artigos\"],\"inLanguage\":\"pt-BR\",\"potentialAction\":[{\"@type\":\"CommentAction\",\"name\":\"Comment\",\"target\":[\"https:\/\/psol50.org.br\/luciana-boiteux-em-memoria-de-marielle-franco-mulher-de-luta\/#respond\"]}]},{\"@type\":\"WebPage\",\"@id\":\"https:\/\/psol50.org.br\/luciana-boiteux-em-memoria-de-marielle-franco-mulher-de-luta\/\",\"url\":\"https:\/\/psol50.org.br\/luciana-boiteux-em-memoria-de-marielle-franco-mulher-de-luta\/\",\"name\":\"Luciana Boiteux | Em Mem\u00f3ria de Marielle Franco, mulher de luta - PSOL 50\",\"isPartOf\":{\"@id\":\"https:\/\/psol50.org.br\/#website\"},\"primaryImageOfPage\":{\"@id\":\"https:\/\/psol50.org.br\/luciana-boiteux-em-memoria-de-marielle-franco-mulher-de-luta\/#primaryimage\"},\"image\":{\"@id\":\"https:\/\/psol50.org.br\/luciana-boiteux-em-memoria-de-marielle-franco-mulher-de-luta\/#primaryimage\"},\"thumbnailUrl\":\"https:\/\/psol50.org.br\/inc\/uploads\/2018\/03\/MarielleFranco.PSOL_.jpg\",\"datePublished\":\"2018-03-19T18:41:30+00:00\",\"breadcrumb\":{\"@id\":\"https:\/\/psol50.org.br\/luciana-boiteux-em-memoria-de-marielle-franco-mulher-de-luta\/#breadcrumb\"},\"inLanguage\":\"pt-BR\",\"potentialAction\":[{\"@type\":\"ReadAction\",\"target\":[\"https:\/\/psol50.org.br\/luciana-boiteux-em-memoria-de-marielle-franco-mulher-de-luta\/\"]}]},{\"@type\":\"ImageObject\",\"inLanguage\":\"pt-BR\",\"@id\":\"https:\/\/psol50.org.br\/luciana-boiteux-em-memoria-de-marielle-franco-mulher-de-luta\/#primaryimage\",\"url\":\"https:\/\/psol50.org.br\/inc\/uploads\/2018\/03\/MarielleFranco.PSOL_.jpg\",\"contentUrl\":\"https:\/\/psol50.org.br\/inc\/uploads\/2018\/03\/MarielleFranco.PSOL_.jpg\",\"width\":1350,\"height\":900},{\"@type\":\"BreadcrumbList\",\"@id\":\"https:\/\/psol50.org.br\/luciana-boiteux-em-memoria-de-marielle-franco-mulher-de-luta\/#breadcrumb\",\"itemListElement\":[{\"@type\":\"ListItem\",\"position\":1,\"name\":\"In\u00edcio\",\"item\":\"https:\/\/psol50.org.br\/\"},{\"@type\":\"ListItem\",\"position\":2,\"name\":\"Luciana Boiteux | Em Mem\u00f3ria de Marielle Franco, mulher de luta\"}]},{\"@type\":\"WebSite\",\"@id\":\"https:\/\/psol50.org.br\/#website\",\"url\":\"https:\/\/psol50.org.br\/\",\"name\":\"PSOL 50\",\"description\":\"Site oficial do Partido Socialismo e Liberdade\",\"publisher\":{\"@id\":\"https:\/\/psol50.org.br\/#organization\"},\"alternateName\":\"PSOL50\",\"potentialAction\":[{\"@type\":\"SearchAction\",\"target\":{\"@type\":\"EntryPoint\",\"urlTemplate\":\"https:\/\/psol50.org.br\/?s={search_term_string}\"},\"query-input\":{\"@type\":\"PropertyValueSpecification\",\"valueRequired\":true,\"valueName\":\"search_term_string\"}}],\"inLanguage\":\"pt-BR\"},{\"@type\":\"Organization\",\"@id\":\"https:\/\/psol50.org.br\/#organization\",\"name\":\"PSOL 50\",\"alternateName\":\"PSOL 50\",\"url\":\"https:\/\/psol50.org.br\/\",\"logo\":{\"@type\":\"ImageObject\",\"inLanguage\":\"pt-BR\",\"@id\":\"https:\/\/psol50.org.br\/#\/schema\/logo\/image\/\",\"url\":\"https:\/\/psol50.org.br\/inc\/uploads\/2018\/07\/capa.png\",\"contentUrl\":\"https:\/\/psol50.org.br\/inc\/uploads\/2018\/07\/capa.png\",\"width\":1350,\"height\":900,\"caption\":\"PSOL 50\"},\"image\":{\"@id\":\"https:\/\/psol50.org.br\/#\/schema\/logo\/image\/\"},\"sameAs\":[\"https:\/\/www.facebook.com\/psol50\",\"https:\/\/x.com\/psol50\",\"https:\/\/www.instagram.com\/psol50\/\",\"https:\/\/www.youtube.com\/channel\/UC7SnJS5o1os7a6CaiNabzcg\"]},{\"@type\":\"Person\",\"@id\":\"https:\/\/psol50.org.br\/#\/schema\/person\/475dfa57d0b815993c714c2e96491fcd\",\"name\":\"Comunica\u00e7\u00e3o PSOL\",\"image\":{\"@type\":\"ImageObject\",\"inLanguage\":\"pt-BR\",\"@id\":\"https:\/\/psol50.org.br\/#\/schema\/person\/image\/\",\"url\":\"https:\/\/secure.gravatar.com\/avatar\/b34fc4f4e468a4e51785917065a3db57b841f5c95dba6ad8c73aaf8f66f8f9bf?s=96&d=mm&r=g\",\"contentUrl\":\"https:\/\/secure.gravatar.com\/avatar\/b34fc4f4e468a4e51785917065a3db57b841f5c95dba6ad8c73aaf8f66f8f9bf?s=96&d=mm&r=g\",\"caption\":\"Comunica\u00e7\u00e3o PSOL\"}}]}<\/script>\n<!-- \/ Yoast SEO plugin. -->","yoast_head_json":{"title":"Luciana Boiteux | Em Mem\u00f3ria de Marielle Franco, mulher de luta - PSOL 50","robots":{"index":"index","follow":"follow","max-snippet":"max-snippet:-1","max-image-preview":"max-image-preview:large","max-video-preview":"max-video-preview:-1"},"canonical":"https:\/\/psol50.org.br\/luciana-boiteux-em-memoria-de-marielle-franco-mulher-de-luta\/","og_locale":"pt_BR","og_type":"article","og_title":"Luciana Boiteux | Em Mem\u00f3ria de Marielle Franco, mulher de luta - PSOL 50","og_description":"Muito j\u00e1 foi dito sobre a desoladora not\u00edcia da execu\u00e7\u00e3o da Marielle na noite de 4\u00aa. Feira, 14 de mar\u00e7o de 2018: vereadora mais votada, mulher, feminista, negra, favelada, bissexual, soci\u00f3loga e mestre em administra\u00e7\u00e3o p\u00fablica, combina\u00e7\u00e3o muito rara de representa\u00e7\u00e3o pol\u00edtica no Brasil, onde as mulheres, apesar de sermos a maioria da popula\u00e7\u00e3o, ocupamos [&hellip;]","og_url":"https:\/\/psol50.org.br\/luciana-boiteux-em-memoria-de-marielle-franco-mulher-de-luta\/","og_site_name":"PSOL 50","article_publisher":"https:\/\/www.facebook.com\/psol50","article_published_time":"2018-03-19T18:41:30+00:00","og_image":[{"width":1350,"height":900,"url":"https:\/\/psol50.org.br\/inc\/uploads\/2018\/03\/MarielleFranco.PSOL_.jpg","type":"image\/jpeg"}],"author":"Comunica\u00e7\u00e3o PSOL","twitter_card":"summary_large_image","twitter_creator":"@psol50","twitter_site":"@psol50","twitter_misc":{"Escrito por":"Comunica\u00e7\u00e3o PSOL","Est. tempo de leitura":"7 minutos"},"schema":{"@context":"https:\/\/schema.org","@graph":[{"@type":"Article","@id":"https:\/\/psol50.org.br\/luciana-boiteux-em-memoria-de-marielle-franco-mulher-de-luta\/#article","isPartOf":{"@id":"https:\/\/psol50.org.br\/luciana-boiteux-em-memoria-de-marielle-franco-mulher-de-luta\/"},"author":{"name":"Comunica\u00e7\u00e3o PSOL","@id":"https:\/\/psol50.org.br\/#\/schema\/person\/475dfa57d0b815993c714c2e96491fcd"},"headline":"Luciana Boiteux | Em Mem\u00f3ria de Marielle Franco, mulher de luta","datePublished":"2018-03-19T18:41:30+00:00","mainEntityOfPage":{"@id":"https:\/\/psol50.org.br\/luciana-boiteux-em-memoria-de-marielle-franco-mulher-de-luta\/"},"wordCount":1417,"commentCount":0,"publisher":{"@id":"https:\/\/psol50.org.br\/#organization"},"image":{"@id":"https:\/\/psol50.org.br\/luciana-boiteux-em-memoria-de-marielle-franco-mulher-de-luta\/#primaryimage"},"thumbnailUrl":"https:\/\/psol50.org.br\/inc\/uploads\/2018\/03\/MarielleFranco.PSOL_.jpg","keywords":["Marielle"],"articleSection":["Artigos"],"inLanguage":"pt-BR","potentialAction":[{"@type":"CommentAction","name":"Comment","target":["https:\/\/psol50.org.br\/luciana-boiteux-em-memoria-de-marielle-franco-mulher-de-luta\/#respond"]}]},{"@type":"WebPage","@id":"https:\/\/psol50.org.br\/luciana-boiteux-em-memoria-de-marielle-franco-mulher-de-luta\/","url":"https:\/\/psol50.org.br\/luciana-boiteux-em-memoria-de-marielle-franco-mulher-de-luta\/","name":"Luciana Boiteux | Em Mem\u00f3ria de Marielle Franco, mulher de luta - PSOL 50","isPartOf":{"@id":"https:\/\/psol50.org.br\/#website"},"primaryImageOfPage":{"@id":"https:\/\/psol50.org.br\/luciana-boiteux-em-memoria-de-marielle-franco-mulher-de-luta\/#primaryimage"},"image":{"@id":"https:\/\/psol50.org.br\/luciana-boiteux-em-memoria-de-marielle-franco-mulher-de-luta\/#primaryimage"},"thumbnailUrl":"https:\/\/psol50.org.br\/inc\/uploads\/2018\/03\/MarielleFranco.PSOL_.jpg","datePublished":"2018-03-19T18:41:30+00:00","breadcrumb":{"@id":"https:\/\/psol50.org.br\/luciana-boiteux-em-memoria-de-marielle-franco-mulher-de-luta\/#breadcrumb"},"inLanguage":"pt-BR","potentialAction":[{"@type":"ReadAction","target":["https:\/\/psol50.org.br\/luciana-boiteux-em-memoria-de-marielle-franco-mulher-de-luta\/"]}]},{"@type":"ImageObject","inLanguage":"pt-BR","@id":"https:\/\/psol50.org.br\/luciana-boiteux-em-memoria-de-marielle-franco-mulher-de-luta\/#primaryimage","url":"https:\/\/psol50.org.br\/inc\/uploads\/2018\/03\/MarielleFranco.PSOL_.jpg","contentUrl":"https:\/\/psol50.org.br\/inc\/uploads\/2018\/03\/MarielleFranco.PSOL_.jpg","width":1350,"height":900},{"@type":"BreadcrumbList","@id":"https:\/\/psol50.org.br\/luciana-boiteux-em-memoria-de-marielle-franco-mulher-de-luta\/#breadcrumb","itemListElement":[{"@type":"ListItem","position":1,"name":"In\u00edcio","item":"https:\/\/psol50.org.br\/"},{"@type":"ListItem","position":2,"name":"Luciana Boiteux | Em Mem\u00f3ria de Marielle Franco, mulher de luta"}]},{"@type":"WebSite","@id":"https:\/\/psol50.org.br\/#website","url":"https:\/\/psol50.org.br\/","name":"PSOL 50","description":"Site oficial do Partido Socialismo e Liberdade","publisher":{"@id":"https:\/\/psol50.org.br\/#organization"},"alternateName":"PSOL50","potentialAction":[{"@type":"SearchAction","target":{"@type":"EntryPoint","urlTemplate":"https:\/\/psol50.org.br\/?s={search_term_string}"},"query-input":{"@type":"PropertyValueSpecification","valueRequired":true,"valueName":"search_term_string"}}],"inLanguage":"pt-BR"},{"@type":"Organization","@id":"https:\/\/psol50.org.br\/#organization","name":"PSOL 50","alternateName":"PSOL 50","url":"https:\/\/psol50.org.br\/","logo":{"@type":"ImageObject","inLanguage":"pt-BR","@id":"https:\/\/psol50.org.br\/#\/schema\/logo\/image\/","url":"https:\/\/psol50.org.br\/inc\/uploads\/2018\/07\/capa.png","contentUrl":"https:\/\/psol50.org.br\/inc\/uploads\/2018\/07\/capa.png","width":1350,"height":900,"caption":"PSOL 50"},"image":{"@id":"https:\/\/psol50.org.br\/#\/schema\/logo\/image\/"},"sameAs":["https:\/\/www.facebook.com\/psol50","https:\/\/x.com\/psol50","https:\/\/www.instagram.com\/psol50\/","https:\/\/www.youtube.com\/channel\/UC7SnJS5o1os7a6CaiNabzcg"]},{"@type":"Person","@id":"https:\/\/psol50.org.br\/#\/schema\/person\/475dfa57d0b815993c714c2e96491fcd","name":"Comunica\u00e7\u00e3o PSOL","image":{"@type":"ImageObject","inLanguage":"pt-BR","@id":"https:\/\/psol50.org.br\/#\/schema\/person\/image\/","url":"https:\/\/secure.gravatar.com\/avatar\/b34fc4f4e468a4e51785917065a3db57b841f5c95dba6ad8c73aaf8f66f8f9bf?s=96&d=mm&r=g","contentUrl":"https:\/\/secure.gravatar.com\/avatar\/b34fc4f4e468a4e51785917065a3db57b841f5c95dba6ad8c73aaf8f66f8f9bf?s=96&d=mm&r=g","caption":"Comunica\u00e7\u00e3o PSOL"}}]}},"_links":{"self":[{"href":"https:\/\/psol50.org.br\/rest\/wp\/v2\/posts\/20289","targetHints":{"allow":["GET"]}}],"collection":[{"href":"https:\/\/psol50.org.br\/rest\/wp\/v2\/posts"}],"about":[{"href":"https:\/\/psol50.org.br\/rest\/wp\/v2\/types\/post"}],"author":[{"embeddable":true,"href":"https:\/\/psol50.org.br\/rest\/wp\/v2\/users\/2"}],"replies":[{"embeddable":true,"href":"https:\/\/psol50.org.br\/rest\/wp\/v2\/comments?post=20289"}],"version-history":[{"count":0,"href":"https:\/\/psol50.org.br\/rest\/wp\/v2\/posts\/20289\/revisions"}],"wp:featuredmedia":[{"embeddable":true,"href":"https:\/\/psol50.org.br\/rest\/wp\/v2\/media\/20209"}],"wp:attachment":[{"href":"https:\/\/psol50.org.br\/rest\/wp\/v2\/media?parent=20289"}],"wp:term":[{"taxonomy":"category","embeddable":true,"href":"https:\/\/psol50.org.br\/rest\/wp\/v2\/categories?post=20289"},{"taxonomy":"post_tag","embeddable":true,"href":"https:\/\/psol50.org.br\/rest\/wp\/v2\/tags?post=20289"}],"curies":[{"name":"wp","href":"https:\/\/api.w.org\/{rel}","templated":true}]}}