{"id":2032,"date":"2013-06-05T00:00:00","date_gmt":"2013-06-05T00:00:00","guid":{"rendered":"http:\/\/psol50.org.br\/arquivo\/2013\/06\/05\/frente-dos-direitos-humanos-rejeita-projeto-da-cura-gay\/"},"modified":"2013-06-05T00:00:00","modified_gmt":"2013-06-05T00:00:00","slug":"frente-dos-direitos-humanos-rejeita-projeto-da-cura-gay","status":"publish","type":"post","link":"https:\/\/psol50.org.br\/frente-dos-direitos-humanos-rejeita-projeto-da-cura-gay\/","title":{"rendered":"Frente dos Direitos Humanos rejeita projeto da \u201ccura gay\u201d"},"content":{"rendered":"<div style=\"text-align: justify;\">\n\tA Frente Parlamentar em Defesa dos Direitos Humanos realizou ontem, 4 de junho, vota\u00e7\u00e3o simb\u00f3lica do Projeto de Decreto Legislativo (PDC) 234\/2011, proposta conhecida como \u201cprojeto da cura gay\u201d. Os deputados rejeitaram o projeto \u2013 ato simb\u00f3lico que demonstra contrariedade com o assunto.<br \/>\n\t&nbsp;<br \/>\n\tA atitude dos membros da Frente Parlamentar \u00e9 de desagravo pelo fato do PDC estar na pauta da Comiss\u00e3o e Direitos Humanos e Minorias (CDHM), presidida pelo deputado Marco Feliciano. O projeto n\u00e3o chegou a ser votado, ontem, na Comiss\u00e3o devido ao pedido de vista conjunta dos deputados Simpl\u00edcio Ara\u00fajo (PPS\/MA) e Marcos Rog\u00e9rio (PDT\/RO).<br \/>\n\t&nbsp;<br \/>\n\t&#8220;N\u00f3s t\u00ednhamos a preocupa\u00e7\u00e3o que algumas aberra\u00e7\u00f5es fossem aprovadas na comiss\u00e3o formal, na Direitos Humanos, sem deixar que acontecesse a sinaliza\u00e7\u00e3o que esta C\u00e2mara tivesse outros setores que aquilo apresentaria uma aberra\u00e7\u00e3o. Fomos informados que a comiss\u00e3o, felizmente anda um pouco inoperante, e um de seus membros pediu vistas ao projeto de cura gay&#8221;, justificou o deputado Chico Alencar (PSOL\/RJ).<br \/>\n\t&nbsp;<br \/>\n\tO PDC 234\/2011 suspende artigos da Resolu\u00e7\u00e3o 1\/1999, do Conselho Federal de Psicologia (CFP), que determina que \u201cos psic\u00f3logos n\u00e3o colaborar\u00e3o com eventos e servi\u00e7os que proponham tratamento e cura das homossexualidades\u201d.<br \/>\n\t&nbsp;<br \/>\n\tA psic\u00f3loga Cynthia Ciarallo, conselheira do CFP, reafirmou a contrariedade da entidade ao texto, que classifica como retrocesso no que se refere ao respeito \u00e0 diversidade no pa\u00eds, pois nem a Psicologia nem a Medicina tratam a homossexualidade como doen\u00e7a. \u201cTemos muita clareza de que a homossexualidade n\u00e3o \u00e9 uma quest\u00e3o de doen\u00e7a, a orienta\u00e7\u00e3o sexual \u00e9 algo pertinente ao processo indenit\u00e1rio do sujeito. A gente (os psic\u00f3logos) n\u00e3o tem controle sobre a vida das pessoas. H\u00e1 uma fantasia de que se ter o controle sobre as possibilidades do sujeito\u201d, completou.<\/div>\n<p>&nbsp;<br \/>\n&nbsp;<\/p>\n","protected":false},"excerpt":{"rendered":"<p>A Frente Parlamentar em Defesa dos Direitos Humanos realizou ontem, 4 de junho, vota\u00e7\u00e3o simb\u00f3lica do Projeto de Decreto Legislativo (PDC) 234\/2011, proposta conhecida como \u201cprojeto da cura gay\u201d. Os deputados rejeitaram o projeto \u2013 ato simb\u00f3lico que demonstra contrariedade com o assunto. &nbsp; A atitude dos membros da Frente Parlamentar \u00e9 de desagravo pelo [&hellip;]<\/p>\n","protected":false},"author":2,"featured_media":0,"comment_status":"open","ping_status":"open","sticky":false,"template":"","format":"standard","meta":{"_acf_changed":false,"footnotes":""},"categories":[4766],"tags":[],"class_list":{"0":"post-2032","1":"post","2":"type-post","3":"status-publish","4":"format-standard","6":"category-arquivo"},"acf":[],"yoast_head":"<!-- This site is optimized with the Yoast SEO plugin v26.5 - https:\/\/yoast.com\/wordpress\/plugins\/seo\/ -->\n<title>Frente dos Direitos Humanos rejeita projeto da \u201ccura gay\u201d - PSOL 50<\/title>\n<meta name=\"robots\" content=\"index, follow, max-snippet:-1, max-image-preview:large, max-video-preview:-1\" \/>\n<link rel=\"canonical\" href=\"https:\/\/psol50.org.br\/frente-dos-direitos-humanos-rejeita-projeto-da-cura-gay\/\" \/>\n<meta property=\"og:locale\" content=\"pt_BR\" \/>\n<meta property=\"og:type\" content=\"article\" \/>\n<meta property=\"og:title\" content=\"Frente dos Direitos Humanos rejeita projeto da \u201ccura gay\u201d - PSOL 50\" \/>\n<meta property=\"og:description\" content=\"A Frente Parlamentar em Defesa dos Direitos Humanos realizou ontem, 4 de junho, vota\u00e7\u00e3o simb\u00f3lica do Projeto de Decreto Legislativo (PDC) 234\/2011, proposta conhecida como \u201cprojeto da cura gay\u201d. Os deputados rejeitaram o projeto \u2013 ato simb\u00f3lico que demonstra contrariedade com o assunto. &nbsp; A atitude dos membros da Frente Parlamentar \u00e9 de desagravo pelo [&hellip;]\" \/>\n<meta property=\"og:url\" content=\"https:\/\/psol50.org.br\/frente-dos-direitos-humanos-rejeita-projeto-da-cura-gay\/\" \/>\n<meta property=\"og:site_name\" content=\"PSOL 50\" \/>\n<meta property=\"article:publisher\" content=\"https:\/\/www.facebook.com\/psol50\" \/>\n<meta property=\"article:published_time\" content=\"2013-06-05T00:00:00+00:00\" \/>\n<meta property=\"og:image\" content=\"https:\/\/psol50.org.br\/inc\/uploads\/2018\/07\/capa.png\" \/>\n\t<meta property=\"og:image:width\" content=\"1350\" \/>\n\t<meta property=\"og:image:height\" content=\"900\" \/>\n\t<meta property=\"og:image:type\" content=\"image\/png\" \/>\n<meta name=\"author\" content=\"Comunica\u00e7\u00e3o PSOL\" \/>\n<meta name=\"twitter:card\" content=\"summary_large_image\" \/>\n<meta name=\"twitter:creator\" content=\"@psol50\" \/>\n<meta name=\"twitter:site\" content=\"@psol50\" \/>\n<meta name=\"twitter:label1\" content=\"Escrito por\" \/>\n\t<meta name=\"twitter:data1\" content=\"Comunica\u00e7\u00e3o PSOL\" \/>\n\t<meta name=\"twitter:label2\" content=\"Est. tempo de leitura\" \/>\n\t<meta name=\"twitter:data2\" content=\"2 minutos\" \/>\n<script type=\"application\/ld+json\" class=\"yoast-schema-graph\">{\"@context\":\"https:\/\/schema.org\",\"@graph\":[{\"@type\":\"Article\",\"@id\":\"https:\/\/psol50.org.br\/frente-dos-direitos-humanos-rejeita-projeto-da-cura-gay\/#article\",\"isPartOf\":{\"@id\":\"https:\/\/psol50.org.br\/frente-dos-direitos-humanos-rejeita-projeto-da-cura-gay\/\"},\"author\":{\"name\":\"Comunica\u00e7\u00e3o PSOL\",\"@id\":\"https:\/\/psol50.org.br\/#\/schema\/person\/475dfa57d0b815993c714c2e96491fcd\"},\"headline\":\"Frente dos Direitos Humanos rejeita projeto da \u201ccura gay\u201d\",\"datePublished\":\"2013-06-05T00:00:00+00:00\",\"mainEntityOfPage\":{\"@id\":\"https:\/\/psol50.org.br\/frente-dos-direitos-humanos-rejeita-projeto-da-cura-gay\/\"},\"wordCount\":323,\"commentCount\":0,\"publisher\":{\"@id\":\"https:\/\/psol50.org.br\/#organization\"},\"articleSection\":[\"Arquivo\"],\"inLanguage\":\"pt-BR\",\"potentialAction\":[{\"@type\":\"CommentAction\",\"name\":\"Comment\",\"target\":[\"https:\/\/psol50.org.br\/frente-dos-direitos-humanos-rejeita-projeto-da-cura-gay\/#respond\"]}]},{\"@type\":\"WebPage\",\"@id\":\"https:\/\/psol50.org.br\/frente-dos-direitos-humanos-rejeita-projeto-da-cura-gay\/\",\"url\":\"https:\/\/psol50.org.br\/frente-dos-direitos-humanos-rejeita-projeto-da-cura-gay\/\",\"name\":\"Frente dos Direitos Humanos rejeita projeto da \u201ccura gay\u201d - PSOL 50\",\"isPartOf\":{\"@id\":\"https:\/\/psol50.org.br\/#website\"},\"datePublished\":\"2013-06-05T00:00:00+00:00\",\"breadcrumb\":{\"@id\":\"https:\/\/psol50.org.br\/frente-dos-direitos-humanos-rejeita-projeto-da-cura-gay\/#breadcrumb\"},\"inLanguage\":\"pt-BR\",\"potentialAction\":[{\"@type\":\"ReadAction\",\"target\":[\"https:\/\/psol50.org.br\/frente-dos-direitos-humanos-rejeita-projeto-da-cura-gay\/\"]}]},{\"@type\":\"BreadcrumbList\",\"@id\":\"https:\/\/psol50.org.br\/frente-dos-direitos-humanos-rejeita-projeto-da-cura-gay\/#breadcrumb\",\"itemListElement\":[{\"@type\":\"ListItem\",\"position\":1,\"name\":\"In\u00edcio\",\"item\":\"https:\/\/psol50.org.br\/\"},{\"@type\":\"ListItem\",\"position\":2,\"name\":\"Frente dos Direitos Humanos rejeita projeto da \u201ccura gay\u201d\"}]},{\"@type\":\"WebSite\",\"@id\":\"https:\/\/psol50.org.br\/#website\",\"url\":\"https:\/\/psol50.org.br\/\",\"name\":\"PSOL 50\",\"description\":\"Site oficial do Partido Socialismo e Liberdade\",\"publisher\":{\"@id\":\"https:\/\/psol50.org.br\/#organization\"},\"alternateName\":\"PSOL50\",\"potentialAction\":[{\"@type\":\"SearchAction\",\"target\":{\"@type\":\"EntryPoint\",\"urlTemplate\":\"https:\/\/psol50.org.br\/?s={search_term_string}\"},\"query-input\":{\"@type\":\"PropertyValueSpecification\",\"valueRequired\":true,\"valueName\":\"search_term_string\"}}],\"inLanguage\":\"pt-BR\"},{\"@type\":\"Organization\",\"@id\":\"https:\/\/psol50.org.br\/#organization\",\"name\":\"PSOL 50\",\"alternateName\":\"PSOL 50\",\"url\":\"https:\/\/psol50.org.br\/\",\"logo\":{\"@type\":\"ImageObject\",\"inLanguage\":\"pt-BR\",\"@id\":\"https:\/\/psol50.org.br\/#\/schema\/logo\/image\/\",\"url\":\"https:\/\/psol50.org.br\/inc\/uploads\/2018\/07\/capa.png\",\"contentUrl\":\"https:\/\/psol50.org.br\/inc\/uploads\/2018\/07\/capa.png\",\"width\":1350,\"height\":900,\"caption\":\"PSOL 50\"},\"image\":{\"@id\":\"https:\/\/psol50.org.br\/#\/schema\/logo\/image\/\"},\"sameAs\":[\"https:\/\/www.facebook.com\/psol50\",\"https:\/\/x.com\/psol50\",\"https:\/\/www.instagram.com\/psol50\/\",\"https:\/\/www.youtube.com\/channel\/UC7SnJS5o1os7a6CaiNabzcg\"]},{\"@type\":\"Person\",\"@id\":\"https:\/\/psol50.org.br\/#\/schema\/person\/475dfa57d0b815993c714c2e96491fcd\",\"name\":\"Comunica\u00e7\u00e3o PSOL\",\"image\":{\"@type\":\"ImageObject\",\"inLanguage\":\"pt-BR\",\"@id\":\"https:\/\/psol50.org.br\/#\/schema\/person\/image\/\",\"url\":\"https:\/\/secure.gravatar.com\/avatar\/b34fc4f4e468a4e51785917065a3db57b841f5c95dba6ad8c73aaf8f66f8f9bf?s=96&d=mm&r=g\",\"contentUrl\":\"https:\/\/secure.gravatar.com\/avatar\/b34fc4f4e468a4e51785917065a3db57b841f5c95dba6ad8c73aaf8f66f8f9bf?s=96&d=mm&r=g\",\"caption\":\"Comunica\u00e7\u00e3o PSOL\"}}]}<\/script>\n<!-- \/ Yoast SEO plugin. -->","yoast_head_json":{"title":"Frente dos Direitos Humanos rejeita projeto da \u201ccura gay\u201d - PSOL 50","robots":{"index":"index","follow":"follow","max-snippet":"max-snippet:-1","max-image-preview":"max-image-preview:large","max-video-preview":"max-video-preview:-1"},"canonical":"https:\/\/psol50.org.br\/frente-dos-direitos-humanos-rejeita-projeto-da-cura-gay\/","og_locale":"pt_BR","og_type":"article","og_title":"Frente dos Direitos Humanos rejeita projeto da \u201ccura gay\u201d - PSOL 50","og_description":"A Frente Parlamentar em Defesa dos Direitos Humanos realizou ontem, 4 de junho, vota\u00e7\u00e3o simb\u00f3lica do Projeto de Decreto Legislativo (PDC) 234\/2011, proposta conhecida como \u201cprojeto da cura gay\u201d. Os deputados rejeitaram o projeto \u2013 ato simb\u00f3lico que demonstra contrariedade com o assunto. &nbsp; A atitude dos membros da Frente Parlamentar \u00e9 de desagravo pelo [&hellip;]","og_url":"https:\/\/psol50.org.br\/frente-dos-direitos-humanos-rejeita-projeto-da-cura-gay\/","og_site_name":"PSOL 50","article_publisher":"https:\/\/www.facebook.com\/psol50","article_published_time":"2013-06-05T00:00:00+00:00","og_image":[{"width":1350,"height":900,"url":"https:\/\/psol50.org.br\/inc\/uploads\/2018\/07\/capa.png","type":"image\/png"}],"author":"Comunica\u00e7\u00e3o PSOL","twitter_card":"summary_large_image","twitter_creator":"@psol50","twitter_site":"@psol50","twitter_misc":{"Escrito por":"Comunica\u00e7\u00e3o PSOL","Est. tempo de leitura":"2 minutos"},"schema":{"@context":"https:\/\/schema.org","@graph":[{"@type":"Article","@id":"https:\/\/psol50.org.br\/frente-dos-direitos-humanos-rejeita-projeto-da-cura-gay\/#article","isPartOf":{"@id":"https:\/\/psol50.org.br\/frente-dos-direitos-humanos-rejeita-projeto-da-cura-gay\/"},"author":{"name":"Comunica\u00e7\u00e3o PSOL","@id":"https:\/\/psol50.org.br\/#\/schema\/person\/475dfa57d0b815993c714c2e96491fcd"},"headline":"Frente dos Direitos Humanos rejeita projeto da \u201ccura gay\u201d","datePublished":"2013-06-05T00:00:00+00:00","mainEntityOfPage":{"@id":"https:\/\/psol50.org.br\/frente-dos-direitos-humanos-rejeita-projeto-da-cura-gay\/"},"wordCount":323,"commentCount":0,"publisher":{"@id":"https:\/\/psol50.org.br\/#organization"},"articleSection":["Arquivo"],"inLanguage":"pt-BR","potentialAction":[{"@type":"CommentAction","name":"Comment","target":["https:\/\/psol50.org.br\/frente-dos-direitos-humanos-rejeita-projeto-da-cura-gay\/#respond"]}]},{"@type":"WebPage","@id":"https:\/\/psol50.org.br\/frente-dos-direitos-humanos-rejeita-projeto-da-cura-gay\/","url":"https:\/\/psol50.org.br\/frente-dos-direitos-humanos-rejeita-projeto-da-cura-gay\/","name":"Frente dos Direitos Humanos rejeita projeto da \u201ccura gay\u201d - PSOL 50","isPartOf":{"@id":"https:\/\/psol50.org.br\/#website"},"datePublished":"2013-06-05T00:00:00+00:00","breadcrumb":{"@id":"https:\/\/psol50.org.br\/frente-dos-direitos-humanos-rejeita-projeto-da-cura-gay\/#breadcrumb"},"inLanguage":"pt-BR","potentialAction":[{"@type":"ReadAction","target":["https:\/\/psol50.org.br\/frente-dos-direitos-humanos-rejeita-projeto-da-cura-gay\/"]}]},{"@type":"BreadcrumbList","@id":"https:\/\/psol50.org.br\/frente-dos-direitos-humanos-rejeita-projeto-da-cura-gay\/#breadcrumb","itemListElement":[{"@type":"ListItem","position":1,"name":"In\u00edcio","item":"https:\/\/psol50.org.br\/"},{"@type":"ListItem","position":2,"name":"Frente dos Direitos Humanos rejeita projeto da \u201ccura gay\u201d"}]},{"@type":"WebSite","@id":"https:\/\/psol50.org.br\/#website","url":"https:\/\/psol50.org.br\/","name":"PSOL 50","description":"Site oficial do Partido Socialismo e Liberdade","publisher":{"@id":"https:\/\/psol50.org.br\/#organization"},"alternateName":"PSOL50","potentialAction":[{"@type":"SearchAction","target":{"@type":"EntryPoint","urlTemplate":"https:\/\/psol50.org.br\/?s={search_term_string}"},"query-input":{"@type":"PropertyValueSpecification","valueRequired":true,"valueName":"search_term_string"}}],"inLanguage":"pt-BR"},{"@type":"Organization","@id":"https:\/\/psol50.org.br\/#organization","name":"PSOL 50","alternateName":"PSOL 50","url":"https:\/\/psol50.org.br\/","logo":{"@type":"ImageObject","inLanguage":"pt-BR","@id":"https:\/\/psol50.org.br\/#\/schema\/logo\/image\/","url":"https:\/\/psol50.org.br\/inc\/uploads\/2018\/07\/capa.png","contentUrl":"https:\/\/psol50.org.br\/inc\/uploads\/2018\/07\/capa.png","width":1350,"height":900,"caption":"PSOL 50"},"image":{"@id":"https:\/\/psol50.org.br\/#\/schema\/logo\/image\/"},"sameAs":["https:\/\/www.facebook.com\/psol50","https:\/\/x.com\/psol50","https:\/\/www.instagram.com\/psol50\/","https:\/\/www.youtube.com\/channel\/UC7SnJS5o1os7a6CaiNabzcg"]},{"@type":"Person","@id":"https:\/\/psol50.org.br\/#\/schema\/person\/475dfa57d0b815993c714c2e96491fcd","name":"Comunica\u00e7\u00e3o PSOL","image":{"@type":"ImageObject","inLanguage":"pt-BR","@id":"https:\/\/psol50.org.br\/#\/schema\/person\/image\/","url":"https:\/\/secure.gravatar.com\/avatar\/b34fc4f4e468a4e51785917065a3db57b841f5c95dba6ad8c73aaf8f66f8f9bf?s=96&d=mm&r=g","contentUrl":"https:\/\/secure.gravatar.com\/avatar\/b34fc4f4e468a4e51785917065a3db57b841f5c95dba6ad8c73aaf8f66f8f9bf?s=96&d=mm&r=g","caption":"Comunica\u00e7\u00e3o PSOL"}}]}},"_links":{"self":[{"href":"https:\/\/psol50.org.br\/rest\/wp\/v2\/posts\/2032","targetHints":{"allow":["GET"]}}],"collection":[{"href":"https:\/\/psol50.org.br\/rest\/wp\/v2\/posts"}],"about":[{"href":"https:\/\/psol50.org.br\/rest\/wp\/v2\/types\/post"}],"author":[{"embeddable":true,"href":"https:\/\/psol50.org.br\/rest\/wp\/v2\/users\/2"}],"replies":[{"embeddable":true,"href":"https:\/\/psol50.org.br\/rest\/wp\/v2\/comments?post=2032"}],"version-history":[{"count":0,"href":"https:\/\/psol50.org.br\/rest\/wp\/v2\/posts\/2032\/revisions"}],"wp:attachment":[{"href":"https:\/\/psol50.org.br\/rest\/wp\/v2\/media?parent=2032"}],"wp:term":[{"taxonomy":"category","embeddable":true,"href":"https:\/\/psol50.org.br\/rest\/wp\/v2\/categories?post=2032"},{"taxonomy":"post_tag","embeddable":true,"href":"https:\/\/psol50.org.br\/rest\/wp\/v2\/tags?post=2032"}],"curies":[{"name":"wp","href":"https:\/\/api.w.org\/{rel}","templated":true}]}}