{"id":20345,"date":"2018-03-22T13:21:49","date_gmt":"2018-03-22T16:21:49","guid":{"rendered":"http:\/\/www.psol50.org.br\/?p=20345"},"modified":"2018-03-22T13:21:49","modified_gmt":"2018-03-22T16:21:49","slug":"acao-pede-que-youtube-retire-do-ar-videos-caluniosos-contra-marielle-franco","status":"publish","type":"post","link":"https:\/\/psol50.org.br\/acao-pede-que-youtube-retire-do-ar-videos-caluniosos-contra-marielle-franco\/","title":{"rendered":"A\u00e7\u00e3o pede que Youtube retire do ar v\u00eddeos caluniosos contra Marielle Franco"},"content":{"rendered":"<p>Uma <a href=\"http:\/\/www.psol50.org.br\/inc\/uploads\/2018\/03\/AC\u0327A\u0303O-YOUTUBE.pdf\" target=\"_blank\" rel=\"noopener\"><span style=\"color: #0000ff;\"><strong>a\u00e7\u00e3o<\/strong><\/span><\/a> protocolada nesta quarta-feira (21) no Tribunal de Justi\u00e7a do Rio de Janeiro pede que o canal Youtube e o site de busca Google retirem do ar todos os v\u00eddeos caluniosos contra a vereadora do PSOL, Marielle Franco, morta no \u00faltimo dia 14 de mar\u00e7o, no Rio de Janeiro. As autoras do pedido s\u00e3o a irm\u00e3 e a companheira da v\u00edtima, Anielle Barboza e M\u00f4nica Ben\u00edcio, respectivamente.\u00a0A iniciativa \u00e9 parte da assist\u00eancia jur\u00eddica que o PSOL do Rio de Janeiro vem prestando \u00e0 fam\u00edlia de Marielle.<\/p>\n<p>A a\u00e7\u00e3o, assinada pelas advogadas Evelyn Melo, Juliana Dur\u00e3es e Samara de Castro, destaca o hist\u00f3rico de discursos de \u00f3dio e acusa\u00e7\u00f5es falsas e criminosas que circularam nas redes sociais logo ap\u00f3s o triste assassinato da vereadora. &#8220;As <em>fake news<\/em>, os discursos de \u00f3dio e a divulga\u00e7\u00e3o de conte\u00fados criminosos e, obviamente, inver\u00eddicos, come\u00e7aram a surgir a partir de quinta-feira, dia 15\/03\/2018, e foram tomando vulto na internet. Ent\u00e3o, no s\u00e1bado, dia 17\/03\/2018, foram tomadas medidas para prote\u00e7\u00e3o e preserva\u00e7\u00e3o da honra e da mem\u00f3ria de Marielle Franco e sua fam\u00edlia. No mesmo dia foi disponibilizado o e-mail: contato@ejsadvogadas.com.br para receber tais den\u00fancias e este endere\u00e7o eletr\u00f4nico foi amplamente divulgado na m\u00eddia em geral&#8221;, ressaltam.<\/p>\n<p>Indignados com as mentiras que estavam sendo espalhadas,\u00a0milhares de pessoas, do Brasil e do mundo, colaboraram com a campanha, enviando mensagens de solidariedade \u00e0 fam\u00edlia e ao PSOL e denunciando\u00a0v\u00eddeos, coment\u00e1rios falsos e maliciosos, compartilhamentos e publica\u00e7\u00f5es em geral, todas criminosas e atentat\u00f3rias \u00e0 imagem e \u00e0 mem\u00f3ria de Marielle Franco. Segundo as advogadas, foram mais de 16 mil e-mails, que serviram de base para a propositura da a\u00e7\u00e3o. &#8220;Foi uma mobiliza\u00e7\u00e3o coletiva, visando combater as <em>fake news<\/em> e o discurso de \u00f3dio&#8221;.<\/p>\n<p>Para embasar o pedido de retirada dos conte\u00fados do Youtube e das buscas no Google, as autoras destacam na a\u00e7\u00e3o que a internet n\u00e3o pode ser um espa\u00e7o de dissemina\u00e7\u00e3o do \u00f3dio e de viola\u00e7\u00e3o de direitos humanos. &#8220;O caso de Marielle Franco deu maior visibilidade a um ran\u00e7o que deve ser combatido. A internet n\u00e3o \u00e9 e n\u00e3o pode ser tratada como &#8216;terra sem lei&#8217;, tanto que os debates acerca de suas limita\u00e7\u00f5es e pondera\u00e7\u00f5es de interesses originaram o Marco Civil da Internet, Lei Federal n\u00ba 12.965, de 23 de abril de 2014. Muitos paradigmas ainda precisam ser regulados e a visibilidade que o presente caso teve na m\u00eddia mostrou o qu\u00e3o danosa essa agress\u00e3o invis\u00edvel pode ser&#8221;, explicam as autoras.<\/p>\n<p>O pedido de liminar determina que os v\u00eddeos sejam retirados do ar no prazo de 24 horas, sob pena de multa di\u00e1ria. Se a liminar n\u00e3o for cumprida no prazo estabelecido, as empresas ser\u00e3o\u00a0responsabilizadas pelos danos causados, nos termos do art. 19 da Lei n\u00ba 12.965\/2014.<\/p>\n<p>A relatora do pedido ser\u00e1 a ju\u00edza M\u00e1rcia Correia Holanda, que tem rela\u00e7\u00f5es de amizade com a desembargadora Mar\u00edlia Castro Neves e tamb\u00e9m faz parte do grupo no Facebook &#8220;Magistratura Free&#8221;, onde Mar\u00edlia manifestou quase todas as declara\u00e7\u00f5es de \u00f3dio que se tornaram p\u00fablicas. Na ter\u00e7a-feira (20), o PSOL entrou com reclama\u00e7\u00e3o disciplinar no <a href=\"http:\/\/www.psol50.org.br\/conheca-a-acao-do-psol-contra-a-desembargadora-que-publicou-mentiras-sobre-marielle-franco\/\" target=\"_blank\" rel=\"noopener\"><span style=\"color: #0000ff;\"><strong>Conselho Nacional de Justi\u00e7a (CNJ), contra a desembargadora<\/strong><\/span><\/a>. Diante desse fato, \u00e9 fundamental que a milit\u00e2ncia do partido, apoiadores e as pessoas que t\u00eam prestado solidariedade devido \u00e0 trag\u00e9dia pressionem o TJ-RJ para que a a\u00e7\u00e3o seja apurada com agilidade e transpar\u00eancia<\/p>\n<p>&nbsp;<\/p>\n","protected":false},"excerpt":{"rendered":"<p>Uma a\u00e7\u00e3o protocolada nesta quarta-feira (21) no Tribunal de Justi\u00e7a do Rio de Janeiro pede que o canal Youtube e o site de busca Google retirem do ar todos os v\u00eddeos caluniosos contra a vereadora do PSOL, Marielle Franco, morta no \u00faltimo dia 14 de mar\u00e7o, no Rio de Janeiro. As autoras do pedido s\u00e3o [&hellip;]<\/p>\n","protected":false},"author":2,"featured_media":20347,"comment_status":"open","ping_status":"open","sticky":false,"template":"","format":"standard","meta":{"_acf_changed":false,"footnotes":""},"categories":[1882,6],"tags":[1311,2355,2339,2356,2357,2358,2359,194,2360,1747,2361,2362,2363],"class_list":{"0":"post-20345","1":"post","2":"type-post","3":"status-publish","4":"format-standard","5":"has-post-thumbnail","7":"category-brasil","8":"category-noticias","9":"tag-acao","10":"tag-anielle-barboza","11":"tag-calunia","12":"tag-desembargadora","13":"tag-discurso-de-odio","14":"tag-google","15":"tag-juiza","16":"tag-marielle-franco","17":"tag-mentiras","18":"tag-monica-benicio","19":"tag-tjrj","20":"tag-videos","21":"tag-youtube"},"acf":[],"yoast_head":"<!-- This site is optimized with the Yoast SEO plugin v26.5 - https:\/\/yoast.com\/wordpress\/plugins\/seo\/ -->\n<title>A\u00e7\u00e3o pede que Youtube retire do ar v\u00eddeos caluniosos contra Marielle Franco - PSOL 50<\/title>\n<meta name=\"robots\" content=\"index, follow, max-snippet:-1, max-image-preview:large, max-video-preview:-1\" \/>\n<link rel=\"canonical\" href=\"https:\/\/psol50.org.br\/acao-pede-que-youtube-retire-do-ar-videos-caluniosos-contra-marielle-franco\/\" \/>\n<meta property=\"og:locale\" content=\"pt_BR\" \/>\n<meta property=\"og:type\" content=\"article\" \/>\n<meta property=\"og:title\" content=\"A\u00e7\u00e3o pede que Youtube retire do ar v\u00eddeos caluniosos contra Marielle Franco - PSOL 50\" \/>\n<meta property=\"og:description\" content=\"Uma a\u00e7\u00e3o protocolada nesta quarta-feira (21) no Tribunal de Justi\u00e7a do Rio de Janeiro pede que o canal Youtube e o site de busca Google retirem do ar todos os v\u00eddeos caluniosos contra a vereadora do PSOL, Marielle Franco, morta no \u00faltimo dia 14 de mar\u00e7o, no Rio de Janeiro. As autoras do pedido s\u00e3o [&hellip;]\" \/>\n<meta property=\"og:url\" content=\"https:\/\/psol50.org.br\/acao-pede-que-youtube-retire-do-ar-videos-caluniosos-contra-marielle-franco\/\" \/>\n<meta property=\"og:site_name\" content=\"PSOL 50\" \/>\n<meta property=\"article:publisher\" content=\"https:\/\/www.facebook.com\/psol50\" \/>\n<meta property=\"article:published_time\" content=\"2018-03-22T16:21:49+00:00\" \/>\n<meta property=\"og:image\" content=\"https:\/\/psol50.org.br\/inc\/uploads\/2018\/03\/Marielle_Discurso_Ninja.jpg\" \/>\n\t<meta property=\"og:image:width\" content=\"1350\" \/>\n\t<meta property=\"og:image:height\" content=\"899\" \/>\n\t<meta property=\"og:image:type\" content=\"image\/jpeg\" \/>\n<meta name=\"author\" content=\"Comunica\u00e7\u00e3o PSOL\" \/>\n<meta name=\"twitter:card\" content=\"summary_large_image\" \/>\n<meta name=\"twitter:creator\" content=\"@psol50\" \/>\n<meta name=\"twitter:site\" content=\"@psol50\" \/>\n<meta name=\"twitter:label1\" content=\"Escrito por\" \/>\n\t<meta name=\"twitter:data1\" content=\"Comunica\u00e7\u00e3o PSOL\" \/>\n\t<meta name=\"twitter:label2\" content=\"Est. tempo de leitura\" \/>\n\t<meta name=\"twitter:data2\" content=\"3 minutos\" \/>\n<script type=\"application\/ld+json\" class=\"yoast-schema-graph\">{\"@context\":\"https:\/\/schema.org\",\"@graph\":[{\"@type\":\"Article\",\"@id\":\"https:\/\/psol50.org.br\/acao-pede-que-youtube-retire-do-ar-videos-caluniosos-contra-marielle-franco\/#article\",\"isPartOf\":{\"@id\":\"https:\/\/psol50.org.br\/acao-pede-que-youtube-retire-do-ar-videos-caluniosos-contra-marielle-franco\/\"},\"author\":{\"name\":\"Comunica\u00e7\u00e3o PSOL\",\"@id\":\"https:\/\/psol50.org.br\/#\/schema\/person\/475dfa57d0b815993c714c2e96491fcd\"},\"headline\":\"A\u00e7\u00e3o pede que Youtube retire do ar v\u00eddeos caluniosos contra Marielle Franco\",\"datePublished\":\"2018-03-22T16:21:49+00:00\",\"mainEntityOfPage\":{\"@id\":\"https:\/\/psol50.org.br\/acao-pede-que-youtube-retire-do-ar-videos-caluniosos-contra-marielle-franco\/\"},\"wordCount\":624,\"commentCount\":0,\"publisher\":{\"@id\":\"https:\/\/psol50.org.br\/#organization\"},\"image\":{\"@id\":\"https:\/\/psol50.org.br\/acao-pede-que-youtube-retire-do-ar-videos-caluniosos-contra-marielle-franco\/#primaryimage\"},\"thumbnailUrl\":\"https:\/\/psol50.org.br\/inc\/uploads\/2018\/03\/Marielle_Discurso_Ninja.jpg\",\"keywords\":[\"a\u00e7\u00e3o\",\"Anielle Barboza\",\"cal\u00fania\",\"desembargadora\",\"discurso de \u00f3dio\",\"Google\",\"ju\u00edza\",\"Marielle Franco\",\"mentiras\",\"M\u00f4nica Ben\u00edcio\",\"TJRJ\",\"V\u00eddeos\",\"Youtube\"],\"articleSection\":[\"Brasil\",\"Not\u00edcias\"],\"inLanguage\":\"pt-BR\",\"potentialAction\":[{\"@type\":\"CommentAction\",\"name\":\"Comment\",\"target\":[\"https:\/\/psol50.org.br\/acao-pede-que-youtube-retire-do-ar-videos-caluniosos-contra-marielle-franco\/#respond\"]}]},{\"@type\":\"WebPage\",\"@id\":\"https:\/\/psol50.org.br\/acao-pede-que-youtube-retire-do-ar-videos-caluniosos-contra-marielle-franco\/\",\"url\":\"https:\/\/psol50.org.br\/acao-pede-que-youtube-retire-do-ar-videos-caluniosos-contra-marielle-franco\/\",\"name\":\"A\u00e7\u00e3o pede que Youtube retire do ar v\u00eddeos caluniosos contra Marielle Franco - PSOL 50\",\"isPartOf\":{\"@id\":\"https:\/\/psol50.org.br\/#website\"},\"primaryImageOfPage\":{\"@id\":\"https:\/\/psol50.org.br\/acao-pede-que-youtube-retire-do-ar-videos-caluniosos-contra-marielle-franco\/#primaryimage\"},\"image\":{\"@id\":\"https:\/\/psol50.org.br\/acao-pede-que-youtube-retire-do-ar-videos-caluniosos-contra-marielle-franco\/#primaryimage\"},\"thumbnailUrl\":\"https:\/\/psol50.org.br\/inc\/uploads\/2018\/03\/Marielle_Discurso_Ninja.jpg\",\"datePublished\":\"2018-03-22T16:21:49+00:00\",\"breadcrumb\":{\"@id\":\"https:\/\/psol50.org.br\/acao-pede-que-youtube-retire-do-ar-videos-caluniosos-contra-marielle-franco\/#breadcrumb\"},\"inLanguage\":\"pt-BR\",\"potentialAction\":[{\"@type\":\"ReadAction\",\"target\":[\"https:\/\/psol50.org.br\/acao-pede-que-youtube-retire-do-ar-videos-caluniosos-contra-marielle-franco\/\"]}]},{\"@type\":\"ImageObject\",\"inLanguage\":\"pt-BR\",\"@id\":\"https:\/\/psol50.org.br\/acao-pede-que-youtube-retire-do-ar-videos-caluniosos-contra-marielle-franco\/#primaryimage\",\"url\":\"https:\/\/psol50.org.br\/inc\/uploads\/2018\/03\/Marielle_Discurso_Ninja.jpg\",\"contentUrl\":\"https:\/\/psol50.org.br\/inc\/uploads\/2018\/03\/Marielle_Discurso_Ninja.jpg\",\"width\":1350,\"height\":899,\"caption\":\"Foto: M\u00eddia Ninja\"},{\"@type\":\"BreadcrumbList\",\"@id\":\"https:\/\/psol50.org.br\/acao-pede-que-youtube-retire-do-ar-videos-caluniosos-contra-marielle-franco\/#breadcrumb\",\"itemListElement\":[{\"@type\":\"ListItem\",\"position\":1,\"name\":\"In\u00edcio\",\"item\":\"https:\/\/psol50.org.br\/\"},{\"@type\":\"ListItem\",\"position\":2,\"name\":\"A\u00e7\u00e3o pede que Youtube retire do ar v\u00eddeos caluniosos contra Marielle Franco\"}]},{\"@type\":\"WebSite\",\"@id\":\"https:\/\/psol50.org.br\/#website\",\"url\":\"https:\/\/psol50.org.br\/\",\"name\":\"PSOL 50\",\"description\":\"Site oficial do Partido Socialismo e Liberdade\",\"publisher\":{\"@id\":\"https:\/\/psol50.org.br\/#organization\"},\"alternateName\":\"PSOL50\",\"potentialAction\":[{\"@type\":\"SearchAction\",\"target\":{\"@type\":\"EntryPoint\",\"urlTemplate\":\"https:\/\/psol50.org.br\/?s={search_term_string}\"},\"query-input\":{\"@type\":\"PropertyValueSpecification\",\"valueRequired\":true,\"valueName\":\"search_term_string\"}}],\"inLanguage\":\"pt-BR\"},{\"@type\":\"Organization\",\"@id\":\"https:\/\/psol50.org.br\/#organization\",\"name\":\"PSOL 50\",\"alternateName\":\"PSOL 50\",\"url\":\"https:\/\/psol50.org.br\/\",\"logo\":{\"@type\":\"ImageObject\",\"inLanguage\":\"pt-BR\",\"@id\":\"https:\/\/psol50.org.br\/#\/schema\/logo\/image\/\",\"url\":\"https:\/\/psol50.org.br\/inc\/uploads\/2018\/07\/capa.png\",\"contentUrl\":\"https:\/\/psol50.org.br\/inc\/uploads\/2018\/07\/capa.png\",\"width\":1350,\"height\":900,\"caption\":\"PSOL 50\"},\"image\":{\"@id\":\"https:\/\/psol50.org.br\/#\/schema\/logo\/image\/\"},\"sameAs\":[\"https:\/\/www.facebook.com\/psol50\",\"https:\/\/x.com\/psol50\",\"https:\/\/www.instagram.com\/psol50\/\",\"https:\/\/www.youtube.com\/channel\/UC7SnJS5o1os7a6CaiNabzcg\"]},{\"@type\":\"Person\",\"@id\":\"https:\/\/psol50.org.br\/#\/schema\/person\/475dfa57d0b815993c714c2e96491fcd\",\"name\":\"Comunica\u00e7\u00e3o PSOL\",\"image\":{\"@type\":\"ImageObject\",\"inLanguage\":\"pt-BR\",\"@id\":\"https:\/\/psol50.org.br\/#\/schema\/person\/image\/\",\"url\":\"https:\/\/secure.gravatar.com\/avatar\/b34fc4f4e468a4e51785917065a3db57b841f5c95dba6ad8c73aaf8f66f8f9bf?s=96&d=mm&r=g\",\"contentUrl\":\"https:\/\/secure.gravatar.com\/avatar\/b34fc4f4e468a4e51785917065a3db57b841f5c95dba6ad8c73aaf8f66f8f9bf?s=96&d=mm&r=g\",\"caption\":\"Comunica\u00e7\u00e3o PSOL\"}}]}<\/script>\n<!-- \/ Yoast SEO plugin. -->","yoast_head_json":{"title":"A\u00e7\u00e3o pede que Youtube retire do ar v\u00eddeos caluniosos contra Marielle Franco - PSOL 50","robots":{"index":"index","follow":"follow","max-snippet":"max-snippet:-1","max-image-preview":"max-image-preview:large","max-video-preview":"max-video-preview:-1"},"canonical":"https:\/\/psol50.org.br\/acao-pede-que-youtube-retire-do-ar-videos-caluniosos-contra-marielle-franco\/","og_locale":"pt_BR","og_type":"article","og_title":"A\u00e7\u00e3o pede que Youtube retire do ar v\u00eddeos caluniosos contra Marielle Franco - PSOL 50","og_description":"Uma a\u00e7\u00e3o protocolada nesta quarta-feira (21) no Tribunal de Justi\u00e7a do Rio de Janeiro pede que o canal Youtube e o site de busca Google retirem do ar todos os v\u00eddeos caluniosos contra a vereadora do PSOL, Marielle Franco, morta no \u00faltimo dia 14 de mar\u00e7o, no Rio de Janeiro. As autoras do pedido s\u00e3o [&hellip;]","og_url":"https:\/\/psol50.org.br\/acao-pede-que-youtube-retire-do-ar-videos-caluniosos-contra-marielle-franco\/","og_site_name":"PSOL 50","article_publisher":"https:\/\/www.facebook.com\/psol50","article_published_time":"2018-03-22T16:21:49+00:00","og_image":[{"width":1350,"height":899,"url":"https:\/\/psol50.org.br\/inc\/uploads\/2018\/03\/Marielle_Discurso_Ninja.jpg","type":"image\/jpeg"}],"author":"Comunica\u00e7\u00e3o PSOL","twitter_card":"summary_large_image","twitter_creator":"@psol50","twitter_site":"@psol50","twitter_misc":{"Escrito por":"Comunica\u00e7\u00e3o PSOL","Est. tempo de leitura":"3 minutos"},"schema":{"@context":"https:\/\/schema.org","@graph":[{"@type":"Article","@id":"https:\/\/psol50.org.br\/acao-pede-que-youtube-retire-do-ar-videos-caluniosos-contra-marielle-franco\/#article","isPartOf":{"@id":"https:\/\/psol50.org.br\/acao-pede-que-youtube-retire-do-ar-videos-caluniosos-contra-marielle-franco\/"},"author":{"name":"Comunica\u00e7\u00e3o PSOL","@id":"https:\/\/psol50.org.br\/#\/schema\/person\/475dfa57d0b815993c714c2e96491fcd"},"headline":"A\u00e7\u00e3o pede que Youtube retire do ar v\u00eddeos caluniosos contra Marielle Franco","datePublished":"2018-03-22T16:21:49+00:00","mainEntityOfPage":{"@id":"https:\/\/psol50.org.br\/acao-pede-que-youtube-retire-do-ar-videos-caluniosos-contra-marielle-franco\/"},"wordCount":624,"commentCount":0,"publisher":{"@id":"https:\/\/psol50.org.br\/#organization"},"image":{"@id":"https:\/\/psol50.org.br\/acao-pede-que-youtube-retire-do-ar-videos-caluniosos-contra-marielle-franco\/#primaryimage"},"thumbnailUrl":"https:\/\/psol50.org.br\/inc\/uploads\/2018\/03\/Marielle_Discurso_Ninja.jpg","keywords":["a\u00e7\u00e3o","Anielle Barboza","cal\u00fania","desembargadora","discurso de \u00f3dio","Google","ju\u00edza","Marielle Franco","mentiras","M\u00f4nica Ben\u00edcio","TJRJ","V\u00eddeos","Youtube"],"articleSection":["Brasil","Not\u00edcias"],"inLanguage":"pt-BR","potentialAction":[{"@type":"CommentAction","name":"Comment","target":["https:\/\/psol50.org.br\/acao-pede-que-youtube-retire-do-ar-videos-caluniosos-contra-marielle-franco\/#respond"]}]},{"@type":"WebPage","@id":"https:\/\/psol50.org.br\/acao-pede-que-youtube-retire-do-ar-videos-caluniosos-contra-marielle-franco\/","url":"https:\/\/psol50.org.br\/acao-pede-que-youtube-retire-do-ar-videos-caluniosos-contra-marielle-franco\/","name":"A\u00e7\u00e3o pede que Youtube retire do ar v\u00eddeos caluniosos contra Marielle Franco - PSOL 50","isPartOf":{"@id":"https:\/\/psol50.org.br\/#website"},"primaryImageOfPage":{"@id":"https:\/\/psol50.org.br\/acao-pede-que-youtube-retire-do-ar-videos-caluniosos-contra-marielle-franco\/#primaryimage"},"image":{"@id":"https:\/\/psol50.org.br\/acao-pede-que-youtube-retire-do-ar-videos-caluniosos-contra-marielle-franco\/#primaryimage"},"thumbnailUrl":"https:\/\/psol50.org.br\/inc\/uploads\/2018\/03\/Marielle_Discurso_Ninja.jpg","datePublished":"2018-03-22T16:21:49+00:00","breadcrumb":{"@id":"https:\/\/psol50.org.br\/acao-pede-que-youtube-retire-do-ar-videos-caluniosos-contra-marielle-franco\/#breadcrumb"},"inLanguage":"pt-BR","potentialAction":[{"@type":"ReadAction","target":["https:\/\/psol50.org.br\/acao-pede-que-youtube-retire-do-ar-videos-caluniosos-contra-marielle-franco\/"]}]},{"@type":"ImageObject","inLanguage":"pt-BR","@id":"https:\/\/psol50.org.br\/acao-pede-que-youtube-retire-do-ar-videos-caluniosos-contra-marielle-franco\/#primaryimage","url":"https:\/\/psol50.org.br\/inc\/uploads\/2018\/03\/Marielle_Discurso_Ninja.jpg","contentUrl":"https:\/\/psol50.org.br\/inc\/uploads\/2018\/03\/Marielle_Discurso_Ninja.jpg","width":1350,"height":899,"caption":"Foto: M\u00eddia Ninja"},{"@type":"BreadcrumbList","@id":"https:\/\/psol50.org.br\/acao-pede-que-youtube-retire-do-ar-videos-caluniosos-contra-marielle-franco\/#breadcrumb","itemListElement":[{"@type":"ListItem","position":1,"name":"In\u00edcio","item":"https:\/\/psol50.org.br\/"},{"@type":"ListItem","position":2,"name":"A\u00e7\u00e3o pede que Youtube retire do ar v\u00eddeos caluniosos contra Marielle Franco"}]},{"@type":"WebSite","@id":"https:\/\/psol50.org.br\/#website","url":"https:\/\/psol50.org.br\/","name":"PSOL 50","description":"Site oficial do Partido Socialismo e Liberdade","publisher":{"@id":"https:\/\/psol50.org.br\/#organization"},"alternateName":"PSOL50","potentialAction":[{"@type":"SearchAction","target":{"@type":"EntryPoint","urlTemplate":"https:\/\/psol50.org.br\/?s={search_term_string}"},"query-input":{"@type":"PropertyValueSpecification","valueRequired":true,"valueName":"search_term_string"}}],"inLanguage":"pt-BR"},{"@type":"Organization","@id":"https:\/\/psol50.org.br\/#organization","name":"PSOL 50","alternateName":"PSOL 50","url":"https:\/\/psol50.org.br\/","logo":{"@type":"ImageObject","inLanguage":"pt-BR","@id":"https:\/\/psol50.org.br\/#\/schema\/logo\/image\/","url":"https:\/\/psol50.org.br\/inc\/uploads\/2018\/07\/capa.png","contentUrl":"https:\/\/psol50.org.br\/inc\/uploads\/2018\/07\/capa.png","width":1350,"height":900,"caption":"PSOL 50"},"image":{"@id":"https:\/\/psol50.org.br\/#\/schema\/logo\/image\/"},"sameAs":["https:\/\/www.facebook.com\/psol50","https:\/\/x.com\/psol50","https:\/\/www.instagram.com\/psol50\/","https:\/\/www.youtube.com\/channel\/UC7SnJS5o1os7a6CaiNabzcg"]},{"@type":"Person","@id":"https:\/\/psol50.org.br\/#\/schema\/person\/475dfa57d0b815993c714c2e96491fcd","name":"Comunica\u00e7\u00e3o PSOL","image":{"@type":"ImageObject","inLanguage":"pt-BR","@id":"https:\/\/psol50.org.br\/#\/schema\/person\/image\/","url":"https:\/\/secure.gravatar.com\/avatar\/b34fc4f4e468a4e51785917065a3db57b841f5c95dba6ad8c73aaf8f66f8f9bf?s=96&d=mm&r=g","contentUrl":"https:\/\/secure.gravatar.com\/avatar\/b34fc4f4e468a4e51785917065a3db57b841f5c95dba6ad8c73aaf8f66f8f9bf?s=96&d=mm&r=g","caption":"Comunica\u00e7\u00e3o PSOL"}}]}},"_links":{"self":[{"href":"https:\/\/psol50.org.br\/rest\/wp\/v2\/posts\/20345","targetHints":{"allow":["GET"]}}],"collection":[{"href":"https:\/\/psol50.org.br\/rest\/wp\/v2\/posts"}],"about":[{"href":"https:\/\/psol50.org.br\/rest\/wp\/v2\/types\/post"}],"author":[{"embeddable":true,"href":"https:\/\/psol50.org.br\/rest\/wp\/v2\/users\/2"}],"replies":[{"embeddable":true,"href":"https:\/\/psol50.org.br\/rest\/wp\/v2\/comments?post=20345"}],"version-history":[{"count":0,"href":"https:\/\/psol50.org.br\/rest\/wp\/v2\/posts\/20345\/revisions"}],"wp:featuredmedia":[{"embeddable":true,"href":"https:\/\/psol50.org.br\/rest\/wp\/v2\/media\/20347"}],"wp:attachment":[{"href":"https:\/\/psol50.org.br\/rest\/wp\/v2\/media?parent=20345"}],"wp:term":[{"taxonomy":"category","embeddable":true,"href":"https:\/\/psol50.org.br\/rest\/wp\/v2\/categories?post=20345"},{"taxonomy":"post_tag","embeddable":true,"href":"https:\/\/psol50.org.br\/rest\/wp\/v2\/tags?post=20345"}],"curies":[{"name":"wp","href":"https:\/\/api.w.org\/{rel}","templated":true}]}}