{"id":2036,"date":"2013-06-06T00:00:00","date_gmt":"2013-06-06T00:00:00","guid":{"rendered":"http:\/\/psol50.org.br\/arquivo\/2013\/06\/06\/vamos-partir-para-a-luta-e-vamos-retomar-o-que-e-nosso-diz-indigena\/"},"modified":"2013-06-06T00:00:00","modified_gmt":"2013-06-06T00:00:00","slug":"vamos-partir-para-a-luta-e-vamos-retomar-o-que-e-nosso-diz-indigena","status":"publish","type":"post","link":"https:\/\/psol50.org.br\/vamos-partir-para-a-luta-e-vamos-retomar-o-que-e-nosso-diz-indigena\/","title":{"rendered":"&#8220;Vamos partir para a luta e vamos retomar o que \u00e9 nosso\u201d, diz ind\u00edgena"},"content":{"rendered":"<div style=\"text-align: justify;\">\n\tAs mais de 400 pessoas que marcharam por 50Km desde segunda-feira (3) em Mato Grosso do Sul, chegaram na manh\u00e3 dessa quarta-feira (5) na capital do estado, em Campo Grande, e est\u00e3o acampados na entrada da cidade.<br \/>\n\t&nbsp;<br \/>\n\tDiante de um cen\u00e1rio em que a ofensiva do agroneg\u00f3cio avan\u00e7a sobre a fronteira agr\u00edcola do pa\u00eds, a popula\u00e7\u00e3o ind\u00edgena, camponesa e quilombola marcha h\u00e1 tr\u00eas dias levando o lema Reforma Agr\u00e1ria, Demarca\u00e7\u00e3o das Terras Ind\u00edgenas e Quilombolas, Contra o Capital e pela Soberania Alimentar.<br \/>\n\t&nbsp;<br \/>\n\tA mobiliza\u00e7\u00e3o, que est\u00e1 sendo composta pela popula\u00e7\u00e3o ind\u00edgena Guarani-kaiow\u00e1, movimento estudantil e movimentos camponeses, \u00e9 um resultado do Encontro Unit\u00e1rio dos movimentos sociais do campo, que aconteceu em agosto de 2012 em Bras\u00edlia, como observa Atiliana Brunetto, da coordena\u00e7\u00e3o nacional do MST.<br \/>\n\t&nbsp;<br \/>\n\t\u201cMas essa articula\u00e7\u00e3o se fortaleceu e se sentiu mais necess\u00e1ria ap\u00f3s o fato na Fazenda Buriti, com o despejo violento. O caso est\u00e1 grave com rela\u00e7\u00e3o \u00e0 luta ind\u00edgena na regi\u00e3o. Esse modelo acaba com \u00edndios e exclui os povos da terra. Precisamos dizer que \u00e9 o grande capital que est\u00e1 excluindo o nosso povo\u201d, disse Atiliana, ao apontar o grande latif\u00fandio como o maior respons\u00e1vel pelos conflitos na regi\u00e3o.<br \/>\n\t&nbsp;<br \/>\n\tNa ter\u00e7a-feira (4), mais um ind\u00edgena da etnia Terena foi alvo do conflito pela terra na regi\u00e3o, ao ser baleado no munic\u00edpio da Sidrol\u00e2ndia (MS). No \u00faltimo dia 30 de maio, o ind\u00edgena terena Osiel Gabriel foi morto na Fazenda Buriti, onde mais tr\u00eas \u00edndios ficaram feridos durante uma a\u00e7\u00e3o de reintegra\u00e7\u00e3o de posse, comandada pela Pol\u00edcia Federal.<br \/>\n\t&nbsp;<br \/>\n\t\u201cA luta dos movimentos sociais n\u00e3o \u00e9 diferente da nossa e por isso tomamos essa corrente para somarmos for\u00e7a e irmos pra luta\u201d, conta o ind\u00edgena Oriel Kaiow\u00e1, destacando a import\u00e2ncia dos movimentos sociais e ind\u00edgenas fortalecerem a luta unit\u00e1ria pela demarca\u00e7\u00e3o das terras ind\u00edgenas e quilombolas, assim como a Reforma Agr\u00e1ria.<br \/>\n\t&nbsp;<br \/>\n\t\u201cEssa marcha hist\u00f3rica denuncia o que estamos sofrendo, assim como os demais movimentos, e demonstra nossa indigna\u00e7\u00e3o e preocupa\u00e7\u00e3o com a atitude do governo que vem desqualificando a luta dos povos ind\u00edgenas\u201d, completa.<br \/>\n\t&nbsp;<br \/>\n\tNa tarde desta quarta, os movimentos se reuniram com o Instituto Nacional de Coloniza\u00e7\u00e3o e Reforma Agr\u00e1ria (Incra) para apresentarem suas pautas. Ainda pretendem entregar um documento denunciando a situa\u00e7\u00e3o local para o Ministro da Justi\u00e7a, Eduardo Cardoso.&nbsp;<br \/>\n\t&nbsp;<br \/>\n\tNesta quinta-feira (6), estava prevista uma a\u00e7\u00e3o unificada em Campo Grande para, na manh\u00e3 de sexta-feira (7), promoverem um ato com o objetivo de sensibilizar a popula\u00e7\u00e3o mato-grossense em rela\u00e7\u00e3o \u00e0 quest\u00e3o da terra e o conflito instalado no estado.&nbsp;<br \/>\n\t&nbsp;<br \/>\n\t<strong>Uma pedra no caminho<\/strong><br \/>\n\tJ\u00e1 n\u00e3o bastasse os \u00f3rg\u00e3os federais respons\u00e1veis por essas quest\u00f5es, como o Incra e a Funda\u00e7\u00e3o Nacional do \u00cdndio (Funai), estarem desestruturados e sem condi\u00e7\u00f5es de exercerem o que lhes competem, h\u00e1 ainda outro entrave na luta desses movimentos sociais: o Poder Judici\u00e1rio.&nbsp;&nbsp;&nbsp;<br \/>\n\t&nbsp;<br \/>\n\t\u201cO Incra est\u00e1 totalmente paralisado h\u00e1 tr\u00eas anos, sem nenhuma conquista de terra. O conflito ind\u00edgena est\u00e1 crescente, pois assim como o Incra, a Funai n\u00e3o tem condi\u00e7\u00f5es de fazer a demarca\u00e7\u00e3o. O Poder Judici\u00e1rio vem criando diversos empecilhos, com a cria\u00e7\u00e3o de v\u00e1rias emendas e portarias que impedem a demarca\u00e7\u00e3o das terras\u201d, critica Atiliana.<br \/>\n\t&nbsp;<br \/>\n\tNa mesma linha segue Oriel Kaiow\u00e1, ao criticar a atitude dos poderes legislativo, executivo e judici\u00e1rio. \u201cAs PECs (Proposta de Emenda Constitucional) e as portarias est\u00e3o atingindo a Constitui\u00e7\u00e3o Federal e os direitos que conquistamos com muita luta\u201d.<br \/>\n\t&nbsp;<br \/>\n\tQuerem tirar o poder da Funai e passar para o Congresso Nacional, querem legalizar o arrendamento dos produtores rurais e a explora\u00e7\u00e3o dentro das aldeias\u201d, acusa Oriel.<br \/>\n\t&nbsp;<br \/>\n\tDentre as ofensivas sobre os direitos ind\u00edgenas, h\u00e1, por exemplo, a PEC 215\/2000, que visa passar ao Congresso Nacional a compet\u00eancia da aprova\u00e7\u00e3o da demarca\u00e7\u00e3o das terras ind\u00edgenas.<br \/>\n\t&nbsp;<br \/>\n\tA PEC 237\/2013, por sua vez, cria a possibilidade de produtores rurais terem a posse indireta de terras ind\u00edgenas na forma de concess\u00e3o. J\u00e1 a Portaria 419\/2011 prev\u00ea a regulamenta\u00e7\u00e3o da atua\u00e7\u00e3o de \u00f3rg\u00e3os e entidades da administra\u00e7\u00e3o p\u00fablica para agilizar os licenciamentos ambientais para infraestruturas que atingem terras ind\u00edgenas.<br \/>\n\t&nbsp;<br \/>\n\tAt\u00e9 mesmo o julgamento do caso da Raposa Serra do Sol pelo Supremo Tribunal Federal (STF), que deu ganho de causa aos ind\u00edgenas da regi\u00e3o, tem seus fundamentos invertidos. A Portaria 303\/2012 pretende estender a aplica\u00e7\u00e3o dos elementos avaliados naquele caso a demais \u00e1reas ind\u00edgenas, determinando que os procedimentos j\u00e1 \u201cfinalizados\u201d sejam \u201crevistos e adequados\u201d aos seus termos.<br \/>\n\t&nbsp;<br \/>\n\t\u201cIsso mostra que est\u00e1 caminhando ao exterm\u00ednio do povo ind\u00edgena. Estamos sendo massacrados pela pr\u00f3pria pol\u00edcia federal. Os Guarani-kaiow\u00e1 j\u00e1 perderam 215 lideran\u00e7as, e os culpados est\u00e3o impunes\u201d, acusa Oriel.<br \/>\n\t&nbsp;<br \/>\n\tPara ambos, a principal causa do conflito \u00e9 a terra e o poder do grande latif\u00fandio que impera no estado. \u201cOs grandes produtores e empreendimentos v\u00eam devastando nossas terras, deixando nossa terra sem oportunidade de plantar. Mas n\u00f3s decidimos que vamos partir para a luta e vamos retomar o que \u00e9 nosso\u201d, disse Oriel.<\/div>\n","protected":false},"excerpt":{"rendered":"<p>As mais de 400 pessoas que marcharam por 50Km desde segunda-feira (3) em Mato Grosso do Sul, chegaram na manh\u00e3 dessa quarta-feira (5) na capital do estado, em Campo Grande, e est\u00e3o acampados na entrada da cidade. &nbsp; Diante de um cen\u00e1rio em que a ofensiva do agroneg\u00f3cio avan\u00e7a sobre a fronteira agr\u00edcola do pa\u00eds, [&hellip;]<\/p>\n","protected":false},"author":2,"featured_media":0,"comment_status":"open","ping_status":"open","sticky":false,"template":"","format":"standard","meta":{"_acf_changed":false,"footnotes":""},"categories":[4766],"tags":[],"class_list":{"0":"post-2036","1":"post","2":"type-post","3":"status-publish","4":"format-standard","6":"category-arquivo"},"acf":[],"yoast_head":"<!-- This site is optimized with the Yoast SEO plugin v26.5 - https:\/\/yoast.com\/wordpress\/plugins\/seo\/ -->\n<title>&quot;Vamos partir para a luta e vamos retomar o que \u00e9 nosso\u201d, diz ind\u00edgena - PSOL 50<\/title>\n<meta name=\"robots\" content=\"index, follow, max-snippet:-1, max-image-preview:large, max-video-preview:-1\" \/>\n<link rel=\"canonical\" href=\"https:\/\/psol50.org.br\/vamos-partir-para-a-luta-e-vamos-retomar-o-que-e-nosso-diz-indigena\/\" \/>\n<meta property=\"og:locale\" content=\"pt_BR\" \/>\n<meta property=\"og:type\" content=\"article\" \/>\n<meta property=\"og:title\" content=\"&quot;Vamos partir para a luta e vamos retomar o que \u00e9 nosso\u201d, diz ind\u00edgena - PSOL 50\" \/>\n<meta property=\"og:description\" content=\"As mais de 400 pessoas que marcharam por 50Km desde segunda-feira (3) em Mato Grosso do Sul, chegaram na manh\u00e3 dessa quarta-feira (5) na capital do estado, em Campo Grande, e est\u00e3o acampados na entrada da cidade. &nbsp; Diante de um cen\u00e1rio em que a ofensiva do agroneg\u00f3cio avan\u00e7a sobre a fronteira agr\u00edcola do pa\u00eds, [&hellip;]\" \/>\n<meta property=\"og:url\" content=\"https:\/\/psol50.org.br\/vamos-partir-para-a-luta-e-vamos-retomar-o-que-e-nosso-diz-indigena\/\" \/>\n<meta property=\"og:site_name\" content=\"PSOL 50\" \/>\n<meta property=\"article:publisher\" content=\"https:\/\/www.facebook.com\/psol50\" \/>\n<meta property=\"article:published_time\" content=\"2013-06-06T00:00:00+00:00\" \/>\n<meta property=\"og:image\" content=\"https:\/\/psol50.org.br\/inc\/uploads\/2018\/07\/capa.png\" \/>\n\t<meta property=\"og:image:width\" content=\"1350\" \/>\n\t<meta property=\"og:image:height\" content=\"900\" \/>\n\t<meta property=\"og:image:type\" content=\"image\/png\" \/>\n<meta name=\"author\" content=\"Comunica\u00e7\u00e3o PSOL\" \/>\n<meta name=\"twitter:card\" content=\"summary_large_image\" \/>\n<meta name=\"twitter:creator\" content=\"@psol50\" \/>\n<meta name=\"twitter:site\" content=\"@psol50\" \/>\n<meta name=\"twitter:label1\" content=\"Escrito por\" \/>\n\t<meta name=\"twitter:data1\" content=\"Comunica\u00e7\u00e3o PSOL\" \/>\n\t<meta name=\"twitter:label2\" content=\"Est. tempo de leitura\" \/>\n\t<meta name=\"twitter:data2\" content=\"5 minutos\" \/>\n<script type=\"application\/ld+json\" class=\"yoast-schema-graph\">{\"@context\":\"https:\/\/schema.org\",\"@graph\":[{\"@type\":\"Article\",\"@id\":\"https:\/\/psol50.org.br\/vamos-partir-para-a-luta-e-vamos-retomar-o-que-e-nosso-diz-indigena\/#article\",\"isPartOf\":{\"@id\":\"https:\/\/psol50.org.br\/vamos-partir-para-a-luta-e-vamos-retomar-o-que-e-nosso-diz-indigena\/\"},\"author\":{\"name\":\"Comunica\u00e7\u00e3o PSOL\",\"@id\":\"https:\/\/psol50.org.br\/#\/schema\/person\/475dfa57d0b815993c714c2e96491fcd\"},\"headline\":\"&#8220;Vamos partir para a luta e vamos retomar o que \u00e9 nosso\u201d, diz ind\u00edgena\",\"datePublished\":\"2013-06-06T00:00:00+00:00\",\"mainEntityOfPage\":{\"@id\":\"https:\/\/psol50.org.br\/vamos-partir-para-a-luta-e-vamos-retomar-o-que-e-nosso-diz-indigena\/\"},\"wordCount\":923,\"commentCount\":0,\"publisher\":{\"@id\":\"https:\/\/psol50.org.br\/#organization\"},\"articleSection\":[\"Arquivo\"],\"inLanguage\":\"pt-BR\",\"potentialAction\":[{\"@type\":\"CommentAction\",\"name\":\"Comment\",\"target\":[\"https:\/\/psol50.org.br\/vamos-partir-para-a-luta-e-vamos-retomar-o-que-e-nosso-diz-indigena\/#respond\"]}]},{\"@type\":\"WebPage\",\"@id\":\"https:\/\/psol50.org.br\/vamos-partir-para-a-luta-e-vamos-retomar-o-que-e-nosso-diz-indigena\/\",\"url\":\"https:\/\/psol50.org.br\/vamos-partir-para-a-luta-e-vamos-retomar-o-que-e-nosso-diz-indigena\/\",\"name\":\"\\\"Vamos partir para a luta e vamos retomar o que \u00e9 nosso\u201d, diz ind\u00edgena - PSOL 50\",\"isPartOf\":{\"@id\":\"https:\/\/psol50.org.br\/#website\"},\"datePublished\":\"2013-06-06T00:00:00+00:00\",\"breadcrumb\":{\"@id\":\"https:\/\/psol50.org.br\/vamos-partir-para-a-luta-e-vamos-retomar-o-que-e-nosso-diz-indigena\/#breadcrumb\"},\"inLanguage\":\"pt-BR\",\"potentialAction\":[{\"@type\":\"ReadAction\",\"target\":[\"https:\/\/psol50.org.br\/vamos-partir-para-a-luta-e-vamos-retomar-o-que-e-nosso-diz-indigena\/\"]}]},{\"@type\":\"BreadcrumbList\",\"@id\":\"https:\/\/psol50.org.br\/vamos-partir-para-a-luta-e-vamos-retomar-o-que-e-nosso-diz-indigena\/#breadcrumb\",\"itemListElement\":[{\"@type\":\"ListItem\",\"position\":1,\"name\":\"In\u00edcio\",\"item\":\"https:\/\/psol50.org.br\/\"},{\"@type\":\"ListItem\",\"position\":2,\"name\":\"&#8220;Vamos partir para a luta e vamos retomar o que \u00e9 nosso\u201d, diz ind\u00edgena\"}]},{\"@type\":\"WebSite\",\"@id\":\"https:\/\/psol50.org.br\/#website\",\"url\":\"https:\/\/psol50.org.br\/\",\"name\":\"PSOL 50\",\"description\":\"Site oficial do Partido Socialismo e Liberdade\",\"publisher\":{\"@id\":\"https:\/\/psol50.org.br\/#organization\"},\"alternateName\":\"PSOL50\",\"potentialAction\":[{\"@type\":\"SearchAction\",\"target\":{\"@type\":\"EntryPoint\",\"urlTemplate\":\"https:\/\/psol50.org.br\/?s={search_term_string}\"},\"query-input\":{\"@type\":\"PropertyValueSpecification\",\"valueRequired\":true,\"valueName\":\"search_term_string\"}}],\"inLanguage\":\"pt-BR\"},{\"@type\":\"Organization\",\"@id\":\"https:\/\/psol50.org.br\/#organization\",\"name\":\"PSOL 50\",\"alternateName\":\"PSOL 50\",\"url\":\"https:\/\/psol50.org.br\/\",\"logo\":{\"@type\":\"ImageObject\",\"inLanguage\":\"pt-BR\",\"@id\":\"https:\/\/psol50.org.br\/#\/schema\/logo\/image\/\",\"url\":\"https:\/\/psol50.org.br\/inc\/uploads\/2018\/07\/capa.png\",\"contentUrl\":\"https:\/\/psol50.org.br\/inc\/uploads\/2018\/07\/capa.png\",\"width\":1350,\"height\":900,\"caption\":\"PSOL 50\"},\"image\":{\"@id\":\"https:\/\/psol50.org.br\/#\/schema\/logo\/image\/\"},\"sameAs\":[\"https:\/\/www.facebook.com\/psol50\",\"https:\/\/x.com\/psol50\",\"https:\/\/www.instagram.com\/psol50\/\",\"https:\/\/www.youtube.com\/channel\/UC7SnJS5o1os7a6CaiNabzcg\"]},{\"@type\":\"Person\",\"@id\":\"https:\/\/psol50.org.br\/#\/schema\/person\/475dfa57d0b815993c714c2e96491fcd\",\"name\":\"Comunica\u00e7\u00e3o PSOL\",\"image\":{\"@type\":\"ImageObject\",\"inLanguage\":\"pt-BR\",\"@id\":\"https:\/\/psol50.org.br\/#\/schema\/person\/image\/\",\"url\":\"https:\/\/secure.gravatar.com\/avatar\/b34fc4f4e468a4e51785917065a3db57b841f5c95dba6ad8c73aaf8f66f8f9bf?s=96&d=mm&r=g\",\"contentUrl\":\"https:\/\/secure.gravatar.com\/avatar\/b34fc4f4e468a4e51785917065a3db57b841f5c95dba6ad8c73aaf8f66f8f9bf?s=96&d=mm&r=g\",\"caption\":\"Comunica\u00e7\u00e3o PSOL\"}}]}<\/script>\n<!-- \/ Yoast SEO plugin. -->","yoast_head_json":{"title":"\"Vamos partir para a luta e vamos retomar o que \u00e9 nosso\u201d, diz ind\u00edgena - PSOL 50","robots":{"index":"index","follow":"follow","max-snippet":"max-snippet:-1","max-image-preview":"max-image-preview:large","max-video-preview":"max-video-preview:-1"},"canonical":"https:\/\/psol50.org.br\/vamos-partir-para-a-luta-e-vamos-retomar-o-que-e-nosso-diz-indigena\/","og_locale":"pt_BR","og_type":"article","og_title":"\"Vamos partir para a luta e vamos retomar o que \u00e9 nosso\u201d, diz ind\u00edgena - PSOL 50","og_description":"As mais de 400 pessoas que marcharam por 50Km desde segunda-feira (3) em Mato Grosso do Sul, chegaram na manh\u00e3 dessa quarta-feira (5) na capital do estado, em Campo Grande, e est\u00e3o acampados na entrada da cidade. &nbsp; Diante de um cen\u00e1rio em que a ofensiva do agroneg\u00f3cio avan\u00e7a sobre a fronteira agr\u00edcola do pa\u00eds, [&hellip;]","og_url":"https:\/\/psol50.org.br\/vamos-partir-para-a-luta-e-vamos-retomar-o-que-e-nosso-diz-indigena\/","og_site_name":"PSOL 50","article_publisher":"https:\/\/www.facebook.com\/psol50","article_published_time":"2013-06-06T00:00:00+00:00","og_image":[{"width":1350,"height":900,"url":"https:\/\/psol50.org.br\/inc\/uploads\/2018\/07\/capa.png","type":"image\/png"}],"author":"Comunica\u00e7\u00e3o PSOL","twitter_card":"summary_large_image","twitter_creator":"@psol50","twitter_site":"@psol50","twitter_misc":{"Escrito por":"Comunica\u00e7\u00e3o PSOL","Est. tempo de leitura":"5 minutos"},"schema":{"@context":"https:\/\/schema.org","@graph":[{"@type":"Article","@id":"https:\/\/psol50.org.br\/vamos-partir-para-a-luta-e-vamos-retomar-o-que-e-nosso-diz-indigena\/#article","isPartOf":{"@id":"https:\/\/psol50.org.br\/vamos-partir-para-a-luta-e-vamos-retomar-o-que-e-nosso-diz-indigena\/"},"author":{"name":"Comunica\u00e7\u00e3o PSOL","@id":"https:\/\/psol50.org.br\/#\/schema\/person\/475dfa57d0b815993c714c2e96491fcd"},"headline":"&#8220;Vamos partir para a luta e vamos retomar o que \u00e9 nosso\u201d, diz ind\u00edgena","datePublished":"2013-06-06T00:00:00+00:00","mainEntityOfPage":{"@id":"https:\/\/psol50.org.br\/vamos-partir-para-a-luta-e-vamos-retomar-o-que-e-nosso-diz-indigena\/"},"wordCount":923,"commentCount":0,"publisher":{"@id":"https:\/\/psol50.org.br\/#organization"},"articleSection":["Arquivo"],"inLanguage":"pt-BR","potentialAction":[{"@type":"CommentAction","name":"Comment","target":["https:\/\/psol50.org.br\/vamos-partir-para-a-luta-e-vamos-retomar-o-que-e-nosso-diz-indigena\/#respond"]}]},{"@type":"WebPage","@id":"https:\/\/psol50.org.br\/vamos-partir-para-a-luta-e-vamos-retomar-o-que-e-nosso-diz-indigena\/","url":"https:\/\/psol50.org.br\/vamos-partir-para-a-luta-e-vamos-retomar-o-que-e-nosso-diz-indigena\/","name":"\"Vamos partir para a luta e vamos retomar o que \u00e9 nosso\u201d, diz ind\u00edgena - PSOL 50","isPartOf":{"@id":"https:\/\/psol50.org.br\/#website"},"datePublished":"2013-06-06T00:00:00+00:00","breadcrumb":{"@id":"https:\/\/psol50.org.br\/vamos-partir-para-a-luta-e-vamos-retomar-o-que-e-nosso-diz-indigena\/#breadcrumb"},"inLanguage":"pt-BR","potentialAction":[{"@type":"ReadAction","target":["https:\/\/psol50.org.br\/vamos-partir-para-a-luta-e-vamos-retomar-o-que-e-nosso-diz-indigena\/"]}]},{"@type":"BreadcrumbList","@id":"https:\/\/psol50.org.br\/vamos-partir-para-a-luta-e-vamos-retomar-o-que-e-nosso-diz-indigena\/#breadcrumb","itemListElement":[{"@type":"ListItem","position":1,"name":"In\u00edcio","item":"https:\/\/psol50.org.br\/"},{"@type":"ListItem","position":2,"name":"&#8220;Vamos partir para a luta e vamos retomar o que \u00e9 nosso\u201d, diz ind\u00edgena"}]},{"@type":"WebSite","@id":"https:\/\/psol50.org.br\/#website","url":"https:\/\/psol50.org.br\/","name":"PSOL 50","description":"Site oficial do Partido Socialismo e Liberdade","publisher":{"@id":"https:\/\/psol50.org.br\/#organization"},"alternateName":"PSOL50","potentialAction":[{"@type":"SearchAction","target":{"@type":"EntryPoint","urlTemplate":"https:\/\/psol50.org.br\/?s={search_term_string}"},"query-input":{"@type":"PropertyValueSpecification","valueRequired":true,"valueName":"search_term_string"}}],"inLanguage":"pt-BR"},{"@type":"Organization","@id":"https:\/\/psol50.org.br\/#organization","name":"PSOL 50","alternateName":"PSOL 50","url":"https:\/\/psol50.org.br\/","logo":{"@type":"ImageObject","inLanguage":"pt-BR","@id":"https:\/\/psol50.org.br\/#\/schema\/logo\/image\/","url":"https:\/\/psol50.org.br\/inc\/uploads\/2018\/07\/capa.png","contentUrl":"https:\/\/psol50.org.br\/inc\/uploads\/2018\/07\/capa.png","width":1350,"height":900,"caption":"PSOL 50"},"image":{"@id":"https:\/\/psol50.org.br\/#\/schema\/logo\/image\/"},"sameAs":["https:\/\/www.facebook.com\/psol50","https:\/\/x.com\/psol50","https:\/\/www.instagram.com\/psol50\/","https:\/\/www.youtube.com\/channel\/UC7SnJS5o1os7a6CaiNabzcg"]},{"@type":"Person","@id":"https:\/\/psol50.org.br\/#\/schema\/person\/475dfa57d0b815993c714c2e96491fcd","name":"Comunica\u00e7\u00e3o PSOL","image":{"@type":"ImageObject","inLanguage":"pt-BR","@id":"https:\/\/psol50.org.br\/#\/schema\/person\/image\/","url":"https:\/\/secure.gravatar.com\/avatar\/b34fc4f4e468a4e51785917065a3db57b841f5c95dba6ad8c73aaf8f66f8f9bf?s=96&d=mm&r=g","contentUrl":"https:\/\/secure.gravatar.com\/avatar\/b34fc4f4e468a4e51785917065a3db57b841f5c95dba6ad8c73aaf8f66f8f9bf?s=96&d=mm&r=g","caption":"Comunica\u00e7\u00e3o PSOL"}}]}},"_links":{"self":[{"href":"https:\/\/psol50.org.br\/rest\/wp\/v2\/posts\/2036","targetHints":{"allow":["GET"]}}],"collection":[{"href":"https:\/\/psol50.org.br\/rest\/wp\/v2\/posts"}],"about":[{"href":"https:\/\/psol50.org.br\/rest\/wp\/v2\/types\/post"}],"author":[{"embeddable":true,"href":"https:\/\/psol50.org.br\/rest\/wp\/v2\/users\/2"}],"replies":[{"embeddable":true,"href":"https:\/\/psol50.org.br\/rest\/wp\/v2\/comments?post=2036"}],"version-history":[{"count":0,"href":"https:\/\/psol50.org.br\/rest\/wp\/v2\/posts\/2036\/revisions"}],"wp:attachment":[{"href":"https:\/\/psol50.org.br\/rest\/wp\/v2\/media?parent=2036"}],"wp:term":[{"taxonomy":"category","embeddable":true,"href":"https:\/\/psol50.org.br\/rest\/wp\/v2\/categories?post=2036"},{"taxonomy":"post_tag","embeddable":true,"href":"https:\/\/psol50.org.br\/rest\/wp\/v2\/tags?post=2036"}],"curies":[{"name":"wp","href":"https:\/\/api.w.org\/{rel}","templated":true}]}}