{"id":20366,"date":"2018-03-26T10:09:16","date_gmt":"2018-03-26T13:09:16","guid":{"rendered":"http:\/\/www.psol50.org.br\/?p=20366"},"modified":"2018-03-26T10:09:16","modified_gmt":"2018-03-26T13:09:16","slug":"marcelo-freixo-ela-e-uma-voz-de-2013","status":"publish","type":"post","link":"https:\/\/psol50.org.br\/marcelo-freixo-ela-e-uma-voz-de-2013\/","title":{"rendered":"Marcelo Freixo | Ela \u00e9 uma voz de 2013"},"content":{"rendered":"<p>Lembro o dia em que vi Marielle Franco pela primeira vez, em 2002. Ela tinha apenas 23 anos e acompanhava a fam\u00edlia na formatura da irm\u00e3, Anielle, que foi minha aluna e estava concluindo o ensino m\u00e9dio. N\u00f3s n\u00e3o fomos apresentados naquele dia. S\u00f3 nos conhecemos mesmo algum tempo depois, num evento chamado Domingo \u00c9 Dia de Cinema, realizado no Odeon, na Cinel\u00e2ndia, e que reunia estudantes de pr\u00e9-vestibulares comunit\u00e1rios do Rio de Janeiro.<\/p>\n<p>Ali, Mari mais uma vez estava na companhia de Anielle, que me abordou e disse que a irm\u00e3 gostaria de me conhecer mas estava acanhada \u2014 algo t\u00e3o dif\u00edcil de acreditar para quem a conheceu. Ela veio conversar comigo e no mesmo instante me dei conta de algo que me marcaria para sempre: Mari falava com os dentes, com o sorriso largo, intenso e gigante, do tamanho da mulher que ela j\u00e1 estava se tornando. Jamais me esquecerei daquele dia.<\/p>\n<p>Em meio a tanto sofrimento, continuo vendo seu rosto e sorriso, agora estampados nas ruas e muros da cidade, em todos os lugares, pintados no asfalto, nas cal\u00e7adas, postes, camisas, corpos. Vejo a face de Mari em todas as faces carregadas de dor das mulheres negras e faveladas que t\u00eam lotado aquela mesma Cinel\u00e2ndia, palco da democracia brasileira, onde nos falamos pela primeira vez. S\u00e3o mulheres que veem seu rosto refletido no de Marielle: um espelho de Narciso \u00e0s avessas, que revela a beleza da solidariedade e da empatia.<\/p>\n<p>S\u00edmbolo da luta por justi\u00e7a, o rosto de Mari, que sempre nos mobilizou, agora tamb\u00e9m nos interpela. Imp\u00f5e a todos n\u00f3s, de forma contundente, uma urgente reflex\u00e3o: que modelo de sociedade desejamos construir? A execu\u00e7\u00e3o e as rea\u00e7\u00f5es posteriores p\u00f5em em xeque princ\u00edpios \u00e9ticos b\u00e1sicos e revelam uma linha de corte que estabelece de maneira clara e definitiva a fronteira entre democracia e barb\u00e1rie, entre di\u00e1logo e fascismo, utopia e cinismo. Essa linha \u00e9 a defesa dos direitos humanos, princ\u00edpio civilizat\u00f3rio essencial que ela t\u00e3o bem representa.<\/p>\n<p>A vida de Marielle n\u00e3o vale mais que outras vidas. Todas t\u00eam a mesma import\u00e2ncia, como ela pr\u00f3pria sempre defendeu. Mas o crime que a vitimou foi tamb\u00e9m um atentado pol\u00edtico que feriu gravemente a democracia. N\u00e3o s\u00f3 por ela ser vereadora da cidade do Rio de Janeiro eleita por 46 mil pessoas, mas por tudo o que ela \u00e9 e representa num pa\u00eds de ra\u00edzes escravocratas, racistas e machistas.<\/p>\n<p>Os assassinos de reputa\u00e7\u00e3o, que babam de \u00f3dio em busca do duplo homic\u00eddio \u2014 matam-se o corpo e a hist\u00f3ria \u2014, n\u00e3o toleram que uma mulher negra, favelada, l\u00e9sbica, de esquerda e defensora dos direitos humanos suba na tribuna de um parlamento carcomido por todos os v\u00edcios e erga sua voz diante dos herdeiros de coron\u00e9is, traficantes de escravos, preadores de \u00edndios e sinhozinhos de engenho, gente que pensa que mulheres negras ainda s\u00e3o mucamas e pertencem \u00e0s senzalas e \u00e0s cozinhas das casas-grandes. Mesmo sem proferir uma palavra, apenas com a for\u00e7a de sua presen\u00e7a, seus cabelos crespos, turbante colorido, pele negra e gestos altivos, Marielle abriu um rombo gigante nos muros do status quo. E pagou por isso, mesmo depois de ser eliminada.<\/p>\n<p>Ficou f\u00e1cil perceber a linha que divide civiliza\u00e7\u00e3o de barb\u00e1rie ap\u00f3s a execu\u00e7\u00e3o da vereadora. Muito bem paga com dinheiro p\u00fablico para promover a Justi\u00e7a, em vez disso, a desembargadora Marilia Castro Neves se comportou como uma sinh\u00e1 de tribunal e revelou-se uma justiceira raivosa. De maneira vil, ela mentiu \u2014 e cometeu um crime \u2014 ao afirmar nas redes sociais que Marielle estava \u201cengajada com bandidos\u201d e havia sido eleita por uma fac\u00e7\u00e3o criminosa.<\/p>\n<p>O deputado federal Marco Feliciano, do Podemos, foi ainda mais s\u00f3rdido. Num programa de r\u00e1dio, alguns dias ap\u00f3s a vereadora ter sido assassinada com quatro tiros na cabe\u00e7a, ele zombou: \u201cH\u00e1 pouco tempo fiquei sabendo que deram um tiro num esquerdista no Rio de Janeiro e levou uma semana pra morrer, porque a bala n\u00e3o achava o c\u00e9rebro\u201d. \u00c9 estarrecedor que um deputado se sinta \u00e0 vontade para tripudiar sobre uma execu\u00e7\u00e3o e desrespeitar a dor de uma fam\u00edlia. Para piorar, a declara\u00e7\u00e3o foi tratada como piada no programa.<\/p>\n<p>Houve mais epis\u00f3dios lament\u00e1veis. Um padre foi xingado ao homenagear a parlamentar durante uma missa, na Par\u00f3quia da Ressurrei\u00e7\u00e3o, em Ipanema. E ali perto, em Copacabana, um policial rodovi\u00e1rio federal amea\u00e7ou com uma pistola frequentadores do bar Bip Bip depois que eles fizeram um minuto de sil\u00eancio em mem\u00f3ria de Marielle.<\/p>\n<p>Essas manifesta\u00e7\u00f5es expressam uma crise \u00e9tica e civilizat\u00f3ria que faz com que um setor da sociedade seja incapaz de reconhecer e respeitar a dor do outro, principalmente se este for oriundo dos segmentos historicamente subalternos e desafiar a ordem estabelecida, como fez a vereadora. Diante disso, para essas pessoas, s\u00f3 o \u00f3dio e a desumanidade s\u00e3o poss\u00edveis. Trata-se de uma viol\u00eancia sem tamanho n\u00e3o s\u00f3 contra Marielle, mas tamb\u00e9m contra todas as mulheres negras e faveladas que recusam o lugar que sempre lhes foi reservado.<\/p>\n<p>Contudo, o alto volume com que essa direita raivosa se estrebucha \u00e9 um sintoma do seu desespero diante do avan\u00e7o do novo, da agenda progressista que afirma a centralidade da defesa dos direitos humanos e questiona privil\u00e9gios, valores que Marielle t\u00e3o bem representou. Sim, eles gritam, difamam e caluniam porque n\u00e3o suportam ver o mundo proclamar: Marielle presente! N\u00e3o toleram ver tantas sementes germinando da hist\u00f3ria de uma mulher negra e favelada. E nesse arroubo desesperado de f\u00faria se desmoralizam.<\/p>\n<p>A elei\u00e7\u00e3o de Marielle foi uma das principais conquistas resultantes da crise de representatividade que levou \u00e0s jornadas de 2013. Filha de migrantes paraibanos, a vereadora nasceu e cresceu na favela da Nova Holanda, na Mar\u00e9. Ap\u00f3s passar por um pr\u00e9-vestibular comunit\u00e1rio, conquistou uma bolsa na Pontif\u00edcia Universidade Cat\u00f3lica do Rio de Janeiro (PUC) e se tornou soci\u00f3loga. Posteriormente, fez mestrado em administra\u00e7\u00e3o p\u00fablica na Universidade Federal Fluminense (UFF). Em 2009, come\u00e7ou a coordenar a Comiss\u00e3o de Direitos Humanos da Assembleia Legislativa, presidida por mim. Assim, ampliamos a agenda da comiss\u00e3o, incluindo na pauta a assist\u00eancia a familiares de policiais assassinados, algo que at\u00e9 ent\u00e3o n\u00e3o era realizado.<\/p>\n<p>Por sua hist\u00f3ria de vida e milit\u00e2ncia, Marielle soube como ningu\u00e9m transitar entre o universo institucional, da burocracia do Estado, e os movimentos populares. Fez pol\u00edtica com afeto. Conseguiu estabelecer v\u00ednculos e di\u00e1logos construtivos com a favela e com autoridades policiais, sem abrir m\u00e3o de nossos princ\u00edpios e sempre em defesa da dignidade humana. Entretanto, Mari \u00e9 mais do que isso. Ela \u00e9 exemplo e inspira\u00e7\u00e3o para quem luta e acredita que o lugar da mulher negra da favela \u00e9, sim, o Parlamento, \u00e9 qualquer espa\u00e7o de poder.<\/p>\n<p>Espa\u00e7os que continuar\u00e3o a ser ocupados, porque vejo o rosto de Mari nos rostos que tomam as ruas do Rio. Nas faces que se erguem para dizer que n\u00e3o aceitamos a viol\u00eancia e a intimida\u00e7\u00e3o como m\u00e9todos pol\u00edticos. Vejo a boca de Mari nas bocas que gritam que o medo n\u00e3o derrotar\u00e1 a esperan\u00e7a. Vejo em tantos olhos o seu olhar firme, mostrando que enfrentaremos e derrotaremos essa amea\u00e7a. E que a barb\u00e1rie n\u00e3o triunfar\u00e1.<\/p>\n","protected":false},"excerpt":{"rendered":"<p>Lembro o dia em que vi Marielle Franco pela primeira vez, em 2002. Ela tinha apenas 23 anos e acompanhava a fam\u00edlia na formatura da irm\u00e3, Anielle, que foi minha aluna e estava concluindo o ensino m\u00e9dio. N\u00f3s n\u00e3o fomos apresentados naquele dia. S\u00f3 nos conhecemos mesmo algum tempo depois, num evento chamado Domingo \u00c9 [&hellip;]<\/p>\n","protected":false},"author":2,"featured_media":20347,"comment_status":"open","ping_status":"open","sticky":false,"template":"","format":"standard","meta":{"_acf_changed":false,"footnotes":""},"categories":[3],"tags":[161,194],"class_list":{"0":"post-20366","1":"post","2":"type-post","3":"status-publish","4":"format-standard","5":"has-post-thumbnail","7":"category-artigos-e-entrevistas","8":"tag-marcelo-freixo","9":"tag-marielle-franco"},"acf":[],"yoast_head":"<!-- This site is optimized with the Yoast SEO plugin v26.5 - https:\/\/yoast.com\/wordpress\/plugins\/seo\/ -->\n<title>Marcelo Freixo | Ela \u00e9 uma voz de 2013 - PSOL 50<\/title>\n<meta name=\"robots\" content=\"index, follow, max-snippet:-1, max-image-preview:large, max-video-preview:-1\" \/>\n<link rel=\"canonical\" href=\"https:\/\/psol50.org.br\/marcelo-freixo-ela-e-uma-voz-de-2013\/\" \/>\n<meta property=\"og:locale\" content=\"pt_BR\" \/>\n<meta property=\"og:type\" content=\"article\" \/>\n<meta property=\"og:title\" content=\"Marcelo Freixo | Ela \u00e9 uma voz de 2013 - PSOL 50\" \/>\n<meta property=\"og:description\" content=\"Lembro o dia em que vi Marielle Franco pela primeira vez, em 2002. Ela tinha apenas 23 anos e acompanhava a fam\u00edlia na formatura da irm\u00e3, Anielle, que foi minha aluna e estava concluindo o ensino m\u00e9dio. N\u00f3s n\u00e3o fomos apresentados naquele dia. S\u00f3 nos conhecemos mesmo algum tempo depois, num evento chamado Domingo \u00c9 [&hellip;]\" \/>\n<meta property=\"og:url\" content=\"https:\/\/psol50.org.br\/marcelo-freixo-ela-e-uma-voz-de-2013\/\" \/>\n<meta property=\"og:site_name\" content=\"PSOL 50\" \/>\n<meta property=\"article:publisher\" content=\"https:\/\/www.facebook.com\/psol50\" \/>\n<meta property=\"article:published_time\" content=\"2018-03-26T13:09:16+00:00\" \/>\n<meta property=\"og:image\" content=\"https:\/\/psol50.org.br\/inc\/uploads\/2018\/03\/Marielle_Discurso_Ninja.jpg\" \/>\n\t<meta property=\"og:image:width\" content=\"1350\" \/>\n\t<meta property=\"og:image:height\" content=\"899\" \/>\n\t<meta property=\"og:image:type\" content=\"image\/jpeg\" \/>\n<meta name=\"author\" content=\"Comunica\u00e7\u00e3o PSOL\" \/>\n<meta name=\"twitter:card\" content=\"summary_large_image\" \/>\n<meta name=\"twitter:creator\" content=\"@psol50\" \/>\n<meta name=\"twitter:site\" content=\"@psol50\" \/>\n<meta name=\"twitter:label1\" content=\"Escrito por\" \/>\n\t<meta name=\"twitter:data1\" content=\"Comunica\u00e7\u00e3o PSOL\" \/>\n\t<meta name=\"twitter:label2\" content=\"Est. tempo de leitura\" \/>\n\t<meta name=\"twitter:data2\" content=\"6 minutos\" \/>\n<script type=\"application\/ld+json\" class=\"yoast-schema-graph\">{\"@context\":\"https:\/\/schema.org\",\"@graph\":[{\"@type\":\"Article\",\"@id\":\"https:\/\/psol50.org.br\/marcelo-freixo-ela-e-uma-voz-de-2013\/#article\",\"isPartOf\":{\"@id\":\"https:\/\/psol50.org.br\/marcelo-freixo-ela-e-uma-voz-de-2013\/\"},\"author\":{\"name\":\"Comunica\u00e7\u00e3o PSOL\",\"@id\":\"https:\/\/psol50.org.br\/#\/schema\/person\/475dfa57d0b815993c714c2e96491fcd\"},\"headline\":\"Marcelo Freixo | Ela \u00e9 uma voz de 2013\",\"datePublished\":\"2018-03-26T13:09:16+00:00\",\"mainEntityOfPage\":{\"@id\":\"https:\/\/psol50.org.br\/marcelo-freixo-ela-e-uma-voz-de-2013\/\"},\"wordCount\":1286,\"commentCount\":0,\"publisher\":{\"@id\":\"https:\/\/psol50.org.br\/#organization\"},\"image\":{\"@id\":\"https:\/\/psol50.org.br\/marcelo-freixo-ela-e-uma-voz-de-2013\/#primaryimage\"},\"thumbnailUrl\":\"https:\/\/psol50.org.br\/inc\/uploads\/2018\/03\/Marielle_Discurso_Ninja.jpg\",\"keywords\":[\"Marcelo Freixo\",\"Marielle Franco\"],\"articleSection\":[\"Artigos\"],\"inLanguage\":\"pt-BR\",\"potentialAction\":[{\"@type\":\"CommentAction\",\"name\":\"Comment\",\"target\":[\"https:\/\/psol50.org.br\/marcelo-freixo-ela-e-uma-voz-de-2013\/#respond\"]}]},{\"@type\":\"WebPage\",\"@id\":\"https:\/\/psol50.org.br\/marcelo-freixo-ela-e-uma-voz-de-2013\/\",\"url\":\"https:\/\/psol50.org.br\/marcelo-freixo-ela-e-uma-voz-de-2013\/\",\"name\":\"Marcelo Freixo | Ela \u00e9 uma voz de 2013 - PSOL 50\",\"isPartOf\":{\"@id\":\"https:\/\/psol50.org.br\/#website\"},\"primaryImageOfPage\":{\"@id\":\"https:\/\/psol50.org.br\/marcelo-freixo-ela-e-uma-voz-de-2013\/#primaryimage\"},\"image\":{\"@id\":\"https:\/\/psol50.org.br\/marcelo-freixo-ela-e-uma-voz-de-2013\/#primaryimage\"},\"thumbnailUrl\":\"https:\/\/psol50.org.br\/inc\/uploads\/2018\/03\/Marielle_Discurso_Ninja.jpg\",\"datePublished\":\"2018-03-26T13:09:16+00:00\",\"breadcrumb\":{\"@id\":\"https:\/\/psol50.org.br\/marcelo-freixo-ela-e-uma-voz-de-2013\/#breadcrumb\"},\"inLanguage\":\"pt-BR\",\"potentialAction\":[{\"@type\":\"ReadAction\",\"target\":[\"https:\/\/psol50.org.br\/marcelo-freixo-ela-e-uma-voz-de-2013\/\"]}]},{\"@type\":\"ImageObject\",\"inLanguage\":\"pt-BR\",\"@id\":\"https:\/\/psol50.org.br\/marcelo-freixo-ela-e-uma-voz-de-2013\/#primaryimage\",\"url\":\"https:\/\/psol50.org.br\/inc\/uploads\/2018\/03\/Marielle_Discurso_Ninja.jpg\",\"contentUrl\":\"https:\/\/psol50.org.br\/inc\/uploads\/2018\/03\/Marielle_Discurso_Ninja.jpg\",\"width\":1350,\"height\":899,\"caption\":\"Foto: M\u00eddia Ninja\"},{\"@type\":\"BreadcrumbList\",\"@id\":\"https:\/\/psol50.org.br\/marcelo-freixo-ela-e-uma-voz-de-2013\/#breadcrumb\",\"itemListElement\":[{\"@type\":\"ListItem\",\"position\":1,\"name\":\"In\u00edcio\",\"item\":\"https:\/\/psol50.org.br\/\"},{\"@type\":\"ListItem\",\"position\":2,\"name\":\"Marcelo Freixo | Ela \u00e9 uma voz de 2013\"}]},{\"@type\":\"WebSite\",\"@id\":\"https:\/\/psol50.org.br\/#website\",\"url\":\"https:\/\/psol50.org.br\/\",\"name\":\"PSOL 50\",\"description\":\"Site oficial do Partido Socialismo e Liberdade\",\"publisher\":{\"@id\":\"https:\/\/psol50.org.br\/#organization\"},\"alternateName\":\"PSOL50\",\"potentialAction\":[{\"@type\":\"SearchAction\",\"target\":{\"@type\":\"EntryPoint\",\"urlTemplate\":\"https:\/\/psol50.org.br\/?s={search_term_string}\"},\"query-input\":{\"@type\":\"PropertyValueSpecification\",\"valueRequired\":true,\"valueName\":\"search_term_string\"}}],\"inLanguage\":\"pt-BR\"},{\"@type\":\"Organization\",\"@id\":\"https:\/\/psol50.org.br\/#organization\",\"name\":\"PSOL 50\",\"alternateName\":\"PSOL 50\",\"url\":\"https:\/\/psol50.org.br\/\",\"logo\":{\"@type\":\"ImageObject\",\"inLanguage\":\"pt-BR\",\"@id\":\"https:\/\/psol50.org.br\/#\/schema\/logo\/image\/\",\"url\":\"https:\/\/psol50.org.br\/inc\/uploads\/2018\/07\/capa.png\",\"contentUrl\":\"https:\/\/psol50.org.br\/inc\/uploads\/2018\/07\/capa.png\",\"width\":1350,\"height\":900,\"caption\":\"PSOL 50\"},\"image\":{\"@id\":\"https:\/\/psol50.org.br\/#\/schema\/logo\/image\/\"},\"sameAs\":[\"https:\/\/www.facebook.com\/psol50\",\"https:\/\/x.com\/psol50\",\"https:\/\/www.instagram.com\/psol50\/\",\"https:\/\/www.youtube.com\/channel\/UC7SnJS5o1os7a6CaiNabzcg\"]},{\"@type\":\"Person\",\"@id\":\"https:\/\/psol50.org.br\/#\/schema\/person\/475dfa57d0b815993c714c2e96491fcd\",\"name\":\"Comunica\u00e7\u00e3o PSOL\",\"image\":{\"@type\":\"ImageObject\",\"inLanguage\":\"pt-BR\",\"@id\":\"https:\/\/psol50.org.br\/#\/schema\/person\/image\/\",\"url\":\"https:\/\/secure.gravatar.com\/avatar\/b34fc4f4e468a4e51785917065a3db57b841f5c95dba6ad8c73aaf8f66f8f9bf?s=96&d=mm&r=g\",\"contentUrl\":\"https:\/\/secure.gravatar.com\/avatar\/b34fc4f4e468a4e51785917065a3db57b841f5c95dba6ad8c73aaf8f66f8f9bf?s=96&d=mm&r=g\",\"caption\":\"Comunica\u00e7\u00e3o PSOL\"}}]}<\/script>\n<!-- \/ Yoast SEO plugin. -->","yoast_head_json":{"title":"Marcelo Freixo | Ela \u00e9 uma voz de 2013 - PSOL 50","robots":{"index":"index","follow":"follow","max-snippet":"max-snippet:-1","max-image-preview":"max-image-preview:large","max-video-preview":"max-video-preview:-1"},"canonical":"https:\/\/psol50.org.br\/marcelo-freixo-ela-e-uma-voz-de-2013\/","og_locale":"pt_BR","og_type":"article","og_title":"Marcelo Freixo | Ela \u00e9 uma voz de 2013 - PSOL 50","og_description":"Lembro o dia em que vi Marielle Franco pela primeira vez, em 2002. Ela tinha apenas 23 anos e acompanhava a fam\u00edlia na formatura da irm\u00e3, Anielle, que foi minha aluna e estava concluindo o ensino m\u00e9dio. N\u00f3s n\u00e3o fomos apresentados naquele dia. S\u00f3 nos conhecemos mesmo algum tempo depois, num evento chamado Domingo \u00c9 [&hellip;]","og_url":"https:\/\/psol50.org.br\/marcelo-freixo-ela-e-uma-voz-de-2013\/","og_site_name":"PSOL 50","article_publisher":"https:\/\/www.facebook.com\/psol50","article_published_time":"2018-03-26T13:09:16+00:00","og_image":[{"width":1350,"height":899,"url":"https:\/\/psol50.org.br\/inc\/uploads\/2018\/03\/Marielle_Discurso_Ninja.jpg","type":"image\/jpeg"}],"author":"Comunica\u00e7\u00e3o PSOL","twitter_card":"summary_large_image","twitter_creator":"@psol50","twitter_site":"@psol50","twitter_misc":{"Escrito por":"Comunica\u00e7\u00e3o PSOL","Est. tempo de leitura":"6 minutos"},"schema":{"@context":"https:\/\/schema.org","@graph":[{"@type":"Article","@id":"https:\/\/psol50.org.br\/marcelo-freixo-ela-e-uma-voz-de-2013\/#article","isPartOf":{"@id":"https:\/\/psol50.org.br\/marcelo-freixo-ela-e-uma-voz-de-2013\/"},"author":{"name":"Comunica\u00e7\u00e3o PSOL","@id":"https:\/\/psol50.org.br\/#\/schema\/person\/475dfa57d0b815993c714c2e96491fcd"},"headline":"Marcelo Freixo | Ela \u00e9 uma voz de 2013","datePublished":"2018-03-26T13:09:16+00:00","mainEntityOfPage":{"@id":"https:\/\/psol50.org.br\/marcelo-freixo-ela-e-uma-voz-de-2013\/"},"wordCount":1286,"commentCount":0,"publisher":{"@id":"https:\/\/psol50.org.br\/#organization"},"image":{"@id":"https:\/\/psol50.org.br\/marcelo-freixo-ela-e-uma-voz-de-2013\/#primaryimage"},"thumbnailUrl":"https:\/\/psol50.org.br\/inc\/uploads\/2018\/03\/Marielle_Discurso_Ninja.jpg","keywords":["Marcelo Freixo","Marielle Franco"],"articleSection":["Artigos"],"inLanguage":"pt-BR","potentialAction":[{"@type":"CommentAction","name":"Comment","target":["https:\/\/psol50.org.br\/marcelo-freixo-ela-e-uma-voz-de-2013\/#respond"]}]},{"@type":"WebPage","@id":"https:\/\/psol50.org.br\/marcelo-freixo-ela-e-uma-voz-de-2013\/","url":"https:\/\/psol50.org.br\/marcelo-freixo-ela-e-uma-voz-de-2013\/","name":"Marcelo Freixo | Ela \u00e9 uma voz de 2013 - PSOL 50","isPartOf":{"@id":"https:\/\/psol50.org.br\/#website"},"primaryImageOfPage":{"@id":"https:\/\/psol50.org.br\/marcelo-freixo-ela-e-uma-voz-de-2013\/#primaryimage"},"image":{"@id":"https:\/\/psol50.org.br\/marcelo-freixo-ela-e-uma-voz-de-2013\/#primaryimage"},"thumbnailUrl":"https:\/\/psol50.org.br\/inc\/uploads\/2018\/03\/Marielle_Discurso_Ninja.jpg","datePublished":"2018-03-26T13:09:16+00:00","breadcrumb":{"@id":"https:\/\/psol50.org.br\/marcelo-freixo-ela-e-uma-voz-de-2013\/#breadcrumb"},"inLanguage":"pt-BR","potentialAction":[{"@type":"ReadAction","target":["https:\/\/psol50.org.br\/marcelo-freixo-ela-e-uma-voz-de-2013\/"]}]},{"@type":"ImageObject","inLanguage":"pt-BR","@id":"https:\/\/psol50.org.br\/marcelo-freixo-ela-e-uma-voz-de-2013\/#primaryimage","url":"https:\/\/psol50.org.br\/inc\/uploads\/2018\/03\/Marielle_Discurso_Ninja.jpg","contentUrl":"https:\/\/psol50.org.br\/inc\/uploads\/2018\/03\/Marielle_Discurso_Ninja.jpg","width":1350,"height":899,"caption":"Foto: M\u00eddia Ninja"},{"@type":"BreadcrumbList","@id":"https:\/\/psol50.org.br\/marcelo-freixo-ela-e-uma-voz-de-2013\/#breadcrumb","itemListElement":[{"@type":"ListItem","position":1,"name":"In\u00edcio","item":"https:\/\/psol50.org.br\/"},{"@type":"ListItem","position":2,"name":"Marcelo Freixo | Ela \u00e9 uma voz de 2013"}]},{"@type":"WebSite","@id":"https:\/\/psol50.org.br\/#website","url":"https:\/\/psol50.org.br\/","name":"PSOL 50","description":"Site oficial do Partido Socialismo e Liberdade","publisher":{"@id":"https:\/\/psol50.org.br\/#organization"},"alternateName":"PSOL50","potentialAction":[{"@type":"SearchAction","target":{"@type":"EntryPoint","urlTemplate":"https:\/\/psol50.org.br\/?s={search_term_string}"},"query-input":{"@type":"PropertyValueSpecification","valueRequired":true,"valueName":"search_term_string"}}],"inLanguage":"pt-BR"},{"@type":"Organization","@id":"https:\/\/psol50.org.br\/#organization","name":"PSOL 50","alternateName":"PSOL 50","url":"https:\/\/psol50.org.br\/","logo":{"@type":"ImageObject","inLanguage":"pt-BR","@id":"https:\/\/psol50.org.br\/#\/schema\/logo\/image\/","url":"https:\/\/psol50.org.br\/inc\/uploads\/2018\/07\/capa.png","contentUrl":"https:\/\/psol50.org.br\/inc\/uploads\/2018\/07\/capa.png","width":1350,"height":900,"caption":"PSOL 50"},"image":{"@id":"https:\/\/psol50.org.br\/#\/schema\/logo\/image\/"},"sameAs":["https:\/\/www.facebook.com\/psol50","https:\/\/x.com\/psol50","https:\/\/www.instagram.com\/psol50\/","https:\/\/www.youtube.com\/channel\/UC7SnJS5o1os7a6CaiNabzcg"]},{"@type":"Person","@id":"https:\/\/psol50.org.br\/#\/schema\/person\/475dfa57d0b815993c714c2e96491fcd","name":"Comunica\u00e7\u00e3o PSOL","image":{"@type":"ImageObject","inLanguage":"pt-BR","@id":"https:\/\/psol50.org.br\/#\/schema\/person\/image\/","url":"https:\/\/secure.gravatar.com\/avatar\/b34fc4f4e468a4e51785917065a3db57b841f5c95dba6ad8c73aaf8f66f8f9bf?s=96&d=mm&r=g","contentUrl":"https:\/\/secure.gravatar.com\/avatar\/b34fc4f4e468a4e51785917065a3db57b841f5c95dba6ad8c73aaf8f66f8f9bf?s=96&d=mm&r=g","caption":"Comunica\u00e7\u00e3o PSOL"}}]}},"_links":{"self":[{"href":"https:\/\/psol50.org.br\/rest\/wp\/v2\/posts\/20366","targetHints":{"allow":["GET"]}}],"collection":[{"href":"https:\/\/psol50.org.br\/rest\/wp\/v2\/posts"}],"about":[{"href":"https:\/\/psol50.org.br\/rest\/wp\/v2\/types\/post"}],"author":[{"embeddable":true,"href":"https:\/\/psol50.org.br\/rest\/wp\/v2\/users\/2"}],"replies":[{"embeddable":true,"href":"https:\/\/psol50.org.br\/rest\/wp\/v2\/comments?post=20366"}],"version-history":[{"count":0,"href":"https:\/\/psol50.org.br\/rest\/wp\/v2\/posts\/20366\/revisions"}],"wp:featuredmedia":[{"embeddable":true,"href":"https:\/\/psol50.org.br\/rest\/wp\/v2\/media\/20347"}],"wp:attachment":[{"href":"https:\/\/psol50.org.br\/rest\/wp\/v2\/media?parent=20366"}],"wp:term":[{"taxonomy":"category","embeddable":true,"href":"https:\/\/psol50.org.br\/rest\/wp\/v2\/categories?post=20366"},{"taxonomy":"post_tag","embeddable":true,"href":"https:\/\/psol50.org.br\/rest\/wp\/v2\/tags?post=20366"}],"curies":[{"name":"wp","href":"https:\/\/api.w.org\/{rel}","templated":true}]}}