{"id":20381,"date":"2018-03-26T15:53:18","date_gmt":"2018-03-26T18:53:18","guid":{"rendered":"http:\/\/www.psol50.org.br\/?p=20381"},"modified":"2018-03-26T15:53:18","modified_gmt":"2018-03-26T18:53:18","slug":"ocupar-a-politica-paridade-no-poder","status":"publish","type":"post","link":"https:\/\/psol50.org.br\/ocupar-a-politica-paridade-no-poder\/","title":{"rendered":"Ocupar a pol\u00edtica: paridade no poder!"},"content":{"rendered":"<p><em>Por Albanise Pires, do PSOL Pernambuco<\/em><\/p>\n<p><span style=\"font-weight: 400;\">O g\u00eanero n\u00e3o \u00e9 uma constru\u00e7\u00e3o natural, e sim cultural. Mulheres e homens s\u00e3o socializados em diferentes pap\u00e9is, com identidades resultantes de influ\u00eancias sociais.<\/span><\/p>\n<p><span style=\"font-weight: 400;\">N\u00f3s, mulheres, somos educadas para vivermos nos espa\u00e7os privados, assumindo as tarefas relacionadas ao ambiente dom\u00e9stico e ao cuidado com as pessoas, em especial com os entes mais vulner\u00e1veis da fam\u00edlia (pessoas com necessidades especiais, crian\u00e7as, idosos, enfermos etc). J\u00e1 os homens s\u00e3o socializados para ocuparem os espa\u00e7os p\u00fablicos, do direito \u00e0 fala e \u00e0 representa\u00e7\u00e3o, onde se definem os comportamentos sociais, as regras e o funcionamento de toda sociedade.<\/span><\/p>\n<p><span style=\"font-weight: 400;\">\u00c9 esta sociedade patriarcal, historicamente estruturada pela cultura machista, que nos imp\u00f5e a submiss\u00e3o de g\u00eanero e uma diversidade de opress\u00f5es e viol\u00eancias, causando-nos a enorme desigualdade social existente at\u00e9 os tempos atuais.<\/span><\/p>\n<p><span style=\"font-weight: 400;\">O ass\u00e9dio sexual, o estupro, as viol\u00eancias dom\u00e9stica e obst\u00e9trica, a criminaliza\u00e7\u00e3o do aborto, o feminic\u00eddio, a lesbofobia, a transfobia, a diferen\u00e7a salarial, a desvaloriza\u00e7\u00e3o e a desqualifica\u00e7\u00e3o profissional e de opini\u00e3o, o silenciamento e os ataques moralistas s\u00e3o algumas das viol\u00eancias exercidas pelos homens sobre n\u00f3s, para assim manterem o controle social e o poder sobre nossos comportamentos, nossos corpos e nossas vidas.<\/span><\/p>\n<p><span style=\"font-weight: 400;\">Para alterar toda esta engrenagem de um sistema de opress\u00e3o e controle, e podermos avan\u00e7ar na conquista de direitos, precisamos desconstruir a cultura machista, garantir pol\u00edticas p\u00fablicas efetivas para as mulheres, discutir a destina\u00e7\u00e3o dos recursos p\u00fablicos e reconstruir o pacto de funcionamento social em busca de uma sociedade verdadeiramente livre, igualit\u00e1ria e emancipada.<\/span><\/p>\n<p><span style=\"font-weight: 400;\">Neste cen\u00e1rio, a luta pelo fim da domina\u00e7\u00e3o dos homens sobre n\u00f3s faz do feminismo uma imposi\u00e7\u00e3o da realidade e nos exige um protagonismo pol\u00edtico para al\u00e9m de nossas auto-organiza\u00e7\u00f5es sociais. Ou seja, precisamos nos empoderar para sairmos da atual subrepresenta\u00e7\u00e3o pol\u00edtica, participarmos com for\u00e7a dos espa\u00e7os de decis\u00e3o e, assim, garantirmos a cidadania plena a todas n\u00f3s mulheres.<\/span><\/p>\n<p><span style=\"font-weight: 400;\">Portanto, ocuparmos os espa\u00e7os institucionais de poder \u00e9 mais que necess\u00e1rio. \u00c9 urgente! E \u00e9 pela vida das mulheres!<\/span><\/p>\n","protected":false},"excerpt":{"rendered":"<p>Por Albanise Pires, do PSOL Pernambuco O g\u00eanero n\u00e3o \u00e9 uma constru\u00e7\u00e3o natural, e sim cultural. Mulheres e homens s\u00e3o socializados em diferentes pap\u00e9is, com identidades resultantes de influ\u00eancias sociais. N\u00f3s, mulheres, somos educadas para vivermos nos espa\u00e7os privados, assumindo as tarefas relacionadas ao ambiente dom\u00e9stico e ao cuidado com as pessoas, em especial com [&hellip;]<\/p>\n","protected":false},"author":2,"featured_media":20382,"comment_status":"open","ping_status":"open","sticky":false,"template":"","format":"standard","meta":{"_acf_changed":false,"footnotes":""},"categories":[49],"tags":[230,4,2378,1208,1606],"class_list":{"0":"post-20381","1":"post","2":"type-post","3":"status-publish","4":"format-standard","5":"has-post-thumbnail","7":"category-mulheres","8":"tag-genero","9":"tag-mulheres","10":"tag-paridade","11":"tag-politica","12":"tag-representacao"},"acf":[],"yoast_head":"<!-- This site is optimized with the Yoast SEO plugin v26.5 - https:\/\/yoast.com\/wordpress\/plugins\/seo\/ -->\n<title>Ocupar a pol\u00edtica: paridade no poder! - PSOL 50<\/title>\n<meta name=\"robots\" content=\"index, follow, max-snippet:-1, max-image-preview:large, max-video-preview:-1\" \/>\n<link rel=\"canonical\" href=\"https:\/\/psol50.org.br\/ocupar-a-politica-paridade-no-poder\/\" \/>\n<meta property=\"og:locale\" content=\"pt_BR\" \/>\n<meta property=\"og:type\" content=\"article\" \/>\n<meta property=\"og:title\" content=\"Ocupar a pol\u00edtica: paridade no poder! - PSOL 50\" \/>\n<meta property=\"og:description\" content=\"Por Albanise Pires, do PSOL Pernambuco O g\u00eanero n\u00e3o \u00e9 uma constru\u00e7\u00e3o natural, e sim cultural. Mulheres e homens s\u00e3o socializados em diferentes pap\u00e9is, com identidades resultantes de influ\u00eancias sociais. N\u00f3s, mulheres, somos educadas para vivermos nos espa\u00e7os privados, assumindo as tarefas relacionadas ao ambiente dom\u00e9stico e ao cuidado com as pessoas, em especial com [&hellip;]\" \/>\n<meta property=\"og:url\" content=\"https:\/\/psol50.org.br\/ocupar-a-politica-paridade-no-poder\/\" \/>\n<meta property=\"og:site_name\" content=\"PSOL 50\" \/>\n<meta property=\"article:publisher\" content=\"https:\/\/www.facebook.com\/psol50\" \/>\n<meta property=\"article:published_time\" content=\"2018-03-26T18:53:18+00:00\" \/>\n<meta property=\"og:image\" content=\"https:\/\/psol50.org.br\/inc\/uploads\/2018\/03\/23929073597_e0cfc0b53a_o.jpg\" \/>\n\t<meta property=\"og:image:width\" content=\"1350\" \/>\n\t<meta property=\"og:image:height\" content=\"900\" \/>\n\t<meta property=\"og:image:type\" content=\"image\/jpeg\" \/>\n<meta name=\"author\" content=\"Comunica\u00e7\u00e3o PSOL\" \/>\n<meta name=\"twitter:card\" content=\"summary_large_image\" \/>\n<meta name=\"twitter:creator\" content=\"@psol50\" \/>\n<meta name=\"twitter:site\" content=\"@psol50\" \/>\n<meta name=\"twitter:label1\" content=\"Escrito por\" \/>\n\t<meta name=\"twitter:data1\" content=\"Comunica\u00e7\u00e3o PSOL\" \/>\n\t<meta name=\"twitter:label2\" content=\"Est. tempo de leitura\" \/>\n\t<meta name=\"twitter:data2\" content=\"2 minutos\" \/>\n<script type=\"application\/ld+json\" class=\"yoast-schema-graph\">{\"@context\":\"https:\/\/schema.org\",\"@graph\":[{\"@type\":\"Article\",\"@id\":\"https:\/\/psol50.org.br\/ocupar-a-politica-paridade-no-poder\/#article\",\"isPartOf\":{\"@id\":\"https:\/\/psol50.org.br\/ocupar-a-politica-paridade-no-poder\/\"},\"author\":{\"name\":\"Comunica\u00e7\u00e3o PSOL\",\"@id\":\"https:\/\/psol50.org.br\/#\/schema\/person\/475dfa57d0b815993c714c2e96491fcd\"},\"headline\":\"Ocupar a pol\u00edtica: paridade no poder!\",\"datePublished\":\"2018-03-26T18:53:18+00:00\",\"mainEntityOfPage\":{\"@id\":\"https:\/\/psol50.org.br\/ocupar-a-politica-paridade-no-poder\/\"},\"wordCount\":385,\"commentCount\":0,\"publisher\":{\"@id\":\"https:\/\/psol50.org.br\/#organization\"},\"image\":{\"@id\":\"https:\/\/psol50.org.br\/ocupar-a-politica-paridade-no-poder\/#primaryimage\"},\"thumbnailUrl\":\"https:\/\/psol50.org.br\/inc\/uploads\/2018\/03\/23929073597_e0cfc0b53a_o.jpg\",\"keywords\":[\"G\u00eanero\",\"mulheres\",\"paridade\",\"pol\u00edtica\",\"representa\u00e7\u00e3o\"],\"articleSection\":[\"Mulheres\"],\"inLanguage\":\"pt-BR\",\"potentialAction\":[{\"@type\":\"CommentAction\",\"name\":\"Comment\",\"target\":[\"https:\/\/psol50.org.br\/ocupar-a-politica-paridade-no-poder\/#respond\"]}]},{\"@type\":\"WebPage\",\"@id\":\"https:\/\/psol50.org.br\/ocupar-a-politica-paridade-no-poder\/\",\"url\":\"https:\/\/psol50.org.br\/ocupar-a-politica-paridade-no-poder\/\",\"name\":\"Ocupar a pol\u00edtica: paridade no poder! - PSOL 50\",\"isPartOf\":{\"@id\":\"https:\/\/psol50.org.br\/#website\"},\"primaryImageOfPage\":{\"@id\":\"https:\/\/psol50.org.br\/ocupar-a-politica-paridade-no-poder\/#primaryimage\"},\"image\":{\"@id\":\"https:\/\/psol50.org.br\/ocupar-a-politica-paridade-no-poder\/#primaryimage\"},\"thumbnailUrl\":\"https:\/\/psol50.org.br\/inc\/uploads\/2018\/03\/23929073597_e0cfc0b53a_o.jpg\",\"datePublished\":\"2018-03-26T18:53:18+00:00\",\"breadcrumb\":{\"@id\":\"https:\/\/psol50.org.br\/ocupar-a-politica-paridade-no-poder\/#breadcrumb\"},\"inLanguage\":\"pt-BR\",\"potentialAction\":[{\"@type\":\"ReadAction\",\"target\":[\"https:\/\/psol50.org.br\/ocupar-a-politica-paridade-no-poder\/\"]}]},{\"@type\":\"ImageObject\",\"inLanguage\":\"pt-BR\",\"@id\":\"https:\/\/psol50.org.br\/ocupar-a-politica-paridade-no-poder\/#primaryimage\",\"url\":\"https:\/\/psol50.org.br\/inc\/uploads\/2018\/03\/23929073597_e0cfc0b53a_o.jpg\",\"contentUrl\":\"https:\/\/psol50.org.br\/inc\/uploads\/2018\/03\/23929073597_e0cfc0b53a_o.jpg\",\"width\":1350,\"height\":900},{\"@type\":\"BreadcrumbList\",\"@id\":\"https:\/\/psol50.org.br\/ocupar-a-politica-paridade-no-poder\/#breadcrumb\",\"itemListElement\":[{\"@type\":\"ListItem\",\"position\":1,\"name\":\"In\u00edcio\",\"item\":\"https:\/\/psol50.org.br\/\"},{\"@type\":\"ListItem\",\"position\":2,\"name\":\"Ocupar a pol\u00edtica: paridade no poder!\"}]},{\"@type\":\"WebSite\",\"@id\":\"https:\/\/psol50.org.br\/#website\",\"url\":\"https:\/\/psol50.org.br\/\",\"name\":\"PSOL 50\",\"description\":\"Site oficial do Partido Socialismo e Liberdade\",\"publisher\":{\"@id\":\"https:\/\/psol50.org.br\/#organization\"},\"alternateName\":\"PSOL50\",\"potentialAction\":[{\"@type\":\"SearchAction\",\"target\":{\"@type\":\"EntryPoint\",\"urlTemplate\":\"https:\/\/psol50.org.br\/?s={search_term_string}\"},\"query-input\":{\"@type\":\"PropertyValueSpecification\",\"valueRequired\":true,\"valueName\":\"search_term_string\"}}],\"inLanguage\":\"pt-BR\"},{\"@type\":\"Organization\",\"@id\":\"https:\/\/psol50.org.br\/#organization\",\"name\":\"PSOL 50\",\"alternateName\":\"PSOL 50\",\"url\":\"https:\/\/psol50.org.br\/\",\"logo\":{\"@type\":\"ImageObject\",\"inLanguage\":\"pt-BR\",\"@id\":\"https:\/\/psol50.org.br\/#\/schema\/logo\/image\/\",\"url\":\"https:\/\/psol50.org.br\/inc\/uploads\/2018\/07\/capa.png\",\"contentUrl\":\"https:\/\/psol50.org.br\/inc\/uploads\/2018\/07\/capa.png\",\"width\":1350,\"height\":900,\"caption\":\"PSOL 50\"},\"image\":{\"@id\":\"https:\/\/psol50.org.br\/#\/schema\/logo\/image\/\"},\"sameAs\":[\"https:\/\/www.facebook.com\/psol50\",\"https:\/\/x.com\/psol50\",\"https:\/\/www.instagram.com\/psol50\/\",\"https:\/\/www.youtube.com\/channel\/UC7SnJS5o1os7a6CaiNabzcg\"]},{\"@type\":\"Person\",\"@id\":\"https:\/\/psol50.org.br\/#\/schema\/person\/475dfa57d0b815993c714c2e96491fcd\",\"name\":\"Comunica\u00e7\u00e3o PSOL\",\"image\":{\"@type\":\"ImageObject\",\"inLanguage\":\"pt-BR\",\"@id\":\"https:\/\/psol50.org.br\/#\/schema\/person\/image\/\",\"url\":\"https:\/\/secure.gravatar.com\/avatar\/b34fc4f4e468a4e51785917065a3db57b841f5c95dba6ad8c73aaf8f66f8f9bf?s=96&d=mm&r=g\",\"contentUrl\":\"https:\/\/secure.gravatar.com\/avatar\/b34fc4f4e468a4e51785917065a3db57b841f5c95dba6ad8c73aaf8f66f8f9bf?s=96&d=mm&r=g\",\"caption\":\"Comunica\u00e7\u00e3o PSOL\"}}]}<\/script>\n<!-- \/ Yoast SEO plugin. -->","yoast_head_json":{"title":"Ocupar a pol\u00edtica: paridade no poder! - PSOL 50","robots":{"index":"index","follow":"follow","max-snippet":"max-snippet:-1","max-image-preview":"max-image-preview:large","max-video-preview":"max-video-preview:-1"},"canonical":"https:\/\/psol50.org.br\/ocupar-a-politica-paridade-no-poder\/","og_locale":"pt_BR","og_type":"article","og_title":"Ocupar a pol\u00edtica: paridade no poder! - PSOL 50","og_description":"Por Albanise Pires, do PSOL Pernambuco O g\u00eanero n\u00e3o \u00e9 uma constru\u00e7\u00e3o natural, e sim cultural. Mulheres e homens s\u00e3o socializados em diferentes pap\u00e9is, com identidades resultantes de influ\u00eancias sociais. N\u00f3s, mulheres, somos educadas para vivermos nos espa\u00e7os privados, assumindo as tarefas relacionadas ao ambiente dom\u00e9stico e ao cuidado com as pessoas, em especial com [&hellip;]","og_url":"https:\/\/psol50.org.br\/ocupar-a-politica-paridade-no-poder\/","og_site_name":"PSOL 50","article_publisher":"https:\/\/www.facebook.com\/psol50","article_published_time":"2018-03-26T18:53:18+00:00","og_image":[{"width":1350,"height":900,"url":"https:\/\/psol50.org.br\/inc\/uploads\/2018\/03\/23929073597_e0cfc0b53a_o.jpg","type":"image\/jpeg"}],"author":"Comunica\u00e7\u00e3o PSOL","twitter_card":"summary_large_image","twitter_creator":"@psol50","twitter_site":"@psol50","twitter_misc":{"Escrito por":"Comunica\u00e7\u00e3o PSOL","Est. tempo de leitura":"2 minutos"},"schema":{"@context":"https:\/\/schema.org","@graph":[{"@type":"Article","@id":"https:\/\/psol50.org.br\/ocupar-a-politica-paridade-no-poder\/#article","isPartOf":{"@id":"https:\/\/psol50.org.br\/ocupar-a-politica-paridade-no-poder\/"},"author":{"name":"Comunica\u00e7\u00e3o PSOL","@id":"https:\/\/psol50.org.br\/#\/schema\/person\/475dfa57d0b815993c714c2e96491fcd"},"headline":"Ocupar a pol\u00edtica: paridade no poder!","datePublished":"2018-03-26T18:53:18+00:00","mainEntityOfPage":{"@id":"https:\/\/psol50.org.br\/ocupar-a-politica-paridade-no-poder\/"},"wordCount":385,"commentCount":0,"publisher":{"@id":"https:\/\/psol50.org.br\/#organization"},"image":{"@id":"https:\/\/psol50.org.br\/ocupar-a-politica-paridade-no-poder\/#primaryimage"},"thumbnailUrl":"https:\/\/psol50.org.br\/inc\/uploads\/2018\/03\/23929073597_e0cfc0b53a_o.jpg","keywords":["G\u00eanero","mulheres","paridade","pol\u00edtica","representa\u00e7\u00e3o"],"articleSection":["Mulheres"],"inLanguage":"pt-BR","potentialAction":[{"@type":"CommentAction","name":"Comment","target":["https:\/\/psol50.org.br\/ocupar-a-politica-paridade-no-poder\/#respond"]}]},{"@type":"WebPage","@id":"https:\/\/psol50.org.br\/ocupar-a-politica-paridade-no-poder\/","url":"https:\/\/psol50.org.br\/ocupar-a-politica-paridade-no-poder\/","name":"Ocupar a pol\u00edtica: paridade no poder! - PSOL 50","isPartOf":{"@id":"https:\/\/psol50.org.br\/#website"},"primaryImageOfPage":{"@id":"https:\/\/psol50.org.br\/ocupar-a-politica-paridade-no-poder\/#primaryimage"},"image":{"@id":"https:\/\/psol50.org.br\/ocupar-a-politica-paridade-no-poder\/#primaryimage"},"thumbnailUrl":"https:\/\/psol50.org.br\/inc\/uploads\/2018\/03\/23929073597_e0cfc0b53a_o.jpg","datePublished":"2018-03-26T18:53:18+00:00","breadcrumb":{"@id":"https:\/\/psol50.org.br\/ocupar-a-politica-paridade-no-poder\/#breadcrumb"},"inLanguage":"pt-BR","potentialAction":[{"@type":"ReadAction","target":["https:\/\/psol50.org.br\/ocupar-a-politica-paridade-no-poder\/"]}]},{"@type":"ImageObject","inLanguage":"pt-BR","@id":"https:\/\/psol50.org.br\/ocupar-a-politica-paridade-no-poder\/#primaryimage","url":"https:\/\/psol50.org.br\/inc\/uploads\/2018\/03\/23929073597_e0cfc0b53a_o.jpg","contentUrl":"https:\/\/psol50.org.br\/inc\/uploads\/2018\/03\/23929073597_e0cfc0b53a_o.jpg","width":1350,"height":900},{"@type":"BreadcrumbList","@id":"https:\/\/psol50.org.br\/ocupar-a-politica-paridade-no-poder\/#breadcrumb","itemListElement":[{"@type":"ListItem","position":1,"name":"In\u00edcio","item":"https:\/\/psol50.org.br\/"},{"@type":"ListItem","position":2,"name":"Ocupar a pol\u00edtica: paridade no poder!"}]},{"@type":"WebSite","@id":"https:\/\/psol50.org.br\/#website","url":"https:\/\/psol50.org.br\/","name":"PSOL 50","description":"Site oficial do Partido Socialismo e Liberdade","publisher":{"@id":"https:\/\/psol50.org.br\/#organization"},"alternateName":"PSOL50","potentialAction":[{"@type":"SearchAction","target":{"@type":"EntryPoint","urlTemplate":"https:\/\/psol50.org.br\/?s={search_term_string}"},"query-input":{"@type":"PropertyValueSpecification","valueRequired":true,"valueName":"search_term_string"}}],"inLanguage":"pt-BR"},{"@type":"Organization","@id":"https:\/\/psol50.org.br\/#organization","name":"PSOL 50","alternateName":"PSOL 50","url":"https:\/\/psol50.org.br\/","logo":{"@type":"ImageObject","inLanguage":"pt-BR","@id":"https:\/\/psol50.org.br\/#\/schema\/logo\/image\/","url":"https:\/\/psol50.org.br\/inc\/uploads\/2018\/07\/capa.png","contentUrl":"https:\/\/psol50.org.br\/inc\/uploads\/2018\/07\/capa.png","width":1350,"height":900,"caption":"PSOL 50"},"image":{"@id":"https:\/\/psol50.org.br\/#\/schema\/logo\/image\/"},"sameAs":["https:\/\/www.facebook.com\/psol50","https:\/\/x.com\/psol50","https:\/\/www.instagram.com\/psol50\/","https:\/\/www.youtube.com\/channel\/UC7SnJS5o1os7a6CaiNabzcg"]},{"@type":"Person","@id":"https:\/\/psol50.org.br\/#\/schema\/person\/475dfa57d0b815993c714c2e96491fcd","name":"Comunica\u00e7\u00e3o PSOL","image":{"@type":"ImageObject","inLanguage":"pt-BR","@id":"https:\/\/psol50.org.br\/#\/schema\/person\/image\/","url":"https:\/\/secure.gravatar.com\/avatar\/b34fc4f4e468a4e51785917065a3db57b841f5c95dba6ad8c73aaf8f66f8f9bf?s=96&d=mm&r=g","contentUrl":"https:\/\/secure.gravatar.com\/avatar\/b34fc4f4e468a4e51785917065a3db57b841f5c95dba6ad8c73aaf8f66f8f9bf?s=96&d=mm&r=g","caption":"Comunica\u00e7\u00e3o PSOL"}}]}},"_links":{"self":[{"href":"https:\/\/psol50.org.br\/rest\/wp\/v2\/posts\/20381","targetHints":{"allow":["GET"]}}],"collection":[{"href":"https:\/\/psol50.org.br\/rest\/wp\/v2\/posts"}],"about":[{"href":"https:\/\/psol50.org.br\/rest\/wp\/v2\/types\/post"}],"author":[{"embeddable":true,"href":"https:\/\/psol50.org.br\/rest\/wp\/v2\/users\/2"}],"replies":[{"embeddable":true,"href":"https:\/\/psol50.org.br\/rest\/wp\/v2\/comments?post=20381"}],"version-history":[{"count":0,"href":"https:\/\/psol50.org.br\/rest\/wp\/v2\/posts\/20381\/revisions"}],"wp:featuredmedia":[{"embeddable":true,"href":"https:\/\/psol50.org.br\/rest\/wp\/v2\/media\/20382"}],"wp:attachment":[{"href":"https:\/\/psol50.org.br\/rest\/wp\/v2\/media?parent=20381"}],"wp:term":[{"taxonomy":"category","embeddable":true,"href":"https:\/\/psol50.org.br\/rest\/wp\/v2\/categories?post=20381"},{"taxonomy":"post_tag","embeddable":true,"href":"https:\/\/psol50.org.br\/rest\/wp\/v2\/tags?post=20381"}],"curies":[{"name":"wp","href":"https:\/\/api.w.org\/{rel}","templated":true}]}}