{"id":20406,"date":"2018-03-27T12:35:29","date_gmt":"2018-03-27T15:35:29","guid":{"rendered":"http:\/\/www.psol50.org.br\/?p=20406"},"modified":"2018-03-27T12:35:29","modified_gmt":"2018-03-27T15:35:29","slug":"psol-aciona-pgr-contra-marco-feliciano-por-declaracao-difamatoria-sobre-marielle","status":"publish","type":"post","link":"https:\/\/psol50.org.br\/psol-aciona-pgr-contra-marco-feliciano-por-declaracao-difamatoria-sobre-marielle\/","title":{"rendered":"PSOL aciona PGR contra Marco Feliciano por declara\u00e7\u00e3o difamat\u00f3ria sobre Marielle"},"content":{"rendered":"<p>O <a href=\"https:\/\/www.facebook.com\/psolnacamara\/\" target=\"_blank\" rel=\"noopener\"><span style=\"color: #0000ff;\"><strong>PSOL na C\u00e2mara<\/strong><\/span><\/a>\u00a0protocolou nesta ter\u00e7a-feira (27), na Procuradoria Geral da Rep\u00fablica (PGR), <a href=\"http:\/\/www.psol50.org.br\/inc\/uploads\/2018\/03\/Representa\u00e7\u00e3o_PGR_MarcoFeliciano.pdf\" target=\"_blank\" rel=\"noopener\"><strong><span style=\"color: #0000ff;\">representa\u00e7\u00e3o contra o deputado federal Marco Feliciano<\/span><\/strong><\/a> (PODEMOS\/SP) que, durante participa\u00e7\u00e3o em um programa de r\u00e1dio, fez declara\u00e7\u00f5es difamat\u00f3rias contra a vereadora Marielle Franco, assassinada no \u00faltimo dia 14. Al\u00e9m dizer absurdos contra a mem\u00f3ria da vereadora do PSOL do Rio de Janeiro, o deputado tamb\u00e9m incentivou, ainda que simbolicamente, a execu\u00e7\u00e3o de militantes de esquerda.<\/p>\n<p>Na avalia\u00e7\u00e3o do partido, Feliciano usou de suas prerrogativas como parlamentar para caluniar Marielle e ainda fazer apologia \u00e0 viol\u00eancia contra aqueles que lutam em defesa dos direitos humanos. &#8220;O Partido Socialismo e Liberdade, ora Representante, chora a dor de ter uma grande lutadora social arrancada covardemente de suas trincheiras. E, por tudo o que o assassinato de Marielle simboliza, vimos grandes homenagens e manifesta\u00e7\u00f5es de rua se desencadearem por todo o Brasil, ecoando o grito: Marielle, presente! Hoje e Sempre! Em meio ao luto e em total desrespeito \u00e0 mem\u00f3ria de Marielle, o Deputado Marco Feliciano, ora Representado, abusou de suas prerrogativas constitucionais para caluni\u00e1-la, al\u00e9m de incitar e fazer apologia \u00e0 viol\u00eancia&#8221;.<\/p>\n<p>As declara\u00e7\u00f5es do deputado, que \u00e9 pastor da Catedral do Avivamento, igreja neopentecostal ligada \u00e0 Assembleia de Deus, foram proferidas no programa P\u00e2nico Jovem Pan, com dura\u00e7\u00e3o de 1 hora e 24 minutos. Um dos comentaristas questiona Feliciano sobre o assassinato da vereadora e o parlamentar responde: \u201c<em>Bom, como ser humano, como pai, como cidad\u00e3o brasileiro, \u00e9 lament\u00e1vel a morte da Marielle. \u00c9 lament\u00e1vel porque \u00e9 uma menina nova, tinha uma vida pela frente, e tem sua vida ceifada de uma maneira brutal, idiota e violenta.\u00a0 Mas ela \u00e9 s\u00f3 mais um n\u00famero. \u00c9 uma estat\u00edstica infeliz. 60 mil assassinatos por ano no pa\u00eds. Ela n\u00e3o \u00e9 a primeira<\/em>\u201d. O comentarista interrompe com a pergunta: \u201c<em>Mas e como l\u00edder pol\u00edtica?<\/em>\u201d.<\/p>\n<p>O deputado, gerando forte rea\u00e7\u00e3o entre os participantes do programa, afirma:\u00a0\u201c<em>(&#8230;) ou\u00e7a os discursos da pr\u00f3pria mo\u00e7a que foi assassinada. Pegue na internet, tem um monte de discurso dela dizendo assim: o traficante tem que ter metralhadora pra encarar a pol\u00edcia sim porque n\u00f3s temos que desmilitarizar a pol\u00edcia. \u00c9 voc\u00ea pegar ela no meio da rua com uma corneta gritando assim: S\u00e9rgio Moro \u00e9 bandido, tem que estar preso na cadeia&#8230; que Lula \u00e9 santo&#8230;Ent\u00e3o, veja s\u00f3, quando voc\u00ea pega a esquerda, a esquerda&#8230; o c\u00e9rebro de um esquerdista \u00e9 do tamanho de uma ervilha, n\u00e9?! At\u00e9 um pouco tempo atr\u00e1s eu fiquei sabendo que deram um tiro na cabe\u00e7a de um esquerdista no Rio de Janeiro, levou uma semana pra morrer porque a bala n\u00e3o achava o c\u00e9rebro do esquerdista<\/em>\u201d.<\/p>\n<p>Na representa\u00e7\u00e3o, o PSOL questiona, ainda, o fato de que as declara\u00e7\u00f5es de Marco Feliciano foram ouvidas por milh\u00f5es de pessoas, inclusive\u00a0crian\u00e7as e adolescentes, por meio de uma concess\u00e3o p\u00fablica de comunica\u00e7\u00e3o. &#8220;Certamente, o discurso do Deputado Marco Feliciano merece o rep\u00fadio de todos aqueles que acreditam nos princ\u00edpios constitucionais que norteiam a sociedade brasileira, notadamente, a dignidade da pessoa humana, princ\u00edpio guia da Constitui\u00e7\u00e3o Federal de 1988. Como se observa, o desrespeito aos direitos humanos tem sido pr\u00e1tica recorrente do Representado e, no caso espec\u00edfico, como ser\u00e1 visto adiante, pun\u00edvel c\u00edvel e penalmente ao incitar e fazer apologia \u00e0 viol\u00eancia&#8221;, ressalta.<\/p>\n<p>A a\u00e7\u00e3o, assinada pela deputada Luiza Erundina (SP) e pelos deputados Ivan Valente (SP), Chico Alencar (SP), Edmilson Rodrigues (PA), Jean Wyllys (RJ) e Glauber Braga (RJ), pede que a procuradora-geral Raquel Dodge, assim como a\u00a0Procuradoria Federal dos Direitos do Cidad\u00e3o, investigue a postura de Feliciano, adotando as a\u00e7\u00f5es necess\u00e1rias para a responsabiliza\u00e7\u00e3o penal contra ele. Al\u00e9m disso, pede que, no \u00e2mbito c\u00edvel, Marco Feliciano seja responsabilizado pelo dano moral coletivo, em fun\u00e7\u00e3o do ataque \u00e0 luta por direitos humanos e aos militantes de esquerda. A indeniza\u00e7\u00e3o a ser paga ser\u00e1 revertida para organiza\u00e7\u00f5es de direitos humanos de mulheres negras.<\/p>\n","protected":false},"excerpt":{"rendered":"<p>O PSOL na C\u00e2mara\u00a0protocolou nesta ter\u00e7a-feira (27), na Procuradoria Geral da Rep\u00fablica (PGR), representa\u00e7\u00e3o contra o deputado federal Marco Feliciano (PODEMOS\/SP) que, durante participa\u00e7\u00e3o em um programa de r\u00e1dio, fez declara\u00e7\u00f5es difamat\u00f3rias contra a vereadora Marielle Franco, assassinada no \u00faltimo dia 14. Al\u00e9m dizer absurdos contra a mem\u00f3ria da vereadora do PSOL do Rio de [&hellip;]<\/p>\n","protected":false},"author":2,"featured_media":20407,"comment_status":"open","ping_status":"open","sticky":false,"template":"","format":"standard","meta":{"_acf_changed":false,"footnotes":""},"categories":[10,1882,6],"tags":[2381,1071,534,2382,194,2383,77,417,1606],"class_list":{"0":"post-20406","1":"post","2":"type-post","3":"status-publish","4":"format-standard","5":"has-post-thumbnail","7":"category-acao-parlamentares","8":"category-brasil","9":"category-noticias","10":"tag-dano-moral","11":"tag-difamacao","12":"tag-direitos-humanos","13":"tag-marco-feliciano","14":"tag-marielle-franco","15":"tag-panico-jovem-pan","16":"tag-pgr","17":"tag-psol-na-camara","18":"tag-representacao"},"acf":[],"yoast_head":"<!-- This site is optimized with the Yoast SEO plugin v26.5 - https:\/\/yoast.com\/wordpress\/plugins\/seo\/ -->\n<title>PSOL aciona PGR contra Marco Feliciano por declara\u00e7\u00e3o difamat\u00f3ria sobre Marielle - PSOL 50<\/title>\n<meta name=\"robots\" content=\"index, follow, max-snippet:-1, max-image-preview:large, max-video-preview:-1\" \/>\n<link rel=\"canonical\" href=\"https:\/\/psol50.org.br\/psol-aciona-pgr-contra-marco-feliciano-por-declaracao-difamatoria-sobre-marielle\/\" \/>\n<meta property=\"og:locale\" content=\"pt_BR\" \/>\n<meta property=\"og:type\" content=\"article\" \/>\n<meta property=\"og:title\" content=\"PSOL aciona PGR contra Marco Feliciano por declara\u00e7\u00e3o difamat\u00f3ria sobre Marielle - PSOL 50\" \/>\n<meta property=\"og:description\" content=\"O PSOL na C\u00e2mara\u00a0protocolou nesta ter\u00e7a-feira (27), na Procuradoria Geral da Rep\u00fablica (PGR), representa\u00e7\u00e3o contra o deputado federal Marco Feliciano (PODEMOS\/SP) que, durante participa\u00e7\u00e3o em um programa de r\u00e1dio, fez declara\u00e7\u00f5es difamat\u00f3rias contra a vereadora Marielle Franco, assassinada no \u00faltimo dia 14. Al\u00e9m dizer absurdos contra a mem\u00f3ria da vereadora do PSOL do Rio de [&hellip;]\" \/>\n<meta property=\"og:url\" content=\"https:\/\/psol50.org.br\/psol-aciona-pgr-contra-marco-feliciano-por-declaracao-difamatoria-sobre-marielle\/\" \/>\n<meta property=\"og:site_name\" content=\"PSOL 50\" \/>\n<meta property=\"article:publisher\" content=\"https:\/\/www.facebook.com\/psol50\" \/>\n<meta property=\"article:published_time\" content=\"2018-03-27T15:35:29+00:00\" \/>\n<meta property=\"og:image\" content=\"https:\/\/psol50.org.br\/inc\/uploads\/2018\/03\/Marco_Feliciano_JoseCruz_ABr.jpg\" \/>\n\t<meta property=\"og:image:width\" content=\"1350\" \/>\n\t<meta property=\"og:image:height\" content=\"988\" \/>\n\t<meta property=\"og:image:type\" content=\"image\/jpeg\" \/>\n<meta name=\"author\" content=\"Comunica\u00e7\u00e3o PSOL\" \/>\n<meta name=\"twitter:card\" content=\"summary_large_image\" \/>\n<meta name=\"twitter:creator\" content=\"@psol50\" \/>\n<meta name=\"twitter:site\" content=\"@psol50\" \/>\n<meta name=\"twitter:label1\" content=\"Escrito por\" \/>\n\t<meta name=\"twitter:data1\" content=\"Comunica\u00e7\u00e3o PSOL\" \/>\n\t<meta name=\"twitter:label2\" content=\"Est. tempo de leitura\" \/>\n\t<meta name=\"twitter:data2\" content=\"3 minutos\" \/>\n<script type=\"application\/ld+json\" class=\"yoast-schema-graph\">{\"@context\":\"https:\/\/schema.org\",\"@graph\":[{\"@type\":\"Article\",\"@id\":\"https:\/\/psol50.org.br\/psol-aciona-pgr-contra-marco-feliciano-por-declaracao-difamatoria-sobre-marielle\/#article\",\"isPartOf\":{\"@id\":\"https:\/\/psol50.org.br\/psol-aciona-pgr-contra-marco-feliciano-por-declaracao-difamatoria-sobre-marielle\/\"},\"author\":{\"name\":\"Comunica\u00e7\u00e3o PSOL\",\"@id\":\"https:\/\/psol50.org.br\/#\/schema\/person\/475dfa57d0b815993c714c2e96491fcd\"},\"headline\":\"PSOL aciona PGR contra Marco Feliciano por declara\u00e7\u00e3o difamat\u00f3ria sobre Marielle\",\"datePublished\":\"2018-03-27T15:35:29+00:00\",\"mainEntityOfPage\":{\"@id\":\"https:\/\/psol50.org.br\/psol-aciona-pgr-contra-marco-feliciano-por-declaracao-difamatoria-sobre-marielle\/\"},\"wordCount\":703,\"commentCount\":0,\"publisher\":{\"@id\":\"https:\/\/psol50.org.br\/#organization\"},\"image\":{\"@id\":\"https:\/\/psol50.org.br\/psol-aciona-pgr-contra-marco-feliciano-por-declaracao-difamatoria-sobre-marielle\/#primaryimage\"},\"thumbnailUrl\":\"https:\/\/psol50.org.br\/inc\/uploads\/2018\/03\/Marco_Feliciano_JoseCruz_ABr.jpg\",\"keywords\":[\"dano moral\",\"difama\u00e7\u00e3o\",\"direitos humanos\",\"Marco Feliciano\",\"Marielle Franco\",\"P\u00e2nico Jovem Pan\",\"PGR\",\"PSOL na C\u00e2mara\",\"representa\u00e7\u00e3o\"],\"articleSection\":[\"A\u00e7\u00e3o Parlamentar\",\"Brasil\",\"Not\u00edcias\"],\"inLanguage\":\"pt-BR\",\"potentialAction\":[{\"@type\":\"CommentAction\",\"name\":\"Comment\",\"target\":[\"https:\/\/psol50.org.br\/psol-aciona-pgr-contra-marco-feliciano-por-declaracao-difamatoria-sobre-marielle\/#respond\"]}]},{\"@type\":\"WebPage\",\"@id\":\"https:\/\/psol50.org.br\/psol-aciona-pgr-contra-marco-feliciano-por-declaracao-difamatoria-sobre-marielle\/\",\"url\":\"https:\/\/psol50.org.br\/psol-aciona-pgr-contra-marco-feliciano-por-declaracao-difamatoria-sobre-marielle\/\",\"name\":\"PSOL aciona PGR contra Marco Feliciano por declara\u00e7\u00e3o difamat\u00f3ria sobre Marielle - PSOL 50\",\"isPartOf\":{\"@id\":\"https:\/\/psol50.org.br\/#website\"},\"primaryImageOfPage\":{\"@id\":\"https:\/\/psol50.org.br\/psol-aciona-pgr-contra-marco-feliciano-por-declaracao-difamatoria-sobre-marielle\/#primaryimage\"},\"image\":{\"@id\":\"https:\/\/psol50.org.br\/psol-aciona-pgr-contra-marco-feliciano-por-declaracao-difamatoria-sobre-marielle\/#primaryimage\"},\"thumbnailUrl\":\"https:\/\/psol50.org.br\/inc\/uploads\/2018\/03\/Marco_Feliciano_JoseCruz_ABr.jpg\",\"datePublished\":\"2018-03-27T15:35:29+00:00\",\"breadcrumb\":{\"@id\":\"https:\/\/psol50.org.br\/psol-aciona-pgr-contra-marco-feliciano-por-declaracao-difamatoria-sobre-marielle\/#breadcrumb\"},\"inLanguage\":\"pt-BR\",\"potentialAction\":[{\"@type\":\"ReadAction\",\"target\":[\"https:\/\/psol50.org.br\/psol-aciona-pgr-contra-marco-feliciano-por-declaracao-difamatoria-sobre-marielle\/\"]}]},{\"@type\":\"ImageObject\",\"inLanguage\":\"pt-BR\",\"@id\":\"https:\/\/psol50.org.br\/psol-aciona-pgr-contra-marco-feliciano-por-declaracao-difamatoria-sobre-marielle\/#primaryimage\",\"url\":\"https:\/\/psol50.org.br\/inc\/uploads\/2018\/03\/Marco_Feliciano_JoseCruz_ABr.jpg\",\"contentUrl\":\"https:\/\/psol50.org.br\/inc\/uploads\/2018\/03\/Marco_Feliciano_JoseCruz_ABr.jpg\",\"width\":1350,\"height\":988},{\"@type\":\"BreadcrumbList\",\"@id\":\"https:\/\/psol50.org.br\/psol-aciona-pgr-contra-marco-feliciano-por-declaracao-difamatoria-sobre-marielle\/#breadcrumb\",\"itemListElement\":[{\"@type\":\"ListItem\",\"position\":1,\"name\":\"In\u00edcio\",\"item\":\"https:\/\/psol50.org.br\/\"},{\"@type\":\"ListItem\",\"position\":2,\"name\":\"PSOL aciona PGR contra Marco Feliciano por declara\u00e7\u00e3o difamat\u00f3ria sobre Marielle\"}]},{\"@type\":\"WebSite\",\"@id\":\"https:\/\/psol50.org.br\/#website\",\"url\":\"https:\/\/psol50.org.br\/\",\"name\":\"PSOL 50\",\"description\":\"Site oficial do Partido Socialismo e Liberdade\",\"publisher\":{\"@id\":\"https:\/\/psol50.org.br\/#organization\"},\"alternateName\":\"PSOL50\",\"potentialAction\":[{\"@type\":\"SearchAction\",\"target\":{\"@type\":\"EntryPoint\",\"urlTemplate\":\"https:\/\/psol50.org.br\/?s={search_term_string}\"},\"query-input\":{\"@type\":\"PropertyValueSpecification\",\"valueRequired\":true,\"valueName\":\"search_term_string\"}}],\"inLanguage\":\"pt-BR\"},{\"@type\":\"Organization\",\"@id\":\"https:\/\/psol50.org.br\/#organization\",\"name\":\"PSOL 50\",\"alternateName\":\"PSOL 50\",\"url\":\"https:\/\/psol50.org.br\/\",\"logo\":{\"@type\":\"ImageObject\",\"inLanguage\":\"pt-BR\",\"@id\":\"https:\/\/psol50.org.br\/#\/schema\/logo\/image\/\",\"url\":\"https:\/\/psol50.org.br\/inc\/uploads\/2018\/07\/capa.png\",\"contentUrl\":\"https:\/\/psol50.org.br\/inc\/uploads\/2018\/07\/capa.png\",\"width\":1350,\"height\":900,\"caption\":\"PSOL 50\"},\"image\":{\"@id\":\"https:\/\/psol50.org.br\/#\/schema\/logo\/image\/\"},\"sameAs\":[\"https:\/\/www.facebook.com\/psol50\",\"https:\/\/x.com\/psol50\",\"https:\/\/www.instagram.com\/psol50\/\",\"https:\/\/www.youtube.com\/channel\/UC7SnJS5o1os7a6CaiNabzcg\"]},{\"@type\":\"Person\",\"@id\":\"https:\/\/psol50.org.br\/#\/schema\/person\/475dfa57d0b815993c714c2e96491fcd\",\"name\":\"Comunica\u00e7\u00e3o PSOL\",\"image\":{\"@type\":\"ImageObject\",\"inLanguage\":\"pt-BR\",\"@id\":\"https:\/\/psol50.org.br\/#\/schema\/person\/image\/\",\"url\":\"https:\/\/secure.gravatar.com\/avatar\/b34fc4f4e468a4e51785917065a3db57b841f5c95dba6ad8c73aaf8f66f8f9bf?s=96&d=mm&r=g\",\"contentUrl\":\"https:\/\/secure.gravatar.com\/avatar\/b34fc4f4e468a4e51785917065a3db57b841f5c95dba6ad8c73aaf8f66f8f9bf?s=96&d=mm&r=g\",\"caption\":\"Comunica\u00e7\u00e3o PSOL\"}}]}<\/script>\n<!-- \/ Yoast SEO plugin. -->","yoast_head_json":{"title":"PSOL aciona PGR contra Marco Feliciano por declara\u00e7\u00e3o difamat\u00f3ria sobre Marielle - PSOL 50","robots":{"index":"index","follow":"follow","max-snippet":"max-snippet:-1","max-image-preview":"max-image-preview:large","max-video-preview":"max-video-preview:-1"},"canonical":"https:\/\/psol50.org.br\/psol-aciona-pgr-contra-marco-feliciano-por-declaracao-difamatoria-sobre-marielle\/","og_locale":"pt_BR","og_type":"article","og_title":"PSOL aciona PGR contra Marco Feliciano por declara\u00e7\u00e3o difamat\u00f3ria sobre Marielle - PSOL 50","og_description":"O PSOL na C\u00e2mara\u00a0protocolou nesta ter\u00e7a-feira (27), na Procuradoria Geral da Rep\u00fablica (PGR), representa\u00e7\u00e3o contra o deputado federal Marco Feliciano (PODEMOS\/SP) que, durante participa\u00e7\u00e3o em um programa de r\u00e1dio, fez declara\u00e7\u00f5es difamat\u00f3rias contra a vereadora Marielle Franco, assassinada no \u00faltimo dia 14. Al\u00e9m dizer absurdos contra a mem\u00f3ria da vereadora do PSOL do Rio de [&hellip;]","og_url":"https:\/\/psol50.org.br\/psol-aciona-pgr-contra-marco-feliciano-por-declaracao-difamatoria-sobre-marielle\/","og_site_name":"PSOL 50","article_publisher":"https:\/\/www.facebook.com\/psol50","article_published_time":"2018-03-27T15:35:29+00:00","og_image":[{"width":1350,"height":988,"url":"https:\/\/psol50.org.br\/inc\/uploads\/2018\/03\/Marco_Feliciano_JoseCruz_ABr.jpg","type":"image\/jpeg"}],"author":"Comunica\u00e7\u00e3o PSOL","twitter_card":"summary_large_image","twitter_creator":"@psol50","twitter_site":"@psol50","twitter_misc":{"Escrito por":"Comunica\u00e7\u00e3o PSOL","Est. tempo de leitura":"3 minutos"},"schema":{"@context":"https:\/\/schema.org","@graph":[{"@type":"Article","@id":"https:\/\/psol50.org.br\/psol-aciona-pgr-contra-marco-feliciano-por-declaracao-difamatoria-sobre-marielle\/#article","isPartOf":{"@id":"https:\/\/psol50.org.br\/psol-aciona-pgr-contra-marco-feliciano-por-declaracao-difamatoria-sobre-marielle\/"},"author":{"name":"Comunica\u00e7\u00e3o PSOL","@id":"https:\/\/psol50.org.br\/#\/schema\/person\/475dfa57d0b815993c714c2e96491fcd"},"headline":"PSOL aciona PGR contra Marco Feliciano por declara\u00e7\u00e3o difamat\u00f3ria sobre Marielle","datePublished":"2018-03-27T15:35:29+00:00","mainEntityOfPage":{"@id":"https:\/\/psol50.org.br\/psol-aciona-pgr-contra-marco-feliciano-por-declaracao-difamatoria-sobre-marielle\/"},"wordCount":703,"commentCount":0,"publisher":{"@id":"https:\/\/psol50.org.br\/#organization"},"image":{"@id":"https:\/\/psol50.org.br\/psol-aciona-pgr-contra-marco-feliciano-por-declaracao-difamatoria-sobre-marielle\/#primaryimage"},"thumbnailUrl":"https:\/\/psol50.org.br\/inc\/uploads\/2018\/03\/Marco_Feliciano_JoseCruz_ABr.jpg","keywords":["dano moral","difama\u00e7\u00e3o","direitos humanos","Marco Feliciano","Marielle Franco","P\u00e2nico Jovem Pan","PGR","PSOL na C\u00e2mara","representa\u00e7\u00e3o"],"articleSection":["A\u00e7\u00e3o Parlamentar","Brasil","Not\u00edcias"],"inLanguage":"pt-BR","potentialAction":[{"@type":"CommentAction","name":"Comment","target":["https:\/\/psol50.org.br\/psol-aciona-pgr-contra-marco-feliciano-por-declaracao-difamatoria-sobre-marielle\/#respond"]}]},{"@type":"WebPage","@id":"https:\/\/psol50.org.br\/psol-aciona-pgr-contra-marco-feliciano-por-declaracao-difamatoria-sobre-marielle\/","url":"https:\/\/psol50.org.br\/psol-aciona-pgr-contra-marco-feliciano-por-declaracao-difamatoria-sobre-marielle\/","name":"PSOL aciona PGR contra Marco Feliciano por declara\u00e7\u00e3o difamat\u00f3ria sobre Marielle - PSOL 50","isPartOf":{"@id":"https:\/\/psol50.org.br\/#website"},"primaryImageOfPage":{"@id":"https:\/\/psol50.org.br\/psol-aciona-pgr-contra-marco-feliciano-por-declaracao-difamatoria-sobre-marielle\/#primaryimage"},"image":{"@id":"https:\/\/psol50.org.br\/psol-aciona-pgr-contra-marco-feliciano-por-declaracao-difamatoria-sobre-marielle\/#primaryimage"},"thumbnailUrl":"https:\/\/psol50.org.br\/inc\/uploads\/2018\/03\/Marco_Feliciano_JoseCruz_ABr.jpg","datePublished":"2018-03-27T15:35:29+00:00","breadcrumb":{"@id":"https:\/\/psol50.org.br\/psol-aciona-pgr-contra-marco-feliciano-por-declaracao-difamatoria-sobre-marielle\/#breadcrumb"},"inLanguage":"pt-BR","potentialAction":[{"@type":"ReadAction","target":["https:\/\/psol50.org.br\/psol-aciona-pgr-contra-marco-feliciano-por-declaracao-difamatoria-sobre-marielle\/"]}]},{"@type":"ImageObject","inLanguage":"pt-BR","@id":"https:\/\/psol50.org.br\/psol-aciona-pgr-contra-marco-feliciano-por-declaracao-difamatoria-sobre-marielle\/#primaryimage","url":"https:\/\/psol50.org.br\/inc\/uploads\/2018\/03\/Marco_Feliciano_JoseCruz_ABr.jpg","contentUrl":"https:\/\/psol50.org.br\/inc\/uploads\/2018\/03\/Marco_Feliciano_JoseCruz_ABr.jpg","width":1350,"height":988},{"@type":"BreadcrumbList","@id":"https:\/\/psol50.org.br\/psol-aciona-pgr-contra-marco-feliciano-por-declaracao-difamatoria-sobre-marielle\/#breadcrumb","itemListElement":[{"@type":"ListItem","position":1,"name":"In\u00edcio","item":"https:\/\/psol50.org.br\/"},{"@type":"ListItem","position":2,"name":"PSOL aciona PGR contra Marco Feliciano por declara\u00e7\u00e3o difamat\u00f3ria sobre Marielle"}]},{"@type":"WebSite","@id":"https:\/\/psol50.org.br\/#website","url":"https:\/\/psol50.org.br\/","name":"PSOL 50","description":"Site oficial do Partido Socialismo e Liberdade","publisher":{"@id":"https:\/\/psol50.org.br\/#organization"},"alternateName":"PSOL50","potentialAction":[{"@type":"SearchAction","target":{"@type":"EntryPoint","urlTemplate":"https:\/\/psol50.org.br\/?s={search_term_string}"},"query-input":{"@type":"PropertyValueSpecification","valueRequired":true,"valueName":"search_term_string"}}],"inLanguage":"pt-BR"},{"@type":"Organization","@id":"https:\/\/psol50.org.br\/#organization","name":"PSOL 50","alternateName":"PSOL 50","url":"https:\/\/psol50.org.br\/","logo":{"@type":"ImageObject","inLanguage":"pt-BR","@id":"https:\/\/psol50.org.br\/#\/schema\/logo\/image\/","url":"https:\/\/psol50.org.br\/inc\/uploads\/2018\/07\/capa.png","contentUrl":"https:\/\/psol50.org.br\/inc\/uploads\/2018\/07\/capa.png","width":1350,"height":900,"caption":"PSOL 50"},"image":{"@id":"https:\/\/psol50.org.br\/#\/schema\/logo\/image\/"},"sameAs":["https:\/\/www.facebook.com\/psol50","https:\/\/x.com\/psol50","https:\/\/www.instagram.com\/psol50\/","https:\/\/www.youtube.com\/channel\/UC7SnJS5o1os7a6CaiNabzcg"]},{"@type":"Person","@id":"https:\/\/psol50.org.br\/#\/schema\/person\/475dfa57d0b815993c714c2e96491fcd","name":"Comunica\u00e7\u00e3o PSOL","image":{"@type":"ImageObject","inLanguage":"pt-BR","@id":"https:\/\/psol50.org.br\/#\/schema\/person\/image\/","url":"https:\/\/secure.gravatar.com\/avatar\/b34fc4f4e468a4e51785917065a3db57b841f5c95dba6ad8c73aaf8f66f8f9bf?s=96&d=mm&r=g","contentUrl":"https:\/\/secure.gravatar.com\/avatar\/b34fc4f4e468a4e51785917065a3db57b841f5c95dba6ad8c73aaf8f66f8f9bf?s=96&d=mm&r=g","caption":"Comunica\u00e7\u00e3o PSOL"}}]}},"_links":{"self":[{"href":"https:\/\/psol50.org.br\/rest\/wp\/v2\/posts\/20406","targetHints":{"allow":["GET"]}}],"collection":[{"href":"https:\/\/psol50.org.br\/rest\/wp\/v2\/posts"}],"about":[{"href":"https:\/\/psol50.org.br\/rest\/wp\/v2\/types\/post"}],"author":[{"embeddable":true,"href":"https:\/\/psol50.org.br\/rest\/wp\/v2\/users\/2"}],"replies":[{"embeddable":true,"href":"https:\/\/psol50.org.br\/rest\/wp\/v2\/comments?post=20406"}],"version-history":[{"count":0,"href":"https:\/\/psol50.org.br\/rest\/wp\/v2\/posts\/20406\/revisions"}],"wp:featuredmedia":[{"embeddable":true,"href":"https:\/\/psol50.org.br\/rest\/wp\/v2\/media\/20407"}],"wp:attachment":[{"href":"https:\/\/psol50.org.br\/rest\/wp\/v2\/media?parent=20406"}],"wp:term":[{"taxonomy":"category","embeddable":true,"href":"https:\/\/psol50.org.br\/rest\/wp\/v2\/categories?post=20406"},{"taxonomy":"post_tag","embeddable":true,"href":"https:\/\/psol50.org.br\/rest\/wp\/v2\/tags?post=20406"}],"curies":[{"name":"wp","href":"https:\/\/api.w.org\/{rel}","templated":true}]}}