{"id":2042,"date":"2013-06-07T00:00:00","date_gmt":"2013-06-07T00:00:00","guid":{"rendered":"http:\/\/psol50.org.br\/arquivo\/2013\/06\/07\/portugal-apoiamos-a-greve-geral-porque-acreditamos-que-e-preciso-futuro-para-o-pais\/"},"modified":"2013-06-07T00:00:00","modified_gmt":"2013-06-07T00:00:00","slug":"portugal-apoiamos-a-greve-geral-porque-acreditamos-que-e-preciso-futuro-para-o-pais","status":"publish","type":"post","link":"https:\/\/psol50.org.br\/portugal-apoiamos-a-greve-geral-porque-acreditamos-que-e-preciso-futuro-para-o-pais\/","title":{"rendered":"Portugal: \u201cApoiamos a greve geral porque acreditamos que \u00e9 preciso futuro para o pa\u00eds\u201d"},"content":{"rendered":"<p style=\"text-align: justify;\">\n\tCatarina Martins, coordenadora do Bloco de Esquerda de Portugal, na \u00faltima segunda-feira (03), em Serpa, acusou o governo de s\u00f3 conhecer o &#8220;verbo cortar&#8221;, considerando &#8220;imposs\u00edvel o primeiro-ministro querer discutir a reforma do Estado&#8221;, quando tudo o que sempre fez &#8220;foi s\u00f3 cortar&#8221;, segundo informa o site portugu\u00eas Esquerda-net.<\/p>\n<p>\t&#8220;Imposs\u00edvel \u00e9 ter um primeiro-ministro que diz que quer discutir a reforma do Estado, quando tudo o que ele fez, e sempre, foi s\u00f3 cortar. Cortar sal\u00e1rios, pens\u00f5es, servi\u00e7os p\u00fablicos. Cortar \u00e9 o \u00fanico verbo que [os membros do Governo) conhecem&#8221;, disse Catarina Martins.<br \/>\n\t&nbsp;<br \/>\n\tDe acordo com o Esquerda.net, a coordenadora do Bloco denunciou que Passos Coelho &#8220;quer debater uma reforma do Estado, ao mesmo tempo que entrega na Assembleia da Rep\u00fablica um or\u00e7amento retificativo, que, na realidade, tudo o que mostra \u00e9 que o que este Governo quer \u00e9 fazer mais do mesmo&#8221;.<br \/>\n\t&nbsp;<br \/>\n\t&#8220;\u00c9 mais daquilo que tem sido a pol\u00edtica de destrui\u00e7\u00e3o da economia, do emprego, do ataque aos sal\u00e1rios, \u00e0s pens\u00f5es, esta pol\u00edtica do abismo, que nos p\u00f5e cada vez mais pr\u00f3ximos da bancarrota e que empobrece as pessoas a cada dia que passa&#8221;, frisou.<br \/>\n\t&nbsp;<br \/>\n\tCatarina Martins denunciou tamb\u00e9m a \u201cchantagem contra os professores\u201d que \u00e9 feita pelo governo e apoiou a greve da categoria, afirmando que a responsabilidade das paralisa\u00e7\u00f5es dos docentes &#8220;\u00e9 inteira do governo, porque \u00e9 o governo que quer despedir professores, enfraquecer a escola p\u00fablica e est\u00e1, assim, a prejudicar, e muito, o direito das crian\u00e7as e dos estudantes \u00e0 educa\u00e7\u00e3o&#8221;.<br \/>\n\t&nbsp;<br \/>\n\tA coordenadora do Bloco, reconhecendo que \u00e9 muito dif\u00edcil &#8220;prescindir de um dia de sal\u00e1rio&#8221; \u201ccom sal\u00e1rios cada vez mais magros, com tanta precariedade\u201d, afirmou que &#8220;faremos uma greve geral, porque acreditamos que \u00e9 preciso futuro para o pa\u00eds, porque n\u00e3o somos ratos de laborat\u00f3rio&#8221;, nos quais a &#8216;troika&#8217; possa &#8220;levar a cabo as suas experi\u00eancias liberais e destruir tudo o que foi conquistado com tanto trabalho na nossa democracia&#8221;.<br \/>\n\t&nbsp;<br \/>\n\t<strong>Centrais sindicais esperam grande ades\u00e3o \u00e0 greve geral <\/strong><br \/>\n\tO site de not\u00edcias Esquerda.net tamb\u00e9m informa que dirigentes das principais centrais sindicais de Portugal, que preparam uma greve geral para o dia 27 de junho, entregaram ao Minist\u00e9rio da Economia, nesta sexta-feira (07), os pr\u00e9-avisos de greve. Primeiro foi a CGTP (Central Geral dos Trabalhadores de Portugal), com o dirigente Arm\u00e9nio Carlos a explicar as tr\u00eas raz\u00f5es que o fazem antecipar uma grande participa\u00e7\u00e3o dos trabalhadores ao protesto.<br \/>\n\t&nbsp;<br \/>\n\t\u201cEm primeiro lugar, muitos dos trabalhadores que votaram no PSD (Partido Social Democrata) e CDS-Partido Popular j\u00e1 perceberam que esta pol\u00edtica beneficia os grandes grupos econ\u00f4micos e financeiros e penaliza os trabalhadores. Segundo, porque as pessoas j\u00e1 perceberam que esta greve vai procurar avan\u00e7ar com propostas para os problemas do pa\u00eds e, em terceiro, porque esta greve \u00e9 tamb\u00e9m pela defesa da dignidade\u201d, disse o secret\u00e1rio-geral da CGTP aos jornalistas.<br \/>\n\t&nbsp;<br \/>\n\t\u201cEsta \u00e9 uma greve geral que tem a ver com todos os trabalhadores do setor privado, do setor p\u00fablico e tamb\u00e9m do setor empresarial do Estado, mas \u00e9 uma greve geral que tamb\u00e9m procura defender os direitos das novas gera\u00e7\u00f5es, portanto, ningu\u00e9m pode ficar indiferente&#8221;, sublinhou Arm\u00e9nio Carlos. \u201cOu aceitamos aquilo que nos querem impor ou manifestamos a nossa indigna\u00e7\u00e3o atrav\u00e9s da luta para dizer que este n\u00e3o \u00e9 o caminho e \u00e9 isso que vamos fazer e isso passa pela sa\u00edda deste Governo&#8221;, concluiu o l\u00edder da CGTP.<br \/>\n\t&nbsp;<\/p>\n<p>&nbsp;<\/p>\n","protected":false},"excerpt":{"rendered":"<p>Catarina Martins, coordenadora do Bloco de Esquerda de Portugal, na \u00faltima segunda-feira (03), em Serpa, acusou o governo de s\u00f3 conhecer o &#8220;verbo cortar&#8221;, considerando &#8220;imposs\u00edvel o primeiro-ministro querer discutir a reforma do Estado&#8221;, quando tudo o que sempre fez &#8220;foi s\u00f3 cortar&#8221;, segundo informa o site portugu\u00eas Esquerda-net. &#8220;Imposs\u00edvel \u00e9 ter um primeiro-ministro que [&hellip;]<\/p>\n","protected":false},"author":2,"featured_media":0,"comment_status":"open","ping_status":"open","sticky":false,"template":"","format":"standard","meta":{"_acf_changed":false,"footnotes":""},"categories":[4766,4956],"tags":[515,1216,491],"class_list":{"0":"post-2042","1":"post","2":"type-post","3":"status-publish","4":"format-standard","6":"category-arquivo","7":"category-portugal","8":"tag-bloco-de-esquerda","9":"tag-internacional","10":"tag-portugal"},"acf":[],"yoast_head":"<!-- This site is optimized with the Yoast SEO plugin v26.5 - https:\/\/yoast.com\/wordpress\/plugins\/seo\/ -->\n<title>Portugal: \u201cApoiamos a greve geral porque acreditamos que \u00e9 preciso futuro para o pa\u00eds\u201d - PSOL 50<\/title>\n<meta name=\"robots\" content=\"index, follow, max-snippet:-1, max-image-preview:large, max-video-preview:-1\" \/>\n<link rel=\"canonical\" href=\"https:\/\/psol50.org.br\/portugal-apoiamos-a-greve-geral-porque-acreditamos-que-e-preciso-futuro-para-o-pais\/\" \/>\n<meta property=\"og:locale\" content=\"pt_BR\" \/>\n<meta property=\"og:type\" content=\"article\" \/>\n<meta property=\"og:title\" content=\"Portugal: \u201cApoiamos a greve geral porque acreditamos que \u00e9 preciso futuro para o pa\u00eds\u201d - PSOL 50\" \/>\n<meta property=\"og:description\" content=\"Catarina Martins, coordenadora do Bloco de Esquerda de Portugal, na \u00faltima segunda-feira (03), em Serpa, acusou o governo de s\u00f3 conhecer o &#8220;verbo cortar&#8221;, considerando &#8220;imposs\u00edvel o primeiro-ministro querer discutir a reforma do Estado&#8221;, quando tudo o que sempre fez &#8220;foi s\u00f3 cortar&#8221;, segundo informa o site portugu\u00eas Esquerda-net. &#8220;Imposs\u00edvel \u00e9 ter um primeiro-ministro que [&hellip;]\" \/>\n<meta property=\"og:url\" content=\"https:\/\/psol50.org.br\/portugal-apoiamos-a-greve-geral-porque-acreditamos-que-e-preciso-futuro-para-o-pais\/\" \/>\n<meta property=\"og:site_name\" content=\"PSOL 50\" \/>\n<meta property=\"article:publisher\" content=\"https:\/\/www.facebook.com\/psol50\" \/>\n<meta property=\"article:published_time\" content=\"2013-06-07T00:00:00+00:00\" \/>\n<meta property=\"og:image\" content=\"https:\/\/psol50.org.br\/inc\/uploads\/2018\/07\/capa.png\" \/>\n\t<meta property=\"og:image:width\" content=\"1350\" \/>\n\t<meta property=\"og:image:height\" content=\"900\" \/>\n\t<meta property=\"og:image:type\" content=\"image\/png\" \/>\n<meta name=\"author\" content=\"Comunica\u00e7\u00e3o PSOL\" \/>\n<meta name=\"twitter:card\" content=\"summary_large_image\" \/>\n<meta name=\"twitter:creator\" content=\"@psol50\" \/>\n<meta name=\"twitter:site\" content=\"@psol50\" \/>\n<meta name=\"twitter:label1\" content=\"Escrito por\" \/>\n\t<meta name=\"twitter:data1\" content=\"Comunica\u00e7\u00e3o PSOL\" \/>\n\t<meta name=\"twitter:label2\" content=\"Est. tempo de leitura\" \/>\n\t<meta name=\"twitter:data2\" content=\"3 minutos\" \/>\n<script type=\"application\/ld+json\" class=\"yoast-schema-graph\">{\"@context\":\"https:\/\/schema.org\",\"@graph\":[{\"@type\":\"Article\",\"@id\":\"https:\/\/psol50.org.br\/portugal-apoiamos-a-greve-geral-porque-acreditamos-que-e-preciso-futuro-para-o-pais\/#article\",\"isPartOf\":{\"@id\":\"https:\/\/psol50.org.br\/portugal-apoiamos-a-greve-geral-porque-acreditamos-que-e-preciso-futuro-para-o-pais\/\"},\"author\":{\"name\":\"Comunica\u00e7\u00e3o PSOL\",\"@id\":\"https:\/\/psol50.org.br\/#\/schema\/person\/475dfa57d0b815993c714c2e96491fcd\"},\"headline\":\"Portugal: \u201cApoiamos a greve geral porque acreditamos que \u00e9 preciso futuro para o pa\u00eds\u201d\",\"datePublished\":\"2013-06-07T00:00:00+00:00\",\"mainEntityOfPage\":{\"@id\":\"https:\/\/psol50.org.br\/portugal-apoiamos-a-greve-geral-porque-acreditamos-que-e-preciso-futuro-para-o-pais\/\"},\"wordCount\":612,\"commentCount\":0,\"publisher\":{\"@id\":\"https:\/\/psol50.org.br\/#organization\"},\"keywords\":[\"Bloco de Esquerda\",\"Internacional\",\"Portugal\"],\"articleSection\":[\"Arquivo\",\"Portugal\"],\"inLanguage\":\"pt-BR\",\"potentialAction\":[{\"@type\":\"CommentAction\",\"name\":\"Comment\",\"target\":[\"https:\/\/psol50.org.br\/portugal-apoiamos-a-greve-geral-porque-acreditamos-que-e-preciso-futuro-para-o-pais\/#respond\"]}]},{\"@type\":\"WebPage\",\"@id\":\"https:\/\/psol50.org.br\/portugal-apoiamos-a-greve-geral-porque-acreditamos-que-e-preciso-futuro-para-o-pais\/\",\"url\":\"https:\/\/psol50.org.br\/portugal-apoiamos-a-greve-geral-porque-acreditamos-que-e-preciso-futuro-para-o-pais\/\",\"name\":\"Portugal: \u201cApoiamos a greve geral porque acreditamos que \u00e9 preciso futuro para o pa\u00eds\u201d - PSOL 50\",\"isPartOf\":{\"@id\":\"https:\/\/psol50.org.br\/#website\"},\"datePublished\":\"2013-06-07T00:00:00+00:00\",\"breadcrumb\":{\"@id\":\"https:\/\/psol50.org.br\/portugal-apoiamos-a-greve-geral-porque-acreditamos-que-e-preciso-futuro-para-o-pais\/#breadcrumb\"},\"inLanguage\":\"pt-BR\",\"potentialAction\":[{\"@type\":\"ReadAction\",\"target\":[\"https:\/\/psol50.org.br\/portugal-apoiamos-a-greve-geral-porque-acreditamos-que-e-preciso-futuro-para-o-pais\/\"]}]},{\"@type\":\"BreadcrumbList\",\"@id\":\"https:\/\/psol50.org.br\/portugal-apoiamos-a-greve-geral-porque-acreditamos-que-e-preciso-futuro-para-o-pais\/#breadcrumb\",\"itemListElement\":[{\"@type\":\"ListItem\",\"position\":1,\"name\":\"In\u00edcio\",\"item\":\"https:\/\/psol50.org.br\/\"},{\"@type\":\"ListItem\",\"position\":2,\"name\":\"Portugal: \u201cApoiamos a greve geral porque acreditamos que \u00e9 preciso futuro para o pa\u00eds\u201d\"}]},{\"@type\":\"WebSite\",\"@id\":\"https:\/\/psol50.org.br\/#website\",\"url\":\"https:\/\/psol50.org.br\/\",\"name\":\"PSOL 50\",\"description\":\"Site oficial do Partido Socialismo e Liberdade\",\"publisher\":{\"@id\":\"https:\/\/psol50.org.br\/#organization\"},\"alternateName\":\"PSOL50\",\"potentialAction\":[{\"@type\":\"SearchAction\",\"target\":{\"@type\":\"EntryPoint\",\"urlTemplate\":\"https:\/\/psol50.org.br\/?s={search_term_string}\"},\"query-input\":{\"@type\":\"PropertyValueSpecification\",\"valueRequired\":true,\"valueName\":\"search_term_string\"}}],\"inLanguage\":\"pt-BR\"},{\"@type\":\"Organization\",\"@id\":\"https:\/\/psol50.org.br\/#organization\",\"name\":\"PSOL 50\",\"alternateName\":\"PSOL 50\",\"url\":\"https:\/\/psol50.org.br\/\",\"logo\":{\"@type\":\"ImageObject\",\"inLanguage\":\"pt-BR\",\"@id\":\"https:\/\/psol50.org.br\/#\/schema\/logo\/image\/\",\"url\":\"https:\/\/psol50.org.br\/inc\/uploads\/2018\/07\/capa.png\",\"contentUrl\":\"https:\/\/psol50.org.br\/inc\/uploads\/2018\/07\/capa.png\",\"width\":1350,\"height\":900,\"caption\":\"PSOL 50\"},\"image\":{\"@id\":\"https:\/\/psol50.org.br\/#\/schema\/logo\/image\/\"},\"sameAs\":[\"https:\/\/www.facebook.com\/psol50\",\"https:\/\/x.com\/psol50\",\"https:\/\/www.instagram.com\/psol50\/\",\"https:\/\/www.youtube.com\/channel\/UC7SnJS5o1os7a6CaiNabzcg\"]},{\"@type\":\"Person\",\"@id\":\"https:\/\/psol50.org.br\/#\/schema\/person\/475dfa57d0b815993c714c2e96491fcd\",\"name\":\"Comunica\u00e7\u00e3o PSOL\",\"image\":{\"@type\":\"ImageObject\",\"inLanguage\":\"pt-BR\",\"@id\":\"https:\/\/psol50.org.br\/#\/schema\/person\/image\/\",\"url\":\"https:\/\/secure.gravatar.com\/avatar\/b34fc4f4e468a4e51785917065a3db57b841f5c95dba6ad8c73aaf8f66f8f9bf?s=96&d=mm&r=g\",\"contentUrl\":\"https:\/\/secure.gravatar.com\/avatar\/b34fc4f4e468a4e51785917065a3db57b841f5c95dba6ad8c73aaf8f66f8f9bf?s=96&d=mm&r=g\",\"caption\":\"Comunica\u00e7\u00e3o PSOL\"}}]}<\/script>\n<!-- \/ Yoast SEO plugin. -->","yoast_head_json":{"title":"Portugal: \u201cApoiamos a greve geral porque acreditamos que \u00e9 preciso futuro para o pa\u00eds\u201d - PSOL 50","robots":{"index":"index","follow":"follow","max-snippet":"max-snippet:-1","max-image-preview":"max-image-preview:large","max-video-preview":"max-video-preview:-1"},"canonical":"https:\/\/psol50.org.br\/portugal-apoiamos-a-greve-geral-porque-acreditamos-que-e-preciso-futuro-para-o-pais\/","og_locale":"pt_BR","og_type":"article","og_title":"Portugal: \u201cApoiamos a greve geral porque acreditamos que \u00e9 preciso futuro para o pa\u00eds\u201d - PSOL 50","og_description":"Catarina Martins, coordenadora do Bloco de Esquerda de Portugal, na \u00faltima segunda-feira (03), em Serpa, acusou o governo de s\u00f3 conhecer o &#8220;verbo cortar&#8221;, considerando &#8220;imposs\u00edvel o primeiro-ministro querer discutir a reforma do Estado&#8221;, quando tudo o que sempre fez &#8220;foi s\u00f3 cortar&#8221;, segundo informa o site portugu\u00eas Esquerda-net. &#8220;Imposs\u00edvel \u00e9 ter um primeiro-ministro que [&hellip;]","og_url":"https:\/\/psol50.org.br\/portugal-apoiamos-a-greve-geral-porque-acreditamos-que-e-preciso-futuro-para-o-pais\/","og_site_name":"PSOL 50","article_publisher":"https:\/\/www.facebook.com\/psol50","article_published_time":"2013-06-07T00:00:00+00:00","og_image":[{"width":1350,"height":900,"url":"https:\/\/psol50.org.br\/inc\/uploads\/2018\/07\/capa.png","type":"image\/png"}],"author":"Comunica\u00e7\u00e3o PSOL","twitter_card":"summary_large_image","twitter_creator":"@psol50","twitter_site":"@psol50","twitter_misc":{"Escrito por":"Comunica\u00e7\u00e3o PSOL","Est. tempo de leitura":"3 minutos"},"schema":{"@context":"https:\/\/schema.org","@graph":[{"@type":"Article","@id":"https:\/\/psol50.org.br\/portugal-apoiamos-a-greve-geral-porque-acreditamos-que-e-preciso-futuro-para-o-pais\/#article","isPartOf":{"@id":"https:\/\/psol50.org.br\/portugal-apoiamos-a-greve-geral-porque-acreditamos-que-e-preciso-futuro-para-o-pais\/"},"author":{"name":"Comunica\u00e7\u00e3o PSOL","@id":"https:\/\/psol50.org.br\/#\/schema\/person\/475dfa57d0b815993c714c2e96491fcd"},"headline":"Portugal: \u201cApoiamos a greve geral porque acreditamos que \u00e9 preciso futuro para o pa\u00eds\u201d","datePublished":"2013-06-07T00:00:00+00:00","mainEntityOfPage":{"@id":"https:\/\/psol50.org.br\/portugal-apoiamos-a-greve-geral-porque-acreditamos-que-e-preciso-futuro-para-o-pais\/"},"wordCount":612,"commentCount":0,"publisher":{"@id":"https:\/\/psol50.org.br\/#organization"},"keywords":["Bloco de Esquerda","Internacional","Portugal"],"articleSection":["Arquivo","Portugal"],"inLanguage":"pt-BR","potentialAction":[{"@type":"CommentAction","name":"Comment","target":["https:\/\/psol50.org.br\/portugal-apoiamos-a-greve-geral-porque-acreditamos-que-e-preciso-futuro-para-o-pais\/#respond"]}]},{"@type":"WebPage","@id":"https:\/\/psol50.org.br\/portugal-apoiamos-a-greve-geral-porque-acreditamos-que-e-preciso-futuro-para-o-pais\/","url":"https:\/\/psol50.org.br\/portugal-apoiamos-a-greve-geral-porque-acreditamos-que-e-preciso-futuro-para-o-pais\/","name":"Portugal: \u201cApoiamos a greve geral porque acreditamos que \u00e9 preciso futuro para o pa\u00eds\u201d - PSOL 50","isPartOf":{"@id":"https:\/\/psol50.org.br\/#website"},"datePublished":"2013-06-07T00:00:00+00:00","breadcrumb":{"@id":"https:\/\/psol50.org.br\/portugal-apoiamos-a-greve-geral-porque-acreditamos-que-e-preciso-futuro-para-o-pais\/#breadcrumb"},"inLanguage":"pt-BR","potentialAction":[{"@type":"ReadAction","target":["https:\/\/psol50.org.br\/portugal-apoiamos-a-greve-geral-porque-acreditamos-que-e-preciso-futuro-para-o-pais\/"]}]},{"@type":"BreadcrumbList","@id":"https:\/\/psol50.org.br\/portugal-apoiamos-a-greve-geral-porque-acreditamos-que-e-preciso-futuro-para-o-pais\/#breadcrumb","itemListElement":[{"@type":"ListItem","position":1,"name":"In\u00edcio","item":"https:\/\/psol50.org.br\/"},{"@type":"ListItem","position":2,"name":"Portugal: \u201cApoiamos a greve geral porque acreditamos que \u00e9 preciso futuro para o pa\u00eds\u201d"}]},{"@type":"WebSite","@id":"https:\/\/psol50.org.br\/#website","url":"https:\/\/psol50.org.br\/","name":"PSOL 50","description":"Site oficial do Partido Socialismo e Liberdade","publisher":{"@id":"https:\/\/psol50.org.br\/#organization"},"alternateName":"PSOL50","potentialAction":[{"@type":"SearchAction","target":{"@type":"EntryPoint","urlTemplate":"https:\/\/psol50.org.br\/?s={search_term_string}"},"query-input":{"@type":"PropertyValueSpecification","valueRequired":true,"valueName":"search_term_string"}}],"inLanguage":"pt-BR"},{"@type":"Organization","@id":"https:\/\/psol50.org.br\/#organization","name":"PSOL 50","alternateName":"PSOL 50","url":"https:\/\/psol50.org.br\/","logo":{"@type":"ImageObject","inLanguage":"pt-BR","@id":"https:\/\/psol50.org.br\/#\/schema\/logo\/image\/","url":"https:\/\/psol50.org.br\/inc\/uploads\/2018\/07\/capa.png","contentUrl":"https:\/\/psol50.org.br\/inc\/uploads\/2018\/07\/capa.png","width":1350,"height":900,"caption":"PSOL 50"},"image":{"@id":"https:\/\/psol50.org.br\/#\/schema\/logo\/image\/"},"sameAs":["https:\/\/www.facebook.com\/psol50","https:\/\/x.com\/psol50","https:\/\/www.instagram.com\/psol50\/","https:\/\/www.youtube.com\/channel\/UC7SnJS5o1os7a6CaiNabzcg"]},{"@type":"Person","@id":"https:\/\/psol50.org.br\/#\/schema\/person\/475dfa57d0b815993c714c2e96491fcd","name":"Comunica\u00e7\u00e3o PSOL","image":{"@type":"ImageObject","inLanguage":"pt-BR","@id":"https:\/\/psol50.org.br\/#\/schema\/person\/image\/","url":"https:\/\/secure.gravatar.com\/avatar\/b34fc4f4e468a4e51785917065a3db57b841f5c95dba6ad8c73aaf8f66f8f9bf?s=96&d=mm&r=g","contentUrl":"https:\/\/secure.gravatar.com\/avatar\/b34fc4f4e468a4e51785917065a3db57b841f5c95dba6ad8c73aaf8f66f8f9bf?s=96&d=mm&r=g","caption":"Comunica\u00e7\u00e3o PSOL"}}]}},"_links":{"self":[{"href":"https:\/\/psol50.org.br\/rest\/wp\/v2\/posts\/2042","targetHints":{"allow":["GET"]}}],"collection":[{"href":"https:\/\/psol50.org.br\/rest\/wp\/v2\/posts"}],"about":[{"href":"https:\/\/psol50.org.br\/rest\/wp\/v2\/types\/post"}],"author":[{"embeddable":true,"href":"https:\/\/psol50.org.br\/rest\/wp\/v2\/users\/2"}],"replies":[{"embeddable":true,"href":"https:\/\/psol50.org.br\/rest\/wp\/v2\/comments?post=2042"}],"version-history":[{"count":0,"href":"https:\/\/psol50.org.br\/rest\/wp\/v2\/posts\/2042\/revisions"}],"wp:attachment":[{"href":"https:\/\/psol50.org.br\/rest\/wp\/v2\/media?parent=2042"}],"wp:term":[{"taxonomy":"category","embeddable":true,"href":"https:\/\/psol50.org.br\/rest\/wp\/v2\/categories?post=2042"},{"taxonomy":"post_tag","embeddable":true,"href":"https:\/\/psol50.org.br\/rest\/wp\/v2\/tags?post=2042"}],"curies":[{"name":"wp","href":"https:\/\/api.w.org\/{rel}","templated":true}]}}