{"id":20436,"date":"2018-04-03T12:01:13","date_gmt":"2018-04-03T15:01:13","guid":{"rendered":"http:\/\/www.psol50.org.br\/?p=20436"},"modified":"2018-04-03T12:01:13","modified_gmt":"2018-04-03T15:01:13","slug":"ato-no-rio-reafirma-luta-em-defesa-da-democracia-e-contra-o-fascismo","status":"publish","type":"post","link":"https:\/\/psol50.org.br\/ato-no-rio-reafirma-luta-em-defesa-da-democracia-e-contra-o-fascismo\/","title":{"rendered":"Ato no Rio reafirma luta em defesa da democracia e contra o fascismo"},"content":{"rendered":"<p>O Circo Voador, no centro do Rio de Janeiro, ficou lotado, na noite desta segunda-feira (02), de ativistas de diversas organiza\u00e7\u00f5es sociais, que reafirmaram o compromisso com a luta em defesa da democracia, contra o fascismo e em mem\u00f3ria de Marielle Franco e Anderson Gomes. O ato pol\u00edtico tamb\u00e9m defendeu o direito de o ex-presidente Lula se candidatar e condenou o risco de sua pris\u00e3o, que ser\u00e1 objeto de julgamento nesta quarta-feira (04), no Supremo Tribunal Federal (STF).<\/p>\n<p>Diversas lideran\u00e7as do PSOL estiveram presentes, entre os quais o deputado estadual Marcelo Freixo, o deputado federal Jean Wyllys, o vereador Tarc\u00edsio Motta e o fil\u00f3sofo e professor Val\u00e9rio Arcary.\u00a0 A companheira da vereadora Marielle Franco, M\u00f4nica Ben\u00edcio, tamb\u00e9m participou do ato, ressaltando a cobran\u00e7a para que as investiga\u00e7\u00f5es sobre o crime avancem e que seus respons\u00e1veis n\u00e3o fiquem impunes.<\/p>\n<p>Em suas interven\u00e7\u00f5es, os dirigentes do partido fizeram um paralelo entre o avan\u00e7o das for\u00e7as conservadoras e o assassinato brutal de Marielle, como parte de uma ofensiva da direita contra os movimentos sociais e a esquerda em geral. Destacaram, ainda, que defender a democracia \u00e9 tamb\u00e9m lutar contra o discurso de \u00f3dio e o fascismo.<\/p>\n<p>&#8220;N\u00e3o seremos vencidos nem pelo medo, nem pelo \u00f3dio!<span class=\"text_exposed_show\">&#8220;, disse Freixo.\u00a0<\/span><\/p>\n<p>https:\/\/www.facebook.com\/portalesquerdaonline\/videos\/1000750316759457\/<\/p>\n","protected":false},"excerpt":{"rendered":"<p>O Circo Voador, no centro do Rio de Janeiro, ficou lotado, na noite desta segunda-feira (02), de ativistas de diversas organiza\u00e7\u00f5es sociais, que reafirmaram o compromisso com a luta em defesa da democracia, contra o fascismo e em mem\u00f3ria de Marielle Franco e Anderson Gomes. O ato pol\u00edtico tamb\u00e9m defendeu o direito de o ex-presidente [&hellip;]<\/p>\n","protected":false},"author":2,"featured_media":20437,"comment_status":"open","ping_status":"open","sticky":false,"template":"","format":"standard","meta":{"_acf_changed":false,"footnotes":""},"categories":[1882,6],"tags":[1304,1699,2398,87,1070,663,161,194,22,1754,2399],"class_list":{"0":"post-20436","1":"post","2":"type-post","3":"status-publish","4":"format-standard","5":"has-post-thumbnail","7":"category-brasil","8":"category-noticias","9":"tag-anderson-gomes","10":"tag-ato-politico","11":"tag-circo-voador","12":"tag-democracia","13":"tag-fascismo","14":"tag-jean-wyllys","15":"tag-marcelo-freixo","16":"tag-marielle-franco","17":"tag-psol","18":"tag-tarcisio-motta","19":"tag-valerio-arcary"},"acf":[],"yoast_head":"<!-- This site is optimized with the Yoast SEO plugin v26.5 - https:\/\/yoast.com\/wordpress\/plugins\/seo\/ -->\n<title>Ato no Rio reafirma luta em defesa da democracia e contra o fascismo - PSOL 50<\/title>\n<meta name=\"robots\" content=\"index, follow, max-snippet:-1, max-image-preview:large, max-video-preview:-1\" \/>\n<link rel=\"canonical\" href=\"https:\/\/psol50.org.br\/ato-no-rio-reafirma-luta-em-defesa-da-democracia-e-contra-o-fascismo\/\" \/>\n<meta property=\"og:locale\" content=\"pt_BR\" \/>\n<meta property=\"og:type\" content=\"article\" \/>\n<meta property=\"og:title\" content=\"Ato no Rio reafirma luta em defesa da democracia e contra o fascismo - PSOL 50\" \/>\n<meta property=\"og:description\" content=\"O Circo Voador, no centro do Rio de Janeiro, ficou lotado, na noite desta segunda-feira (02), de ativistas de diversas organiza\u00e7\u00f5es sociais, que reafirmaram o compromisso com a luta em defesa da democracia, contra o fascismo e em mem\u00f3ria de Marielle Franco e Anderson Gomes. O ato pol\u00edtico tamb\u00e9m defendeu o direito de o ex-presidente [&hellip;]\" \/>\n<meta property=\"og:url\" content=\"https:\/\/psol50.org.br\/ato-no-rio-reafirma-luta-em-defesa-da-democracia-e-contra-o-fascismo\/\" \/>\n<meta property=\"og:site_name\" content=\"PSOL 50\" \/>\n<meta property=\"article:publisher\" content=\"https:\/\/www.facebook.com\/psol50\" \/>\n<meta property=\"article:published_time\" content=\"2018-04-03T15:01:13+00:00\" \/>\n<meta property=\"og:image\" content=\"https:\/\/psol50.org.br\/inc\/uploads\/2018\/04\/Freixo_AtoRio_Ninja.jpg\" \/>\n\t<meta property=\"og:image:width\" content=\"1350\" \/>\n\t<meta property=\"og:image:height\" content=\"898\" \/>\n\t<meta property=\"og:image:type\" content=\"image\/jpeg\" \/>\n<meta name=\"author\" content=\"Comunica\u00e7\u00e3o PSOL\" \/>\n<meta name=\"twitter:card\" content=\"summary_large_image\" \/>\n<meta name=\"twitter:creator\" content=\"@psol50\" \/>\n<meta name=\"twitter:site\" content=\"@psol50\" \/>\n<meta name=\"twitter:label1\" content=\"Escrito por\" \/>\n\t<meta name=\"twitter:data1\" content=\"Comunica\u00e7\u00e3o PSOL\" \/>\n\t<meta name=\"twitter:label2\" content=\"Est. tempo de leitura\" \/>\n\t<meta name=\"twitter:data2\" content=\"1 minuto\" \/>\n<script type=\"application\/ld+json\" class=\"yoast-schema-graph\">{\"@context\":\"https:\/\/schema.org\",\"@graph\":[{\"@type\":\"Article\",\"@id\":\"https:\/\/psol50.org.br\/ato-no-rio-reafirma-luta-em-defesa-da-democracia-e-contra-o-fascismo\/#article\",\"isPartOf\":{\"@id\":\"https:\/\/psol50.org.br\/ato-no-rio-reafirma-luta-em-defesa-da-democracia-e-contra-o-fascismo\/\"},\"author\":{\"name\":\"Comunica\u00e7\u00e3o PSOL\",\"@id\":\"https:\/\/psol50.org.br\/#\/schema\/person\/475dfa57d0b815993c714c2e96491fcd\"},\"headline\":\"Ato no Rio reafirma luta em defesa da democracia e contra o fascismo\",\"datePublished\":\"2018-04-03T15:01:13+00:00\",\"mainEntityOfPage\":{\"@id\":\"https:\/\/psol50.org.br\/ato-no-rio-reafirma-luta-em-defesa-da-democracia-e-contra-o-fascismo\/\"},\"wordCount\":241,\"commentCount\":0,\"publisher\":{\"@id\":\"https:\/\/psol50.org.br\/#organization\"},\"image\":{\"@id\":\"https:\/\/psol50.org.br\/ato-no-rio-reafirma-luta-em-defesa-da-democracia-e-contra-o-fascismo\/#primaryimage\"},\"thumbnailUrl\":\"https:\/\/psol50.org.br\/inc\/uploads\/2018\/04\/Freixo_AtoRio_Ninja.jpg\",\"keywords\":[\"Anderson Gomes\",\"ato pol\u00edtico\",\"Circo Voador\",\"democracia\",\"fascismo\",\"Jean Wyllys\",\"Marcelo Freixo\",\"Marielle Franco\",\"PSOL\",\"Tarc\u00edsio Motta\",\"Valerio Arcary\"],\"articleSection\":[\"Brasil\",\"Not\u00edcias\"],\"inLanguage\":\"pt-BR\",\"potentialAction\":[{\"@type\":\"CommentAction\",\"name\":\"Comment\",\"target\":[\"https:\/\/psol50.org.br\/ato-no-rio-reafirma-luta-em-defesa-da-democracia-e-contra-o-fascismo\/#respond\"]}]},{\"@type\":\"WebPage\",\"@id\":\"https:\/\/psol50.org.br\/ato-no-rio-reafirma-luta-em-defesa-da-democracia-e-contra-o-fascismo\/\",\"url\":\"https:\/\/psol50.org.br\/ato-no-rio-reafirma-luta-em-defesa-da-democracia-e-contra-o-fascismo\/\",\"name\":\"Ato no Rio reafirma luta em defesa da democracia e contra o fascismo - PSOL 50\",\"isPartOf\":{\"@id\":\"https:\/\/psol50.org.br\/#website\"},\"primaryImageOfPage\":{\"@id\":\"https:\/\/psol50.org.br\/ato-no-rio-reafirma-luta-em-defesa-da-democracia-e-contra-o-fascismo\/#primaryimage\"},\"image\":{\"@id\":\"https:\/\/psol50.org.br\/ato-no-rio-reafirma-luta-em-defesa-da-democracia-e-contra-o-fascismo\/#primaryimage\"},\"thumbnailUrl\":\"https:\/\/psol50.org.br\/inc\/uploads\/2018\/04\/Freixo_AtoRio_Ninja.jpg\",\"datePublished\":\"2018-04-03T15:01:13+00:00\",\"breadcrumb\":{\"@id\":\"https:\/\/psol50.org.br\/ato-no-rio-reafirma-luta-em-defesa-da-democracia-e-contra-o-fascismo\/#breadcrumb\"},\"inLanguage\":\"pt-BR\",\"potentialAction\":[{\"@type\":\"ReadAction\",\"target\":[\"https:\/\/psol50.org.br\/ato-no-rio-reafirma-luta-em-defesa-da-democracia-e-contra-o-fascismo\/\"]}]},{\"@type\":\"ImageObject\",\"inLanguage\":\"pt-BR\",\"@id\":\"https:\/\/psol50.org.br\/ato-no-rio-reafirma-luta-em-defesa-da-democracia-e-contra-o-fascismo\/#primaryimage\",\"url\":\"https:\/\/psol50.org.br\/inc\/uploads\/2018\/04\/Freixo_AtoRio_Ninja.jpg\",\"contentUrl\":\"https:\/\/psol50.org.br\/inc\/uploads\/2018\/04\/Freixo_AtoRio_Ninja.jpg\",\"width\":1350,\"height\":898},{\"@type\":\"BreadcrumbList\",\"@id\":\"https:\/\/psol50.org.br\/ato-no-rio-reafirma-luta-em-defesa-da-democracia-e-contra-o-fascismo\/#breadcrumb\",\"itemListElement\":[{\"@type\":\"ListItem\",\"position\":1,\"name\":\"In\u00edcio\",\"item\":\"https:\/\/psol50.org.br\/\"},{\"@type\":\"ListItem\",\"position\":2,\"name\":\"Ato no Rio reafirma luta em defesa da democracia e contra o fascismo\"}]},{\"@type\":\"WebSite\",\"@id\":\"https:\/\/psol50.org.br\/#website\",\"url\":\"https:\/\/psol50.org.br\/\",\"name\":\"PSOL 50\",\"description\":\"Site oficial do Partido Socialismo e Liberdade\",\"publisher\":{\"@id\":\"https:\/\/psol50.org.br\/#organization\"},\"alternateName\":\"PSOL50\",\"potentialAction\":[{\"@type\":\"SearchAction\",\"target\":{\"@type\":\"EntryPoint\",\"urlTemplate\":\"https:\/\/psol50.org.br\/?s={search_term_string}\"},\"query-input\":{\"@type\":\"PropertyValueSpecification\",\"valueRequired\":true,\"valueName\":\"search_term_string\"}}],\"inLanguage\":\"pt-BR\"},{\"@type\":\"Organization\",\"@id\":\"https:\/\/psol50.org.br\/#organization\",\"name\":\"PSOL 50\",\"alternateName\":\"PSOL 50\",\"url\":\"https:\/\/psol50.org.br\/\",\"logo\":{\"@type\":\"ImageObject\",\"inLanguage\":\"pt-BR\",\"@id\":\"https:\/\/psol50.org.br\/#\/schema\/logo\/image\/\",\"url\":\"https:\/\/psol50.org.br\/inc\/uploads\/2018\/07\/capa.png\",\"contentUrl\":\"https:\/\/psol50.org.br\/inc\/uploads\/2018\/07\/capa.png\",\"width\":1350,\"height\":900,\"caption\":\"PSOL 50\"},\"image\":{\"@id\":\"https:\/\/psol50.org.br\/#\/schema\/logo\/image\/\"},\"sameAs\":[\"https:\/\/www.facebook.com\/psol50\",\"https:\/\/x.com\/psol50\",\"https:\/\/www.instagram.com\/psol50\/\",\"https:\/\/www.youtube.com\/channel\/UC7SnJS5o1os7a6CaiNabzcg\"]},{\"@type\":\"Person\",\"@id\":\"https:\/\/psol50.org.br\/#\/schema\/person\/475dfa57d0b815993c714c2e96491fcd\",\"name\":\"Comunica\u00e7\u00e3o PSOL\",\"image\":{\"@type\":\"ImageObject\",\"inLanguage\":\"pt-BR\",\"@id\":\"https:\/\/psol50.org.br\/#\/schema\/person\/image\/\",\"url\":\"https:\/\/secure.gravatar.com\/avatar\/b34fc4f4e468a4e51785917065a3db57b841f5c95dba6ad8c73aaf8f66f8f9bf?s=96&d=mm&r=g\",\"contentUrl\":\"https:\/\/secure.gravatar.com\/avatar\/b34fc4f4e468a4e51785917065a3db57b841f5c95dba6ad8c73aaf8f66f8f9bf?s=96&d=mm&r=g\",\"caption\":\"Comunica\u00e7\u00e3o PSOL\"}}]}<\/script>\n<!-- \/ Yoast SEO plugin. -->","yoast_head_json":{"title":"Ato no Rio reafirma luta em defesa da democracia e contra o fascismo - PSOL 50","robots":{"index":"index","follow":"follow","max-snippet":"max-snippet:-1","max-image-preview":"max-image-preview:large","max-video-preview":"max-video-preview:-1"},"canonical":"https:\/\/psol50.org.br\/ato-no-rio-reafirma-luta-em-defesa-da-democracia-e-contra-o-fascismo\/","og_locale":"pt_BR","og_type":"article","og_title":"Ato no Rio reafirma luta em defesa da democracia e contra o fascismo - PSOL 50","og_description":"O Circo Voador, no centro do Rio de Janeiro, ficou lotado, na noite desta segunda-feira (02), de ativistas de diversas organiza\u00e7\u00f5es sociais, que reafirmaram o compromisso com a luta em defesa da democracia, contra o fascismo e em mem\u00f3ria de Marielle Franco e Anderson Gomes. O ato pol\u00edtico tamb\u00e9m defendeu o direito de o ex-presidente [&hellip;]","og_url":"https:\/\/psol50.org.br\/ato-no-rio-reafirma-luta-em-defesa-da-democracia-e-contra-o-fascismo\/","og_site_name":"PSOL 50","article_publisher":"https:\/\/www.facebook.com\/psol50","article_published_time":"2018-04-03T15:01:13+00:00","og_image":[{"width":1350,"height":898,"url":"https:\/\/psol50.org.br\/inc\/uploads\/2018\/04\/Freixo_AtoRio_Ninja.jpg","type":"image\/jpeg"}],"author":"Comunica\u00e7\u00e3o PSOL","twitter_card":"summary_large_image","twitter_creator":"@psol50","twitter_site":"@psol50","twitter_misc":{"Escrito por":"Comunica\u00e7\u00e3o PSOL","Est. tempo de leitura":"1 minuto"},"schema":{"@context":"https:\/\/schema.org","@graph":[{"@type":"Article","@id":"https:\/\/psol50.org.br\/ato-no-rio-reafirma-luta-em-defesa-da-democracia-e-contra-o-fascismo\/#article","isPartOf":{"@id":"https:\/\/psol50.org.br\/ato-no-rio-reafirma-luta-em-defesa-da-democracia-e-contra-o-fascismo\/"},"author":{"name":"Comunica\u00e7\u00e3o PSOL","@id":"https:\/\/psol50.org.br\/#\/schema\/person\/475dfa57d0b815993c714c2e96491fcd"},"headline":"Ato no Rio reafirma luta em defesa da democracia e contra o fascismo","datePublished":"2018-04-03T15:01:13+00:00","mainEntityOfPage":{"@id":"https:\/\/psol50.org.br\/ato-no-rio-reafirma-luta-em-defesa-da-democracia-e-contra-o-fascismo\/"},"wordCount":241,"commentCount":0,"publisher":{"@id":"https:\/\/psol50.org.br\/#organization"},"image":{"@id":"https:\/\/psol50.org.br\/ato-no-rio-reafirma-luta-em-defesa-da-democracia-e-contra-o-fascismo\/#primaryimage"},"thumbnailUrl":"https:\/\/psol50.org.br\/inc\/uploads\/2018\/04\/Freixo_AtoRio_Ninja.jpg","keywords":["Anderson Gomes","ato pol\u00edtico","Circo Voador","democracia","fascismo","Jean Wyllys","Marcelo Freixo","Marielle Franco","PSOL","Tarc\u00edsio Motta","Valerio Arcary"],"articleSection":["Brasil","Not\u00edcias"],"inLanguage":"pt-BR","potentialAction":[{"@type":"CommentAction","name":"Comment","target":["https:\/\/psol50.org.br\/ato-no-rio-reafirma-luta-em-defesa-da-democracia-e-contra-o-fascismo\/#respond"]}]},{"@type":"WebPage","@id":"https:\/\/psol50.org.br\/ato-no-rio-reafirma-luta-em-defesa-da-democracia-e-contra-o-fascismo\/","url":"https:\/\/psol50.org.br\/ato-no-rio-reafirma-luta-em-defesa-da-democracia-e-contra-o-fascismo\/","name":"Ato no Rio reafirma luta em defesa da democracia e contra o fascismo - PSOL 50","isPartOf":{"@id":"https:\/\/psol50.org.br\/#website"},"primaryImageOfPage":{"@id":"https:\/\/psol50.org.br\/ato-no-rio-reafirma-luta-em-defesa-da-democracia-e-contra-o-fascismo\/#primaryimage"},"image":{"@id":"https:\/\/psol50.org.br\/ato-no-rio-reafirma-luta-em-defesa-da-democracia-e-contra-o-fascismo\/#primaryimage"},"thumbnailUrl":"https:\/\/psol50.org.br\/inc\/uploads\/2018\/04\/Freixo_AtoRio_Ninja.jpg","datePublished":"2018-04-03T15:01:13+00:00","breadcrumb":{"@id":"https:\/\/psol50.org.br\/ato-no-rio-reafirma-luta-em-defesa-da-democracia-e-contra-o-fascismo\/#breadcrumb"},"inLanguage":"pt-BR","potentialAction":[{"@type":"ReadAction","target":["https:\/\/psol50.org.br\/ato-no-rio-reafirma-luta-em-defesa-da-democracia-e-contra-o-fascismo\/"]}]},{"@type":"ImageObject","inLanguage":"pt-BR","@id":"https:\/\/psol50.org.br\/ato-no-rio-reafirma-luta-em-defesa-da-democracia-e-contra-o-fascismo\/#primaryimage","url":"https:\/\/psol50.org.br\/inc\/uploads\/2018\/04\/Freixo_AtoRio_Ninja.jpg","contentUrl":"https:\/\/psol50.org.br\/inc\/uploads\/2018\/04\/Freixo_AtoRio_Ninja.jpg","width":1350,"height":898},{"@type":"BreadcrumbList","@id":"https:\/\/psol50.org.br\/ato-no-rio-reafirma-luta-em-defesa-da-democracia-e-contra-o-fascismo\/#breadcrumb","itemListElement":[{"@type":"ListItem","position":1,"name":"In\u00edcio","item":"https:\/\/psol50.org.br\/"},{"@type":"ListItem","position":2,"name":"Ato no Rio reafirma luta em defesa da democracia e contra o fascismo"}]},{"@type":"WebSite","@id":"https:\/\/psol50.org.br\/#website","url":"https:\/\/psol50.org.br\/","name":"PSOL 50","description":"Site oficial do Partido Socialismo e Liberdade","publisher":{"@id":"https:\/\/psol50.org.br\/#organization"},"alternateName":"PSOL50","potentialAction":[{"@type":"SearchAction","target":{"@type":"EntryPoint","urlTemplate":"https:\/\/psol50.org.br\/?s={search_term_string}"},"query-input":{"@type":"PropertyValueSpecification","valueRequired":true,"valueName":"search_term_string"}}],"inLanguage":"pt-BR"},{"@type":"Organization","@id":"https:\/\/psol50.org.br\/#organization","name":"PSOL 50","alternateName":"PSOL 50","url":"https:\/\/psol50.org.br\/","logo":{"@type":"ImageObject","inLanguage":"pt-BR","@id":"https:\/\/psol50.org.br\/#\/schema\/logo\/image\/","url":"https:\/\/psol50.org.br\/inc\/uploads\/2018\/07\/capa.png","contentUrl":"https:\/\/psol50.org.br\/inc\/uploads\/2018\/07\/capa.png","width":1350,"height":900,"caption":"PSOL 50"},"image":{"@id":"https:\/\/psol50.org.br\/#\/schema\/logo\/image\/"},"sameAs":["https:\/\/www.facebook.com\/psol50","https:\/\/x.com\/psol50","https:\/\/www.instagram.com\/psol50\/","https:\/\/www.youtube.com\/channel\/UC7SnJS5o1os7a6CaiNabzcg"]},{"@type":"Person","@id":"https:\/\/psol50.org.br\/#\/schema\/person\/475dfa57d0b815993c714c2e96491fcd","name":"Comunica\u00e7\u00e3o PSOL","image":{"@type":"ImageObject","inLanguage":"pt-BR","@id":"https:\/\/psol50.org.br\/#\/schema\/person\/image\/","url":"https:\/\/secure.gravatar.com\/avatar\/b34fc4f4e468a4e51785917065a3db57b841f5c95dba6ad8c73aaf8f66f8f9bf?s=96&d=mm&r=g","contentUrl":"https:\/\/secure.gravatar.com\/avatar\/b34fc4f4e468a4e51785917065a3db57b841f5c95dba6ad8c73aaf8f66f8f9bf?s=96&d=mm&r=g","caption":"Comunica\u00e7\u00e3o PSOL"}}]}},"_links":{"self":[{"href":"https:\/\/psol50.org.br\/rest\/wp\/v2\/posts\/20436","targetHints":{"allow":["GET"]}}],"collection":[{"href":"https:\/\/psol50.org.br\/rest\/wp\/v2\/posts"}],"about":[{"href":"https:\/\/psol50.org.br\/rest\/wp\/v2\/types\/post"}],"author":[{"embeddable":true,"href":"https:\/\/psol50.org.br\/rest\/wp\/v2\/users\/2"}],"replies":[{"embeddable":true,"href":"https:\/\/psol50.org.br\/rest\/wp\/v2\/comments?post=20436"}],"version-history":[{"count":0,"href":"https:\/\/psol50.org.br\/rest\/wp\/v2\/posts\/20436\/revisions"}],"wp:featuredmedia":[{"embeddable":true,"href":"https:\/\/psol50.org.br\/rest\/wp\/v2\/media\/20437"}],"wp:attachment":[{"href":"https:\/\/psol50.org.br\/rest\/wp\/v2\/media?parent=20436"}],"wp:term":[{"taxonomy":"category","embeddable":true,"href":"https:\/\/psol50.org.br\/rest\/wp\/v2\/categories?post=20436"},{"taxonomy":"post_tag","embeddable":true,"href":"https:\/\/psol50.org.br\/rest\/wp\/v2\/tags?post=20436"}],"curies":[{"name":"wp","href":"https:\/\/api.w.org\/{rel}","templated":true}]}}