{"id":2045,"date":"2013-06-10T00:00:00","date_gmt":"2013-06-10T00:00:00","guid":{"rendered":"http:\/\/psol50.org.br\/arquivo\/2013\/06\/10\/ministro-gilberto-carvalho-se-recusa-a-receber-indigenas\/"},"modified":"2013-06-10T00:00:00","modified_gmt":"2013-06-10T00:00:00","slug":"ministro-gilberto-carvalho-se-recusa-a-receber-indigenas","status":"publish","type":"post","link":"https:\/\/psol50.org.br\/ministro-gilberto-carvalho-se-recusa-a-receber-indigenas\/","title":{"rendered":"Ministro Gilberto Carvalho se recusa a receber ind\u00edgenas"},"content":{"rendered":"<div style=\"text-align: justify;\">\n\t<em>Na Funai, grupo avalia, em assembleia postura do governo <\/em><br \/>\n\t&nbsp;<br \/>\n\tOs 145 ind\u00edgenas dos rios Xingu, Tapaj\u00f3s e Teles Pires, no Par\u00e1, se reuniram em assembleia na sede da Funda\u00e7\u00e3o Nacional do \u00cdndio (Funai), em Bras\u00edlia (DF). O grupo avalia a postura do ministro-chefe da Secretaria Geral da Presid\u00eancia da Rep\u00fablica, Gilberto Carvalho, que na manh\u00e3 desta segunda-feira (10), negou reuni\u00e3o com os ind\u00edgenas. Ao inv\u00e9s do ministro, quem recebeu os ind\u00edgenas foram soldados do Ex\u00e9rcito e assessores.<br \/>\n\t&nbsp;<br \/>\n\t\u201cDisseram que receberiam uma comiss\u00e3o de dez, mas n\u00f3s n\u00e3o nos separamos. O governo n\u00e3o quer entender isso, respeitar nosso jeito. Sabem que n\u00e3o nos separamos. Por essa postura, o ministro descumpre os acordos e assim fica dif\u00edcil conversar\u201d, explica Jairo Saw, assessor do cacique-geral Munduruku. Para as lideran\u00e7as, os assessores de Carvalho disseram que ele s\u00f3 poderia atend\u00ea-los at\u00e9 as 11h15.&nbsp;<br \/>\n\t&nbsp;<br \/>\n\tOs ind\u00edgenas, mesmo sem serem recebidos, protocolaram na Secretaria Geral da Presid\u00eancia da Rep\u00fablica o documento que entregariam ao ministro em m\u00e3os \u2013 leia a \u00edntegra <a href=\"http:\/\/cimi.org.br\/site\/pt-br\/?system=news&amp;conteudo_id=6962&amp;action=read\">aqui<\/a>. Na carta, os ind\u00edgenas relatam ponto a ponto as \u00e1reas afetadas pelo projeto hidrel\u00e9trico nos rios Teles Pires e Tapaj\u00f3s \u2013 motivo pelo qual o grupo ocupou no m\u00eas de maio, por 17 dias em duas ocasi\u00f5es, o principal canteiro das obras da Usina Hidrel\u00e9trica de Belo Monte. Um dos locais atingidos \u00e9 a Cachoeira Sete Quedas, sagrado para os Munduruku, Kayabi e Apiak\u00e1, que ser\u00e1 inundada pela usina que est\u00e1 sendo constru\u00edda no Teles Pires.<br \/>\n\t&nbsp;<br \/>\n\t\u201cA Cachoeira de Sete quedas (Paribixexe): \u00c9 uma linda cachoeira contendo sete quedas em formato de escada. \u00c9 o lugar onde os mortos est\u00e3o vivendo, o c\u00e9u dos mortos, ou seja, o mundo dos vivos, o reino dos mortos. \u00c9 um local sagrado para os Munduruku, Kayabi e Apiak\u00e1s, aonde tamb\u00e9m os peixes se procriam e diversas esp\u00e9cies e todos os tamanhos, onde existe a m\u00e3e dos peixes. Nas paredes constam as pinturas rupestres deixados pelo Muraycoko (pai da escrita), a escrita deixada para os Munduruku atrav\u00e9s das escritas surabudodot, por muito tempo remoto (sic)\u201d, diz trecho da carta.<br \/>\n\t&nbsp;<br \/>\n\tPara Valdenir Munduruku, o ministro Carvalho demonstra com as atitudes apresentadas a forma de di\u00e1logo que pretende manter: \u201cAqui, a casa deles, nos recebem com o Ex\u00e9rcito e a pol\u00edcia e n\u00e3o nos deixam entrar. Em nossa casa, mandam o Ex\u00e9rcito e a pol\u00edcia para poderem entrar. Isso n\u00e3o \u00e9 di\u00e1logo. \u00c9 como se n\u00f3s f\u00f4ssemos inimigos\u201d. Josias Munduruku lembra que na reuni\u00e3o da \u00faltima ter\u00e7a-feira (04), o ministro disse que as hidrel\u00e9tricas v\u00e3o sair, pois se trata de uma decis\u00e3o de governo: \u201cMe pergunto: que consulta \u00e9 essa que eles querem fazer? N\u00e3o \u00e9 consulta quando eles (governo) tomam uma decis\u00e3o sem volta. O que poder\u00e1 sair de consulta assim?\u201d, questiona.&nbsp;<br \/>\n\t&nbsp;<br \/>\n\tPor enquanto, n\u00e3o h\u00e1 previs\u00e3o de retorno dos ind\u00edgenas para o Par\u00e1, pois o governo federal ainda n\u00e3o definiu o transporte a\u00e9reo.&nbsp;&nbsp;<\/div>\n<p>&nbsp;<\/p>\n","protected":false},"excerpt":{"rendered":"<p>Na Funai, grupo avalia, em assembleia postura do governo &nbsp; Os 145 ind\u00edgenas dos rios Xingu, Tapaj\u00f3s e Teles Pires, no Par\u00e1, se reuniram em assembleia na sede da Funda\u00e7\u00e3o Nacional do \u00cdndio (Funai), em Bras\u00edlia (DF). O grupo avalia a postura do ministro-chefe da Secretaria Geral da Presid\u00eancia da Rep\u00fablica, Gilberto Carvalho, que na [&hellip;]<\/p>\n","protected":false},"author":2,"featured_media":0,"comment_status":"open","ping_status":"open","sticky":false,"template":"","format":"standard","meta":{"_acf_changed":false,"footnotes":""},"categories":[4766],"tags":[],"class_list":{"0":"post-2045","1":"post","2":"type-post","3":"status-publish","4":"format-standard","6":"category-arquivo"},"acf":[],"yoast_head":"<!-- This site is optimized with the Yoast SEO plugin v26.5 - https:\/\/yoast.com\/wordpress\/plugins\/seo\/ -->\n<title>Ministro Gilberto Carvalho se recusa a receber ind\u00edgenas - PSOL 50<\/title>\n<meta name=\"robots\" content=\"index, follow, max-snippet:-1, max-image-preview:large, max-video-preview:-1\" \/>\n<link rel=\"canonical\" href=\"https:\/\/psol50.org.br\/ministro-gilberto-carvalho-se-recusa-a-receber-indigenas\/\" \/>\n<meta property=\"og:locale\" content=\"pt_BR\" \/>\n<meta property=\"og:type\" content=\"article\" \/>\n<meta property=\"og:title\" content=\"Ministro Gilberto Carvalho se recusa a receber ind\u00edgenas - PSOL 50\" \/>\n<meta property=\"og:description\" content=\"Na Funai, grupo avalia, em assembleia postura do governo &nbsp; Os 145 ind\u00edgenas dos rios Xingu, Tapaj\u00f3s e Teles Pires, no Par\u00e1, se reuniram em assembleia na sede da Funda\u00e7\u00e3o Nacional do \u00cdndio (Funai), em Bras\u00edlia (DF). O grupo avalia a postura do ministro-chefe da Secretaria Geral da Presid\u00eancia da Rep\u00fablica, Gilberto Carvalho, que na [&hellip;]\" \/>\n<meta property=\"og:url\" content=\"https:\/\/psol50.org.br\/ministro-gilberto-carvalho-se-recusa-a-receber-indigenas\/\" \/>\n<meta property=\"og:site_name\" content=\"PSOL 50\" \/>\n<meta property=\"article:publisher\" content=\"https:\/\/www.facebook.com\/psol50\" \/>\n<meta property=\"article:published_time\" content=\"2013-06-10T00:00:00+00:00\" \/>\n<meta property=\"og:image\" content=\"https:\/\/psol50.org.br\/inc\/uploads\/2018\/07\/capa.png\" \/>\n\t<meta property=\"og:image:width\" content=\"1350\" \/>\n\t<meta property=\"og:image:height\" content=\"900\" \/>\n\t<meta property=\"og:image:type\" content=\"image\/png\" \/>\n<meta name=\"author\" content=\"Comunica\u00e7\u00e3o PSOL\" \/>\n<meta name=\"twitter:card\" content=\"summary_large_image\" \/>\n<meta name=\"twitter:creator\" content=\"@psol50\" \/>\n<meta name=\"twitter:site\" content=\"@psol50\" \/>\n<meta name=\"twitter:label1\" content=\"Escrito por\" \/>\n\t<meta name=\"twitter:data1\" content=\"Comunica\u00e7\u00e3o PSOL\" \/>\n\t<meta name=\"twitter:label2\" content=\"Est. tempo de leitura\" \/>\n\t<meta name=\"twitter:data2\" content=\"3 minutos\" \/>\n<script type=\"application\/ld+json\" class=\"yoast-schema-graph\">{\"@context\":\"https:\/\/schema.org\",\"@graph\":[{\"@type\":\"Article\",\"@id\":\"https:\/\/psol50.org.br\/ministro-gilberto-carvalho-se-recusa-a-receber-indigenas\/#article\",\"isPartOf\":{\"@id\":\"https:\/\/psol50.org.br\/ministro-gilberto-carvalho-se-recusa-a-receber-indigenas\/\"},\"author\":{\"name\":\"Comunica\u00e7\u00e3o PSOL\",\"@id\":\"https:\/\/psol50.org.br\/#\/schema\/person\/475dfa57d0b815993c714c2e96491fcd\"},\"headline\":\"Ministro Gilberto Carvalho se recusa a receber ind\u00edgenas\",\"datePublished\":\"2013-06-10T00:00:00+00:00\",\"mainEntityOfPage\":{\"@id\":\"https:\/\/psol50.org.br\/ministro-gilberto-carvalho-se-recusa-a-receber-indigenas\/\"},\"wordCount\":540,\"commentCount\":0,\"publisher\":{\"@id\":\"https:\/\/psol50.org.br\/#organization\"},\"articleSection\":[\"Arquivo\"],\"inLanguage\":\"pt-BR\",\"potentialAction\":[{\"@type\":\"CommentAction\",\"name\":\"Comment\",\"target\":[\"https:\/\/psol50.org.br\/ministro-gilberto-carvalho-se-recusa-a-receber-indigenas\/#respond\"]}]},{\"@type\":\"WebPage\",\"@id\":\"https:\/\/psol50.org.br\/ministro-gilberto-carvalho-se-recusa-a-receber-indigenas\/\",\"url\":\"https:\/\/psol50.org.br\/ministro-gilberto-carvalho-se-recusa-a-receber-indigenas\/\",\"name\":\"Ministro Gilberto Carvalho se recusa a receber ind\u00edgenas - PSOL 50\",\"isPartOf\":{\"@id\":\"https:\/\/psol50.org.br\/#website\"},\"datePublished\":\"2013-06-10T00:00:00+00:00\",\"breadcrumb\":{\"@id\":\"https:\/\/psol50.org.br\/ministro-gilberto-carvalho-se-recusa-a-receber-indigenas\/#breadcrumb\"},\"inLanguage\":\"pt-BR\",\"potentialAction\":[{\"@type\":\"ReadAction\",\"target\":[\"https:\/\/psol50.org.br\/ministro-gilberto-carvalho-se-recusa-a-receber-indigenas\/\"]}]},{\"@type\":\"BreadcrumbList\",\"@id\":\"https:\/\/psol50.org.br\/ministro-gilberto-carvalho-se-recusa-a-receber-indigenas\/#breadcrumb\",\"itemListElement\":[{\"@type\":\"ListItem\",\"position\":1,\"name\":\"In\u00edcio\",\"item\":\"https:\/\/psol50.org.br\/\"},{\"@type\":\"ListItem\",\"position\":2,\"name\":\"Ministro Gilberto Carvalho se recusa a receber ind\u00edgenas\"}]},{\"@type\":\"WebSite\",\"@id\":\"https:\/\/psol50.org.br\/#website\",\"url\":\"https:\/\/psol50.org.br\/\",\"name\":\"PSOL 50\",\"description\":\"Site oficial do Partido Socialismo e Liberdade\",\"publisher\":{\"@id\":\"https:\/\/psol50.org.br\/#organization\"},\"alternateName\":\"PSOL50\",\"potentialAction\":[{\"@type\":\"SearchAction\",\"target\":{\"@type\":\"EntryPoint\",\"urlTemplate\":\"https:\/\/psol50.org.br\/?s={search_term_string}\"},\"query-input\":{\"@type\":\"PropertyValueSpecification\",\"valueRequired\":true,\"valueName\":\"search_term_string\"}}],\"inLanguage\":\"pt-BR\"},{\"@type\":\"Organization\",\"@id\":\"https:\/\/psol50.org.br\/#organization\",\"name\":\"PSOL 50\",\"alternateName\":\"PSOL 50\",\"url\":\"https:\/\/psol50.org.br\/\",\"logo\":{\"@type\":\"ImageObject\",\"inLanguage\":\"pt-BR\",\"@id\":\"https:\/\/psol50.org.br\/#\/schema\/logo\/image\/\",\"url\":\"https:\/\/psol50.org.br\/inc\/uploads\/2018\/07\/capa.png\",\"contentUrl\":\"https:\/\/psol50.org.br\/inc\/uploads\/2018\/07\/capa.png\",\"width\":1350,\"height\":900,\"caption\":\"PSOL 50\"},\"image\":{\"@id\":\"https:\/\/psol50.org.br\/#\/schema\/logo\/image\/\"},\"sameAs\":[\"https:\/\/www.facebook.com\/psol50\",\"https:\/\/x.com\/psol50\",\"https:\/\/www.instagram.com\/psol50\/\",\"https:\/\/www.youtube.com\/channel\/UC7SnJS5o1os7a6CaiNabzcg\"]},{\"@type\":\"Person\",\"@id\":\"https:\/\/psol50.org.br\/#\/schema\/person\/475dfa57d0b815993c714c2e96491fcd\",\"name\":\"Comunica\u00e7\u00e3o PSOL\",\"image\":{\"@type\":\"ImageObject\",\"inLanguage\":\"pt-BR\",\"@id\":\"https:\/\/psol50.org.br\/#\/schema\/person\/image\/\",\"url\":\"https:\/\/secure.gravatar.com\/avatar\/b34fc4f4e468a4e51785917065a3db57b841f5c95dba6ad8c73aaf8f66f8f9bf?s=96&d=mm&r=g\",\"contentUrl\":\"https:\/\/secure.gravatar.com\/avatar\/b34fc4f4e468a4e51785917065a3db57b841f5c95dba6ad8c73aaf8f66f8f9bf?s=96&d=mm&r=g\",\"caption\":\"Comunica\u00e7\u00e3o PSOL\"}}]}<\/script>\n<!-- \/ Yoast SEO plugin. -->","yoast_head_json":{"title":"Ministro Gilberto Carvalho se recusa a receber ind\u00edgenas - PSOL 50","robots":{"index":"index","follow":"follow","max-snippet":"max-snippet:-1","max-image-preview":"max-image-preview:large","max-video-preview":"max-video-preview:-1"},"canonical":"https:\/\/psol50.org.br\/ministro-gilberto-carvalho-se-recusa-a-receber-indigenas\/","og_locale":"pt_BR","og_type":"article","og_title":"Ministro Gilberto Carvalho se recusa a receber ind\u00edgenas - PSOL 50","og_description":"Na Funai, grupo avalia, em assembleia postura do governo &nbsp; Os 145 ind\u00edgenas dos rios Xingu, Tapaj\u00f3s e Teles Pires, no Par\u00e1, se reuniram em assembleia na sede da Funda\u00e7\u00e3o Nacional do \u00cdndio (Funai), em Bras\u00edlia (DF). O grupo avalia a postura do ministro-chefe da Secretaria Geral da Presid\u00eancia da Rep\u00fablica, Gilberto Carvalho, que na [&hellip;]","og_url":"https:\/\/psol50.org.br\/ministro-gilberto-carvalho-se-recusa-a-receber-indigenas\/","og_site_name":"PSOL 50","article_publisher":"https:\/\/www.facebook.com\/psol50","article_published_time":"2013-06-10T00:00:00+00:00","og_image":[{"width":1350,"height":900,"url":"https:\/\/psol50.org.br\/inc\/uploads\/2018\/07\/capa.png","type":"image\/png"}],"author":"Comunica\u00e7\u00e3o PSOL","twitter_card":"summary_large_image","twitter_creator":"@psol50","twitter_site":"@psol50","twitter_misc":{"Escrito por":"Comunica\u00e7\u00e3o PSOL","Est. tempo de leitura":"3 minutos"},"schema":{"@context":"https:\/\/schema.org","@graph":[{"@type":"Article","@id":"https:\/\/psol50.org.br\/ministro-gilberto-carvalho-se-recusa-a-receber-indigenas\/#article","isPartOf":{"@id":"https:\/\/psol50.org.br\/ministro-gilberto-carvalho-se-recusa-a-receber-indigenas\/"},"author":{"name":"Comunica\u00e7\u00e3o PSOL","@id":"https:\/\/psol50.org.br\/#\/schema\/person\/475dfa57d0b815993c714c2e96491fcd"},"headline":"Ministro Gilberto Carvalho se recusa a receber ind\u00edgenas","datePublished":"2013-06-10T00:00:00+00:00","mainEntityOfPage":{"@id":"https:\/\/psol50.org.br\/ministro-gilberto-carvalho-se-recusa-a-receber-indigenas\/"},"wordCount":540,"commentCount":0,"publisher":{"@id":"https:\/\/psol50.org.br\/#organization"},"articleSection":["Arquivo"],"inLanguage":"pt-BR","potentialAction":[{"@type":"CommentAction","name":"Comment","target":["https:\/\/psol50.org.br\/ministro-gilberto-carvalho-se-recusa-a-receber-indigenas\/#respond"]}]},{"@type":"WebPage","@id":"https:\/\/psol50.org.br\/ministro-gilberto-carvalho-se-recusa-a-receber-indigenas\/","url":"https:\/\/psol50.org.br\/ministro-gilberto-carvalho-se-recusa-a-receber-indigenas\/","name":"Ministro Gilberto Carvalho se recusa a receber ind\u00edgenas - PSOL 50","isPartOf":{"@id":"https:\/\/psol50.org.br\/#website"},"datePublished":"2013-06-10T00:00:00+00:00","breadcrumb":{"@id":"https:\/\/psol50.org.br\/ministro-gilberto-carvalho-se-recusa-a-receber-indigenas\/#breadcrumb"},"inLanguage":"pt-BR","potentialAction":[{"@type":"ReadAction","target":["https:\/\/psol50.org.br\/ministro-gilberto-carvalho-se-recusa-a-receber-indigenas\/"]}]},{"@type":"BreadcrumbList","@id":"https:\/\/psol50.org.br\/ministro-gilberto-carvalho-se-recusa-a-receber-indigenas\/#breadcrumb","itemListElement":[{"@type":"ListItem","position":1,"name":"In\u00edcio","item":"https:\/\/psol50.org.br\/"},{"@type":"ListItem","position":2,"name":"Ministro Gilberto Carvalho se recusa a receber ind\u00edgenas"}]},{"@type":"WebSite","@id":"https:\/\/psol50.org.br\/#website","url":"https:\/\/psol50.org.br\/","name":"PSOL 50","description":"Site oficial do Partido Socialismo e Liberdade","publisher":{"@id":"https:\/\/psol50.org.br\/#organization"},"alternateName":"PSOL50","potentialAction":[{"@type":"SearchAction","target":{"@type":"EntryPoint","urlTemplate":"https:\/\/psol50.org.br\/?s={search_term_string}"},"query-input":{"@type":"PropertyValueSpecification","valueRequired":true,"valueName":"search_term_string"}}],"inLanguage":"pt-BR"},{"@type":"Organization","@id":"https:\/\/psol50.org.br\/#organization","name":"PSOL 50","alternateName":"PSOL 50","url":"https:\/\/psol50.org.br\/","logo":{"@type":"ImageObject","inLanguage":"pt-BR","@id":"https:\/\/psol50.org.br\/#\/schema\/logo\/image\/","url":"https:\/\/psol50.org.br\/inc\/uploads\/2018\/07\/capa.png","contentUrl":"https:\/\/psol50.org.br\/inc\/uploads\/2018\/07\/capa.png","width":1350,"height":900,"caption":"PSOL 50"},"image":{"@id":"https:\/\/psol50.org.br\/#\/schema\/logo\/image\/"},"sameAs":["https:\/\/www.facebook.com\/psol50","https:\/\/x.com\/psol50","https:\/\/www.instagram.com\/psol50\/","https:\/\/www.youtube.com\/channel\/UC7SnJS5o1os7a6CaiNabzcg"]},{"@type":"Person","@id":"https:\/\/psol50.org.br\/#\/schema\/person\/475dfa57d0b815993c714c2e96491fcd","name":"Comunica\u00e7\u00e3o PSOL","image":{"@type":"ImageObject","inLanguage":"pt-BR","@id":"https:\/\/psol50.org.br\/#\/schema\/person\/image\/","url":"https:\/\/secure.gravatar.com\/avatar\/b34fc4f4e468a4e51785917065a3db57b841f5c95dba6ad8c73aaf8f66f8f9bf?s=96&d=mm&r=g","contentUrl":"https:\/\/secure.gravatar.com\/avatar\/b34fc4f4e468a4e51785917065a3db57b841f5c95dba6ad8c73aaf8f66f8f9bf?s=96&d=mm&r=g","caption":"Comunica\u00e7\u00e3o PSOL"}}]}},"_links":{"self":[{"href":"https:\/\/psol50.org.br\/rest\/wp\/v2\/posts\/2045","targetHints":{"allow":["GET"]}}],"collection":[{"href":"https:\/\/psol50.org.br\/rest\/wp\/v2\/posts"}],"about":[{"href":"https:\/\/psol50.org.br\/rest\/wp\/v2\/types\/post"}],"author":[{"embeddable":true,"href":"https:\/\/psol50.org.br\/rest\/wp\/v2\/users\/2"}],"replies":[{"embeddable":true,"href":"https:\/\/psol50.org.br\/rest\/wp\/v2\/comments?post=2045"}],"version-history":[{"count":0,"href":"https:\/\/psol50.org.br\/rest\/wp\/v2\/posts\/2045\/revisions"}],"wp:attachment":[{"href":"https:\/\/psol50.org.br\/rest\/wp\/v2\/media?parent=2045"}],"wp:term":[{"taxonomy":"category","embeddable":true,"href":"https:\/\/psol50.org.br\/rest\/wp\/v2\/categories?post=2045"},{"taxonomy":"post_tag","embeddable":true,"href":"https:\/\/psol50.org.br\/rest\/wp\/v2\/tags?post=2045"}],"curies":[{"name":"wp","href":"https:\/\/api.w.org\/{rel}","templated":true}]}}