{"id":20456,"date":"2018-04-05T12:22:51","date_gmt":"2018-04-05T15:22:51","guid":{"rendered":"http:\/\/www.psol50.org.br\/?p=20456"},"modified":"2018-04-05T12:22:51","modified_gmt":"2018-04-05T15:22:51","slug":"luciana-genro-e-pela-vida-das-mulheres","status":"publish","type":"post","link":"https:\/\/psol50.org.br\/luciana-genro-e-pela-vida-das-mulheres\/","title":{"rendered":"Luciana Genro | \u00c9 pela vida das mulheres"},"content":{"rendered":"<p><span style=\"font-size: 14px;\"><em>Artigo publicado originalmente no jornal <a href=\"https:\/\/gauchazh.clicrbs.com.br\/opiniao\/noticia\/2018\/04\/luciana-genro-e-pela-vida-das-mulheres-cjfiqnr1a04iu01phnx016ivo.html\" target=\"_blank\" rel=\"noopener\"><span style=\"color: #0000ff;\"><strong>Zero Hora<\/strong><\/span><\/a><\/em><\/span><\/p>\n<p>A ministra Rosa Weber deu in\u00edcio \u00e0 convoca\u00e7\u00e3o de uma audi\u00eancia p\u00fablica para debater a descriminaliza\u00e7\u00e3o do aborto. A medida faz parte da tramita\u00e7\u00e3o de uma <a href=\"http:\/\/www.psol50.org.br\/entenda-a-acao-do-psol-pela-descriminalizacao-do-aborto\/\" target=\"_blank\" rel=\"noopener\"><span style=\"color: #0000ff;\"><strong>a\u00e7\u00e3o proposta pelo PSOL e pela Anis \u2013 Instituto de Bio\u00e9tica junto ao STF<\/strong><\/span><\/a> que reivindica a descriminaliza\u00e7\u00e3o do aborto at\u00e9 a 12\u00aa semana de gesta\u00e7\u00e3o.<\/p>\n<p>A a\u00e7\u00e3o protocolada \u00e9 uma ADPF, movida para julgar situa\u00e7\u00f5es em que atos do poder p\u00fablico violem preceitos fundamentais da Constitui\u00e7\u00e3o. Tenho muito orgulho de ser uma das advogadas que assina esta a\u00e7\u00e3o, junto com a Luciana Boiteux, a Gabriela Rondon e a Sinara Gumieri. \u00c9 a primeira grande a\u00e7\u00e3o sobre descriminaliza\u00e7\u00e3o do aborto que chega ao Supremo. O que sustentamos na pe\u00e7a \u00e9 que os artigos 124 e 126 do C\u00f3digo Penal n\u00e3o s\u00e3o coerentes com a garantia de direitos assegurada pela Constitui\u00e7\u00e3o. Caso o Supremo acate a a\u00e7\u00e3o, a interrup\u00e7\u00e3o da gesta\u00e7\u00e3o realizada por vontade da mulher at\u00e9 12 semanas de gravidez n\u00e3o ser\u00e1 mais crime no pa\u00eds.<\/p>\n<p>O per\u00edodo de 12 semanas n\u00e3o foi escolhido ao acaso. Trata-se do tempo gestacional em que grande parte das mulheres realiza um aborto no mundo inteiro, inclusive nos pa\u00edses que j\u00e1 legalizaram o procedimento, como Alemanha, Dinamarca, Fran\u00e7a, It\u00e1lia, Su\u00ed\u00e7a e Uruguai. A Organiza\u00e7\u00e3o Mundial da Sa\u00fade considera que este \u00e9 o per\u00edodo mais seguro para a realiza\u00e7\u00e3o do aborto, com uma taxa de apenas 0,05% de risco de complica\u00e7\u00f5es.<\/p>\n<p>As duas edi\u00e7\u00f5es da Pesquisa Nacional do Aborto mostraram que, aos 40 anos, uma em cada cinco mulheres j\u00e1 realizou um aborto no Brasil. Em 2015, foram 503 mil mulheres que optaram pelo procedimento. Ou seja: a cada minuto, uma mulher decide interromper sua gravidez. \u00c9 uma verdadeira trag\u00e9dia que as mulheres tenham que recorrer a cl\u00ednicas clandestinas e a procedimentos inseguros. \u00c9 um perigo real \u00e0 vida dessas mulheres. A situa\u00e7\u00e3o afeta especialmente as mulheres negras e pobres, pois quem possui recursos financeiros tem condi\u00e7\u00f5es de pagar por um procedimento mais seguro, ainda que ilegal. O Brasil precisa encarar este debate sem preconceitos. Ser m\u00e3e deve ser uma escolha da mulher, n\u00e3o uma imposi\u00e7\u00e3o.<\/p>\n","protected":false},"excerpt":{"rendered":"<p>Artigo publicado originalmente no jornal Zero Hora A ministra Rosa Weber deu in\u00edcio \u00e0 convoca\u00e7\u00e3o de uma audi\u00eancia p\u00fablica para debater a descriminaliza\u00e7\u00e3o do aborto. A medida faz parte da tramita\u00e7\u00e3o de uma a\u00e7\u00e3o proposta pelo PSOL e pela Anis \u2013 Instituto de Bio\u00e9tica junto ao STF que reivindica a descriminaliza\u00e7\u00e3o do aborto at\u00e9 a [&hellip;]<\/p>\n","protected":false},"author":2,"featured_media":18120,"comment_status":"open","ping_status":"open","sticky":false,"template":"","format":"standard","meta":{"_acf_changed":false,"footnotes":""},"categories":[3],"tags":[2408,1311,1116,2409,2387,2174,2390,22,45],"class_list":{"0":"post-20456","1":"post","2":"type-post","3":"status-publish","4":"format-standard","5":"has-post-thumbnail","7":"category-artigos-e-entrevistas","8":"tag-12a-semana-de-gestacao","9":"tag-acao","10":"tag-adpf","11":"tag-anis","12":"tag-descriminalizacao-do-aborto","13":"tag-luciana-genro","14":"tag-ministra-rosa-weber","15":"tag-psol","16":"tag-stf"},"acf":[],"yoast_head":"<!-- This site is optimized with the Yoast SEO plugin v26.5 - https:\/\/yoast.com\/wordpress\/plugins\/seo\/ -->\n<title>Luciana Genro | \u00c9 pela vida das mulheres - PSOL 50<\/title>\n<meta name=\"robots\" content=\"index, follow, max-snippet:-1, max-image-preview:large, max-video-preview:-1\" \/>\n<link rel=\"canonical\" href=\"https:\/\/psol50.org.br\/luciana-genro-e-pela-vida-das-mulheres\/\" \/>\n<meta property=\"og:locale\" content=\"pt_BR\" \/>\n<meta property=\"og:type\" content=\"article\" \/>\n<meta property=\"og:title\" content=\"Luciana Genro | \u00c9 pela vida das mulheres - PSOL 50\" \/>\n<meta property=\"og:description\" content=\"Artigo publicado originalmente no jornal Zero Hora A ministra Rosa Weber deu in\u00edcio \u00e0 convoca\u00e7\u00e3o de uma audi\u00eancia p\u00fablica para debater a descriminaliza\u00e7\u00e3o do aborto. A medida faz parte da tramita\u00e7\u00e3o de uma a\u00e7\u00e3o proposta pelo PSOL e pela Anis \u2013 Instituto de Bio\u00e9tica junto ao STF que reivindica a descriminaliza\u00e7\u00e3o do aborto at\u00e9 a [&hellip;]\" \/>\n<meta property=\"og:url\" content=\"https:\/\/psol50.org.br\/luciana-genro-e-pela-vida-das-mulheres\/\" \/>\n<meta property=\"og:site_name\" content=\"PSOL 50\" \/>\n<meta property=\"article:publisher\" content=\"https:\/\/www.facebook.com\/psol50\" \/>\n<meta property=\"article:published_time\" content=\"2018-04-05T15:22:51+00:00\" \/>\n<meta property=\"og:image\" content=\"https:\/\/psol50.org.br\/inc\/uploads\/2018\/07\/capa.png\" \/>\n\t<meta property=\"og:image:width\" content=\"1350\" \/>\n\t<meta property=\"og:image:height\" content=\"900\" \/>\n\t<meta property=\"og:image:type\" content=\"image\/png\" \/>\n<meta name=\"author\" content=\"Comunica\u00e7\u00e3o PSOL\" \/>\n<meta name=\"twitter:card\" content=\"summary_large_image\" \/>\n<meta name=\"twitter:creator\" content=\"@psol50\" \/>\n<meta name=\"twitter:site\" content=\"@psol50\" \/>\n<meta name=\"twitter:label1\" content=\"Escrito por\" \/>\n\t<meta name=\"twitter:data1\" content=\"Comunica\u00e7\u00e3o PSOL\" \/>\n\t<meta name=\"twitter:label2\" content=\"Est. tempo de leitura\" \/>\n\t<meta name=\"twitter:data2\" content=\"2 minutos\" \/>\n<script type=\"application\/ld+json\" class=\"yoast-schema-graph\">{\"@context\":\"https:\/\/schema.org\",\"@graph\":[{\"@type\":\"Article\",\"@id\":\"https:\/\/psol50.org.br\/luciana-genro-e-pela-vida-das-mulheres\/#article\",\"isPartOf\":{\"@id\":\"https:\/\/psol50.org.br\/luciana-genro-e-pela-vida-das-mulheres\/\"},\"author\":{\"name\":\"Comunica\u00e7\u00e3o PSOL\",\"@id\":\"https:\/\/psol50.org.br\/#\/schema\/person\/475dfa57d0b815993c714c2e96491fcd\"},\"headline\":\"Luciana Genro | \u00c9 pela vida das mulheres\",\"datePublished\":\"2018-04-05T15:22:51+00:00\",\"mainEntityOfPage\":{\"@id\":\"https:\/\/psol50.org.br\/luciana-genro-e-pela-vida-das-mulheres\/\"},\"wordCount\":388,\"commentCount\":0,\"publisher\":{\"@id\":\"https:\/\/psol50.org.br\/#organization\"},\"image\":{\"@id\":\"https:\/\/psol50.org.br\/luciana-genro-e-pela-vida-das-mulheres\/#primaryimage\"},\"thumbnailUrl\":\"\",\"keywords\":[\"12\u00aa semana de gesta\u00e7\u00e3o\",\"a\u00e7\u00e3o\",\"ADPF\",\"Anis\",\"Descriminaliza\u00e7\u00e3o do aborto\",\"Luciana Genro\",\"ministra Rosa Weber\",\"PSOL\",\"STF\"],\"articleSection\":[\"Artigos\"],\"inLanguage\":\"pt-BR\",\"potentialAction\":[{\"@type\":\"CommentAction\",\"name\":\"Comment\",\"target\":[\"https:\/\/psol50.org.br\/luciana-genro-e-pela-vida-das-mulheres\/#respond\"]}]},{\"@type\":\"WebPage\",\"@id\":\"https:\/\/psol50.org.br\/luciana-genro-e-pela-vida-das-mulheres\/\",\"url\":\"https:\/\/psol50.org.br\/luciana-genro-e-pela-vida-das-mulheres\/\",\"name\":\"Luciana Genro | \u00c9 pela vida das mulheres - PSOL 50\",\"isPartOf\":{\"@id\":\"https:\/\/psol50.org.br\/#website\"},\"primaryImageOfPage\":{\"@id\":\"https:\/\/psol50.org.br\/luciana-genro-e-pela-vida-das-mulheres\/#primaryimage\"},\"image\":{\"@id\":\"https:\/\/psol50.org.br\/luciana-genro-e-pela-vida-das-mulheres\/#primaryimage\"},\"thumbnailUrl\":\"\",\"datePublished\":\"2018-04-05T15:22:51+00:00\",\"breadcrumb\":{\"@id\":\"https:\/\/psol50.org.br\/luciana-genro-e-pela-vida-das-mulheres\/#breadcrumb\"},\"inLanguage\":\"pt-BR\",\"potentialAction\":[{\"@type\":\"ReadAction\",\"target\":[\"https:\/\/psol50.org.br\/luciana-genro-e-pela-vida-das-mulheres\/\"]}]},{\"@type\":\"ImageObject\",\"inLanguage\":\"pt-BR\",\"@id\":\"https:\/\/psol50.org.br\/luciana-genro-e-pela-vida-das-mulheres\/#primaryimage\",\"url\":\"\",\"contentUrl\":\"\"},{\"@type\":\"BreadcrumbList\",\"@id\":\"https:\/\/psol50.org.br\/luciana-genro-e-pela-vida-das-mulheres\/#breadcrumb\",\"itemListElement\":[{\"@type\":\"ListItem\",\"position\":1,\"name\":\"In\u00edcio\",\"item\":\"https:\/\/psol50.org.br\/\"},{\"@type\":\"ListItem\",\"position\":2,\"name\":\"Luciana Genro | \u00c9 pela vida das mulheres\"}]},{\"@type\":\"WebSite\",\"@id\":\"https:\/\/psol50.org.br\/#website\",\"url\":\"https:\/\/psol50.org.br\/\",\"name\":\"PSOL 50\",\"description\":\"Site oficial do Partido Socialismo e Liberdade\",\"publisher\":{\"@id\":\"https:\/\/psol50.org.br\/#organization\"},\"alternateName\":\"PSOL50\",\"potentialAction\":[{\"@type\":\"SearchAction\",\"target\":{\"@type\":\"EntryPoint\",\"urlTemplate\":\"https:\/\/psol50.org.br\/?s={search_term_string}\"},\"query-input\":{\"@type\":\"PropertyValueSpecification\",\"valueRequired\":true,\"valueName\":\"search_term_string\"}}],\"inLanguage\":\"pt-BR\"},{\"@type\":\"Organization\",\"@id\":\"https:\/\/psol50.org.br\/#organization\",\"name\":\"PSOL 50\",\"alternateName\":\"PSOL 50\",\"url\":\"https:\/\/psol50.org.br\/\",\"logo\":{\"@type\":\"ImageObject\",\"inLanguage\":\"pt-BR\",\"@id\":\"https:\/\/psol50.org.br\/#\/schema\/logo\/image\/\",\"url\":\"https:\/\/psol50.org.br\/inc\/uploads\/2018\/07\/capa.png\",\"contentUrl\":\"https:\/\/psol50.org.br\/inc\/uploads\/2018\/07\/capa.png\",\"width\":1350,\"height\":900,\"caption\":\"PSOL 50\"},\"image\":{\"@id\":\"https:\/\/psol50.org.br\/#\/schema\/logo\/image\/\"},\"sameAs\":[\"https:\/\/www.facebook.com\/psol50\",\"https:\/\/x.com\/psol50\",\"https:\/\/www.instagram.com\/psol50\/\",\"https:\/\/www.youtube.com\/channel\/UC7SnJS5o1os7a6CaiNabzcg\"]},{\"@type\":\"Person\",\"@id\":\"https:\/\/psol50.org.br\/#\/schema\/person\/475dfa57d0b815993c714c2e96491fcd\",\"name\":\"Comunica\u00e7\u00e3o PSOL\",\"image\":{\"@type\":\"ImageObject\",\"inLanguage\":\"pt-BR\",\"@id\":\"https:\/\/psol50.org.br\/#\/schema\/person\/image\/\",\"url\":\"https:\/\/secure.gravatar.com\/avatar\/b34fc4f4e468a4e51785917065a3db57b841f5c95dba6ad8c73aaf8f66f8f9bf?s=96&d=mm&r=g\",\"contentUrl\":\"https:\/\/secure.gravatar.com\/avatar\/b34fc4f4e468a4e51785917065a3db57b841f5c95dba6ad8c73aaf8f66f8f9bf?s=96&d=mm&r=g\",\"caption\":\"Comunica\u00e7\u00e3o PSOL\"}}]}<\/script>\n<!-- \/ Yoast SEO plugin. -->","yoast_head_json":{"title":"Luciana Genro | \u00c9 pela vida das mulheres - PSOL 50","robots":{"index":"index","follow":"follow","max-snippet":"max-snippet:-1","max-image-preview":"max-image-preview:large","max-video-preview":"max-video-preview:-1"},"canonical":"https:\/\/psol50.org.br\/luciana-genro-e-pela-vida-das-mulheres\/","og_locale":"pt_BR","og_type":"article","og_title":"Luciana Genro | \u00c9 pela vida das mulheres - PSOL 50","og_description":"Artigo publicado originalmente no jornal Zero Hora A ministra Rosa Weber deu in\u00edcio \u00e0 convoca\u00e7\u00e3o de uma audi\u00eancia p\u00fablica para debater a descriminaliza\u00e7\u00e3o do aborto. A medida faz parte da tramita\u00e7\u00e3o de uma a\u00e7\u00e3o proposta pelo PSOL e pela Anis \u2013 Instituto de Bio\u00e9tica junto ao STF que reivindica a descriminaliza\u00e7\u00e3o do aborto at\u00e9 a [&hellip;]","og_url":"https:\/\/psol50.org.br\/luciana-genro-e-pela-vida-das-mulheres\/","og_site_name":"PSOL 50","article_publisher":"https:\/\/www.facebook.com\/psol50","article_published_time":"2018-04-05T15:22:51+00:00","og_image":[{"width":1350,"height":900,"url":"https:\/\/psol50.org.br\/inc\/uploads\/2018\/07\/capa.png","type":"image\/png"}],"author":"Comunica\u00e7\u00e3o PSOL","twitter_card":"summary_large_image","twitter_creator":"@psol50","twitter_site":"@psol50","twitter_misc":{"Escrito por":"Comunica\u00e7\u00e3o PSOL","Est. tempo de leitura":"2 minutos"},"schema":{"@context":"https:\/\/schema.org","@graph":[{"@type":"Article","@id":"https:\/\/psol50.org.br\/luciana-genro-e-pela-vida-das-mulheres\/#article","isPartOf":{"@id":"https:\/\/psol50.org.br\/luciana-genro-e-pela-vida-das-mulheres\/"},"author":{"name":"Comunica\u00e7\u00e3o PSOL","@id":"https:\/\/psol50.org.br\/#\/schema\/person\/475dfa57d0b815993c714c2e96491fcd"},"headline":"Luciana Genro | \u00c9 pela vida das mulheres","datePublished":"2018-04-05T15:22:51+00:00","mainEntityOfPage":{"@id":"https:\/\/psol50.org.br\/luciana-genro-e-pela-vida-das-mulheres\/"},"wordCount":388,"commentCount":0,"publisher":{"@id":"https:\/\/psol50.org.br\/#organization"},"image":{"@id":"https:\/\/psol50.org.br\/luciana-genro-e-pela-vida-das-mulheres\/#primaryimage"},"thumbnailUrl":"","keywords":["12\u00aa semana de gesta\u00e7\u00e3o","a\u00e7\u00e3o","ADPF","Anis","Descriminaliza\u00e7\u00e3o do aborto","Luciana Genro","ministra Rosa Weber","PSOL","STF"],"articleSection":["Artigos"],"inLanguage":"pt-BR","potentialAction":[{"@type":"CommentAction","name":"Comment","target":["https:\/\/psol50.org.br\/luciana-genro-e-pela-vida-das-mulheres\/#respond"]}]},{"@type":"WebPage","@id":"https:\/\/psol50.org.br\/luciana-genro-e-pela-vida-das-mulheres\/","url":"https:\/\/psol50.org.br\/luciana-genro-e-pela-vida-das-mulheres\/","name":"Luciana Genro | \u00c9 pela vida das mulheres - PSOL 50","isPartOf":{"@id":"https:\/\/psol50.org.br\/#website"},"primaryImageOfPage":{"@id":"https:\/\/psol50.org.br\/luciana-genro-e-pela-vida-das-mulheres\/#primaryimage"},"image":{"@id":"https:\/\/psol50.org.br\/luciana-genro-e-pela-vida-das-mulheres\/#primaryimage"},"thumbnailUrl":"","datePublished":"2018-04-05T15:22:51+00:00","breadcrumb":{"@id":"https:\/\/psol50.org.br\/luciana-genro-e-pela-vida-das-mulheres\/#breadcrumb"},"inLanguage":"pt-BR","potentialAction":[{"@type":"ReadAction","target":["https:\/\/psol50.org.br\/luciana-genro-e-pela-vida-das-mulheres\/"]}]},{"@type":"ImageObject","inLanguage":"pt-BR","@id":"https:\/\/psol50.org.br\/luciana-genro-e-pela-vida-das-mulheres\/#primaryimage","url":"","contentUrl":""},{"@type":"BreadcrumbList","@id":"https:\/\/psol50.org.br\/luciana-genro-e-pela-vida-das-mulheres\/#breadcrumb","itemListElement":[{"@type":"ListItem","position":1,"name":"In\u00edcio","item":"https:\/\/psol50.org.br\/"},{"@type":"ListItem","position":2,"name":"Luciana Genro | \u00c9 pela vida das mulheres"}]},{"@type":"WebSite","@id":"https:\/\/psol50.org.br\/#website","url":"https:\/\/psol50.org.br\/","name":"PSOL 50","description":"Site oficial do Partido Socialismo e Liberdade","publisher":{"@id":"https:\/\/psol50.org.br\/#organization"},"alternateName":"PSOL50","potentialAction":[{"@type":"SearchAction","target":{"@type":"EntryPoint","urlTemplate":"https:\/\/psol50.org.br\/?s={search_term_string}"},"query-input":{"@type":"PropertyValueSpecification","valueRequired":true,"valueName":"search_term_string"}}],"inLanguage":"pt-BR"},{"@type":"Organization","@id":"https:\/\/psol50.org.br\/#organization","name":"PSOL 50","alternateName":"PSOL 50","url":"https:\/\/psol50.org.br\/","logo":{"@type":"ImageObject","inLanguage":"pt-BR","@id":"https:\/\/psol50.org.br\/#\/schema\/logo\/image\/","url":"https:\/\/psol50.org.br\/inc\/uploads\/2018\/07\/capa.png","contentUrl":"https:\/\/psol50.org.br\/inc\/uploads\/2018\/07\/capa.png","width":1350,"height":900,"caption":"PSOL 50"},"image":{"@id":"https:\/\/psol50.org.br\/#\/schema\/logo\/image\/"},"sameAs":["https:\/\/www.facebook.com\/psol50","https:\/\/x.com\/psol50","https:\/\/www.instagram.com\/psol50\/","https:\/\/www.youtube.com\/channel\/UC7SnJS5o1os7a6CaiNabzcg"]},{"@type":"Person","@id":"https:\/\/psol50.org.br\/#\/schema\/person\/475dfa57d0b815993c714c2e96491fcd","name":"Comunica\u00e7\u00e3o PSOL","image":{"@type":"ImageObject","inLanguage":"pt-BR","@id":"https:\/\/psol50.org.br\/#\/schema\/person\/image\/","url":"https:\/\/secure.gravatar.com\/avatar\/b34fc4f4e468a4e51785917065a3db57b841f5c95dba6ad8c73aaf8f66f8f9bf?s=96&d=mm&r=g","contentUrl":"https:\/\/secure.gravatar.com\/avatar\/b34fc4f4e468a4e51785917065a3db57b841f5c95dba6ad8c73aaf8f66f8f9bf?s=96&d=mm&r=g","caption":"Comunica\u00e7\u00e3o PSOL"}}]}},"_links":{"self":[{"href":"https:\/\/psol50.org.br\/rest\/wp\/v2\/posts\/20456","targetHints":{"allow":["GET"]}}],"collection":[{"href":"https:\/\/psol50.org.br\/rest\/wp\/v2\/posts"}],"about":[{"href":"https:\/\/psol50.org.br\/rest\/wp\/v2\/types\/post"}],"author":[{"embeddable":true,"href":"https:\/\/psol50.org.br\/rest\/wp\/v2\/users\/2"}],"replies":[{"embeddable":true,"href":"https:\/\/psol50.org.br\/rest\/wp\/v2\/comments?post=20456"}],"version-history":[{"count":0,"href":"https:\/\/psol50.org.br\/rest\/wp\/v2\/posts\/20456\/revisions"}],"wp:featuredmedia":[{"embeddable":true,"href":"https:\/\/psol50.org.br\/rest\/"}],"wp:attachment":[{"href":"https:\/\/psol50.org.br\/rest\/wp\/v2\/media?parent=20456"}],"wp:term":[{"taxonomy":"category","embeddable":true,"href":"https:\/\/psol50.org.br\/rest\/wp\/v2\/categories?post=20456"},{"taxonomy":"post_tag","embeddable":true,"href":"https:\/\/psol50.org.br\/rest\/wp\/v2\/tags?post=20456"}],"curies":[{"name":"wp","href":"https:\/\/api.w.org\/{rel}","templated":true}]}}