{"id":20464,"date":"2018-04-09T15:36:02","date_gmt":"2018-04-09T18:36:02","guid":{"rendered":"http:\/\/www.psol50.org.br\/?p=20464"},"modified":"2018-04-09T15:36:02","modified_gmt":"2018-04-09T18:36:02","slug":"juliano-medeiros-uma-frente-para-deter-a-escalada-autoritaria-e-para-libertar-lula","status":"publish","type":"post","link":"https:\/\/psol50.org.br\/juliano-medeiros-uma-frente-para-deter-a-escalada-autoritaria-e-para-libertar-lula\/","title":{"rendered":"Juliano Medeiros | Uma frente para deter a escalada autorit\u00e1ria e para libertar Lula"},"content":{"rendered":"<p><a href=\"https:\/\/www.cartacapital.com.br\/politica\/uma-frente-para-deter-a-escalada-autoritaria-e-pela-liberdade-de-lula\" target=\"_blank\" rel=\"noopener\"><span style=\"color: #3366ff;\"><em>Originalmente publicado na CartaCapital<\/em><\/span><\/a><\/p>\n<p>Faltavam poucos minutos para o prazo dado pelo juiz federal S\u00e9rgio Moro para que Lula se entregasse, quando cheguei a uma pequena sala no segundo andar do Sindicato dos Metal\u00fargicos, em S\u00e3o Bernardo do Campo (SP). L\u00e1 estava Lula, tranquilo e bem-humorado, como vinham relatando as pessoas que tinham tido contato com ele mais cedo.<\/p>\n<p>Ele contava para um grupo de dirigentes de partidos e movimentos sociais uma hist\u00f3ria sobre a indica\u00e7\u00e3o de um ministro do STF. Aquela deveria ser uma reuni\u00e3o para definir como lidar com a decis\u00e3o de permanecer no Sindicato dos Metal\u00fargicos ap\u00f3s o prazo estabelecido por Moro para que Lula se entregasse. Mas acabou se tornando uma conversa informal. Lula j\u00e1 havia decidido abrir um di\u00e1logo com a Pol\u00edcia Federal atrav\u00e9s de seus advogados, descartando uma resist\u00eancia \u00e0 pris\u00e3o.<\/p>\n<p>\u00c0s 16h59 ouvimos, de dentro da sala, uma contagem regressiva. Milhares de pessoas, reunidas em vig\u00edlia democr\u00e1tica desde a noite anterior, contavam os segundos para o descumprimento da ordem de S\u00e9rgio Moro. Um coro emocionante invadiu a sala onde est\u00e1vamos: \u201cCinco, quatro, tr\u00eas, dois, um&#8230;\u201d. A rua explodiu em festa. A decis\u00e3o seria resistir \u00e0 pris\u00e3o.<\/p>\n<p>Pesaram, no entanto, as opini\u00f5es dos advogados de Lula e do pr\u00f3prio ex-presidente, para os quais a resist\u00eancia, mesmo que pac\u00edfica, poderia prejudicar a tramita\u00e7\u00e3o dos recursos judiciais aos quais a defesa ainda teria direito e ensejar a decreta\u00e7\u00e3o de uma pris\u00e3o preventiva. No dia seguinte, no ato ecum\u00eanico em mem\u00f3ria da ex-primeira dama, Marisa Let\u00edcia, ficou claro que n\u00e3o seria f\u00e1cil convencer as pessoas ali presentes de que a decis\u00e3o de cumprir a determina\u00e7\u00e3o judicial era o melhor caminho.<\/p>\n<p>Relato esses fatos porque, al\u00e9m de um fort\u00edssimo simbolismo, carregam consigo elementos para uma reflex\u00e3o sobre os pr\u00f3ximos passos da esquerda frente a viol\u00eancia cometida contra o ex-presidente Lula e os ataques \u00e0 democracia. Claro que a tarefa imediata, como n\u00e3o poderia deixar de ser, \u00e9 organizar uma ampla campanha suprapartid\u00e1ria de den\u00fancia da arbitrariedade judicial e pela liberta\u00e7\u00e3o de Lula.<\/p>\n<p>Quem n\u00e3o se somar a esse esfor\u00e7o n\u00e3o ter\u00e1 entendido a gravidade do momento pol\u00edtico que vivemos. Estamos diante de uma perigosa escalada autorit\u00e1ria, onde a viol\u00eancia da extrema-direita e a discricionariedade do judici\u00e1rio s\u00e3o apenas os elementos mais vis\u00edveis. A pris\u00e3o de Lula, nesse contexto, representa uma medida inaceit\u00e1vel, n\u00e3o s\u00f3 pela aus\u00eancia de provas contra o ex-presidente, mas pelo precedente que inaugura: se prendem o maior l\u00edder popular da hist\u00f3ria recente, o que far\u00e3o daqui pra frente?<\/p>\n<p>Ningu\u00e9m em s\u00e3 consci\u00eancia deve julgar a op\u00e7\u00e3o de Lula de cumprir a decis\u00e3o judicial de Moro, mesmo que tardiamente. O que seria absurdo, isso sim, \u00e9 acreditar que h\u00e1 espa\u00e7o para qualquer tipo de \u201crecomposi\u00e7\u00e3o\u201d com as elites pol\u00edticas, econ\u00f4micas e judiciais do pa\u00eds. A op\u00e7\u00e3o de Lula por dirigir-se \u00e0 Pol\u00edcia Federal n\u00e3o pode alimentar ilus\u00f5es no Judici\u00e1rio.<\/p>\n<p>Desde o golpe de 2016, quando um parlamento conservador viabilizou, sob benepl\u00e1cito do STF, a deposi\u00e7\u00e3o de uma presidenta legitimamente eleita, rasgando a Constitui\u00e7\u00e3o Federal e enxovalhando a soberania das urnas, h\u00e1 uma press\u00e3o crescente por um maior fechamento do quadro institucional.<\/p>\n<p>A \u201cdoutrina do choque\u201d, atrav\u00e9s da qual reformas impopulares pr\u00f3-mercado s\u00f3 podem ser viabilizadas atrav\u00e9s de regimes de exce\u00e7\u00e3o, tem feito a cabe\u00e7a de muita gente no Pal\u00e1cio do Planalto, no mercado, na Justi\u00e7a e at\u00e9 nas For\u00e7as Armadas.<\/p>\n<p>A pris\u00e3o pol\u00edtica de Lula, medida judicial de maior repercuss\u00e3o desde a redemocratiza\u00e7\u00e3o, expressa o fim de qualquer hip\u00f3tese de concilia\u00e7\u00e3o com as elites. Muitos ex-aliados do PT aplaudiram de p\u00e9 a condena\u00e7\u00e3o de Lula, enquanto ao seu lado estiveram aqueles que realmente t\u00eam compromisso com a democracia e as liberdades pol\u00edticas, ainda que durante seu governo criticassem suas alian\u00e7as e op\u00e7\u00f5es pol\u00edticas, como o PSOL. O fim do ciclo de concilia\u00e7\u00e3o inaugura uma etapa de luta aberta pela democracia e pelos direitos, onde as ruas cumprir\u00e3o papel decisivo.<\/p>\n<p>A escalada de viol\u00eancia, \u00f3dio e intoler\u00e2ncia n\u00e3o pode ser detida apenas por dentro das institui\u00e7\u00f5es. A impunidade no caso do assassinato da vereadora Marielle Franco e seu motorista, Anderson Gomes, o aumento da viol\u00eancia pol\u00edtica contra lideran\u00e7as populares, os tiros contra a caravana do ex-presidente Lula, embora n\u00e3o tenham rela\u00e7\u00e3o direta entre si, fazem parte de um mesmo contexto e demonstram a inefic\u00e1cia do aparato jur\u00eddico-repressivo surgido da Constitui\u00e7\u00e3o Federal de 1988 quando se trata de garantir as liberdades democr\u00e1ticas.<\/p>\n<p>Diante dessa situa\u00e7\u00e3o, os apelos da milit\u00e2ncia reunida em frente ao Sindicato dos Metal\u00fargicos do ABC para que Lula n\u00e3o se entregasse apenas revelam que subsiste uma forte consci\u00eancia democr\u00e1tica em parcela do povo brasileiro.<\/p>\n<p>\u00c9 com essa parcela que a esquerda deve dialogar para fazer frente a escalada autorit\u00e1ria em curso. A proposta de forma\u00e7\u00e3o de uma frente democr\u00e1tica, apresentada numa reuni\u00e3o realizada recentemente entre presidentes de diferentes partidos de oposi\u00e7\u00e3o ao governo Temer, \u00e9 uma urg\u00eancia.<\/p>\n<p>Essa frente n\u00e3o pode se resumir a partidos. N\u00e3o deve sequer se resumir ao mundo da pol\u00edtica. Deve agregar entidades da sociedade civil, movimentos sociais, intelectuais progressistas, artistas, imprensa alternativa, l\u00edderes religiosos, dentre outros setores que defendem a democracia.<\/p>\n<p>Tampouco pode ser confundida com uma frente eleitoral. Deve ter como eixo: a) a garantia da realiza\u00e7\u00e3o de elei\u00e7\u00f5es democr\u00e1ticas e livres; b) o combate \u00e0 viol\u00eancia da extrema-direita e a liberta\u00e7\u00e3o de Lula; c) e a defesa dos direitos sociais e da soberania nacional.<\/p>\n<p>Se conseguirmos arregimentar nessa articula\u00e7\u00e3o parte expressiva da sociedade brasileira, poderemos conter o crescente de autoritarismo e viol\u00eancia. Desatar uma campanha pela liberta\u00e7\u00e3o de Lula e uma frente democr\u00e1tica que saiba conviver com a pluralidade de posi\u00e7\u00f5es, \u00e9 um dever. Com isso, teremos feito nossa parte. E a entrega de Lula, na tarde do \u00faltimo s\u00e1bado, n\u00e3o ter\u00e1 sido um ato em v\u00e3o.<\/p>\n","protected":false},"excerpt":{"rendered":"<p>Originalmente publicado na CartaCapital Faltavam poucos minutos para o prazo dado pelo juiz federal S\u00e9rgio Moro para que Lula se entregasse, quando cheguei a uma pequena sala no segundo andar do Sindicato dos Metal\u00fargicos, em S\u00e3o Bernardo do Campo (SP). L\u00e1 estava Lula, tranquilo e bem-humorado, como vinham relatando as pessoas que tinham tido contato [&hellip;]<\/p>\n","protected":false},"author":2,"featured_media":20465,"comment_status":"open","ping_status":"open","sticky":false,"template":"","format":"standard","meta":{"_acf_changed":false,"footnotes":""},"categories":[3],"tags":[1604,1016,259,1763],"class_list":{"0":"post-20464","1":"post","2":"type-post","3":"status-publish","4":"format-standard","5":"has-post-thumbnail","7":"category-artigos-e-entrevistas","8":"tag-eleicoes-2018","9":"tag-frente","10":"tag-juliano-medeiros","11":"tag-lula"},"acf":[],"yoast_head":"<!-- This site is optimized with the Yoast SEO plugin v26.5 - https:\/\/yoast.com\/wordpress\/plugins\/seo\/ -->\n<title>Juliano Medeiros | Uma frente para deter a escalada autorit\u00e1ria e para libertar Lula - PSOL 50<\/title>\n<meta name=\"robots\" content=\"index, follow, max-snippet:-1, max-image-preview:large, max-video-preview:-1\" \/>\n<link rel=\"canonical\" href=\"https:\/\/psol50.org.br\/juliano-medeiros-uma-frente-para-deter-a-escalada-autoritaria-e-para-libertar-lula\/\" \/>\n<meta property=\"og:locale\" content=\"pt_BR\" \/>\n<meta property=\"og:type\" content=\"article\" \/>\n<meta property=\"og:title\" content=\"Juliano Medeiros | Uma frente para deter a escalada autorit\u00e1ria e para libertar Lula - PSOL 50\" \/>\n<meta property=\"og:description\" content=\"Originalmente publicado na CartaCapital Faltavam poucos minutos para o prazo dado pelo juiz federal S\u00e9rgio Moro para que Lula se entregasse, quando cheguei a uma pequena sala no segundo andar do Sindicato dos Metal\u00fargicos, em S\u00e3o Bernardo do Campo (SP). L\u00e1 estava Lula, tranquilo e bem-humorado, como vinham relatando as pessoas que tinham tido contato [&hellip;]\" \/>\n<meta property=\"og:url\" content=\"https:\/\/psol50.org.br\/juliano-medeiros-uma-frente-para-deter-a-escalada-autoritaria-e-para-libertar-lula\/\" \/>\n<meta property=\"og:site_name\" content=\"PSOL 50\" \/>\n<meta property=\"article:publisher\" content=\"https:\/\/www.facebook.com\/psol50\" \/>\n<meta property=\"article:published_time\" content=\"2018-04-09T18:36:02+00:00\" \/>\n<meta property=\"og:image\" content=\"https:\/\/psol50.org.br\/inc\/uploads\/2018\/04\/Lula.Ato_.FranciscoProner.Farpa_.jpg\" \/>\n\t<meta property=\"og:image:width\" content=\"1350\" \/>\n\t<meta property=\"og:image:height\" content=\"900\" \/>\n\t<meta property=\"og:image:type\" content=\"image\/jpeg\" \/>\n<meta name=\"author\" content=\"Comunica\u00e7\u00e3o PSOL\" \/>\n<meta name=\"twitter:card\" content=\"summary_large_image\" \/>\n<meta name=\"twitter:creator\" content=\"@psol50\" \/>\n<meta name=\"twitter:site\" content=\"@psol50\" \/>\n<meta name=\"twitter:label1\" content=\"Escrito por\" \/>\n\t<meta name=\"twitter:data1\" content=\"Comunica\u00e7\u00e3o PSOL\" \/>\n\t<meta name=\"twitter:label2\" content=\"Est. tempo de leitura\" \/>\n\t<meta name=\"twitter:data2\" content=\"5 minutos\" \/>\n<script type=\"application\/ld+json\" class=\"yoast-schema-graph\">{\"@context\":\"https:\/\/schema.org\",\"@graph\":[{\"@type\":\"Article\",\"@id\":\"https:\/\/psol50.org.br\/juliano-medeiros-uma-frente-para-deter-a-escalada-autoritaria-e-para-libertar-lula\/#article\",\"isPartOf\":{\"@id\":\"https:\/\/psol50.org.br\/juliano-medeiros-uma-frente-para-deter-a-escalada-autoritaria-e-para-libertar-lula\/\"},\"author\":{\"name\":\"Comunica\u00e7\u00e3o PSOL\",\"@id\":\"https:\/\/psol50.org.br\/#\/schema\/person\/475dfa57d0b815993c714c2e96491fcd\"},\"headline\":\"Juliano Medeiros | Uma frente para deter a escalada autorit\u00e1ria e para libertar Lula\",\"datePublished\":\"2018-04-09T18:36:02+00:00\",\"mainEntityOfPage\":{\"@id\":\"https:\/\/psol50.org.br\/juliano-medeiros-uma-frente-para-deter-a-escalada-autoritaria-e-para-libertar-lula\/\"},\"wordCount\":1093,\"commentCount\":0,\"publisher\":{\"@id\":\"https:\/\/psol50.org.br\/#organization\"},\"image\":{\"@id\":\"https:\/\/psol50.org.br\/juliano-medeiros-uma-frente-para-deter-a-escalada-autoritaria-e-para-libertar-lula\/#primaryimage\"},\"thumbnailUrl\":\"https:\/\/psol50.org.br\/inc\/uploads\/2018\/04\/Lula.Ato_.FranciscoProner.Farpa_.jpg\",\"keywords\":[\"Elei\u00e7\u00f5es 2018\",\"Frente\",\"Juliano Medeiros\",\"Lula\"],\"articleSection\":[\"Artigos\"],\"inLanguage\":\"pt-BR\",\"potentialAction\":[{\"@type\":\"CommentAction\",\"name\":\"Comment\",\"target\":[\"https:\/\/psol50.org.br\/juliano-medeiros-uma-frente-para-deter-a-escalada-autoritaria-e-para-libertar-lula\/#respond\"]}]},{\"@type\":\"WebPage\",\"@id\":\"https:\/\/psol50.org.br\/juliano-medeiros-uma-frente-para-deter-a-escalada-autoritaria-e-para-libertar-lula\/\",\"url\":\"https:\/\/psol50.org.br\/juliano-medeiros-uma-frente-para-deter-a-escalada-autoritaria-e-para-libertar-lula\/\",\"name\":\"Juliano Medeiros | Uma frente para deter a escalada autorit\u00e1ria e para libertar Lula - PSOL 50\",\"isPartOf\":{\"@id\":\"https:\/\/psol50.org.br\/#website\"},\"primaryImageOfPage\":{\"@id\":\"https:\/\/psol50.org.br\/juliano-medeiros-uma-frente-para-deter-a-escalada-autoritaria-e-para-libertar-lula\/#primaryimage\"},\"image\":{\"@id\":\"https:\/\/psol50.org.br\/juliano-medeiros-uma-frente-para-deter-a-escalada-autoritaria-e-para-libertar-lula\/#primaryimage\"},\"thumbnailUrl\":\"https:\/\/psol50.org.br\/inc\/uploads\/2018\/04\/Lula.Ato_.FranciscoProner.Farpa_.jpg\",\"datePublished\":\"2018-04-09T18:36:02+00:00\",\"breadcrumb\":{\"@id\":\"https:\/\/psol50.org.br\/juliano-medeiros-uma-frente-para-deter-a-escalada-autoritaria-e-para-libertar-lula\/#breadcrumb\"},\"inLanguage\":\"pt-BR\",\"potentialAction\":[{\"@type\":\"ReadAction\",\"target\":[\"https:\/\/psol50.org.br\/juliano-medeiros-uma-frente-para-deter-a-escalada-autoritaria-e-para-libertar-lula\/\"]}]},{\"@type\":\"ImageObject\",\"inLanguage\":\"pt-BR\",\"@id\":\"https:\/\/psol50.org.br\/juliano-medeiros-uma-frente-para-deter-a-escalada-autoritaria-e-para-libertar-lula\/#primaryimage\",\"url\":\"https:\/\/psol50.org.br\/inc\/uploads\/2018\/04\/Lula.Ato_.FranciscoProner.Farpa_.jpg\",\"contentUrl\":\"https:\/\/psol50.org.br\/inc\/uploads\/2018\/04\/Lula.Ato_.FranciscoProner.Farpa_.jpg\",\"width\":1350,\"height\":900},{\"@type\":\"BreadcrumbList\",\"@id\":\"https:\/\/psol50.org.br\/juliano-medeiros-uma-frente-para-deter-a-escalada-autoritaria-e-para-libertar-lula\/#breadcrumb\",\"itemListElement\":[{\"@type\":\"ListItem\",\"position\":1,\"name\":\"In\u00edcio\",\"item\":\"https:\/\/psol50.org.br\/\"},{\"@type\":\"ListItem\",\"position\":2,\"name\":\"Juliano Medeiros | Uma frente para deter a escalada autorit\u00e1ria e para libertar Lula\"}]},{\"@type\":\"WebSite\",\"@id\":\"https:\/\/psol50.org.br\/#website\",\"url\":\"https:\/\/psol50.org.br\/\",\"name\":\"PSOL 50\",\"description\":\"Site oficial do Partido Socialismo e Liberdade\",\"publisher\":{\"@id\":\"https:\/\/psol50.org.br\/#organization\"},\"alternateName\":\"PSOL50\",\"potentialAction\":[{\"@type\":\"SearchAction\",\"target\":{\"@type\":\"EntryPoint\",\"urlTemplate\":\"https:\/\/psol50.org.br\/?s={search_term_string}\"},\"query-input\":{\"@type\":\"PropertyValueSpecification\",\"valueRequired\":true,\"valueName\":\"search_term_string\"}}],\"inLanguage\":\"pt-BR\"},{\"@type\":\"Organization\",\"@id\":\"https:\/\/psol50.org.br\/#organization\",\"name\":\"PSOL 50\",\"alternateName\":\"PSOL 50\",\"url\":\"https:\/\/psol50.org.br\/\",\"logo\":{\"@type\":\"ImageObject\",\"inLanguage\":\"pt-BR\",\"@id\":\"https:\/\/psol50.org.br\/#\/schema\/logo\/image\/\",\"url\":\"https:\/\/psol50.org.br\/inc\/uploads\/2018\/07\/capa.png\",\"contentUrl\":\"https:\/\/psol50.org.br\/inc\/uploads\/2018\/07\/capa.png\",\"width\":1350,\"height\":900,\"caption\":\"PSOL 50\"},\"image\":{\"@id\":\"https:\/\/psol50.org.br\/#\/schema\/logo\/image\/\"},\"sameAs\":[\"https:\/\/www.facebook.com\/psol50\",\"https:\/\/x.com\/psol50\",\"https:\/\/www.instagram.com\/psol50\/\",\"https:\/\/www.youtube.com\/channel\/UC7SnJS5o1os7a6CaiNabzcg\"]},{\"@type\":\"Person\",\"@id\":\"https:\/\/psol50.org.br\/#\/schema\/person\/475dfa57d0b815993c714c2e96491fcd\",\"name\":\"Comunica\u00e7\u00e3o PSOL\",\"image\":{\"@type\":\"ImageObject\",\"inLanguage\":\"pt-BR\",\"@id\":\"https:\/\/psol50.org.br\/#\/schema\/person\/image\/\",\"url\":\"https:\/\/secure.gravatar.com\/avatar\/b34fc4f4e468a4e51785917065a3db57b841f5c95dba6ad8c73aaf8f66f8f9bf?s=96&d=mm&r=g\",\"contentUrl\":\"https:\/\/secure.gravatar.com\/avatar\/b34fc4f4e468a4e51785917065a3db57b841f5c95dba6ad8c73aaf8f66f8f9bf?s=96&d=mm&r=g\",\"caption\":\"Comunica\u00e7\u00e3o PSOL\"}}]}<\/script>\n<!-- \/ Yoast SEO plugin. -->","yoast_head_json":{"title":"Juliano Medeiros | Uma frente para deter a escalada autorit\u00e1ria e para libertar Lula - PSOL 50","robots":{"index":"index","follow":"follow","max-snippet":"max-snippet:-1","max-image-preview":"max-image-preview:large","max-video-preview":"max-video-preview:-1"},"canonical":"https:\/\/psol50.org.br\/juliano-medeiros-uma-frente-para-deter-a-escalada-autoritaria-e-para-libertar-lula\/","og_locale":"pt_BR","og_type":"article","og_title":"Juliano Medeiros | Uma frente para deter a escalada autorit\u00e1ria e para libertar Lula - PSOL 50","og_description":"Originalmente publicado na CartaCapital Faltavam poucos minutos para o prazo dado pelo juiz federal S\u00e9rgio Moro para que Lula se entregasse, quando cheguei a uma pequena sala no segundo andar do Sindicato dos Metal\u00fargicos, em S\u00e3o Bernardo do Campo (SP). L\u00e1 estava Lula, tranquilo e bem-humorado, como vinham relatando as pessoas que tinham tido contato [&hellip;]","og_url":"https:\/\/psol50.org.br\/juliano-medeiros-uma-frente-para-deter-a-escalada-autoritaria-e-para-libertar-lula\/","og_site_name":"PSOL 50","article_publisher":"https:\/\/www.facebook.com\/psol50","article_published_time":"2018-04-09T18:36:02+00:00","og_image":[{"width":1350,"height":900,"url":"https:\/\/psol50.org.br\/inc\/uploads\/2018\/04\/Lula.Ato_.FranciscoProner.Farpa_.jpg","type":"image\/jpeg"}],"author":"Comunica\u00e7\u00e3o PSOL","twitter_card":"summary_large_image","twitter_creator":"@psol50","twitter_site":"@psol50","twitter_misc":{"Escrito por":"Comunica\u00e7\u00e3o PSOL","Est. tempo de leitura":"5 minutos"},"schema":{"@context":"https:\/\/schema.org","@graph":[{"@type":"Article","@id":"https:\/\/psol50.org.br\/juliano-medeiros-uma-frente-para-deter-a-escalada-autoritaria-e-para-libertar-lula\/#article","isPartOf":{"@id":"https:\/\/psol50.org.br\/juliano-medeiros-uma-frente-para-deter-a-escalada-autoritaria-e-para-libertar-lula\/"},"author":{"name":"Comunica\u00e7\u00e3o PSOL","@id":"https:\/\/psol50.org.br\/#\/schema\/person\/475dfa57d0b815993c714c2e96491fcd"},"headline":"Juliano Medeiros | Uma frente para deter a escalada autorit\u00e1ria e para libertar Lula","datePublished":"2018-04-09T18:36:02+00:00","mainEntityOfPage":{"@id":"https:\/\/psol50.org.br\/juliano-medeiros-uma-frente-para-deter-a-escalada-autoritaria-e-para-libertar-lula\/"},"wordCount":1093,"commentCount":0,"publisher":{"@id":"https:\/\/psol50.org.br\/#organization"},"image":{"@id":"https:\/\/psol50.org.br\/juliano-medeiros-uma-frente-para-deter-a-escalada-autoritaria-e-para-libertar-lula\/#primaryimage"},"thumbnailUrl":"https:\/\/psol50.org.br\/inc\/uploads\/2018\/04\/Lula.Ato_.FranciscoProner.Farpa_.jpg","keywords":["Elei\u00e7\u00f5es 2018","Frente","Juliano Medeiros","Lula"],"articleSection":["Artigos"],"inLanguage":"pt-BR","potentialAction":[{"@type":"CommentAction","name":"Comment","target":["https:\/\/psol50.org.br\/juliano-medeiros-uma-frente-para-deter-a-escalada-autoritaria-e-para-libertar-lula\/#respond"]}]},{"@type":"WebPage","@id":"https:\/\/psol50.org.br\/juliano-medeiros-uma-frente-para-deter-a-escalada-autoritaria-e-para-libertar-lula\/","url":"https:\/\/psol50.org.br\/juliano-medeiros-uma-frente-para-deter-a-escalada-autoritaria-e-para-libertar-lula\/","name":"Juliano Medeiros | Uma frente para deter a escalada autorit\u00e1ria e para libertar Lula - PSOL 50","isPartOf":{"@id":"https:\/\/psol50.org.br\/#website"},"primaryImageOfPage":{"@id":"https:\/\/psol50.org.br\/juliano-medeiros-uma-frente-para-deter-a-escalada-autoritaria-e-para-libertar-lula\/#primaryimage"},"image":{"@id":"https:\/\/psol50.org.br\/juliano-medeiros-uma-frente-para-deter-a-escalada-autoritaria-e-para-libertar-lula\/#primaryimage"},"thumbnailUrl":"https:\/\/psol50.org.br\/inc\/uploads\/2018\/04\/Lula.Ato_.FranciscoProner.Farpa_.jpg","datePublished":"2018-04-09T18:36:02+00:00","breadcrumb":{"@id":"https:\/\/psol50.org.br\/juliano-medeiros-uma-frente-para-deter-a-escalada-autoritaria-e-para-libertar-lula\/#breadcrumb"},"inLanguage":"pt-BR","potentialAction":[{"@type":"ReadAction","target":["https:\/\/psol50.org.br\/juliano-medeiros-uma-frente-para-deter-a-escalada-autoritaria-e-para-libertar-lula\/"]}]},{"@type":"ImageObject","inLanguage":"pt-BR","@id":"https:\/\/psol50.org.br\/juliano-medeiros-uma-frente-para-deter-a-escalada-autoritaria-e-para-libertar-lula\/#primaryimage","url":"https:\/\/psol50.org.br\/inc\/uploads\/2018\/04\/Lula.Ato_.FranciscoProner.Farpa_.jpg","contentUrl":"https:\/\/psol50.org.br\/inc\/uploads\/2018\/04\/Lula.Ato_.FranciscoProner.Farpa_.jpg","width":1350,"height":900},{"@type":"BreadcrumbList","@id":"https:\/\/psol50.org.br\/juliano-medeiros-uma-frente-para-deter-a-escalada-autoritaria-e-para-libertar-lula\/#breadcrumb","itemListElement":[{"@type":"ListItem","position":1,"name":"In\u00edcio","item":"https:\/\/psol50.org.br\/"},{"@type":"ListItem","position":2,"name":"Juliano Medeiros | Uma frente para deter a escalada autorit\u00e1ria e para libertar Lula"}]},{"@type":"WebSite","@id":"https:\/\/psol50.org.br\/#website","url":"https:\/\/psol50.org.br\/","name":"PSOL 50","description":"Site oficial do Partido Socialismo e Liberdade","publisher":{"@id":"https:\/\/psol50.org.br\/#organization"},"alternateName":"PSOL50","potentialAction":[{"@type":"SearchAction","target":{"@type":"EntryPoint","urlTemplate":"https:\/\/psol50.org.br\/?s={search_term_string}"},"query-input":{"@type":"PropertyValueSpecification","valueRequired":true,"valueName":"search_term_string"}}],"inLanguage":"pt-BR"},{"@type":"Organization","@id":"https:\/\/psol50.org.br\/#organization","name":"PSOL 50","alternateName":"PSOL 50","url":"https:\/\/psol50.org.br\/","logo":{"@type":"ImageObject","inLanguage":"pt-BR","@id":"https:\/\/psol50.org.br\/#\/schema\/logo\/image\/","url":"https:\/\/psol50.org.br\/inc\/uploads\/2018\/07\/capa.png","contentUrl":"https:\/\/psol50.org.br\/inc\/uploads\/2018\/07\/capa.png","width":1350,"height":900,"caption":"PSOL 50"},"image":{"@id":"https:\/\/psol50.org.br\/#\/schema\/logo\/image\/"},"sameAs":["https:\/\/www.facebook.com\/psol50","https:\/\/x.com\/psol50","https:\/\/www.instagram.com\/psol50\/","https:\/\/www.youtube.com\/channel\/UC7SnJS5o1os7a6CaiNabzcg"]},{"@type":"Person","@id":"https:\/\/psol50.org.br\/#\/schema\/person\/475dfa57d0b815993c714c2e96491fcd","name":"Comunica\u00e7\u00e3o PSOL","image":{"@type":"ImageObject","inLanguage":"pt-BR","@id":"https:\/\/psol50.org.br\/#\/schema\/person\/image\/","url":"https:\/\/secure.gravatar.com\/avatar\/b34fc4f4e468a4e51785917065a3db57b841f5c95dba6ad8c73aaf8f66f8f9bf?s=96&d=mm&r=g","contentUrl":"https:\/\/secure.gravatar.com\/avatar\/b34fc4f4e468a4e51785917065a3db57b841f5c95dba6ad8c73aaf8f66f8f9bf?s=96&d=mm&r=g","caption":"Comunica\u00e7\u00e3o PSOL"}}]}},"_links":{"self":[{"href":"https:\/\/psol50.org.br\/rest\/wp\/v2\/posts\/20464","targetHints":{"allow":["GET"]}}],"collection":[{"href":"https:\/\/psol50.org.br\/rest\/wp\/v2\/posts"}],"about":[{"href":"https:\/\/psol50.org.br\/rest\/wp\/v2\/types\/post"}],"author":[{"embeddable":true,"href":"https:\/\/psol50.org.br\/rest\/wp\/v2\/users\/2"}],"replies":[{"embeddable":true,"href":"https:\/\/psol50.org.br\/rest\/wp\/v2\/comments?post=20464"}],"version-history":[{"count":0,"href":"https:\/\/psol50.org.br\/rest\/wp\/v2\/posts\/20464\/revisions"}],"wp:featuredmedia":[{"embeddable":true,"href":"https:\/\/psol50.org.br\/rest\/wp\/v2\/media\/20465"}],"wp:attachment":[{"href":"https:\/\/psol50.org.br\/rest\/wp\/v2\/media?parent=20464"}],"wp:term":[{"taxonomy":"category","embeddable":true,"href":"https:\/\/psol50.org.br\/rest\/wp\/v2\/categories?post=20464"},{"taxonomy":"post_tag","embeddable":true,"href":"https:\/\/psol50.org.br\/rest\/wp\/v2\/tags?post=20464"}],"curies":[{"name":"wp","href":"https:\/\/api.w.org\/{rel}","templated":true}]}}