{"id":20469,"date":"2018-04-10T14:59:45","date_gmt":"2018-04-10T17:59:45","guid":{"rendered":"http:\/\/www.psol50.org.br\/?p=20469"},"modified":"2018-04-10T14:59:45","modified_gmt":"2018-04-10T17:59:45","slug":"deter-a-escalada-autoritaria-e-construir-a-frente-democratica","status":"publish","type":"post","link":"https:\/\/psol50.org.br\/deter-a-escalada-autoritaria-e-construir-a-frente-democratica\/","title":{"rendered":"Deter a escalada autorit\u00e1ria e construir a frente democr\u00e1tica"},"content":{"rendered":"<p>Durante reuni\u00e3o realizada no \u00faltimo domingo (08), a Executiva Nacional do PSOL aprovou uma resolu\u00e7\u00e3o pol\u00edtica em que refor\u00e7a o compromisso do partido de seguir no enfrentamento contra o avan\u00e7o das for\u00e7as autorit\u00e1rias, cobra a elucida\u00e7\u00e3o do assassinato brutal da vereadora Marielle Franco e do motorista Anderson Gomes e reafirma a posi\u00e7\u00e3o contr\u00e1ria \u00e0 pris\u00e3o do ex-presidente Lula.<\/p>\n<p>Para derrotar a escalada conservadora e a criminaliza\u00e7\u00e3o dos movimentos sociais e garantir o aprofundamento da democracia, o PSOL, no documento, chama os demais partidos de esquerda e os diversos movimentos sociais a se empenharem na constru\u00e7\u00e3o da frente democr\u00e1tica.\u00a0 Al\u00e9m disso, destaca a urg\u00eancia de colocar na rua\u00a0a campanha da pr\u00e9-candidatura de Guilherme Boulos e S\u00f4nia Guajajara, consolidando a alian\u00e7a pol\u00edtica do PSOL com os movimentos sociais e com o PCB.<\/p>\n<p><a href=\"http:\/\/www.psol50.org.br\/inc\/uploads\/2018\/04\/Resolu\u00e7\u00e3o-pol\u00edtica-do-PSOL.pdf\" target=\"_blank\" rel=\"noopener\"><strong><span style=\"color: #3366ff;\">Clique aqui para ler o texto completo da resolu\u00e7\u00e3o<\/span><\/strong><\/a><\/p>\n<p>A reuni\u00e3o de Executiva aconteceu um dia ap\u00f3s a pris\u00e3o de Lula, decretada pelo juiz S\u00e9rgio Moro. Dirigentes nacionais do partido, entre os quais o presidente Juliano Medeiros, os deputados Ivan Valente (SP) e Glauber Braga (RJ) e a deputada Luiza Erundina, al\u00e9m do pr\u00e9-candidato Guilherme Boulos, estiveram em S\u00e3o Bernardo do Campo na quinta, sexta e no s\u00e1bado prestando solidariedade a Lula e denunciando o que est\u00e1 por tr\u00e1s de sua pris\u00e3o.<\/p>\n<p>&#8220;A pris\u00e3o de Lula no \u00faltimo dia 7 de abril, precedida da estapaf\u00fardia decis\u00e3o do STF de negar-lhe o Habeas Corpus, sinalizou um agravamento sem precedentes da crise institucional. Podemos dizer que a etapa pol\u00edtica fundamental do golpe foi consolidada e encerra o pacto da Nova Rep\u00fablica, abrindo um per\u00edodo hist\u00f3rico de intensa disputa e polariza\u00e7\u00e3o pelos rumos do pa\u00eds. N\u00e3o custa lembrar que, embora os acontecimentos da \u00faltima semana sucederam-se abruptamente, nas v\u00e9speras do julgamento do habeas corpus, as declara\u00e7\u00f5es do general Villas B\u00f4as, chantageando com a possibilidade de interven\u00e7\u00e3o militar (declara\u00e7\u00f5es referendadas pela c\u00fapula do Ex\u00e9rcito), contribu\u00edram para a estapaf\u00fardia decis\u00e3o da acovardada maioria do STF em recha\u00e7ar o habeas corpus, ap\u00f3s uma condena\u00e7\u00e3o sem provas&#8221;, avalia o partido, destacando o seu entendimento de que trata-se de uma pris\u00e3o de cunho pol\u00edtico e autorit\u00e1rio.<\/p>\n<p>Em rela\u00e7\u00e3o \u00e0 frente democr\u00e1tica, o PSOL destaca que n\u00e3o se trata de uma alian\u00e7a eleitoral, mas sim uma articula\u00e7\u00e3o para derrotar a extrema-direita. &#8220;N\u00e3o se trata de uma frente eleitoral, nem nos interessa uma frente marcada por atos de campanha com esse car\u00e1ter. Trata-se de uma frente pol\u00edtica e democr\u00e1tica para construir um amplo movimento de massas com o objetivo de derrotar a extrema-direita e suas a\u00e7\u00f5es e garantir a democracia. Constituir esta frente \u00fanica n\u00e3o \u00e9 op\u00e7\u00e3o: \u00e9 uma necessidade, pois n\u00e3o se brinca com os m\u00e9todos fascistas, n\u00e3o se negocia com a extrema-direita e suas manifesta\u00e7\u00f5es autorit\u00e1rias de toda ordem&#8221;, explica a Executiva, reafirmando, ainda, que &#8220;a constitui\u00e7\u00e3o desta frente n\u00e3o esconde e nem elimina as diferen\u00e7as entre seus componentes&#8221;.<\/p>\n<p>Como tarefa imediata do PSOL para os pr\u00f3ximos dias, a resolu\u00e7\u00e3o destaca:<\/p>\n<p>&#8220;a) Dar todo o peso poss\u00edvel nos atos do dia 14 de abril, quando se completa um m\u00eas da execu\u00e7\u00e3o da companheira Marielle Franco, com o esp\u00edrito da mais ampla unidade de a\u00e7\u00e3o e do acolhimento a todas as bandeiras democr\u00e1ticas de todos os setores que queiram atuar unificadamente na luta Marielle Vive;<\/p>\n<p>b) Somar-se a todos os esfor\u00e7os e a\u00e7\u00f5es unit\u00e1rias pela defesa da liberta\u00e7\u00e3o de Lula: Lula Livre \u00e9 tamb\u00e9m uma das bandeiras do PSOL nessa conjuntura;<\/p>\n<p>c) Lan\u00e7ar uma frente democr\u00e1tica entre partidos, movimentos sociais e sociedade civil pela democracia, elei\u00e7\u00f5es livres contra a viol\u00eancia e a intoler\u00e2ncia, contra a extrema direita, em defesa da soberania nacional e dos direitos sociais;<\/p>\n<p>d) Colocar a campanha Boulos-S\u00f4nia na rua, consolidando a nossa alian\u00e7a pol\u00edtica com os movimentos sociais e o PCB, na luta em defesa da democracia e na constru\u00e7\u00e3o de um programa para o Brasil que seja antisist\u00eamico, anti-conservador, radical e popular&#8221;.<\/p>\n","protected":false},"excerpt":{"rendered":"<p>Durante reuni\u00e3o realizada no \u00faltimo domingo (08), a Executiva Nacional do PSOL aprovou uma resolu\u00e7\u00e3o pol\u00edtica em que refor\u00e7a o compromisso do partido de seguir no enfrentamento contra o avan\u00e7o das for\u00e7as autorit\u00e1rias, cobra a elucida\u00e7\u00e3o do assassinato brutal da vereadora Marielle Franco e do motorista Anderson Gomes e reafirma a posi\u00e7\u00e3o contr\u00e1ria \u00e0 pris\u00e3o [&hellip;]<\/p>\n","protected":false},"author":2,"featured_media":20471,"comment_status":"open","ping_status":"open","sticky":false,"template":"","format":"standard","meta":{"_acf_changed":false,"footnotes":""},"categories":[1882,6,14,72],"tags":[1304,2410,1833,87,242,773,1254,977,259,1763,194,99,537,245,1050,1170],"class_list":{"0":"post-20469","1":"post","2":"type-post","3":"status-publish","4":"format-standard","5":"has-post-thumbnail","7":"category-brasil","8":"category-noticias","9":"category-partido","10":"category-resolucoes","11":"tag-anderson-gomes","12":"tag-avanco-conservador","13":"tag-conjuntura","14":"tag-democracia","15":"tag-executiva-nacional-do-psol","16":"tag-extrema-direita","17":"tag-frente-democratica","18":"tag-guilherme-boulos","19":"tag-juliano-medeiros","20":"tag-lula","21":"tag-marielle-franco","22":"tag-movimentos-sociais","23":"tag-prisao","24":"tag-resolucao-politica","25":"tag-sergio-moro","26":"tag-sonia-guajajara"},"acf":[],"yoast_head":"<!-- This site is optimized with the Yoast SEO plugin v26.5 - https:\/\/yoast.com\/wordpress\/plugins\/seo\/ -->\n<title>Deter a escalada autorit\u00e1ria e construir a frente democr\u00e1tica - PSOL 50<\/title>\n<meta name=\"robots\" content=\"index, follow, max-snippet:-1, max-image-preview:large, max-video-preview:-1\" \/>\n<link rel=\"canonical\" href=\"https:\/\/psol50.org.br\/deter-a-escalada-autoritaria-e-construir-a-frente-democratica\/\" \/>\n<meta property=\"og:locale\" content=\"pt_BR\" \/>\n<meta property=\"og:type\" content=\"article\" \/>\n<meta property=\"og:title\" content=\"Deter a escalada autorit\u00e1ria e construir a frente democr\u00e1tica - PSOL 50\" \/>\n<meta property=\"og:description\" content=\"Durante reuni\u00e3o realizada no \u00faltimo domingo (08), a Executiva Nacional do PSOL aprovou uma resolu\u00e7\u00e3o pol\u00edtica em que refor\u00e7a o compromisso do partido de seguir no enfrentamento contra o avan\u00e7o das for\u00e7as autorit\u00e1rias, cobra a elucida\u00e7\u00e3o do assassinato brutal da vereadora Marielle Franco e do motorista Anderson Gomes e reafirma a posi\u00e7\u00e3o contr\u00e1ria \u00e0 pris\u00e3o [&hellip;]\" \/>\n<meta property=\"og:url\" content=\"https:\/\/psol50.org.br\/deter-a-escalada-autoritaria-e-construir-a-frente-democratica\/\" \/>\n<meta property=\"og:site_name\" content=\"PSOL 50\" \/>\n<meta property=\"article:publisher\" content=\"https:\/\/www.facebook.com\/psol50\" \/>\n<meta property=\"article:published_time\" content=\"2018-04-10T17:59:45+00:00\" \/>\n<meta property=\"og:image\" content=\"https:\/\/psol50.org.br\/inc\/uploads\/2018\/04\/2018-04-10-14.57.27.jpg\" \/>\n\t<meta property=\"og:image:width\" content=\"1280\" \/>\n\t<meta property=\"og:image:height\" content=\"853\" \/>\n\t<meta property=\"og:image:type\" content=\"image\/jpeg\" \/>\n<meta name=\"author\" content=\"Comunica\u00e7\u00e3o PSOL\" \/>\n<meta name=\"twitter:card\" content=\"summary_large_image\" \/>\n<meta name=\"twitter:creator\" content=\"@psol50\" \/>\n<meta name=\"twitter:site\" content=\"@psol50\" \/>\n<meta name=\"twitter:label1\" content=\"Escrito por\" \/>\n\t<meta name=\"twitter:data1\" content=\"Comunica\u00e7\u00e3o PSOL\" \/>\n\t<meta name=\"twitter:label2\" content=\"Est. tempo de leitura\" \/>\n\t<meta name=\"twitter:data2\" content=\"4 minutos\" \/>\n<script type=\"application\/ld+json\" class=\"yoast-schema-graph\">{\"@context\":\"https:\/\/schema.org\",\"@graph\":[{\"@type\":\"Article\",\"@id\":\"https:\/\/psol50.org.br\/deter-a-escalada-autoritaria-e-construir-a-frente-democratica\/#article\",\"isPartOf\":{\"@id\":\"https:\/\/psol50.org.br\/deter-a-escalada-autoritaria-e-construir-a-frente-democratica\/\"},\"author\":{\"name\":\"Comunica\u00e7\u00e3o PSOL\",\"@id\":\"https:\/\/psol50.org.br\/#\/schema\/person\/475dfa57d0b815993c714c2e96491fcd\"},\"headline\":\"Deter a escalada autorit\u00e1ria e construir a frente democr\u00e1tica\",\"datePublished\":\"2018-04-10T17:59:45+00:00\",\"mainEntityOfPage\":{\"@id\":\"https:\/\/psol50.org.br\/deter-a-escalada-autoritaria-e-construir-a-frente-democratica\/\"},\"wordCount\":742,\"commentCount\":0,\"publisher\":{\"@id\":\"https:\/\/psol50.org.br\/#organization\"},\"image\":{\"@id\":\"https:\/\/psol50.org.br\/deter-a-escalada-autoritaria-e-construir-a-frente-democratica\/#primaryimage\"},\"thumbnailUrl\":\"https:\/\/psol50.org.br\/inc\/uploads\/2018\/04\/2018-04-10-14.57.27.jpg\",\"keywords\":[\"Anderson Gomes\",\"avan\u00e7o conservador\",\"conjuntura\",\"democracia\",\"Executiva Nacional do PSOL\",\"extrema-direita\",\"frente democr\u00e1tica\",\"Guilherme Boulos\",\"Juliano Medeiros\",\"Lula\",\"Marielle Franco\",\"movimentos sociais\",\"pris\u00e3o\",\"resolu\u00e7\u00e3o pol\u00edtica\",\"S\u00e9rgio Moro\",\"S\u00f4nia Guajajara\"],\"articleSection\":[\"Brasil\",\"Not\u00edcias\",\"Partido\",\"Resolu\u00e7\u00f5es\"],\"inLanguage\":\"pt-BR\",\"potentialAction\":[{\"@type\":\"CommentAction\",\"name\":\"Comment\",\"target\":[\"https:\/\/psol50.org.br\/deter-a-escalada-autoritaria-e-construir-a-frente-democratica\/#respond\"]}]},{\"@type\":\"WebPage\",\"@id\":\"https:\/\/psol50.org.br\/deter-a-escalada-autoritaria-e-construir-a-frente-democratica\/\",\"url\":\"https:\/\/psol50.org.br\/deter-a-escalada-autoritaria-e-construir-a-frente-democratica\/\",\"name\":\"Deter a escalada autorit\u00e1ria e construir a frente democr\u00e1tica - PSOL 50\",\"isPartOf\":{\"@id\":\"https:\/\/psol50.org.br\/#website\"},\"primaryImageOfPage\":{\"@id\":\"https:\/\/psol50.org.br\/deter-a-escalada-autoritaria-e-construir-a-frente-democratica\/#primaryimage\"},\"image\":{\"@id\":\"https:\/\/psol50.org.br\/deter-a-escalada-autoritaria-e-construir-a-frente-democratica\/#primaryimage\"},\"thumbnailUrl\":\"https:\/\/psol50.org.br\/inc\/uploads\/2018\/04\/2018-04-10-14.57.27.jpg\",\"datePublished\":\"2018-04-10T17:59:45+00:00\",\"breadcrumb\":{\"@id\":\"https:\/\/psol50.org.br\/deter-a-escalada-autoritaria-e-construir-a-frente-democratica\/#breadcrumb\"},\"inLanguage\":\"pt-BR\",\"potentialAction\":[{\"@type\":\"ReadAction\",\"target\":[\"https:\/\/psol50.org.br\/deter-a-escalada-autoritaria-e-construir-a-frente-democratica\/\"]}]},{\"@type\":\"ImageObject\",\"inLanguage\":\"pt-BR\",\"@id\":\"https:\/\/psol50.org.br\/deter-a-escalada-autoritaria-e-construir-a-frente-democratica\/#primaryimage\",\"url\":\"https:\/\/psol50.org.br\/inc\/uploads\/2018\/04\/2018-04-10-14.57.27.jpg\",\"contentUrl\":\"https:\/\/psol50.org.br\/inc\/uploads\/2018\/04\/2018-04-10-14.57.27.jpg\",\"width\":1280,\"height\":853},{\"@type\":\"BreadcrumbList\",\"@id\":\"https:\/\/psol50.org.br\/deter-a-escalada-autoritaria-e-construir-a-frente-democratica\/#breadcrumb\",\"itemListElement\":[{\"@type\":\"ListItem\",\"position\":1,\"name\":\"In\u00edcio\",\"item\":\"https:\/\/psol50.org.br\/\"},{\"@type\":\"ListItem\",\"position\":2,\"name\":\"Deter a escalada autorit\u00e1ria e construir a frente democr\u00e1tica\"}]},{\"@type\":\"WebSite\",\"@id\":\"https:\/\/psol50.org.br\/#website\",\"url\":\"https:\/\/psol50.org.br\/\",\"name\":\"PSOL 50\",\"description\":\"Site oficial do Partido Socialismo e Liberdade\",\"publisher\":{\"@id\":\"https:\/\/psol50.org.br\/#organization\"},\"alternateName\":\"PSOL50\",\"potentialAction\":[{\"@type\":\"SearchAction\",\"target\":{\"@type\":\"EntryPoint\",\"urlTemplate\":\"https:\/\/psol50.org.br\/?s={search_term_string}\"},\"query-input\":{\"@type\":\"PropertyValueSpecification\",\"valueRequired\":true,\"valueName\":\"search_term_string\"}}],\"inLanguage\":\"pt-BR\"},{\"@type\":\"Organization\",\"@id\":\"https:\/\/psol50.org.br\/#organization\",\"name\":\"PSOL 50\",\"alternateName\":\"PSOL 50\",\"url\":\"https:\/\/psol50.org.br\/\",\"logo\":{\"@type\":\"ImageObject\",\"inLanguage\":\"pt-BR\",\"@id\":\"https:\/\/psol50.org.br\/#\/schema\/logo\/image\/\",\"url\":\"https:\/\/psol50.org.br\/inc\/uploads\/2018\/07\/capa.png\",\"contentUrl\":\"https:\/\/psol50.org.br\/inc\/uploads\/2018\/07\/capa.png\",\"width\":1350,\"height\":900,\"caption\":\"PSOL 50\"},\"image\":{\"@id\":\"https:\/\/psol50.org.br\/#\/schema\/logo\/image\/\"},\"sameAs\":[\"https:\/\/www.facebook.com\/psol50\",\"https:\/\/x.com\/psol50\",\"https:\/\/www.instagram.com\/psol50\/\",\"https:\/\/www.youtube.com\/channel\/UC7SnJS5o1os7a6CaiNabzcg\"]},{\"@type\":\"Person\",\"@id\":\"https:\/\/psol50.org.br\/#\/schema\/person\/475dfa57d0b815993c714c2e96491fcd\",\"name\":\"Comunica\u00e7\u00e3o PSOL\",\"image\":{\"@type\":\"ImageObject\",\"inLanguage\":\"pt-BR\",\"@id\":\"https:\/\/psol50.org.br\/#\/schema\/person\/image\/\",\"url\":\"https:\/\/secure.gravatar.com\/avatar\/b34fc4f4e468a4e51785917065a3db57b841f5c95dba6ad8c73aaf8f66f8f9bf?s=96&d=mm&r=g\",\"contentUrl\":\"https:\/\/secure.gravatar.com\/avatar\/b34fc4f4e468a4e51785917065a3db57b841f5c95dba6ad8c73aaf8f66f8f9bf?s=96&d=mm&r=g\",\"caption\":\"Comunica\u00e7\u00e3o PSOL\"}}]}<\/script>\n<!-- \/ Yoast SEO plugin. -->","yoast_head_json":{"title":"Deter a escalada autorit\u00e1ria e construir a frente democr\u00e1tica - PSOL 50","robots":{"index":"index","follow":"follow","max-snippet":"max-snippet:-1","max-image-preview":"max-image-preview:large","max-video-preview":"max-video-preview:-1"},"canonical":"https:\/\/psol50.org.br\/deter-a-escalada-autoritaria-e-construir-a-frente-democratica\/","og_locale":"pt_BR","og_type":"article","og_title":"Deter a escalada autorit\u00e1ria e construir a frente democr\u00e1tica - PSOL 50","og_description":"Durante reuni\u00e3o realizada no \u00faltimo domingo (08), a Executiva Nacional do PSOL aprovou uma resolu\u00e7\u00e3o pol\u00edtica em que refor\u00e7a o compromisso do partido de seguir no enfrentamento contra o avan\u00e7o das for\u00e7as autorit\u00e1rias, cobra a elucida\u00e7\u00e3o do assassinato brutal da vereadora Marielle Franco e do motorista Anderson Gomes e reafirma a posi\u00e7\u00e3o contr\u00e1ria \u00e0 pris\u00e3o [&hellip;]","og_url":"https:\/\/psol50.org.br\/deter-a-escalada-autoritaria-e-construir-a-frente-democratica\/","og_site_name":"PSOL 50","article_publisher":"https:\/\/www.facebook.com\/psol50","article_published_time":"2018-04-10T17:59:45+00:00","og_image":[{"width":1280,"height":853,"url":"https:\/\/psol50.org.br\/inc\/uploads\/2018\/04\/2018-04-10-14.57.27.jpg","type":"image\/jpeg"}],"author":"Comunica\u00e7\u00e3o PSOL","twitter_card":"summary_large_image","twitter_creator":"@psol50","twitter_site":"@psol50","twitter_misc":{"Escrito por":"Comunica\u00e7\u00e3o PSOL","Est. tempo de leitura":"4 minutos"},"schema":{"@context":"https:\/\/schema.org","@graph":[{"@type":"Article","@id":"https:\/\/psol50.org.br\/deter-a-escalada-autoritaria-e-construir-a-frente-democratica\/#article","isPartOf":{"@id":"https:\/\/psol50.org.br\/deter-a-escalada-autoritaria-e-construir-a-frente-democratica\/"},"author":{"name":"Comunica\u00e7\u00e3o PSOL","@id":"https:\/\/psol50.org.br\/#\/schema\/person\/475dfa57d0b815993c714c2e96491fcd"},"headline":"Deter a escalada autorit\u00e1ria e construir a frente democr\u00e1tica","datePublished":"2018-04-10T17:59:45+00:00","mainEntityOfPage":{"@id":"https:\/\/psol50.org.br\/deter-a-escalada-autoritaria-e-construir-a-frente-democratica\/"},"wordCount":742,"commentCount":0,"publisher":{"@id":"https:\/\/psol50.org.br\/#organization"},"image":{"@id":"https:\/\/psol50.org.br\/deter-a-escalada-autoritaria-e-construir-a-frente-democratica\/#primaryimage"},"thumbnailUrl":"https:\/\/psol50.org.br\/inc\/uploads\/2018\/04\/2018-04-10-14.57.27.jpg","keywords":["Anderson Gomes","avan\u00e7o conservador","conjuntura","democracia","Executiva Nacional do PSOL","extrema-direita","frente democr\u00e1tica","Guilherme Boulos","Juliano Medeiros","Lula","Marielle Franco","movimentos sociais","pris\u00e3o","resolu\u00e7\u00e3o pol\u00edtica","S\u00e9rgio Moro","S\u00f4nia Guajajara"],"articleSection":["Brasil","Not\u00edcias","Partido","Resolu\u00e7\u00f5es"],"inLanguage":"pt-BR","potentialAction":[{"@type":"CommentAction","name":"Comment","target":["https:\/\/psol50.org.br\/deter-a-escalada-autoritaria-e-construir-a-frente-democratica\/#respond"]}]},{"@type":"WebPage","@id":"https:\/\/psol50.org.br\/deter-a-escalada-autoritaria-e-construir-a-frente-democratica\/","url":"https:\/\/psol50.org.br\/deter-a-escalada-autoritaria-e-construir-a-frente-democratica\/","name":"Deter a escalada autorit\u00e1ria e construir a frente democr\u00e1tica - PSOL 50","isPartOf":{"@id":"https:\/\/psol50.org.br\/#website"},"primaryImageOfPage":{"@id":"https:\/\/psol50.org.br\/deter-a-escalada-autoritaria-e-construir-a-frente-democratica\/#primaryimage"},"image":{"@id":"https:\/\/psol50.org.br\/deter-a-escalada-autoritaria-e-construir-a-frente-democratica\/#primaryimage"},"thumbnailUrl":"https:\/\/psol50.org.br\/inc\/uploads\/2018\/04\/2018-04-10-14.57.27.jpg","datePublished":"2018-04-10T17:59:45+00:00","breadcrumb":{"@id":"https:\/\/psol50.org.br\/deter-a-escalada-autoritaria-e-construir-a-frente-democratica\/#breadcrumb"},"inLanguage":"pt-BR","potentialAction":[{"@type":"ReadAction","target":["https:\/\/psol50.org.br\/deter-a-escalada-autoritaria-e-construir-a-frente-democratica\/"]}]},{"@type":"ImageObject","inLanguage":"pt-BR","@id":"https:\/\/psol50.org.br\/deter-a-escalada-autoritaria-e-construir-a-frente-democratica\/#primaryimage","url":"https:\/\/psol50.org.br\/inc\/uploads\/2018\/04\/2018-04-10-14.57.27.jpg","contentUrl":"https:\/\/psol50.org.br\/inc\/uploads\/2018\/04\/2018-04-10-14.57.27.jpg","width":1280,"height":853},{"@type":"BreadcrumbList","@id":"https:\/\/psol50.org.br\/deter-a-escalada-autoritaria-e-construir-a-frente-democratica\/#breadcrumb","itemListElement":[{"@type":"ListItem","position":1,"name":"In\u00edcio","item":"https:\/\/psol50.org.br\/"},{"@type":"ListItem","position":2,"name":"Deter a escalada autorit\u00e1ria e construir a frente democr\u00e1tica"}]},{"@type":"WebSite","@id":"https:\/\/psol50.org.br\/#website","url":"https:\/\/psol50.org.br\/","name":"PSOL 50","description":"Site oficial do Partido Socialismo e Liberdade","publisher":{"@id":"https:\/\/psol50.org.br\/#organization"},"alternateName":"PSOL50","potentialAction":[{"@type":"SearchAction","target":{"@type":"EntryPoint","urlTemplate":"https:\/\/psol50.org.br\/?s={search_term_string}"},"query-input":{"@type":"PropertyValueSpecification","valueRequired":true,"valueName":"search_term_string"}}],"inLanguage":"pt-BR"},{"@type":"Organization","@id":"https:\/\/psol50.org.br\/#organization","name":"PSOL 50","alternateName":"PSOL 50","url":"https:\/\/psol50.org.br\/","logo":{"@type":"ImageObject","inLanguage":"pt-BR","@id":"https:\/\/psol50.org.br\/#\/schema\/logo\/image\/","url":"https:\/\/psol50.org.br\/inc\/uploads\/2018\/07\/capa.png","contentUrl":"https:\/\/psol50.org.br\/inc\/uploads\/2018\/07\/capa.png","width":1350,"height":900,"caption":"PSOL 50"},"image":{"@id":"https:\/\/psol50.org.br\/#\/schema\/logo\/image\/"},"sameAs":["https:\/\/www.facebook.com\/psol50","https:\/\/x.com\/psol50","https:\/\/www.instagram.com\/psol50\/","https:\/\/www.youtube.com\/channel\/UC7SnJS5o1os7a6CaiNabzcg"]},{"@type":"Person","@id":"https:\/\/psol50.org.br\/#\/schema\/person\/475dfa57d0b815993c714c2e96491fcd","name":"Comunica\u00e7\u00e3o PSOL","image":{"@type":"ImageObject","inLanguage":"pt-BR","@id":"https:\/\/psol50.org.br\/#\/schema\/person\/image\/","url":"https:\/\/secure.gravatar.com\/avatar\/b34fc4f4e468a4e51785917065a3db57b841f5c95dba6ad8c73aaf8f66f8f9bf?s=96&d=mm&r=g","contentUrl":"https:\/\/secure.gravatar.com\/avatar\/b34fc4f4e468a4e51785917065a3db57b841f5c95dba6ad8c73aaf8f66f8f9bf?s=96&d=mm&r=g","caption":"Comunica\u00e7\u00e3o PSOL"}}]}},"_links":{"self":[{"href":"https:\/\/psol50.org.br\/rest\/wp\/v2\/posts\/20469","targetHints":{"allow":["GET"]}}],"collection":[{"href":"https:\/\/psol50.org.br\/rest\/wp\/v2\/posts"}],"about":[{"href":"https:\/\/psol50.org.br\/rest\/wp\/v2\/types\/post"}],"author":[{"embeddable":true,"href":"https:\/\/psol50.org.br\/rest\/wp\/v2\/users\/2"}],"replies":[{"embeddable":true,"href":"https:\/\/psol50.org.br\/rest\/wp\/v2\/comments?post=20469"}],"version-history":[{"count":0,"href":"https:\/\/psol50.org.br\/rest\/wp\/v2\/posts\/20469\/revisions"}],"wp:featuredmedia":[{"embeddable":true,"href":"https:\/\/psol50.org.br\/rest\/wp\/v2\/media\/20471"}],"wp:attachment":[{"href":"https:\/\/psol50.org.br\/rest\/wp\/v2\/media?parent=20469"}],"wp:term":[{"taxonomy":"category","embeddable":true,"href":"https:\/\/psol50.org.br\/rest\/wp\/v2\/categories?post=20469"},{"taxonomy":"post_tag","embeddable":true,"href":"https:\/\/psol50.org.br\/rest\/wp\/v2\/tags?post=20469"}],"curies":[{"name":"wp","href":"https:\/\/api.w.org\/{rel}","templated":true}]}}