{"id":2047,"date":"2013-06-11T00:00:00","date_gmt":"2013-06-11T00:00:00","guid":{"rendered":"http:\/\/psol50.org.br\/arquivo\/2013\/06\/11\/morre-em-sao-paulo-aos-90-anos-jacob-gorender-um-dos-maiores-historiadores-marxistas-brasileiros\/"},"modified":"2013-06-11T00:00:00","modified_gmt":"2013-06-11T00:00:00","slug":"morre-em-sao-paulo-aos-90-anos-jacob-gorender-um-dos-maiores-historiadores-marxistas-brasileiros","status":"publish","type":"post","link":"https:\/\/psol50.org.br\/morre-em-sao-paulo-aos-90-anos-jacob-gorender-um-dos-maiores-historiadores-marxistas-brasileiros\/","title":{"rendered":"Morre em S\u00e3o Paulo, aos 90 anos, Jacob Gorender, um dos maiores historiadores marxistas brasileiros"},"content":{"rendered":"<div style=\"text-align: justify;\">\n\tA esquerda perdeu nesta ter\u00e7a-feira, 11 de junho, o escritor Jacob Gorender, um dos maiores historiadores marxistas brasileiros. Foi militante comunista, permanecendo por quase tr\u00eas d\u00e9cadas no Partido Comunista Brasileiro (PCB), de onde saiu nos anos 60 para fundar o Partido Comunista Brasileiro Revolucion\u00e1rio (PCBR).<br \/>\n\t&nbsp;<br \/>\n\tGorender foi preso durante o regime militar e tornou-se um dos mais respeitados intelectuais da esquerda brasileira. Entre seus trabalhos se destacam &#8220;O Escravismo Colonial&#8221;, de 1978, &#8220;A burguesia brasileira&#8221;, de 1981, e &#8220;Combates nas trevas&#8221;, de 1987. Seus 90 anos de vida, completados no dia 20 de janeiro deste ano, foram boa parte dedicados aos estudos, \u00e0s lutas pol\u00edticas e a uma vasta produ\u00e7\u00e3o acad\u00eamica. Em seus diversos livros, artigos e ensaios, Gorender apresentou ideias at\u00e9 ent\u00e3o in\u00e9ditas sobre o Brasil e sua forma\u00e7\u00e3o socioecon\u00f4mica.<br \/>\n\t&nbsp;<br \/>\n\tEm 1970, foi preso em S\u00e3o Paulo por agentes do Esquadr\u00e3o da Morte, chefiado pelo delegado S\u00e9rgio Paranhos Fleury, e levado ao Departamento de Ordem Pol\u00edtica e Social (Dops), onde foi torturado. Libertado da pris\u00e3o cerca de dois anos depois, quando passou a se dedicar integralmente ao trabalho de tradutor e a investigar a realidade brasileira. \u201cO Jacob \u00e9 uma das figuras da esquerda brasileira que sempre exigiu rigor no estudo e na aprecia\u00e7\u00e3o das quest\u00f5es. Ele tinha muita preocupa\u00e7\u00e3o com o conhecimento da realidade brasileira, em n\u00e3o deixar a coisa no \u2018chute\u2019 ou no romantismo\u201d, disse o jornalista e artista pl\u00e1stico S\u00e9rgio Sister, em mat\u00e9ria no jornal Brasil de Fato, sobre o rigor com que Gorender dedicava aos seus objetos de estudo.<br \/>\n\t&nbsp;<br \/>\n\tPara o presidente do PSOL e deputado federal Ivan Valente, a esquerda brasileira perde um grande intelectual. \u201cCom sua colabora\u00e7\u00e3o te\u00f3rica e, sobretudo, pr\u00e1tica, como dirigente pol\u00edtico de importantes organiza\u00e7\u00f5es revolucion\u00e1rias, Gorender deixou seu nome inscrito entre os her\u00f3is do povo brasileiro. O PSOL lamenta a sua perda e reconhece a envergadura de seu legado\u201d, ressalta Ivan.<br \/>\n\t&nbsp;<br \/>\n\tO historiador e chefe do Departamento de Hist\u00f3ria da Universidade de Bras\u00edlia (UnB), Virg\u00edlio Arraes, destaca a atua\u00e7\u00e3o pol\u00edtica de Gorender em conson\u00e2ncia com sua produ\u00e7\u00e3o acad\u00eamica e intelectual. \u201cGorender representou bem a ideia de que a a\u00e7\u00e3o e a reflex\u00e3o podem caminhar conjuntamente. Ele n\u00e3o era um intelectual desligado da a\u00e7\u00e3o, da luta pol\u00edtica. N\u00e3o vivia numa redoma de vidro. Por isso, as obras deles s\u00e3o t\u00e3o robustas e instigantes. Ele teve uma contribui\u00e7\u00e3o imensa para a historicidade brasileira, sem nunca ter deixado a pol\u00edtica cotidiana. Gorender tinha a clara consci\u00eancia de que o trabalho hist\u00f3rico contribui efetivamente para reflex\u00e3o e a\u00e7\u00e3o social\u201d, ressalta Virg\u00edlio.<br \/>\n\t&nbsp;<br \/>\n\tLeia mais sobre Jacob Gorender na <a href=\"http:\/\/www.brasildefato.com.br\/node\/11963\">mat\u00e9ria<\/a> publicada em 15 de fevereiro deste ano no jornal Brasil de Fato.<\/div>\n","protected":false},"excerpt":{"rendered":"<p>A esquerda perdeu nesta ter\u00e7a-feira, 11 de junho, o escritor Jacob Gorender, um dos maiores historiadores marxistas brasileiros. Foi militante comunista, permanecendo por quase tr\u00eas d\u00e9cadas no Partido Comunista Brasileiro (PCB), de onde saiu nos anos 60 para fundar o Partido Comunista Brasileiro Revolucion\u00e1rio (PCBR). &nbsp; Gorender foi preso durante o regime militar e tornou-se [&hellip;]<\/p>\n","protected":false},"author":2,"featured_media":0,"comment_status":"open","ping_status":"open","sticky":false,"template":"","format":"standard","meta":{"_acf_changed":false,"footnotes":""},"categories":[4766],"tags":[],"class_list":{"0":"post-2047","1":"post","2":"type-post","3":"status-publish","4":"format-standard","6":"category-arquivo"},"acf":[],"yoast_head":"<!-- This site is optimized with the Yoast SEO plugin v26.5 - https:\/\/yoast.com\/wordpress\/plugins\/seo\/ -->\n<title>Morre em S\u00e3o Paulo, aos 90 anos, Jacob Gorender, um dos maiores historiadores marxistas brasileiros - PSOL 50<\/title>\n<meta name=\"robots\" content=\"index, follow, max-snippet:-1, max-image-preview:large, max-video-preview:-1\" \/>\n<link rel=\"canonical\" href=\"https:\/\/psol50.org.br\/morre-em-sao-paulo-aos-90-anos-jacob-gorender-um-dos-maiores-historiadores-marxistas-brasileiros\/\" \/>\n<meta property=\"og:locale\" content=\"pt_BR\" \/>\n<meta property=\"og:type\" content=\"article\" \/>\n<meta property=\"og:title\" content=\"Morre em S\u00e3o Paulo, aos 90 anos, Jacob Gorender, um dos maiores historiadores marxistas brasileiros - PSOL 50\" \/>\n<meta property=\"og:description\" content=\"A esquerda perdeu nesta ter\u00e7a-feira, 11 de junho, o escritor Jacob Gorender, um dos maiores historiadores marxistas brasileiros. Foi militante comunista, permanecendo por quase tr\u00eas d\u00e9cadas no Partido Comunista Brasileiro (PCB), de onde saiu nos anos 60 para fundar o Partido Comunista Brasileiro Revolucion\u00e1rio (PCBR). &nbsp; Gorender foi preso durante o regime militar e tornou-se [&hellip;]\" \/>\n<meta property=\"og:url\" content=\"https:\/\/psol50.org.br\/morre-em-sao-paulo-aos-90-anos-jacob-gorender-um-dos-maiores-historiadores-marxistas-brasileiros\/\" \/>\n<meta property=\"og:site_name\" content=\"PSOL 50\" \/>\n<meta property=\"article:publisher\" content=\"https:\/\/www.facebook.com\/psol50\" \/>\n<meta property=\"article:published_time\" content=\"2013-06-11T00:00:00+00:00\" \/>\n<meta property=\"og:image\" content=\"https:\/\/psol50.org.br\/inc\/uploads\/2018\/07\/capa.png\" \/>\n\t<meta property=\"og:image:width\" content=\"1350\" \/>\n\t<meta property=\"og:image:height\" content=\"900\" \/>\n\t<meta property=\"og:image:type\" content=\"image\/png\" \/>\n<meta name=\"author\" content=\"Comunica\u00e7\u00e3o PSOL\" \/>\n<meta name=\"twitter:card\" content=\"summary_large_image\" \/>\n<meta name=\"twitter:creator\" content=\"@psol50\" \/>\n<meta name=\"twitter:site\" content=\"@psol50\" \/>\n<meta name=\"twitter:label1\" content=\"Escrito por\" \/>\n\t<meta name=\"twitter:data1\" content=\"Comunica\u00e7\u00e3o PSOL\" \/>\n\t<meta name=\"twitter:label2\" content=\"Est. tempo de leitura\" \/>\n\t<meta name=\"twitter:data2\" content=\"2 minutos\" \/>\n<script type=\"application\/ld+json\" class=\"yoast-schema-graph\">{\"@context\":\"https:\/\/schema.org\",\"@graph\":[{\"@type\":\"Article\",\"@id\":\"https:\/\/psol50.org.br\/morre-em-sao-paulo-aos-90-anos-jacob-gorender-um-dos-maiores-historiadores-marxistas-brasileiros\/#article\",\"isPartOf\":{\"@id\":\"https:\/\/psol50.org.br\/morre-em-sao-paulo-aos-90-anos-jacob-gorender-um-dos-maiores-historiadores-marxistas-brasileiros\/\"},\"author\":{\"name\":\"Comunica\u00e7\u00e3o PSOL\",\"@id\":\"https:\/\/psol50.org.br\/#\/schema\/person\/475dfa57d0b815993c714c2e96491fcd\"},\"headline\":\"Morre em S\u00e3o Paulo, aos 90 anos, Jacob Gorender, um dos maiores historiadores marxistas brasileiros\",\"datePublished\":\"2013-06-11T00:00:00+00:00\",\"mainEntityOfPage\":{\"@id\":\"https:\/\/psol50.org.br\/morre-em-sao-paulo-aos-90-anos-jacob-gorender-um-dos-maiores-historiadores-marxistas-brasileiros\/\"},\"wordCount\":500,\"commentCount\":0,\"publisher\":{\"@id\":\"https:\/\/psol50.org.br\/#organization\"},\"articleSection\":[\"Arquivo\"],\"inLanguage\":\"pt-BR\",\"potentialAction\":[{\"@type\":\"CommentAction\",\"name\":\"Comment\",\"target\":[\"https:\/\/psol50.org.br\/morre-em-sao-paulo-aos-90-anos-jacob-gorender-um-dos-maiores-historiadores-marxistas-brasileiros\/#respond\"]}]},{\"@type\":\"WebPage\",\"@id\":\"https:\/\/psol50.org.br\/morre-em-sao-paulo-aos-90-anos-jacob-gorender-um-dos-maiores-historiadores-marxistas-brasileiros\/\",\"url\":\"https:\/\/psol50.org.br\/morre-em-sao-paulo-aos-90-anos-jacob-gorender-um-dos-maiores-historiadores-marxistas-brasileiros\/\",\"name\":\"Morre em S\u00e3o Paulo, aos 90 anos, Jacob Gorender, um dos maiores historiadores marxistas brasileiros - PSOL 50\",\"isPartOf\":{\"@id\":\"https:\/\/psol50.org.br\/#website\"},\"datePublished\":\"2013-06-11T00:00:00+00:00\",\"breadcrumb\":{\"@id\":\"https:\/\/psol50.org.br\/morre-em-sao-paulo-aos-90-anos-jacob-gorender-um-dos-maiores-historiadores-marxistas-brasileiros\/#breadcrumb\"},\"inLanguage\":\"pt-BR\",\"potentialAction\":[{\"@type\":\"ReadAction\",\"target\":[\"https:\/\/psol50.org.br\/morre-em-sao-paulo-aos-90-anos-jacob-gorender-um-dos-maiores-historiadores-marxistas-brasileiros\/\"]}]},{\"@type\":\"BreadcrumbList\",\"@id\":\"https:\/\/psol50.org.br\/morre-em-sao-paulo-aos-90-anos-jacob-gorender-um-dos-maiores-historiadores-marxistas-brasileiros\/#breadcrumb\",\"itemListElement\":[{\"@type\":\"ListItem\",\"position\":1,\"name\":\"In\u00edcio\",\"item\":\"https:\/\/psol50.org.br\/\"},{\"@type\":\"ListItem\",\"position\":2,\"name\":\"Morre em S\u00e3o Paulo, aos 90 anos, Jacob Gorender, um dos maiores historiadores marxistas brasileiros\"}]},{\"@type\":\"WebSite\",\"@id\":\"https:\/\/psol50.org.br\/#website\",\"url\":\"https:\/\/psol50.org.br\/\",\"name\":\"PSOL 50\",\"description\":\"Site oficial do Partido Socialismo e Liberdade\",\"publisher\":{\"@id\":\"https:\/\/psol50.org.br\/#organization\"},\"alternateName\":\"PSOL50\",\"potentialAction\":[{\"@type\":\"SearchAction\",\"target\":{\"@type\":\"EntryPoint\",\"urlTemplate\":\"https:\/\/psol50.org.br\/?s={search_term_string}\"},\"query-input\":{\"@type\":\"PropertyValueSpecification\",\"valueRequired\":true,\"valueName\":\"search_term_string\"}}],\"inLanguage\":\"pt-BR\"},{\"@type\":\"Organization\",\"@id\":\"https:\/\/psol50.org.br\/#organization\",\"name\":\"PSOL 50\",\"alternateName\":\"PSOL 50\",\"url\":\"https:\/\/psol50.org.br\/\",\"logo\":{\"@type\":\"ImageObject\",\"inLanguage\":\"pt-BR\",\"@id\":\"https:\/\/psol50.org.br\/#\/schema\/logo\/image\/\",\"url\":\"https:\/\/psol50.org.br\/inc\/uploads\/2018\/07\/capa.png\",\"contentUrl\":\"https:\/\/psol50.org.br\/inc\/uploads\/2018\/07\/capa.png\",\"width\":1350,\"height\":900,\"caption\":\"PSOL 50\"},\"image\":{\"@id\":\"https:\/\/psol50.org.br\/#\/schema\/logo\/image\/\"},\"sameAs\":[\"https:\/\/www.facebook.com\/psol50\",\"https:\/\/x.com\/psol50\",\"https:\/\/www.instagram.com\/psol50\/\",\"https:\/\/www.youtube.com\/channel\/UC7SnJS5o1os7a6CaiNabzcg\"]},{\"@type\":\"Person\",\"@id\":\"https:\/\/psol50.org.br\/#\/schema\/person\/475dfa57d0b815993c714c2e96491fcd\",\"name\":\"Comunica\u00e7\u00e3o PSOL\",\"image\":{\"@type\":\"ImageObject\",\"inLanguage\":\"pt-BR\",\"@id\":\"https:\/\/psol50.org.br\/#\/schema\/person\/image\/\",\"url\":\"https:\/\/secure.gravatar.com\/avatar\/b34fc4f4e468a4e51785917065a3db57b841f5c95dba6ad8c73aaf8f66f8f9bf?s=96&d=mm&r=g\",\"contentUrl\":\"https:\/\/secure.gravatar.com\/avatar\/b34fc4f4e468a4e51785917065a3db57b841f5c95dba6ad8c73aaf8f66f8f9bf?s=96&d=mm&r=g\",\"caption\":\"Comunica\u00e7\u00e3o PSOL\"}}]}<\/script>\n<!-- \/ Yoast SEO plugin. -->","yoast_head_json":{"title":"Morre em S\u00e3o Paulo, aos 90 anos, Jacob Gorender, um dos maiores historiadores marxistas brasileiros - PSOL 50","robots":{"index":"index","follow":"follow","max-snippet":"max-snippet:-1","max-image-preview":"max-image-preview:large","max-video-preview":"max-video-preview:-1"},"canonical":"https:\/\/psol50.org.br\/morre-em-sao-paulo-aos-90-anos-jacob-gorender-um-dos-maiores-historiadores-marxistas-brasileiros\/","og_locale":"pt_BR","og_type":"article","og_title":"Morre em S\u00e3o Paulo, aos 90 anos, Jacob Gorender, um dos maiores historiadores marxistas brasileiros - PSOL 50","og_description":"A esquerda perdeu nesta ter\u00e7a-feira, 11 de junho, o escritor Jacob Gorender, um dos maiores historiadores marxistas brasileiros. Foi militante comunista, permanecendo por quase tr\u00eas d\u00e9cadas no Partido Comunista Brasileiro (PCB), de onde saiu nos anos 60 para fundar o Partido Comunista Brasileiro Revolucion\u00e1rio (PCBR). &nbsp; Gorender foi preso durante o regime militar e tornou-se [&hellip;]","og_url":"https:\/\/psol50.org.br\/morre-em-sao-paulo-aos-90-anos-jacob-gorender-um-dos-maiores-historiadores-marxistas-brasileiros\/","og_site_name":"PSOL 50","article_publisher":"https:\/\/www.facebook.com\/psol50","article_published_time":"2013-06-11T00:00:00+00:00","og_image":[{"width":1350,"height":900,"url":"https:\/\/psol50.org.br\/inc\/uploads\/2018\/07\/capa.png","type":"image\/png"}],"author":"Comunica\u00e7\u00e3o PSOL","twitter_card":"summary_large_image","twitter_creator":"@psol50","twitter_site":"@psol50","twitter_misc":{"Escrito por":"Comunica\u00e7\u00e3o PSOL","Est. tempo de leitura":"2 minutos"},"schema":{"@context":"https:\/\/schema.org","@graph":[{"@type":"Article","@id":"https:\/\/psol50.org.br\/morre-em-sao-paulo-aos-90-anos-jacob-gorender-um-dos-maiores-historiadores-marxistas-brasileiros\/#article","isPartOf":{"@id":"https:\/\/psol50.org.br\/morre-em-sao-paulo-aos-90-anos-jacob-gorender-um-dos-maiores-historiadores-marxistas-brasileiros\/"},"author":{"name":"Comunica\u00e7\u00e3o PSOL","@id":"https:\/\/psol50.org.br\/#\/schema\/person\/475dfa57d0b815993c714c2e96491fcd"},"headline":"Morre em S\u00e3o Paulo, aos 90 anos, Jacob Gorender, um dos maiores historiadores marxistas brasileiros","datePublished":"2013-06-11T00:00:00+00:00","mainEntityOfPage":{"@id":"https:\/\/psol50.org.br\/morre-em-sao-paulo-aos-90-anos-jacob-gorender-um-dos-maiores-historiadores-marxistas-brasileiros\/"},"wordCount":500,"commentCount":0,"publisher":{"@id":"https:\/\/psol50.org.br\/#organization"},"articleSection":["Arquivo"],"inLanguage":"pt-BR","potentialAction":[{"@type":"CommentAction","name":"Comment","target":["https:\/\/psol50.org.br\/morre-em-sao-paulo-aos-90-anos-jacob-gorender-um-dos-maiores-historiadores-marxistas-brasileiros\/#respond"]}]},{"@type":"WebPage","@id":"https:\/\/psol50.org.br\/morre-em-sao-paulo-aos-90-anos-jacob-gorender-um-dos-maiores-historiadores-marxistas-brasileiros\/","url":"https:\/\/psol50.org.br\/morre-em-sao-paulo-aos-90-anos-jacob-gorender-um-dos-maiores-historiadores-marxistas-brasileiros\/","name":"Morre em S\u00e3o Paulo, aos 90 anos, Jacob Gorender, um dos maiores historiadores marxistas brasileiros - PSOL 50","isPartOf":{"@id":"https:\/\/psol50.org.br\/#website"},"datePublished":"2013-06-11T00:00:00+00:00","breadcrumb":{"@id":"https:\/\/psol50.org.br\/morre-em-sao-paulo-aos-90-anos-jacob-gorender-um-dos-maiores-historiadores-marxistas-brasileiros\/#breadcrumb"},"inLanguage":"pt-BR","potentialAction":[{"@type":"ReadAction","target":["https:\/\/psol50.org.br\/morre-em-sao-paulo-aos-90-anos-jacob-gorender-um-dos-maiores-historiadores-marxistas-brasileiros\/"]}]},{"@type":"BreadcrumbList","@id":"https:\/\/psol50.org.br\/morre-em-sao-paulo-aos-90-anos-jacob-gorender-um-dos-maiores-historiadores-marxistas-brasileiros\/#breadcrumb","itemListElement":[{"@type":"ListItem","position":1,"name":"In\u00edcio","item":"https:\/\/psol50.org.br\/"},{"@type":"ListItem","position":2,"name":"Morre em S\u00e3o Paulo, aos 90 anos, Jacob Gorender, um dos maiores historiadores marxistas brasileiros"}]},{"@type":"WebSite","@id":"https:\/\/psol50.org.br\/#website","url":"https:\/\/psol50.org.br\/","name":"PSOL 50","description":"Site oficial do Partido Socialismo e Liberdade","publisher":{"@id":"https:\/\/psol50.org.br\/#organization"},"alternateName":"PSOL50","potentialAction":[{"@type":"SearchAction","target":{"@type":"EntryPoint","urlTemplate":"https:\/\/psol50.org.br\/?s={search_term_string}"},"query-input":{"@type":"PropertyValueSpecification","valueRequired":true,"valueName":"search_term_string"}}],"inLanguage":"pt-BR"},{"@type":"Organization","@id":"https:\/\/psol50.org.br\/#organization","name":"PSOL 50","alternateName":"PSOL 50","url":"https:\/\/psol50.org.br\/","logo":{"@type":"ImageObject","inLanguage":"pt-BR","@id":"https:\/\/psol50.org.br\/#\/schema\/logo\/image\/","url":"https:\/\/psol50.org.br\/inc\/uploads\/2018\/07\/capa.png","contentUrl":"https:\/\/psol50.org.br\/inc\/uploads\/2018\/07\/capa.png","width":1350,"height":900,"caption":"PSOL 50"},"image":{"@id":"https:\/\/psol50.org.br\/#\/schema\/logo\/image\/"},"sameAs":["https:\/\/www.facebook.com\/psol50","https:\/\/x.com\/psol50","https:\/\/www.instagram.com\/psol50\/","https:\/\/www.youtube.com\/channel\/UC7SnJS5o1os7a6CaiNabzcg"]},{"@type":"Person","@id":"https:\/\/psol50.org.br\/#\/schema\/person\/475dfa57d0b815993c714c2e96491fcd","name":"Comunica\u00e7\u00e3o PSOL","image":{"@type":"ImageObject","inLanguage":"pt-BR","@id":"https:\/\/psol50.org.br\/#\/schema\/person\/image\/","url":"https:\/\/secure.gravatar.com\/avatar\/b34fc4f4e468a4e51785917065a3db57b841f5c95dba6ad8c73aaf8f66f8f9bf?s=96&d=mm&r=g","contentUrl":"https:\/\/secure.gravatar.com\/avatar\/b34fc4f4e468a4e51785917065a3db57b841f5c95dba6ad8c73aaf8f66f8f9bf?s=96&d=mm&r=g","caption":"Comunica\u00e7\u00e3o PSOL"}}]}},"_links":{"self":[{"href":"https:\/\/psol50.org.br\/rest\/wp\/v2\/posts\/2047","targetHints":{"allow":["GET"]}}],"collection":[{"href":"https:\/\/psol50.org.br\/rest\/wp\/v2\/posts"}],"about":[{"href":"https:\/\/psol50.org.br\/rest\/wp\/v2\/types\/post"}],"author":[{"embeddable":true,"href":"https:\/\/psol50.org.br\/rest\/wp\/v2\/users\/2"}],"replies":[{"embeddable":true,"href":"https:\/\/psol50.org.br\/rest\/wp\/v2\/comments?post=2047"}],"version-history":[{"count":0,"href":"https:\/\/psol50.org.br\/rest\/wp\/v2\/posts\/2047\/revisions"}],"wp:attachment":[{"href":"https:\/\/psol50.org.br\/rest\/wp\/v2\/media?parent=2047"}],"wp:term":[{"taxonomy":"category","embeddable":true,"href":"https:\/\/psol50.org.br\/rest\/wp\/v2\/categories?post=2047"},{"taxonomy":"post_tag","embeddable":true,"href":"https:\/\/psol50.org.br\/rest\/wp\/v2\/tags?post=2047"}],"curies":[{"name":"wp","href":"https:\/\/api.w.org\/{rel}","templated":true}]}}