{"id":20479,"date":"2018-04-12T10:03:54","date_gmt":"2018-04-12T13:03:54","guid":{"rendered":"http:\/\/www.psol50.org.br\/?p=20479"},"modified":"2018-04-12T10:03:54","modified_gmt":"2018-04-12T13:03:54","slug":"precisamos-falar-sobre-gaza","status":"publish","type":"post","link":"https:\/\/psol50.org.br\/precisamos-falar-sobre-gaza\/","title":{"rendered":"Precisamos falar sobre Gaza"},"content":{"rendered":"<p><span style=\"font-size: 14px;\"><em>Publicado originalmente no site do jornal <a href=\"https:\/\/www1.folha.uol.com.br\/opiniao\/2018\/04\/waldo-mermestein-israel-dutra-e-juliano-medeiros-precisamos-falar-sobre-gaza.shtml?loggedpaywall\" target=\"_blank\" rel=\"noopener\"><strong><span style=\"color: #0000ff;\">Folha de S\u00e3o Paulo<\/span><\/strong><\/a><\/em><\/span><\/p>\n<p>Com indigna\u00e7\u00e3o, lemos o artigo \u201c<a href=\"https:\/\/www1.folha.uol.com.br\/opiniao\/2018\/04\/andre-lajst-o-antissemitismo-permitido-no-psol.shtml\" target=\"_blank\" rel=\"noopener\"><strong><span style=\"color: #0000ff;\">O Antissemitismo permitido no PSOL<\/span><\/strong><\/a>\u201d (10\/04), publicado no site da Folha de S\u00e3o Paulo, no qual o cientista pol\u00edtico Andr\u00e9 Lajst acusa o PSOL e seu Secret\u00e1rio de Rela\u00e7\u00f5es Internacionais, Israel Dutra, de sustentar posi\u00e7\u00f5es acerca da quest\u00e3o Palestina\/Israel sem o devido conhecimento no tema e motivados pelo antissemitismo.<\/p>\n<p>Essa linha de argumenta\u00e7\u00e3o n\u00e3o \u00e9 original: preocupados pela desmoraliza\u00e7\u00e3o de Israel &#8211; cuja narrativa oficial \u00e9 cada vez mais desmascarada pela tratamento brutal dispensado aos palestinos, em particular os dos territ\u00f3rios ocupados h\u00e1 50 anos -, os defensores de Israel procuram deslegitimar os que se op\u00f5em a essa opress\u00e3o acusando-os de antissemitismo.<\/p>\n<p>Recha\u00e7amos a cal\u00fania de antissemitismo e reiteramos o que a Executiva Nacional do PSOL j\u00e1 havia afirmado que n\u00e3o toleramos nenhum tipo de discrimina\u00e7\u00e3o em nossas fileiras. O suposto antissemitismo do PSOL, apontado por Sr. Lajst, \u00e9 t\u00e3o dissociado da realidade como seria caso algu\u00e9m confundisse a justa cr\u00edtica ao regime ditatorial, homof\u00f3bico e mis\u00f3gino da Ar\u00e1bia Saudita com a islamofobia.<\/p>\n<p>Vale notar que o momento escolhido pelo Sr. Lajst n\u00e3o \u00e9 casual. H\u00e1 uma trag\u00e9dia se desenvolvendo na Faixa de Gaza, onde dois milh\u00f5es de pessoas vivem nos limites de um territ\u00f3rio min\u00fasculo, cercado por todos os lados pelas for\u00e7as militares de Israel, com a colabora\u00e7\u00e3o da ditadura eg\u00edpcia. A falta de \u00e1gua, de luz e de emprego para metade de sua popula\u00e7\u00e3o torna a vida literalmente imposs\u00edvel para seus habitantes.<\/p>\n<p>Por mais que tentem negar, Gaza tamb\u00e9m tem uma hist\u00f3ria: cerca de 70% de sua popula\u00e7\u00e3o \u00e9 composta por refugiados palestinos expulsos de Israel em 1948 e por seus descendentes. Essa j\u00e1 era uma realidade muito antes do Hamas existir. Nos \u00faltimos anos, os ataques perpetrados por Israel aumentaram em escala e brutalidade, despertando a ampla condena\u00e7\u00e3o mundial.<\/p>\n<p>Para chamar a aten\u00e7\u00e3o a essa situa\u00e7\u00e3o insustent\u00e1vel, as organiza\u00e7\u00f5es sociais da Faixa de Gaza organizaram Marchas pelo direito ao retorno. Por meio delas, busca-se mobilizar dezenas de milhares de pessoas semanalmente at\u00e9 o 70\u00ba anivers\u00e1rio do Nakba (expuls\u00e3o dos palestinos em 1948), h\u00e1 poucas centenas de metros da fronteira erguida por Israel. O objetivo \u00e9 o de reunir marchas similares em todos os locais em que os palestinos est\u00e3o espalhados, inclusive dentro das fronteiras de Israel.<\/p>\n<p>Entretanto, logo no come\u00e7o da campanha, Israel j\u00e1 deixou bem evidente o seu n\u00edvel de intoler\u00e2ncia. Em 30 de mar\u00e7o, como noticiado amplamente pela imprensa internacional, o ex\u00e9rcito israelense destacou cerca de 100 atiradores de elite para atacar a marcha. As fotos e v\u00eddeos na pr\u00f3pria imprensa israelense mostram uma macabra \u201ccompeti\u00e7\u00e3o\u201d de tiro ao alvo contra os manifestantes, uma barb\u00e1rie que foi criticada em todo o mundo. A Uni\u00e3o Europeia, por exemplo, exigiu de imediato uma investiga\u00e7\u00e3o independente; como j\u00e1 \u00e9 usual, mas Israel recha\u00e7ou a proposta.<\/p>\n<p>Inclusive dentro de Israel, a sociedade civil organizou manifesta\u00e7\u00f5es em rep\u00fadio a tais ataques. Dur\u00edssimas vozes se expressaram no principal jornal do pa\u00eds, o Haaretz. O colunista Gideon Levy empregou um adjetivo contumaz em seu t\u00edtulo para denunciar a repress\u00e3o contra os palestinos: \u201cO ex\u00e9rcito massacrante de Israel\u201d. Outra corajosa jornalista do mesmo peri\u00f3dico, Amira Hass, residente em Ramalah h\u00e1 anos, abriu sua coluna semanal com a seguinte pergunta: \u201c &#8216;Eu simplesmente cumpria ordens\u2019. \u00c9 isso que voc\u00eas dir\u00e3o a seus filhos?\u201d.<\/p>\n<p>Em vez de saudar a \u201c\u00fanica democracia do Oriente M\u00e9dio\u201d, teria sido mais prudente o Sr. Lajst opinar sobre o massacre em Gaza. Os registros hist\u00f3ricos e o comportamento de Israel em rela\u00e7\u00e3o aos palestinos mostram um padr\u00e3o contr\u00e1rio ao de uma democracia. Encerramos esta reflex\u00e3o com a seguinte indaga\u00e7\u00e3o: como avaliar um regime que mant\u00e9m uma ocupa\u00e7\u00e3o colonial h\u00e1 50 anos?<\/p>\n<p>Assinam: <em><strong>Waldo Mermestein (militante do PSOL, pesquisador e especialista em Oriente M\u00e9dio, judeu); Israel Dutra (Secret\u00e1rio de Rela\u00e7\u00f5es Internacionais) e Juliano Medeiros (Presidente do PSOL).<\/strong><\/em><\/p>\n","protected":false},"excerpt":{"rendered":"<p>Publicado originalmente no site do jornal Folha de S\u00e3o Paulo Com indigna\u00e7\u00e3o, lemos o artigo \u201cO Antissemitismo permitido no PSOL\u201d (10\/04), publicado no site da Folha de S\u00e3o Paulo, no qual o cientista pol\u00edtico Andr\u00e9 Lajst acusa o PSOL e seu Secret\u00e1rio de Rela\u00e7\u00f5es Internacionais, Israel Dutra, de sustentar posi\u00e7\u00f5es acerca da quest\u00e3o Palestina\/Israel sem [&hellip;]<\/p>\n","protected":false},"author":2,"featured_media":20480,"comment_status":"open","ping_status":"open","sticky":false,"template":"","format":"standard","meta":{"_acf_changed":false,"footnotes":""},"categories":[836,6,14],"tags":[2414,2415,242,2213,2416,2417,188,1454,259,2418,190,22,2419],"class_list":{"0":"post-20479","1":"post","2":"type-post","3":"status-publish","4":"format-standard","5":"has-post-thumbnail","7":"category-internacional","8":"category-noticias","9":"category-partido","10":"tag-andre-lajst","11":"tag-antissemitismo","12":"tag-executiva-nacional-do-psol","13":"tag-faixa-de-gaza","14":"tag-folha-de-sao-paulo","15":"tag-hamas","16":"tag-israel","17":"tag-israel-dutra","18":"tag-juliano-medeiros","19":"tag-nakba","20":"tag-palestina","21":"tag-psol","22":"tag-waldo-mermestein"},"acf":[],"yoast_head":"<!-- This site is optimized with the Yoast SEO plugin v26.5 - https:\/\/yoast.com\/wordpress\/plugins\/seo\/ -->\n<title>Precisamos falar sobre Gaza - PSOL 50<\/title>\n<meta name=\"robots\" content=\"index, follow, max-snippet:-1, max-image-preview:large, max-video-preview:-1\" \/>\n<link rel=\"canonical\" href=\"https:\/\/psol50.org.br\/precisamos-falar-sobre-gaza\/\" \/>\n<meta property=\"og:locale\" content=\"pt_BR\" \/>\n<meta property=\"og:type\" content=\"article\" \/>\n<meta property=\"og:title\" content=\"Precisamos falar sobre Gaza - PSOL 50\" \/>\n<meta property=\"og:description\" content=\"Publicado originalmente no site do jornal Folha de S\u00e3o Paulo Com indigna\u00e7\u00e3o, lemos o artigo \u201cO Antissemitismo permitido no PSOL\u201d (10\/04), publicado no site da Folha de S\u00e3o Paulo, no qual o cientista pol\u00edtico Andr\u00e9 Lajst acusa o PSOL e seu Secret\u00e1rio de Rela\u00e7\u00f5es Internacionais, Israel Dutra, de sustentar posi\u00e7\u00f5es acerca da quest\u00e3o Palestina\/Israel sem [&hellip;]\" \/>\n<meta property=\"og:url\" content=\"https:\/\/psol50.org.br\/precisamos-falar-sobre-gaza\/\" \/>\n<meta property=\"og:site_name\" content=\"PSOL 50\" \/>\n<meta property=\"article:publisher\" content=\"https:\/\/www.facebook.com\/psol50\" \/>\n<meta property=\"article:published_time\" content=\"2018-04-12T13:03:54+00:00\" \/>\n<meta property=\"og:image\" content=\"https:\/\/psol50.org.br\/inc\/uploads\/2018\/04\/Faixa_Gaza_DYKT_Mohigan_CC.jpg\" \/>\n\t<meta property=\"og:image:width\" content=\"1350\" \/>\n\t<meta property=\"og:image:height\" content=\"1012\" \/>\n\t<meta property=\"og:image:type\" content=\"image\/jpeg\" \/>\n<meta name=\"author\" content=\"Comunica\u00e7\u00e3o PSOL\" \/>\n<meta name=\"twitter:card\" content=\"summary_large_image\" \/>\n<meta name=\"twitter:creator\" content=\"@psol50\" \/>\n<meta name=\"twitter:site\" content=\"@psol50\" \/>\n<meta name=\"twitter:label1\" content=\"Escrito por\" \/>\n\t<meta name=\"twitter:data1\" content=\"Comunica\u00e7\u00e3o PSOL\" \/>\n\t<meta name=\"twitter:label2\" content=\"Est. tempo de leitura\" \/>\n\t<meta name=\"twitter:data2\" content=\"4 minutos\" \/>\n<script type=\"application\/ld+json\" class=\"yoast-schema-graph\">{\"@context\":\"https:\/\/schema.org\",\"@graph\":[{\"@type\":\"Article\",\"@id\":\"https:\/\/psol50.org.br\/precisamos-falar-sobre-gaza\/#article\",\"isPartOf\":{\"@id\":\"https:\/\/psol50.org.br\/precisamos-falar-sobre-gaza\/\"},\"author\":{\"name\":\"Comunica\u00e7\u00e3o PSOL\",\"@id\":\"https:\/\/psol50.org.br\/#\/schema\/person\/475dfa57d0b815993c714c2e96491fcd\"},\"headline\":\"Precisamos falar sobre Gaza\",\"datePublished\":\"2018-04-12T13:03:54+00:00\",\"mainEntityOfPage\":{\"@id\":\"https:\/\/psol50.org.br\/precisamos-falar-sobre-gaza\/\"},\"wordCount\":707,\"commentCount\":0,\"publisher\":{\"@id\":\"https:\/\/psol50.org.br\/#organization\"},\"image\":{\"@id\":\"https:\/\/psol50.org.br\/precisamos-falar-sobre-gaza\/#primaryimage\"},\"thumbnailUrl\":\"https:\/\/psol50.org.br\/inc\/uploads\/2018\/04\/Faixa_Gaza_DYKT_Mohigan_CC.jpg\",\"keywords\":[\"Andr\u00e9 Lajst\",\"antissemitismo\",\"Executiva Nacional do PSOL\",\"Faixa de Gaza\",\"Folha de S\u00e3o Paulo\",\"Hamas\",\"Israel\",\"Israel Dutra\",\"Juliano Medeiros\",\"Nakba\",\"Palestina\",\"PSOL\",\"Waldo Mermestein\"],\"articleSection\":[\"Internacional\",\"Not\u00edcias\",\"Partido\"],\"inLanguage\":\"pt-BR\",\"potentialAction\":[{\"@type\":\"CommentAction\",\"name\":\"Comment\",\"target\":[\"https:\/\/psol50.org.br\/precisamos-falar-sobre-gaza\/#respond\"]}]},{\"@type\":\"WebPage\",\"@id\":\"https:\/\/psol50.org.br\/precisamos-falar-sobre-gaza\/\",\"url\":\"https:\/\/psol50.org.br\/precisamos-falar-sobre-gaza\/\",\"name\":\"Precisamos falar sobre Gaza - PSOL 50\",\"isPartOf\":{\"@id\":\"https:\/\/psol50.org.br\/#website\"},\"primaryImageOfPage\":{\"@id\":\"https:\/\/psol50.org.br\/precisamos-falar-sobre-gaza\/#primaryimage\"},\"image\":{\"@id\":\"https:\/\/psol50.org.br\/precisamos-falar-sobre-gaza\/#primaryimage\"},\"thumbnailUrl\":\"https:\/\/psol50.org.br\/inc\/uploads\/2018\/04\/Faixa_Gaza_DYKT_Mohigan_CC.jpg\",\"datePublished\":\"2018-04-12T13:03:54+00:00\",\"breadcrumb\":{\"@id\":\"https:\/\/psol50.org.br\/precisamos-falar-sobre-gaza\/#breadcrumb\"},\"inLanguage\":\"pt-BR\",\"potentialAction\":[{\"@type\":\"ReadAction\",\"target\":[\"https:\/\/psol50.org.br\/precisamos-falar-sobre-gaza\/\"]}]},{\"@type\":\"ImageObject\",\"inLanguage\":\"pt-BR\",\"@id\":\"https:\/\/psol50.org.br\/precisamos-falar-sobre-gaza\/#primaryimage\",\"url\":\"https:\/\/psol50.org.br\/inc\/uploads\/2018\/04\/Faixa_Gaza_DYKT_Mohigan_CC.jpg\",\"contentUrl\":\"https:\/\/psol50.org.br\/inc\/uploads\/2018\/04\/Faixa_Gaza_DYKT_Mohigan_CC.jpg\",\"width\":1350,\"height\":1012},{\"@type\":\"BreadcrumbList\",\"@id\":\"https:\/\/psol50.org.br\/precisamos-falar-sobre-gaza\/#breadcrumb\",\"itemListElement\":[{\"@type\":\"ListItem\",\"position\":1,\"name\":\"In\u00edcio\",\"item\":\"https:\/\/psol50.org.br\/\"},{\"@type\":\"ListItem\",\"position\":2,\"name\":\"Precisamos falar sobre Gaza\"}]},{\"@type\":\"WebSite\",\"@id\":\"https:\/\/psol50.org.br\/#website\",\"url\":\"https:\/\/psol50.org.br\/\",\"name\":\"PSOL 50\",\"description\":\"Site oficial do Partido Socialismo e Liberdade\",\"publisher\":{\"@id\":\"https:\/\/psol50.org.br\/#organization\"},\"alternateName\":\"PSOL50\",\"potentialAction\":[{\"@type\":\"SearchAction\",\"target\":{\"@type\":\"EntryPoint\",\"urlTemplate\":\"https:\/\/psol50.org.br\/?s={search_term_string}\"},\"query-input\":{\"@type\":\"PropertyValueSpecification\",\"valueRequired\":true,\"valueName\":\"search_term_string\"}}],\"inLanguage\":\"pt-BR\"},{\"@type\":\"Organization\",\"@id\":\"https:\/\/psol50.org.br\/#organization\",\"name\":\"PSOL 50\",\"alternateName\":\"PSOL 50\",\"url\":\"https:\/\/psol50.org.br\/\",\"logo\":{\"@type\":\"ImageObject\",\"inLanguage\":\"pt-BR\",\"@id\":\"https:\/\/psol50.org.br\/#\/schema\/logo\/image\/\",\"url\":\"https:\/\/psol50.org.br\/inc\/uploads\/2018\/07\/capa.png\",\"contentUrl\":\"https:\/\/psol50.org.br\/inc\/uploads\/2018\/07\/capa.png\",\"width\":1350,\"height\":900,\"caption\":\"PSOL 50\"},\"image\":{\"@id\":\"https:\/\/psol50.org.br\/#\/schema\/logo\/image\/\"},\"sameAs\":[\"https:\/\/www.facebook.com\/psol50\",\"https:\/\/x.com\/psol50\",\"https:\/\/www.instagram.com\/psol50\/\",\"https:\/\/www.youtube.com\/channel\/UC7SnJS5o1os7a6CaiNabzcg\"]},{\"@type\":\"Person\",\"@id\":\"https:\/\/psol50.org.br\/#\/schema\/person\/475dfa57d0b815993c714c2e96491fcd\",\"name\":\"Comunica\u00e7\u00e3o PSOL\",\"image\":{\"@type\":\"ImageObject\",\"inLanguage\":\"pt-BR\",\"@id\":\"https:\/\/psol50.org.br\/#\/schema\/person\/image\/\",\"url\":\"https:\/\/secure.gravatar.com\/avatar\/b34fc4f4e468a4e51785917065a3db57b841f5c95dba6ad8c73aaf8f66f8f9bf?s=96&d=mm&r=g\",\"contentUrl\":\"https:\/\/secure.gravatar.com\/avatar\/b34fc4f4e468a4e51785917065a3db57b841f5c95dba6ad8c73aaf8f66f8f9bf?s=96&d=mm&r=g\",\"caption\":\"Comunica\u00e7\u00e3o PSOL\"}}]}<\/script>\n<!-- \/ Yoast SEO plugin. -->","yoast_head_json":{"title":"Precisamos falar sobre Gaza - PSOL 50","robots":{"index":"index","follow":"follow","max-snippet":"max-snippet:-1","max-image-preview":"max-image-preview:large","max-video-preview":"max-video-preview:-1"},"canonical":"https:\/\/psol50.org.br\/precisamos-falar-sobre-gaza\/","og_locale":"pt_BR","og_type":"article","og_title":"Precisamos falar sobre Gaza - PSOL 50","og_description":"Publicado originalmente no site do jornal Folha de S\u00e3o Paulo Com indigna\u00e7\u00e3o, lemos o artigo \u201cO Antissemitismo permitido no PSOL\u201d (10\/04), publicado no site da Folha de S\u00e3o Paulo, no qual o cientista pol\u00edtico Andr\u00e9 Lajst acusa o PSOL e seu Secret\u00e1rio de Rela\u00e7\u00f5es Internacionais, Israel Dutra, de sustentar posi\u00e7\u00f5es acerca da quest\u00e3o Palestina\/Israel sem [&hellip;]","og_url":"https:\/\/psol50.org.br\/precisamos-falar-sobre-gaza\/","og_site_name":"PSOL 50","article_publisher":"https:\/\/www.facebook.com\/psol50","article_published_time":"2018-04-12T13:03:54+00:00","og_image":[{"width":1350,"height":1012,"url":"https:\/\/psol50.org.br\/inc\/uploads\/2018\/04\/Faixa_Gaza_DYKT_Mohigan_CC.jpg","type":"image\/jpeg"}],"author":"Comunica\u00e7\u00e3o PSOL","twitter_card":"summary_large_image","twitter_creator":"@psol50","twitter_site":"@psol50","twitter_misc":{"Escrito por":"Comunica\u00e7\u00e3o PSOL","Est. tempo de leitura":"4 minutos"},"schema":{"@context":"https:\/\/schema.org","@graph":[{"@type":"Article","@id":"https:\/\/psol50.org.br\/precisamos-falar-sobre-gaza\/#article","isPartOf":{"@id":"https:\/\/psol50.org.br\/precisamos-falar-sobre-gaza\/"},"author":{"name":"Comunica\u00e7\u00e3o PSOL","@id":"https:\/\/psol50.org.br\/#\/schema\/person\/475dfa57d0b815993c714c2e96491fcd"},"headline":"Precisamos falar sobre Gaza","datePublished":"2018-04-12T13:03:54+00:00","mainEntityOfPage":{"@id":"https:\/\/psol50.org.br\/precisamos-falar-sobre-gaza\/"},"wordCount":707,"commentCount":0,"publisher":{"@id":"https:\/\/psol50.org.br\/#organization"},"image":{"@id":"https:\/\/psol50.org.br\/precisamos-falar-sobre-gaza\/#primaryimage"},"thumbnailUrl":"https:\/\/psol50.org.br\/inc\/uploads\/2018\/04\/Faixa_Gaza_DYKT_Mohigan_CC.jpg","keywords":["Andr\u00e9 Lajst","antissemitismo","Executiva Nacional do PSOL","Faixa de Gaza","Folha de S\u00e3o Paulo","Hamas","Israel","Israel Dutra","Juliano Medeiros","Nakba","Palestina","PSOL","Waldo Mermestein"],"articleSection":["Internacional","Not\u00edcias","Partido"],"inLanguage":"pt-BR","potentialAction":[{"@type":"CommentAction","name":"Comment","target":["https:\/\/psol50.org.br\/precisamos-falar-sobre-gaza\/#respond"]}]},{"@type":"WebPage","@id":"https:\/\/psol50.org.br\/precisamos-falar-sobre-gaza\/","url":"https:\/\/psol50.org.br\/precisamos-falar-sobre-gaza\/","name":"Precisamos falar sobre Gaza - PSOL 50","isPartOf":{"@id":"https:\/\/psol50.org.br\/#website"},"primaryImageOfPage":{"@id":"https:\/\/psol50.org.br\/precisamos-falar-sobre-gaza\/#primaryimage"},"image":{"@id":"https:\/\/psol50.org.br\/precisamos-falar-sobre-gaza\/#primaryimage"},"thumbnailUrl":"https:\/\/psol50.org.br\/inc\/uploads\/2018\/04\/Faixa_Gaza_DYKT_Mohigan_CC.jpg","datePublished":"2018-04-12T13:03:54+00:00","breadcrumb":{"@id":"https:\/\/psol50.org.br\/precisamos-falar-sobre-gaza\/#breadcrumb"},"inLanguage":"pt-BR","potentialAction":[{"@type":"ReadAction","target":["https:\/\/psol50.org.br\/precisamos-falar-sobre-gaza\/"]}]},{"@type":"ImageObject","inLanguage":"pt-BR","@id":"https:\/\/psol50.org.br\/precisamos-falar-sobre-gaza\/#primaryimage","url":"https:\/\/psol50.org.br\/inc\/uploads\/2018\/04\/Faixa_Gaza_DYKT_Mohigan_CC.jpg","contentUrl":"https:\/\/psol50.org.br\/inc\/uploads\/2018\/04\/Faixa_Gaza_DYKT_Mohigan_CC.jpg","width":1350,"height":1012},{"@type":"BreadcrumbList","@id":"https:\/\/psol50.org.br\/precisamos-falar-sobre-gaza\/#breadcrumb","itemListElement":[{"@type":"ListItem","position":1,"name":"In\u00edcio","item":"https:\/\/psol50.org.br\/"},{"@type":"ListItem","position":2,"name":"Precisamos falar sobre Gaza"}]},{"@type":"WebSite","@id":"https:\/\/psol50.org.br\/#website","url":"https:\/\/psol50.org.br\/","name":"PSOL 50","description":"Site oficial do Partido Socialismo e Liberdade","publisher":{"@id":"https:\/\/psol50.org.br\/#organization"},"alternateName":"PSOL50","potentialAction":[{"@type":"SearchAction","target":{"@type":"EntryPoint","urlTemplate":"https:\/\/psol50.org.br\/?s={search_term_string}"},"query-input":{"@type":"PropertyValueSpecification","valueRequired":true,"valueName":"search_term_string"}}],"inLanguage":"pt-BR"},{"@type":"Organization","@id":"https:\/\/psol50.org.br\/#organization","name":"PSOL 50","alternateName":"PSOL 50","url":"https:\/\/psol50.org.br\/","logo":{"@type":"ImageObject","inLanguage":"pt-BR","@id":"https:\/\/psol50.org.br\/#\/schema\/logo\/image\/","url":"https:\/\/psol50.org.br\/inc\/uploads\/2018\/07\/capa.png","contentUrl":"https:\/\/psol50.org.br\/inc\/uploads\/2018\/07\/capa.png","width":1350,"height":900,"caption":"PSOL 50"},"image":{"@id":"https:\/\/psol50.org.br\/#\/schema\/logo\/image\/"},"sameAs":["https:\/\/www.facebook.com\/psol50","https:\/\/x.com\/psol50","https:\/\/www.instagram.com\/psol50\/","https:\/\/www.youtube.com\/channel\/UC7SnJS5o1os7a6CaiNabzcg"]},{"@type":"Person","@id":"https:\/\/psol50.org.br\/#\/schema\/person\/475dfa57d0b815993c714c2e96491fcd","name":"Comunica\u00e7\u00e3o PSOL","image":{"@type":"ImageObject","inLanguage":"pt-BR","@id":"https:\/\/psol50.org.br\/#\/schema\/person\/image\/","url":"https:\/\/secure.gravatar.com\/avatar\/b34fc4f4e468a4e51785917065a3db57b841f5c95dba6ad8c73aaf8f66f8f9bf?s=96&d=mm&r=g","contentUrl":"https:\/\/secure.gravatar.com\/avatar\/b34fc4f4e468a4e51785917065a3db57b841f5c95dba6ad8c73aaf8f66f8f9bf?s=96&d=mm&r=g","caption":"Comunica\u00e7\u00e3o PSOL"}}]}},"_links":{"self":[{"href":"https:\/\/psol50.org.br\/rest\/wp\/v2\/posts\/20479","targetHints":{"allow":["GET"]}}],"collection":[{"href":"https:\/\/psol50.org.br\/rest\/wp\/v2\/posts"}],"about":[{"href":"https:\/\/psol50.org.br\/rest\/wp\/v2\/types\/post"}],"author":[{"embeddable":true,"href":"https:\/\/psol50.org.br\/rest\/wp\/v2\/users\/2"}],"replies":[{"embeddable":true,"href":"https:\/\/psol50.org.br\/rest\/wp\/v2\/comments?post=20479"}],"version-history":[{"count":0,"href":"https:\/\/psol50.org.br\/rest\/wp\/v2\/posts\/20479\/revisions"}],"wp:featuredmedia":[{"embeddable":true,"href":"https:\/\/psol50.org.br\/rest\/wp\/v2\/media\/20480"}],"wp:attachment":[{"href":"https:\/\/psol50.org.br\/rest\/wp\/v2\/media?parent=20479"}],"wp:term":[{"taxonomy":"category","embeddable":true,"href":"https:\/\/psol50.org.br\/rest\/wp\/v2\/categories?post=20479"},{"taxonomy":"post_tag","embeddable":true,"href":"https:\/\/psol50.org.br\/rest\/wp\/v2\/tags?post=20479"}],"curies":[{"name":"wp","href":"https:\/\/api.w.org\/{rel}","templated":true}]}}