{"id":20483,"date":"2018-04-13T11:02:23","date_gmt":"2018-04-13T14:02:23","guid":{"rendered":"http:\/\/www.psol50.org.br\/?p=20483"},"modified":"2018-04-13T11:02:23","modified_gmt":"2018-04-13T14:02:23","slug":"anistia-internacional-autoridades-devem-dar-resposta-sobre-quem-matou-marielle","status":"publish","type":"post","link":"https:\/\/psol50.org.br\/anistia-internacional-autoridades-devem-dar-resposta-sobre-quem-matou-marielle\/","title":{"rendered":"Anistia Internacional: Autoridades devem dar resposta sobre quem matou Marielle"},"content":{"rendered":"<p>No dia em que completam 30 dias da execu\u00e7\u00e3o de Marielle Franco e Anderson Gomes a <a href=\"https:\/\/anistia.org.br\/noticias\/brasil-autoridades-devem-dar-uma-resposta-sobre-quem-matou-marielle-franco\/\" target=\"_blank\" rel=\"noopener\"><strong><span style=\"color: #0000ff;\">Anistia Internacional Brasil<\/span><\/strong><\/a> se pronunciou pedindo que as autoridades \u00e0 frente da investiga\u00e7\u00e3o deem uma resposta sobre os autores do assassinato. A vereadora do PSOL no Rio de Janeiro e seu motorista foram alvejados na noite do dia 14 de mar\u00e7o, no bairro do Est\u00e1cio, regi\u00e3o central da cidade, quando saiam de uma atividade na Lapa chamada &#8220;Jovens negras movendo estruturas&#8221;.<\/p>\n<p>A\u00a0diretora-executiva da Anistia Internacional Brasil, Jurema Werneck, disse que enquanto o crime segue sem respostas, as amea\u00e7as aos defensores dos direitos humanos, pauta defendida por Marielle, aumentam. \u201cA sociedade precisa saber quem matou Marielle e por qu\u00ea. A cada dia que passa e este caso permanece sem respostas, o risco e amea\u00e7as em torno dos defensores e defensoras de direitos humanos aumentam\u201d.<\/p>\n<p>Werneck disse, ainda, que a n\u00e3o solu\u00e7\u00e3o passa a mensagem de que militantes podem ser mortos sem puni\u00e7\u00e3o para os respons\u00e1veis. \u201cO Estado deve garantir que o caso seja devidamente investigado e que tanto aqueles que efetuaram os disparos quanto aqueles que foram os autores intelectuais deste homic\u00eddio sejam identificados. Caso contr\u00e1rio, envia uma mensagem de que defensores de direitos humanos podem ser mortos e que esses crimes ficam impunes\u201d.<\/p>\n<p>O Brasil \u00e9 um dos pa\u00edses onde mais se mata defensores de direitos humanos. S\u00f3 em 2017, foram pelo menos 58 defensores assassinados. Tais crimes desencorajam a mobiliza\u00e7\u00e3o, alimentam o medo e o sil\u00eancio na sociedade.<\/p>\n<p>A Anistia Internacional \u00e9 taxativa, tamb\u00e9m, ao avaliar que o crime teve motiva\u00e7\u00e3o pol\u00edtica. A ONG destaca que as caracter\u00edsticas dos disparos e o envolvimento entre os dois ve\u00edculos indicam que foi um assassinato cuidadosamente planejado, realizado por pessoas com treinamento.<\/p>\n<p>\u201cO assassinato de uma vereadora, defensora de direitos humanos, ativista dos movimentos LGBTI e das favelas, negra e l\u00e9sbica, tem, claramente, a inten\u00e7\u00e3o de silenciar sua voz e de gerar medo e inseguran\u00e7a. Mas vamos continuar levantando nossas vozes. Desde que Marielle foi morta, as pessoas no Brasil e em todo o mundo se mobilizaram e n\u00e3o descansar\u00e3o at\u00e9 que a verdade seja conhecida e a justi\u00e7a seja feita. Eles tentaram nos calar, mas n\u00f3s mostramos que n\u00e3o estamos com medo\u201d, conclui Jurema Werneck.<\/p>\n","protected":false},"excerpt":{"rendered":"<p>No dia em que completam 30 dias da execu\u00e7\u00e3o de Marielle Franco e Anderson Gomes a Anistia Internacional Brasil se pronunciou pedindo que as autoridades \u00e0 frente da investiga\u00e7\u00e3o deem uma resposta sobre os autores do assassinato. A vereadora do PSOL no Rio de Janeiro e seu motorista foram alvejados na noite do dia 14 [&hellip;]<\/p>\n","protected":false},"author":2,"featured_media":20209,"comment_status":"open","ping_status":"open","sticky":false,"template":"","format":"standard","meta":{"_acf_changed":false,"footnotes":""},"categories":[1882,6],"tags":[1304,2420,131,534,2421,2422,194,22,162,1363],"class_list":{"0":"post-20483","1":"post","2":"type-post","3":"status-publish","4":"format-standard","5":"has-post-thumbnail","7":"category-brasil","8":"category-noticias","9":"tag-anderson-gomes","10":"tag-anistia-internacional","11":"tag-assassinato","12":"tag-direitos-humanos","13":"tag-execucao","14":"tag-jurema-werneck","15":"tag-marielle-franco","16":"tag-psol","17":"tag-rio-de-janeiro","18":"tag-vereadora"},"acf":[],"yoast_head":"<!-- This site is optimized with the Yoast SEO plugin v26.5 - https:\/\/yoast.com\/wordpress\/plugins\/seo\/ -->\n<title>Anistia Internacional: Autoridades devem dar resposta sobre quem matou Marielle - PSOL 50<\/title>\n<meta name=\"robots\" content=\"index, follow, max-snippet:-1, max-image-preview:large, max-video-preview:-1\" \/>\n<link rel=\"canonical\" href=\"https:\/\/psol50.org.br\/anistia-internacional-autoridades-devem-dar-resposta-sobre-quem-matou-marielle\/\" \/>\n<meta property=\"og:locale\" content=\"pt_BR\" \/>\n<meta property=\"og:type\" content=\"article\" \/>\n<meta property=\"og:title\" content=\"Anistia Internacional: Autoridades devem dar resposta sobre quem matou Marielle - PSOL 50\" \/>\n<meta property=\"og:description\" content=\"No dia em que completam 30 dias da execu\u00e7\u00e3o de Marielle Franco e Anderson Gomes a Anistia Internacional Brasil se pronunciou pedindo que as autoridades \u00e0 frente da investiga\u00e7\u00e3o deem uma resposta sobre os autores do assassinato. A vereadora do PSOL no Rio de Janeiro e seu motorista foram alvejados na noite do dia 14 [&hellip;]\" \/>\n<meta property=\"og:url\" content=\"https:\/\/psol50.org.br\/anistia-internacional-autoridades-devem-dar-resposta-sobre-quem-matou-marielle\/\" \/>\n<meta property=\"og:site_name\" content=\"PSOL 50\" \/>\n<meta property=\"article:publisher\" content=\"https:\/\/www.facebook.com\/psol50\" \/>\n<meta property=\"article:published_time\" content=\"2018-04-13T14:02:23+00:00\" \/>\n<meta property=\"og:image\" content=\"https:\/\/psol50.org.br\/inc\/uploads\/2018\/03\/MarielleFranco.PSOL_.jpg\" \/>\n\t<meta property=\"og:image:width\" content=\"1350\" \/>\n\t<meta property=\"og:image:height\" content=\"900\" \/>\n\t<meta property=\"og:image:type\" content=\"image\/jpeg\" \/>\n<meta name=\"author\" content=\"Comunica\u00e7\u00e3o PSOL\" \/>\n<meta name=\"twitter:card\" content=\"summary_large_image\" \/>\n<meta name=\"twitter:creator\" content=\"@psol50\" \/>\n<meta name=\"twitter:site\" content=\"@psol50\" \/>\n<meta name=\"twitter:label1\" content=\"Escrito por\" \/>\n\t<meta name=\"twitter:data1\" content=\"Comunica\u00e7\u00e3o PSOL\" \/>\n\t<meta name=\"twitter:label2\" content=\"Est. tempo de leitura\" \/>\n\t<meta name=\"twitter:data2\" content=\"2 minutos\" \/>\n<script type=\"application\/ld+json\" class=\"yoast-schema-graph\">{\"@context\":\"https:\/\/schema.org\",\"@graph\":[{\"@type\":\"Article\",\"@id\":\"https:\/\/psol50.org.br\/anistia-internacional-autoridades-devem-dar-resposta-sobre-quem-matou-marielle\/#article\",\"isPartOf\":{\"@id\":\"https:\/\/psol50.org.br\/anistia-internacional-autoridades-devem-dar-resposta-sobre-quem-matou-marielle\/\"},\"author\":{\"name\":\"Comunica\u00e7\u00e3o PSOL\",\"@id\":\"https:\/\/psol50.org.br\/#\/schema\/person\/475dfa57d0b815993c714c2e96491fcd\"},\"headline\":\"Anistia Internacional: Autoridades devem dar resposta sobre quem matou Marielle\",\"datePublished\":\"2018-04-13T14:02:23+00:00\",\"mainEntityOfPage\":{\"@id\":\"https:\/\/psol50.org.br\/anistia-internacional-autoridades-devem-dar-resposta-sobre-quem-matou-marielle\/\"},\"wordCount\":403,\"commentCount\":0,\"publisher\":{\"@id\":\"https:\/\/psol50.org.br\/#organization\"},\"image\":{\"@id\":\"https:\/\/psol50.org.br\/anistia-internacional-autoridades-devem-dar-resposta-sobre-quem-matou-marielle\/#primaryimage\"},\"thumbnailUrl\":\"https:\/\/psol50.org.br\/inc\/uploads\/2018\/03\/MarielleFranco.PSOL_.jpg\",\"keywords\":[\"Anderson Gomes\",\"Anistia Internacional\",\"assassinato\",\"direitos humanos\",\"execu\u00e7\u00e3o\",\"Jurema Werneck\",\"Marielle Franco\",\"PSOL\",\"Rio de Janeiro\",\"vereadora\"],\"articleSection\":[\"Brasil\",\"Not\u00edcias\"],\"inLanguage\":\"pt-BR\",\"potentialAction\":[{\"@type\":\"CommentAction\",\"name\":\"Comment\",\"target\":[\"https:\/\/psol50.org.br\/anistia-internacional-autoridades-devem-dar-resposta-sobre-quem-matou-marielle\/#respond\"]}]},{\"@type\":\"WebPage\",\"@id\":\"https:\/\/psol50.org.br\/anistia-internacional-autoridades-devem-dar-resposta-sobre-quem-matou-marielle\/\",\"url\":\"https:\/\/psol50.org.br\/anistia-internacional-autoridades-devem-dar-resposta-sobre-quem-matou-marielle\/\",\"name\":\"Anistia Internacional: Autoridades devem dar resposta sobre quem matou Marielle - PSOL 50\",\"isPartOf\":{\"@id\":\"https:\/\/psol50.org.br\/#website\"},\"primaryImageOfPage\":{\"@id\":\"https:\/\/psol50.org.br\/anistia-internacional-autoridades-devem-dar-resposta-sobre-quem-matou-marielle\/#primaryimage\"},\"image\":{\"@id\":\"https:\/\/psol50.org.br\/anistia-internacional-autoridades-devem-dar-resposta-sobre-quem-matou-marielle\/#primaryimage\"},\"thumbnailUrl\":\"https:\/\/psol50.org.br\/inc\/uploads\/2018\/03\/MarielleFranco.PSOL_.jpg\",\"datePublished\":\"2018-04-13T14:02:23+00:00\",\"breadcrumb\":{\"@id\":\"https:\/\/psol50.org.br\/anistia-internacional-autoridades-devem-dar-resposta-sobre-quem-matou-marielle\/#breadcrumb\"},\"inLanguage\":\"pt-BR\",\"potentialAction\":[{\"@type\":\"ReadAction\",\"target\":[\"https:\/\/psol50.org.br\/anistia-internacional-autoridades-devem-dar-resposta-sobre-quem-matou-marielle\/\"]}]},{\"@type\":\"ImageObject\",\"inLanguage\":\"pt-BR\",\"@id\":\"https:\/\/psol50.org.br\/anistia-internacional-autoridades-devem-dar-resposta-sobre-quem-matou-marielle\/#primaryimage\",\"url\":\"https:\/\/psol50.org.br\/inc\/uploads\/2018\/03\/MarielleFranco.PSOL_.jpg\",\"contentUrl\":\"https:\/\/psol50.org.br\/inc\/uploads\/2018\/03\/MarielleFranco.PSOL_.jpg\",\"width\":1350,\"height\":900},{\"@type\":\"BreadcrumbList\",\"@id\":\"https:\/\/psol50.org.br\/anistia-internacional-autoridades-devem-dar-resposta-sobre-quem-matou-marielle\/#breadcrumb\",\"itemListElement\":[{\"@type\":\"ListItem\",\"position\":1,\"name\":\"In\u00edcio\",\"item\":\"https:\/\/psol50.org.br\/\"},{\"@type\":\"ListItem\",\"position\":2,\"name\":\"Anistia Internacional: Autoridades devem dar resposta sobre quem matou Marielle\"}]},{\"@type\":\"WebSite\",\"@id\":\"https:\/\/psol50.org.br\/#website\",\"url\":\"https:\/\/psol50.org.br\/\",\"name\":\"PSOL 50\",\"description\":\"Site oficial do Partido Socialismo e Liberdade\",\"publisher\":{\"@id\":\"https:\/\/psol50.org.br\/#organization\"},\"alternateName\":\"PSOL50\",\"potentialAction\":[{\"@type\":\"SearchAction\",\"target\":{\"@type\":\"EntryPoint\",\"urlTemplate\":\"https:\/\/psol50.org.br\/?s={search_term_string}\"},\"query-input\":{\"@type\":\"PropertyValueSpecification\",\"valueRequired\":true,\"valueName\":\"search_term_string\"}}],\"inLanguage\":\"pt-BR\"},{\"@type\":\"Organization\",\"@id\":\"https:\/\/psol50.org.br\/#organization\",\"name\":\"PSOL 50\",\"alternateName\":\"PSOL 50\",\"url\":\"https:\/\/psol50.org.br\/\",\"logo\":{\"@type\":\"ImageObject\",\"inLanguage\":\"pt-BR\",\"@id\":\"https:\/\/psol50.org.br\/#\/schema\/logo\/image\/\",\"url\":\"https:\/\/psol50.org.br\/inc\/uploads\/2018\/07\/capa.png\",\"contentUrl\":\"https:\/\/psol50.org.br\/inc\/uploads\/2018\/07\/capa.png\",\"width\":1350,\"height\":900,\"caption\":\"PSOL 50\"},\"image\":{\"@id\":\"https:\/\/psol50.org.br\/#\/schema\/logo\/image\/\"},\"sameAs\":[\"https:\/\/www.facebook.com\/psol50\",\"https:\/\/x.com\/psol50\",\"https:\/\/www.instagram.com\/psol50\/\",\"https:\/\/www.youtube.com\/channel\/UC7SnJS5o1os7a6CaiNabzcg\"]},{\"@type\":\"Person\",\"@id\":\"https:\/\/psol50.org.br\/#\/schema\/person\/475dfa57d0b815993c714c2e96491fcd\",\"name\":\"Comunica\u00e7\u00e3o PSOL\",\"image\":{\"@type\":\"ImageObject\",\"inLanguage\":\"pt-BR\",\"@id\":\"https:\/\/psol50.org.br\/#\/schema\/person\/image\/\",\"url\":\"https:\/\/secure.gravatar.com\/avatar\/b34fc4f4e468a4e51785917065a3db57b841f5c95dba6ad8c73aaf8f66f8f9bf?s=96&d=mm&r=g\",\"contentUrl\":\"https:\/\/secure.gravatar.com\/avatar\/b34fc4f4e468a4e51785917065a3db57b841f5c95dba6ad8c73aaf8f66f8f9bf?s=96&d=mm&r=g\",\"caption\":\"Comunica\u00e7\u00e3o PSOL\"}}]}<\/script>\n<!-- \/ Yoast SEO plugin. -->","yoast_head_json":{"title":"Anistia Internacional: Autoridades devem dar resposta sobre quem matou Marielle - PSOL 50","robots":{"index":"index","follow":"follow","max-snippet":"max-snippet:-1","max-image-preview":"max-image-preview:large","max-video-preview":"max-video-preview:-1"},"canonical":"https:\/\/psol50.org.br\/anistia-internacional-autoridades-devem-dar-resposta-sobre-quem-matou-marielle\/","og_locale":"pt_BR","og_type":"article","og_title":"Anistia Internacional: Autoridades devem dar resposta sobre quem matou Marielle - PSOL 50","og_description":"No dia em que completam 30 dias da execu\u00e7\u00e3o de Marielle Franco e Anderson Gomes a Anistia Internacional Brasil se pronunciou pedindo que as autoridades \u00e0 frente da investiga\u00e7\u00e3o deem uma resposta sobre os autores do assassinato. A vereadora do PSOL no Rio de Janeiro e seu motorista foram alvejados na noite do dia 14 [&hellip;]","og_url":"https:\/\/psol50.org.br\/anistia-internacional-autoridades-devem-dar-resposta-sobre-quem-matou-marielle\/","og_site_name":"PSOL 50","article_publisher":"https:\/\/www.facebook.com\/psol50","article_published_time":"2018-04-13T14:02:23+00:00","og_image":[{"width":1350,"height":900,"url":"https:\/\/psol50.org.br\/inc\/uploads\/2018\/03\/MarielleFranco.PSOL_.jpg","type":"image\/jpeg"}],"author":"Comunica\u00e7\u00e3o PSOL","twitter_card":"summary_large_image","twitter_creator":"@psol50","twitter_site":"@psol50","twitter_misc":{"Escrito por":"Comunica\u00e7\u00e3o PSOL","Est. tempo de leitura":"2 minutos"},"schema":{"@context":"https:\/\/schema.org","@graph":[{"@type":"Article","@id":"https:\/\/psol50.org.br\/anistia-internacional-autoridades-devem-dar-resposta-sobre-quem-matou-marielle\/#article","isPartOf":{"@id":"https:\/\/psol50.org.br\/anistia-internacional-autoridades-devem-dar-resposta-sobre-quem-matou-marielle\/"},"author":{"name":"Comunica\u00e7\u00e3o PSOL","@id":"https:\/\/psol50.org.br\/#\/schema\/person\/475dfa57d0b815993c714c2e96491fcd"},"headline":"Anistia Internacional: Autoridades devem dar resposta sobre quem matou Marielle","datePublished":"2018-04-13T14:02:23+00:00","mainEntityOfPage":{"@id":"https:\/\/psol50.org.br\/anistia-internacional-autoridades-devem-dar-resposta-sobre-quem-matou-marielle\/"},"wordCount":403,"commentCount":0,"publisher":{"@id":"https:\/\/psol50.org.br\/#organization"},"image":{"@id":"https:\/\/psol50.org.br\/anistia-internacional-autoridades-devem-dar-resposta-sobre-quem-matou-marielle\/#primaryimage"},"thumbnailUrl":"https:\/\/psol50.org.br\/inc\/uploads\/2018\/03\/MarielleFranco.PSOL_.jpg","keywords":["Anderson Gomes","Anistia Internacional","assassinato","direitos humanos","execu\u00e7\u00e3o","Jurema Werneck","Marielle Franco","PSOL","Rio de Janeiro","vereadora"],"articleSection":["Brasil","Not\u00edcias"],"inLanguage":"pt-BR","potentialAction":[{"@type":"CommentAction","name":"Comment","target":["https:\/\/psol50.org.br\/anistia-internacional-autoridades-devem-dar-resposta-sobre-quem-matou-marielle\/#respond"]}]},{"@type":"WebPage","@id":"https:\/\/psol50.org.br\/anistia-internacional-autoridades-devem-dar-resposta-sobre-quem-matou-marielle\/","url":"https:\/\/psol50.org.br\/anistia-internacional-autoridades-devem-dar-resposta-sobre-quem-matou-marielle\/","name":"Anistia Internacional: Autoridades devem dar resposta sobre quem matou Marielle - PSOL 50","isPartOf":{"@id":"https:\/\/psol50.org.br\/#website"},"primaryImageOfPage":{"@id":"https:\/\/psol50.org.br\/anistia-internacional-autoridades-devem-dar-resposta-sobre-quem-matou-marielle\/#primaryimage"},"image":{"@id":"https:\/\/psol50.org.br\/anistia-internacional-autoridades-devem-dar-resposta-sobre-quem-matou-marielle\/#primaryimage"},"thumbnailUrl":"https:\/\/psol50.org.br\/inc\/uploads\/2018\/03\/MarielleFranco.PSOL_.jpg","datePublished":"2018-04-13T14:02:23+00:00","breadcrumb":{"@id":"https:\/\/psol50.org.br\/anistia-internacional-autoridades-devem-dar-resposta-sobre-quem-matou-marielle\/#breadcrumb"},"inLanguage":"pt-BR","potentialAction":[{"@type":"ReadAction","target":["https:\/\/psol50.org.br\/anistia-internacional-autoridades-devem-dar-resposta-sobre-quem-matou-marielle\/"]}]},{"@type":"ImageObject","inLanguage":"pt-BR","@id":"https:\/\/psol50.org.br\/anistia-internacional-autoridades-devem-dar-resposta-sobre-quem-matou-marielle\/#primaryimage","url":"https:\/\/psol50.org.br\/inc\/uploads\/2018\/03\/MarielleFranco.PSOL_.jpg","contentUrl":"https:\/\/psol50.org.br\/inc\/uploads\/2018\/03\/MarielleFranco.PSOL_.jpg","width":1350,"height":900},{"@type":"BreadcrumbList","@id":"https:\/\/psol50.org.br\/anistia-internacional-autoridades-devem-dar-resposta-sobre-quem-matou-marielle\/#breadcrumb","itemListElement":[{"@type":"ListItem","position":1,"name":"In\u00edcio","item":"https:\/\/psol50.org.br\/"},{"@type":"ListItem","position":2,"name":"Anistia Internacional: Autoridades devem dar resposta sobre quem matou Marielle"}]},{"@type":"WebSite","@id":"https:\/\/psol50.org.br\/#website","url":"https:\/\/psol50.org.br\/","name":"PSOL 50","description":"Site oficial do Partido Socialismo e Liberdade","publisher":{"@id":"https:\/\/psol50.org.br\/#organization"},"alternateName":"PSOL50","potentialAction":[{"@type":"SearchAction","target":{"@type":"EntryPoint","urlTemplate":"https:\/\/psol50.org.br\/?s={search_term_string}"},"query-input":{"@type":"PropertyValueSpecification","valueRequired":true,"valueName":"search_term_string"}}],"inLanguage":"pt-BR"},{"@type":"Organization","@id":"https:\/\/psol50.org.br\/#organization","name":"PSOL 50","alternateName":"PSOL 50","url":"https:\/\/psol50.org.br\/","logo":{"@type":"ImageObject","inLanguage":"pt-BR","@id":"https:\/\/psol50.org.br\/#\/schema\/logo\/image\/","url":"https:\/\/psol50.org.br\/inc\/uploads\/2018\/07\/capa.png","contentUrl":"https:\/\/psol50.org.br\/inc\/uploads\/2018\/07\/capa.png","width":1350,"height":900,"caption":"PSOL 50"},"image":{"@id":"https:\/\/psol50.org.br\/#\/schema\/logo\/image\/"},"sameAs":["https:\/\/www.facebook.com\/psol50","https:\/\/x.com\/psol50","https:\/\/www.instagram.com\/psol50\/","https:\/\/www.youtube.com\/channel\/UC7SnJS5o1os7a6CaiNabzcg"]},{"@type":"Person","@id":"https:\/\/psol50.org.br\/#\/schema\/person\/475dfa57d0b815993c714c2e96491fcd","name":"Comunica\u00e7\u00e3o PSOL","image":{"@type":"ImageObject","inLanguage":"pt-BR","@id":"https:\/\/psol50.org.br\/#\/schema\/person\/image\/","url":"https:\/\/secure.gravatar.com\/avatar\/b34fc4f4e468a4e51785917065a3db57b841f5c95dba6ad8c73aaf8f66f8f9bf?s=96&d=mm&r=g","contentUrl":"https:\/\/secure.gravatar.com\/avatar\/b34fc4f4e468a4e51785917065a3db57b841f5c95dba6ad8c73aaf8f66f8f9bf?s=96&d=mm&r=g","caption":"Comunica\u00e7\u00e3o PSOL"}}]}},"_links":{"self":[{"href":"https:\/\/psol50.org.br\/rest\/wp\/v2\/posts\/20483","targetHints":{"allow":["GET"]}}],"collection":[{"href":"https:\/\/psol50.org.br\/rest\/wp\/v2\/posts"}],"about":[{"href":"https:\/\/psol50.org.br\/rest\/wp\/v2\/types\/post"}],"author":[{"embeddable":true,"href":"https:\/\/psol50.org.br\/rest\/wp\/v2\/users\/2"}],"replies":[{"embeddable":true,"href":"https:\/\/psol50.org.br\/rest\/wp\/v2\/comments?post=20483"}],"version-history":[{"count":0,"href":"https:\/\/psol50.org.br\/rest\/wp\/v2\/posts\/20483\/revisions"}],"wp:featuredmedia":[{"embeddable":true,"href":"https:\/\/psol50.org.br\/rest\/wp\/v2\/media\/20209"}],"wp:attachment":[{"href":"https:\/\/psol50.org.br\/rest\/wp\/v2\/media?parent=20483"}],"wp:term":[{"taxonomy":"category","embeddable":true,"href":"https:\/\/psol50.org.br\/rest\/wp\/v2\/categories?post=20483"},{"taxonomy":"post_tag","embeddable":true,"href":"https:\/\/psol50.org.br\/rest\/wp\/v2\/tags?post=20483"}],"curies":[{"name":"wp","href":"https:\/\/api.w.org\/{rel}","templated":true}]}}