{"id":20489,"date":"2018-04-13T16:13:54","date_gmt":"2018-04-13T19:13:54","guid":{"rendered":"http:\/\/www.psol50.org.br\/?p=20489"},"modified":"2018-04-13T16:13:54","modified_gmt":"2018-04-13T19:13:54","slug":"psol-lamenta-assassinato-de-cacau-e-reafirma-para-nos-luto-e-verbo","status":"publish","type":"post","link":"https:\/\/psol50.org.br\/psol-lamenta-assassinato-de-cacau-e-reafirma-para-nos-luto-e-verbo\/","title":{"rendered":"PSOL lamenta assassinato de Cacau e reafirma: para n\u00f3s, luto \u00e9 verbo!"},"content":{"rendered":"<p>Tomamos conhecimento, perplexos, que na noite do dia 11 de abril mais um das fileiras do PSOL tombou. Trata-se de Antonio Carlos Silva Almeida, tamb\u00e9m amplamente conhecido como Cacau. O fato ocorreu na cidade de Capim Grosso, interior da Bahia.<\/p>\n<p>Cacau foi candidato a prefeito pelo PSOL em 2012 na cidade e havia se colocado \u00e0 disposi\u00e7\u00e3o para a candidatura a deputado federal. Ativo militante, iria participar de atividades realizadas pelo partido em Senhor do Bonfim no pr\u00f3ximo s\u00e1bado, 14 de abril, data que marca um m\u00eas do brutal assassinato da vereadora do Rio de Janeiro Marielle Franco, ainda sem identifica\u00e7\u00e3o de seus algozes, crime pol\u00edtico com caracter\u00edsticas mis\u00f3gina e racial, que tamb\u00e9m vitimou o motorista que a acompanhava, Anderson Gomes.<\/p>\n<p>Essa sequ\u00eancia de atos expressam um aprofundamento da crise pol\u00edtica e institucional. No Brasil e no mundo, estamos diante da acelera\u00e7\u00e3o dos retrocessos e de uma brutal etapa regressiva nas poucas conquistas de trabalhadoras e trabalhadores, do povo, acumuladas \u00e0s custas de muito sangue, suor e l\u00e1grimas, tendo como momento mais marcante no Brasil o golpe de 2016. Mesmo a democracia burguesa representativa, que n\u00e3o nos atende, vem sendo afrontada numa velocidade que atinge o \u00e1pice com os assassinatos, amea\u00e7as e atentados, declara\u00e7\u00f5es contradit\u00f3rias e amea\u00e7adoras de autoridades do Ex\u00e9rcito, do poder Judici\u00e1rio e da repress\u00e3o burguesa.<\/p>\n<p>S\u00f3 na Bahia, a viol\u00eancia perpetrada contra Cacau se junta a tantas outras lutadoras e lutadores do povo, como a de Marcinho do MST. Sendo assim, nos solidarizamos com familiares e amigos, o povo de Capim Grosso, lutadoras e lutadores do campo e da cidade ao tempo em que reafirmamos o compromisso de engrossarmos as fileiras da resist\u00eancia por um mundo mais humano, socialmente referenciado, livre de toda a forma de opress\u00e3o e sem classes.<\/p>\n<p>Representa\u00e7\u00e3o da dire\u00e7\u00e3o do PSOL Bahia se encontra na cidade de Capim Grosso e acompanha as investiga\u00e7\u00f5es por parte do delegado local. Tamb\u00e9m foi protocolado pela dire\u00e7\u00e3o estadual pedido de audi\u00eancia com o Secret\u00e1rio Estadual de Seguran\u00e7a P\u00fablica do Estado da Bahia, Maur\u00edcio Barbosa. \u00c9 preciso que os fatos sejam apurados!<\/p>\n<p>Convocamos a milit\u00e2ncia, trabalhadoras e trabalhadores, o povo, a ir para as ruas resistir e lutar por democracia, direitos e cidadania frente ao avan\u00e7o do autoritarismo e da viol\u00eancia pol\u00edtica.<\/p>\n<p><strong>S\u00f3 a luta muda a vida!<\/strong><\/p>\n<p><strong>Cacau vive!<\/strong><\/p>\n<p><strong>Executiva Nacional do PSOL<\/strong><\/p>\n","protected":false},"excerpt":{"rendered":"<p>Tomamos conhecimento, perplexos, que na noite do dia 11 de abril mais um das fileiras do PSOL tombou. Trata-se de Antonio Carlos Silva Almeida, tamb\u00e9m amplamente conhecido como Cacau. O fato ocorreu na cidade de Capim Grosso, interior da Bahia. Cacau foi candidato a prefeito pelo PSOL em 2012 na cidade e havia se colocado [&hellip;]<\/p>\n","protected":false},"author":2,"featured_media":19447,"comment_status":"open","ping_status":"open","sticky":false,"template":"","format":"standard","meta":{"_acf_changed":false,"footnotes":""},"categories":[654,6,14],"tags":[37,2423,242,194,243],"class_list":{"0":"post-20489","1":"post","2":"type-post","3":"status-publish","4":"format-standard","5":"has-post-thumbnail","7":"category-estados","8":"category-noticias","9":"category-partido","10":"tag-bahia","11":"tag-cacau","12":"tag-executiva-nacional-do-psol","13":"tag-marielle-franco","14":"tag-nota-do-psol"},"acf":[],"yoast_head":"<!-- This site is optimized with the Yoast SEO plugin v26.5 - https:\/\/yoast.com\/wordpress\/plugins\/seo\/ -->\n<title>PSOL lamenta assassinato de Cacau e reafirma: para n\u00f3s, luto \u00e9 verbo! - PSOL 50<\/title>\n<meta name=\"robots\" content=\"index, follow, max-snippet:-1, max-image-preview:large, max-video-preview:-1\" \/>\n<link rel=\"canonical\" href=\"https:\/\/psol50.org.br\/psol-lamenta-assassinato-de-cacau-e-reafirma-para-nos-luto-e-verbo\/\" \/>\n<meta property=\"og:locale\" content=\"pt_BR\" \/>\n<meta property=\"og:type\" content=\"article\" \/>\n<meta property=\"og:title\" content=\"PSOL lamenta assassinato de Cacau e reafirma: para n\u00f3s, luto \u00e9 verbo! - PSOL 50\" \/>\n<meta property=\"og:description\" content=\"Tomamos conhecimento, perplexos, que na noite do dia 11 de abril mais um das fileiras do PSOL tombou. Trata-se de Antonio Carlos Silva Almeida, tamb\u00e9m amplamente conhecido como Cacau. O fato ocorreu na cidade de Capim Grosso, interior da Bahia. Cacau foi candidato a prefeito pelo PSOL em 2012 na cidade e havia se colocado [&hellip;]\" \/>\n<meta property=\"og:url\" content=\"https:\/\/psol50.org.br\/psol-lamenta-assassinato-de-cacau-e-reafirma-para-nos-luto-e-verbo\/\" \/>\n<meta property=\"og:site_name\" content=\"PSOL 50\" \/>\n<meta property=\"article:publisher\" content=\"https:\/\/www.facebook.com\/psol50\" \/>\n<meta property=\"article:published_time\" content=\"2018-04-13T19:13:54+00:00\" \/>\n<meta property=\"og:image\" content=\"https:\/\/psol50.org.br\/inc\/uploads\/2018\/01\/NotaPSOL.preto-01.png\" \/>\n\t<meta property=\"og:image:width\" content=\"1800\" \/>\n\t<meta property=\"og:image:height\" content=\"1200\" \/>\n\t<meta property=\"og:image:type\" content=\"image\/png\" \/>\n<meta name=\"author\" content=\"Comunica\u00e7\u00e3o PSOL\" \/>\n<meta name=\"twitter:card\" content=\"summary_large_image\" \/>\n<meta name=\"twitter:creator\" content=\"@psol50\" \/>\n<meta name=\"twitter:site\" content=\"@psol50\" \/>\n<meta name=\"twitter:label1\" content=\"Escrito por\" \/>\n\t<meta name=\"twitter:data1\" content=\"Comunica\u00e7\u00e3o PSOL\" \/>\n\t<meta name=\"twitter:label2\" content=\"Est. tempo de leitura\" \/>\n\t<meta name=\"twitter:data2\" content=\"2 minutos\" \/>\n<script type=\"application\/ld+json\" class=\"yoast-schema-graph\">{\"@context\":\"https:\/\/schema.org\",\"@graph\":[{\"@type\":\"Article\",\"@id\":\"https:\/\/psol50.org.br\/psol-lamenta-assassinato-de-cacau-e-reafirma-para-nos-luto-e-verbo\/#article\",\"isPartOf\":{\"@id\":\"https:\/\/psol50.org.br\/psol-lamenta-assassinato-de-cacau-e-reafirma-para-nos-luto-e-verbo\/\"},\"author\":{\"name\":\"Comunica\u00e7\u00e3o PSOL\",\"@id\":\"https:\/\/psol50.org.br\/#\/schema\/person\/475dfa57d0b815993c714c2e96491fcd\"},\"headline\":\"PSOL lamenta assassinato de Cacau e reafirma: para n\u00f3s, luto \u00e9 verbo!\",\"datePublished\":\"2018-04-13T19:13:54+00:00\",\"mainEntityOfPage\":{\"@id\":\"https:\/\/psol50.org.br\/psol-lamenta-assassinato-de-cacau-e-reafirma-para-nos-luto-e-verbo\/\"},\"wordCount\":431,\"commentCount\":0,\"publisher\":{\"@id\":\"https:\/\/psol50.org.br\/#organization\"},\"image\":{\"@id\":\"https:\/\/psol50.org.br\/psol-lamenta-assassinato-de-cacau-e-reafirma-para-nos-luto-e-verbo\/#primaryimage\"},\"thumbnailUrl\":\"https:\/\/psol50.org.br\/inc\/uploads\/2018\/01\/NotaPSOL.preto-01.png\",\"keywords\":[\"Bahia\",\"Cacau\",\"Executiva Nacional do PSOL\",\"Marielle Franco\",\"Nota do PSOL\"],\"articleSection\":[\"Estados\",\"Not\u00edcias\",\"Partido\"],\"inLanguage\":\"pt-BR\",\"potentialAction\":[{\"@type\":\"CommentAction\",\"name\":\"Comment\",\"target\":[\"https:\/\/psol50.org.br\/psol-lamenta-assassinato-de-cacau-e-reafirma-para-nos-luto-e-verbo\/#respond\"]}]},{\"@type\":\"WebPage\",\"@id\":\"https:\/\/psol50.org.br\/psol-lamenta-assassinato-de-cacau-e-reafirma-para-nos-luto-e-verbo\/\",\"url\":\"https:\/\/psol50.org.br\/psol-lamenta-assassinato-de-cacau-e-reafirma-para-nos-luto-e-verbo\/\",\"name\":\"PSOL lamenta assassinato de Cacau e reafirma: para n\u00f3s, luto \u00e9 verbo! - PSOL 50\",\"isPartOf\":{\"@id\":\"https:\/\/psol50.org.br\/#website\"},\"primaryImageOfPage\":{\"@id\":\"https:\/\/psol50.org.br\/psol-lamenta-assassinato-de-cacau-e-reafirma-para-nos-luto-e-verbo\/#primaryimage\"},\"image\":{\"@id\":\"https:\/\/psol50.org.br\/psol-lamenta-assassinato-de-cacau-e-reafirma-para-nos-luto-e-verbo\/#primaryimage\"},\"thumbnailUrl\":\"https:\/\/psol50.org.br\/inc\/uploads\/2018\/01\/NotaPSOL.preto-01.png\",\"datePublished\":\"2018-04-13T19:13:54+00:00\",\"breadcrumb\":{\"@id\":\"https:\/\/psol50.org.br\/psol-lamenta-assassinato-de-cacau-e-reafirma-para-nos-luto-e-verbo\/#breadcrumb\"},\"inLanguage\":\"pt-BR\",\"potentialAction\":[{\"@type\":\"ReadAction\",\"target\":[\"https:\/\/psol50.org.br\/psol-lamenta-assassinato-de-cacau-e-reafirma-para-nos-luto-e-verbo\/\"]}]},{\"@type\":\"ImageObject\",\"inLanguage\":\"pt-BR\",\"@id\":\"https:\/\/psol50.org.br\/psol-lamenta-assassinato-de-cacau-e-reafirma-para-nos-luto-e-verbo\/#primaryimage\",\"url\":\"https:\/\/psol50.org.br\/inc\/uploads\/2018\/01\/NotaPSOL.preto-01.png\",\"contentUrl\":\"https:\/\/psol50.org.br\/inc\/uploads\/2018\/01\/NotaPSOL.preto-01.png\",\"width\":1800,\"height\":1200},{\"@type\":\"BreadcrumbList\",\"@id\":\"https:\/\/psol50.org.br\/psol-lamenta-assassinato-de-cacau-e-reafirma-para-nos-luto-e-verbo\/#breadcrumb\",\"itemListElement\":[{\"@type\":\"ListItem\",\"position\":1,\"name\":\"In\u00edcio\",\"item\":\"https:\/\/psol50.org.br\/\"},{\"@type\":\"ListItem\",\"position\":2,\"name\":\"PSOL lamenta assassinato de Cacau e reafirma: para n\u00f3s, luto \u00e9 verbo!\"}]},{\"@type\":\"WebSite\",\"@id\":\"https:\/\/psol50.org.br\/#website\",\"url\":\"https:\/\/psol50.org.br\/\",\"name\":\"PSOL 50\",\"description\":\"Site oficial do Partido Socialismo e Liberdade\",\"publisher\":{\"@id\":\"https:\/\/psol50.org.br\/#organization\"},\"alternateName\":\"PSOL50\",\"potentialAction\":[{\"@type\":\"SearchAction\",\"target\":{\"@type\":\"EntryPoint\",\"urlTemplate\":\"https:\/\/psol50.org.br\/?s={search_term_string}\"},\"query-input\":{\"@type\":\"PropertyValueSpecification\",\"valueRequired\":true,\"valueName\":\"search_term_string\"}}],\"inLanguage\":\"pt-BR\"},{\"@type\":\"Organization\",\"@id\":\"https:\/\/psol50.org.br\/#organization\",\"name\":\"PSOL 50\",\"alternateName\":\"PSOL 50\",\"url\":\"https:\/\/psol50.org.br\/\",\"logo\":{\"@type\":\"ImageObject\",\"inLanguage\":\"pt-BR\",\"@id\":\"https:\/\/psol50.org.br\/#\/schema\/logo\/image\/\",\"url\":\"https:\/\/psol50.org.br\/inc\/uploads\/2018\/07\/capa.png\",\"contentUrl\":\"https:\/\/psol50.org.br\/inc\/uploads\/2018\/07\/capa.png\",\"width\":1350,\"height\":900,\"caption\":\"PSOL 50\"},\"image\":{\"@id\":\"https:\/\/psol50.org.br\/#\/schema\/logo\/image\/\"},\"sameAs\":[\"https:\/\/www.facebook.com\/psol50\",\"https:\/\/x.com\/psol50\",\"https:\/\/www.instagram.com\/psol50\/\",\"https:\/\/www.youtube.com\/channel\/UC7SnJS5o1os7a6CaiNabzcg\"]},{\"@type\":\"Person\",\"@id\":\"https:\/\/psol50.org.br\/#\/schema\/person\/475dfa57d0b815993c714c2e96491fcd\",\"name\":\"Comunica\u00e7\u00e3o PSOL\",\"image\":{\"@type\":\"ImageObject\",\"inLanguage\":\"pt-BR\",\"@id\":\"https:\/\/psol50.org.br\/#\/schema\/person\/image\/\",\"url\":\"https:\/\/secure.gravatar.com\/avatar\/b34fc4f4e468a4e51785917065a3db57b841f5c95dba6ad8c73aaf8f66f8f9bf?s=96&d=mm&r=g\",\"contentUrl\":\"https:\/\/secure.gravatar.com\/avatar\/b34fc4f4e468a4e51785917065a3db57b841f5c95dba6ad8c73aaf8f66f8f9bf?s=96&d=mm&r=g\",\"caption\":\"Comunica\u00e7\u00e3o PSOL\"}}]}<\/script>\n<!-- \/ Yoast SEO plugin. -->","yoast_head_json":{"title":"PSOL lamenta assassinato de Cacau e reafirma: para n\u00f3s, luto \u00e9 verbo! - PSOL 50","robots":{"index":"index","follow":"follow","max-snippet":"max-snippet:-1","max-image-preview":"max-image-preview:large","max-video-preview":"max-video-preview:-1"},"canonical":"https:\/\/psol50.org.br\/psol-lamenta-assassinato-de-cacau-e-reafirma-para-nos-luto-e-verbo\/","og_locale":"pt_BR","og_type":"article","og_title":"PSOL lamenta assassinato de Cacau e reafirma: para n\u00f3s, luto \u00e9 verbo! - PSOL 50","og_description":"Tomamos conhecimento, perplexos, que na noite do dia 11 de abril mais um das fileiras do PSOL tombou. Trata-se de Antonio Carlos Silva Almeida, tamb\u00e9m amplamente conhecido como Cacau. O fato ocorreu na cidade de Capim Grosso, interior da Bahia. Cacau foi candidato a prefeito pelo PSOL em 2012 na cidade e havia se colocado [&hellip;]","og_url":"https:\/\/psol50.org.br\/psol-lamenta-assassinato-de-cacau-e-reafirma-para-nos-luto-e-verbo\/","og_site_name":"PSOL 50","article_publisher":"https:\/\/www.facebook.com\/psol50","article_published_time":"2018-04-13T19:13:54+00:00","og_image":[{"width":1800,"height":1200,"url":"https:\/\/psol50.org.br\/inc\/uploads\/2018\/01\/NotaPSOL.preto-01.png","type":"image\/png"}],"author":"Comunica\u00e7\u00e3o PSOL","twitter_card":"summary_large_image","twitter_creator":"@psol50","twitter_site":"@psol50","twitter_misc":{"Escrito por":"Comunica\u00e7\u00e3o PSOL","Est. tempo de leitura":"2 minutos"},"schema":{"@context":"https:\/\/schema.org","@graph":[{"@type":"Article","@id":"https:\/\/psol50.org.br\/psol-lamenta-assassinato-de-cacau-e-reafirma-para-nos-luto-e-verbo\/#article","isPartOf":{"@id":"https:\/\/psol50.org.br\/psol-lamenta-assassinato-de-cacau-e-reafirma-para-nos-luto-e-verbo\/"},"author":{"name":"Comunica\u00e7\u00e3o PSOL","@id":"https:\/\/psol50.org.br\/#\/schema\/person\/475dfa57d0b815993c714c2e96491fcd"},"headline":"PSOL lamenta assassinato de Cacau e reafirma: para n\u00f3s, luto \u00e9 verbo!","datePublished":"2018-04-13T19:13:54+00:00","mainEntityOfPage":{"@id":"https:\/\/psol50.org.br\/psol-lamenta-assassinato-de-cacau-e-reafirma-para-nos-luto-e-verbo\/"},"wordCount":431,"commentCount":0,"publisher":{"@id":"https:\/\/psol50.org.br\/#organization"},"image":{"@id":"https:\/\/psol50.org.br\/psol-lamenta-assassinato-de-cacau-e-reafirma-para-nos-luto-e-verbo\/#primaryimage"},"thumbnailUrl":"https:\/\/psol50.org.br\/inc\/uploads\/2018\/01\/NotaPSOL.preto-01.png","keywords":["Bahia","Cacau","Executiva Nacional do PSOL","Marielle Franco","Nota do PSOL"],"articleSection":["Estados","Not\u00edcias","Partido"],"inLanguage":"pt-BR","potentialAction":[{"@type":"CommentAction","name":"Comment","target":["https:\/\/psol50.org.br\/psol-lamenta-assassinato-de-cacau-e-reafirma-para-nos-luto-e-verbo\/#respond"]}]},{"@type":"WebPage","@id":"https:\/\/psol50.org.br\/psol-lamenta-assassinato-de-cacau-e-reafirma-para-nos-luto-e-verbo\/","url":"https:\/\/psol50.org.br\/psol-lamenta-assassinato-de-cacau-e-reafirma-para-nos-luto-e-verbo\/","name":"PSOL lamenta assassinato de Cacau e reafirma: para n\u00f3s, luto \u00e9 verbo! - PSOL 50","isPartOf":{"@id":"https:\/\/psol50.org.br\/#website"},"primaryImageOfPage":{"@id":"https:\/\/psol50.org.br\/psol-lamenta-assassinato-de-cacau-e-reafirma-para-nos-luto-e-verbo\/#primaryimage"},"image":{"@id":"https:\/\/psol50.org.br\/psol-lamenta-assassinato-de-cacau-e-reafirma-para-nos-luto-e-verbo\/#primaryimage"},"thumbnailUrl":"https:\/\/psol50.org.br\/inc\/uploads\/2018\/01\/NotaPSOL.preto-01.png","datePublished":"2018-04-13T19:13:54+00:00","breadcrumb":{"@id":"https:\/\/psol50.org.br\/psol-lamenta-assassinato-de-cacau-e-reafirma-para-nos-luto-e-verbo\/#breadcrumb"},"inLanguage":"pt-BR","potentialAction":[{"@type":"ReadAction","target":["https:\/\/psol50.org.br\/psol-lamenta-assassinato-de-cacau-e-reafirma-para-nos-luto-e-verbo\/"]}]},{"@type":"ImageObject","inLanguage":"pt-BR","@id":"https:\/\/psol50.org.br\/psol-lamenta-assassinato-de-cacau-e-reafirma-para-nos-luto-e-verbo\/#primaryimage","url":"https:\/\/psol50.org.br\/inc\/uploads\/2018\/01\/NotaPSOL.preto-01.png","contentUrl":"https:\/\/psol50.org.br\/inc\/uploads\/2018\/01\/NotaPSOL.preto-01.png","width":1800,"height":1200},{"@type":"BreadcrumbList","@id":"https:\/\/psol50.org.br\/psol-lamenta-assassinato-de-cacau-e-reafirma-para-nos-luto-e-verbo\/#breadcrumb","itemListElement":[{"@type":"ListItem","position":1,"name":"In\u00edcio","item":"https:\/\/psol50.org.br\/"},{"@type":"ListItem","position":2,"name":"PSOL lamenta assassinato de Cacau e reafirma: para n\u00f3s, luto \u00e9 verbo!"}]},{"@type":"WebSite","@id":"https:\/\/psol50.org.br\/#website","url":"https:\/\/psol50.org.br\/","name":"PSOL 50","description":"Site oficial do Partido Socialismo e Liberdade","publisher":{"@id":"https:\/\/psol50.org.br\/#organization"},"alternateName":"PSOL50","potentialAction":[{"@type":"SearchAction","target":{"@type":"EntryPoint","urlTemplate":"https:\/\/psol50.org.br\/?s={search_term_string}"},"query-input":{"@type":"PropertyValueSpecification","valueRequired":true,"valueName":"search_term_string"}}],"inLanguage":"pt-BR"},{"@type":"Organization","@id":"https:\/\/psol50.org.br\/#organization","name":"PSOL 50","alternateName":"PSOL 50","url":"https:\/\/psol50.org.br\/","logo":{"@type":"ImageObject","inLanguage":"pt-BR","@id":"https:\/\/psol50.org.br\/#\/schema\/logo\/image\/","url":"https:\/\/psol50.org.br\/inc\/uploads\/2018\/07\/capa.png","contentUrl":"https:\/\/psol50.org.br\/inc\/uploads\/2018\/07\/capa.png","width":1350,"height":900,"caption":"PSOL 50"},"image":{"@id":"https:\/\/psol50.org.br\/#\/schema\/logo\/image\/"},"sameAs":["https:\/\/www.facebook.com\/psol50","https:\/\/x.com\/psol50","https:\/\/www.instagram.com\/psol50\/","https:\/\/www.youtube.com\/channel\/UC7SnJS5o1os7a6CaiNabzcg"]},{"@type":"Person","@id":"https:\/\/psol50.org.br\/#\/schema\/person\/475dfa57d0b815993c714c2e96491fcd","name":"Comunica\u00e7\u00e3o PSOL","image":{"@type":"ImageObject","inLanguage":"pt-BR","@id":"https:\/\/psol50.org.br\/#\/schema\/person\/image\/","url":"https:\/\/secure.gravatar.com\/avatar\/b34fc4f4e468a4e51785917065a3db57b841f5c95dba6ad8c73aaf8f66f8f9bf?s=96&d=mm&r=g","contentUrl":"https:\/\/secure.gravatar.com\/avatar\/b34fc4f4e468a4e51785917065a3db57b841f5c95dba6ad8c73aaf8f66f8f9bf?s=96&d=mm&r=g","caption":"Comunica\u00e7\u00e3o PSOL"}}]}},"_links":{"self":[{"href":"https:\/\/psol50.org.br\/rest\/wp\/v2\/posts\/20489","targetHints":{"allow":["GET"]}}],"collection":[{"href":"https:\/\/psol50.org.br\/rest\/wp\/v2\/posts"}],"about":[{"href":"https:\/\/psol50.org.br\/rest\/wp\/v2\/types\/post"}],"author":[{"embeddable":true,"href":"https:\/\/psol50.org.br\/rest\/wp\/v2\/users\/2"}],"replies":[{"embeddable":true,"href":"https:\/\/psol50.org.br\/rest\/wp\/v2\/comments?post=20489"}],"version-history":[{"count":0,"href":"https:\/\/psol50.org.br\/rest\/wp\/v2\/posts\/20489\/revisions"}],"wp:featuredmedia":[{"embeddable":true,"href":"https:\/\/psol50.org.br\/rest\/wp\/v2\/media\/19447"}],"wp:attachment":[{"href":"https:\/\/psol50.org.br\/rest\/wp\/v2\/media?parent=20489"}],"wp:term":[{"taxonomy":"category","embeddable":true,"href":"https:\/\/psol50.org.br\/rest\/wp\/v2\/categories?post=20489"},{"taxonomy":"post_tag","embeddable":true,"href":"https:\/\/psol50.org.br\/rest\/wp\/v2\/tags?post=20489"}],"curies":[{"name":"wp","href":"https:\/\/api.w.org\/{rel}","templated":true}]}}