{"id":2051,"date":"2013-06-12T00:00:00","date_gmt":"2013-06-12T00:00:00","guid":{"rendered":"http:\/\/psol50.org.br\/arquivo\/2013\/06\/12\/conflito-indigena-psol-pede-criacao-de-comissao-externa-e-partidos-obstruem\/"},"modified":"2013-06-12T00:00:00","modified_gmt":"2013-06-12T00:00:00","slug":"conflito-indigena-psol-pede-criacao-de-comissao-externa-e-partidos-obstruem","status":"publish","type":"post","link":"https:\/\/psol50.org.br\/conflito-indigena-psol-pede-criacao-de-comissao-externa-e-partidos-obstruem\/","title":{"rendered":"Conflito ind\u00edgena: PSOL pede cria\u00e7\u00e3o de comiss\u00e3o externa e partidos obstruem"},"content":{"rendered":"<div style=\"text-align: justify;\">\n\t<em>Mais uma vez, interesses de um grupo de parlamentares impediram a instala\u00e7\u00e3o de comiss\u00e3o para acompanhar o conflito no Mato Grosso do Sul<\/em><br \/>\n\t&nbsp;<br \/>\n\tA cria\u00e7\u00e3o de comiss\u00e3o externa para acompanhar o conflito entre ind\u00edgenas e fazendeiros, que ocorre em Sidrol\u00e2ndia, no Mato Grosso do Sul, est\u00e1 sendo barrada na C\u00e2mara dos Deputados. O requerimento foi novamente apresentado pelo l\u00edder do PSOL, deputado Ivan Valente, na sess\u00e3o de ontem (11), e desta quarta-feira (12), mas n\u00e3o foi votado devido \u00e0 obstru\u00e7\u00e3o de v\u00e1rios partidos.<br \/>\n\t&nbsp;<br \/>\n\tA movimenta\u00e7\u00e3o dos deputados contr\u00e1rios \u00e0 instala\u00e7\u00e3o da comiss\u00e3o externa tem origem na bancada ruralista, em particular a do PMDB. \u201cEles n\u00e3o t\u00eam interesse de que uma comiss\u00e3o parlamentar interceda nesse conflito, porque de um lado est\u00e3o as lideran\u00e7as ind\u00edgenas e do outro as lideran\u00e7as do agroneg\u00f3cio\u201d, disse o deputado Ivan Valente. \u201c\u00c9 espantoso que partidos, inclusive alguns que t\u00eam at\u00e9 tradi\u00e7\u00e3o de defesa da causa ind\u00edgena, recusem uma Comiss\u00e3o Externa, com prazo determinado e composi\u00e7\u00e3o plural, para verificar uma quest\u00e3o dessa gravidade. N\u00f3s estamos renunciando \u00e0s nossas atribui\u00e7\u00f5es\u201d.<br \/>\n\t&nbsp;<br \/>\n\tDesde o dia 15 de maio \u00faltimo, 1.600 \u00edndios ocupam quatro fazendas na regi\u00e3o de Sidrol\u00e2ndia, a 70 km da capital, Campo Grande. No dia 30, um ind\u00edgena morreu. Cinco dias depois, a reintegra\u00e7\u00e3o de posse foi suspensa por decis\u00e3o do Tribunal Regional Federal 3\u00aa Regi\u00e3o. Desde o dia 4 de junho, a For\u00e7a Nacional est\u00e1 na regi\u00e3o.<br \/>\n\t&nbsp;<br \/>\n\t\u201cO PSOL quer dizer que n\u00e3o tem receio de ir l\u00e1 discutir abertamente numa comiss\u00e3o suprapartid\u00e1ria, para buscar solu\u00e7\u00f5es, esclarecer, politizar e dar uma solu\u00e7\u00e3o concreta para a grande crise que se est\u00e1 avizinhando. Esta \u00e9 uma quest\u00e3o de Estado, mas n\u00e3o somente do Estado de Mato Grosso do Sul. \u00c9 do Estado nacional brasileiro. Essa \u00e9 uma quest\u00e3o que, uma vez ali resolvida, vai ter reflexo para o Brasil inteiro\u201d, argumentou Ivan Valente.<\/div>\n<p>&nbsp;<br \/>\n&nbsp;<\/p>\n","protected":false},"excerpt":{"rendered":"<p>Mais uma vez, interesses de um grupo de parlamentares impediram a instala\u00e7\u00e3o de comiss\u00e3o para acompanhar o conflito no Mato Grosso do Sul &nbsp; A cria\u00e7\u00e3o de comiss\u00e3o externa para acompanhar o conflito entre ind\u00edgenas e fazendeiros, que ocorre em Sidrol\u00e2ndia, no Mato Grosso do Sul, est\u00e1 sendo barrada na C\u00e2mara dos Deputados. O requerimento [&hellip;]<\/p>\n","protected":false},"author":2,"featured_media":0,"comment_status":"open","ping_status":"open","sticky":false,"template":"","format":"standard","meta":{"_acf_changed":false,"footnotes":""},"categories":[4766],"tags":[22],"class_list":{"0":"post-2051","1":"post","2":"type-post","3":"status-publish","4":"format-standard","6":"category-arquivo","7":"tag-psol"},"acf":[],"yoast_head":"<!-- This site is optimized with the Yoast SEO plugin v26.5 - https:\/\/yoast.com\/wordpress\/plugins\/seo\/ -->\n<title>Conflito ind\u00edgena: PSOL pede cria\u00e7\u00e3o de comiss\u00e3o externa e partidos obstruem - PSOL 50<\/title>\n<meta name=\"robots\" content=\"index, follow, max-snippet:-1, max-image-preview:large, max-video-preview:-1\" \/>\n<link rel=\"canonical\" href=\"https:\/\/psol50.org.br\/conflito-indigena-psol-pede-criacao-de-comissao-externa-e-partidos-obstruem\/\" \/>\n<meta property=\"og:locale\" content=\"pt_BR\" \/>\n<meta property=\"og:type\" content=\"article\" \/>\n<meta property=\"og:title\" content=\"Conflito ind\u00edgena: PSOL pede cria\u00e7\u00e3o de comiss\u00e3o externa e partidos obstruem - PSOL 50\" \/>\n<meta property=\"og:description\" content=\"Mais uma vez, interesses de um grupo de parlamentares impediram a instala\u00e7\u00e3o de comiss\u00e3o para acompanhar o conflito no Mato Grosso do Sul &nbsp; A cria\u00e7\u00e3o de comiss\u00e3o externa para acompanhar o conflito entre ind\u00edgenas e fazendeiros, que ocorre em Sidrol\u00e2ndia, no Mato Grosso do Sul, est\u00e1 sendo barrada na C\u00e2mara dos Deputados. O requerimento [&hellip;]\" \/>\n<meta property=\"og:url\" content=\"https:\/\/psol50.org.br\/conflito-indigena-psol-pede-criacao-de-comissao-externa-e-partidos-obstruem\/\" \/>\n<meta property=\"og:site_name\" content=\"PSOL 50\" \/>\n<meta property=\"article:publisher\" content=\"https:\/\/www.facebook.com\/psol50\" \/>\n<meta property=\"article:published_time\" content=\"2013-06-12T00:00:00+00:00\" \/>\n<meta property=\"og:image\" content=\"https:\/\/psol50.org.br\/inc\/uploads\/2018\/07\/capa.png\" \/>\n\t<meta property=\"og:image:width\" content=\"1350\" \/>\n\t<meta property=\"og:image:height\" content=\"900\" \/>\n\t<meta property=\"og:image:type\" content=\"image\/png\" \/>\n<meta name=\"author\" content=\"Comunica\u00e7\u00e3o PSOL\" \/>\n<meta name=\"twitter:card\" content=\"summary_large_image\" \/>\n<meta name=\"twitter:creator\" content=\"@psol50\" \/>\n<meta name=\"twitter:site\" content=\"@psol50\" \/>\n<meta name=\"twitter:label1\" content=\"Escrito por\" \/>\n\t<meta name=\"twitter:data1\" content=\"Comunica\u00e7\u00e3o PSOL\" \/>\n\t<meta name=\"twitter:label2\" content=\"Est. tempo de leitura\" \/>\n\t<meta name=\"twitter:data2\" content=\"2 minutos\" \/>\n<script type=\"application\/ld+json\" class=\"yoast-schema-graph\">{\"@context\":\"https:\/\/schema.org\",\"@graph\":[{\"@type\":\"Article\",\"@id\":\"https:\/\/psol50.org.br\/conflito-indigena-psol-pede-criacao-de-comissao-externa-e-partidos-obstruem\/#article\",\"isPartOf\":{\"@id\":\"https:\/\/psol50.org.br\/conflito-indigena-psol-pede-criacao-de-comissao-externa-e-partidos-obstruem\/\"},\"author\":{\"name\":\"Comunica\u00e7\u00e3o PSOL\",\"@id\":\"https:\/\/psol50.org.br\/#\/schema\/person\/475dfa57d0b815993c714c2e96491fcd\"},\"headline\":\"Conflito ind\u00edgena: PSOL pede cria\u00e7\u00e3o de comiss\u00e3o externa e partidos obstruem\",\"datePublished\":\"2013-06-12T00:00:00+00:00\",\"mainEntityOfPage\":{\"@id\":\"https:\/\/psol50.org.br\/conflito-indigena-psol-pede-criacao-de-comissao-externa-e-partidos-obstruem\/\"},\"wordCount\":358,\"commentCount\":0,\"publisher\":{\"@id\":\"https:\/\/psol50.org.br\/#organization\"},\"keywords\":[\"PSOL\"],\"articleSection\":[\"Arquivo\"],\"inLanguage\":\"pt-BR\",\"potentialAction\":[{\"@type\":\"CommentAction\",\"name\":\"Comment\",\"target\":[\"https:\/\/psol50.org.br\/conflito-indigena-psol-pede-criacao-de-comissao-externa-e-partidos-obstruem\/#respond\"]}]},{\"@type\":\"WebPage\",\"@id\":\"https:\/\/psol50.org.br\/conflito-indigena-psol-pede-criacao-de-comissao-externa-e-partidos-obstruem\/\",\"url\":\"https:\/\/psol50.org.br\/conflito-indigena-psol-pede-criacao-de-comissao-externa-e-partidos-obstruem\/\",\"name\":\"Conflito ind\u00edgena: PSOL pede cria\u00e7\u00e3o de comiss\u00e3o externa e partidos obstruem - PSOL 50\",\"isPartOf\":{\"@id\":\"https:\/\/psol50.org.br\/#website\"},\"datePublished\":\"2013-06-12T00:00:00+00:00\",\"breadcrumb\":{\"@id\":\"https:\/\/psol50.org.br\/conflito-indigena-psol-pede-criacao-de-comissao-externa-e-partidos-obstruem\/#breadcrumb\"},\"inLanguage\":\"pt-BR\",\"potentialAction\":[{\"@type\":\"ReadAction\",\"target\":[\"https:\/\/psol50.org.br\/conflito-indigena-psol-pede-criacao-de-comissao-externa-e-partidos-obstruem\/\"]}]},{\"@type\":\"BreadcrumbList\",\"@id\":\"https:\/\/psol50.org.br\/conflito-indigena-psol-pede-criacao-de-comissao-externa-e-partidos-obstruem\/#breadcrumb\",\"itemListElement\":[{\"@type\":\"ListItem\",\"position\":1,\"name\":\"In\u00edcio\",\"item\":\"https:\/\/psol50.org.br\/\"},{\"@type\":\"ListItem\",\"position\":2,\"name\":\"Conflito ind\u00edgena: PSOL pede cria\u00e7\u00e3o de comiss\u00e3o externa e partidos obstruem\"}]},{\"@type\":\"WebSite\",\"@id\":\"https:\/\/psol50.org.br\/#website\",\"url\":\"https:\/\/psol50.org.br\/\",\"name\":\"PSOL 50\",\"description\":\"Site oficial do Partido Socialismo e Liberdade\",\"publisher\":{\"@id\":\"https:\/\/psol50.org.br\/#organization\"},\"alternateName\":\"PSOL50\",\"potentialAction\":[{\"@type\":\"SearchAction\",\"target\":{\"@type\":\"EntryPoint\",\"urlTemplate\":\"https:\/\/psol50.org.br\/?s={search_term_string}\"},\"query-input\":{\"@type\":\"PropertyValueSpecification\",\"valueRequired\":true,\"valueName\":\"search_term_string\"}}],\"inLanguage\":\"pt-BR\"},{\"@type\":\"Organization\",\"@id\":\"https:\/\/psol50.org.br\/#organization\",\"name\":\"PSOL 50\",\"alternateName\":\"PSOL 50\",\"url\":\"https:\/\/psol50.org.br\/\",\"logo\":{\"@type\":\"ImageObject\",\"inLanguage\":\"pt-BR\",\"@id\":\"https:\/\/psol50.org.br\/#\/schema\/logo\/image\/\",\"url\":\"https:\/\/psol50.org.br\/inc\/uploads\/2018\/07\/capa.png\",\"contentUrl\":\"https:\/\/psol50.org.br\/inc\/uploads\/2018\/07\/capa.png\",\"width\":1350,\"height\":900,\"caption\":\"PSOL 50\"},\"image\":{\"@id\":\"https:\/\/psol50.org.br\/#\/schema\/logo\/image\/\"},\"sameAs\":[\"https:\/\/www.facebook.com\/psol50\",\"https:\/\/x.com\/psol50\",\"https:\/\/www.instagram.com\/psol50\/\",\"https:\/\/www.youtube.com\/channel\/UC7SnJS5o1os7a6CaiNabzcg\"]},{\"@type\":\"Person\",\"@id\":\"https:\/\/psol50.org.br\/#\/schema\/person\/475dfa57d0b815993c714c2e96491fcd\",\"name\":\"Comunica\u00e7\u00e3o PSOL\",\"image\":{\"@type\":\"ImageObject\",\"inLanguage\":\"pt-BR\",\"@id\":\"https:\/\/psol50.org.br\/#\/schema\/person\/image\/\",\"url\":\"https:\/\/secure.gravatar.com\/avatar\/b34fc4f4e468a4e51785917065a3db57b841f5c95dba6ad8c73aaf8f66f8f9bf?s=96&d=mm&r=g\",\"contentUrl\":\"https:\/\/secure.gravatar.com\/avatar\/b34fc4f4e468a4e51785917065a3db57b841f5c95dba6ad8c73aaf8f66f8f9bf?s=96&d=mm&r=g\",\"caption\":\"Comunica\u00e7\u00e3o PSOL\"}}]}<\/script>\n<!-- \/ Yoast SEO plugin. -->","yoast_head_json":{"title":"Conflito ind\u00edgena: PSOL pede cria\u00e7\u00e3o de comiss\u00e3o externa e partidos obstruem - PSOL 50","robots":{"index":"index","follow":"follow","max-snippet":"max-snippet:-1","max-image-preview":"max-image-preview:large","max-video-preview":"max-video-preview:-1"},"canonical":"https:\/\/psol50.org.br\/conflito-indigena-psol-pede-criacao-de-comissao-externa-e-partidos-obstruem\/","og_locale":"pt_BR","og_type":"article","og_title":"Conflito ind\u00edgena: PSOL pede cria\u00e7\u00e3o de comiss\u00e3o externa e partidos obstruem - PSOL 50","og_description":"Mais uma vez, interesses de um grupo de parlamentares impediram a instala\u00e7\u00e3o de comiss\u00e3o para acompanhar o conflito no Mato Grosso do Sul &nbsp; A cria\u00e7\u00e3o de comiss\u00e3o externa para acompanhar o conflito entre ind\u00edgenas e fazendeiros, que ocorre em Sidrol\u00e2ndia, no Mato Grosso do Sul, est\u00e1 sendo barrada na C\u00e2mara dos Deputados. O requerimento [&hellip;]","og_url":"https:\/\/psol50.org.br\/conflito-indigena-psol-pede-criacao-de-comissao-externa-e-partidos-obstruem\/","og_site_name":"PSOL 50","article_publisher":"https:\/\/www.facebook.com\/psol50","article_published_time":"2013-06-12T00:00:00+00:00","og_image":[{"width":1350,"height":900,"url":"https:\/\/psol50.org.br\/inc\/uploads\/2018\/07\/capa.png","type":"image\/png"}],"author":"Comunica\u00e7\u00e3o PSOL","twitter_card":"summary_large_image","twitter_creator":"@psol50","twitter_site":"@psol50","twitter_misc":{"Escrito por":"Comunica\u00e7\u00e3o PSOL","Est. tempo de leitura":"2 minutos"},"schema":{"@context":"https:\/\/schema.org","@graph":[{"@type":"Article","@id":"https:\/\/psol50.org.br\/conflito-indigena-psol-pede-criacao-de-comissao-externa-e-partidos-obstruem\/#article","isPartOf":{"@id":"https:\/\/psol50.org.br\/conflito-indigena-psol-pede-criacao-de-comissao-externa-e-partidos-obstruem\/"},"author":{"name":"Comunica\u00e7\u00e3o PSOL","@id":"https:\/\/psol50.org.br\/#\/schema\/person\/475dfa57d0b815993c714c2e96491fcd"},"headline":"Conflito ind\u00edgena: PSOL pede cria\u00e7\u00e3o de comiss\u00e3o externa e partidos obstruem","datePublished":"2013-06-12T00:00:00+00:00","mainEntityOfPage":{"@id":"https:\/\/psol50.org.br\/conflito-indigena-psol-pede-criacao-de-comissao-externa-e-partidos-obstruem\/"},"wordCount":358,"commentCount":0,"publisher":{"@id":"https:\/\/psol50.org.br\/#organization"},"keywords":["PSOL"],"articleSection":["Arquivo"],"inLanguage":"pt-BR","potentialAction":[{"@type":"CommentAction","name":"Comment","target":["https:\/\/psol50.org.br\/conflito-indigena-psol-pede-criacao-de-comissao-externa-e-partidos-obstruem\/#respond"]}]},{"@type":"WebPage","@id":"https:\/\/psol50.org.br\/conflito-indigena-psol-pede-criacao-de-comissao-externa-e-partidos-obstruem\/","url":"https:\/\/psol50.org.br\/conflito-indigena-psol-pede-criacao-de-comissao-externa-e-partidos-obstruem\/","name":"Conflito ind\u00edgena: PSOL pede cria\u00e7\u00e3o de comiss\u00e3o externa e partidos obstruem - PSOL 50","isPartOf":{"@id":"https:\/\/psol50.org.br\/#website"},"datePublished":"2013-06-12T00:00:00+00:00","breadcrumb":{"@id":"https:\/\/psol50.org.br\/conflito-indigena-psol-pede-criacao-de-comissao-externa-e-partidos-obstruem\/#breadcrumb"},"inLanguage":"pt-BR","potentialAction":[{"@type":"ReadAction","target":["https:\/\/psol50.org.br\/conflito-indigena-psol-pede-criacao-de-comissao-externa-e-partidos-obstruem\/"]}]},{"@type":"BreadcrumbList","@id":"https:\/\/psol50.org.br\/conflito-indigena-psol-pede-criacao-de-comissao-externa-e-partidos-obstruem\/#breadcrumb","itemListElement":[{"@type":"ListItem","position":1,"name":"In\u00edcio","item":"https:\/\/psol50.org.br\/"},{"@type":"ListItem","position":2,"name":"Conflito ind\u00edgena: PSOL pede cria\u00e7\u00e3o de comiss\u00e3o externa e partidos obstruem"}]},{"@type":"WebSite","@id":"https:\/\/psol50.org.br\/#website","url":"https:\/\/psol50.org.br\/","name":"PSOL 50","description":"Site oficial do Partido Socialismo e Liberdade","publisher":{"@id":"https:\/\/psol50.org.br\/#organization"},"alternateName":"PSOL50","potentialAction":[{"@type":"SearchAction","target":{"@type":"EntryPoint","urlTemplate":"https:\/\/psol50.org.br\/?s={search_term_string}"},"query-input":{"@type":"PropertyValueSpecification","valueRequired":true,"valueName":"search_term_string"}}],"inLanguage":"pt-BR"},{"@type":"Organization","@id":"https:\/\/psol50.org.br\/#organization","name":"PSOL 50","alternateName":"PSOL 50","url":"https:\/\/psol50.org.br\/","logo":{"@type":"ImageObject","inLanguage":"pt-BR","@id":"https:\/\/psol50.org.br\/#\/schema\/logo\/image\/","url":"https:\/\/psol50.org.br\/inc\/uploads\/2018\/07\/capa.png","contentUrl":"https:\/\/psol50.org.br\/inc\/uploads\/2018\/07\/capa.png","width":1350,"height":900,"caption":"PSOL 50"},"image":{"@id":"https:\/\/psol50.org.br\/#\/schema\/logo\/image\/"},"sameAs":["https:\/\/www.facebook.com\/psol50","https:\/\/x.com\/psol50","https:\/\/www.instagram.com\/psol50\/","https:\/\/www.youtube.com\/channel\/UC7SnJS5o1os7a6CaiNabzcg"]},{"@type":"Person","@id":"https:\/\/psol50.org.br\/#\/schema\/person\/475dfa57d0b815993c714c2e96491fcd","name":"Comunica\u00e7\u00e3o PSOL","image":{"@type":"ImageObject","inLanguage":"pt-BR","@id":"https:\/\/psol50.org.br\/#\/schema\/person\/image\/","url":"https:\/\/secure.gravatar.com\/avatar\/b34fc4f4e468a4e51785917065a3db57b841f5c95dba6ad8c73aaf8f66f8f9bf?s=96&d=mm&r=g","contentUrl":"https:\/\/secure.gravatar.com\/avatar\/b34fc4f4e468a4e51785917065a3db57b841f5c95dba6ad8c73aaf8f66f8f9bf?s=96&d=mm&r=g","caption":"Comunica\u00e7\u00e3o PSOL"}}]}},"_links":{"self":[{"href":"https:\/\/psol50.org.br\/rest\/wp\/v2\/posts\/2051","targetHints":{"allow":["GET"]}}],"collection":[{"href":"https:\/\/psol50.org.br\/rest\/wp\/v2\/posts"}],"about":[{"href":"https:\/\/psol50.org.br\/rest\/wp\/v2\/types\/post"}],"author":[{"embeddable":true,"href":"https:\/\/psol50.org.br\/rest\/wp\/v2\/users\/2"}],"replies":[{"embeddable":true,"href":"https:\/\/psol50.org.br\/rest\/wp\/v2\/comments?post=2051"}],"version-history":[{"count":0,"href":"https:\/\/psol50.org.br\/rest\/wp\/v2\/posts\/2051\/revisions"}],"wp:attachment":[{"href":"https:\/\/psol50.org.br\/rest\/wp\/v2\/media?parent=2051"}],"wp:term":[{"taxonomy":"category","embeddable":true,"href":"https:\/\/psol50.org.br\/rest\/wp\/v2\/categories?post=2051"},{"taxonomy":"post_tag","embeddable":true,"href":"https:\/\/psol50.org.br\/rest\/wp\/v2\/tags?post=2051"}],"curies":[{"name":"wp","href":"https:\/\/api.w.org\/{rel}","templated":true}]}}