{"id":20534,"date":"2018-04-14T11:19:34","date_gmt":"2018-04-14T14:19:34","guid":{"rendered":"http:\/\/www.psol50.org.br\/?p=20534"},"modified":"2018-04-14T11:19:34","modified_gmt":"2018-04-14T14:19:34","slug":"israel-dutra-e-tiago-madeira-zuckerbergassange-espelho-quebrado","status":"publish","type":"post","link":"https:\/\/psol50.org.br\/israel-dutra-e-tiago-madeira-zuckerbergassange-espelho-quebrado\/","title":{"rendered":"Israel Dutra e Tiago Madeira | Zuckerberg\/Assange, espelho quebrado"},"content":{"rendered":"<p><em>Por Israel Dutra, secret\u00e1rio de Rela\u00e7\u00f5es Internacionais do PSOL, e Tiago Madeira<\/em><\/p>\n<p>Entre ter\u00e7a e quarta-feira, o bilion\u00e1rio Mark Zuckerberg, fundador e diretor executivo do Facebook, foi interrogado pelo Congresso americano durante 10 horas.<\/p>\n<p>Julian Assange, o editor do WikiLeaks que tem dois livros publicados sobre vigil\u00e2ncia e privacidade na Internet, n\u00e3o p\u00f4de opinar sobre o depoimento. Est\u00e1 preso na embaixada do Equador em Londres sem acesso a Internet, telefone e visitas desde o dia 27 de mar\u00e7o.<\/p>\n<p>Zuckerberg aceitou responder perguntas dos legisladores americanos depois de uma das maiores crises da hist\u00f3ria do Facebook. O esc\u00e2ndalo da Cambridge Analytica e sua rela\u00e7\u00e3o com a campanha presidencial vitoriosa de Trump fez com que as a\u00e7\u00f5es do Facebook despencassem nas \u00faltimas semanas e impulsionou o debate sobre ser preciso haver algum controle sobre os dados pessoais e as empresas que os coletam.<\/p>\n<p><strong>Privatiza\u00e7\u00e3o do espa\u00e7o privado<\/strong><\/p>\n<p>O Facebook \u00e9 usado por mais de 2,2 bilh\u00f5es de pessoas ao redor do mundo; o WhatsApp, comprado por ele em 2014, por 1,5 bilh\u00f5es; o Instagram, comprado por ele em 2012, por 800 milh\u00f5es. Tais plataformas de comunica\u00e7\u00e3o t\u00eam grande import\u00e2ncia na vida das pessoas. Entretanto, o Facebook n\u00e3o \u00e9 enquadrado como um servi\u00e7o de telecomunica\u00e7\u00f5es ou uma empresa de m\u00eddia. E ao se apresentar como empresa de tecnologia, fica livre de qualquer tipo de regula\u00e7\u00e3o.<\/p>\n<p>Essa liberdade n\u00e3o \u00e9 particular ao Facebook. No geral, as grandes corpora\u00e7\u00f5es do Vale do Sil\u00edcio s\u00e3o autorizadas, pela sua est\u00e9tica inovadora e libert\u00e1ria, a guardarem seus bilh\u00f5es de d\u00f3lares em para\u00edsos fiscais (como a Apple) ou a fazerem lobby pesado para entrar em cidades do mundo inteiro destruindo concorrentes e funcionando \u00e0 margem da lei (como o Uber).<\/p>\n<p>Para justificar essas a\u00e7\u00f5es, seus discursos repetem ad infinitum hist\u00f3rias de sucesso de pequenas empresas que foram fundadas em garagens e dormit\u00f3rios de faculdades &#8211; tal narrativa foi a t\u00f4nica do discurso de Mark Zuckerberg. Isso faz parecer que regular tais empresas torna-se tamb\u00e9m combater a inova\u00e7\u00e3o, a meritocracia e o sonho americano.<\/p>\n<p>Se por um lado o Vale do Sil\u00edcio \u00e9 o basti\u00e3o da liberdade, por outro seu modelo de neg\u00f3cios atualmente \u00e9 coletar e vender dados pessoais de bilh\u00f5es de pessoas. Trata-se portanto do oposto do lema de WikiLeaks. No lugar de &#8220;transpar\u00eancia para os poderosos e privacidade para as pessoas comuns&#8221; temos liberdade para os poderosos e controle sobre as pessoas comuns.<\/p>\n<p>O depoimento de Zuckerberg assumiu que existe em curso uma verdadeira \u201cprivatiza\u00e7\u00e3o do espa\u00e7o privado\u201d. A liberdade das empresas de comunica\u00e7\u00e3o de massas, na sua vers\u00e3o contempor\u00e2nea, \u00e9 a liberdade de coleta e cruzamento de dados privados da ampla maioria da popula\u00e7\u00e3o mundial.<\/p>\n<p>A disputa pela informa\u00e7\u00e3o \u00e9 uma pesada guerra. Vale muito a informa\u00e7\u00e3o recolhida da privacidade para turbinar os lucros das grandes empresas, chegando a novas modalidades de circula\u00e7\u00e3o \u201cseletiva\u201d da mercadoria, em escala de massas. No novo c\u00edrculo do mercado de informa\u00e7\u00e3o, a informa\u00e7\u00e3o \u00e9 mercadoria que faz valorizar mais mercadorias.<\/p>\n<p><strong>Liberdade para Assange<\/strong><\/p>\n<p>Do outro lado da guerra da informa\u00e7\u00e3o encontra-se Julian Assange, confinado desde 2012 na pequena embaixada do Equador em Londres. O editor do WikiLeaks denunciou brutalidades nas guerras do Afeganist\u00e3o e do Iraque, crimes diplom\u00e1ticos e outros documentos de interesse p\u00fablico. Tal exerc\u00edcio de jornalismo fez da plataforma um importante ator da geopol\u00edtica.<\/p>\n<p>H\u00e1 pouco mais de duas semanas, o governo do Equador cortou o acesso de Assange \u00e0 Internet, argumentando que ele violou sua promessa de se abster de comentar quest\u00f5es pol\u00edticas. Cortou ainda seu telefone e n\u00e3o permite que receba visitas.<\/p>\n<p>O governo equatoriano argumenta que os coment\u00e1rios de Assange poderiam comprometer as rela\u00e7\u00f5es da na\u00e7\u00e3o latino-americana com outros pa\u00edses, especialmente na Europa. Sua a\u00e7\u00e3o foi tomada depois de uma s\u00e9rie de tu\u00edtes de Assange em que ele denunciava a pris\u00e3o do presidente catal\u00e3o Carles Puigdemont na Alemanha.<\/p>\n<p>Devemos nos somar aos intelectuais que lan\u00e7aram uma <a href=\"https:\/\/movimentorevista.com.br\/2018\/03\/carta-intelectuais-reconexao-assange\/\" target=\"_blank\" rel=\"noopener\"><strong><span style=\"color: #3366ff;\">carta aberta ao governo do Equador<\/span><\/strong><\/a> pedindo que reconectem o editor do WikiLeaks. \u201cFica claro agora que o caso de Julian Assange nunca foi somente uma quest\u00e3o jur\u00eddica, mas uma luta pela prote\u00e7\u00e3o dos direitos humanos b\u00e1sicos\u201d, a carta diz. Ela foi assinada por figuras como Noam Chomsky e Slavoj Zizek, assim como pelo m\u00fasico Brian Eno, o cineasta Oliver Stone, o ex-analista da CIA Ray McGovern, a atriz Pamela Anderson e o ex-ministro de finan\u00e7as grego Yanis Varoufakis. Como diz a carta, \u201cse o governo equatoriano n\u00e3o cessar sua a\u00e7\u00e3o indigna, ele tamb\u00e9m se tornar\u00e1 um agente de persegui\u00e7\u00e3o em vez da valente na\u00e7\u00e3o que defendeu a liberdade e a liberdade de express\u00e3o\u201d.<\/p>\n<p><strong>Nada ser\u00e1 como antes<\/strong><\/p>\n<p>A crise com o Facebook \u00e9 um tema mundial e o depoimento de Mark Zuckerberg foi o principal fato pol\u00edtico da semana. Isso coloca na ordem do dia a tarefa de construir uma agenda pela democratiza\u00e7\u00e3o das m\u00eddias e redes sociais. Isso significa resistir com Assange, mas avan\u00e7ar tamb\u00e9m no terreno da esquerda, do ponto de vista program\u00e1tico. As novas condi\u00e7\u00f5es da comunica\u00e7\u00e3o colocam novas agendas e bandeiras de luta.<\/p>\n<p>Combater a vis\u00e3o liberal dos grandes capitalistas e seus aparalhos ideol\u00f3gicos \u00e9 uma necessidade que se renova. Precisamos assentar as bases para utilizar as ferramentas de transmiss\u00e3o de dados para uma maior transpar\u00eancia nos regimes democr\u00e1ticos, controle p\u00fablico e popular dos governantes e ju\u00edzes. Uma amplia\u00e7\u00e3o dos direitos civis e das liberdades individuais, uma luta prolongada contra a vigil\u00e2ncia e o controle de dados das grandes empresas.<\/p>\n<p>O combate \u00e0 ind\u00fastria das not\u00edcias falsas \u00e9 outra esfera da a\u00e7\u00e3o imediata. A prolifera\u00e7\u00e3o de cal\u00fanias e mentiras no caso Marielle, para ficarmos num exemplo grave e pr\u00f3ximo, foi derrotada com uma ampla mobiliza\u00e7\u00e3o da sociedade.<\/p>\n<p>O central \u00e9 que nada ser\u00e1 como antes depois da ida de Mark Zuckerberg ao Capit\u00f3lio. Nosso desafio e nossa luta se tornaram maiores e mais evidentes.<\/p>\n","protected":false},"excerpt":{"rendered":"<p>Por Israel Dutra, secret\u00e1rio de Rela\u00e7\u00f5es Internacionais do PSOL, e Tiago Madeira Entre ter\u00e7a e quarta-feira, o bilion\u00e1rio Mark Zuckerberg, fundador e diretor executivo do Facebook, foi interrogado pelo Congresso americano durante 10 horas. Julian Assange, o editor do WikiLeaks que tem dois livros publicados sobre vigil\u00e2ncia e privacidade na Internet, n\u00e3o p\u00f4de opinar sobre [&hellip;]<\/p>\n","protected":false},"author":2,"featured_media":20535,"comment_status":"open","ping_status":"open","sticky":false,"template":"","format":"standard","meta":{"_acf_changed":false,"footnotes":""},"categories":[707],"tags":[337,1216,1454,2425,2426],"class_list":{"0":"post-20534","1":"post","2":"type-post","3":"status-publish","4":"format-standard","5":"has-post-thumbnail","7":"category-secr-ri","8":"tag-facebook","9":"tag-internacional","10":"tag-israel-dutra","11":"tag-mark-zuckerberg","12":"tag-tiago-madeira"},"acf":[],"yoast_head":"<!-- This site is optimized with the Yoast SEO plugin v26.5 - https:\/\/yoast.com\/wordpress\/plugins\/seo\/ -->\n<title>Israel Dutra e Tiago Madeira | Zuckerberg\/Assange, espelho quebrado - PSOL 50<\/title>\n<meta name=\"robots\" content=\"index, follow, max-snippet:-1, max-image-preview:large, max-video-preview:-1\" \/>\n<link rel=\"canonical\" href=\"https:\/\/psol50.org.br\/israel-dutra-e-tiago-madeira-zuckerbergassange-espelho-quebrado\/\" \/>\n<meta property=\"og:locale\" content=\"pt_BR\" \/>\n<meta property=\"og:type\" content=\"article\" \/>\n<meta property=\"og:title\" content=\"Israel Dutra e Tiago Madeira | Zuckerberg\/Assange, espelho quebrado - PSOL 50\" \/>\n<meta property=\"og:description\" content=\"Por Israel Dutra, secret\u00e1rio de Rela\u00e7\u00f5es Internacionais do PSOL, e Tiago Madeira Entre ter\u00e7a e quarta-feira, o bilion\u00e1rio Mark Zuckerberg, fundador e diretor executivo do Facebook, foi interrogado pelo Congresso americano durante 10 horas. Julian Assange, o editor do WikiLeaks que tem dois livros publicados sobre vigil\u00e2ncia e privacidade na Internet, n\u00e3o p\u00f4de opinar sobre [&hellip;]\" \/>\n<meta property=\"og:url\" content=\"https:\/\/psol50.org.br\/israel-dutra-e-tiago-madeira-zuckerbergassange-espelho-quebrado\/\" \/>\n<meta property=\"og:site_name\" content=\"PSOL 50\" \/>\n<meta property=\"article:publisher\" content=\"https:\/\/www.facebook.com\/psol50\" \/>\n<meta property=\"article:published_time\" content=\"2018-04-14T14:19:34+00:00\" \/>\n<meta property=\"og:image\" content=\"https:\/\/psol50.org.br\/inc\/uploads\/2018\/04\/Mark_Zuckerberg_Facebook-_Apec_Peru_01719112016.jpg\" \/>\n\t<meta property=\"og:image:width\" content=\"1350\" \/>\n\t<meta property=\"og:image:height\" content=\"900\" \/>\n\t<meta property=\"og:image:type\" content=\"image\/jpeg\" \/>\n<meta name=\"author\" content=\"Comunica\u00e7\u00e3o PSOL\" \/>\n<meta name=\"twitter:card\" content=\"summary_large_image\" \/>\n<meta name=\"twitter:creator\" content=\"@psol50\" \/>\n<meta name=\"twitter:site\" content=\"@psol50\" \/>\n<meta name=\"twitter:label1\" content=\"Escrito por\" \/>\n\t<meta name=\"twitter:data1\" content=\"Comunica\u00e7\u00e3o PSOL\" \/>\n\t<meta name=\"twitter:label2\" content=\"Est. tempo de leitura\" \/>\n\t<meta name=\"twitter:data2\" content=\"5 minutos\" \/>\n<script type=\"application\/ld+json\" class=\"yoast-schema-graph\">{\"@context\":\"https:\/\/schema.org\",\"@graph\":[{\"@type\":\"Article\",\"@id\":\"https:\/\/psol50.org.br\/israel-dutra-e-tiago-madeira-zuckerbergassange-espelho-quebrado\/#article\",\"isPartOf\":{\"@id\":\"https:\/\/psol50.org.br\/israel-dutra-e-tiago-madeira-zuckerbergassange-espelho-quebrado\/\"},\"author\":{\"name\":\"Comunica\u00e7\u00e3o PSOL\",\"@id\":\"https:\/\/psol50.org.br\/#\/schema\/person\/475dfa57d0b815993c714c2e96491fcd\"},\"headline\":\"Israel Dutra e Tiago Madeira | Zuckerberg\/Assange, espelho quebrado\",\"datePublished\":\"2018-04-14T14:19:34+00:00\",\"mainEntityOfPage\":{\"@id\":\"https:\/\/psol50.org.br\/israel-dutra-e-tiago-madeira-zuckerbergassange-espelho-quebrado\/\"},\"wordCount\":1059,\"commentCount\":0,\"publisher\":{\"@id\":\"https:\/\/psol50.org.br\/#organization\"},\"image\":{\"@id\":\"https:\/\/psol50.org.br\/israel-dutra-e-tiago-madeira-zuckerbergassange-espelho-quebrado\/#primaryimage\"},\"thumbnailUrl\":\"https:\/\/psol50.org.br\/inc\/uploads\/2018\/04\/Mark_Zuckerberg_Facebook-_Apec_Peru_01719112016.jpg\",\"keywords\":[\"facebook\",\"Internacional\",\"Israel Dutra\",\"Mark Zuckerberg\",\"Tiago Madeira\"],\"articleSection\":[\"Secr. de RI\"],\"inLanguage\":\"pt-BR\",\"potentialAction\":[{\"@type\":\"CommentAction\",\"name\":\"Comment\",\"target\":[\"https:\/\/psol50.org.br\/israel-dutra-e-tiago-madeira-zuckerbergassange-espelho-quebrado\/#respond\"]}]},{\"@type\":\"WebPage\",\"@id\":\"https:\/\/psol50.org.br\/israel-dutra-e-tiago-madeira-zuckerbergassange-espelho-quebrado\/\",\"url\":\"https:\/\/psol50.org.br\/israel-dutra-e-tiago-madeira-zuckerbergassange-espelho-quebrado\/\",\"name\":\"Israel Dutra e Tiago Madeira | Zuckerberg\/Assange, espelho quebrado - PSOL 50\",\"isPartOf\":{\"@id\":\"https:\/\/psol50.org.br\/#website\"},\"primaryImageOfPage\":{\"@id\":\"https:\/\/psol50.org.br\/israel-dutra-e-tiago-madeira-zuckerbergassange-espelho-quebrado\/#primaryimage\"},\"image\":{\"@id\":\"https:\/\/psol50.org.br\/israel-dutra-e-tiago-madeira-zuckerbergassange-espelho-quebrado\/#primaryimage\"},\"thumbnailUrl\":\"https:\/\/psol50.org.br\/inc\/uploads\/2018\/04\/Mark_Zuckerberg_Facebook-_Apec_Peru_01719112016.jpg\",\"datePublished\":\"2018-04-14T14:19:34+00:00\",\"breadcrumb\":{\"@id\":\"https:\/\/psol50.org.br\/israel-dutra-e-tiago-madeira-zuckerbergassange-espelho-quebrado\/#breadcrumb\"},\"inLanguage\":\"pt-BR\",\"potentialAction\":[{\"@type\":\"ReadAction\",\"target\":[\"https:\/\/psol50.org.br\/israel-dutra-e-tiago-madeira-zuckerbergassange-espelho-quebrado\/\"]}]},{\"@type\":\"ImageObject\",\"inLanguage\":\"pt-BR\",\"@id\":\"https:\/\/psol50.org.br\/israel-dutra-e-tiago-madeira-zuckerbergassange-espelho-quebrado\/#primaryimage\",\"url\":\"https:\/\/psol50.org.br\/inc\/uploads\/2018\/04\/Mark_Zuckerberg_Facebook-_Apec_Peru_01719112016.jpg\",\"contentUrl\":\"https:\/\/psol50.org.br\/inc\/uploads\/2018\/04\/Mark_Zuckerberg_Facebook-_Apec_Peru_01719112016.jpg\",\"width\":1350,\"height\":900,\"caption\":\"19\/11\/2016- Lima,Peru- Mark Zuckerberg, CEO de Facebook, participa da Apec 2016, no Peru\"},{\"@type\":\"BreadcrumbList\",\"@id\":\"https:\/\/psol50.org.br\/israel-dutra-e-tiago-madeira-zuckerbergassange-espelho-quebrado\/#breadcrumb\",\"itemListElement\":[{\"@type\":\"ListItem\",\"position\":1,\"name\":\"In\u00edcio\",\"item\":\"https:\/\/psol50.org.br\/\"},{\"@type\":\"ListItem\",\"position\":2,\"name\":\"Israel Dutra e Tiago Madeira | Zuckerberg\/Assange, espelho quebrado\"}]},{\"@type\":\"WebSite\",\"@id\":\"https:\/\/psol50.org.br\/#website\",\"url\":\"https:\/\/psol50.org.br\/\",\"name\":\"PSOL 50\",\"description\":\"Site oficial do Partido Socialismo e Liberdade\",\"publisher\":{\"@id\":\"https:\/\/psol50.org.br\/#organization\"},\"alternateName\":\"PSOL50\",\"potentialAction\":[{\"@type\":\"SearchAction\",\"target\":{\"@type\":\"EntryPoint\",\"urlTemplate\":\"https:\/\/psol50.org.br\/?s={search_term_string}\"},\"query-input\":{\"@type\":\"PropertyValueSpecification\",\"valueRequired\":true,\"valueName\":\"search_term_string\"}}],\"inLanguage\":\"pt-BR\"},{\"@type\":\"Organization\",\"@id\":\"https:\/\/psol50.org.br\/#organization\",\"name\":\"PSOL 50\",\"alternateName\":\"PSOL 50\",\"url\":\"https:\/\/psol50.org.br\/\",\"logo\":{\"@type\":\"ImageObject\",\"inLanguage\":\"pt-BR\",\"@id\":\"https:\/\/psol50.org.br\/#\/schema\/logo\/image\/\",\"url\":\"https:\/\/psol50.org.br\/inc\/uploads\/2018\/07\/capa.png\",\"contentUrl\":\"https:\/\/psol50.org.br\/inc\/uploads\/2018\/07\/capa.png\",\"width\":1350,\"height\":900,\"caption\":\"PSOL 50\"},\"image\":{\"@id\":\"https:\/\/psol50.org.br\/#\/schema\/logo\/image\/\"},\"sameAs\":[\"https:\/\/www.facebook.com\/psol50\",\"https:\/\/x.com\/psol50\",\"https:\/\/www.instagram.com\/psol50\/\",\"https:\/\/www.youtube.com\/channel\/UC7SnJS5o1os7a6CaiNabzcg\"]},{\"@type\":\"Person\",\"@id\":\"https:\/\/psol50.org.br\/#\/schema\/person\/475dfa57d0b815993c714c2e96491fcd\",\"name\":\"Comunica\u00e7\u00e3o PSOL\",\"image\":{\"@type\":\"ImageObject\",\"inLanguage\":\"pt-BR\",\"@id\":\"https:\/\/psol50.org.br\/#\/schema\/person\/image\/\",\"url\":\"https:\/\/secure.gravatar.com\/avatar\/b34fc4f4e468a4e51785917065a3db57b841f5c95dba6ad8c73aaf8f66f8f9bf?s=96&d=mm&r=g\",\"contentUrl\":\"https:\/\/secure.gravatar.com\/avatar\/b34fc4f4e468a4e51785917065a3db57b841f5c95dba6ad8c73aaf8f66f8f9bf?s=96&d=mm&r=g\",\"caption\":\"Comunica\u00e7\u00e3o PSOL\"}}]}<\/script>\n<!-- \/ Yoast SEO plugin. -->","yoast_head_json":{"title":"Israel Dutra e Tiago Madeira | Zuckerberg\/Assange, espelho quebrado - PSOL 50","robots":{"index":"index","follow":"follow","max-snippet":"max-snippet:-1","max-image-preview":"max-image-preview:large","max-video-preview":"max-video-preview:-1"},"canonical":"https:\/\/psol50.org.br\/israel-dutra-e-tiago-madeira-zuckerbergassange-espelho-quebrado\/","og_locale":"pt_BR","og_type":"article","og_title":"Israel Dutra e Tiago Madeira | Zuckerberg\/Assange, espelho quebrado - PSOL 50","og_description":"Por Israel Dutra, secret\u00e1rio de Rela\u00e7\u00f5es Internacionais do PSOL, e Tiago Madeira Entre ter\u00e7a e quarta-feira, o bilion\u00e1rio Mark Zuckerberg, fundador e diretor executivo do Facebook, foi interrogado pelo Congresso americano durante 10 horas. Julian Assange, o editor do WikiLeaks que tem dois livros publicados sobre vigil\u00e2ncia e privacidade na Internet, n\u00e3o p\u00f4de opinar sobre [&hellip;]","og_url":"https:\/\/psol50.org.br\/israel-dutra-e-tiago-madeira-zuckerbergassange-espelho-quebrado\/","og_site_name":"PSOL 50","article_publisher":"https:\/\/www.facebook.com\/psol50","article_published_time":"2018-04-14T14:19:34+00:00","og_image":[{"width":1350,"height":900,"url":"https:\/\/psol50.org.br\/inc\/uploads\/2018\/04\/Mark_Zuckerberg_Facebook-_Apec_Peru_01719112016.jpg","type":"image\/jpeg"}],"author":"Comunica\u00e7\u00e3o PSOL","twitter_card":"summary_large_image","twitter_creator":"@psol50","twitter_site":"@psol50","twitter_misc":{"Escrito por":"Comunica\u00e7\u00e3o PSOL","Est. tempo de leitura":"5 minutos"},"schema":{"@context":"https:\/\/schema.org","@graph":[{"@type":"Article","@id":"https:\/\/psol50.org.br\/israel-dutra-e-tiago-madeira-zuckerbergassange-espelho-quebrado\/#article","isPartOf":{"@id":"https:\/\/psol50.org.br\/israel-dutra-e-tiago-madeira-zuckerbergassange-espelho-quebrado\/"},"author":{"name":"Comunica\u00e7\u00e3o PSOL","@id":"https:\/\/psol50.org.br\/#\/schema\/person\/475dfa57d0b815993c714c2e96491fcd"},"headline":"Israel Dutra e Tiago Madeira | Zuckerberg\/Assange, espelho quebrado","datePublished":"2018-04-14T14:19:34+00:00","mainEntityOfPage":{"@id":"https:\/\/psol50.org.br\/israel-dutra-e-tiago-madeira-zuckerbergassange-espelho-quebrado\/"},"wordCount":1059,"commentCount":0,"publisher":{"@id":"https:\/\/psol50.org.br\/#organization"},"image":{"@id":"https:\/\/psol50.org.br\/israel-dutra-e-tiago-madeira-zuckerbergassange-espelho-quebrado\/#primaryimage"},"thumbnailUrl":"https:\/\/psol50.org.br\/inc\/uploads\/2018\/04\/Mark_Zuckerberg_Facebook-_Apec_Peru_01719112016.jpg","keywords":["facebook","Internacional","Israel Dutra","Mark Zuckerberg","Tiago Madeira"],"articleSection":["Secr. de RI"],"inLanguage":"pt-BR","potentialAction":[{"@type":"CommentAction","name":"Comment","target":["https:\/\/psol50.org.br\/israel-dutra-e-tiago-madeira-zuckerbergassange-espelho-quebrado\/#respond"]}]},{"@type":"WebPage","@id":"https:\/\/psol50.org.br\/israel-dutra-e-tiago-madeira-zuckerbergassange-espelho-quebrado\/","url":"https:\/\/psol50.org.br\/israel-dutra-e-tiago-madeira-zuckerbergassange-espelho-quebrado\/","name":"Israel Dutra e Tiago Madeira | Zuckerberg\/Assange, espelho quebrado - PSOL 50","isPartOf":{"@id":"https:\/\/psol50.org.br\/#website"},"primaryImageOfPage":{"@id":"https:\/\/psol50.org.br\/israel-dutra-e-tiago-madeira-zuckerbergassange-espelho-quebrado\/#primaryimage"},"image":{"@id":"https:\/\/psol50.org.br\/israel-dutra-e-tiago-madeira-zuckerbergassange-espelho-quebrado\/#primaryimage"},"thumbnailUrl":"https:\/\/psol50.org.br\/inc\/uploads\/2018\/04\/Mark_Zuckerberg_Facebook-_Apec_Peru_01719112016.jpg","datePublished":"2018-04-14T14:19:34+00:00","breadcrumb":{"@id":"https:\/\/psol50.org.br\/israel-dutra-e-tiago-madeira-zuckerbergassange-espelho-quebrado\/#breadcrumb"},"inLanguage":"pt-BR","potentialAction":[{"@type":"ReadAction","target":["https:\/\/psol50.org.br\/israel-dutra-e-tiago-madeira-zuckerbergassange-espelho-quebrado\/"]}]},{"@type":"ImageObject","inLanguage":"pt-BR","@id":"https:\/\/psol50.org.br\/israel-dutra-e-tiago-madeira-zuckerbergassange-espelho-quebrado\/#primaryimage","url":"https:\/\/psol50.org.br\/inc\/uploads\/2018\/04\/Mark_Zuckerberg_Facebook-_Apec_Peru_01719112016.jpg","contentUrl":"https:\/\/psol50.org.br\/inc\/uploads\/2018\/04\/Mark_Zuckerberg_Facebook-_Apec_Peru_01719112016.jpg","width":1350,"height":900,"caption":"19\/11\/2016- Lima,Peru- Mark Zuckerberg, CEO de Facebook, participa da Apec 2016, no Peru"},{"@type":"BreadcrumbList","@id":"https:\/\/psol50.org.br\/israel-dutra-e-tiago-madeira-zuckerbergassange-espelho-quebrado\/#breadcrumb","itemListElement":[{"@type":"ListItem","position":1,"name":"In\u00edcio","item":"https:\/\/psol50.org.br\/"},{"@type":"ListItem","position":2,"name":"Israel Dutra e Tiago Madeira | Zuckerberg\/Assange, espelho quebrado"}]},{"@type":"WebSite","@id":"https:\/\/psol50.org.br\/#website","url":"https:\/\/psol50.org.br\/","name":"PSOL 50","description":"Site oficial do Partido Socialismo e Liberdade","publisher":{"@id":"https:\/\/psol50.org.br\/#organization"},"alternateName":"PSOL50","potentialAction":[{"@type":"SearchAction","target":{"@type":"EntryPoint","urlTemplate":"https:\/\/psol50.org.br\/?s={search_term_string}"},"query-input":{"@type":"PropertyValueSpecification","valueRequired":true,"valueName":"search_term_string"}}],"inLanguage":"pt-BR"},{"@type":"Organization","@id":"https:\/\/psol50.org.br\/#organization","name":"PSOL 50","alternateName":"PSOL 50","url":"https:\/\/psol50.org.br\/","logo":{"@type":"ImageObject","inLanguage":"pt-BR","@id":"https:\/\/psol50.org.br\/#\/schema\/logo\/image\/","url":"https:\/\/psol50.org.br\/inc\/uploads\/2018\/07\/capa.png","contentUrl":"https:\/\/psol50.org.br\/inc\/uploads\/2018\/07\/capa.png","width":1350,"height":900,"caption":"PSOL 50"},"image":{"@id":"https:\/\/psol50.org.br\/#\/schema\/logo\/image\/"},"sameAs":["https:\/\/www.facebook.com\/psol50","https:\/\/x.com\/psol50","https:\/\/www.instagram.com\/psol50\/","https:\/\/www.youtube.com\/channel\/UC7SnJS5o1os7a6CaiNabzcg"]},{"@type":"Person","@id":"https:\/\/psol50.org.br\/#\/schema\/person\/475dfa57d0b815993c714c2e96491fcd","name":"Comunica\u00e7\u00e3o PSOL","image":{"@type":"ImageObject","inLanguage":"pt-BR","@id":"https:\/\/psol50.org.br\/#\/schema\/person\/image\/","url":"https:\/\/secure.gravatar.com\/avatar\/b34fc4f4e468a4e51785917065a3db57b841f5c95dba6ad8c73aaf8f66f8f9bf?s=96&d=mm&r=g","contentUrl":"https:\/\/secure.gravatar.com\/avatar\/b34fc4f4e468a4e51785917065a3db57b841f5c95dba6ad8c73aaf8f66f8f9bf?s=96&d=mm&r=g","caption":"Comunica\u00e7\u00e3o PSOL"}}]}},"_links":{"self":[{"href":"https:\/\/psol50.org.br\/rest\/wp\/v2\/posts\/20534","targetHints":{"allow":["GET"]}}],"collection":[{"href":"https:\/\/psol50.org.br\/rest\/wp\/v2\/posts"}],"about":[{"href":"https:\/\/psol50.org.br\/rest\/wp\/v2\/types\/post"}],"author":[{"embeddable":true,"href":"https:\/\/psol50.org.br\/rest\/wp\/v2\/users\/2"}],"replies":[{"embeddable":true,"href":"https:\/\/psol50.org.br\/rest\/wp\/v2\/comments?post=20534"}],"version-history":[{"count":0,"href":"https:\/\/psol50.org.br\/rest\/wp\/v2\/posts\/20534\/revisions"}],"wp:featuredmedia":[{"embeddable":true,"href":"https:\/\/psol50.org.br\/rest\/wp\/v2\/media\/20535"}],"wp:attachment":[{"href":"https:\/\/psol50.org.br\/rest\/wp\/v2\/media?parent=20534"}],"wp:term":[{"taxonomy":"category","embeddable":true,"href":"https:\/\/psol50.org.br\/rest\/wp\/v2\/categories?post=20534"},{"taxonomy":"post_tag","embeddable":true,"href":"https:\/\/psol50.org.br\/rest\/wp\/v2\/tags?post=20534"}],"curies":[{"name":"wp","href":"https:\/\/api.w.org\/{rel}","templated":true}]}}