{"id":20538,"date":"2018-04-14T12:54:28","date_gmt":"2018-04-14T15:54:28","guid":{"rendered":"http:\/\/www.psol50.org.br\/?p=20538"},"modified":"2018-04-14T12:54:28","modified_gmt":"2018-04-14T15:54:28","slug":"amanhecerpormarielleeanderson-pede-justica-em-varias-cidades-do-brasil-e-do-mundo","status":"publish","type":"post","link":"https:\/\/psol50.org.br\/amanhecerpormarielleeanderson-pede-justica-em-varias-cidades-do-brasil-e-do-mundo\/","title":{"rendered":"#AmanhecerPorMarielleEAnderson pede justi\u00e7a em v\u00e1rias cidades do Brasil e do Mundo"},"content":{"rendered":"<p>Neste dia em que completa um m\u00eas da execu\u00e7\u00e3o de Marielle Franco e de Anderson Gomes, diversas cidades do Brasil e do mundo participaram do <a href=\"https:\/\/www.facebook.com\/events\/194246874524960\/\" target=\"_blank\" rel=\"noopener\"><strong><span style=\"color: #0000ff;\">Amanhecer por Marielle e Anderson<\/span><\/strong><\/a>. Numa mesma sintonia, \u00e0s 6 horas da manh\u00e3, milhares de velas foram acesas pedindo justi\u00e7a por um crime pol\u00edtico que segue sem resposta.<\/p>\n<blockquote class=\"twitter-tweet\" data-width=\"550\" data-dnt=\"true\">\n<p lang=\"pt\" dir=\"ltr\">Bom dia! J\u00e1 \u00e9 <a href=\"https:\/\/twitter.com\/hashtag\/AmanhecerPorMarielleEAnderson?src=hash&amp;ref_src=twsrc%5Etfw\">#AmanhecerPorMarielleEAnderson<\/a> em v\u00e1rias cidades do Brasil e do mundo. Estamos colorindo ruas e pra\u00e7as, um m\u00eas ap\u00f3s a execu\u00e7\u00e3o, para lembrar Marielle e Anderson. Confira o amanhecer mais pr\u00f3ximo de voc\u00ea: <a href=\"https:\/\/t.co\/7fDwLjOef9\">https:\/\/t.co\/7fDwLjOef9<\/a><\/p>\n<p>&mdash; PSOL 50 (@psol50) <a href=\"https:\/\/twitter.com\/psol50\/status\/985086513829605376?ref_src=twsrc%5Etfw\">April 14, 2018<\/a><\/p><\/blockquote>\n<p><script async src=\"https:\/\/platform.twitter.com\/widgets.js\" charset=\"utf-8\"><\/script><\/p>\n<p>No Rio de Janeiro, onde a dor da morte de Marielle \u00e9 poss\u00edvel ser percebida em v\u00e1rios pontos da cidade, por meio de cartazes, pinturas nos muros, flores, faixas e diversas express\u00f5es, o Amanhecer contou com a participa\u00e7\u00e3o de militantes e dirigentes do PSOL, de ativistas de v\u00e1rias organiza\u00e7\u00f5es sociais e de pessoas das mais variadas origens que querem resposta para a trag\u00e9dia daquela noite de quarta-feira, 14 de mar\u00e7o. O pr\u00e9-candidato do PSOL \u00e0 Presid\u00eancia da Rep\u00fablica, Guilherme Boulos; a pr\u00e9-candidata a vice, S\u00f4nia Guajajara; o deputado estadual Marcelo Freixo; a vereadora em Niter\u00f3i, Tal\u00edria Peltrone; e os vereadores no Rio Tarc\u00edsio Motta e David Miranda lembraram a luta e o legado da companheira de partido e exigiram ampla investiga\u00e7\u00e3o do caso.<\/p>\n<p>O Largo do Machado, a Pra\u00e7a Saenz Pe\u00f1a, o Complexo do Alem\u00e3o e outros espa\u00e7os p\u00fablicos de resist\u00eancia foram tomados pela emo\u00e7\u00e3o de quem quer a elucida\u00e7\u00e3o desse crime. Assim como Bras\u00edlia, S\u00e3o Paulo, Belo Horizonte, Recife, Porto Alegre, Natal e tantos outros cantos do pa\u00eds.<\/p>\n<blockquote class=\"twitter-tweet\" data-width=\"550\" data-dnt=\"true\">\n<p lang=\"pt\" dir=\"ltr\">Complexo do Alem\u00e3o, Rio de Janeiro, t\u00e1 acordando e chamando bem alto: Marielle e Anderson presentes! <a href=\"https:\/\/twitter.com\/hashtag\/AmanhecerPorMarielleEAnderson?src=hash&amp;ref_src=twsrc%5Etfw\">#AmanhecerPorMarielleEAnderson<\/a> \ud83d\udcf8 Filipe Cordon \/ CHAMA <a href=\"https:\/\/t.co\/bRj2jj7kR3\">pic.twitter.com\/bRj2jj7kR3<\/a><\/p>\n<p>&mdash; PSOL 50 (@psol50) <a href=\"https:\/\/twitter.com\/psol50\/status\/985091117355098114?ref_src=twsrc%5Etfw\">April 14, 2018<\/a><\/p><\/blockquote>\n<p><script async src=\"https:\/\/platform.twitter.com\/widgets.js\" charset=\"utf-8\"><\/script><\/p>\n<blockquote class=\"twitter-tweet\" data-width=\"550\" data-dnt=\"true\">\n<p lang=\"pt\" dir=\"ltr\">Marielle me ajude<br \/>Que eu n\u00e3o posso andar s\u00f3<br \/>Eu sozinha ando bem<br \/>Mas com voc\u00ea ando melhor<\/p>\n<p>V\u00eddeo: Matheus Carvalho, de Bras\u00edlia<a href=\"https:\/\/twitter.com\/hashtag\/AmanhecerPorMarielleEAnderson?src=hash&amp;ref_src=twsrc%5Etfw\">#AmanhecerPorMarielleEAnderson<\/a> <a href=\"https:\/\/t.co\/PlEhYHLTqm\">pic.twitter.com\/PlEhYHLTqm<\/a><\/p>\n<p>&mdash; PSOL 50 (@psol50) <a href=\"https:\/\/twitter.com\/psol50\/status\/985120089526734848?ref_src=twsrc%5Etfw\">April 14, 2018<\/a><\/p><\/blockquote>\n<p><script async src=\"https:\/\/platform.twitter.com\/widgets.js\" charset=\"utf-8\"><\/script><\/p>\n<blockquote class=\"twitter-tweet\" data-width=\"550\" data-dnt=\"true\">\n<p lang=\"pt\" dir=\"ltr\">Semeando Marielle em Recife-PE! \ud83c\udf37\ud83c\udf42<\/p>\n<p>\ud83d\udcf8Maria Duda <a href=\"https:\/\/t.co\/R6u1l7LqLS\">pic.twitter.com\/R6u1l7LqLS<\/a><\/p>\n<p>&mdash; PSOL 50 (@psol50) <a href=\"https:\/\/twitter.com\/psol50\/status\/985149588284813312?ref_src=twsrc%5Etfw\">April 14, 2018<\/a><\/p><\/blockquote>\n<p><script async src=\"https:\/\/platform.twitter.com\/widgets.js\" charset=\"utf-8\"><\/script><\/p>\n<p>Em outros pa\u00edses tamb\u00e9m teve Amanhecer por Marielle e Anderson.<\/p>\n<blockquote class=\"twitter-tweet\" data-width=\"550\" data-dnt=\"true\">\n<p lang=\"pt\" dir=\"ltr\">Em Col\u00f4nia, na Alemanha, o povo tamb\u00e9m amanheceu por Marielle e Anderson! Tem fotos? Manda pra n\u00f3s da <a href=\"https:\/\/twitter.com\/hashtag\/EquipeMarielleFranco?src=hash&amp;ref_src=twsrc%5Etfw\">#EquipeMarielleFranco<\/a> ou poste usando a hashtag <a href=\"https:\/\/twitter.com\/hashtag\/AmanhecerPorMarielleEAnderson?src=hash&amp;ref_src=twsrc%5Etfw\">#AmanhecerPorMarielleEAnderson<\/a> <a href=\"https:\/\/t.co\/4rE9jMOeHk\">pic.twitter.com\/4rE9jMOeHk<\/a><\/p>\n<p>&mdash; Marielle Franco (@mariellefranco) <a href=\"https:\/\/twitter.com\/mariellefranco\/status\/985157286288125952?ref_src=twsrc%5Etfw\">April 14, 2018<\/a><\/p><\/blockquote>\n<p><script async src=\"https:\/\/platform.twitter.com\/widgets.js\" charset=\"utf-8\"><\/script><\/p>\n<blockquote class=\"twitter-tweet\" data-width=\"550\" data-dnt=\"true\">\n<p lang=\"fr\" dir=\"ltr\">De Budapeste para Marielle! <a href=\"https:\/\/twitter.com\/hashtag\/AmanhecerPorMarielleEAnderson?src=hash&amp;ref_src=twsrc%5Etfw\">#AmanhecerPorMarielleEAnderson<\/a> <a href=\"https:\/\/t.co\/KfdRsp7P7A\">pic.twitter.com\/KfdRsp7P7A<\/a><\/p>\n<p>&mdash; PSOL 50 (@psol50) <a href=\"https:\/\/twitter.com\/psol50\/status\/985176953719312388?ref_src=twsrc%5Etfw\">April 14, 2018<\/a><\/p><\/blockquote>\n<p><script async src=\"https:\/\/platform.twitter.com\/widgets.js\" charset=\"utf-8\"><\/script><\/p>\n<blockquote class=\"twitter-tweet\" data-width=\"550\" data-dnt=\"true\">\n<p lang=\"pt\" dir=\"ltr\">Al\u00e9m das fronteiras: hoje teve homenagem \u00e0 Marielle e ao Anderson na pra\u00e7a de Gotemburgo, Su\u00e9cia. Mari gigante! <a href=\"https:\/\/twitter.com\/hashtag\/AmanhecerPorMarielleEAnderson?src=hash&amp;ref_src=twsrc%5Etfw\">#AmanhecerPorMarielleEAnderson<\/a> <a href=\"https:\/\/t.co\/SDjD7QYzUR\">pic.twitter.com\/SDjD7QYzUR<\/a><\/p>\n<p>&mdash; PSOL 50 (@psol50) <a href=\"https:\/\/twitter.com\/psol50\/status\/985150314591522821?ref_src=twsrc%5Etfw\">April 14, 2018<\/a><\/p><\/blockquote>\n<p><script async src=\"https:\/\/platform.twitter.com\/widgets.js\" charset=\"utf-8\"><\/script><\/p>\n<p>E as manifesta\u00e7\u00f5es continuam \u00e0 tarde. No Rio de Janeiro, haver\u00e1 a <a href=\"https:\/\/www.facebook.com\/events\/357630114750212\/\" target=\"_blank\" rel=\"noopener\"><strong><span style=\"color: #0000ff;\">Marcha e Tambores<\/span><\/strong><\/a>, que sair\u00e1 \u00e0s 17h da Lapa, onde Marielle participou da sua \u00faltima atividade, e seguir\u00e1 at\u00e9 o Est\u00e1cio, onde ocorreu o crime.<\/p>\n<blockquote class=\"twitter-tweet\" data-width=\"550\" data-dnt=\"true\">\n<p lang=\"pt\" dir=\"ltr\">O \u00faltimo trajeto de Marielle e Anderson foi da Lapa ao Est\u00e1cio. Passaram-se 30 dias, nenhuma resposta foi dada, mas a gente n\u00e3o vai deixar que esse crime pol\u00edtico caia no esquecimento. Marcharemos hoje, \u00e0s 17h, pelo mesmo caminho que eles fizeram! <a href=\"https:\/\/twitter.com\/hashtag\/AmanhecerPorMarielleEAnderson?src=hash&amp;ref_src=twsrc%5Etfw\">#AmanhecerPorMarielleEAnderson<\/a><\/p>\n<p>&mdash; PSOL 50 (@psol50) <a href=\"https:\/\/twitter.com\/psol50\/status\/985178665200779264?ref_src=twsrc%5Etfw\">April 14, 2018<\/a><\/p><\/blockquote>\n<p><script async src=\"https:\/\/platform.twitter.com\/widgets.js\" charset=\"utf-8\"><\/script><\/p>\n<blockquote class=\"twitter-tweet\" data-width=\"550\" data-dnt=\"true\">\n<p lang=\"pt\" dir=\"ltr\">Junte-se a n\u00f3s, nos Arcos da Lapa, e vamos ressignificar esse percurso t\u00e3o doloroso.<\/p>\n<p>Participe: <a href=\"https:\/\/t.co\/Zg8JQy1YnN\">https:\/\/t.co\/Zg8JQy1YnN<\/a> <a href=\"https:\/\/t.co\/SSEZ3nNL4a\">pic.twitter.com\/SSEZ3nNL4a<\/a><\/p>\n<p>&mdash; PSOL 50 (@psol50) <a href=\"https:\/\/twitter.com\/psol50\/status\/985178986388082688?ref_src=twsrc%5Etfw\">April 14, 2018<\/a><\/p><\/blockquote>\n<p><script async src=\"https:\/\/platform.twitter.com\/widgets.js\" charset=\"utf-8\"><\/script><\/p>\n","protected":false},"excerpt":{"rendered":"<p>Neste dia em que completa um m\u00eas da execu\u00e7\u00e3o de Marielle Franco e de Anderson Gomes, diversas cidades do Brasil e do mundo participaram do Amanhecer por Marielle e Anderson. Numa mesma sintonia, \u00e0s 6 horas da manh\u00e3, milhares de velas foram acesas pedindo justi\u00e7a por um crime pol\u00edtico que segue sem resposta. Bom dia! [&hellip;]<\/p>\n","protected":false},"author":2,"featured_media":20539,"comment_status":"open","ping_status":"open","sticky":false,"template":"","format":"standard","meta":{"_acf_changed":false,"footnotes":""},"categories":[1882,6],"tags":[2427,1304,54,194,22,162],"class_list":{"0":"post-20538","1":"post","2":"type-post","3":"status-publish","4":"format-standard","5":"has-post-thumbnail","7":"category-brasil","8":"category-noticias","9":"tag-amanhecer-por-marielle-e-anderson","10":"tag-anderson-gomes","11":"tag-justica","12":"tag-marielle-franco","13":"tag-psol","14":"tag-rio-de-janeiro"},"acf":[],"yoast_head":"<!-- This site is optimized with the Yoast SEO plugin v26.5 - https:\/\/yoast.com\/wordpress\/plugins\/seo\/ -->\n<title>#AmanhecerPorMarielleEAnderson pede justi\u00e7a em v\u00e1rias cidades do Brasil e do Mundo - PSOL 50<\/title>\n<meta name=\"robots\" content=\"index, follow, max-snippet:-1, max-image-preview:large, max-video-preview:-1\" \/>\n<link rel=\"canonical\" href=\"https:\/\/psol50.org.br\/amanhecerpormarielleeanderson-pede-justica-em-varias-cidades-do-brasil-e-do-mundo\/\" \/>\n<meta property=\"og:locale\" content=\"pt_BR\" \/>\n<meta property=\"og:type\" content=\"article\" \/>\n<meta property=\"og:title\" content=\"#AmanhecerPorMarielleEAnderson pede justi\u00e7a em v\u00e1rias cidades do Brasil e do Mundo - PSOL 50\" \/>\n<meta property=\"og:description\" content=\"Neste dia em que completa um m\u00eas da execu\u00e7\u00e3o de Marielle Franco e de Anderson Gomes, diversas cidades do Brasil e do mundo participaram do Amanhecer por Marielle e Anderson. Numa mesma sintonia, \u00e0s 6 horas da manh\u00e3, milhares de velas foram acesas pedindo justi\u00e7a por um crime pol\u00edtico que segue sem resposta. Bom dia! [&hellip;]\" \/>\n<meta property=\"og:url\" content=\"https:\/\/psol50.org.br\/amanhecerpormarielleeanderson-pede-justica-em-varias-cidades-do-brasil-e-do-mundo\/\" \/>\n<meta property=\"og:site_name\" content=\"PSOL 50\" \/>\n<meta property=\"article:publisher\" content=\"https:\/\/www.facebook.com\/psol50\" \/>\n<meta property=\"article:published_time\" content=\"2018-04-14T15:54:28+00:00\" \/>\n<meta property=\"og:image\" content=\"https:\/\/psol50.org.br\/inc\/uploads\/2018\/04\/Amanhecer_ArcosLapa.jpg\" \/>\n\t<meta property=\"og:image:width\" content=\"1602\" \/>\n\t<meta property=\"og:image:height\" content=\"900\" \/>\n\t<meta property=\"og:image:type\" content=\"image\/jpeg\" \/>\n<meta name=\"author\" content=\"Comunica\u00e7\u00e3o PSOL\" \/>\n<meta name=\"twitter:card\" content=\"summary_large_image\" \/>\n<meta name=\"twitter:creator\" content=\"@psol50\" \/>\n<meta name=\"twitter:site\" content=\"@psol50\" \/>\n<meta name=\"twitter:label1\" content=\"Escrito por\" \/>\n\t<meta name=\"twitter:data1\" content=\"Comunica\u00e7\u00e3o PSOL\" \/>\n\t<meta name=\"twitter:label2\" content=\"Est. tempo de leitura\" \/>\n\t<meta name=\"twitter:data2\" content=\"2 minutos\" \/>\n<script type=\"application\/ld+json\" class=\"yoast-schema-graph\">{\"@context\":\"https:\/\/schema.org\",\"@graph\":[{\"@type\":\"Article\",\"@id\":\"https:\/\/psol50.org.br\/amanhecerpormarielleeanderson-pede-justica-em-varias-cidades-do-brasil-e-do-mundo\/#article\",\"isPartOf\":{\"@id\":\"https:\/\/psol50.org.br\/amanhecerpormarielleeanderson-pede-justica-em-varias-cidades-do-brasil-e-do-mundo\/\"},\"author\":{\"name\":\"Comunica\u00e7\u00e3o PSOL\",\"@id\":\"https:\/\/psol50.org.br\/#\/schema\/person\/475dfa57d0b815993c714c2e96491fcd\"},\"headline\":\"#AmanhecerPorMarielleEAnderson pede justi\u00e7a em v\u00e1rias cidades do Brasil e do Mundo\",\"datePublished\":\"2018-04-14T15:54:28+00:00\",\"mainEntityOfPage\":{\"@id\":\"https:\/\/psol50.org.br\/amanhecerpormarielleeanderson-pede-justica-em-varias-cidades-do-brasil-e-do-mundo\/\"},\"wordCount\":358,\"commentCount\":0,\"publisher\":{\"@id\":\"https:\/\/psol50.org.br\/#organization\"},\"image\":{\"@id\":\"https:\/\/psol50.org.br\/amanhecerpormarielleeanderson-pede-justica-em-varias-cidades-do-brasil-e-do-mundo\/#primaryimage\"},\"thumbnailUrl\":\"https:\/\/psol50.org.br\/inc\/uploads\/2018\/04\/Amanhecer_ArcosLapa.jpg\",\"keywords\":[\"Amanhecer por Marielle e Anderson\",\"Anderson Gomes\",\"justi\u00e7a\",\"Marielle Franco\",\"PSOL\",\"Rio de Janeiro\"],\"articleSection\":[\"Brasil\",\"Not\u00edcias\"],\"inLanguage\":\"pt-BR\",\"potentialAction\":[{\"@type\":\"CommentAction\",\"name\":\"Comment\",\"target\":[\"https:\/\/psol50.org.br\/amanhecerpormarielleeanderson-pede-justica-em-varias-cidades-do-brasil-e-do-mundo\/#respond\"]}]},{\"@type\":\"WebPage\",\"@id\":\"https:\/\/psol50.org.br\/amanhecerpormarielleeanderson-pede-justica-em-varias-cidades-do-brasil-e-do-mundo\/\",\"url\":\"https:\/\/psol50.org.br\/amanhecerpormarielleeanderson-pede-justica-em-varias-cidades-do-brasil-e-do-mundo\/\",\"name\":\"#AmanhecerPorMarielleEAnderson pede justi\u00e7a em v\u00e1rias cidades do Brasil e do Mundo - PSOL 50\",\"isPartOf\":{\"@id\":\"https:\/\/psol50.org.br\/#website\"},\"primaryImageOfPage\":{\"@id\":\"https:\/\/psol50.org.br\/amanhecerpormarielleeanderson-pede-justica-em-varias-cidades-do-brasil-e-do-mundo\/#primaryimage\"},\"image\":{\"@id\":\"https:\/\/psol50.org.br\/amanhecerpormarielleeanderson-pede-justica-em-varias-cidades-do-brasil-e-do-mundo\/#primaryimage\"},\"thumbnailUrl\":\"https:\/\/psol50.org.br\/inc\/uploads\/2018\/04\/Amanhecer_ArcosLapa.jpg\",\"datePublished\":\"2018-04-14T15:54:28+00:00\",\"breadcrumb\":{\"@id\":\"https:\/\/psol50.org.br\/amanhecerpormarielleeanderson-pede-justica-em-varias-cidades-do-brasil-e-do-mundo\/#breadcrumb\"},\"inLanguage\":\"pt-BR\",\"potentialAction\":[{\"@type\":\"ReadAction\",\"target\":[\"https:\/\/psol50.org.br\/amanhecerpormarielleeanderson-pede-justica-em-varias-cidades-do-brasil-e-do-mundo\/\"]}]},{\"@type\":\"ImageObject\",\"inLanguage\":\"pt-BR\",\"@id\":\"https:\/\/psol50.org.br\/amanhecerpormarielleeanderson-pede-justica-em-varias-cidades-do-brasil-e-do-mundo\/#primaryimage\",\"url\":\"https:\/\/psol50.org.br\/inc\/uploads\/2018\/04\/Amanhecer_ArcosLapa.jpg\",\"contentUrl\":\"https:\/\/psol50.org.br\/inc\/uploads\/2018\/04\/Amanhecer_ArcosLapa.jpg\",\"width\":1602,\"height\":900},{\"@type\":\"BreadcrumbList\",\"@id\":\"https:\/\/psol50.org.br\/amanhecerpormarielleeanderson-pede-justica-em-varias-cidades-do-brasil-e-do-mundo\/#breadcrumb\",\"itemListElement\":[{\"@type\":\"ListItem\",\"position\":1,\"name\":\"In\u00edcio\",\"item\":\"https:\/\/psol50.org.br\/\"},{\"@type\":\"ListItem\",\"position\":2,\"name\":\"#AmanhecerPorMarielleEAnderson pede justi\u00e7a em v\u00e1rias cidades do Brasil e do Mundo\"}]},{\"@type\":\"WebSite\",\"@id\":\"https:\/\/psol50.org.br\/#website\",\"url\":\"https:\/\/psol50.org.br\/\",\"name\":\"PSOL 50\",\"description\":\"Site oficial do Partido Socialismo e Liberdade\",\"publisher\":{\"@id\":\"https:\/\/psol50.org.br\/#organization\"},\"alternateName\":\"PSOL50\",\"potentialAction\":[{\"@type\":\"SearchAction\",\"target\":{\"@type\":\"EntryPoint\",\"urlTemplate\":\"https:\/\/psol50.org.br\/?s={search_term_string}\"},\"query-input\":{\"@type\":\"PropertyValueSpecification\",\"valueRequired\":true,\"valueName\":\"search_term_string\"}}],\"inLanguage\":\"pt-BR\"},{\"@type\":\"Organization\",\"@id\":\"https:\/\/psol50.org.br\/#organization\",\"name\":\"PSOL 50\",\"alternateName\":\"PSOL 50\",\"url\":\"https:\/\/psol50.org.br\/\",\"logo\":{\"@type\":\"ImageObject\",\"inLanguage\":\"pt-BR\",\"@id\":\"https:\/\/psol50.org.br\/#\/schema\/logo\/image\/\",\"url\":\"https:\/\/psol50.org.br\/inc\/uploads\/2018\/07\/capa.png\",\"contentUrl\":\"https:\/\/psol50.org.br\/inc\/uploads\/2018\/07\/capa.png\",\"width\":1350,\"height\":900,\"caption\":\"PSOL 50\"},\"image\":{\"@id\":\"https:\/\/psol50.org.br\/#\/schema\/logo\/image\/\"},\"sameAs\":[\"https:\/\/www.facebook.com\/psol50\",\"https:\/\/x.com\/psol50\",\"https:\/\/www.instagram.com\/psol50\/\",\"https:\/\/www.youtube.com\/channel\/UC7SnJS5o1os7a6CaiNabzcg\"]},{\"@type\":\"Person\",\"@id\":\"https:\/\/psol50.org.br\/#\/schema\/person\/475dfa57d0b815993c714c2e96491fcd\",\"name\":\"Comunica\u00e7\u00e3o PSOL\",\"image\":{\"@type\":\"ImageObject\",\"inLanguage\":\"pt-BR\",\"@id\":\"https:\/\/psol50.org.br\/#\/schema\/person\/image\/\",\"url\":\"https:\/\/secure.gravatar.com\/avatar\/b34fc4f4e468a4e51785917065a3db57b841f5c95dba6ad8c73aaf8f66f8f9bf?s=96&d=mm&r=g\",\"contentUrl\":\"https:\/\/secure.gravatar.com\/avatar\/b34fc4f4e468a4e51785917065a3db57b841f5c95dba6ad8c73aaf8f66f8f9bf?s=96&d=mm&r=g\",\"caption\":\"Comunica\u00e7\u00e3o PSOL\"}}]}<\/script>\n<!-- \/ Yoast SEO plugin. -->","yoast_head_json":{"title":"#AmanhecerPorMarielleEAnderson pede justi\u00e7a em v\u00e1rias cidades do Brasil e do Mundo - PSOL 50","robots":{"index":"index","follow":"follow","max-snippet":"max-snippet:-1","max-image-preview":"max-image-preview:large","max-video-preview":"max-video-preview:-1"},"canonical":"https:\/\/psol50.org.br\/amanhecerpormarielleeanderson-pede-justica-em-varias-cidades-do-brasil-e-do-mundo\/","og_locale":"pt_BR","og_type":"article","og_title":"#AmanhecerPorMarielleEAnderson pede justi\u00e7a em v\u00e1rias cidades do Brasil e do Mundo - PSOL 50","og_description":"Neste dia em que completa um m\u00eas da execu\u00e7\u00e3o de Marielle Franco e de Anderson Gomes, diversas cidades do Brasil e do mundo participaram do Amanhecer por Marielle e Anderson. Numa mesma sintonia, \u00e0s 6 horas da manh\u00e3, milhares de velas foram acesas pedindo justi\u00e7a por um crime pol\u00edtico que segue sem resposta. Bom dia! [&hellip;]","og_url":"https:\/\/psol50.org.br\/amanhecerpormarielleeanderson-pede-justica-em-varias-cidades-do-brasil-e-do-mundo\/","og_site_name":"PSOL 50","article_publisher":"https:\/\/www.facebook.com\/psol50","article_published_time":"2018-04-14T15:54:28+00:00","og_image":[{"width":1602,"height":900,"url":"https:\/\/psol50.org.br\/inc\/uploads\/2018\/04\/Amanhecer_ArcosLapa.jpg","type":"image\/jpeg"}],"author":"Comunica\u00e7\u00e3o PSOL","twitter_card":"summary_large_image","twitter_creator":"@psol50","twitter_site":"@psol50","twitter_misc":{"Escrito por":"Comunica\u00e7\u00e3o PSOL","Est. tempo de leitura":"2 minutos"},"schema":{"@context":"https:\/\/schema.org","@graph":[{"@type":"Article","@id":"https:\/\/psol50.org.br\/amanhecerpormarielleeanderson-pede-justica-em-varias-cidades-do-brasil-e-do-mundo\/#article","isPartOf":{"@id":"https:\/\/psol50.org.br\/amanhecerpormarielleeanderson-pede-justica-em-varias-cidades-do-brasil-e-do-mundo\/"},"author":{"name":"Comunica\u00e7\u00e3o PSOL","@id":"https:\/\/psol50.org.br\/#\/schema\/person\/475dfa57d0b815993c714c2e96491fcd"},"headline":"#AmanhecerPorMarielleEAnderson pede justi\u00e7a em v\u00e1rias cidades do Brasil e do Mundo","datePublished":"2018-04-14T15:54:28+00:00","mainEntityOfPage":{"@id":"https:\/\/psol50.org.br\/amanhecerpormarielleeanderson-pede-justica-em-varias-cidades-do-brasil-e-do-mundo\/"},"wordCount":358,"commentCount":0,"publisher":{"@id":"https:\/\/psol50.org.br\/#organization"},"image":{"@id":"https:\/\/psol50.org.br\/amanhecerpormarielleeanderson-pede-justica-em-varias-cidades-do-brasil-e-do-mundo\/#primaryimage"},"thumbnailUrl":"https:\/\/psol50.org.br\/inc\/uploads\/2018\/04\/Amanhecer_ArcosLapa.jpg","keywords":["Amanhecer por Marielle e Anderson","Anderson Gomes","justi\u00e7a","Marielle Franco","PSOL","Rio de Janeiro"],"articleSection":["Brasil","Not\u00edcias"],"inLanguage":"pt-BR","potentialAction":[{"@type":"CommentAction","name":"Comment","target":["https:\/\/psol50.org.br\/amanhecerpormarielleeanderson-pede-justica-em-varias-cidades-do-brasil-e-do-mundo\/#respond"]}]},{"@type":"WebPage","@id":"https:\/\/psol50.org.br\/amanhecerpormarielleeanderson-pede-justica-em-varias-cidades-do-brasil-e-do-mundo\/","url":"https:\/\/psol50.org.br\/amanhecerpormarielleeanderson-pede-justica-em-varias-cidades-do-brasil-e-do-mundo\/","name":"#AmanhecerPorMarielleEAnderson pede justi\u00e7a em v\u00e1rias cidades do Brasil e do Mundo - PSOL 50","isPartOf":{"@id":"https:\/\/psol50.org.br\/#website"},"primaryImageOfPage":{"@id":"https:\/\/psol50.org.br\/amanhecerpormarielleeanderson-pede-justica-em-varias-cidades-do-brasil-e-do-mundo\/#primaryimage"},"image":{"@id":"https:\/\/psol50.org.br\/amanhecerpormarielleeanderson-pede-justica-em-varias-cidades-do-brasil-e-do-mundo\/#primaryimage"},"thumbnailUrl":"https:\/\/psol50.org.br\/inc\/uploads\/2018\/04\/Amanhecer_ArcosLapa.jpg","datePublished":"2018-04-14T15:54:28+00:00","breadcrumb":{"@id":"https:\/\/psol50.org.br\/amanhecerpormarielleeanderson-pede-justica-em-varias-cidades-do-brasil-e-do-mundo\/#breadcrumb"},"inLanguage":"pt-BR","potentialAction":[{"@type":"ReadAction","target":["https:\/\/psol50.org.br\/amanhecerpormarielleeanderson-pede-justica-em-varias-cidades-do-brasil-e-do-mundo\/"]}]},{"@type":"ImageObject","inLanguage":"pt-BR","@id":"https:\/\/psol50.org.br\/amanhecerpormarielleeanderson-pede-justica-em-varias-cidades-do-brasil-e-do-mundo\/#primaryimage","url":"https:\/\/psol50.org.br\/inc\/uploads\/2018\/04\/Amanhecer_ArcosLapa.jpg","contentUrl":"https:\/\/psol50.org.br\/inc\/uploads\/2018\/04\/Amanhecer_ArcosLapa.jpg","width":1602,"height":900},{"@type":"BreadcrumbList","@id":"https:\/\/psol50.org.br\/amanhecerpormarielleeanderson-pede-justica-em-varias-cidades-do-brasil-e-do-mundo\/#breadcrumb","itemListElement":[{"@type":"ListItem","position":1,"name":"In\u00edcio","item":"https:\/\/psol50.org.br\/"},{"@type":"ListItem","position":2,"name":"#AmanhecerPorMarielleEAnderson pede justi\u00e7a em v\u00e1rias cidades do Brasil e do Mundo"}]},{"@type":"WebSite","@id":"https:\/\/psol50.org.br\/#website","url":"https:\/\/psol50.org.br\/","name":"PSOL 50","description":"Site oficial do Partido Socialismo e Liberdade","publisher":{"@id":"https:\/\/psol50.org.br\/#organization"},"alternateName":"PSOL50","potentialAction":[{"@type":"SearchAction","target":{"@type":"EntryPoint","urlTemplate":"https:\/\/psol50.org.br\/?s={search_term_string}"},"query-input":{"@type":"PropertyValueSpecification","valueRequired":true,"valueName":"search_term_string"}}],"inLanguage":"pt-BR"},{"@type":"Organization","@id":"https:\/\/psol50.org.br\/#organization","name":"PSOL 50","alternateName":"PSOL 50","url":"https:\/\/psol50.org.br\/","logo":{"@type":"ImageObject","inLanguage":"pt-BR","@id":"https:\/\/psol50.org.br\/#\/schema\/logo\/image\/","url":"https:\/\/psol50.org.br\/inc\/uploads\/2018\/07\/capa.png","contentUrl":"https:\/\/psol50.org.br\/inc\/uploads\/2018\/07\/capa.png","width":1350,"height":900,"caption":"PSOL 50"},"image":{"@id":"https:\/\/psol50.org.br\/#\/schema\/logo\/image\/"},"sameAs":["https:\/\/www.facebook.com\/psol50","https:\/\/x.com\/psol50","https:\/\/www.instagram.com\/psol50\/","https:\/\/www.youtube.com\/channel\/UC7SnJS5o1os7a6CaiNabzcg"]},{"@type":"Person","@id":"https:\/\/psol50.org.br\/#\/schema\/person\/475dfa57d0b815993c714c2e96491fcd","name":"Comunica\u00e7\u00e3o PSOL","image":{"@type":"ImageObject","inLanguage":"pt-BR","@id":"https:\/\/psol50.org.br\/#\/schema\/person\/image\/","url":"https:\/\/secure.gravatar.com\/avatar\/b34fc4f4e468a4e51785917065a3db57b841f5c95dba6ad8c73aaf8f66f8f9bf?s=96&d=mm&r=g","contentUrl":"https:\/\/secure.gravatar.com\/avatar\/b34fc4f4e468a4e51785917065a3db57b841f5c95dba6ad8c73aaf8f66f8f9bf?s=96&d=mm&r=g","caption":"Comunica\u00e7\u00e3o PSOL"}}]}},"_links":{"self":[{"href":"https:\/\/psol50.org.br\/rest\/wp\/v2\/posts\/20538","targetHints":{"allow":["GET"]}}],"collection":[{"href":"https:\/\/psol50.org.br\/rest\/wp\/v2\/posts"}],"about":[{"href":"https:\/\/psol50.org.br\/rest\/wp\/v2\/types\/post"}],"author":[{"embeddable":true,"href":"https:\/\/psol50.org.br\/rest\/wp\/v2\/users\/2"}],"replies":[{"embeddable":true,"href":"https:\/\/psol50.org.br\/rest\/wp\/v2\/comments?post=20538"}],"version-history":[{"count":0,"href":"https:\/\/psol50.org.br\/rest\/wp\/v2\/posts\/20538\/revisions"}],"wp:featuredmedia":[{"embeddable":true,"href":"https:\/\/psol50.org.br\/rest\/wp\/v2\/media\/20539"}],"wp:attachment":[{"href":"https:\/\/psol50.org.br\/rest\/wp\/v2\/media?parent=20538"}],"wp:term":[{"taxonomy":"category","embeddable":true,"href":"https:\/\/psol50.org.br\/rest\/wp\/v2\/categories?post=20538"},{"taxonomy":"post_tag","embeddable":true,"href":"https:\/\/psol50.org.br\/rest\/wp\/v2\/tags?post=20538"}],"curies":[{"name":"wp","href":"https:\/\/api.w.org\/{rel}","templated":true}]}}