{"id":20553,"date":"2018-04-16T12:28:27","date_gmt":"2018-04-16T15:28:27","guid":{"rendered":"http:\/\/www.psol50.org.br\/?p=20553"},"modified":"2018-04-16T12:28:27","modified_gmt":"2018-04-16T15:28:27","slug":"chico-alencar-beco-com-saida","status":"publish","type":"post","link":"https:\/\/psol50.org.br\/chico-alencar-beco-com-saida\/","title":{"rendered":"Chico Alencar | Beco  com sa\u00edda"},"content":{"rendered":"<p><em><span style=\"font-size: 14px;\">Artigo publicado originalmente no jornal O Globo<\/span><\/em><\/p>\n<p>As for\u00e7as progressistas do pa\u00eds, ao fazer um balan\u00e7o dos seus avan\u00e7os e trope\u00e7os, no \u00faltimo meio s\u00e9culo, t\u00eam que levar em conta a figura de Lula. Reconhecendo sua impressionante trajet\u00f3ria de vida e sem idolatria: os l\u00edderes t\u00eam um papel na hist\u00f3ria, mas n\u00e3o constroem, sozinhos, os processos sociais.<\/p>\n<p>A esquerda \u2014 que sofreu uma derrota estrat\u00e9gica no Brasil e no mundo \u2014 acredita na igualdade entre todos os seres humanos. Milita por uma nova ordem social, radicalmente democr\u00e1tica, que a possibilite. Esse ide\u00e1rio n\u00e3o \u00e9 aprision\u00e1vel. E n\u00e3o tem caminho \u00fanico para sua realiza\u00e7\u00e3o. A autocr\u00edtica dos desvios, inclusive do ponto de vista da \u00e9tica p\u00fablica e das alian\u00e7as com setores olig\u00e1rquicos e monopolistas, ainda n\u00e3o foi feita.<\/p>\n<p>Tempos de interregno: a velha institucionalidade pol\u00edtica se decomp\u00f5e, a economia patina na \u201creprimariza\u00e7\u00e3o\u201d, na agress\u00e3o ambiental e na desnacionaliza\u00e7\u00e3o. A desigualdade entre as classes se agudiza, revela o IBGE: 10% dos mais ricos concentram 43% da renda nacional; continuamos a ser um dos 15 pa\u00edses mais injustos do planeta. Entretanto, este sistema carcomido ainda pulsa.<\/p>\n<p>O novo, anunciado fragmentariamente atrav\u00e9s de diversas lutas sociais, ergue-se aos poucos no alvorecer. S\u00e3o os despossu\u00eddos dos direitos elementares que se organizam, inclusive disputando or\u00e7amentos p\u00fablicos. S\u00e3o os povos nativos e quilombolas que reagem \u00e0 \u201cninguendade\u201d imposta. S\u00e3o todas e todos que se afirmam nas pautas identit\u00e1rias, contra as opress\u00f5es.<\/p>\n<p>A escalada obscurantista \u2014 que chegou ao ponto de brutalidade m\u00e1xima com o assassinato de Marielle e Anderson \u2014 tem um componente de rea\u00e7\u00e3o \u00e0s for\u00e7as ainda incipientes da mudan\u00e7a: \u201cOs c\u00e3es ladram, \u00e9 sinal que avan\u00e7amos!\u201d \u2014 diz o Quixote de Miguel de Cervantes.<\/p>\n<p>Lula est\u00e1 na pris\u00e3o. Mas contas no exterior, milh\u00f5es em malas de dinheiro, negociatas em portos, rodovias e ferrovias sequer tiram dos mandatos (e de pr\u00e9-candidaturas) aqueles que contam com a benevol\u00eancia de setores do Judici\u00e1rio. Justi\u00e7a, n\u00e3o sendo judiciosa, torna-se partid\u00e1ria e seletiva.<\/p>\n<p>O capitalismo de la\u00e7os do Brasil transformou os partidos, com raras exce\u00e7\u00f5es, em escrit\u00f3rios de defesa corporativa. Abrigados em siglas de fantasia, h\u00e1 representantes das empreiteiras, do agroneg\u00f3cio, dos bancos, da bala, da bola. O PT n\u00e3o enfrentou esse conluio hist\u00f3rico. Agora \u00e9 denunciado por empres\u00e1rios que, em passado recente, cortejou.<\/p>\n<p>Cr\u00edticos e propositivos, apresentamos um programa de democratiza\u00e7\u00e3o radical da economia e da estrutura tribut\u00e1ria, da pol\u00edtica, da cultura e comunica\u00e7\u00e3o, em defesa da soberania nacional. Articula-se um movimento suprapartid\u00e1rio em defesa dos direitos, contra o \u00f3dio e os retrocessos. O horizonte estrat\u00e9gico almejado \u00e9 o da socializa\u00e7\u00e3o dos meios de governar e de produzir, da democracia sem fim. Essa constru\u00e7\u00e3o social s\u00f3 ser\u00e1 duradoura se coletiva.<\/p>\n","protected":false},"excerpt":{"rendered":"<p>Artigo publicado originalmente no jornal O Globo As for\u00e7as progressistas do pa\u00eds, ao fazer um balan\u00e7o dos seus avan\u00e7os e trope\u00e7os, no \u00faltimo meio s\u00e9culo, t\u00eam que levar em conta a figura de Lula. Reconhecendo sua impressionante trajet\u00f3ria de vida e sem idolatria: os l\u00edderes t\u00eam um papel na hist\u00f3ria, mas n\u00e3o constroem, sozinhos, os [&hellip;]<\/p>\n","protected":false},"author":2,"featured_media":19332,"comment_status":"open","ping_status":"open","sticky":false,"template":"","format":"standard","meta":{"_acf_changed":false,"footnotes":""},"categories":[3,1882],"tags":[481,1680,411,87,790,2432,1344,1208,22,319],"class_list":{"0":"post-20553","1":"post","2":"type-post","3":"status-publish","4":"format-standard","5":"has-post-thumbnail","7":"category-artigos-e-entrevistas","8":"category-brasil","9":"tag-capitalismo","10":"tag-chico-alencar","11":"tag-comunicacao","12":"tag-democracia","13":"tag-esquerda","14":"tag-forcas-progressistas","15":"tag-historia","16":"tag-politica","17":"tag-psol","18":"tag-pt"},"acf":[],"yoast_head":"<!-- This site is optimized with the Yoast SEO plugin v26.5 - https:\/\/yoast.com\/wordpress\/plugins\/seo\/ -->\n<title>Chico Alencar | Beco com sa\u00edda - PSOL 50<\/title>\n<meta name=\"robots\" content=\"index, follow, max-snippet:-1, max-image-preview:large, max-video-preview:-1\" \/>\n<link rel=\"canonical\" href=\"https:\/\/psol50.org.br\/chico-alencar-beco-com-saida\/\" \/>\n<meta property=\"og:locale\" content=\"pt_BR\" \/>\n<meta property=\"og:type\" content=\"article\" \/>\n<meta property=\"og:title\" content=\"Chico Alencar | Beco com sa\u00edda - PSOL 50\" \/>\n<meta property=\"og:description\" content=\"Artigo publicado originalmente no jornal O Globo As for\u00e7as progressistas do pa\u00eds, ao fazer um balan\u00e7o dos seus avan\u00e7os e trope\u00e7os, no \u00faltimo meio s\u00e9culo, t\u00eam que levar em conta a figura de Lula. Reconhecendo sua impressionante trajet\u00f3ria de vida e sem idolatria: os l\u00edderes t\u00eam um papel na hist\u00f3ria, mas n\u00e3o constroem, sozinhos, os [&hellip;]\" \/>\n<meta property=\"og:url\" content=\"https:\/\/psol50.org.br\/chico-alencar-beco-com-saida\/\" \/>\n<meta property=\"og:site_name\" content=\"PSOL 50\" \/>\n<meta property=\"article:publisher\" content=\"https:\/\/www.facebook.com\/psol50\" \/>\n<meta property=\"article:published_time\" content=\"2018-04-16T15:28:27+00:00\" \/>\n<meta property=\"og:image\" content=\"https:\/\/psol50.org.br\/inc\/uploads\/2018\/07\/capa.png\" \/>\n\t<meta property=\"og:image:width\" content=\"1350\" \/>\n\t<meta property=\"og:image:height\" content=\"900\" \/>\n\t<meta property=\"og:image:type\" content=\"image\/png\" \/>\n<meta name=\"author\" content=\"Comunica\u00e7\u00e3o PSOL\" \/>\n<meta name=\"twitter:card\" content=\"summary_large_image\" \/>\n<meta name=\"twitter:creator\" content=\"@psol50\" \/>\n<meta name=\"twitter:site\" content=\"@psol50\" \/>\n<meta name=\"twitter:label1\" content=\"Escrito por\" \/>\n\t<meta name=\"twitter:data1\" content=\"Comunica\u00e7\u00e3o PSOL\" \/>\n\t<meta name=\"twitter:label2\" content=\"Est. tempo de leitura\" \/>\n\t<meta name=\"twitter:data2\" content=\"2 minutos\" \/>\n<script type=\"application\/ld+json\" class=\"yoast-schema-graph\">{\"@context\":\"https:\/\/schema.org\",\"@graph\":[{\"@type\":\"Article\",\"@id\":\"https:\/\/psol50.org.br\/chico-alencar-beco-com-saida\/#article\",\"isPartOf\":{\"@id\":\"https:\/\/psol50.org.br\/chico-alencar-beco-com-saida\/\"},\"author\":{\"name\":\"Comunica\u00e7\u00e3o PSOL\",\"@id\":\"https:\/\/psol50.org.br\/#\/schema\/person\/475dfa57d0b815993c714c2e96491fcd\"},\"headline\":\"Chico Alencar | Beco com sa\u00edda\",\"datePublished\":\"2018-04-16T15:28:27+00:00\",\"mainEntityOfPage\":{\"@id\":\"https:\/\/psol50.org.br\/chico-alencar-beco-com-saida\/\"},\"wordCount\":503,\"commentCount\":0,\"publisher\":{\"@id\":\"https:\/\/psol50.org.br\/#organization\"},\"image\":{\"@id\":\"https:\/\/psol50.org.br\/chico-alencar-beco-com-saida\/#primaryimage\"},\"thumbnailUrl\":\"\",\"keywords\":[\"capitalismo\",\"Chico Alencar\",\"comunica\u00e7\u00e3o\",\"democracia\",\"esquerda\",\"for\u00e7as progressistas\",\"hist\u00f3ria\",\"pol\u00edtica\",\"PSOL\",\"PT\"],\"articleSection\":[\"Artigos\",\"Brasil\"],\"inLanguage\":\"pt-BR\",\"potentialAction\":[{\"@type\":\"CommentAction\",\"name\":\"Comment\",\"target\":[\"https:\/\/psol50.org.br\/chico-alencar-beco-com-saida\/#respond\"]}]},{\"@type\":\"WebPage\",\"@id\":\"https:\/\/psol50.org.br\/chico-alencar-beco-com-saida\/\",\"url\":\"https:\/\/psol50.org.br\/chico-alencar-beco-com-saida\/\",\"name\":\"Chico Alencar | Beco com sa\u00edda - PSOL 50\",\"isPartOf\":{\"@id\":\"https:\/\/psol50.org.br\/#website\"},\"primaryImageOfPage\":{\"@id\":\"https:\/\/psol50.org.br\/chico-alencar-beco-com-saida\/#primaryimage\"},\"image\":{\"@id\":\"https:\/\/psol50.org.br\/chico-alencar-beco-com-saida\/#primaryimage\"},\"thumbnailUrl\":\"\",\"datePublished\":\"2018-04-16T15:28:27+00:00\",\"breadcrumb\":{\"@id\":\"https:\/\/psol50.org.br\/chico-alencar-beco-com-saida\/#breadcrumb\"},\"inLanguage\":\"pt-BR\",\"potentialAction\":[{\"@type\":\"ReadAction\",\"target\":[\"https:\/\/psol50.org.br\/chico-alencar-beco-com-saida\/\"]}]},{\"@type\":\"ImageObject\",\"inLanguage\":\"pt-BR\",\"@id\":\"https:\/\/psol50.org.br\/chico-alencar-beco-com-saida\/#primaryimage\",\"url\":\"\",\"contentUrl\":\"\"},{\"@type\":\"BreadcrumbList\",\"@id\":\"https:\/\/psol50.org.br\/chico-alencar-beco-com-saida\/#breadcrumb\",\"itemListElement\":[{\"@type\":\"ListItem\",\"position\":1,\"name\":\"In\u00edcio\",\"item\":\"https:\/\/psol50.org.br\/\"},{\"@type\":\"ListItem\",\"position\":2,\"name\":\"Chico Alencar | Beco com sa\u00edda\"}]},{\"@type\":\"WebSite\",\"@id\":\"https:\/\/psol50.org.br\/#website\",\"url\":\"https:\/\/psol50.org.br\/\",\"name\":\"PSOL 50\",\"description\":\"Site oficial do Partido Socialismo e Liberdade\",\"publisher\":{\"@id\":\"https:\/\/psol50.org.br\/#organization\"},\"alternateName\":\"PSOL50\",\"potentialAction\":[{\"@type\":\"SearchAction\",\"target\":{\"@type\":\"EntryPoint\",\"urlTemplate\":\"https:\/\/psol50.org.br\/?s={search_term_string}\"},\"query-input\":{\"@type\":\"PropertyValueSpecification\",\"valueRequired\":true,\"valueName\":\"search_term_string\"}}],\"inLanguage\":\"pt-BR\"},{\"@type\":\"Organization\",\"@id\":\"https:\/\/psol50.org.br\/#organization\",\"name\":\"PSOL 50\",\"alternateName\":\"PSOL 50\",\"url\":\"https:\/\/psol50.org.br\/\",\"logo\":{\"@type\":\"ImageObject\",\"inLanguage\":\"pt-BR\",\"@id\":\"https:\/\/psol50.org.br\/#\/schema\/logo\/image\/\",\"url\":\"https:\/\/psol50.org.br\/inc\/uploads\/2018\/07\/capa.png\",\"contentUrl\":\"https:\/\/psol50.org.br\/inc\/uploads\/2018\/07\/capa.png\",\"width\":1350,\"height\":900,\"caption\":\"PSOL 50\"},\"image\":{\"@id\":\"https:\/\/psol50.org.br\/#\/schema\/logo\/image\/\"},\"sameAs\":[\"https:\/\/www.facebook.com\/psol50\",\"https:\/\/x.com\/psol50\",\"https:\/\/www.instagram.com\/psol50\/\",\"https:\/\/www.youtube.com\/channel\/UC7SnJS5o1os7a6CaiNabzcg\"]},{\"@type\":\"Person\",\"@id\":\"https:\/\/psol50.org.br\/#\/schema\/person\/475dfa57d0b815993c714c2e96491fcd\",\"name\":\"Comunica\u00e7\u00e3o PSOL\",\"image\":{\"@type\":\"ImageObject\",\"inLanguage\":\"pt-BR\",\"@id\":\"https:\/\/psol50.org.br\/#\/schema\/person\/image\/\",\"url\":\"https:\/\/secure.gravatar.com\/avatar\/b34fc4f4e468a4e51785917065a3db57b841f5c95dba6ad8c73aaf8f66f8f9bf?s=96&d=mm&r=g\",\"contentUrl\":\"https:\/\/secure.gravatar.com\/avatar\/b34fc4f4e468a4e51785917065a3db57b841f5c95dba6ad8c73aaf8f66f8f9bf?s=96&d=mm&r=g\",\"caption\":\"Comunica\u00e7\u00e3o PSOL\"}}]}<\/script>\n<!-- \/ Yoast SEO plugin. -->","yoast_head_json":{"title":"Chico Alencar | Beco com sa\u00edda - PSOL 50","robots":{"index":"index","follow":"follow","max-snippet":"max-snippet:-1","max-image-preview":"max-image-preview:large","max-video-preview":"max-video-preview:-1"},"canonical":"https:\/\/psol50.org.br\/chico-alencar-beco-com-saida\/","og_locale":"pt_BR","og_type":"article","og_title":"Chico Alencar | Beco com sa\u00edda - PSOL 50","og_description":"Artigo publicado originalmente no jornal O Globo As for\u00e7as progressistas do pa\u00eds, ao fazer um balan\u00e7o dos seus avan\u00e7os e trope\u00e7os, no \u00faltimo meio s\u00e9culo, t\u00eam que levar em conta a figura de Lula. Reconhecendo sua impressionante trajet\u00f3ria de vida e sem idolatria: os l\u00edderes t\u00eam um papel na hist\u00f3ria, mas n\u00e3o constroem, sozinhos, os [&hellip;]","og_url":"https:\/\/psol50.org.br\/chico-alencar-beco-com-saida\/","og_site_name":"PSOL 50","article_publisher":"https:\/\/www.facebook.com\/psol50","article_published_time":"2018-04-16T15:28:27+00:00","og_image":[{"width":1350,"height":900,"url":"https:\/\/psol50.org.br\/inc\/uploads\/2018\/07\/capa.png","type":"image\/png"}],"author":"Comunica\u00e7\u00e3o PSOL","twitter_card":"summary_large_image","twitter_creator":"@psol50","twitter_site":"@psol50","twitter_misc":{"Escrito por":"Comunica\u00e7\u00e3o PSOL","Est. tempo de leitura":"2 minutos"},"schema":{"@context":"https:\/\/schema.org","@graph":[{"@type":"Article","@id":"https:\/\/psol50.org.br\/chico-alencar-beco-com-saida\/#article","isPartOf":{"@id":"https:\/\/psol50.org.br\/chico-alencar-beco-com-saida\/"},"author":{"name":"Comunica\u00e7\u00e3o PSOL","@id":"https:\/\/psol50.org.br\/#\/schema\/person\/475dfa57d0b815993c714c2e96491fcd"},"headline":"Chico Alencar | Beco com sa\u00edda","datePublished":"2018-04-16T15:28:27+00:00","mainEntityOfPage":{"@id":"https:\/\/psol50.org.br\/chico-alencar-beco-com-saida\/"},"wordCount":503,"commentCount":0,"publisher":{"@id":"https:\/\/psol50.org.br\/#organization"},"image":{"@id":"https:\/\/psol50.org.br\/chico-alencar-beco-com-saida\/#primaryimage"},"thumbnailUrl":"","keywords":["capitalismo","Chico Alencar","comunica\u00e7\u00e3o","democracia","esquerda","for\u00e7as progressistas","hist\u00f3ria","pol\u00edtica","PSOL","PT"],"articleSection":["Artigos","Brasil"],"inLanguage":"pt-BR","potentialAction":[{"@type":"CommentAction","name":"Comment","target":["https:\/\/psol50.org.br\/chico-alencar-beco-com-saida\/#respond"]}]},{"@type":"WebPage","@id":"https:\/\/psol50.org.br\/chico-alencar-beco-com-saida\/","url":"https:\/\/psol50.org.br\/chico-alencar-beco-com-saida\/","name":"Chico Alencar | Beco com sa\u00edda - PSOL 50","isPartOf":{"@id":"https:\/\/psol50.org.br\/#website"},"primaryImageOfPage":{"@id":"https:\/\/psol50.org.br\/chico-alencar-beco-com-saida\/#primaryimage"},"image":{"@id":"https:\/\/psol50.org.br\/chico-alencar-beco-com-saida\/#primaryimage"},"thumbnailUrl":"","datePublished":"2018-04-16T15:28:27+00:00","breadcrumb":{"@id":"https:\/\/psol50.org.br\/chico-alencar-beco-com-saida\/#breadcrumb"},"inLanguage":"pt-BR","potentialAction":[{"@type":"ReadAction","target":["https:\/\/psol50.org.br\/chico-alencar-beco-com-saida\/"]}]},{"@type":"ImageObject","inLanguage":"pt-BR","@id":"https:\/\/psol50.org.br\/chico-alencar-beco-com-saida\/#primaryimage","url":"","contentUrl":""},{"@type":"BreadcrumbList","@id":"https:\/\/psol50.org.br\/chico-alencar-beco-com-saida\/#breadcrumb","itemListElement":[{"@type":"ListItem","position":1,"name":"In\u00edcio","item":"https:\/\/psol50.org.br\/"},{"@type":"ListItem","position":2,"name":"Chico Alencar | Beco com sa\u00edda"}]},{"@type":"WebSite","@id":"https:\/\/psol50.org.br\/#website","url":"https:\/\/psol50.org.br\/","name":"PSOL 50","description":"Site oficial do Partido Socialismo e Liberdade","publisher":{"@id":"https:\/\/psol50.org.br\/#organization"},"alternateName":"PSOL50","potentialAction":[{"@type":"SearchAction","target":{"@type":"EntryPoint","urlTemplate":"https:\/\/psol50.org.br\/?s={search_term_string}"},"query-input":{"@type":"PropertyValueSpecification","valueRequired":true,"valueName":"search_term_string"}}],"inLanguage":"pt-BR"},{"@type":"Organization","@id":"https:\/\/psol50.org.br\/#organization","name":"PSOL 50","alternateName":"PSOL 50","url":"https:\/\/psol50.org.br\/","logo":{"@type":"ImageObject","inLanguage":"pt-BR","@id":"https:\/\/psol50.org.br\/#\/schema\/logo\/image\/","url":"https:\/\/psol50.org.br\/inc\/uploads\/2018\/07\/capa.png","contentUrl":"https:\/\/psol50.org.br\/inc\/uploads\/2018\/07\/capa.png","width":1350,"height":900,"caption":"PSOL 50"},"image":{"@id":"https:\/\/psol50.org.br\/#\/schema\/logo\/image\/"},"sameAs":["https:\/\/www.facebook.com\/psol50","https:\/\/x.com\/psol50","https:\/\/www.instagram.com\/psol50\/","https:\/\/www.youtube.com\/channel\/UC7SnJS5o1os7a6CaiNabzcg"]},{"@type":"Person","@id":"https:\/\/psol50.org.br\/#\/schema\/person\/475dfa57d0b815993c714c2e96491fcd","name":"Comunica\u00e7\u00e3o PSOL","image":{"@type":"ImageObject","inLanguage":"pt-BR","@id":"https:\/\/psol50.org.br\/#\/schema\/person\/image\/","url":"https:\/\/secure.gravatar.com\/avatar\/b34fc4f4e468a4e51785917065a3db57b841f5c95dba6ad8c73aaf8f66f8f9bf?s=96&d=mm&r=g","contentUrl":"https:\/\/secure.gravatar.com\/avatar\/b34fc4f4e468a4e51785917065a3db57b841f5c95dba6ad8c73aaf8f66f8f9bf?s=96&d=mm&r=g","caption":"Comunica\u00e7\u00e3o PSOL"}}]}},"_links":{"self":[{"href":"https:\/\/psol50.org.br\/rest\/wp\/v2\/posts\/20553","targetHints":{"allow":["GET"]}}],"collection":[{"href":"https:\/\/psol50.org.br\/rest\/wp\/v2\/posts"}],"about":[{"href":"https:\/\/psol50.org.br\/rest\/wp\/v2\/types\/post"}],"author":[{"embeddable":true,"href":"https:\/\/psol50.org.br\/rest\/wp\/v2\/users\/2"}],"replies":[{"embeddable":true,"href":"https:\/\/psol50.org.br\/rest\/wp\/v2\/comments?post=20553"}],"version-history":[{"count":0,"href":"https:\/\/psol50.org.br\/rest\/wp\/v2\/posts\/20553\/revisions"}],"wp:featuredmedia":[{"embeddable":true,"href":"https:\/\/psol50.org.br\/rest\/"}],"wp:attachment":[{"href":"https:\/\/psol50.org.br\/rest\/wp\/v2\/media?parent=20553"}],"wp:term":[{"taxonomy":"category","embeddable":true,"href":"https:\/\/psol50.org.br\/rest\/wp\/v2\/categories?post=20553"},{"taxonomy":"post_tag","embeddable":true,"href":"https:\/\/psol50.org.br\/rest\/wp\/v2\/tags?post=20553"}],"curies":[{"name":"wp","href":"https:\/\/api.w.org\/{rel}","templated":true}]}}