{"id":20556,"date":"2018-04-16T14:06:58","date_gmt":"2018-04-16T17:06:58","guid":{"rendered":"http:\/\/www.psol50.org.br\/?p=20556"},"modified":"2018-04-16T14:06:58","modified_gmt":"2018-04-16T17:06:58","slug":"nao-queremos-mais-cadeia-e-punicao","status":"publish","type":"post","link":"https:\/\/psol50.org.br\/nao-queremos-mais-cadeia-e-punicao\/","title":{"rendered":"\u00c1urea Carolina e Cida Falabella | N\u00e3o queremos mais cadeia e puni\u00e7\u00e3o"},"content":{"rendered":"<p><em>Publicado originalmente na <a href=\"http:\/\/midianinja.org\/gabinetona\/nao-queremos-mais-cadeia-e-punicao\/\" target=\"_blank\" rel=\"noopener\"><strong><span style=\"color: #0000ff;\">M\u00eddia Ninja<\/span><\/strong><\/a><\/em><\/p>\n<p>Nesta semana, completa-se um m\u00eas da morte de Marielle Franco e Anderson Gomes. Seguimos sem respostas. Mulher, negra, m\u00e3e, bissexual, cria da favela da Mar\u00e9, Marielle Franco dedicou sua vida \u00e0s causas democr\u00e1ticas, pelo fim de todas as formas de viol\u00eancia. Quinta vereadora mais votada no Rio de Janeiro, Marielle levantou sua voz \u2013 e de tantas mais \u2013 pelos direitos das periferias, das mulheres, de negras e negros, da comunidade LGBT, das juventudes perif\u00e9ricas e suas fam\u00edlias, do povo trabalhador. Pouco antes de ser assassinada, Marielle havia denunciado abusos praticados pela Pol\u00edcia Militar.<\/p>\n<p><strong>Tentaram silenciar uma mulher gigante, mas a sua morte fez amplificar o nosso grito e aumentar a nossa for\u00e7a para seguir lutando por outra sociedade poss\u00edvel, a come\u00e7ar pela transforma\u00e7\u00e3o do pr\u00f3prio modelo de seguran\u00e7a p\u00fablica.<\/strong><\/p>\n<p>Segundo dados do Anu\u00e1rio Brasileiro de Seguran\u00e7a P\u00fablica de 2017, sete pessoas foram assassinadas por hora em 2016, totalizando 61.283 homic\u00eddios, o maior n\u00famero j\u00e1 registrado no Pa\u00eds. Apenas 8% dessas mortes foram investigadas. Temos a terceira maior popula\u00e7\u00e3o carcer\u00e1ria do mundo \u2013 de acordo com o Levantamento Nacional de Informa\u00e7\u00f5es Penitenci\u00e1rias (Infopen) de junho de 2016, j\u00e1 s\u00e3o mais de 700 mil pessoas encarceradas no Brasil, sendo 64% negros. Tipicamente, s\u00e3o jovens negros, pobres e de baixa escolaridade. A cultura do medo \u00e9 parte decisiva dessa engrenagem, que se difunde tamb\u00e9m por uma abordagem midi\u00e1tica da viol\u00eancia que \u00e9, via de regra, racista e sensacionalista.<\/p>\n<p><strong>A persist\u00eancia da viol\u00eancia \u00e9 a demonstra\u00e7\u00e3o mais \u00f3bvia de que o atual modelo de seguran\u00e7a p\u00fablica, baseado em repress\u00e3o militarizada, \u00e9 ineficaz.<\/strong><\/p>\n<p>S\u00e3o numerosos os problemas, a come\u00e7ar pela seletividade na aplica\u00e7\u00e3o das leis. A falta de rigor na apura\u00e7\u00e3o dos crimes, o racismo institucional, a pol\u00edtica proibicionista de drogas e a trucul\u00eancia policial, que gera medo ao inv\u00e9s de confian\u00e7a, tamb\u00e9m devem ser levados em conta quando discutimos a fal\u00eancia do modelo.<\/p>\n<p>Quando pensamos na morte de Marielle e do motorista Anderson, temos que colocar toda essa realidade na balan\u00e7a para sermos coerentes com as nossas ideias e dizer: n\u00e3o, n\u00e3o queremos mais cadeia e puni\u00e7\u00e3o. Isso n\u00e3o significa que n\u00e3o queremos justi\u00e7a. Queremos que o caso seja rigorosamente investigado e os culpados responsabilizados. Mas queremos tamb\u00e9m, sobretudo, enfrentar esse Estado penal genocida. Queremos outro modelo de seguran\u00e7a p\u00fablica, capaz de defender a cidadania e os direitos humanos para todas as pessoas.<\/p>\n<p>H\u00e1 prioridades urgentes para uma pol\u00edtica de seguran\u00e7a cidad\u00e3: o investimento sist\u00eamico na preven\u00e7\u00e3o \u00e0 viol\u00eancia, por meio de pol\u00edticas sociais integradas; o fim das parcerias p\u00fablico-privadas nas pris\u00f5es, porque \u00e9 inadmiss\u00edvel que os presos sejam tratados como mercadorias lucrativas; o controle externo sobre a a\u00e7\u00e3o das for\u00e7as policiais, com participa\u00e7\u00e3o da sociedade civil; a legaliza\u00e7\u00e3o das drogas; a desmilitariza\u00e7\u00e3o das pol\u00edcias; a valoriza\u00e7\u00e3o profissional dos policiais; a humaniza\u00e7\u00e3o do sistema prisional.<\/p>\n<p><strong>Apelos por mais repress\u00e3o e por mais pris\u00f5es apenas refor\u00e7am um modelo penal seletivo, injusto e punitivista, que diz quem deve e quem n\u00e3o deve ser punido com base em cor, g\u00eanero e classe social.<\/strong><\/p>\n<p>\u00c9 a naturaliza\u00e7\u00e3o da viol\u00eancia estatal que permite a morte de outras tantas Marielles, Cl\u00e1udias e Amarildos todos os dias. Vamos honrar o nome de Marielle, que nos mostrou que uma atua\u00e7\u00e3o comprometida na pol\u00edtica institucional vai muito al\u00e9m da representa\u00e7\u00e3o: \u00e9 uma chance de responder coletivamente aos problemas que nos afetam, denunciando a opress\u00e3o e os privil\u00e9gios daqueles que se consideram os donos do poder.<\/p>\n","protected":false},"excerpt":{"rendered":"<p>Publicado originalmente na M\u00eddia Ninja Nesta semana, completa-se um m\u00eas da morte de Marielle Franco e Anderson Gomes. Seguimos sem respostas. Mulher, negra, m\u00e3e, bissexual, cria da favela da Mar\u00e9, Marielle Franco dedicou sua vida \u00e0s causas democr\u00e1ticas, pelo fim de todas as formas de viol\u00eancia. Quinta vereadora mais votada no Rio de Janeiro, Marielle [&hellip;]<\/p>\n","protected":false},"author":2,"featured_media":20558,"comment_status":"open","ping_status":"open","sticky":false,"template":"","format":"standard","meta":{"_acf_changed":false,"footnotes":""},"categories":[3,1882],"tags":[29,1567,764,2073,194,762,127,538],"class_list":{"0":"post-20556","1":"post","2":"type-post","3":"status-publish","4":"format-standard","5":"has-post-thumbnail","7":"category-artigos-e-entrevistas","8":"category-brasil","9":"tag-aurea-carolina","10":"tag-cida-falabella","11":"tag-favela","12":"tag-gabinetona","13":"tag-marielle-franco","14":"tag-militarizacao","15":"tag-racismo","16":"tag-seguranca-publica"},"acf":[],"yoast_head":"<!-- This site is optimized with the Yoast SEO plugin v26.5 - https:\/\/yoast.com\/wordpress\/plugins\/seo\/ -->\n<title>\u00c1urea Carolina e Cida Falabella | N\u00e3o queremos mais cadeia e puni\u00e7\u00e3o - PSOL 50<\/title>\n<meta name=\"robots\" content=\"index, follow, max-snippet:-1, max-image-preview:large, max-video-preview:-1\" \/>\n<link rel=\"canonical\" href=\"https:\/\/psol50.org.br\/nao-queremos-mais-cadeia-e-punicao\/\" \/>\n<meta property=\"og:locale\" content=\"pt_BR\" \/>\n<meta property=\"og:type\" content=\"article\" \/>\n<meta property=\"og:title\" content=\"\u00c1urea Carolina e Cida Falabella | N\u00e3o queremos mais cadeia e puni\u00e7\u00e3o - PSOL 50\" \/>\n<meta property=\"og:description\" content=\"Publicado originalmente na M\u00eddia Ninja Nesta semana, completa-se um m\u00eas da morte de Marielle Franco e Anderson Gomes. Seguimos sem respostas. Mulher, negra, m\u00e3e, bissexual, cria da favela da Mar\u00e9, Marielle Franco dedicou sua vida \u00e0s causas democr\u00e1ticas, pelo fim de todas as formas de viol\u00eancia. Quinta vereadora mais votada no Rio de Janeiro, Marielle [&hellip;]\" \/>\n<meta property=\"og:url\" content=\"https:\/\/psol50.org.br\/nao-queremos-mais-cadeia-e-punicao\/\" \/>\n<meta property=\"og:site_name\" content=\"PSOL 50\" \/>\n<meta property=\"article:publisher\" content=\"https:\/\/www.facebook.com\/psol50\" \/>\n<meta property=\"article:published_time\" content=\"2018-04-16T17:06:58+00:00\" \/>\n<meta property=\"og:image\" content=\"https:\/\/psol50.org.br\/inc\/uploads\/2018\/04\/mulher-bope-marielle-nunahalle.jpg\" \/>\n\t<meta property=\"og:image:width\" content=\"1350\" \/>\n\t<meta property=\"og:image:height\" content=\"900\" \/>\n\t<meta property=\"og:image:type\" content=\"image\/jpeg\" \/>\n<meta name=\"author\" content=\"Comunica\u00e7\u00e3o PSOL\" \/>\n<meta name=\"twitter:card\" content=\"summary_large_image\" \/>\n<meta name=\"twitter:creator\" content=\"@psol50\" \/>\n<meta name=\"twitter:site\" content=\"@psol50\" \/>\n<meta name=\"twitter:label1\" content=\"Escrito por\" \/>\n\t<meta name=\"twitter:data1\" content=\"Comunica\u00e7\u00e3o PSOL\" \/>\n\t<meta name=\"twitter:label2\" content=\"Est. tempo de leitura\" \/>\n\t<meta name=\"twitter:data2\" content=\"3 minutos\" \/>\n<script type=\"application\/ld+json\" class=\"yoast-schema-graph\">{\"@context\":\"https:\/\/schema.org\",\"@graph\":[{\"@type\":\"Article\",\"@id\":\"https:\/\/psol50.org.br\/nao-queremos-mais-cadeia-e-punicao\/#article\",\"isPartOf\":{\"@id\":\"https:\/\/psol50.org.br\/nao-queremos-mais-cadeia-e-punicao\/\"},\"author\":{\"name\":\"Comunica\u00e7\u00e3o PSOL\",\"@id\":\"https:\/\/psol50.org.br\/#\/schema\/person\/475dfa57d0b815993c714c2e96491fcd\"},\"headline\":\"\u00c1urea Carolina e Cida Falabella | N\u00e3o queremos mais cadeia e puni\u00e7\u00e3o\",\"datePublished\":\"2018-04-16T17:06:58+00:00\",\"mainEntityOfPage\":{\"@id\":\"https:\/\/psol50.org.br\/nao-queremos-mais-cadeia-e-punicao\/\"},\"wordCount\":650,\"commentCount\":0,\"publisher\":{\"@id\":\"https:\/\/psol50.org.br\/#organization\"},\"image\":{\"@id\":\"https:\/\/psol50.org.br\/nao-queremos-mais-cadeia-e-punicao\/#primaryimage\"},\"thumbnailUrl\":\"https:\/\/psol50.org.br\/inc\/uploads\/2018\/04\/mulher-bope-marielle-nunahalle.jpg\",\"keywords\":[\"\u00c1urea Carolina\",\"cida falabella\",\"favela\",\"gabinetona\",\"Marielle Franco\",\"militariza\u00e7\u00e3o\",\"racismo\",\"Seguran\u00e7a P\u00fablica\"],\"articleSection\":[\"Artigos\",\"Brasil\"],\"inLanguage\":\"pt-BR\",\"potentialAction\":[{\"@type\":\"CommentAction\",\"name\":\"Comment\",\"target\":[\"https:\/\/psol50.org.br\/nao-queremos-mais-cadeia-e-punicao\/#respond\"]}]},{\"@type\":\"WebPage\",\"@id\":\"https:\/\/psol50.org.br\/nao-queremos-mais-cadeia-e-punicao\/\",\"url\":\"https:\/\/psol50.org.br\/nao-queremos-mais-cadeia-e-punicao\/\",\"name\":\"\u00c1urea Carolina e Cida Falabella | N\u00e3o queremos mais cadeia e puni\u00e7\u00e3o - PSOL 50\",\"isPartOf\":{\"@id\":\"https:\/\/psol50.org.br\/#website\"},\"primaryImageOfPage\":{\"@id\":\"https:\/\/psol50.org.br\/nao-queremos-mais-cadeia-e-punicao\/#primaryimage\"},\"image\":{\"@id\":\"https:\/\/psol50.org.br\/nao-queremos-mais-cadeia-e-punicao\/#primaryimage\"},\"thumbnailUrl\":\"https:\/\/psol50.org.br\/inc\/uploads\/2018\/04\/mulher-bope-marielle-nunahalle.jpg\",\"datePublished\":\"2018-04-16T17:06:58+00:00\",\"breadcrumb\":{\"@id\":\"https:\/\/psol50.org.br\/nao-queremos-mais-cadeia-e-punicao\/#breadcrumb\"},\"inLanguage\":\"pt-BR\",\"potentialAction\":[{\"@type\":\"ReadAction\",\"target\":[\"https:\/\/psol50.org.br\/nao-queremos-mais-cadeia-e-punicao\/\"]}]},{\"@type\":\"ImageObject\",\"inLanguage\":\"pt-BR\",\"@id\":\"https:\/\/psol50.org.br\/nao-queremos-mais-cadeia-e-punicao\/#primaryimage\",\"url\":\"https:\/\/psol50.org.br\/inc\/uploads\/2018\/04\/mulher-bope-marielle-nunahalle.jpg\",\"contentUrl\":\"https:\/\/psol50.org.br\/inc\/uploads\/2018\/04\/mulher-bope-marielle-nunahalle.jpg\",\"width\":1350,\"height\":900},{\"@type\":\"BreadcrumbList\",\"@id\":\"https:\/\/psol50.org.br\/nao-queremos-mais-cadeia-e-punicao\/#breadcrumb\",\"itemListElement\":[{\"@type\":\"ListItem\",\"position\":1,\"name\":\"In\u00edcio\",\"item\":\"https:\/\/psol50.org.br\/\"},{\"@type\":\"ListItem\",\"position\":2,\"name\":\"\u00c1urea Carolina e Cida Falabella | N\u00e3o queremos mais cadeia e puni\u00e7\u00e3o\"}]},{\"@type\":\"WebSite\",\"@id\":\"https:\/\/psol50.org.br\/#website\",\"url\":\"https:\/\/psol50.org.br\/\",\"name\":\"PSOL 50\",\"description\":\"Site oficial do Partido Socialismo e Liberdade\",\"publisher\":{\"@id\":\"https:\/\/psol50.org.br\/#organization\"},\"alternateName\":\"PSOL50\",\"potentialAction\":[{\"@type\":\"SearchAction\",\"target\":{\"@type\":\"EntryPoint\",\"urlTemplate\":\"https:\/\/psol50.org.br\/?s={search_term_string}\"},\"query-input\":{\"@type\":\"PropertyValueSpecification\",\"valueRequired\":true,\"valueName\":\"search_term_string\"}}],\"inLanguage\":\"pt-BR\"},{\"@type\":\"Organization\",\"@id\":\"https:\/\/psol50.org.br\/#organization\",\"name\":\"PSOL 50\",\"alternateName\":\"PSOL 50\",\"url\":\"https:\/\/psol50.org.br\/\",\"logo\":{\"@type\":\"ImageObject\",\"inLanguage\":\"pt-BR\",\"@id\":\"https:\/\/psol50.org.br\/#\/schema\/logo\/image\/\",\"url\":\"https:\/\/psol50.org.br\/inc\/uploads\/2018\/07\/capa.png\",\"contentUrl\":\"https:\/\/psol50.org.br\/inc\/uploads\/2018\/07\/capa.png\",\"width\":1350,\"height\":900,\"caption\":\"PSOL 50\"},\"image\":{\"@id\":\"https:\/\/psol50.org.br\/#\/schema\/logo\/image\/\"},\"sameAs\":[\"https:\/\/www.facebook.com\/psol50\",\"https:\/\/x.com\/psol50\",\"https:\/\/www.instagram.com\/psol50\/\",\"https:\/\/www.youtube.com\/channel\/UC7SnJS5o1os7a6CaiNabzcg\"]},{\"@type\":\"Person\",\"@id\":\"https:\/\/psol50.org.br\/#\/schema\/person\/475dfa57d0b815993c714c2e96491fcd\",\"name\":\"Comunica\u00e7\u00e3o PSOL\",\"image\":{\"@type\":\"ImageObject\",\"inLanguage\":\"pt-BR\",\"@id\":\"https:\/\/psol50.org.br\/#\/schema\/person\/image\/\",\"url\":\"https:\/\/secure.gravatar.com\/avatar\/b34fc4f4e468a4e51785917065a3db57b841f5c95dba6ad8c73aaf8f66f8f9bf?s=96&d=mm&r=g\",\"contentUrl\":\"https:\/\/secure.gravatar.com\/avatar\/b34fc4f4e468a4e51785917065a3db57b841f5c95dba6ad8c73aaf8f66f8f9bf?s=96&d=mm&r=g\",\"caption\":\"Comunica\u00e7\u00e3o PSOL\"}}]}<\/script>\n<!-- \/ Yoast SEO plugin. -->","yoast_head_json":{"title":"\u00c1urea Carolina e Cida Falabella | N\u00e3o queremos mais cadeia e puni\u00e7\u00e3o - PSOL 50","robots":{"index":"index","follow":"follow","max-snippet":"max-snippet:-1","max-image-preview":"max-image-preview:large","max-video-preview":"max-video-preview:-1"},"canonical":"https:\/\/psol50.org.br\/nao-queremos-mais-cadeia-e-punicao\/","og_locale":"pt_BR","og_type":"article","og_title":"\u00c1urea Carolina e Cida Falabella | N\u00e3o queremos mais cadeia e puni\u00e7\u00e3o - PSOL 50","og_description":"Publicado originalmente na M\u00eddia Ninja Nesta semana, completa-se um m\u00eas da morte de Marielle Franco e Anderson Gomes. Seguimos sem respostas. Mulher, negra, m\u00e3e, bissexual, cria da favela da Mar\u00e9, Marielle Franco dedicou sua vida \u00e0s causas democr\u00e1ticas, pelo fim de todas as formas de viol\u00eancia. Quinta vereadora mais votada no Rio de Janeiro, Marielle [&hellip;]","og_url":"https:\/\/psol50.org.br\/nao-queremos-mais-cadeia-e-punicao\/","og_site_name":"PSOL 50","article_publisher":"https:\/\/www.facebook.com\/psol50","article_published_time":"2018-04-16T17:06:58+00:00","og_image":[{"width":1350,"height":900,"url":"https:\/\/psol50.org.br\/inc\/uploads\/2018\/04\/mulher-bope-marielle-nunahalle.jpg","type":"image\/jpeg"}],"author":"Comunica\u00e7\u00e3o PSOL","twitter_card":"summary_large_image","twitter_creator":"@psol50","twitter_site":"@psol50","twitter_misc":{"Escrito por":"Comunica\u00e7\u00e3o PSOL","Est. tempo de leitura":"3 minutos"},"schema":{"@context":"https:\/\/schema.org","@graph":[{"@type":"Article","@id":"https:\/\/psol50.org.br\/nao-queremos-mais-cadeia-e-punicao\/#article","isPartOf":{"@id":"https:\/\/psol50.org.br\/nao-queremos-mais-cadeia-e-punicao\/"},"author":{"name":"Comunica\u00e7\u00e3o PSOL","@id":"https:\/\/psol50.org.br\/#\/schema\/person\/475dfa57d0b815993c714c2e96491fcd"},"headline":"\u00c1urea Carolina e Cida Falabella | N\u00e3o queremos mais cadeia e puni\u00e7\u00e3o","datePublished":"2018-04-16T17:06:58+00:00","mainEntityOfPage":{"@id":"https:\/\/psol50.org.br\/nao-queremos-mais-cadeia-e-punicao\/"},"wordCount":650,"commentCount":0,"publisher":{"@id":"https:\/\/psol50.org.br\/#organization"},"image":{"@id":"https:\/\/psol50.org.br\/nao-queremos-mais-cadeia-e-punicao\/#primaryimage"},"thumbnailUrl":"https:\/\/psol50.org.br\/inc\/uploads\/2018\/04\/mulher-bope-marielle-nunahalle.jpg","keywords":["\u00c1urea Carolina","cida falabella","favela","gabinetona","Marielle Franco","militariza\u00e7\u00e3o","racismo","Seguran\u00e7a P\u00fablica"],"articleSection":["Artigos","Brasil"],"inLanguage":"pt-BR","potentialAction":[{"@type":"CommentAction","name":"Comment","target":["https:\/\/psol50.org.br\/nao-queremos-mais-cadeia-e-punicao\/#respond"]}]},{"@type":"WebPage","@id":"https:\/\/psol50.org.br\/nao-queremos-mais-cadeia-e-punicao\/","url":"https:\/\/psol50.org.br\/nao-queremos-mais-cadeia-e-punicao\/","name":"\u00c1urea Carolina e Cida Falabella | N\u00e3o queremos mais cadeia e puni\u00e7\u00e3o - PSOL 50","isPartOf":{"@id":"https:\/\/psol50.org.br\/#website"},"primaryImageOfPage":{"@id":"https:\/\/psol50.org.br\/nao-queremos-mais-cadeia-e-punicao\/#primaryimage"},"image":{"@id":"https:\/\/psol50.org.br\/nao-queremos-mais-cadeia-e-punicao\/#primaryimage"},"thumbnailUrl":"https:\/\/psol50.org.br\/inc\/uploads\/2018\/04\/mulher-bope-marielle-nunahalle.jpg","datePublished":"2018-04-16T17:06:58+00:00","breadcrumb":{"@id":"https:\/\/psol50.org.br\/nao-queremos-mais-cadeia-e-punicao\/#breadcrumb"},"inLanguage":"pt-BR","potentialAction":[{"@type":"ReadAction","target":["https:\/\/psol50.org.br\/nao-queremos-mais-cadeia-e-punicao\/"]}]},{"@type":"ImageObject","inLanguage":"pt-BR","@id":"https:\/\/psol50.org.br\/nao-queremos-mais-cadeia-e-punicao\/#primaryimage","url":"https:\/\/psol50.org.br\/inc\/uploads\/2018\/04\/mulher-bope-marielle-nunahalle.jpg","contentUrl":"https:\/\/psol50.org.br\/inc\/uploads\/2018\/04\/mulher-bope-marielle-nunahalle.jpg","width":1350,"height":900},{"@type":"BreadcrumbList","@id":"https:\/\/psol50.org.br\/nao-queremos-mais-cadeia-e-punicao\/#breadcrumb","itemListElement":[{"@type":"ListItem","position":1,"name":"In\u00edcio","item":"https:\/\/psol50.org.br\/"},{"@type":"ListItem","position":2,"name":"\u00c1urea Carolina e Cida Falabella | N\u00e3o queremos mais cadeia e puni\u00e7\u00e3o"}]},{"@type":"WebSite","@id":"https:\/\/psol50.org.br\/#website","url":"https:\/\/psol50.org.br\/","name":"PSOL 50","description":"Site oficial do Partido Socialismo e Liberdade","publisher":{"@id":"https:\/\/psol50.org.br\/#organization"},"alternateName":"PSOL50","potentialAction":[{"@type":"SearchAction","target":{"@type":"EntryPoint","urlTemplate":"https:\/\/psol50.org.br\/?s={search_term_string}"},"query-input":{"@type":"PropertyValueSpecification","valueRequired":true,"valueName":"search_term_string"}}],"inLanguage":"pt-BR"},{"@type":"Organization","@id":"https:\/\/psol50.org.br\/#organization","name":"PSOL 50","alternateName":"PSOL 50","url":"https:\/\/psol50.org.br\/","logo":{"@type":"ImageObject","inLanguage":"pt-BR","@id":"https:\/\/psol50.org.br\/#\/schema\/logo\/image\/","url":"https:\/\/psol50.org.br\/inc\/uploads\/2018\/07\/capa.png","contentUrl":"https:\/\/psol50.org.br\/inc\/uploads\/2018\/07\/capa.png","width":1350,"height":900,"caption":"PSOL 50"},"image":{"@id":"https:\/\/psol50.org.br\/#\/schema\/logo\/image\/"},"sameAs":["https:\/\/www.facebook.com\/psol50","https:\/\/x.com\/psol50","https:\/\/www.instagram.com\/psol50\/","https:\/\/www.youtube.com\/channel\/UC7SnJS5o1os7a6CaiNabzcg"]},{"@type":"Person","@id":"https:\/\/psol50.org.br\/#\/schema\/person\/475dfa57d0b815993c714c2e96491fcd","name":"Comunica\u00e7\u00e3o PSOL","image":{"@type":"ImageObject","inLanguage":"pt-BR","@id":"https:\/\/psol50.org.br\/#\/schema\/person\/image\/","url":"https:\/\/secure.gravatar.com\/avatar\/b34fc4f4e468a4e51785917065a3db57b841f5c95dba6ad8c73aaf8f66f8f9bf?s=96&d=mm&r=g","contentUrl":"https:\/\/secure.gravatar.com\/avatar\/b34fc4f4e468a4e51785917065a3db57b841f5c95dba6ad8c73aaf8f66f8f9bf?s=96&d=mm&r=g","caption":"Comunica\u00e7\u00e3o PSOL"}}]}},"_links":{"self":[{"href":"https:\/\/psol50.org.br\/rest\/wp\/v2\/posts\/20556","targetHints":{"allow":["GET"]}}],"collection":[{"href":"https:\/\/psol50.org.br\/rest\/wp\/v2\/posts"}],"about":[{"href":"https:\/\/psol50.org.br\/rest\/wp\/v2\/types\/post"}],"author":[{"embeddable":true,"href":"https:\/\/psol50.org.br\/rest\/wp\/v2\/users\/2"}],"replies":[{"embeddable":true,"href":"https:\/\/psol50.org.br\/rest\/wp\/v2\/comments?post=20556"}],"version-history":[{"count":0,"href":"https:\/\/psol50.org.br\/rest\/wp\/v2\/posts\/20556\/revisions"}],"wp:featuredmedia":[{"embeddable":true,"href":"https:\/\/psol50.org.br\/rest\/wp\/v2\/media\/20558"}],"wp:attachment":[{"href":"https:\/\/psol50.org.br\/rest\/wp\/v2\/media?parent=20556"}],"wp:term":[{"taxonomy":"category","embeddable":true,"href":"https:\/\/psol50.org.br\/rest\/wp\/v2\/categories?post=20556"},{"taxonomy":"post_tag","embeddable":true,"href":"https:\/\/psol50.org.br\/rest\/wp\/v2\/tags?post=20556"}],"curies":[{"name":"wp","href":"https:\/\/api.w.org\/{rel}","templated":true}]}}