{"id":20566,"date":"2018-04-18T10:11:14","date_gmt":"2018-04-18T13:11:14","guid":{"rendered":"http:\/\/www.psol50.org.br\/?p=20566"},"modified":"2018-04-18T10:11:14","modified_gmt":"2018-04-18T13:11:14","slug":"macapa-por-que-as-cotas-sao-necessarias","status":"publish","type":"post","link":"https:\/\/psol50.org.br\/macapa-por-que-as-cotas-sao-necessarias\/","title":{"rendered":"Macap\u00e1: por que as cotas s\u00e3o necess\u00e1rias"},"content":{"rendered":"<p>O Estado brasileiro tem uma d\u00edvida hist\u00f3rica com o povo preto. Foram mais de 300 anos de escravid\u00e3o, fomos uns dos \u00faltimos pa\u00edses a abolir a escravid\u00e3o e quando o fizemos, n\u00e3o tivemos o compromisso social e moral de instituir uma pol\u00edtica de inclus\u00e3o para que essa popula\u00e7\u00e3o pudesse ter acesso \u00e0 educa\u00e7\u00e3o, sa\u00fade, emprego e moradia. Sa\u00edmos das senzalas para as favelas, para preencher as estat\u00edsticas da pobreza, da faveliza\u00e7\u00e3o, da falta de acesso \u00e0s universidades, da desigualdade de sal\u00e1rios, da viol\u00eancia e das maiorias nas penitenci\u00e1rias.<\/p>\n<p>Ap\u00f3s 130 anos da Lei \u00c1urea, ainda sofremos com o racismo e com a exclus\u00e3o social. Mesmo sendo 54% de toda a popula\u00e7\u00e3o brasileira, essa maioria n\u00e3o se reflete nas universidades, onde at\u00e9 2004 \u00e9ramos 1,8% de estudantes negros. N\u00e3o se reflete no servi\u00e7o p\u00fablico, porque, \u00e9 l\u00f3gico, se n\u00e3o conseguimos acessar educa\u00e7\u00e3o de qualidade e uma universidade, n\u00e3o teremos condi\u00e7\u00f5es de concorrer, em p\u00e9 de igualdade, a uma vaga no servi\u00e7o p\u00fablico. Os n\u00fameros s\u00e3o bem mais assustadores quando se trata do encarceramento, onde somos 64% dos mais de 726 mil presos no Brasil. O sal\u00e1rio de um negro \u00e9 52% mais baixo que de um n\u00e3o negro. Quando se trata da mulher negra, esse n\u00famero baixa para 30%.<\/p>\n<p>Assim, quando se debate pol\u00edtica afirmativa, principalmente no que diz respeito a cotas raciais, n\u00e3o est\u00e1 se tratando de \u201cvitimismo\u201d, como muitos alegam. \u00c9 preciso sair do discurso vazio da meritocracia e analisar a realidade dos n\u00fameros. Eles nos dizem, de forma muito clara, o tamanho da d\u00edvida hist\u00f3ria e social que o Estado Brasileiro tem com a popula\u00e7\u00e3o negra, que n\u00e3o se resolver\u00e1 apenas com cotas, mas minimamente se reconhece a necessidade de mecanismos de inclus\u00e3o e de tratamento para os \u201ciguais\u201d que foram historicamente tratados como desiguais.<\/p>\n<p>Nesse contexto, nesta ter\u00e7a-feira (17) a C\u00e2mara Municipal de Macap\u00e1 aprovou projeto de Lei de iniciativa do Executivo que instituiu a pol\u00edtica de cotas de 20% para negros em todos os concursos do munic\u00edpio no per\u00edodo de 20 anos, um justo reconhecimento e uma repara\u00e7\u00e3o necess\u00e1ria a uma popula\u00e7\u00e3o onde mais de 72% se auto declaram negro ou parda, onde nossas ra\u00edzes hist\u00f3ricas est\u00e3o fincadas sob o sangue e o suor de nossos ancestrais, onde o canto de nossos lamentos ao som das caixas embalam as saias rodadas e floridas de nossas a\u00e7ucenas.<\/p>\n<p>S\u00f3 quem \u00e9 negro sabe as dores de ser enxergado e julgado pela cor da pele, das dificuldades de se conseguir um emprego, de se manter na escola. S\u00f3 quem tem a pele preta sabe da ferida psicol\u00f3gica que \u00e9 o racismo. Cotas raciais n\u00e3o nos tornam menos capazes, n\u00e3o nos tornam privilegiados, ela nos d\u00e3o a possibilidade real de ocupar espa\u00e7os, de tamb\u00e9m sonharmos, de finalmente sermos visto por um Estado que tenta nos invisibilizar h\u00e1 mais de 400 anos.<\/p>\n<p>Hoje, o Munic\u00edpio de Macap\u00e1 e o movimento negro fizeram hist\u00f3ria, mais do que isso, mudaram a vida de gera\u00e7\u00f5es futuras, que ter\u00e3o como refer\u00eancias, n\u00e3o mais o negro nas correntes, mas como protagonista de sua hist\u00f3ria, ocupando um espa\u00e7o de poder, contribuindo com a for\u00e7a das suas ideias para mudar a realidade do servi\u00e7o p\u00fablico do munic\u00edpio, combatendo o racismo institucional e transformando a sua realidade. Muita luta ainda h\u00e1 de vir, mas hoje o bom senso e o di\u00e1logo entre movimento social e poder p\u00fablico escreveram uma bela p\u00e1gina nos livros de nossa hist\u00f3ria.<\/p>\n<p><em>Maykom Magalh\u00e3es \u2013 Diretor Presidente do Instituto Municipal de Promo\u00e7\u00e3o da Igualdade Racial de Macap\u00e1<\/em><\/p>\n","protected":false},"excerpt":{"rendered":"<p>O Estado brasileiro tem uma d\u00edvida hist\u00f3rica com o povo preto. Foram mais de 300 anos de escravid\u00e3o, fomos uns dos \u00faltimos pa\u00edses a abolir a escravid\u00e3o e quando o fizemos, n\u00e3o tivemos o compromisso social e moral de instituir uma pol\u00edtica de inclus\u00e3o para que essa popula\u00e7\u00e3o pudesse ter acesso \u00e0 educa\u00e7\u00e3o, sa\u00fade, emprego [&hellip;]<\/p>\n","protected":false},"author":2,"featured_media":20567,"comment_status":"open","ping_status":"open","sticky":false,"template":"","format":"standard","meta":{"_acf_changed":false,"footnotes":""},"categories":[654,6],"tags":[1241,2434,2435,2436,885,2437,2438,2439,536,737,127,2440],"class_list":{"0":"post-20566","1":"post","2":"type-post","3":"status-publish","4":"format-standard","5":"has-post-thumbnail","7":"category-estados","8":"category-noticias","9":"tag-amapa","10":"tag-camara-municipal-de-macapa","11":"tag-concurso-publico","12":"tag-cotas-raciais","13":"tag-escravidao","14":"tag-igualdade-racial","15":"tag-macapa","16":"tag-maykom-magalhaes","17":"tag-populacao-carceraria","18":"tag-populacao-negra","19":"tag-racismo","20":"tag-servico-publico"},"acf":[],"yoast_head":"<!-- This site is optimized with the Yoast SEO plugin v26.5 - https:\/\/yoast.com\/wordpress\/plugins\/seo\/ -->\n<title>Macap\u00e1: por que as cotas s\u00e3o necess\u00e1rias - PSOL 50<\/title>\n<meta name=\"robots\" content=\"index, follow, max-snippet:-1, max-image-preview:large, max-video-preview:-1\" \/>\n<link rel=\"canonical\" href=\"https:\/\/psol50.org.br\/macapa-por-que-as-cotas-sao-necessarias\/\" \/>\n<meta property=\"og:locale\" content=\"pt_BR\" \/>\n<meta property=\"og:type\" content=\"article\" \/>\n<meta property=\"og:title\" content=\"Macap\u00e1: por que as cotas s\u00e3o necess\u00e1rias - PSOL 50\" \/>\n<meta property=\"og:description\" content=\"O Estado brasileiro tem uma d\u00edvida hist\u00f3rica com o povo preto. Foram mais de 300 anos de escravid\u00e3o, fomos uns dos \u00faltimos pa\u00edses a abolir a escravid\u00e3o e quando o fizemos, n\u00e3o tivemos o compromisso social e moral de instituir uma pol\u00edtica de inclus\u00e3o para que essa popula\u00e7\u00e3o pudesse ter acesso \u00e0 educa\u00e7\u00e3o, sa\u00fade, emprego [&hellip;]\" \/>\n<meta property=\"og:url\" content=\"https:\/\/psol50.org.br\/macapa-por-que-as-cotas-sao-necessarias\/\" \/>\n<meta property=\"og:site_name\" content=\"PSOL 50\" \/>\n<meta property=\"article:publisher\" content=\"https:\/\/www.facebook.com\/psol50\" \/>\n<meta property=\"article:published_time\" content=\"2018-04-18T13:11:14+00:00\" \/>\n<meta property=\"og:image\" content=\"https:\/\/psol50.org.br\/inc\/uploads\/2018\/04\/CotasRaciais_Macapa.jpg\" \/>\n\t<meta property=\"og:image:width\" content=\"1350\" \/>\n\t<meta property=\"og:image:height\" content=\"900\" \/>\n\t<meta property=\"og:image:type\" content=\"image\/jpeg\" \/>\n<meta name=\"author\" content=\"Comunica\u00e7\u00e3o PSOL\" \/>\n<meta name=\"twitter:card\" content=\"summary_large_image\" \/>\n<meta name=\"twitter:creator\" content=\"@psol50\" \/>\n<meta name=\"twitter:site\" content=\"@psol50\" \/>\n<meta name=\"twitter:label1\" content=\"Escrito por\" \/>\n\t<meta name=\"twitter:data1\" content=\"Comunica\u00e7\u00e3o PSOL\" \/>\n\t<meta name=\"twitter:label2\" content=\"Est. tempo de leitura\" \/>\n\t<meta name=\"twitter:data2\" content=\"3 minutos\" \/>\n<script type=\"application\/ld+json\" class=\"yoast-schema-graph\">{\"@context\":\"https:\/\/schema.org\",\"@graph\":[{\"@type\":\"Article\",\"@id\":\"https:\/\/psol50.org.br\/macapa-por-que-as-cotas-sao-necessarias\/#article\",\"isPartOf\":{\"@id\":\"https:\/\/psol50.org.br\/macapa-por-que-as-cotas-sao-necessarias\/\"},\"author\":{\"name\":\"Comunica\u00e7\u00e3o PSOL\",\"@id\":\"https:\/\/psol50.org.br\/#\/schema\/person\/475dfa57d0b815993c714c2e96491fcd\"},\"headline\":\"Macap\u00e1: por que as cotas s\u00e3o necess\u00e1rias\",\"datePublished\":\"2018-04-18T13:11:14+00:00\",\"mainEntityOfPage\":{\"@id\":\"https:\/\/psol50.org.br\/macapa-por-que-as-cotas-sao-necessarias\/\"},\"wordCount\":650,\"commentCount\":0,\"publisher\":{\"@id\":\"https:\/\/psol50.org.br\/#organization\"},\"image\":{\"@id\":\"https:\/\/psol50.org.br\/macapa-por-que-as-cotas-sao-necessarias\/#primaryimage\"},\"thumbnailUrl\":\"https:\/\/psol50.org.br\/inc\/uploads\/2018\/04\/CotasRaciais_Macapa.jpg\",\"keywords\":[\"Amap\u00e1\",\"C\u00e2mara Municipal de Macap\u00e1\",\"concurso p\u00fablico\",\"cotas raciais\",\"escravid\u00e3o\",\"igualdade racial\",\"Macap\u00e1\",\"Maykom Magalh\u00e3es\",\"popula\u00e7\u00e3o carcer\u00e1ria\",\"popula\u00e7\u00e3o negra\",\"racismo\",\"servi\u00e7o p\u00fablico\"],\"articleSection\":[\"Estados\",\"Not\u00edcias\"],\"inLanguage\":\"pt-BR\",\"potentialAction\":[{\"@type\":\"CommentAction\",\"name\":\"Comment\",\"target\":[\"https:\/\/psol50.org.br\/macapa-por-que-as-cotas-sao-necessarias\/#respond\"]}]},{\"@type\":\"WebPage\",\"@id\":\"https:\/\/psol50.org.br\/macapa-por-que-as-cotas-sao-necessarias\/\",\"url\":\"https:\/\/psol50.org.br\/macapa-por-que-as-cotas-sao-necessarias\/\",\"name\":\"Macap\u00e1: por que as cotas s\u00e3o necess\u00e1rias - PSOL 50\",\"isPartOf\":{\"@id\":\"https:\/\/psol50.org.br\/#website\"},\"primaryImageOfPage\":{\"@id\":\"https:\/\/psol50.org.br\/macapa-por-que-as-cotas-sao-necessarias\/#primaryimage\"},\"image\":{\"@id\":\"https:\/\/psol50.org.br\/macapa-por-que-as-cotas-sao-necessarias\/#primaryimage\"},\"thumbnailUrl\":\"https:\/\/psol50.org.br\/inc\/uploads\/2018\/04\/CotasRaciais_Macapa.jpg\",\"datePublished\":\"2018-04-18T13:11:14+00:00\",\"breadcrumb\":{\"@id\":\"https:\/\/psol50.org.br\/macapa-por-que-as-cotas-sao-necessarias\/#breadcrumb\"},\"inLanguage\":\"pt-BR\",\"potentialAction\":[{\"@type\":\"ReadAction\",\"target\":[\"https:\/\/psol50.org.br\/macapa-por-que-as-cotas-sao-necessarias\/\"]}]},{\"@type\":\"ImageObject\",\"inLanguage\":\"pt-BR\",\"@id\":\"https:\/\/psol50.org.br\/macapa-por-que-as-cotas-sao-necessarias\/#primaryimage\",\"url\":\"https:\/\/psol50.org.br\/inc\/uploads\/2018\/04\/CotasRaciais_Macapa.jpg\",\"contentUrl\":\"https:\/\/psol50.org.br\/inc\/uploads\/2018\/04\/CotasRaciais_Macapa.jpg\",\"width\":1350,\"height\":900},{\"@type\":\"BreadcrumbList\",\"@id\":\"https:\/\/psol50.org.br\/macapa-por-que-as-cotas-sao-necessarias\/#breadcrumb\",\"itemListElement\":[{\"@type\":\"ListItem\",\"position\":1,\"name\":\"In\u00edcio\",\"item\":\"https:\/\/psol50.org.br\/\"},{\"@type\":\"ListItem\",\"position\":2,\"name\":\"Macap\u00e1: por que as cotas s\u00e3o necess\u00e1rias\"}]},{\"@type\":\"WebSite\",\"@id\":\"https:\/\/psol50.org.br\/#website\",\"url\":\"https:\/\/psol50.org.br\/\",\"name\":\"PSOL 50\",\"description\":\"Site oficial do Partido Socialismo e Liberdade\",\"publisher\":{\"@id\":\"https:\/\/psol50.org.br\/#organization\"},\"alternateName\":\"PSOL50\",\"potentialAction\":[{\"@type\":\"SearchAction\",\"target\":{\"@type\":\"EntryPoint\",\"urlTemplate\":\"https:\/\/psol50.org.br\/?s={search_term_string}\"},\"query-input\":{\"@type\":\"PropertyValueSpecification\",\"valueRequired\":true,\"valueName\":\"search_term_string\"}}],\"inLanguage\":\"pt-BR\"},{\"@type\":\"Organization\",\"@id\":\"https:\/\/psol50.org.br\/#organization\",\"name\":\"PSOL 50\",\"alternateName\":\"PSOL 50\",\"url\":\"https:\/\/psol50.org.br\/\",\"logo\":{\"@type\":\"ImageObject\",\"inLanguage\":\"pt-BR\",\"@id\":\"https:\/\/psol50.org.br\/#\/schema\/logo\/image\/\",\"url\":\"https:\/\/psol50.org.br\/inc\/uploads\/2018\/07\/capa.png\",\"contentUrl\":\"https:\/\/psol50.org.br\/inc\/uploads\/2018\/07\/capa.png\",\"width\":1350,\"height\":900,\"caption\":\"PSOL 50\"},\"image\":{\"@id\":\"https:\/\/psol50.org.br\/#\/schema\/logo\/image\/\"},\"sameAs\":[\"https:\/\/www.facebook.com\/psol50\",\"https:\/\/x.com\/psol50\",\"https:\/\/www.instagram.com\/psol50\/\",\"https:\/\/www.youtube.com\/channel\/UC7SnJS5o1os7a6CaiNabzcg\"]},{\"@type\":\"Person\",\"@id\":\"https:\/\/psol50.org.br\/#\/schema\/person\/475dfa57d0b815993c714c2e96491fcd\",\"name\":\"Comunica\u00e7\u00e3o PSOL\",\"image\":{\"@type\":\"ImageObject\",\"inLanguage\":\"pt-BR\",\"@id\":\"https:\/\/psol50.org.br\/#\/schema\/person\/image\/\",\"url\":\"https:\/\/secure.gravatar.com\/avatar\/b34fc4f4e468a4e51785917065a3db57b841f5c95dba6ad8c73aaf8f66f8f9bf?s=96&d=mm&r=g\",\"contentUrl\":\"https:\/\/secure.gravatar.com\/avatar\/b34fc4f4e468a4e51785917065a3db57b841f5c95dba6ad8c73aaf8f66f8f9bf?s=96&d=mm&r=g\",\"caption\":\"Comunica\u00e7\u00e3o PSOL\"}}]}<\/script>\n<!-- \/ Yoast SEO plugin. -->","yoast_head_json":{"title":"Macap\u00e1: por que as cotas s\u00e3o necess\u00e1rias - PSOL 50","robots":{"index":"index","follow":"follow","max-snippet":"max-snippet:-1","max-image-preview":"max-image-preview:large","max-video-preview":"max-video-preview:-1"},"canonical":"https:\/\/psol50.org.br\/macapa-por-que-as-cotas-sao-necessarias\/","og_locale":"pt_BR","og_type":"article","og_title":"Macap\u00e1: por que as cotas s\u00e3o necess\u00e1rias - PSOL 50","og_description":"O Estado brasileiro tem uma d\u00edvida hist\u00f3rica com o povo preto. Foram mais de 300 anos de escravid\u00e3o, fomos uns dos \u00faltimos pa\u00edses a abolir a escravid\u00e3o e quando o fizemos, n\u00e3o tivemos o compromisso social e moral de instituir uma pol\u00edtica de inclus\u00e3o para que essa popula\u00e7\u00e3o pudesse ter acesso \u00e0 educa\u00e7\u00e3o, sa\u00fade, emprego [&hellip;]","og_url":"https:\/\/psol50.org.br\/macapa-por-que-as-cotas-sao-necessarias\/","og_site_name":"PSOL 50","article_publisher":"https:\/\/www.facebook.com\/psol50","article_published_time":"2018-04-18T13:11:14+00:00","og_image":[{"width":1350,"height":900,"url":"https:\/\/psol50.org.br\/inc\/uploads\/2018\/04\/CotasRaciais_Macapa.jpg","type":"image\/jpeg"}],"author":"Comunica\u00e7\u00e3o PSOL","twitter_card":"summary_large_image","twitter_creator":"@psol50","twitter_site":"@psol50","twitter_misc":{"Escrito por":"Comunica\u00e7\u00e3o PSOL","Est. tempo de leitura":"3 minutos"},"schema":{"@context":"https:\/\/schema.org","@graph":[{"@type":"Article","@id":"https:\/\/psol50.org.br\/macapa-por-que-as-cotas-sao-necessarias\/#article","isPartOf":{"@id":"https:\/\/psol50.org.br\/macapa-por-que-as-cotas-sao-necessarias\/"},"author":{"name":"Comunica\u00e7\u00e3o PSOL","@id":"https:\/\/psol50.org.br\/#\/schema\/person\/475dfa57d0b815993c714c2e96491fcd"},"headline":"Macap\u00e1: por que as cotas s\u00e3o necess\u00e1rias","datePublished":"2018-04-18T13:11:14+00:00","mainEntityOfPage":{"@id":"https:\/\/psol50.org.br\/macapa-por-que-as-cotas-sao-necessarias\/"},"wordCount":650,"commentCount":0,"publisher":{"@id":"https:\/\/psol50.org.br\/#organization"},"image":{"@id":"https:\/\/psol50.org.br\/macapa-por-que-as-cotas-sao-necessarias\/#primaryimage"},"thumbnailUrl":"https:\/\/psol50.org.br\/inc\/uploads\/2018\/04\/CotasRaciais_Macapa.jpg","keywords":["Amap\u00e1","C\u00e2mara Municipal de Macap\u00e1","concurso p\u00fablico","cotas raciais","escravid\u00e3o","igualdade racial","Macap\u00e1","Maykom Magalh\u00e3es","popula\u00e7\u00e3o carcer\u00e1ria","popula\u00e7\u00e3o negra","racismo","servi\u00e7o p\u00fablico"],"articleSection":["Estados","Not\u00edcias"],"inLanguage":"pt-BR","potentialAction":[{"@type":"CommentAction","name":"Comment","target":["https:\/\/psol50.org.br\/macapa-por-que-as-cotas-sao-necessarias\/#respond"]}]},{"@type":"WebPage","@id":"https:\/\/psol50.org.br\/macapa-por-que-as-cotas-sao-necessarias\/","url":"https:\/\/psol50.org.br\/macapa-por-que-as-cotas-sao-necessarias\/","name":"Macap\u00e1: por que as cotas s\u00e3o necess\u00e1rias - PSOL 50","isPartOf":{"@id":"https:\/\/psol50.org.br\/#website"},"primaryImageOfPage":{"@id":"https:\/\/psol50.org.br\/macapa-por-que-as-cotas-sao-necessarias\/#primaryimage"},"image":{"@id":"https:\/\/psol50.org.br\/macapa-por-que-as-cotas-sao-necessarias\/#primaryimage"},"thumbnailUrl":"https:\/\/psol50.org.br\/inc\/uploads\/2018\/04\/CotasRaciais_Macapa.jpg","datePublished":"2018-04-18T13:11:14+00:00","breadcrumb":{"@id":"https:\/\/psol50.org.br\/macapa-por-que-as-cotas-sao-necessarias\/#breadcrumb"},"inLanguage":"pt-BR","potentialAction":[{"@type":"ReadAction","target":["https:\/\/psol50.org.br\/macapa-por-que-as-cotas-sao-necessarias\/"]}]},{"@type":"ImageObject","inLanguage":"pt-BR","@id":"https:\/\/psol50.org.br\/macapa-por-que-as-cotas-sao-necessarias\/#primaryimage","url":"https:\/\/psol50.org.br\/inc\/uploads\/2018\/04\/CotasRaciais_Macapa.jpg","contentUrl":"https:\/\/psol50.org.br\/inc\/uploads\/2018\/04\/CotasRaciais_Macapa.jpg","width":1350,"height":900},{"@type":"BreadcrumbList","@id":"https:\/\/psol50.org.br\/macapa-por-que-as-cotas-sao-necessarias\/#breadcrumb","itemListElement":[{"@type":"ListItem","position":1,"name":"In\u00edcio","item":"https:\/\/psol50.org.br\/"},{"@type":"ListItem","position":2,"name":"Macap\u00e1: por que as cotas s\u00e3o necess\u00e1rias"}]},{"@type":"WebSite","@id":"https:\/\/psol50.org.br\/#website","url":"https:\/\/psol50.org.br\/","name":"PSOL 50","description":"Site oficial do Partido Socialismo e Liberdade","publisher":{"@id":"https:\/\/psol50.org.br\/#organization"},"alternateName":"PSOL50","potentialAction":[{"@type":"SearchAction","target":{"@type":"EntryPoint","urlTemplate":"https:\/\/psol50.org.br\/?s={search_term_string}"},"query-input":{"@type":"PropertyValueSpecification","valueRequired":true,"valueName":"search_term_string"}}],"inLanguage":"pt-BR"},{"@type":"Organization","@id":"https:\/\/psol50.org.br\/#organization","name":"PSOL 50","alternateName":"PSOL 50","url":"https:\/\/psol50.org.br\/","logo":{"@type":"ImageObject","inLanguage":"pt-BR","@id":"https:\/\/psol50.org.br\/#\/schema\/logo\/image\/","url":"https:\/\/psol50.org.br\/inc\/uploads\/2018\/07\/capa.png","contentUrl":"https:\/\/psol50.org.br\/inc\/uploads\/2018\/07\/capa.png","width":1350,"height":900,"caption":"PSOL 50"},"image":{"@id":"https:\/\/psol50.org.br\/#\/schema\/logo\/image\/"},"sameAs":["https:\/\/www.facebook.com\/psol50","https:\/\/x.com\/psol50","https:\/\/www.instagram.com\/psol50\/","https:\/\/www.youtube.com\/channel\/UC7SnJS5o1os7a6CaiNabzcg"]},{"@type":"Person","@id":"https:\/\/psol50.org.br\/#\/schema\/person\/475dfa57d0b815993c714c2e96491fcd","name":"Comunica\u00e7\u00e3o PSOL","image":{"@type":"ImageObject","inLanguage":"pt-BR","@id":"https:\/\/psol50.org.br\/#\/schema\/person\/image\/","url":"https:\/\/secure.gravatar.com\/avatar\/b34fc4f4e468a4e51785917065a3db57b841f5c95dba6ad8c73aaf8f66f8f9bf?s=96&d=mm&r=g","contentUrl":"https:\/\/secure.gravatar.com\/avatar\/b34fc4f4e468a4e51785917065a3db57b841f5c95dba6ad8c73aaf8f66f8f9bf?s=96&d=mm&r=g","caption":"Comunica\u00e7\u00e3o PSOL"}}]}},"_links":{"self":[{"href":"https:\/\/psol50.org.br\/rest\/wp\/v2\/posts\/20566","targetHints":{"allow":["GET"]}}],"collection":[{"href":"https:\/\/psol50.org.br\/rest\/wp\/v2\/posts"}],"about":[{"href":"https:\/\/psol50.org.br\/rest\/wp\/v2\/types\/post"}],"author":[{"embeddable":true,"href":"https:\/\/psol50.org.br\/rest\/wp\/v2\/users\/2"}],"replies":[{"embeddable":true,"href":"https:\/\/psol50.org.br\/rest\/wp\/v2\/comments?post=20566"}],"version-history":[{"count":0,"href":"https:\/\/psol50.org.br\/rest\/wp\/v2\/posts\/20566\/revisions"}],"wp:featuredmedia":[{"embeddable":true,"href":"https:\/\/psol50.org.br\/rest\/wp\/v2\/media\/20567"}],"wp:attachment":[{"href":"https:\/\/psol50.org.br\/rest\/wp\/v2\/media?parent=20566"}],"wp:term":[{"taxonomy":"category","embeddable":true,"href":"https:\/\/psol50.org.br\/rest\/wp\/v2\/categories?post=20566"},{"taxonomy":"post_tag","embeddable":true,"href":"https:\/\/psol50.org.br\/rest\/wp\/v2\/tags?post=20566"}],"curies":[{"name":"wp","href":"https:\/\/api.w.org\/{rel}","templated":true}]}}