{"id":20579,"date":"2018-04-18T13:24:54","date_gmt":"2018-04-18T16:24:54","guid":{"rendered":"http:\/\/www.psol50.org.br\/?p=20579"},"modified":"2018-04-18T13:24:54","modified_gmt":"2018-04-18T16:24:54","slug":"partidos-lancam-na-camara-manifesto-em-defesa-da-democracia-da-soberania-nacional-e-dos-direitos-2","status":"publish","type":"post","link":"https:\/\/psol50.org.br\/partidos-lancam-na-camara-manifesto-em-defesa-da-democracia-da-soberania-nacional-e-dos-direitos-2\/","title":{"rendered":"Partidos lan\u00e7am, na C\u00e2mara, manifesto em defesa da democracia, da soberania nacional e dos direitos"},"content":{"rendered":"<p>O presidente nacional do PSOL, Juliano Medeiros, e deputados do partido na C\u00e2mara participaram, no final da manh\u00e3 desta quarta-feira (18), do lan\u00e7amento do &#8220;<a href=\"http:\/\/www.psol50.org.br\/inc\/uploads\/2018\/04\/Manifesto_Frente_Pela_Democracia.pdf\" target=\"_blank\" rel=\"noopener\"><strong><span style=\"color: #0000ff;\">Manifesto pela democracia, soberania nacional e direitos do povo brasileiro<\/span><\/strong><\/a>&#8220;. Al\u00e9m deles, tamb\u00e9m estiveram presentes presidentes e l\u00edderes do PT, PCdoB, PDT, PCB e PSB, que tamb\u00e9m assinam o documento.<\/p>\n<p>&#8220;O Brasil vive dias sombrios. A retirada de direitos, promovida de maneira acelerada pelo governo de Michel Temer e sua base parlamentar, \u00e9 parte de um preocupante surto autorit\u00e1rio. A viol\u00eancia, o \u00f3dio e a intoler\u00e2ncia disseminados nas redes sociais, incitados por estrat\u00e9gias de comunica\u00e7\u00e3o da m\u00eddia tradicional, se arrogam a pretens\u00e3o de pautar a agenda pol\u00edtica nacional, tratando o Estado Democr\u00e1tico de Direito como se fosse apenas um empecilho anacr\u00f4nico em seu caminho&#8221;, destaca o trecho de abertura do manifesto, resultado de amplo debate entre os partidos, que v\u00eam se articulando numa frente para barrar o avan\u00e7o da extrema-direita.<\/p>\n<p>A execu\u00e7\u00e3o da vereadora do PSOL no Rio de Janeiro, Marielle Franco, e do motorista Anderson Gomes, na noite do dia 14 de mar\u00e7o, tamb\u00e9m \u00e9 apontado no documento como um sinal da expans\u00e3o do \u00f3dio contra a esquerda e os movimentos sociais, que lutam por direitos e contra as opress\u00f5es. &#8220;O assassinato da vereadora Marielle Franco e de seu motorista, Anderson Gomes, foi o epis\u00f3dio mais dram\u00e1tico dessa espiral de viol\u00eancia, embora n\u00e3o tenha sido o \u00fanico. O atentado contra a caravana do ex-presidente Lula, no Paran\u00e1, por seu evidente car\u00e1ter miliciano; e sua posterior pris\u00e3o, para a qual contribu\u00edram diferentes operadores de direito que priorizaram clamores orquestrados por parte da opini\u00e3o publicada, relativizando direitos constitucionais que lhe assistem, s\u00e3o fatos grav\u00edssimos&#8221;.<\/p>\n<p>Durante o ato de lan\u00e7amento, as lideran\u00e7as partid\u00e1rias destacaram a import\u00e2ncia da uni\u00e3o de for\u00e7as do conjunto da esquerda para enfrentar esse cen\u00e1rio de retrocessos. Na avalia\u00e7\u00e3o dos partidos, o esfor\u00e7o deve garantir, tamb\u00e9m, a participa\u00e7\u00e3o das organiza\u00e7\u00f5es sociais que atuam nas diversas pautas diariamente atacadas.<\/p>\n<p>&#8220;Torna-se urgente um maior di\u00e1logo entre todos os setores sociais comprometidos com a liberdade, a democracia e os direitos sociais. \u00c9 hora de reunir partidos, entidades da sociedade civil, movimentos sociais, professores, cientistas, operadores do direito, artistas, l\u00edderes religiosos, dentre outros, para articular a resist\u00eancia democr\u00e1tica aos atentados contra a democracia e o estado de direito.&#8221;<\/p>\n<figure id=\"attachment_20577\" aria-describedby=\"caption-attachment-20577\" style=\"width: 800px\" class=\"wp-caption aligncenter\"><img loading=\"lazy\" decoding=\"async\" class=\"wp-image-20577\" src=\"http:\/\/www.psol50.org.br\/inc\/uploads\/2018\/04\/Juliano_Lan\u00e7amento_Frente-600x400.jpeg\" alt=\"\" width=\"800\" height=\"533\" \/><figcaption id=\"caption-attachment-20577\" class=\"wp-caption-text\"><em>Juliano Medeiros, presidente nacional do PSOL. Foto: PSOL na C\u00e2mara<\/em><\/figcaption><\/figure>\n<p>De acordo com o manifesto, a articula\u00e7\u00e3o desses atores deve se basear em tr\u00eas eixos fundamentais: &#8220;O primeiro \u00e9 a defesa intransigente das liberdades democr\u00e1ticas, dos direitos pol\u00edticos e de elei\u00e7\u00f5es livres. Os rumores sobre a possibilidade de cancelamento do calend\u00e1rio eleitoral devem ter como resposta a defesa en\u00e9rgica de elei\u00e7\u00f5es democr\u00e1ticas e livres. O segundo refere-se ao enfrentamento intransigente da viol\u00eancia disseminada pela extrema-direita. A democracia n\u00e3o pode conviver com mil\u00edcias armadas, amea\u00e7as de morte, atentados ou assassinatos. \u00c9 hora de dar um basta \u00e0 viol\u00eancia, atuando em todas as inst\u00e2ncias poss\u00edveis, para alcan\u00e7ar e punir os respons\u00e1veis por disseminar e incitar o \u00f3dio e a intoler\u00e2ncia, bem como os respons\u00e1veis pelos crimes contra lideran\u00e7as pol\u00edticas, que chocaram o pa\u00eds. O terceiro eixo desta unidade est\u00e1 na defesa dos direitos sociais, da soberania e do patrim\u00f4nio nacional. Como j\u00e1 indicamos, a viol\u00eancia disseminada pela extrema-direita e os ataques \u00e0 democracia comp\u00f5em um programa pol\u00edtico de setores retr\u00f3grados das elites econ\u00f4micas, para as quais a civiliza\u00e7\u00e3o se limita a suas pr\u00f3prias conquistas materiais&#8221;.<\/p>\n<p>O PSOL, que lan\u00e7ou a sua pr\u00e9-candidatura \u00e0 Presid\u00eancia da Rep\u00fablica, com Guilherme Boulos e S\u00f4nia Guajajara, ressalta que a frente antifascista n\u00e3o passa por uma alian\u00e7a visando \u00e0s elei\u00e7\u00f5es de outubro pr\u00f3ximo. &#8220;Essa frente, que n\u00e3o tem finalidades eleitorais, buscar\u00e1 estimular um amplo debate nacional contra o avan\u00e7o do \u00f3dio, da intoler\u00e2ncia e da viol\u00eancia. S\u00f3 assim poderemos reconstruir um Brasil soberano e de respeito absoluto ao estado de direito&#8221;.<\/p>\n<p>Juliano Medeiros, ao apresentar a posi\u00e7\u00e3o do PSOL, avaliou que a democracia no Brasil est\u00e1 severamente amea\u00e7ada, com uma escalada autorit\u00e1ria em curso, com o aumento dos ataques da extrema-direita e a\u00e7\u00f5es discricion\u00e1rias do Judici\u00e1rio em seus julgamentos seletivos. Medeiros citou o assassinato de Marielle Franco como uma express\u00e3o desse cen\u00e1rio, mas lembrou que lideran\u00e7as sociais e pol\u00edticas seguem sendo assassinadas no \u00faltimo per\u00edodo.<\/p>\n<p>&#8220;A escalada autorit\u00e1ria no pa\u00eds \u00e9 uma realidade. N\u00e3o por outra raz\u00e3o, um deputado conservador, que estimula mentiras e o \u00f3dio contra a esquerda, est\u00e1 entre os mais cotados nas pesquisas para a Presid\u00eancia da Rep\u00fablica&#8221;, disse o presidente do PSOL, reafirmando a import\u00e2ncia da unidade do conjunto da esquerda. &#8220;Consideramos que \u00e9 hora, preservando as nossas diferen\u00e7as, de colocar em primeiro plano a defesa da democracia. Ontem foi o ex-presidente Lula, que foi preso, mas amanh\u00e3 pode ser algu\u00e9m do PSOL, do PDT, do PSB, do PCdoB ou do PCB. \u00c9 por isso que vamos buscar alargar essa frente, com a participa\u00e7\u00e3o das v\u00e1rias entidades e organiza\u00e7\u00f5es, das frentes Povo Sem Medo e Brasil Popular, al\u00e9m dos partidos que aqui est\u00e3o. Vamos construir uma corrente de pensamento em defesa da democracia e das liberdades pol\u00edticas. N\u00e3o h\u00e1 espa\u00e7o para voltar 30 anos no tempo. N\u00e3o vamos aceitar que a nossa j\u00e1 fr\u00e1gil democracia seja amea\u00e7ada e vilipendiada por fascistas e conservadores da extrema-direita&#8221;.<\/p>\n","protected":false},"excerpt":{"rendered":"<p>O presidente nacional do PSOL, Juliano Medeiros, e deputados do partido na C\u00e2mara participaram, no final da manh\u00e3 desta quarta-feira (18), do lan\u00e7amento do &#8220;Manifesto pela democracia, soberania nacional e direitos do povo brasileiro&#8220;. Al\u00e9m deles, tamb\u00e9m estiveram presentes presidentes e l\u00edderes do PT, PCdoB, PDT, PCB e PSB, que tamb\u00e9m assinam o documento. &#8220;O [&hellip;]<\/p>\n","protected":false},"author":2,"featured_media":20583,"comment_status":"open","ping_status":"open","sticky":false,"template":"","format":"standard","meta":{"_acf_changed":false,"footnotes":""},"categories":[1882,6],"tags":[87,406,790,773,1016,1763,855,194,1748,720,711,316,317,2441,318,22,319,1414],"class_list":{"0":"post-20579","1":"post","2":"type-post","3":"status-publish","4":"format-standard","5":"has-post-thumbnail","7":"category-brasil","8":"category-noticias","9":"tag-democracia","10":"tag-direitos","11":"tag-esquerda","12":"tag-extrema-direita","13":"tag-frente","14":"tag-lula","15":"tag-manifesto","16":"tag-marielle-franco","17":"tag-michel-temer","18":"tag-partidos","19":"tag-pcb","20":"tag-pcdob","21":"tag-pdt","22":"tag-povo-brasileiro","23":"tag-psb","24":"tag-psol","25":"tag-pt","26":"tag-soberania-nacional"},"acf":[],"yoast_head":"<!-- This site is optimized with the Yoast SEO plugin v26.5 - https:\/\/yoast.com\/wordpress\/plugins\/seo\/ -->\n<title>Partidos lan\u00e7am, na C\u00e2mara, manifesto em defesa da democracia, da soberania nacional e dos direitos - PSOL 50<\/title>\n<meta name=\"robots\" content=\"index, follow, max-snippet:-1, max-image-preview:large, max-video-preview:-1\" \/>\n<link rel=\"canonical\" href=\"https:\/\/psol50.org.br\/partidos-lancam-na-camara-manifesto-em-defesa-da-democracia-da-soberania-nacional-e-dos-direitos-2\/\" \/>\n<meta property=\"og:locale\" content=\"pt_BR\" \/>\n<meta property=\"og:type\" content=\"article\" \/>\n<meta property=\"og:title\" content=\"Partidos lan\u00e7am, na C\u00e2mara, manifesto em defesa da democracia, da soberania nacional e dos direitos - PSOL 50\" \/>\n<meta property=\"og:description\" content=\"O presidente nacional do PSOL, Juliano Medeiros, e deputados do partido na C\u00e2mara participaram, no final da manh\u00e3 desta quarta-feira (18), do lan\u00e7amento do &#8220;Manifesto pela democracia, soberania nacional e direitos do povo brasileiro&#8220;. Al\u00e9m deles, tamb\u00e9m estiveram presentes presidentes e l\u00edderes do PT, PCdoB, PDT, PCB e PSB, que tamb\u00e9m assinam o documento. &#8220;O [&hellip;]\" \/>\n<meta property=\"og:url\" content=\"https:\/\/psol50.org.br\/partidos-lancam-na-camara-manifesto-em-defesa-da-democracia-da-soberania-nacional-e-dos-direitos-2\/\" \/>\n<meta property=\"og:site_name\" content=\"PSOL 50\" \/>\n<meta property=\"article:publisher\" content=\"https:\/\/www.facebook.com\/psol50\" \/>\n<meta property=\"article:published_time\" content=\"2018-04-18T16:24:54+00:00\" \/>\n<meta property=\"og:image\" content=\"https:\/\/psol50.org.br\/inc\/uploads\/2018\/04\/Carrossel_Frente_Democratica.jpg\" \/>\n\t<meta property=\"og:image:width\" content=\"1280\" \/>\n\t<meta property=\"og:image:height\" content=\"853\" \/>\n\t<meta property=\"og:image:type\" content=\"image\/jpeg\" \/>\n<meta name=\"author\" content=\"Comunica\u00e7\u00e3o PSOL\" \/>\n<meta name=\"twitter:card\" content=\"summary_large_image\" \/>\n<meta name=\"twitter:creator\" content=\"@psol50\" \/>\n<meta name=\"twitter:site\" content=\"@psol50\" \/>\n<meta name=\"twitter:label1\" content=\"Escrito por\" \/>\n\t<meta name=\"twitter:data1\" content=\"Comunica\u00e7\u00e3o PSOL\" \/>\n\t<meta name=\"twitter:label2\" content=\"Est. tempo de leitura\" \/>\n\t<meta name=\"twitter:data2\" content=\"5 minutos\" \/>\n<script type=\"application\/ld+json\" class=\"yoast-schema-graph\">{\"@context\":\"https:\/\/schema.org\",\"@graph\":[{\"@type\":\"Article\",\"@id\":\"https:\/\/psol50.org.br\/partidos-lancam-na-camara-manifesto-em-defesa-da-democracia-da-soberania-nacional-e-dos-direitos-2\/#article\",\"isPartOf\":{\"@id\":\"https:\/\/psol50.org.br\/partidos-lancam-na-camara-manifesto-em-defesa-da-democracia-da-soberania-nacional-e-dos-direitos-2\/\"},\"author\":{\"name\":\"Comunica\u00e7\u00e3o PSOL\",\"@id\":\"https:\/\/psol50.org.br\/#\/schema\/person\/475dfa57d0b815993c714c2e96491fcd\"},\"headline\":\"Partidos lan\u00e7am, na C\u00e2mara, manifesto em defesa da democracia, da soberania nacional e dos direitos\",\"datePublished\":\"2018-04-18T16:24:54+00:00\",\"mainEntityOfPage\":{\"@id\":\"https:\/\/psol50.org.br\/partidos-lancam-na-camara-manifesto-em-defesa-da-democracia-da-soberania-nacional-e-dos-direitos-2\/\"},\"wordCount\":996,\"commentCount\":0,\"publisher\":{\"@id\":\"https:\/\/psol50.org.br\/#organization\"},\"image\":{\"@id\":\"https:\/\/psol50.org.br\/partidos-lancam-na-camara-manifesto-em-defesa-da-democracia-da-soberania-nacional-e-dos-direitos-2\/#primaryimage\"},\"thumbnailUrl\":\"https:\/\/psol50.org.br\/inc\/uploads\/2018\/04\/Carrossel_Frente_Democratica.jpg\",\"keywords\":[\"democracia\",\"direitos\",\"esquerda\",\"extrema-direita\",\"Frente\",\"Lula\",\"manifesto\",\"Marielle Franco\",\"Michel Temer\",\"partidos\",\"PCB\",\"PCdoB\",\"PDT\",\"povo brasileiro\",\"PSB\",\"PSOL\",\"PT\",\"soberania nacional\"],\"articleSection\":[\"Brasil\",\"Not\u00edcias\"],\"inLanguage\":\"pt-BR\",\"potentialAction\":[{\"@type\":\"CommentAction\",\"name\":\"Comment\",\"target\":[\"https:\/\/psol50.org.br\/partidos-lancam-na-camara-manifesto-em-defesa-da-democracia-da-soberania-nacional-e-dos-direitos-2\/#respond\"]}]},{\"@type\":\"WebPage\",\"@id\":\"https:\/\/psol50.org.br\/partidos-lancam-na-camara-manifesto-em-defesa-da-democracia-da-soberania-nacional-e-dos-direitos-2\/\",\"url\":\"https:\/\/psol50.org.br\/partidos-lancam-na-camara-manifesto-em-defesa-da-democracia-da-soberania-nacional-e-dos-direitos-2\/\",\"name\":\"Partidos lan\u00e7am, na C\u00e2mara, manifesto em defesa da democracia, da soberania nacional e dos direitos - PSOL 50\",\"isPartOf\":{\"@id\":\"https:\/\/psol50.org.br\/#website\"},\"primaryImageOfPage\":{\"@id\":\"https:\/\/psol50.org.br\/partidos-lancam-na-camara-manifesto-em-defesa-da-democracia-da-soberania-nacional-e-dos-direitos-2\/#primaryimage\"},\"image\":{\"@id\":\"https:\/\/psol50.org.br\/partidos-lancam-na-camara-manifesto-em-defesa-da-democracia-da-soberania-nacional-e-dos-direitos-2\/#primaryimage\"},\"thumbnailUrl\":\"https:\/\/psol50.org.br\/inc\/uploads\/2018\/04\/Carrossel_Frente_Democratica.jpg\",\"datePublished\":\"2018-04-18T16:24:54+00:00\",\"breadcrumb\":{\"@id\":\"https:\/\/psol50.org.br\/partidos-lancam-na-camara-manifesto-em-defesa-da-democracia-da-soberania-nacional-e-dos-direitos-2\/#breadcrumb\"},\"inLanguage\":\"pt-BR\",\"potentialAction\":[{\"@type\":\"ReadAction\",\"target\":[\"https:\/\/psol50.org.br\/partidos-lancam-na-camara-manifesto-em-defesa-da-democracia-da-soberania-nacional-e-dos-direitos-2\/\"]}]},{\"@type\":\"ImageObject\",\"inLanguage\":\"pt-BR\",\"@id\":\"https:\/\/psol50.org.br\/partidos-lancam-na-camara-manifesto-em-defesa-da-democracia-da-soberania-nacional-e-dos-direitos-2\/#primaryimage\",\"url\":\"https:\/\/psol50.org.br\/inc\/uploads\/2018\/04\/Carrossel_Frente_Democratica.jpg\",\"contentUrl\":\"https:\/\/psol50.org.br\/inc\/uploads\/2018\/04\/Carrossel_Frente_Democratica.jpg\",\"width\":1280,\"height\":853},{\"@type\":\"BreadcrumbList\",\"@id\":\"https:\/\/psol50.org.br\/partidos-lancam-na-camara-manifesto-em-defesa-da-democracia-da-soberania-nacional-e-dos-direitos-2\/#breadcrumb\",\"itemListElement\":[{\"@type\":\"ListItem\",\"position\":1,\"name\":\"In\u00edcio\",\"item\":\"https:\/\/psol50.org.br\/\"},{\"@type\":\"ListItem\",\"position\":2,\"name\":\"Partidos lan\u00e7am, na C\u00e2mara, manifesto em defesa da democracia, da soberania nacional e dos direitos\"}]},{\"@type\":\"WebSite\",\"@id\":\"https:\/\/psol50.org.br\/#website\",\"url\":\"https:\/\/psol50.org.br\/\",\"name\":\"PSOL 50\",\"description\":\"Site oficial do Partido Socialismo e Liberdade\",\"publisher\":{\"@id\":\"https:\/\/psol50.org.br\/#organization\"},\"alternateName\":\"PSOL50\",\"potentialAction\":[{\"@type\":\"SearchAction\",\"target\":{\"@type\":\"EntryPoint\",\"urlTemplate\":\"https:\/\/psol50.org.br\/?s={search_term_string}\"},\"query-input\":{\"@type\":\"PropertyValueSpecification\",\"valueRequired\":true,\"valueName\":\"search_term_string\"}}],\"inLanguage\":\"pt-BR\"},{\"@type\":\"Organization\",\"@id\":\"https:\/\/psol50.org.br\/#organization\",\"name\":\"PSOL 50\",\"alternateName\":\"PSOL 50\",\"url\":\"https:\/\/psol50.org.br\/\",\"logo\":{\"@type\":\"ImageObject\",\"inLanguage\":\"pt-BR\",\"@id\":\"https:\/\/psol50.org.br\/#\/schema\/logo\/image\/\",\"url\":\"https:\/\/psol50.org.br\/inc\/uploads\/2018\/07\/capa.png\",\"contentUrl\":\"https:\/\/psol50.org.br\/inc\/uploads\/2018\/07\/capa.png\",\"width\":1350,\"height\":900,\"caption\":\"PSOL 50\"},\"image\":{\"@id\":\"https:\/\/psol50.org.br\/#\/schema\/logo\/image\/\"},\"sameAs\":[\"https:\/\/www.facebook.com\/psol50\",\"https:\/\/x.com\/psol50\",\"https:\/\/www.instagram.com\/psol50\/\",\"https:\/\/www.youtube.com\/channel\/UC7SnJS5o1os7a6CaiNabzcg\"]},{\"@type\":\"Person\",\"@id\":\"https:\/\/psol50.org.br\/#\/schema\/person\/475dfa57d0b815993c714c2e96491fcd\",\"name\":\"Comunica\u00e7\u00e3o PSOL\",\"image\":{\"@type\":\"ImageObject\",\"inLanguage\":\"pt-BR\",\"@id\":\"https:\/\/psol50.org.br\/#\/schema\/person\/image\/\",\"url\":\"https:\/\/secure.gravatar.com\/avatar\/b34fc4f4e468a4e51785917065a3db57b841f5c95dba6ad8c73aaf8f66f8f9bf?s=96&d=mm&r=g\",\"contentUrl\":\"https:\/\/secure.gravatar.com\/avatar\/b34fc4f4e468a4e51785917065a3db57b841f5c95dba6ad8c73aaf8f66f8f9bf?s=96&d=mm&r=g\",\"caption\":\"Comunica\u00e7\u00e3o PSOL\"}}]}<\/script>\n<!-- \/ Yoast SEO plugin. -->","yoast_head_json":{"title":"Partidos lan\u00e7am, na C\u00e2mara, manifesto em defesa da democracia, da soberania nacional e dos direitos - PSOL 50","robots":{"index":"index","follow":"follow","max-snippet":"max-snippet:-1","max-image-preview":"max-image-preview:large","max-video-preview":"max-video-preview:-1"},"canonical":"https:\/\/psol50.org.br\/partidos-lancam-na-camara-manifesto-em-defesa-da-democracia-da-soberania-nacional-e-dos-direitos-2\/","og_locale":"pt_BR","og_type":"article","og_title":"Partidos lan\u00e7am, na C\u00e2mara, manifesto em defesa da democracia, da soberania nacional e dos direitos - PSOL 50","og_description":"O presidente nacional do PSOL, Juliano Medeiros, e deputados do partido na C\u00e2mara participaram, no final da manh\u00e3 desta quarta-feira (18), do lan\u00e7amento do &#8220;Manifesto pela democracia, soberania nacional e direitos do povo brasileiro&#8220;. Al\u00e9m deles, tamb\u00e9m estiveram presentes presidentes e l\u00edderes do PT, PCdoB, PDT, PCB e PSB, que tamb\u00e9m assinam o documento. &#8220;O [&hellip;]","og_url":"https:\/\/psol50.org.br\/partidos-lancam-na-camara-manifesto-em-defesa-da-democracia-da-soberania-nacional-e-dos-direitos-2\/","og_site_name":"PSOL 50","article_publisher":"https:\/\/www.facebook.com\/psol50","article_published_time":"2018-04-18T16:24:54+00:00","og_image":[{"width":1280,"height":853,"url":"https:\/\/psol50.org.br\/inc\/uploads\/2018\/04\/Carrossel_Frente_Democratica.jpg","type":"image\/jpeg"}],"author":"Comunica\u00e7\u00e3o PSOL","twitter_card":"summary_large_image","twitter_creator":"@psol50","twitter_site":"@psol50","twitter_misc":{"Escrito por":"Comunica\u00e7\u00e3o PSOL","Est. tempo de leitura":"5 minutos"},"schema":{"@context":"https:\/\/schema.org","@graph":[{"@type":"Article","@id":"https:\/\/psol50.org.br\/partidos-lancam-na-camara-manifesto-em-defesa-da-democracia-da-soberania-nacional-e-dos-direitos-2\/#article","isPartOf":{"@id":"https:\/\/psol50.org.br\/partidos-lancam-na-camara-manifesto-em-defesa-da-democracia-da-soberania-nacional-e-dos-direitos-2\/"},"author":{"name":"Comunica\u00e7\u00e3o PSOL","@id":"https:\/\/psol50.org.br\/#\/schema\/person\/475dfa57d0b815993c714c2e96491fcd"},"headline":"Partidos lan\u00e7am, na C\u00e2mara, manifesto em defesa da democracia, da soberania nacional e dos direitos","datePublished":"2018-04-18T16:24:54+00:00","mainEntityOfPage":{"@id":"https:\/\/psol50.org.br\/partidos-lancam-na-camara-manifesto-em-defesa-da-democracia-da-soberania-nacional-e-dos-direitos-2\/"},"wordCount":996,"commentCount":0,"publisher":{"@id":"https:\/\/psol50.org.br\/#organization"},"image":{"@id":"https:\/\/psol50.org.br\/partidos-lancam-na-camara-manifesto-em-defesa-da-democracia-da-soberania-nacional-e-dos-direitos-2\/#primaryimage"},"thumbnailUrl":"https:\/\/psol50.org.br\/inc\/uploads\/2018\/04\/Carrossel_Frente_Democratica.jpg","keywords":["democracia","direitos","esquerda","extrema-direita","Frente","Lula","manifesto","Marielle Franco","Michel Temer","partidos","PCB","PCdoB","PDT","povo brasileiro","PSB","PSOL","PT","soberania nacional"],"articleSection":["Brasil","Not\u00edcias"],"inLanguage":"pt-BR","potentialAction":[{"@type":"CommentAction","name":"Comment","target":["https:\/\/psol50.org.br\/partidos-lancam-na-camara-manifesto-em-defesa-da-democracia-da-soberania-nacional-e-dos-direitos-2\/#respond"]}]},{"@type":"WebPage","@id":"https:\/\/psol50.org.br\/partidos-lancam-na-camara-manifesto-em-defesa-da-democracia-da-soberania-nacional-e-dos-direitos-2\/","url":"https:\/\/psol50.org.br\/partidos-lancam-na-camara-manifesto-em-defesa-da-democracia-da-soberania-nacional-e-dos-direitos-2\/","name":"Partidos lan\u00e7am, na C\u00e2mara, manifesto em defesa da democracia, da soberania nacional e dos direitos - PSOL 50","isPartOf":{"@id":"https:\/\/psol50.org.br\/#website"},"primaryImageOfPage":{"@id":"https:\/\/psol50.org.br\/partidos-lancam-na-camara-manifesto-em-defesa-da-democracia-da-soberania-nacional-e-dos-direitos-2\/#primaryimage"},"image":{"@id":"https:\/\/psol50.org.br\/partidos-lancam-na-camara-manifesto-em-defesa-da-democracia-da-soberania-nacional-e-dos-direitos-2\/#primaryimage"},"thumbnailUrl":"https:\/\/psol50.org.br\/inc\/uploads\/2018\/04\/Carrossel_Frente_Democratica.jpg","datePublished":"2018-04-18T16:24:54+00:00","breadcrumb":{"@id":"https:\/\/psol50.org.br\/partidos-lancam-na-camara-manifesto-em-defesa-da-democracia-da-soberania-nacional-e-dos-direitos-2\/#breadcrumb"},"inLanguage":"pt-BR","potentialAction":[{"@type":"ReadAction","target":["https:\/\/psol50.org.br\/partidos-lancam-na-camara-manifesto-em-defesa-da-democracia-da-soberania-nacional-e-dos-direitos-2\/"]}]},{"@type":"ImageObject","inLanguage":"pt-BR","@id":"https:\/\/psol50.org.br\/partidos-lancam-na-camara-manifesto-em-defesa-da-democracia-da-soberania-nacional-e-dos-direitos-2\/#primaryimage","url":"https:\/\/psol50.org.br\/inc\/uploads\/2018\/04\/Carrossel_Frente_Democratica.jpg","contentUrl":"https:\/\/psol50.org.br\/inc\/uploads\/2018\/04\/Carrossel_Frente_Democratica.jpg","width":1280,"height":853},{"@type":"BreadcrumbList","@id":"https:\/\/psol50.org.br\/partidos-lancam-na-camara-manifesto-em-defesa-da-democracia-da-soberania-nacional-e-dos-direitos-2\/#breadcrumb","itemListElement":[{"@type":"ListItem","position":1,"name":"In\u00edcio","item":"https:\/\/psol50.org.br\/"},{"@type":"ListItem","position":2,"name":"Partidos lan\u00e7am, na C\u00e2mara, manifesto em defesa da democracia, da soberania nacional e dos direitos"}]},{"@type":"WebSite","@id":"https:\/\/psol50.org.br\/#website","url":"https:\/\/psol50.org.br\/","name":"PSOL 50","description":"Site oficial do Partido Socialismo e Liberdade","publisher":{"@id":"https:\/\/psol50.org.br\/#organization"},"alternateName":"PSOL50","potentialAction":[{"@type":"SearchAction","target":{"@type":"EntryPoint","urlTemplate":"https:\/\/psol50.org.br\/?s={search_term_string}"},"query-input":{"@type":"PropertyValueSpecification","valueRequired":true,"valueName":"search_term_string"}}],"inLanguage":"pt-BR"},{"@type":"Organization","@id":"https:\/\/psol50.org.br\/#organization","name":"PSOL 50","alternateName":"PSOL 50","url":"https:\/\/psol50.org.br\/","logo":{"@type":"ImageObject","inLanguage":"pt-BR","@id":"https:\/\/psol50.org.br\/#\/schema\/logo\/image\/","url":"https:\/\/psol50.org.br\/inc\/uploads\/2018\/07\/capa.png","contentUrl":"https:\/\/psol50.org.br\/inc\/uploads\/2018\/07\/capa.png","width":1350,"height":900,"caption":"PSOL 50"},"image":{"@id":"https:\/\/psol50.org.br\/#\/schema\/logo\/image\/"},"sameAs":["https:\/\/www.facebook.com\/psol50","https:\/\/x.com\/psol50","https:\/\/www.instagram.com\/psol50\/","https:\/\/www.youtube.com\/channel\/UC7SnJS5o1os7a6CaiNabzcg"]},{"@type":"Person","@id":"https:\/\/psol50.org.br\/#\/schema\/person\/475dfa57d0b815993c714c2e96491fcd","name":"Comunica\u00e7\u00e3o PSOL","image":{"@type":"ImageObject","inLanguage":"pt-BR","@id":"https:\/\/psol50.org.br\/#\/schema\/person\/image\/","url":"https:\/\/secure.gravatar.com\/avatar\/b34fc4f4e468a4e51785917065a3db57b841f5c95dba6ad8c73aaf8f66f8f9bf?s=96&d=mm&r=g","contentUrl":"https:\/\/secure.gravatar.com\/avatar\/b34fc4f4e468a4e51785917065a3db57b841f5c95dba6ad8c73aaf8f66f8f9bf?s=96&d=mm&r=g","caption":"Comunica\u00e7\u00e3o PSOL"}}]}},"_links":{"self":[{"href":"https:\/\/psol50.org.br\/rest\/wp\/v2\/posts\/20579","targetHints":{"allow":["GET"]}}],"collection":[{"href":"https:\/\/psol50.org.br\/rest\/wp\/v2\/posts"}],"about":[{"href":"https:\/\/psol50.org.br\/rest\/wp\/v2\/types\/post"}],"author":[{"embeddable":true,"href":"https:\/\/psol50.org.br\/rest\/wp\/v2\/users\/2"}],"replies":[{"embeddable":true,"href":"https:\/\/psol50.org.br\/rest\/wp\/v2\/comments?post=20579"}],"version-history":[{"count":0,"href":"https:\/\/psol50.org.br\/rest\/wp\/v2\/posts\/20579\/revisions"}],"wp:featuredmedia":[{"embeddable":true,"href":"https:\/\/psol50.org.br\/rest\/wp\/v2\/media\/20583"}],"wp:attachment":[{"href":"https:\/\/psol50.org.br\/rest\/wp\/v2\/media?parent=20579"}],"wp:term":[{"taxonomy":"category","embeddable":true,"href":"https:\/\/psol50.org.br\/rest\/wp\/v2\/categories?post=20579"},{"taxonomy":"post_tag","embeddable":true,"href":"https:\/\/psol50.org.br\/rest\/wp\/v2\/tags?post=20579"}],"curies":[{"name":"wp","href":"https:\/\/api.w.org\/{rel}","templated":true}]}}