{"id":2058,"date":"2013-06-13T00:00:00","date_gmt":"2013-06-13T00:00:00","guid":{"rendered":"http:\/\/psol50.org.br\/arquivo\/2013\/06\/13\/truculencia-da-policia-nao-intimida-manifestantes-e-protestos-contra-aumento-de-passagem-crescem-em-sao-paulo\/"},"modified":"2013-06-13T00:00:00","modified_gmt":"2013-06-13T00:00:00","slug":"truculencia-da-policia-nao-intimida-manifestantes-e-protestos-contra-aumento-de-passagem-crescem-em-sao-paulo","status":"publish","type":"post","link":"https:\/\/psol50.org.br\/truculencia-da-policia-nao-intimida-manifestantes-e-protestos-contra-aumento-de-passagem-crescem-em-sao-paulo\/","title":{"rendered":"Trucul\u00eancia da pol\u00edcia n\u00e3o intimida manifestantes e protestos contra aumento de passagem crescem em S\u00e3o Paulo"},"content":{"rendered":"<div style=\"text-align: justify;\">\n\t<em>Do site do PSOL Nacional, Leonor Costa<\/em><\/p>\n<p>\tA Pol\u00edcia Militar de S\u00e3o Paulo vem seguindo \u00e0 risca a orienta\u00e7\u00e3o do governo estadual de reprimir, com for\u00e7a, as manifesta\u00e7\u00f5es contra o aumento da tarifa de transporte p\u00fablico, que acontecem desde a quinta-feira (06) da semana passada, em S\u00e3o Paulo. Nas \u00faltimas manifesta\u00e7\u00f5es ocorridas na capital paulista, a tropa de choque da PM, sob o comando do governo estadual e com a coniv\u00eancia da prefeitura municipal, usou novamente da for\u00e7a, indo para cima dos manifestantes com bombas de efeito moral, bala de borracha e spray de pimenta. No entanto, mesmo com toda trucul\u00eancia, o movimento segue firme e os protestos t\u00eam contado com mais ades\u00f5es da popula\u00e7\u00e3o.<br \/>\n\t&nbsp;<br \/>\n\tO terceiro ato, promovido na \u00faltima ter\u00e7a-feira (11), reuniu cerca de 12 mil pessoas e parou importantes ruas e avenidas da maior cidade do pa\u00eds. Segundo mat\u00e9ria publicada no site do jornal Brasil de Fato, a primeira a\u00e7\u00e3o de viol\u00eancia policial ocorreu no terminal Parque D. Pedro, por volta das 19h30. \u201cCinco viaturas da PM impediram que os manifestantes ocupassem a avenida Rangel Pestana por meio de bombas e balas de borracha. V\u00e1rias pessoas ficaram feridas\u201d, afirma o texto. Ao final da passeata, que seguiu at\u00e9 o MASP, a pol\u00edcia lan\u00e7ou uma sequ\u00eancia de dez bombas de efeito moral, g\u00e1s de pimenta, atingindo at\u00e9 mesmo outros trabalhadores que retornavam para suas casas.&nbsp;Tais atitudes mostram que a ordem do Estado \u00e9 reprimir, com toda a for\u00e7a poss\u00edvel, o direito de trabalhadores, estudantes e militantes se manifestarem contra qualquer ato que considerarem abusivo.<br \/>\n\t&nbsp;<br \/>\n\tDe acordo com o membro do diret\u00f3rio estadual do PSOL Nilton Queiroz, que tem participado de todos os protestos em S\u00e3o Paulo, a resposta da milit\u00e2ncia a tais abusos de poder \u00e9 refor\u00e7ar a participa\u00e7\u00e3o nas manifesta\u00e7\u00f5es que est\u00e3o sendo convocadas. Ele avalia que o movimento vem crescendo desde a quinta-feira passada at\u00e9 agora e a expectativa \u00e9 que a atividade convocada para hoje (13), a partir das 17h, seja ainda maior que as j\u00e1 realizadas. A concentra\u00e7\u00e3o acontece no Teatro Municipal, de onde os manifestantes devem sair em passeata.<br \/>\n\t&nbsp;<br \/>\n\tO militante do PSOL explica, ainda, que o Minist\u00e9rio P\u00fablico Estadual apresentou uma proposta aos governos para tentar solucionar o impasse. A ideia \u00e9 que no prazo de 45 dias sejam feitas an\u00e1lises das planilhas de gastos e receitas do transporte p\u00fablico para tentar chegar a um acordo para que o valor da passagem volte aos R$ 3,00 anteriores. No entanto, tanto o governador Geraldo Alckmin, quanto o prefeito Fernando Haddad ainda n\u00e3o deram qualquer resposta ao MP. \u201cAo inv\u00e9s de tentarem pensar numa solu\u00e7\u00e3o, eles ordenam que a pol\u00edcia aja com mais trucul\u00eancia\u201d, ressalta Nilton. Segundo ele, o saldo at\u00e9 agora \u00e9 de duas pessoas detidas em pres\u00eddio de seguran\u00e7a m\u00e1xima, sete est\u00e3o na 2\u00ba DP e uma mulher foi levada para o pres\u00eddio de Franco da Rocha. O jornalista Pedro Ribeiro Nogueira, do Jornal Aprendiz, foi preso arbitrariamente durante o protesto de ter\u00e7a-feira.<br \/>\n\t&nbsp;<br \/>\n\t<strong>Por que protestar<\/strong><br \/>\n\tEm <a href=\"http:\/\/www1.folha.uol.com.br\/opiniao\/2013\/06\/1294177-nina-cappello-erica-de-oliveira-daniel-guimaraes-rafael-siqueira-por-que-estamos-nas-ruas.shtml\"><u>artigo<\/u><\/a> publicado na coluna Tend\u00eancias e Debates, do jornal Folha de S\u00e3o Paulo, militantes do Movimento Passe Livre explicam porque est\u00e3o nas ruas da de S\u00e3o Paulo e de outras capitais, protestando contra o aumento abusivo das passagens. \u201cCalcula-se que s\u00e3o 37 milh\u00f5es de brasileiros exclu\u00eddos do sistema de transporte por n\u00e3o ter como pagar. Esse n\u00famero, j\u00e1 defasado, n\u00e3o surgiu do nada: de 20 em 20 centavos, o transporte se tornou, de acordo com o IBGE, o terceiro maior gasto da fam\u00edlia brasileira, retirando da popula\u00e7\u00e3o o direito de se locomover\u201d, argumentam, no texto.<br \/>\n\t&nbsp;<br \/>\n\tEles ainda criticam o modelo adotado nas capitais brasileiras, que privilegia os interesses privados em detrimento do p\u00fablico. \u201cO modelo de transporte coletivo baseado em concess\u00f5es para explora\u00e7\u00e3o privada e cobran\u00e7a de tarifa est\u00e1 esgotado. E continuar\u00e1 em crise enquanto o deslocamento urbano seguir a l\u00f3gica da mercadoria, oposta \u00e0 no\u00e7\u00e3o de direito fundamental para todas e todos. Essa l\u00f3gica, cujo norte \u00e9 o lucro, leva as empresas, com a coniv\u00eancia do poder p\u00fablico, a aumentar repetidamente as tarifas. O aumento faz com que mais usu\u00e1rios do sistema deixem de us\u00e1-lo, e, com menos passageiros, as empresas aplicam novos reajustes\u201d, ressaltam. As lutas em outras capitais tamb\u00e9m s\u00e3o ressaltadas por eles, como no Rio de Janeiro, al\u00e9m de Goi\u00e2nia e Porto Alegre, onde os manifestantes tiveram retorno positivo.<br \/>\n\t&nbsp;<br \/>\n\t\u201cO prefeito Fernando Haddad, direto de Paris, ao lado do governador Geraldo Alckmin, exige que o movimento assuma uma responsabilidade que n\u00e3o nos cabe. N\u00e3o somos n\u00f3s os que assinam os contratos e determinamos os custos do transporte repassados aos mais pobres. N\u00e3o somos n\u00f3s que afirmamos que o aumento est\u00e1 abaixo da infla\u00e7\u00e3o sem considerar que, de 1994 para c\u00e1, com uma infla\u00e7\u00e3o acumulada em 332%, a tarifa deveria custar R$ 2,16 e o metr\u00f4, R$ 2,59\u201d, criticam os militantes.<br \/>\n\t&nbsp;<br \/>\n\tTamb\u00e9m em artigo publicado em seu blog, o vereador pelo PSOL em S\u00e3o Paulo, Toninho Vespoli, afirma que o movimento seguir\u00e1 na luta contra o aumento abusivo da passagem. E ele explica por qu\u00ea. \u201cA prefeitura alega que o aumento n\u00e3o \u00e9 injusto dado que o reajuste ficou abaixo da infla\u00e7\u00e3o. Agora, reconhecendo a atual situa\u00e7\u00e3o da rede de transporte metropolitana, marcada pelo descaso com o direito de ir e vir da popula\u00e7\u00e3o, o aumento se mostra um grande desrespeito. \u00d4nibus, metr\u00f4 e trem funcionam com capacidade muito acima do razo\u00e1vel. A qualidade do transporte \u00e9 p\u00edfia. Prioriza-se o lucro das empresas concession\u00e1rias e o transporte individual em detrimento do transporte coletivo de qualidade e de massa\u201d, enfatiza o vereador.<br \/>\n\t&nbsp;<br \/>\n\tEle afirma que estudo feito pelo Sindicato dos Metrovi\u00e1rios de S\u00e3o Paulo demonstra que se fosse aplicada a infla\u00e7\u00e3o real, a tarifa do metr\u00f4 que em 1995 valia 80 centavos, em 2012 deveria valer 1,84 e n\u00e3o os 3 reais. O vereador lembra, ainda, que a tarifa do \u00f4nibus, por sua vez, valia 50 centavos em 1994. Com a corre\u00e7\u00e3o, em 2011, deveria ter passado para 1,50 e n\u00e3o para os injustos 3 reais. \u201cEntendemos, assim, que qualquer aumento \u00e9 injusto, pois beneficia somente os lucros dos empres\u00e1rios e n\u00e3o os direitos da popula\u00e7\u00e3o\u201d.<br \/>\n\t&nbsp;<br \/>\n\tToninho Vespoli reafirma o apoio do seu mandato \u00e0s manifesta\u00e7\u00f5es, por entender que lutar contra o aumento da passagem e pleitear a tarifa-zero s\u00e3o reivindica\u00e7\u00f5es justas e necess\u00e1rias. \u201cO Partido Socialismo e Liberdade e o Mandato Popular e Socialista do vereador Toninho Vespoli se somam a mais essa luta e se colocam a disposi\u00e7\u00e3o de todas as reivindica\u00e7\u00f5es que apontam para a melhora nas condi\u00e7\u00f5es de vida do povo brasileiro\u201d, finaliza.<br \/>\n\t&nbsp;<br \/>\n\tClique <a href=\"http:\/\/toninhovespoli.net.br\/2013\/06\/12\/seguiremos-na-luta-contra-o-aumento-da-passagem-tarifa-zero-ja\/\">aqui<\/a> para ler o artigo de Toninho Vespoli.<\/div>\n<p>&nbsp;<\/p>\n","protected":false},"excerpt":{"rendered":"<p>Do site do PSOL Nacional, Leonor Costa A Pol\u00edcia Militar de S\u00e3o Paulo vem seguindo \u00e0 risca a orienta\u00e7\u00e3o do governo estadual de reprimir, com for\u00e7a, as manifesta\u00e7\u00f5es contra o aumento da tarifa de transporte p\u00fablico, que acontecem desde a quinta-feira (06) da semana passada, em S\u00e3o Paulo. Nas \u00faltimas manifesta\u00e7\u00f5es ocorridas na capital paulista, [&hellip;]<\/p>\n","protected":false},"author":2,"featured_media":0,"comment_status":"open","ping_status":"open","sticky":false,"template":"","format":"standard","meta":{"_acf_changed":false,"footnotes":""},"categories":[4766,654],"tags":[22],"class_list":{"0":"post-2058","1":"post","2":"type-post","3":"status-publish","4":"format-standard","6":"category-arquivo","7":"category-estados","8":"tag-psol"},"acf":[],"yoast_head":"<!-- This site is optimized with the Yoast SEO plugin v26.5 - https:\/\/yoast.com\/wordpress\/plugins\/seo\/ -->\n<title>Trucul\u00eancia da pol\u00edcia n\u00e3o intimida manifestantes e protestos contra aumento de passagem crescem em S\u00e3o Paulo - PSOL 50<\/title>\n<meta name=\"robots\" content=\"index, follow, max-snippet:-1, max-image-preview:large, max-video-preview:-1\" \/>\n<link rel=\"canonical\" href=\"https:\/\/psol50.org.br\/truculencia-da-policia-nao-intimida-manifestantes-e-protestos-contra-aumento-de-passagem-crescem-em-sao-paulo\/\" \/>\n<meta property=\"og:locale\" content=\"pt_BR\" \/>\n<meta property=\"og:type\" content=\"article\" \/>\n<meta property=\"og:title\" content=\"Trucul\u00eancia da pol\u00edcia n\u00e3o intimida manifestantes e protestos contra aumento de passagem crescem em S\u00e3o Paulo - PSOL 50\" \/>\n<meta property=\"og:description\" content=\"Do site do PSOL Nacional, Leonor Costa A Pol\u00edcia Militar de S\u00e3o Paulo vem seguindo \u00e0 risca a orienta\u00e7\u00e3o do governo estadual de reprimir, com for\u00e7a, as manifesta\u00e7\u00f5es contra o aumento da tarifa de transporte p\u00fablico, que acontecem desde a quinta-feira (06) da semana passada, em S\u00e3o Paulo. Nas \u00faltimas manifesta\u00e7\u00f5es ocorridas na capital paulista, [&hellip;]\" \/>\n<meta property=\"og:url\" content=\"https:\/\/psol50.org.br\/truculencia-da-policia-nao-intimida-manifestantes-e-protestos-contra-aumento-de-passagem-crescem-em-sao-paulo\/\" \/>\n<meta property=\"og:site_name\" content=\"PSOL 50\" \/>\n<meta property=\"article:publisher\" content=\"https:\/\/www.facebook.com\/psol50\" \/>\n<meta property=\"article:published_time\" content=\"2013-06-13T00:00:00+00:00\" \/>\n<meta property=\"og:image\" content=\"https:\/\/psol50.org.br\/inc\/uploads\/2018\/07\/capa.png\" \/>\n\t<meta property=\"og:image:width\" content=\"1350\" \/>\n\t<meta property=\"og:image:height\" content=\"900\" \/>\n\t<meta property=\"og:image:type\" content=\"image\/png\" \/>\n<meta name=\"author\" content=\"Comunica\u00e7\u00e3o PSOL\" \/>\n<meta name=\"twitter:card\" content=\"summary_large_image\" \/>\n<meta name=\"twitter:creator\" content=\"@psol50\" \/>\n<meta name=\"twitter:site\" content=\"@psol50\" \/>\n<meta name=\"twitter:label1\" content=\"Escrito por\" \/>\n\t<meta name=\"twitter:data1\" content=\"Comunica\u00e7\u00e3o PSOL\" \/>\n\t<meta name=\"twitter:label2\" content=\"Est. tempo de leitura\" \/>\n\t<meta name=\"twitter:data2\" content=\"6 minutos\" \/>\n<script type=\"application\/ld+json\" class=\"yoast-schema-graph\">{\"@context\":\"https:\/\/schema.org\",\"@graph\":[{\"@type\":\"Article\",\"@id\":\"https:\/\/psol50.org.br\/truculencia-da-policia-nao-intimida-manifestantes-e-protestos-contra-aumento-de-passagem-crescem-em-sao-paulo\/#article\",\"isPartOf\":{\"@id\":\"https:\/\/psol50.org.br\/truculencia-da-policia-nao-intimida-manifestantes-e-protestos-contra-aumento-de-passagem-crescem-em-sao-paulo\/\"},\"author\":{\"name\":\"Comunica\u00e7\u00e3o PSOL\",\"@id\":\"https:\/\/psol50.org.br\/#\/schema\/person\/475dfa57d0b815993c714c2e96491fcd\"},\"headline\":\"Trucul\u00eancia da pol\u00edcia n\u00e3o intimida manifestantes e protestos contra aumento de passagem crescem em S\u00e3o Paulo\",\"datePublished\":\"2013-06-13T00:00:00+00:00\",\"mainEntityOfPage\":{\"@id\":\"https:\/\/psol50.org.br\/truculencia-da-policia-nao-intimida-manifestantes-e-protestos-contra-aumento-de-passagem-crescem-em-sao-paulo\/\"},\"wordCount\":1199,\"commentCount\":0,\"publisher\":{\"@id\":\"https:\/\/psol50.org.br\/#organization\"},\"keywords\":[\"PSOL\"],\"articleSection\":[\"Arquivo\",\"Estados\"],\"inLanguage\":\"pt-BR\",\"potentialAction\":[{\"@type\":\"CommentAction\",\"name\":\"Comment\",\"target\":[\"https:\/\/psol50.org.br\/truculencia-da-policia-nao-intimida-manifestantes-e-protestos-contra-aumento-de-passagem-crescem-em-sao-paulo\/#respond\"]}]},{\"@type\":\"WebPage\",\"@id\":\"https:\/\/psol50.org.br\/truculencia-da-policia-nao-intimida-manifestantes-e-protestos-contra-aumento-de-passagem-crescem-em-sao-paulo\/\",\"url\":\"https:\/\/psol50.org.br\/truculencia-da-policia-nao-intimida-manifestantes-e-protestos-contra-aumento-de-passagem-crescem-em-sao-paulo\/\",\"name\":\"Trucul\u00eancia da pol\u00edcia n\u00e3o intimida manifestantes e protestos contra aumento de passagem crescem em S\u00e3o Paulo - PSOL 50\",\"isPartOf\":{\"@id\":\"https:\/\/psol50.org.br\/#website\"},\"datePublished\":\"2013-06-13T00:00:00+00:00\",\"breadcrumb\":{\"@id\":\"https:\/\/psol50.org.br\/truculencia-da-policia-nao-intimida-manifestantes-e-protestos-contra-aumento-de-passagem-crescem-em-sao-paulo\/#breadcrumb\"},\"inLanguage\":\"pt-BR\",\"potentialAction\":[{\"@type\":\"ReadAction\",\"target\":[\"https:\/\/psol50.org.br\/truculencia-da-policia-nao-intimida-manifestantes-e-protestos-contra-aumento-de-passagem-crescem-em-sao-paulo\/\"]}]},{\"@type\":\"BreadcrumbList\",\"@id\":\"https:\/\/psol50.org.br\/truculencia-da-policia-nao-intimida-manifestantes-e-protestos-contra-aumento-de-passagem-crescem-em-sao-paulo\/#breadcrumb\",\"itemListElement\":[{\"@type\":\"ListItem\",\"position\":1,\"name\":\"In\u00edcio\",\"item\":\"https:\/\/psol50.org.br\/\"},{\"@type\":\"ListItem\",\"position\":2,\"name\":\"Trucul\u00eancia da pol\u00edcia n\u00e3o intimida manifestantes e protestos contra aumento de passagem crescem em S\u00e3o Paulo\"}]},{\"@type\":\"WebSite\",\"@id\":\"https:\/\/psol50.org.br\/#website\",\"url\":\"https:\/\/psol50.org.br\/\",\"name\":\"PSOL 50\",\"description\":\"Site oficial do Partido Socialismo e Liberdade\",\"publisher\":{\"@id\":\"https:\/\/psol50.org.br\/#organization\"},\"alternateName\":\"PSOL50\",\"potentialAction\":[{\"@type\":\"SearchAction\",\"target\":{\"@type\":\"EntryPoint\",\"urlTemplate\":\"https:\/\/psol50.org.br\/?s={search_term_string}\"},\"query-input\":{\"@type\":\"PropertyValueSpecification\",\"valueRequired\":true,\"valueName\":\"search_term_string\"}}],\"inLanguage\":\"pt-BR\"},{\"@type\":\"Organization\",\"@id\":\"https:\/\/psol50.org.br\/#organization\",\"name\":\"PSOL 50\",\"alternateName\":\"PSOL 50\",\"url\":\"https:\/\/psol50.org.br\/\",\"logo\":{\"@type\":\"ImageObject\",\"inLanguage\":\"pt-BR\",\"@id\":\"https:\/\/psol50.org.br\/#\/schema\/logo\/image\/\",\"url\":\"https:\/\/psol50.org.br\/inc\/uploads\/2018\/07\/capa.png\",\"contentUrl\":\"https:\/\/psol50.org.br\/inc\/uploads\/2018\/07\/capa.png\",\"width\":1350,\"height\":900,\"caption\":\"PSOL 50\"},\"image\":{\"@id\":\"https:\/\/psol50.org.br\/#\/schema\/logo\/image\/\"},\"sameAs\":[\"https:\/\/www.facebook.com\/psol50\",\"https:\/\/x.com\/psol50\",\"https:\/\/www.instagram.com\/psol50\/\",\"https:\/\/www.youtube.com\/channel\/UC7SnJS5o1os7a6CaiNabzcg\"]},{\"@type\":\"Person\",\"@id\":\"https:\/\/psol50.org.br\/#\/schema\/person\/475dfa57d0b815993c714c2e96491fcd\",\"name\":\"Comunica\u00e7\u00e3o PSOL\",\"image\":{\"@type\":\"ImageObject\",\"inLanguage\":\"pt-BR\",\"@id\":\"https:\/\/psol50.org.br\/#\/schema\/person\/image\/\",\"url\":\"https:\/\/secure.gravatar.com\/avatar\/b34fc4f4e468a4e51785917065a3db57b841f5c95dba6ad8c73aaf8f66f8f9bf?s=96&d=mm&r=g\",\"contentUrl\":\"https:\/\/secure.gravatar.com\/avatar\/b34fc4f4e468a4e51785917065a3db57b841f5c95dba6ad8c73aaf8f66f8f9bf?s=96&d=mm&r=g\",\"caption\":\"Comunica\u00e7\u00e3o PSOL\"}}]}<\/script>\n<!-- \/ Yoast SEO plugin. -->","yoast_head_json":{"title":"Trucul\u00eancia da pol\u00edcia n\u00e3o intimida manifestantes e protestos contra aumento de passagem crescem em S\u00e3o Paulo - PSOL 50","robots":{"index":"index","follow":"follow","max-snippet":"max-snippet:-1","max-image-preview":"max-image-preview:large","max-video-preview":"max-video-preview:-1"},"canonical":"https:\/\/psol50.org.br\/truculencia-da-policia-nao-intimida-manifestantes-e-protestos-contra-aumento-de-passagem-crescem-em-sao-paulo\/","og_locale":"pt_BR","og_type":"article","og_title":"Trucul\u00eancia da pol\u00edcia n\u00e3o intimida manifestantes e protestos contra aumento de passagem crescem em S\u00e3o Paulo - PSOL 50","og_description":"Do site do PSOL Nacional, Leonor Costa A Pol\u00edcia Militar de S\u00e3o Paulo vem seguindo \u00e0 risca a orienta\u00e7\u00e3o do governo estadual de reprimir, com for\u00e7a, as manifesta\u00e7\u00f5es contra o aumento da tarifa de transporte p\u00fablico, que acontecem desde a quinta-feira (06) da semana passada, em S\u00e3o Paulo. Nas \u00faltimas manifesta\u00e7\u00f5es ocorridas na capital paulista, [&hellip;]","og_url":"https:\/\/psol50.org.br\/truculencia-da-policia-nao-intimida-manifestantes-e-protestos-contra-aumento-de-passagem-crescem-em-sao-paulo\/","og_site_name":"PSOL 50","article_publisher":"https:\/\/www.facebook.com\/psol50","article_published_time":"2013-06-13T00:00:00+00:00","og_image":[{"width":1350,"height":900,"url":"https:\/\/psol50.org.br\/inc\/uploads\/2018\/07\/capa.png","type":"image\/png"}],"author":"Comunica\u00e7\u00e3o PSOL","twitter_card":"summary_large_image","twitter_creator":"@psol50","twitter_site":"@psol50","twitter_misc":{"Escrito por":"Comunica\u00e7\u00e3o PSOL","Est. tempo de leitura":"6 minutos"},"schema":{"@context":"https:\/\/schema.org","@graph":[{"@type":"Article","@id":"https:\/\/psol50.org.br\/truculencia-da-policia-nao-intimida-manifestantes-e-protestos-contra-aumento-de-passagem-crescem-em-sao-paulo\/#article","isPartOf":{"@id":"https:\/\/psol50.org.br\/truculencia-da-policia-nao-intimida-manifestantes-e-protestos-contra-aumento-de-passagem-crescem-em-sao-paulo\/"},"author":{"name":"Comunica\u00e7\u00e3o PSOL","@id":"https:\/\/psol50.org.br\/#\/schema\/person\/475dfa57d0b815993c714c2e96491fcd"},"headline":"Trucul\u00eancia da pol\u00edcia n\u00e3o intimida manifestantes e protestos contra aumento de passagem crescem em S\u00e3o Paulo","datePublished":"2013-06-13T00:00:00+00:00","mainEntityOfPage":{"@id":"https:\/\/psol50.org.br\/truculencia-da-policia-nao-intimida-manifestantes-e-protestos-contra-aumento-de-passagem-crescem-em-sao-paulo\/"},"wordCount":1199,"commentCount":0,"publisher":{"@id":"https:\/\/psol50.org.br\/#organization"},"keywords":["PSOL"],"articleSection":["Arquivo","Estados"],"inLanguage":"pt-BR","potentialAction":[{"@type":"CommentAction","name":"Comment","target":["https:\/\/psol50.org.br\/truculencia-da-policia-nao-intimida-manifestantes-e-protestos-contra-aumento-de-passagem-crescem-em-sao-paulo\/#respond"]}]},{"@type":"WebPage","@id":"https:\/\/psol50.org.br\/truculencia-da-policia-nao-intimida-manifestantes-e-protestos-contra-aumento-de-passagem-crescem-em-sao-paulo\/","url":"https:\/\/psol50.org.br\/truculencia-da-policia-nao-intimida-manifestantes-e-protestos-contra-aumento-de-passagem-crescem-em-sao-paulo\/","name":"Trucul\u00eancia da pol\u00edcia n\u00e3o intimida manifestantes e protestos contra aumento de passagem crescem em S\u00e3o Paulo - PSOL 50","isPartOf":{"@id":"https:\/\/psol50.org.br\/#website"},"datePublished":"2013-06-13T00:00:00+00:00","breadcrumb":{"@id":"https:\/\/psol50.org.br\/truculencia-da-policia-nao-intimida-manifestantes-e-protestos-contra-aumento-de-passagem-crescem-em-sao-paulo\/#breadcrumb"},"inLanguage":"pt-BR","potentialAction":[{"@type":"ReadAction","target":["https:\/\/psol50.org.br\/truculencia-da-policia-nao-intimida-manifestantes-e-protestos-contra-aumento-de-passagem-crescem-em-sao-paulo\/"]}]},{"@type":"BreadcrumbList","@id":"https:\/\/psol50.org.br\/truculencia-da-policia-nao-intimida-manifestantes-e-protestos-contra-aumento-de-passagem-crescem-em-sao-paulo\/#breadcrumb","itemListElement":[{"@type":"ListItem","position":1,"name":"In\u00edcio","item":"https:\/\/psol50.org.br\/"},{"@type":"ListItem","position":2,"name":"Trucul\u00eancia da pol\u00edcia n\u00e3o intimida manifestantes e protestos contra aumento de passagem crescem em S\u00e3o Paulo"}]},{"@type":"WebSite","@id":"https:\/\/psol50.org.br\/#website","url":"https:\/\/psol50.org.br\/","name":"PSOL 50","description":"Site oficial do Partido Socialismo e Liberdade","publisher":{"@id":"https:\/\/psol50.org.br\/#organization"},"alternateName":"PSOL50","potentialAction":[{"@type":"SearchAction","target":{"@type":"EntryPoint","urlTemplate":"https:\/\/psol50.org.br\/?s={search_term_string}"},"query-input":{"@type":"PropertyValueSpecification","valueRequired":true,"valueName":"search_term_string"}}],"inLanguage":"pt-BR"},{"@type":"Organization","@id":"https:\/\/psol50.org.br\/#organization","name":"PSOL 50","alternateName":"PSOL 50","url":"https:\/\/psol50.org.br\/","logo":{"@type":"ImageObject","inLanguage":"pt-BR","@id":"https:\/\/psol50.org.br\/#\/schema\/logo\/image\/","url":"https:\/\/psol50.org.br\/inc\/uploads\/2018\/07\/capa.png","contentUrl":"https:\/\/psol50.org.br\/inc\/uploads\/2018\/07\/capa.png","width":1350,"height":900,"caption":"PSOL 50"},"image":{"@id":"https:\/\/psol50.org.br\/#\/schema\/logo\/image\/"},"sameAs":["https:\/\/www.facebook.com\/psol50","https:\/\/x.com\/psol50","https:\/\/www.instagram.com\/psol50\/","https:\/\/www.youtube.com\/channel\/UC7SnJS5o1os7a6CaiNabzcg"]},{"@type":"Person","@id":"https:\/\/psol50.org.br\/#\/schema\/person\/475dfa57d0b815993c714c2e96491fcd","name":"Comunica\u00e7\u00e3o PSOL","image":{"@type":"ImageObject","inLanguage":"pt-BR","@id":"https:\/\/psol50.org.br\/#\/schema\/person\/image\/","url":"https:\/\/secure.gravatar.com\/avatar\/b34fc4f4e468a4e51785917065a3db57b841f5c95dba6ad8c73aaf8f66f8f9bf?s=96&d=mm&r=g","contentUrl":"https:\/\/secure.gravatar.com\/avatar\/b34fc4f4e468a4e51785917065a3db57b841f5c95dba6ad8c73aaf8f66f8f9bf?s=96&d=mm&r=g","caption":"Comunica\u00e7\u00e3o PSOL"}}]}},"_links":{"self":[{"href":"https:\/\/psol50.org.br\/rest\/wp\/v2\/posts\/2058","targetHints":{"allow":["GET"]}}],"collection":[{"href":"https:\/\/psol50.org.br\/rest\/wp\/v2\/posts"}],"about":[{"href":"https:\/\/psol50.org.br\/rest\/wp\/v2\/types\/post"}],"author":[{"embeddable":true,"href":"https:\/\/psol50.org.br\/rest\/wp\/v2\/users\/2"}],"replies":[{"embeddable":true,"href":"https:\/\/psol50.org.br\/rest\/wp\/v2\/comments?post=2058"}],"version-history":[{"count":0,"href":"https:\/\/psol50.org.br\/rest\/wp\/v2\/posts\/2058\/revisions"}],"wp:attachment":[{"href":"https:\/\/psol50.org.br\/rest\/wp\/v2\/media?parent=2058"}],"wp:term":[{"taxonomy":"category","embeddable":true,"href":"https:\/\/psol50.org.br\/rest\/wp\/v2\/categories?post=2058"},{"taxonomy":"post_tag","embeddable":true,"href":"https:\/\/psol50.org.br\/rest\/wp\/v2\/tags?post=2058"}],"curies":[{"name":"wp","href":"https:\/\/api.w.org\/{rel}","templated":true}]}}