{"id":20581,"date":"2018-04-19T11:32:49","date_gmt":"2018-04-19T14:32:49","guid":{"rendered":"http:\/\/www.psol50.org.br\/?p=20581"},"modified":"2018-04-19T11:32:49","modified_gmt":"2018-04-19T14:32:49","slug":"em-pernambuco-psol-disputara-eleicoes-majoritarias-com-chapa-feminista","status":"publish","type":"post","link":"https:\/\/psol50.org.br\/em-pernambuco-psol-disputara-eleicoes-majoritarias-com-chapa-feminista\/","title":{"rendered":"Em Pernambuco, PSOL disputar\u00e1 elei\u00e7\u00f5es majorit\u00e1rias com chapa feminista"},"content":{"rendered":"<p>Quatro mulheres feministas disputar\u00e3o o governo de Pernambuco e as duas vagas do Estado ao Senado nas elei\u00e7\u00f5es de outubro deste ano. A tarefa de encabe\u00e7ar a chapa, formada pelo PSOL em coliga\u00e7\u00e3o com o PCB, ficou com a advogada, historiadora e professora <a href=\"https:\/\/www.facebook.com\/danipsol\/\" target=\"_blank\" rel=\"noopener\"><strong><span style=\"color: #0000ff;\">Danielle Portela<\/span><\/strong><\/a>, de 43 anos. A militante do PCB Gerlane Sim\u00f5es participar\u00e1 da disputa como candidata a co-governadora.<\/p>\n<p>Para o Senado, o partido aprovou lan\u00e7ar Albanise Pires, fundadora do PSOL em Pernambuco e tamb\u00e9m candidata ao Senado em 2014; e Eug\u00eania Lima, que tamb\u00e9m disputou as \u00faltimas elei\u00e7\u00f5es pelo partido.<\/p>\n<p>&#8220;Nasce e brota o desejo de uma chapa majorit\u00e1ria composta s\u00f3 por mulheres, como uma necessidade real de resist\u00eancia e sobreviv\u00eancia a sociedade machista e patriarcal que vivemos: Uma chapa Feminista&#8221;, ressalta Dani Portela, como \u00e9 conhecida entre a milit\u00e2ncia.<\/p>\n<p>Ela explica que o processo de defini\u00e7\u00e3o de nomes se deu a partir de um amplo debate, inspirado pela Primavera Feminista. &#8220;As companheiras toparam o desafio na hora. A escolha n\u00e3o poderia ser mais acertada: Albanise Pires, fundadora do PSOL em Pernambuco, candidata v\u00e1rias vezes e Eug\u00eania Lima, rec\u00e9m-sa\u00edda de uma elei\u00e7\u00e3o municipal com amplo destaque. Ambas feministas e militantes. O PSOL \u00e9 um partido pioneiro e revolucion\u00e1rio, n\u00e3o teria espa\u00e7o melhor para acolher a chapa, que foi escolhida pelo Diret\u00f3rio Estadual. Neste contexto, \u00e9 importante salientar a alian\u00e7a que firmamos com o PCB, representado na chapa na figura de Gerlane Sim\u00f5es, co-candidata a governadora.\u00a0 Gerlane, mulher negra, estudante de ci\u00eancias sociais, chega para nos dar ainda mais for\u00e7a para o debate de g\u00eanero, que deve e precisa\u00a0 ganhar maior centralidade na sociedade. E o momento eleitoral pode e deve ser palco dessa disputa pelo protagonismo feminino na pol\u00edtica&#8221;, ressalta.<\/p>\n<p><strong>For\u00e7a \u00e0 luta das mulheres<br \/>\n<\/strong>Advogada, historiadora e professora, formada pela Universidade Cat\u00f3lica de Pernambuco e pela Universidade Federal de Pernambuco, a pr\u00e9-candidato do PSOL ao governo de Pernambuco \u00e9 negra, m\u00e3e da Alice e moradora da hist\u00f3rica Olinda.<\/p>\n<p><img loading=\"lazy\" decoding=\"async\" class=\"size-medium wp-image-20599 aligncenter\" src=\"http:\/\/www.psol50.org.br\/inc\/uploads\/2018\/04\/Dani_Portela_PE-600x400.jpeg\" alt=\"\" width=\"600\" height=\"400\" \/><\/p>\n<p>&#8220;Minhas lembran\u00e7as mais antigas s\u00e3o do processo de redemocratiza\u00e7\u00e3o do Brasil e do movimento das Diretas J\u00e1! Em 1984, ent\u00e3o com nove anos, lembro bem das passeatas das Diretas. Recordo de um ato em Palmares que eu fiquei em cima do carro de bombeiros com meu av\u00f4 e Miguel Arraes, eles foram companheiros de ex\u00edlio. Eu cresci dentro dessa atmosfera e isso fez com que eu me interessasse por pol\u00edtica desde muito cedo. Participei de grupos de estudos pol\u00edticos ainda adolescente e fui parte do Diret\u00f3rio Acad\u00eamico de Hist\u00f3ria, durante a minha gradua\u00e7\u00e3o&#8221;, conta Dani, que, na milit\u00e2ncia, tem se dedicado \u00e0s quest\u00f5es de g\u00eanero e viol\u00eancia. &#8220;Sou uma voz que ecoa na luta cont\u00ednua para que as mulheres ocupem cada vez mais espa\u00e7os de poder. Luto incessantemente pela liberdade dos corpos e sua autonomia plena&#8221;.<\/p>\n<p>Na avalia\u00e7\u00e3o da pr\u00e9-candidata, com a defini\u00e7\u00e3o da chapa feminista para os cargos majorit\u00e1rios, o PSOL-PE joga peso na import\u00e2ncia da participa\u00e7\u00e3o das mulheres na pol\u00edtica e na disputa dos espa\u00e7os institucionais. &#8220;O PSOL, que j\u00e1 exige nos seus estatutos a paridade de g\u00eanero na ocupa\u00e7\u00e3o das inst\u00e2ncias partid\u00e1rias, d\u00e1 um passo adiante em Pernambuco ao buscar superar tamb\u00e9m as cotas de g\u00eanero impostas pela legisla\u00e7\u00e3o eleitoral&#8221;, destaca.<\/p>\n<p>&nbsp;<\/p>\n<p>&nbsp;<\/p>\n<p>&nbsp;<\/p>\n","protected":false},"excerpt":{"rendered":"<p>Quatro mulheres feministas disputar\u00e3o o governo de Pernambuco e as duas vagas do Estado ao Senado nas elei\u00e7\u00f5es de outubro deste ano. A tarefa de encabe\u00e7ar a chapa, formada pelo PSOL em coliga\u00e7\u00e3o com o PCB, ficou com a advogada, historiadora e professora Danielle Portela, de 43 anos. A militante do PCB Gerlane Sim\u00f5es participar\u00e1 [&hellip;]<\/p>\n","protected":false},"author":2,"featured_media":20598,"comment_status":"open","ping_status":"open","sticky":false,"template":"","format":"standard","meta":{"_acf_changed":false,"footnotes":""},"categories":[2165,654,6],"tags":[2442,2443,2444,2445,2446,2447,711,902,2319,22,2431],"class_list":{"0":"post-20581","1":"post","2":"type-post","3":"status-publish","4":"format-standard","5":"has-post-thumbnail","7":"category-eleicoes-2018","8":"category-estados","9":"category-noticias","10":"tag-albanise-pires","11":"tag-chapa-feminista","12":"tag-danielle-portela","13":"tag-eugenia-lima","14":"tag-gerlane-simoes","15":"tag-governo-estadual","16":"tag-pcb","17":"tag-pernambuco","18":"tag-pre-candidata","19":"tag-psol","20":"tag-senado-federal"},"acf":[],"yoast_head":"<!-- This site is optimized with the Yoast SEO plugin v26.5 - https:\/\/yoast.com\/wordpress\/plugins\/seo\/ -->\n<title>Em Pernambuco, PSOL disputar\u00e1 elei\u00e7\u00f5es majorit\u00e1rias com chapa feminista - PSOL 50<\/title>\n<meta name=\"robots\" content=\"index, follow, max-snippet:-1, max-image-preview:large, max-video-preview:-1\" \/>\n<link rel=\"canonical\" href=\"https:\/\/psol50.org.br\/em-pernambuco-psol-disputara-eleicoes-majoritarias-com-chapa-feminista\/\" \/>\n<meta property=\"og:locale\" content=\"pt_BR\" \/>\n<meta property=\"og:type\" content=\"article\" \/>\n<meta property=\"og:title\" content=\"Em Pernambuco, PSOL disputar\u00e1 elei\u00e7\u00f5es majorit\u00e1rias com chapa feminista - PSOL 50\" \/>\n<meta property=\"og:description\" content=\"Quatro mulheres feministas disputar\u00e3o o governo de Pernambuco e as duas vagas do Estado ao Senado nas elei\u00e7\u00f5es de outubro deste ano. A tarefa de encabe\u00e7ar a chapa, formada pelo PSOL em coliga\u00e7\u00e3o com o PCB, ficou com a advogada, historiadora e professora Danielle Portela, de 43 anos. A militante do PCB Gerlane Sim\u00f5es participar\u00e1 [&hellip;]\" \/>\n<meta property=\"og:url\" content=\"https:\/\/psol50.org.br\/em-pernambuco-psol-disputara-eleicoes-majoritarias-com-chapa-feminista\/\" \/>\n<meta property=\"og:site_name\" content=\"PSOL 50\" \/>\n<meta property=\"article:publisher\" content=\"https:\/\/www.facebook.com\/psol50\" \/>\n<meta property=\"article:published_time\" content=\"2018-04-19T14:32:49+00:00\" \/>\n<meta property=\"og:image\" content=\"https:\/\/psol50.org.br\/inc\/uploads\/2018\/04\/Chapa_Feminista_PE.jpg\" \/>\n\t<meta property=\"og:image:width\" content=\"1350\" \/>\n\t<meta property=\"og:image:height\" content=\"899\" \/>\n\t<meta property=\"og:image:type\" content=\"image\/jpeg\" \/>\n<meta name=\"author\" content=\"Comunica\u00e7\u00e3o PSOL\" \/>\n<meta name=\"twitter:card\" content=\"summary_large_image\" \/>\n<meta name=\"twitter:creator\" content=\"@psol50\" \/>\n<meta name=\"twitter:site\" content=\"@psol50\" \/>\n<meta name=\"twitter:label1\" content=\"Escrito por\" \/>\n\t<meta name=\"twitter:data1\" content=\"Comunica\u00e7\u00e3o PSOL\" \/>\n\t<meta name=\"twitter:label2\" content=\"Est. tempo de leitura\" \/>\n\t<meta name=\"twitter:data2\" content=\"3 minutos\" \/>\n<script type=\"application\/ld+json\" class=\"yoast-schema-graph\">{\"@context\":\"https:\/\/schema.org\",\"@graph\":[{\"@type\":\"Article\",\"@id\":\"https:\/\/psol50.org.br\/em-pernambuco-psol-disputara-eleicoes-majoritarias-com-chapa-feminista\/#article\",\"isPartOf\":{\"@id\":\"https:\/\/psol50.org.br\/em-pernambuco-psol-disputara-eleicoes-majoritarias-com-chapa-feminista\/\"},\"author\":{\"name\":\"Comunica\u00e7\u00e3o PSOL\",\"@id\":\"https:\/\/psol50.org.br\/#\/schema\/person\/475dfa57d0b815993c714c2e96491fcd\"},\"headline\":\"Em Pernambuco, PSOL disputar\u00e1 elei\u00e7\u00f5es majorit\u00e1rias com chapa feminista\",\"datePublished\":\"2018-04-19T14:32:49+00:00\",\"mainEntityOfPage\":{\"@id\":\"https:\/\/psol50.org.br\/em-pernambuco-psol-disputara-eleicoes-majoritarias-com-chapa-feminista\/\"},\"wordCount\":600,\"commentCount\":0,\"publisher\":{\"@id\":\"https:\/\/psol50.org.br\/#organization\"},\"image\":{\"@id\":\"https:\/\/psol50.org.br\/em-pernambuco-psol-disputara-eleicoes-majoritarias-com-chapa-feminista\/#primaryimage\"},\"thumbnailUrl\":\"https:\/\/psol50.org.br\/inc\/uploads\/2018\/04\/Chapa_Feminista_PE.jpg\",\"keywords\":[\"Albanise Pires\",\"chapa feminista\",\"Danielle Portela\",\"Eug\u00eania Lima\",\"Gerlane Sim\u00f5es\",\"governo estadual\",\"PCB\",\"Pernambuco\",\"pr\u00e9-candidata\",\"PSOL\",\"Senado Federal\"],\"articleSection\":[\"Elei\u00e7\u00f5es 2018\",\"Estados\",\"Not\u00edcias\"],\"inLanguage\":\"pt-BR\",\"potentialAction\":[{\"@type\":\"CommentAction\",\"name\":\"Comment\",\"target\":[\"https:\/\/psol50.org.br\/em-pernambuco-psol-disputara-eleicoes-majoritarias-com-chapa-feminista\/#respond\"]}]},{\"@type\":\"WebPage\",\"@id\":\"https:\/\/psol50.org.br\/em-pernambuco-psol-disputara-eleicoes-majoritarias-com-chapa-feminista\/\",\"url\":\"https:\/\/psol50.org.br\/em-pernambuco-psol-disputara-eleicoes-majoritarias-com-chapa-feminista\/\",\"name\":\"Em Pernambuco, PSOL disputar\u00e1 elei\u00e7\u00f5es majorit\u00e1rias com chapa feminista - PSOL 50\",\"isPartOf\":{\"@id\":\"https:\/\/psol50.org.br\/#website\"},\"primaryImageOfPage\":{\"@id\":\"https:\/\/psol50.org.br\/em-pernambuco-psol-disputara-eleicoes-majoritarias-com-chapa-feminista\/#primaryimage\"},\"image\":{\"@id\":\"https:\/\/psol50.org.br\/em-pernambuco-psol-disputara-eleicoes-majoritarias-com-chapa-feminista\/#primaryimage\"},\"thumbnailUrl\":\"https:\/\/psol50.org.br\/inc\/uploads\/2018\/04\/Chapa_Feminista_PE.jpg\",\"datePublished\":\"2018-04-19T14:32:49+00:00\",\"breadcrumb\":{\"@id\":\"https:\/\/psol50.org.br\/em-pernambuco-psol-disputara-eleicoes-majoritarias-com-chapa-feminista\/#breadcrumb\"},\"inLanguage\":\"pt-BR\",\"potentialAction\":[{\"@type\":\"ReadAction\",\"target\":[\"https:\/\/psol50.org.br\/em-pernambuco-psol-disputara-eleicoes-majoritarias-com-chapa-feminista\/\"]}]},{\"@type\":\"ImageObject\",\"inLanguage\":\"pt-BR\",\"@id\":\"https:\/\/psol50.org.br\/em-pernambuco-psol-disputara-eleicoes-majoritarias-com-chapa-feminista\/#primaryimage\",\"url\":\"https:\/\/psol50.org.br\/inc\/uploads\/2018\/04\/Chapa_Feminista_PE.jpg\",\"contentUrl\":\"https:\/\/psol50.org.br\/inc\/uploads\/2018\/04\/Chapa_Feminista_PE.jpg\",\"width\":1350,\"height\":899},{\"@type\":\"BreadcrumbList\",\"@id\":\"https:\/\/psol50.org.br\/em-pernambuco-psol-disputara-eleicoes-majoritarias-com-chapa-feminista\/#breadcrumb\",\"itemListElement\":[{\"@type\":\"ListItem\",\"position\":1,\"name\":\"In\u00edcio\",\"item\":\"https:\/\/psol50.org.br\/\"},{\"@type\":\"ListItem\",\"position\":2,\"name\":\"Em Pernambuco, PSOL disputar\u00e1 elei\u00e7\u00f5es majorit\u00e1rias com chapa feminista\"}]},{\"@type\":\"WebSite\",\"@id\":\"https:\/\/psol50.org.br\/#website\",\"url\":\"https:\/\/psol50.org.br\/\",\"name\":\"PSOL 50\",\"description\":\"Site oficial do Partido Socialismo e Liberdade\",\"publisher\":{\"@id\":\"https:\/\/psol50.org.br\/#organization\"},\"alternateName\":\"PSOL50\",\"potentialAction\":[{\"@type\":\"SearchAction\",\"target\":{\"@type\":\"EntryPoint\",\"urlTemplate\":\"https:\/\/psol50.org.br\/?s={search_term_string}\"},\"query-input\":{\"@type\":\"PropertyValueSpecification\",\"valueRequired\":true,\"valueName\":\"search_term_string\"}}],\"inLanguage\":\"pt-BR\"},{\"@type\":\"Organization\",\"@id\":\"https:\/\/psol50.org.br\/#organization\",\"name\":\"PSOL 50\",\"alternateName\":\"PSOL 50\",\"url\":\"https:\/\/psol50.org.br\/\",\"logo\":{\"@type\":\"ImageObject\",\"inLanguage\":\"pt-BR\",\"@id\":\"https:\/\/psol50.org.br\/#\/schema\/logo\/image\/\",\"url\":\"https:\/\/psol50.org.br\/inc\/uploads\/2018\/07\/capa.png\",\"contentUrl\":\"https:\/\/psol50.org.br\/inc\/uploads\/2018\/07\/capa.png\",\"width\":1350,\"height\":900,\"caption\":\"PSOL 50\"},\"image\":{\"@id\":\"https:\/\/psol50.org.br\/#\/schema\/logo\/image\/\"},\"sameAs\":[\"https:\/\/www.facebook.com\/psol50\",\"https:\/\/x.com\/psol50\",\"https:\/\/www.instagram.com\/psol50\/\",\"https:\/\/www.youtube.com\/channel\/UC7SnJS5o1os7a6CaiNabzcg\"]},{\"@type\":\"Person\",\"@id\":\"https:\/\/psol50.org.br\/#\/schema\/person\/475dfa57d0b815993c714c2e96491fcd\",\"name\":\"Comunica\u00e7\u00e3o PSOL\",\"image\":{\"@type\":\"ImageObject\",\"inLanguage\":\"pt-BR\",\"@id\":\"https:\/\/psol50.org.br\/#\/schema\/person\/image\/\",\"url\":\"https:\/\/secure.gravatar.com\/avatar\/b34fc4f4e468a4e51785917065a3db57b841f5c95dba6ad8c73aaf8f66f8f9bf?s=96&d=mm&r=g\",\"contentUrl\":\"https:\/\/secure.gravatar.com\/avatar\/b34fc4f4e468a4e51785917065a3db57b841f5c95dba6ad8c73aaf8f66f8f9bf?s=96&d=mm&r=g\",\"caption\":\"Comunica\u00e7\u00e3o PSOL\"}}]}<\/script>\n<!-- \/ Yoast SEO plugin. -->","yoast_head_json":{"title":"Em Pernambuco, PSOL disputar\u00e1 elei\u00e7\u00f5es majorit\u00e1rias com chapa feminista - PSOL 50","robots":{"index":"index","follow":"follow","max-snippet":"max-snippet:-1","max-image-preview":"max-image-preview:large","max-video-preview":"max-video-preview:-1"},"canonical":"https:\/\/psol50.org.br\/em-pernambuco-psol-disputara-eleicoes-majoritarias-com-chapa-feminista\/","og_locale":"pt_BR","og_type":"article","og_title":"Em Pernambuco, PSOL disputar\u00e1 elei\u00e7\u00f5es majorit\u00e1rias com chapa feminista - PSOL 50","og_description":"Quatro mulheres feministas disputar\u00e3o o governo de Pernambuco e as duas vagas do Estado ao Senado nas elei\u00e7\u00f5es de outubro deste ano. A tarefa de encabe\u00e7ar a chapa, formada pelo PSOL em coliga\u00e7\u00e3o com o PCB, ficou com a advogada, historiadora e professora Danielle Portela, de 43 anos. A militante do PCB Gerlane Sim\u00f5es participar\u00e1 [&hellip;]","og_url":"https:\/\/psol50.org.br\/em-pernambuco-psol-disputara-eleicoes-majoritarias-com-chapa-feminista\/","og_site_name":"PSOL 50","article_publisher":"https:\/\/www.facebook.com\/psol50","article_published_time":"2018-04-19T14:32:49+00:00","og_image":[{"width":1350,"height":899,"url":"https:\/\/psol50.org.br\/inc\/uploads\/2018\/04\/Chapa_Feminista_PE.jpg","type":"image\/jpeg"}],"author":"Comunica\u00e7\u00e3o PSOL","twitter_card":"summary_large_image","twitter_creator":"@psol50","twitter_site":"@psol50","twitter_misc":{"Escrito por":"Comunica\u00e7\u00e3o PSOL","Est. tempo de leitura":"3 minutos"},"schema":{"@context":"https:\/\/schema.org","@graph":[{"@type":"Article","@id":"https:\/\/psol50.org.br\/em-pernambuco-psol-disputara-eleicoes-majoritarias-com-chapa-feminista\/#article","isPartOf":{"@id":"https:\/\/psol50.org.br\/em-pernambuco-psol-disputara-eleicoes-majoritarias-com-chapa-feminista\/"},"author":{"name":"Comunica\u00e7\u00e3o PSOL","@id":"https:\/\/psol50.org.br\/#\/schema\/person\/475dfa57d0b815993c714c2e96491fcd"},"headline":"Em Pernambuco, PSOL disputar\u00e1 elei\u00e7\u00f5es majorit\u00e1rias com chapa feminista","datePublished":"2018-04-19T14:32:49+00:00","mainEntityOfPage":{"@id":"https:\/\/psol50.org.br\/em-pernambuco-psol-disputara-eleicoes-majoritarias-com-chapa-feminista\/"},"wordCount":600,"commentCount":0,"publisher":{"@id":"https:\/\/psol50.org.br\/#organization"},"image":{"@id":"https:\/\/psol50.org.br\/em-pernambuco-psol-disputara-eleicoes-majoritarias-com-chapa-feminista\/#primaryimage"},"thumbnailUrl":"https:\/\/psol50.org.br\/inc\/uploads\/2018\/04\/Chapa_Feminista_PE.jpg","keywords":["Albanise Pires","chapa feminista","Danielle Portela","Eug\u00eania Lima","Gerlane Sim\u00f5es","governo estadual","PCB","Pernambuco","pr\u00e9-candidata","PSOL","Senado Federal"],"articleSection":["Elei\u00e7\u00f5es 2018","Estados","Not\u00edcias"],"inLanguage":"pt-BR","potentialAction":[{"@type":"CommentAction","name":"Comment","target":["https:\/\/psol50.org.br\/em-pernambuco-psol-disputara-eleicoes-majoritarias-com-chapa-feminista\/#respond"]}]},{"@type":"WebPage","@id":"https:\/\/psol50.org.br\/em-pernambuco-psol-disputara-eleicoes-majoritarias-com-chapa-feminista\/","url":"https:\/\/psol50.org.br\/em-pernambuco-psol-disputara-eleicoes-majoritarias-com-chapa-feminista\/","name":"Em Pernambuco, PSOL disputar\u00e1 elei\u00e7\u00f5es majorit\u00e1rias com chapa feminista - PSOL 50","isPartOf":{"@id":"https:\/\/psol50.org.br\/#website"},"primaryImageOfPage":{"@id":"https:\/\/psol50.org.br\/em-pernambuco-psol-disputara-eleicoes-majoritarias-com-chapa-feminista\/#primaryimage"},"image":{"@id":"https:\/\/psol50.org.br\/em-pernambuco-psol-disputara-eleicoes-majoritarias-com-chapa-feminista\/#primaryimage"},"thumbnailUrl":"https:\/\/psol50.org.br\/inc\/uploads\/2018\/04\/Chapa_Feminista_PE.jpg","datePublished":"2018-04-19T14:32:49+00:00","breadcrumb":{"@id":"https:\/\/psol50.org.br\/em-pernambuco-psol-disputara-eleicoes-majoritarias-com-chapa-feminista\/#breadcrumb"},"inLanguage":"pt-BR","potentialAction":[{"@type":"ReadAction","target":["https:\/\/psol50.org.br\/em-pernambuco-psol-disputara-eleicoes-majoritarias-com-chapa-feminista\/"]}]},{"@type":"ImageObject","inLanguage":"pt-BR","@id":"https:\/\/psol50.org.br\/em-pernambuco-psol-disputara-eleicoes-majoritarias-com-chapa-feminista\/#primaryimage","url":"https:\/\/psol50.org.br\/inc\/uploads\/2018\/04\/Chapa_Feminista_PE.jpg","contentUrl":"https:\/\/psol50.org.br\/inc\/uploads\/2018\/04\/Chapa_Feminista_PE.jpg","width":1350,"height":899},{"@type":"BreadcrumbList","@id":"https:\/\/psol50.org.br\/em-pernambuco-psol-disputara-eleicoes-majoritarias-com-chapa-feminista\/#breadcrumb","itemListElement":[{"@type":"ListItem","position":1,"name":"In\u00edcio","item":"https:\/\/psol50.org.br\/"},{"@type":"ListItem","position":2,"name":"Em Pernambuco, PSOL disputar\u00e1 elei\u00e7\u00f5es majorit\u00e1rias com chapa feminista"}]},{"@type":"WebSite","@id":"https:\/\/psol50.org.br\/#website","url":"https:\/\/psol50.org.br\/","name":"PSOL 50","description":"Site oficial do Partido Socialismo e Liberdade","publisher":{"@id":"https:\/\/psol50.org.br\/#organization"},"alternateName":"PSOL50","potentialAction":[{"@type":"SearchAction","target":{"@type":"EntryPoint","urlTemplate":"https:\/\/psol50.org.br\/?s={search_term_string}"},"query-input":{"@type":"PropertyValueSpecification","valueRequired":true,"valueName":"search_term_string"}}],"inLanguage":"pt-BR"},{"@type":"Organization","@id":"https:\/\/psol50.org.br\/#organization","name":"PSOL 50","alternateName":"PSOL 50","url":"https:\/\/psol50.org.br\/","logo":{"@type":"ImageObject","inLanguage":"pt-BR","@id":"https:\/\/psol50.org.br\/#\/schema\/logo\/image\/","url":"https:\/\/psol50.org.br\/inc\/uploads\/2018\/07\/capa.png","contentUrl":"https:\/\/psol50.org.br\/inc\/uploads\/2018\/07\/capa.png","width":1350,"height":900,"caption":"PSOL 50"},"image":{"@id":"https:\/\/psol50.org.br\/#\/schema\/logo\/image\/"},"sameAs":["https:\/\/www.facebook.com\/psol50","https:\/\/x.com\/psol50","https:\/\/www.instagram.com\/psol50\/","https:\/\/www.youtube.com\/channel\/UC7SnJS5o1os7a6CaiNabzcg"]},{"@type":"Person","@id":"https:\/\/psol50.org.br\/#\/schema\/person\/475dfa57d0b815993c714c2e96491fcd","name":"Comunica\u00e7\u00e3o PSOL","image":{"@type":"ImageObject","inLanguage":"pt-BR","@id":"https:\/\/psol50.org.br\/#\/schema\/person\/image\/","url":"https:\/\/secure.gravatar.com\/avatar\/b34fc4f4e468a4e51785917065a3db57b841f5c95dba6ad8c73aaf8f66f8f9bf?s=96&d=mm&r=g","contentUrl":"https:\/\/secure.gravatar.com\/avatar\/b34fc4f4e468a4e51785917065a3db57b841f5c95dba6ad8c73aaf8f66f8f9bf?s=96&d=mm&r=g","caption":"Comunica\u00e7\u00e3o PSOL"}}]}},"_links":{"self":[{"href":"https:\/\/psol50.org.br\/rest\/wp\/v2\/posts\/20581","targetHints":{"allow":["GET"]}}],"collection":[{"href":"https:\/\/psol50.org.br\/rest\/wp\/v2\/posts"}],"about":[{"href":"https:\/\/psol50.org.br\/rest\/wp\/v2\/types\/post"}],"author":[{"embeddable":true,"href":"https:\/\/psol50.org.br\/rest\/wp\/v2\/users\/2"}],"replies":[{"embeddable":true,"href":"https:\/\/psol50.org.br\/rest\/wp\/v2\/comments?post=20581"}],"version-history":[{"count":0,"href":"https:\/\/psol50.org.br\/rest\/wp\/v2\/posts\/20581\/revisions"}],"wp:featuredmedia":[{"embeddable":true,"href":"https:\/\/psol50.org.br\/rest\/wp\/v2\/media\/20598"}],"wp:attachment":[{"href":"https:\/\/psol50.org.br\/rest\/wp\/v2\/media?parent=20581"}],"wp:term":[{"taxonomy":"category","embeddable":true,"href":"https:\/\/psol50.org.br\/rest\/wp\/v2\/categories?post=20581"},{"taxonomy":"post_tag","embeddable":true,"href":"https:\/\/psol50.org.br\/rest\/wp\/v2\/tags?post=20581"}],"curies":[{"name":"wp","href":"https:\/\/api.w.org\/{rel}","templated":true}]}}