{"id":20589,"date":"2018-04-18T15:51:58","date_gmt":"2018-04-18T18:51:58","guid":{"rendered":"http:\/\/www.psol50.org.br\/?p=20589"},"modified":"2018-04-18T15:51:58","modified_gmt":"2018-04-18T18:51:58","slug":"psol-vai-pedir-suspensao-de-portaria-de-temer-que-remaneja-r208-milhoes-para-publicidade","status":"publish","type":"post","link":"https:\/\/psol50.org.br\/psol-vai-pedir-suspensao-de-portaria-de-temer-que-remaneja-r208-milhoes-para-publicidade\/","title":{"rendered":"PSOL vai pedir suspens\u00e3o de portaria de Temer que remaneja R$208 milh\u00f5es para publicidade"},"content":{"rendered":"<p>A bancada do PSOL na C\u00e2mara dos Deputados anunciou que vai pedir suspens\u00e3o de portaria que remaneja R$208,9 milh\u00f5es para a publicidade e propaganda do governo Temer. O texto retira os recursos de setores como da sa\u00fade, transportes, de pol\u00edticas para mulheres e reforma agr\u00e1ria, entre outros.<\/p>\n<p>A portaria, de n\u00famero 75, \u00e9 referente a uma campanha publicit\u00e1ria que deve ser feita a partir de maio pelo governo. O PSOL anunciou a medida em coletiva na C\u00e2mara dos Deputados, realizada nesta ter\u00e7a-feira (17). Os grandes meios de comunica\u00e7\u00e3o, maiores beneficiados pela medida, preferiram n\u00e3o cobrir a den\u00fancia feita pelo partido.<\/p>\n<p>O PSOL vai protocolar, na Justi\u00e7a Federal, uma A\u00e7\u00e3o Popular com pedido de liminar para sustar a Portaria 75. Al\u00e9m disso, o partido entrar\u00e1 com representa\u00e7\u00e3o contra o ministro do Planejamento, Esteves Colnago Jr., na Procuradoria Geral da Rep\u00fablica e no Tribunal de Contas da Uni\u00e3o. A bancada tamb\u00e9m avalia apresentar requerimento de convoca\u00e7\u00e3o do ministro na Comiss\u00e3o de Fiscaliza\u00e7\u00e3o e Controle da C\u00e2mara dos Deputados.<\/p>\n<p>A Portaria 75 foi publicada pelo Minist\u00e9rio do Planejamento no dia 10 de abril, trata da abertura de cr\u00e9ditos suplementares e autoriza o remanejamento de R$ 260 milh\u00f5es do Or\u00e7amento Federal. Deste total, R$ 203 milh\u00f5es ser\u00e3o destinados para a Comunica\u00e7\u00e3o Institucional e R$ 5,9 milh\u00f5es para a Publicidade de Utilidade P\u00fablica da Presid\u00eancia da Rep\u00fablica \u2013 um total de R$ 208,9 milh\u00f5es.<\/p>\n<p>Os recursos ser\u00e3o retirados de v\u00e1rios setores, entre eles o da sa\u00fade. O montante de R$ 30 milh\u00f5es seria destinado ao fortalecimento do Sistema \u00danico de Sa\u00fade \u2013 SUS. Outros R$ 55 milh\u00f5es, ao Instituto de Coloniza\u00e7\u00e3o e Reforma Agr\u00e1ria \u2013 Incra (organiza\u00e7\u00e3o da estrutura fundi\u00e1ria, cria\u00e7\u00e3o de assentamentos e educa\u00e7\u00e3o no campo), e R$ 21,7 milh\u00f5es, \u00e0 Secretaria Nacional de Pol\u00edticas para as Mulheres (promo\u00e7\u00e3o da igualdade e combate \u00e0 viol\u00eancia). O maior valor \u00e9 retirado do Minist\u00e9rio dos Transportes, R$ 137,7 milh\u00f5es, defasando programas de transporte aquavi\u00e1rio e terrestre e da avia\u00e7\u00e3o civil.<\/p>\n","protected":false},"excerpt":{"rendered":"<p>A bancada do PSOL na C\u00e2mara dos Deputados anunciou que vai pedir suspens\u00e3o de portaria que remaneja R$208,9 milh\u00f5es para a publicidade e propaganda do governo Temer. O texto retira os recursos de setores como da sa\u00fade, transportes, de pol\u00edticas para mulheres e reforma agr\u00e1ria, entre outros. A portaria, de n\u00famero 75, \u00e9 referente a [&hellip;]<\/p>\n","protected":false},"author":2,"featured_media":20591,"comment_status":"open","ping_status":"open","sticky":false,"template":"","format":"standard","meta":{"_acf_changed":false,"footnotes":""},"categories":[10,1882,6,14],"tags":[79,2169,1748,417,2448],"class_list":{"0":"post-20589","1":"post","2":"type-post","3":"status-publish","4":"format-standard","5":"has-post-thumbnail","7":"category-acao-parlamentares","8":"category-brasil","9":"category-noticias","10":"category-partido","11":"tag-denuncia","12":"tag-fora-temer","13":"tag-michel-temer","14":"tag-psol-na-camara","15":"tag-publicidade"},"acf":[],"yoast_head":"<!-- This site is optimized with the Yoast SEO plugin v26.5 - https:\/\/yoast.com\/wordpress\/plugins\/seo\/ -->\n<title>PSOL vai pedir suspens\u00e3o de portaria de Temer que remaneja R$208 milh\u00f5es para publicidade - PSOL 50<\/title>\n<meta name=\"robots\" content=\"index, follow, max-snippet:-1, max-image-preview:large, max-video-preview:-1\" \/>\n<link rel=\"canonical\" href=\"https:\/\/psol50.org.br\/psol-vai-pedir-suspensao-de-portaria-de-temer-que-remaneja-r208-milhoes-para-publicidade\/\" \/>\n<meta property=\"og:locale\" content=\"pt_BR\" \/>\n<meta property=\"og:type\" content=\"article\" \/>\n<meta property=\"og:title\" content=\"PSOL vai pedir suspens\u00e3o de portaria de Temer que remaneja R$208 milh\u00f5es para publicidade - PSOL 50\" \/>\n<meta property=\"og:description\" content=\"A bancada do PSOL na C\u00e2mara dos Deputados anunciou que vai pedir suspens\u00e3o de portaria que remaneja R$208,9 milh\u00f5es para a publicidade e propaganda do governo Temer. O texto retira os recursos de setores como da sa\u00fade, transportes, de pol\u00edticas para mulheres e reforma agr\u00e1ria, entre outros. A portaria, de n\u00famero 75, \u00e9 referente a [&hellip;]\" \/>\n<meta property=\"og:url\" content=\"https:\/\/psol50.org.br\/psol-vai-pedir-suspensao-de-portaria-de-temer-que-remaneja-r208-milhoes-para-publicidade\/\" \/>\n<meta property=\"og:site_name\" content=\"PSOL 50\" \/>\n<meta property=\"article:publisher\" content=\"https:\/\/www.facebook.com\/psol50\" \/>\n<meta property=\"article:published_time\" content=\"2018-04-18T18:51:58+00:00\" \/>\n<meta property=\"og:image\" content=\"https:\/\/psol50.org.br\/inc\/uploads\/2018\/04\/BancadaPSOL.Lideranca.jpg\" \/>\n\t<meta property=\"og:image:width\" content=\"1350\" \/>\n\t<meta property=\"og:image:height\" content=\"900\" \/>\n\t<meta property=\"og:image:type\" content=\"image\/jpeg\" \/>\n<meta name=\"author\" content=\"Comunica\u00e7\u00e3o PSOL\" \/>\n<meta name=\"twitter:card\" content=\"summary_large_image\" \/>\n<meta name=\"twitter:creator\" content=\"@psol50\" \/>\n<meta name=\"twitter:site\" content=\"@psol50\" \/>\n<meta name=\"twitter:label1\" content=\"Escrito por\" \/>\n\t<meta name=\"twitter:data1\" content=\"Comunica\u00e7\u00e3o PSOL\" \/>\n\t<meta name=\"twitter:label2\" content=\"Est. tempo de leitura\" \/>\n\t<meta name=\"twitter:data2\" content=\"2 minutos\" \/>\n<script type=\"application\/ld+json\" class=\"yoast-schema-graph\">{\"@context\":\"https:\/\/schema.org\",\"@graph\":[{\"@type\":\"Article\",\"@id\":\"https:\/\/psol50.org.br\/psol-vai-pedir-suspensao-de-portaria-de-temer-que-remaneja-r208-milhoes-para-publicidade\/#article\",\"isPartOf\":{\"@id\":\"https:\/\/psol50.org.br\/psol-vai-pedir-suspensao-de-portaria-de-temer-que-remaneja-r208-milhoes-para-publicidade\/\"},\"author\":{\"name\":\"Comunica\u00e7\u00e3o PSOL\",\"@id\":\"https:\/\/psol50.org.br\/#\/schema\/person\/475dfa57d0b815993c714c2e96491fcd\"},\"headline\":\"PSOL vai pedir suspens\u00e3o de portaria de Temer que remaneja R$208 milh\u00f5es para publicidade\",\"datePublished\":\"2018-04-18T18:51:58+00:00\",\"mainEntityOfPage\":{\"@id\":\"https:\/\/psol50.org.br\/psol-vai-pedir-suspensao-de-portaria-de-temer-que-remaneja-r208-milhoes-para-publicidade\/\"},\"wordCount\":376,\"commentCount\":0,\"publisher\":{\"@id\":\"https:\/\/psol50.org.br\/#organization\"},\"image\":{\"@id\":\"https:\/\/psol50.org.br\/psol-vai-pedir-suspensao-de-portaria-de-temer-que-remaneja-r208-milhoes-para-publicidade\/#primaryimage\"},\"thumbnailUrl\":\"https:\/\/psol50.org.br\/inc\/uploads\/2018\/04\/BancadaPSOL.Lideranca.jpg\",\"keywords\":[\"den\u00fancia\",\"Fora Temer\",\"Michel Temer\",\"PSOL na C\u00e2mara\",\"Publicidade\"],\"articleSection\":[\"A\u00e7\u00e3o Parlamentar\",\"Brasil\",\"Not\u00edcias\",\"Partido\"],\"inLanguage\":\"pt-BR\",\"potentialAction\":[{\"@type\":\"CommentAction\",\"name\":\"Comment\",\"target\":[\"https:\/\/psol50.org.br\/psol-vai-pedir-suspensao-de-portaria-de-temer-que-remaneja-r208-milhoes-para-publicidade\/#respond\"]}]},{\"@type\":\"WebPage\",\"@id\":\"https:\/\/psol50.org.br\/psol-vai-pedir-suspensao-de-portaria-de-temer-que-remaneja-r208-milhoes-para-publicidade\/\",\"url\":\"https:\/\/psol50.org.br\/psol-vai-pedir-suspensao-de-portaria-de-temer-que-remaneja-r208-milhoes-para-publicidade\/\",\"name\":\"PSOL vai pedir suspens\u00e3o de portaria de Temer que remaneja R$208 milh\u00f5es para publicidade - PSOL 50\",\"isPartOf\":{\"@id\":\"https:\/\/psol50.org.br\/#website\"},\"primaryImageOfPage\":{\"@id\":\"https:\/\/psol50.org.br\/psol-vai-pedir-suspensao-de-portaria-de-temer-que-remaneja-r208-milhoes-para-publicidade\/#primaryimage\"},\"image\":{\"@id\":\"https:\/\/psol50.org.br\/psol-vai-pedir-suspensao-de-portaria-de-temer-que-remaneja-r208-milhoes-para-publicidade\/#primaryimage\"},\"thumbnailUrl\":\"https:\/\/psol50.org.br\/inc\/uploads\/2018\/04\/BancadaPSOL.Lideranca.jpg\",\"datePublished\":\"2018-04-18T18:51:58+00:00\",\"breadcrumb\":{\"@id\":\"https:\/\/psol50.org.br\/psol-vai-pedir-suspensao-de-portaria-de-temer-que-remaneja-r208-milhoes-para-publicidade\/#breadcrumb\"},\"inLanguage\":\"pt-BR\",\"potentialAction\":[{\"@type\":\"ReadAction\",\"target\":[\"https:\/\/psol50.org.br\/psol-vai-pedir-suspensao-de-portaria-de-temer-que-remaneja-r208-milhoes-para-publicidade\/\"]}]},{\"@type\":\"ImageObject\",\"inLanguage\":\"pt-BR\",\"@id\":\"https:\/\/psol50.org.br\/psol-vai-pedir-suspensao-de-portaria-de-temer-que-remaneja-r208-milhoes-para-publicidade\/#primaryimage\",\"url\":\"https:\/\/psol50.org.br\/inc\/uploads\/2018\/04\/BancadaPSOL.Lideranca.jpg\",\"contentUrl\":\"https:\/\/psol50.org.br\/inc\/uploads\/2018\/04\/BancadaPSOL.Lideranca.jpg\",\"width\":1350,\"height\":900},{\"@type\":\"BreadcrumbList\",\"@id\":\"https:\/\/psol50.org.br\/psol-vai-pedir-suspensao-de-portaria-de-temer-que-remaneja-r208-milhoes-para-publicidade\/#breadcrumb\",\"itemListElement\":[{\"@type\":\"ListItem\",\"position\":1,\"name\":\"In\u00edcio\",\"item\":\"https:\/\/psol50.org.br\/\"},{\"@type\":\"ListItem\",\"position\":2,\"name\":\"PSOL vai pedir suspens\u00e3o de portaria de Temer que remaneja R$208 milh\u00f5es para publicidade\"}]},{\"@type\":\"WebSite\",\"@id\":\"https:\/\/psol50.org.br\/#website\",\"url\":\"https:\/\/psol50.org.br\/\",\"name\":\"PSOL 50\",\"description\":\"Site oficial do Partido Socialismo e Liberdade\",\"publisher\":{\"@id\":\"https:\/\/psol50.org.br\/#organization\"},\"alternateName\":\"PSOL50\",\"potentialAction\":[{\"@type\":\"SearchAction\",\"target\":{\"@type\":\"EntryPoint\",\"urlTemplate\":\"https:\/\/psol50.org.br\/?s={search_term_string}\"},\"query-input\":{\"@type\":\"PropertyValueSpecification\",\"valueRequired\":true,\"valueName\":\"search_term_string\"}}],\"inLanguage\":\"pt-BR\"},{\"@type\":\"Organization\",\"@id\":\"https:\/\/psol50.org.br\/#organization\",\"name\":\"PSOL 50\",\"alternateName\":\"PSOL 50\",\"url\":\"https:\/\/psol50.org.br\/\",\"logo\":{\"@type\":\"ImageObject\",\"inLanguage\":\"pt-BR\",\"@id\":\"https:\/\/psol50.org.br\/#\/schema\/logo\/image\/\",\"url\":\"https:\/\/psol50.org.br\/inc\/uploads\/2018\/07\/capa.png\",\"contentUrl\":\"https:\/\/psol50.org.br\/inc\/uploads\/2018\/07\/capa.png\",\"width\":1350,\"height\":900,\"caption\":\"PSOL 50\"},\"image\":{\"@id\":\"https:\/\/psol50.org.br\/#\/schema\/logo\/image\/\"},\"sameAs\":[\"https:\/\/www.facebook.com\/psol50\",\"https:\/\/x.com\/psol50\",\"https:\/\/www.instagram.com\/psol50\/\",\"https:\/\/www.youtube.com\/channel\/UC7SnJS5o1os7a6CaiNabzcg\"]},{\"@type\":\"Person\",\"@id\":\"https:\/\/psol50.org.br\/#\/schema\/person\/475dfa57d0b815993c714c2e96491fcd\",\"name\":\"Comunica\u00e7\u00e3o PSOL\",\"image\":{\"@type\":\"ImageObject\",\"inLanguage\":\"pt-BR\",\"@id\":\"https:\/\/psol50.org.br\/#\/schema\/person\/image\/\",\"url\":\"https:\/\/secure.gravatar.com\/avatar\/b34fc4f4e468a4e51785917065a3db57b841f5c95dba6ad8c73aaf8f66f8f9bf?s=96&d=mm&r=g\",\"contentUrl\":\"https:\/\/secure.gravatar.com\/avatar\/b34fc4f4e468a4e51785917065a3db57b841f5c95dba6ad8c73aaf8f66f8f9bf?s=96&d=mm&r=g\",\"caption\":\"Comunica\u00e7\u00e3o PSOL\"}}]}<\/script>\n<!-- \/ Yoast SEO plugin. -->","yoast_head_json":{"title":"PSOL vai pedir suspens\u00e3o de portaria de Temer que remaneja R$208 milh\u00f5es para publicidade - PSOL 50","robots":{"index":"index","follow":"follow","max-snippet":"max-snippet:-1","max-image-preview":"max-image-preview:large","max-video-preview":"max-video-preview:-1"},"canonical":"https:\/\/psol50.org.br\/psol-vai-pedir-suspensao-de-portaria-de-temer-que-remaneja-r208-milhoes-para-publicidade\/","og_locale":"pt_BR","og_type":"article","og_title":"PSOL vai pedir suspens\u00e3o de portaria de Temer que remaneja R$208 milh\u00f5es para publicidade - PSOL 50","og_description":"A bancada do PSOL na C\u00e2mara dos Deputados anunciou que vai pedir suspens\u00e3o de portaria que remaneja R$208,9 milh\u00f5es para a publicidade e propaganda do governo Temer. O texto retira os recursos de setores como da sa\u00fade, transportes, de pol\u00edticas para mulheres e reforma agr\u00e1ria, entre outros. A portaria, de n\u00famero 75, \u00e9 referente a [&hellip;]","og_url":"https:\/\/psol50.org.br\/psol-vai-pedir-suspensao-de-portaria-de-temer-que-remaneja-r208-milhoes-para-publicidade\/","og_site_name":"PSOL 50","article_publisher":"https:\/\/www.facebook.com\/psol50","article_published_time":"2018-04-18T18:51:58+00:00","og_image":[{"width":1350,"height":900,"url":"https:\/\/psol50.org.br\/inc\/uploads\/2018\/04\/BancadaPSOL.Lideranca.jpg","type":"image\/jpeg"}],"author":"Comunica\u00e7\u00e3o PSOL","twitter_card":"summary_large_image","twitter_creator":"@psol50","twitter_site":"@psol50","twitter_misc":{"Escrito por":"Comunica\u00e7\u00e3o PSOL","Est. tempo de leitura":"2 minutos"},"schema":{"@context":"https:\/\/schema.org","@graph":[{"@type":"Article","@id":"https:\/\/psol50.org.br\/psol-vai-pedir-suspensao-de-portaria-de-temer-que-remaneja-r208-milhoes-para-publicidade\/#article","isPartOf":{"@id":"https:\/\/psol50.org.br\/psol-vai-pedir-suspensao-de-portaria-de-temer-que-remaneja-r208-milhoes-para-publicidade\/"},"author":{"name":"Comunica\u00e7\u00e3o PSOL","@id":"https:\/\/psol50.org.br\/#\/schema\/person\/475dfa57d0b815993c714c2e96491fcd"},"headline":"PSOL vai pedir suspens\u00e3o de portaria de Temer que remaneja R$208 milh\u00f5es para publicidade","datePublished":"2018-04-18T18:51:58+00:00","mainEntityOfPage":{"@id":"https:\/\/psol50.org.br\/psol-vai-pedir-suspensao-de-portaria-de-temer-que-remaneja-r208-milhoes-para-publicidade\/"},"wordCount":376,"commentCount":0,"publisher":{"@id":"https:\/\/psol50.org.br\/#organization"},"image":{"@id":"https:\/\/psol50.org.br\/psol-vai-pedir-suspensao-de-portaria-de-temer-que-remaneja-r208-milhoes-para-publicidade\/#primaryimage"},"thumbnailUrl":"https:\/\/psol50.org.br\/inc\/uploads\/2018\/04\/BancadaPSOL.Lideranca.jpg","keywords":["den\u00fancia","Fora Temer","Michel Temer","PSOL na C\u00e2mara","Publicidade"],"articleSection":["A\u00e7\u00e3o Parlamentar","Brasil","Not\u00edcias","Partido"],"inLanguage":"pt-BR","potentialAction":[{"@type":"CommentAction","name":"Comment","target":["https:\/\/psol50.org.br\/psol-vai-pedir-suspensao-de-portaria-de-temer-que-remaneja-r208-milhoes-para-publicidade\/#respond"]}]},{"@type":"WebPage","@id":"https:\/\/psol50.org.br\/psol-vai-pedir-suspensao-de-portaria-de-temer-que-remaneja-r208-milhoes-para-publicidade\/","url":"https:\/\/psol50.org.br\/psol-vai-pedir-suspensao-de-portaria-de-temer-que-remaneja-r208-milhoes-para-publicidade\/","name":"PSOL vai pedir suspens\u00e3o de portaria de Temer que remaneja R$208 milh\u00f5es para publicidade - PSOL 50","isPartOf":{"@id":"https:\/\/psol50.org.br\/#website"},"primaryImageOfPage":{"@id":"https:\/\/psol50.org.br\/psol-vai-pedir-suspensao-de-portaria-de-temer-que-remaneja-r208-milhoes-para-publicidade\/#primaryimage"},"image":{"@id":"https:\/\/psol50.org.br\/psol-vai-pedir-suspensao-de-portaria-de-temer-que-remaneja-r208-milhoes-para-publicidade\/#primaryimage"},"thumbnailUrl":"https:\/\/psol50.org.br\/inc\/uploads\/2018\/04\/BancadaPSOL.Lideranca.jpg","datePublished":"2018-04-18T18:51:58+00:00","breadcrumb":{"@id":"https:\/\/psol50.org.br\/psol-vai-pedir-suspensao-de-portaria-de-temer-que-remaneja-r208-milhoes-para-publicidade\/#breadcrumb"},"inLanguage":"pt-BR","potentialAction":[{"@type":"ReadAction","target":["https:\/\/psol50.org.br\/psol-vai-pedir-suspensao-de-portaria-de-temer-que-remaneja-r208-milhoes-para-publicidade\/"]}]},{"@type":"ImageObject","inLanguage":"pt-BR","@id":"https:\/\/psol50.org.br\/psol-vai-pedir-suspensao-de-portaria-de-temer-que-remaneja-r208-milhoes-para-publicidade\/#primaryimage","url":"https:\/\/psol50.org.br\/inc\/uploads\/2018\/04\/BancadaPSOL.Lideranca.jpg","contentUrl":"https:\/\/psol50.org.br\/inc\/uploads\/2018\/04\/BancadaPSOL.Lideranca.jpg","width":1350,"height":900},{"@type":"BreadcrumbList","@id":"https:\/\/psol50.org.br\/psol-vai-pedir-suspensao-de-portaria-de-temer-que-remaneja-r208-milhoes-para-publicidade\/#breadcrumb","itemListElement":[{"@type":"ListItem","position":1,"name":"In\u00edcio","item":"https:\/\/psol50.org.br\/"},{"@type":"ListItem","position":2,"name":"PSOL vai pedir suspens\u00e3o de portaria de Temer que remaneja R$208 milh\u00f5es para publicidade"}]},{"@type":"WebSite","@id":"https:\/\/psol50.org.br\/#website","url":"https:\/\/psol50.org.br\/","name":"PSOL 50","description":"Site oficial do Partido Socialismo e Liberdade","publisher":{"@id":"https:\/\/psol50.org.br\/#organization"},"alternateName":"PSOL50","potentialAction":[{"@type":"SearchAction","target":{"@type":"EntryPoint","urlTemplate":"https:\/\/psol50.org.br\/?s={search_term_string}"},"query-input":{"@type":"PropertyValueSpecification","valueRequired":true,"valueName":"search_term_string"}}],"inLanguage":"pt-BR"},{"@type":"Organization","@id":"https:\/\/psol50.org.br\/#organization","name":"PSOL 50","alternateName":"PSOL 50","url":"https:\/\/psol50.org.br\/","logo":{"@type":"ImageObject","inLanguage":"pt-BR","@id":"https:\/\/psol50.org.br\/#\/schema\/logo\/image\/","url":"https:\/\/psol50.org.br\/inc\/uploads\/2018\/07\/capa.png","contentUrl":"https:\/\/psol50.org.br\/inc\/uploads\/2018\/07\/capa.png","width":1350,"height":900,"caption":"PSOL 50"},"image":{"@id":"https:\/\/psol50.org.br\/#\/schema\/logo\/image\/"},"sameAs":["https:\/\/www.facebook.com\/psol50","https:\/\/x.com\/psol50","https:\/\/www.instagram.com\/psol50\/","https:\/\/www.youtube.com\/channel\/UC7SnJS5o1os7a6CaiNabzcg"]},{"@type":"Person","@id":"https:\/\/psol50.org.br\/#\/schema\/person\/475dfa57d0b815993c714c2e96491fcd","name":"Comunica\u00e7\u00e3o PSOL","image":{"@type":"ImageObject","inLanguage":"pt-BR","@id":"https:\/\/psol50.org.br\/#\/schema\/person\/image\/","url":"https:\/\/secure.gravatar.com\/avatar\/b34fc4f4e468a4e51785917065a3db57b841f5c95dba6ad8c73aaf8f66f8f9bf?s=96&d=mm&r=g","contentUrl":"https:\/\/secure.gravatar.com\/avatar\/b34fc4f4e468a4e51785917065a3db57b841f5c95dba6ad8c73aaf8f66f8f9bf?s=96&d=mm&r=g","caption":"Comunica\u00e7\u00e3o PSOL"}}]}},"_links":{"self":[{"href":"https:\/\/psol50.org.br\/rest\/wp\/v2\/posts\/20589","targetHints":{"allow":["GET"]}}],"collection":[{"href":"https:\/\/psol50.org.br\/rest\/wp\/v2\/posts"}],"about":[{"href":"https:\/\/psol50.org.br\/rest\/wp\/v2\/types\/post"}],"author":[{"embeddable":true,"href":"https:\/\/psol50.org.br\/rest\/wp\/v2\/users\/2"}],"replies":[{"embeddable":true,"href":"https:\/\/psol50.org.br\/rest\/wp\/v2\/comments?post=20589"}],"version-history":[{"count":0,"href":"https:\/\/psol50.org.br\/rest\/wp\/v2\/posts\/20589\/revisions"}],"wp:featuredmedia":[{"embeddable":true,"href":"https:\/\/psol50.org.br\/rest\/wp\/v2\/media\/20591"}],"wp:attachment":[{"href":"https:\/\/psol50.org.br\/rest\/wp\/v2\/media?parent=20589"}],"wp:term":[{"taxonomy":"category","embeddable":true,"href":"https:\/\/psol50.org.br\/rest\/wp\/v2\/categories?post=20589"},{"taxonomy":"post_tag","embeddable":true,"href":"https:\/\/psol50.org.br\/rest\/wp\/v2\/tags?post=20589"}],"curies":[{"name":"wp","href":"https:\/\/api.w.org\/{rel}","templated":true}]}}