{"id":20601,"date":"2018-04-19T12:03:40","date_gmt":"2018-04-19T15:03:40","guid":{"rendered":"http:\/\/www.psol50.org.br\/?p=20601"},"modified":"2018-04-19T12:03:40","modified_gmt":"2018-04-19T15:03:40","slug":"psol-pede-na-justica-anulacao-da-nomeacao-de-moreira-franco-para-o-ministerio-de-minas-e-energia","status":"publish","type":"post","link":"https:\/\/psol50.org.br\/psol-pede-na-justica-anulacao-da-nomeacao-de-moreira-franco-para-o-ministerio-de-minas-e-energia\/","title":{"rendered":"PSOL pede, na Justi\u00e7a, anula\u00e7\u00e3o da nomea\u00e7\u00e3o de Moreira Franco para o Minist\u00e9rio de Minas e Energia"},"content":{"rendered":"<div id=\"id_5ad8a9474cf012c10285016\" class=\"text_exposed_root text_exposed\"><\/div>\n<div class=\"text_exposed_root text_exposed\">\n<p>A bancada do <a href=\"https:\/\/www.facebook.com\/psolnacamara\/\" target=\"_blank\" rel=\"noopener\"><strong><span style=\"color: #0000ff;\">PSOL na C\u00e2mara<\/span><\/strong><\/a> protocolou, na noite desta quarta-feira (18), na Justi\u00e7a Federal, em Bras\u00edlia, A\u00e7\u00e3o Popular exigindo a anula\u00e7\u00e3o da nomea\u00e7\u00e3o de Moreira Franco para o Minist\u00e9rio de Minas e Energia. Para o PSOL, a nomea\u00e7\u00e3o representa uma blindagem ao pol\u00edtico amigo de Michel Temer e citado em dela\u00e7\u00f5es da empresa JBS.<\/p>\n<p>\u201cO Minist\u00e9rio o de Minas e Energia \u00e9 um espa\u00e7o muito importante pra ser utilizado para desmontar o Estado brasileiro e para criar uma blindagem de natureza pessoal. O senhor Moreira Franco n\u00e3o pode permanecer naquele espa\u00e7o. Isto fere frontalmente ao princ\u00edpio da moralidade\u201d, afirma o deputado Glauber Braga (PSOL\/RJ).<\/p>\n<p>O fato de Moreira Franco ser investigado em inqu\u00e9ritos criminais e ter sido citado em dela\u00e7\u00f5es sob o codinome de Angor\u00e1 foi utilizado para questionar o risco do pol\u00edtico assumir uma pasta da propor\u00e7\u00e3o e import\u00e2ncia estrat\u00e9gica como o Minist\u00e9rio de Minas e Energia, respons\u00e1vel por gerir recursos do patrim\u00f4nio p\u00fablico nacional, por tomar decis\u00f5es acerca do sistema energ\u00e9tico brasileiro e por conduzir a tentativa de privatiza\u00e7\u00e3o da Eletrobras \u2013 em andamento na C\u00e2mara.<\/p>\n<p>Na A\u00e7\u00e3o Popular, o PSOL explica que a nomea\u00e7\u00e3o afronta os princ\u00edpios da moralidade da administra\u00e7\u00e3o p\u00fablica, da legalidade e da impessoalidade, provocando les\u00e3o ao patrim\u00f4nio p\u00fablico e \u00e0 ordem jur\u00eddica. Argumenta tamb\u00e9m que h\u00e1 precedentes no Poder Judici\u00e1rio sobre a aplica\u00e7\u00e3o do princ\u00edpio da moralidade administrativa, previsto no art. 37 da Constitui\u00e7\u00e3o Federal, que foi utilizado recentemente como fundamento para impedir a nomea\u00e7\u00e3o da deputada Cristiane Brasil para o cargo de ministra do Trabalho.<\/p>\n<\/div>\n<div id=\"fbPhotoSnowliftCTMButton\"><\/div>\n","protected":false},"excerpt":{"rendered":"<p>A bancada do PSOL na C\u00e2mara protocolou, na noite desta quarta-feira (18), na Justi\u00e7a Federal, em Bras\u00edlia, A\u00e7\u00e3o Popular exigindo a anula\u00e7\u00e3o da nomea\u00e7\u00e3o de Moreira Franco para o Minist\u00e9rio de Minas e Energia. Para o PSOL, a nomea\u00e7\u00e3o representa uma blindagem ao pol\u00edtico amigo de Michel Temer e citado em dela\u00e7\u00f5es da empresa JBS. [&hellip;]<\/p>\n","protected":false},"author":2,"featured_media":20602,"comment_status":"open","ping_status":"open","sticky":false,"template":"","format":"standard","meta":{"_acf_changed":false,"footnotes":""},"categories":[10,1882,6],"tags":[681,2452,900,1748,2453,2454,22],"class_list":{"0":"post-20601","1":"post","2":"type-post","3":"status-publish","4":"format-standard","5":"has-post-thumbnail","7":"category-acao-parlamentares","8":"category-brasil","9":"category-noticias","10":"tag-acao-popular","11":"tag-glaber-braga","12":"tag-justica-federal","13":"tag-michel-temer","14":"tag-ministerio-de-minas-e-energia","15":"tag-moreira-franco","16":"tag-psol"},"acf":[],"yoast_head":"<!-- This site is optimized with the Yoast SEO plugin v26.5 - https:\/\/yoast.com\/wordpress\/plugins\/seo\/ -->\n<title>PSOL pede, na Justi\u00e7a, anula\u00e7\u00e3o da nomea\u00e7\u00e3o de Moreira Franco para o Minist\u00e9rio de Minas e Energia - PSOL 50<\/title>\n<meta name=\"robots\" content=\"index, follow, max-snippet:-1, max-image-preview:large, max-video-preview:-1\" \/>\n<link rel=\"canonical\" href=\"https:\/\/psol50.org.br\/psol-pede-na-justica-anulacao-da-nomeacao-de-moreira-franco-para-o-ministerio-de-minas-e-energia\/\" \/>\n<meta property=\"og:locale\" content=\"pt_BR\" \/>\n<meta property=\"og:type\" content=\"article\" \/>\n<meta property=\"og:title\" content=\"PSOL pede, na Justi\u00e7a, anula\u00e7\u00e3o da nomea\u00e7\u00e3o de Moreira Franco para o Minist\u00e9rio de Minas e Energia - PSOL 50\" \/>\n<meta property=\"og:description\" content=\"A bancada do PSOL na C\u00e2mara protocolou, na noite desta quarta-feira (18), na Justi\u00e7a Federal, em Bras\u00edlia, A\u00e7\u00e3o Popular exigindo a anula\u00e7\u00e3o da nomea\u00e7\u00e3o de Moreira Franco para o Minist\u00e9rio de Minas e Energia. Para o PSOL, a nomea\u00e7\u00e3o representa uma blindagem ao pol\u00edtico amigo de Michel Temer e citado em dela\u00e7\u00f5es da empresa JBS. [&hellip;]\" \/>\n<meta property=\"og:url\" content=\"https:\/\/psol50.org.br\/psol-pede-na-justica-anulacao-da-nomeacao-de-moreira-franco-para-o-ministerio-de-minas-e-energia\/\" \/>\n<meta property=\"og:site_name\" content=\"PSOL 50\" \/>\n<meta property=\"article:publisher\" content=\"https:\/\/www.facebook.com\/psol50\" \/>\n<meta property=\"article:published_time\" content=\"2018-04-19T15:03:40+00:00\" \/>\n<meta property=\"og:image\" content=\"https:\/\/psol50.org.br\/inc\/uploads\/2018\/04\/Temer_Franco_AntonioCruz_ABr.jpg\" \/>\n\t<meta property=\"og:image:width\" content=\"1350\" \/>\n\t<meta property=\"og:image:height\" content=\"900\" \/>\n\t<meta property=\"og:image:type\" content=\"image\/jpeg\" \/>\n<meta name=\"author\" content=\"Comunica\u00e7\u00e3o PSOL\" \/>\n<meta name=\"twitter:card\" content=\"summary_large_image\" \/>\n<meta name=\"twitter:creator\" content=\"@psol50\" \/>\n<meta name=\"twitter:site\" content=\"@psol50\" \/>\n<meta name=\"twitter:label1\" content=\"Escrito por\" \/>\n\t<meta name=\"twitter:data1\" content=\"Comunica\u00e7\u00e3o PSOL\" \/>\n\t<meta name=\"twitter:label2\" content=\"Est. tempo de leitura\" \/>\n\t<meta name=\"twitter:data2\" content=\"1 minuto\" \/>\n<script type=\"application\/ld+json\" class=\"yoast-schema-graph\">{\"@context\":\"https:\/\/schema.org\",\"@graph\":[{\"@type\":\"Article\",\"@id\":\"https:\/\/psol50.org.br\/psol-pede-na-justica-anulacao-da-nomeacao-de-moreira-franco-para-o-ministerio-de-minas-e-energia\/#article\",\"isPartOf\":{\"@id\":\"https:\/\/psol50.org.br\/psol-pede-na-justica-anulacao-da-nomeacao-de-moreira-franco-para-o-ministerio-de-minas-e-energia\/\"},\"author\":{\"name\":\"Comunica\u00e7\u00e3o PSOL\",\"@id\":\"https:\/\/psol50.org.br\/#\/schema\/person\/475dfa57d0b815993c714c2e96491fcd\"},\"headline\":\"PSOL pede, na Justi\u00e7a, anula\u00e7\u00e3o da nomea\u00e7\u00e3o de Moreira Franco para o Minist\u00e9rio de Minas e Energia\",\"datePublished\":\"2018-04-19T15:03:40+00:00\",\"mainEntityOfPage\":{\"@id\":\"https:\/\/psol50.org.br\/psol-pede-na-justica-anulacao-da-nomeacao-de-moreira-franco-para-o-ministerio-de-minas-e-energia\/\"},\"wordCount\":315,\"commentCount\":0,\"publisher\":{\"@id\":\"https:\/\/psol50.org.br\/#organization\"},\"image\":{\"@id\":\"https:\/\/psol50.org.br\/psol-pede-na-justica-anulacao-da-nomeacao-de-moreira-franco-para-o-ministerio-de-minas-e-energia\/#primaryimage\"},\"thumbnailUrl\":\"https:\/\/psol50.org.br\/inc\/uploads\/2018\/04\/Temer_Franco_AntonioCruz_ABr.jpg\",\"keywords\":[\"a\u00e7\u00e3o popular\",\"Glaber Braga\",\"Justi\u00e7a Federal\",\"Michel Temer\",\"Minist\u00e9rio de Minas e Energia\",\"Moreira Franco\",\"PSOL\"],\"articleSection\":[\"A\u00e7\u00e3o Parlamentar\",\"Brasil\",\"Not\u00edcias\"],\"inLanguage\":\"pt-BR\",\"potentialAction\":[{\"@type\":\"CommentAction\",\"name\":\"Comment\",\"target\":[\"https:\/\/psol50.org.br\/psol-pede-na-justica-anulacao-da-nomeacao-de-moreira-franco-para-o-ministerio-de-minas-e-energia\/#respond\"]}]},{\"@type\":\"WebPage\",\"@id\":\"https:\/\/psol50.org.br\/psol-pede-na-justica-anulacao-da-nomeacao-de-moreira-franco-para-o-ministerio-de-minas-e-energia\/\",\"url\":\"https:\/\/psol50.org.br\/psol-pede-na-justica-anulacao-da-nomeacao-de-moreira-franco-para-o-ministerio-de-minas-e-energia\/\",\"name\":\"PSOL pede, na Justi\u00e7a, anula\u00e7\u00e3o da nomea\u00e7\u00e3o de Moreira Franco para o Minist\u00e9rio de Minas e Energia - PSOL 50\",\"isPartOf\":{\"@id\":\"https:\/\/psol50.org.br\/#website\"},\"primaryImageOfPage\":{\"@id\":\"https:\/\/psol50.org.br\/psol-pede-na-justica-anulacao-da-nomeacao-de-moreira-franco-para-o-ministerio-de-minas-e-energia\/#primaryimage\"},\"image\":{\"@id\":\"https:\/\/psol50.org.br\/psol-pede-na-justica-anulacao-da-nomeacao-de-moreira-franco-para-o-ministerio-de-minas-e-energia\/#primaryimage\"},\"thumbnailUrl\":\"https:\/\/psol50.org.br\/inc\/uploads\/2018\/04\/Temer_Franco_AntonioCruz_ABr.jpg\",\"datePublished\":\"2018-04-19T15:03:40+00:00\",\"breadcrumb\":{\"@id\":\"https:\/\/psol50.org.br\/psol-pede-na-justica-anulacao-da-nomeacao-de-moreira-franco-para-o-ministerio-de-minas-e-energia\/#breadcrumb\"},\"inLanguage\":\"pt-BR\",\"potentialAction\":[{\"@type\":\"ReadAction\",\"target\":[\"https:\/\/psol50.org.br\/psol-pede-na-justica-anulacao-da-nomeacao-de-moreira-franco-para-o-ministerio-de-minas-e-energia\/\"]}]},{\"@type\":\"ImageObject\",\"inLanguage\":\"pt-BR\",\"@id\":\"https:\/\/psol50.org.br\/psol-pede-na-justica-anulacao-da-nomeacao-de-moreira-franco-para-o-ministerio-de-minas-e-energia\/#primaryimage\",\"url\":\"https:\/\/psol50.org.br\/inc\/uploads\/2018\/04\/Temer_Franco_AntonioCruz_ABr.jpg\",\"contentUrl\":\"https:\/\/psol50.org.br\/inc\/uploads\/2018\/04\/Temer_Franco_AntonioCruz_ABr.jpg\",\"width\":1350,\"height\":900},{\"@type\":\"BreadcrumbList\",\"@id\":\"https:\/\/psol50.org.br\/psol-pede-na-justica-anulacao-da-nomeacao-de-moreira-franco-para-o-ministerio-de-minas-e-energia\/#breadcrumb\",\"itemListElement\":[{\"@type\":\"ListItem\",\"position\":1,\"name\":\"In\u00edcio\",\"item\":\"https:\/\/psol50.org.br\/\"},{\"@type\":\"ListItem\",\"position\":2,\"name\":\"PSOL pede, na Justi\u00e7a, anula\u00e7\u00e3o da nomea\u00e7\u00e3o de Moreira Franco para o Minist\u00e9rio de Minas e Energia\"}]},{\"@type\":\"WebSite\",\"@id\":\"https:\/\/psol50.org.br\/#website\",\"url\":\"https:\/\/psol50.org.br\/\",\"name\":\"PSOL 50\",\"description\":\"Site oficial do Partido Socialismo e Liberdade\",\"publisher\":{\"@id\":\"https:\/\/psol50.org.br\/#organization\"},\"alternateName\":\"PSOL50\",\"potentialAction\":[{\"@type\":\"SearchAction\",\"target\":{\"@type\":\"EntryPoint\",\"urlTemplate\":\"https:\/\/psol50.org.br\/?s={search_term_string}\"},\"query-input\":{\"@type\":\"PropertyValueSpecification\",\"valueRequired\":true,\"valueName\":\"search_term_string\"}}],\"inLanguage\":\"pt-BR\"},{\"@type\":\"Organization\",\"@id\":\"https:\/\/psol50.org.br\/#organization\",\"name\":\"PSOL 50\",\"alternateName\":\"PSOL 50\",\"url\":\"https:\/\/psol50.org.br\/\",\"logo\":{\"@type\":\"ImageObject\",\"inLanguage\":\"pt-BR\",\"@id\":\"https:\/\/psol50.org.br\/#\/schema\/logo\/image\/\",\"url\":\"https:\/\/psol50.org.br\/inc\/uploads\/2018\/07\/capa.png\",\"contentUrl\":\"https:\/\/psol50.org.br\/inc\/uploads\/2018\/07\/capa.png\",\"width\":1350,\"height\":900,\"caption\":\"PSOL 50\"},\"image\":{\"@id\":\"https:\/\/psol50.org.br\/#\/schema\/logo\/image\/\"},\"sameAs\":[\"https:\/\/www.facebook.com\/psol50\",\"https:\/\/x.com\/psol50\",\"https:\/\/www.instagram.com\/psol50\/\",\"https:\/\/www.youtube.com\/channel\/UC7SnJS5o1os7a6CaiNabzcg\"]},{\"@type\":\"Person\",\"@id\":\"https:\/\/psol50.org.br\/#\/schema\/person\/475dfa57d0b815993c714c2e96491fcd\",\"name\":\"Comunica\u00e7\u00e3o PSOL\",\"image\":{\"@type\":\"ImageObject\",\"inLanguage\":\"pt-BR\",\"@id\":\"https:\/\/psol50.org.br\/#\/schema\/person\/image\/\",\"url\":\"https:\/\/secure.gravatar.com\/avatar\/b34fc4f4e468a4e51785917065a3db57b841f5c95dba6ad8c73aaf8f66f8f9bf?s=96&d=mm&r=g\",\"contentUrl\":\"https:\/\/secure.gravatar.com\/avatar\/b34fc4f4e468a4e51785917065a3db57b841f5c95dba6ad8c73aaf8f66f8f9bf?s=96&d=mm&r=g\",\"caption\":\"Comunica\u00e7\u00e3o PSOL\"}}]}<\/script>\n<!-- \/ Yoast SEO plugin. -->","yoast_head_json":{"title":"PSOL pede, na Justi\u00e7a, anula\u00e7\u00e3o da nomea\u00e7\u00e3o de Moreira Franco para o Minist\u00e9rio de Minas e Energia - PSOL 50","robots":{"index":"index","follow":"follow","max-snippet":"max-snippet:-1","max-image-preview":"max-image-preview:large","max-video-preview":"max-video-preview:-1"},"canonical":"https:\/\/psol50.org.br\/psol-pede-na-justica-anulacao-da-nomeacao-de-moreira-franco-para-o-ministerio-de-minas-e-energia\/","og_locale":"pt_BR","og_type":"article","og_title":"PSOL pede, na Justi\u00e7a, anula\u00e7\u00e3o da nomea\u00e7\u00e3o de Moreira Franco para o Minist\u00e9rio de Minas e Energia - PSOL 50","og_description":"A bancada do PSOL na C\u00e2mara protocolou, na noite desta quarta-feira (18), na Justi\u00e7a Federal, em Bras\u00edlia, A\u00e7\u00e3o Popular exigindo a anula\u00e7\u00e3o da nomea\u00e7\u00e3o de Moreira Franco para o Minist\u00e9rio de Minas e Energia. Para o PSOL, a nomea\u00e7\u00e3o representa uma blindagem ao pol\u00edtico amigo de Michel Temer e citado em dela\u00e7\u00f5es da empresa JBS. [&hellip;]","og_url":"https:\/\/psol50.org.br\/psol-pede-na-justica-anulacao-da-nomeacao-de-moreira-franco-para-o-ministerio-de-minas-e-energia\/","og_site_name":"PSOL 50","article_publisher":"https:\/\/www.facebook.com\/psol50","article_published_time":"2018-04-19T15:03:40+00:00","og_image":[{"width":1350,"height":900,"url":"https:\/\/psol50.org.br\/inc\/uploads\/2018\/04\/Temer_Franco_AntonioCruz_ABr.jpg","type":"image\/jpeg"}],"author":"Comunica\u00e7\u00e3o PSOL","twitter_card":"summary_large_image","twitter_creator":"@psol50","twitter_site":"@psol50","twitter_misc":{"Escrito por":"Comunica\u00e7\u00e3o PSOL","Est. tempo de leitura":"1 minuto"},"schema":{"@context":"https:\/\/schema.org","@graph":[{"@type":"Article","@id":"https:\/\/psol50.org.br\/psol-pede-na-justica-anulacao-da-nomeacao-de-moreira-franco-para-o-ministerio-de-minas-e-energia\/#article","isPartOf":{"@id":"https:\/\/psol50.org.br\/psol-pede-na-justica-anulacao-da-nomeacao-de-moreira-franco-para-o-ministerio-de-minas-e-energia\/"},"author":{"name":"Comunica\u00e7\u00e3o PSOL","@id":"https:\/\/psol50.org.br\/#\/schema\/person\/475dfa57d0b815993c714c2e96491fcd"},"headline":"PSOL pede, na Justi\u00e7a, anula\u00e7\u00e3o da nomea\u00e7\u00e3o de Moreira Franco para o Minist\u00e9rio de Minas e Energia","datePublished":"2018-04-19T15:03:40+00:00","mainEntityOfPage":{"@id":"https:\/\/psol50.org.br\/psol-pede-na-justica-anulacao-da-nomeacao-de-moreira-franco-para-o-ministerio-de-minas-e-energia\/"},"wordCount":315,"commentCount":0,"publisher":{"@id":"https:\/\/psol50.org.br\/#organization"},"image":{"@id":"https:\/\/psol50.org.br\/psol-pede-na-justica-anulacao-da-nomeacao-de-moreira-franco-para-o-ministerio-de-minas-e-energia\/#primaryimage"},"thumbnailUrl":"https:\/\/psol50.org.br\/inc\/uploads\/2018\/04\/Temer_Franco_AntonioCruz_ABr.jpg","keywords":["a\u00e7\u00e3o popular","Glaber Braga","Justi\u00e7a Federal","Michel Temer","Minist\u00e9rio de Minas e Energia","Moreira Franco","PSOL"],"articleSection":["A\u00e7\u00e3o Parlamentar","Brasil","Not\u00edcias"],"inLanguage":"pt-BR","potentialAction":[{"@type":"CommentAction","name":"Comment","target":["https:\/\/psol50.org.br\/psol-pede-na-justica-anulacao-da-nomeacao-de-moreira-franco-para-o-ministerio-de-minas-e-energia\/#respond"]}]},{"@type":"WebPage","@id":"https:\/\/psol50.org.br\/psol-pede-na-justica-anulacao-da-nomeacao-de-moreira-franco-para-o-ministerio-de-minas-e-energia\/","url":"https:\/\/psol50.org.br\/psol-pede-na-justica-anulacao-da-nomeacao-de-moreira-franco-para-o-ministerio-de-minas-e-energia\/","name":"PSOL pede, na Justi\u00e7a, anula\u00e7\u00e3o da nomea\u00e7\u00e3o de Moreira Franco para o Minist\u00e9rio de Minas e Energia - PSOL 50","isPartOf":{"@id":"https:\/\/psol50.org.br\/#website"},"primaryImageOfPage":{"@id":"https:\/\/psol50.org.br\/psol-pede-na-justica-anulacao-da-nomeacao-de-moreira-franco-para-o-ministerio-de-minas-e-energia\/#primaryimage"},"image":{"@id":"https:\/\/psol50.org.br\/psol-pede-na-justica-anulacao-da-nomeacao-de-moreira-franco-para-o-ministerio-de-minas-e-energia\/#primaryimage"},"thumbnailUrl":"https:\/\/psol50.org.br\/inc\/uploads\/2018\/04\/Temer_Franco_AntonioCruz_ABr.jpg","datePublished":"2018-04-19T15:03:40+00:00","breadcrumb":{"@id":"https:\/\/psol50.org.br\/psol-pede-na-justica-anulacao-da-nomeacao-de-moreira-franco-para-o-ministerio-de-minas-e-energia\/#breadcrumb"},"inLanguage":"pt-BR","potentialAction":[{"@type":"ReadAction","target":["https:\/\/psol50.org.br\/psol-pede-na-justica-anulacao-da-nomeacao-de-moreira-franco-para-o-ministerio-de-minas-e-energia\/"]}]},{"@type":"ImageObject","inLanguage":"pt-BR","@id":"https:\/\/psol50.org.br\/psol-pede-na-justica-anulacao-da-nomeacao-de-moreira-franco-para-o-ministerio-de-minas-e-energia\/#primaryimage","url":"https:\/\/psol50.org.br\/inc\/uploads\/2018\/04\/Temer_Franco_AntonioCruz_ABr.jpg","contentUrl":"https:\/\/psol50.org.br\/inc\/uploads\/2018\/04\/Temer_Franco_AntonioCruz_ABr.jpg","width":1350,"height":900},{"@type":"BreadcrumbList","@id":"https:\/\/psol50.org.br\/psol-pede-na-justica-anulacao-da-nomeacao-de-moreira-franco-para-o-ministerio-de-minas-e-energia\/#breadcrumb","itemListElement":[{"@type":"ListItem","position":1,"name":"In\u00edcio","item":"https:\/\/psol50.org.br\/"},{"@type":"ListItem","position":2,"name":"PSOL pede, na Justi\u00e7a, anula\u00e7\u00e3o da nomea\u00e7\u00e3o de Moreira Franco para o Minist\u00e9rio de Minas e Energia"}]},{"@type":"WebSite","@id":"https:\/\/psol50.org.br\/#website","url":"https:\/\/psol50.org.br\/","name":"PSOL 50","description":"Site oficial do Partido Socialismo e Liberdade","publisher":{"@id":"https:\/\/psol50.org.br\/#organization"},"alternateName":"PSOL50","potentialAction":[{"@type":"SearchAction","target":{"@type":"EntryPoint","urlTemplate":"https:\/\/psol50.org.br\/?s={search_term_string}"},"query-input":{"@type":"PropertyValueSpecification","valueRequired":true,"valueName":"search_term_string"}}],"inLanguage":"pt-BR"},{"@type":"Organization","@id":"https:\/\/psol50.org.br\/#organization","name":"PSOL 50","alternateName":"PSOL 50","url":"https:\/\/psol50.org.br\/","logo":{"@type":"ImageObject","inLanguage":"pt-BR","@id":"https:\/\/psol50.org.br\/#\/schema\/logo\/image\/","url":"https:\/\/psol50.org.br\/inc\/uploads\/2018\/07\/capa.png","contentUrl":"https:\/\/psol50.org.br\/inc\/uploads\/2018\/07\/capa.png","width":1350,"height":900,"caption":"PSOL 50"},"image":{"@id":"https:\/\/psol50.org.br\/#\/schema\/logo\/image\/"},"sameAs":["https:\/\/www.facebook.com\/psol50","https:\/\/x.com\/psol50","https:\/\/www.instagram.com\/psol50\/","https:\/\/www.youtube.com\/channel\/UC7SnJS5o1os7a6CaiNabzcg"]},{"@type":"Person","@id":"https:\/\/psol50.org.br\/#\/schema\/person\/475dfa57d0b815993c714c2e96491fcd","name":"Comunica\u00e7\u00e3o PSOL","image":{"@type":"ImageObject","inLanguage":"pt-BR","@id":"https:\/\/psol50.org.br\/#\/schema\/person\/image\/","url":"https:\/\/secure.gravatar.com\/avatar\/b34fc4f4e468a4e51785917065a3db57b841f5c95dba6ad8c73aaf8f66f8f9bf?s=96&d=mm&r=g","contentUrl":"https:\/\/secure.gravatar.com\/avatar\/b34fc4f4e468a4e51785917065a3db57b841f5c95dba6ad8c73aaf8f66f8f9bf?s=96&d=mm&r=g","caption":"Comunica\u00e7\u00e3o PSOL"}}]}},"_links":{"self":[{"href":"https:\/\/psol50.org.br\/rest\/wp\/v2\/posts\/20601","targetHints":{"allow":["GET"]}}],"collection":[{"href":"https:\/\/psol50.org.br\/rest\/wp\/v2\/posts"}],"about":[{"href":"https:\/\/psol50.org.br\/rest\/wp\/v2\/types\/post"}],"author":[{"embeddable":true,"href":"https:\/\/psol50.org.br\/rest\/wp\/v2\/users\/2"}],"replies":[{"embeddable":true,"href":"https:\/\/psol50.org.br\/rest\/wp\/v2\/comments?post=20601"}],"version-history":[{"count":0,"href":"https:\/\/psol50.org.br\/rest\/wp\/v2\/posts\/20601\/revisions"}],"wp:featuredmedia":[{"embeddable":true,"href":"https:\/\/psol50.org.br\/rest\/wp\/v2\/media\/20602"}],"wp:attachment":[{"href":"https:\/\/psol50.org.br\/rest\/wp\/v2\/media?parent=20601"}],"wp:term":[{"taxonomy":"category","embeddable":true,"href":"https:\/\/psol50.org.br\/rest\/wp\/v2\/categories?post=20601"},{"taxonomy":"post_tag","embeddable":true,"href":"https:\/\/psol50.org.br\/rest\/wp\/v2\/tags?post=20601"}],"curies":[{"name":"wp","href":"https:\/\/api.w.org\/{rel}","templated":true}]}}