{"id":20610,"date":"2018-04-20T10:46:27","date_gmt":"2018-04-20T13:46:27","guid":{"rendered":"http:\/\/www.psol50.org.br\/?p=20610"},"modified":"2018-04-20T10:46:27","modified_gmt":"2018-04-20T13:46:27","slug":"cid-benjamin-um-idiota-perigoso","status":"publish","type":"post","link":"https:\/\/psol50.org.br\/cid-benjamin-um-idiota-perigoso\/","title":{"rendered":"Cid Benjamin | Um idiota perigoso"},"content":{"rendered":"<p><em><span style=\"font-size: 14px;\">Artigo publicado originalmente no jornal <a href=\"https:\/\/odia.ig.com.br\/opiniao\/2018\/04\/5532557-um-idiota-perigoso.html\" target=\"_blank\" rel=\"noopener\"><strong><span style=\"color: #0000ff;\">O Dia<\/span><\/strong><\/a><\/span><\/em><\/p>\n<p class=\"texto\">Sobre a ditadura (I): &#8220;O erro foi torturar [os presos pol\u00edticos] e n\u00e3o matar&#8221; (<a href=\"https:\/\/youtube.com\/watch?v=6_catYXcZWE\" target=\"_blank\" rel=\"noopener noreferrer\">youtube.com\/watch?v=6_catYXcZWE<\/a>).<\/p>\n<p class=\"texto\">Sobre a ditadura (II): &#8220;Se ela tivesse matado mais gente, teria sido melhor&#8221; (<a href=\"https:\/\/dgabc.com.br\/Noticia\/120841\/bolsonaro-isso-e-que-da-torturar-e-nao-matar\" target=\"_blank\" rel=\"noopener noreferrer\">dgabc.com.br\/Noticia\/120841\/bolsonaro-isso-e-que-da-torturar-e-nao-matar<\/a>).<\/p>\n<p class=\"texto\">Sobre negros (I): &#8220;Quilombola n\u00e3o serve nem pra procriar&#8221; (<a href=\"https:\/\/congressoemfoco.uol.com.br\/noticias\/bolsonaro-quilombola-nao-serve-nem-para-procriar\" target=\"_blank\" rel=\"noopener noreferrer\">congressoemfoco.uol.com.br\/noticias\/bolsonaro-quilombola-nao-serve-nem-para-procriar<\/a>).<\/p>\n<p class=\"texto\">Sobre negros (II), ao ser perguntado sobre qual seria sua rea\u00e7\u00e3o se um filho se relacionasse com uma negra: &#8220;Eu n\u00e3o corro o risco, meus filhos foram bem educados&#8221;. (<a href=\"https:\/\/youtube.com\/watch?v=9T5ZSAO1MVg\" target=\"_blank\" rel=\"noopener noreferrer\">youtube.com\/watch?v=9T5ZSAO1MVg<\/a>).<\/p>\n<p class=\"texto\">Sobre o massacre do Carandiru: &#8220;A PM deveria ter matado mais de mil presos, e n\u00e3o s\u00f3 111 (<a href=\"https:\/\/jairbolsonaro.blogspot.com.br\/2014\/04\/massacre-do-carandiru.html\" target=\"_blank\" rel=\"noopener noreferrer\">jairbolsonaro.blogspot.com.br\/2014\/04\/massacre-do-carandiru.html<\/a>).<\/p>\n<p class=\"texto\">Sobre o pa\u00eds: &#8220;S\u00f3 vai mudar com guerra civil, matando uns 30 mil&#8221; (<a href=\"https:\/\/youtube.com\/watch?v=-fMdCwlwg8E\" target=\"_blank\" rel=\"noopener noreferrer\">youtube.com\/watch?v=-fMdCwlwg8E<\/a>).<\/p>\n<p class=\"texto\">Sobre homossexuais: &#8220;Eu seria incapaz de amar um filho homossexual. Prefiro que um filho morra num acidente do que apare\u00e7a com um bigodudo por a\u00ed&#8221; (<a href=\"https:\/\/goo.gl\/U16ZNs\" target=\"_blank\" rel=\"noopener noreferrer\">https:\/\/goo.gl\/U16ZNs<\/a>).<\/p>\n<p class=\"texto\">Sobre estupro: &#8220;N\u00e3o te estupro porque voc\u00ea \u00e9 muito feia e n\u00e3o merece&#8221;, para a deputada Maria do Ros\u00e1rio (<a href=\"https:\/\/youtube.com\/watch?v=LD8-b4wvIjc\" target=\"_blank\" rel=\"noopener noreferrer\">youtube.com\/watch?v=LD8-b4wvIjc<\/a>).<\/p>\n<p class=\"texto\">Sobre honestidade: &#8220;Eu sonego imposto. Sonego o que for poss\u00edvel&#8221; (<a href=\"https:\/\/www.youtube.com\/watch?v=xaCMswaNXI4\">https:\/\/www.youtube.com\/watch?v=xaCMswaNXI4<\/a>).<\/p>\n<p class=\"texto\">Sobre a Amaz\u00f4nia: &#8220;A Amaz\u00f4nia n\u00e3o \u00e9 do Brasil. Devemos entreg\u00e1-la aos Estados Unidos porque n\u00e3o sabemos explor\u00e1-la&#8221; (<a href=\"https:\/\/youtube.com\/watch?v=pwxDm_yvaxk\" target=\"_blank\" rel=\"noopener noreferrer\">youtube.com\/watch?v=pwxDm_yvaxk<\/a>).<\/p>\n<p class=\"texto\">As frases acima &#8211; de cunho fascista, racista, mis\u00f3gino, homof\u00f3bico e entreguista, e que, ademais, fazem apologia de crimes &#8211; s\u00e3o do deputado Jair Bolsonaro. A autenticidade das cita\u00e7\u00f5es pode ser conferida na internet.<\/p>\n<p class=\"texto\">Que haja quem diga tais barbaridades, paci\u00eancia. Idiotas existem. Mas \u00e9 preocupante um idiota estar em segundo lugar nas pesquisas de inten\u00e7\u00e3o de voto para presidente.<\/p>\n<p class=\"texto\">O fen\u00f4meno reflete o crescimento do neofascismo, que cria o clima de \u00f3dio respons\u00e1vel pelo assassinato de Marielle Franco e pelos tiros na caravana de Lula.<\/p>\n<p class=\"texto\">\u00c9 bom abrir o olho. Quando, nos anos 20 do s\u00e9culo passado, Hitler surgiu na Alemanha tamb\u00e9m foi considerado uma figura caricata.<\/p>\n<p class=\"texto\">Deu no que deu.<\/p>\n","protected":false},"excerpt":{"rendered":"<p>Artigo publicado originalmente no jornal O Dia Sobre a ditadura (I): &#8220;O erro foi torturar [os presos pol\u00edticos] e n\u00e3o matar&#8221; (youtube.com\/watch?v=6_catYXcZWE). Sobre a ditadura (II): &#8220;Se ela tivesse matado mais gente, teria sido melhor&#8221; (dgabc.com.br\/Noticia\/120841\/bolsonaro-isso-e-que-da-torturar-e-nao-matar). Sobre negros (I): &#8220;Quilombola n\u00e3o serve nem pra procriar&#8221; (congressoemfoco.uol.com.br\/noticias\/bolsonaro-quilombola-nao-serve-nem-para-procriar). Sobre negros (II), ao ser perguntado sobre qual seria [&hellip;]<\/p>\n","protected":false},"author":2,"featured_media":19427,"comment_status":"open","ping_status":"open","sticky":false,"template":"","format":"standard","meta":{"_acf_changed":false,"footnotes":""},"categories":[3,1882],"tags":[1750,1070,2455,134,2456,244,276,2457,127],"class_list":{"0":"post-20610","1":"post","2":"type-post","3":"status-publish","4":"format-standard","5":"has-post-thumbnail","7":"category-artigos-e-entrevistas","8":"category-brasil","9":"tag-cid-benjamin","10":"tag-fascismo","11":"tag-hitler","12":"tag-homofobia","13":"tag-idiota","14":"tag-jair-bolsonaro","15":"tag-machismo","16":"tag-perigoso","17":"tag-racismo"},"acf":[],"yoast_head":"<!-- This site is optimized with the Yoast SEO plugin v26.5 - https:\/\/yoast.com\/wordpress\/plugins\/seo\/ -->\n<title>Cid Benjamin | Um idiota perigoso - PSOL 50<\/title>\n<meta name=\"robots\" content=\"index, follow, max-snippet:-1, max-image-preview:large, max-video-preview:-1\" \/>\n<link rel=\"canonical\" href=\"https:\/\/psol50.org.br\/cid-benjamin-um-idiota-perigoso\/\" \/>\n<meta property=\"og:locale\" content=\"pt_BR\" \/>\n<meta property=\"og:type\" content=\"article\" \/>\n<meta property=\"og:title\" content=\"Cid Benjamin | Um idiota perigoso - PSOL 50\" \/>\n<meta property=\"og:description\" content=\"Artigo publicado originalmente no jornal O Dia Sobre a ditadura (I): &#8220;O erro foi torturar [os presos pol\u00edticos] e n\u00e3o matar&#8221; (youtube.com\/watch?v=6_catYXcZWE). Sobre a ditadura (II): &#8220;Se ela tivesse matado mais gente, teria sido melhor&#8221; (dgabc.com.br\/Noticia\/120841\/bolsonaro-isso-e-que-da-torturar-e-nao-matar). Sobre negros (I): &#8220;Quilombola n\u00e3o serve nem pra procriar&#8221; (congressoemfoco.uol.com.br\/noticias\/bolsonaro-quilombola-nao-serve-nem-para-procriar). Sobre negros (II), ao ser perguntado sobre qual seria [&hellip;]\" \/>\n<meta property=\"og:url\" content=\"https:\/\/psol50.org.br\/cid-benjamin-um-idiota-perigoso\/\" \/>\n<meta property=\"og:site_name\" content=\"PSOL 50\" \/>\n<meta property=\"article:publisher\" content=\"https:\/\/www.facebook.com\/psol50\" \/>\n<meta property=\"article:published_time\" content=\"2018-04-20T13:46:27+00:00\" \/>\n<meta property=\"og:image\" content=\"https:\/\/psol50.org.br\/inc\/uploads\/2018\/01\/bolsonaro-marcelocamargo-abr.jpg\" \/>\n\t<meta property=\"og:image:width\" content=\"1350\" \/>\n\t<meta property=\"og:image:height\" content=\"900\" \/>\n\t<meta property=\"og:image:type\" content=\"image\/jpeg\" \/>\n<meta name=\"author\" content=\"Comunica\u00e7\u00e3o PSOL\" \/>\n<meta name=\"twitter:card\" content=\"summary_large_image\" \/>\n<meta name=\"twitter:creator\" content=\"@psol50\" \/>\n<meta name=\"twitter:site\" content=\"@psol50\" \/>\n<meta name=\"twitter:label1\" content=\"Escrito por\" \/>\n\t<meta name=\"twitter:data1\" content=\"Comunica\u00e7\u00e3o PSOL\" \/>\n\t<meta name=\"twitter:label2\" content=\"Est. tempo de leitura\" \/>\n\t<meta name=\"twitter:data2\" content=\"2 minutos\" \/>\n<script type=\"application\/ld+json\" class=\"yoast-schema-graph\">{\"@context\":\"https:\/\/schema.org\",\"@graph\":[{\"@type\":\"Article\",\"@id\":\"https:\/\/psol50.org.br\/cid-benjamin-um-idiota-perigoso\/#article\",\"isPartOf\":{\"@id\":\"https:\/\/psol50.org.br\/cid-benjamin-um-idiota-perigoso\/\"},\"author\":{\"name\":\"Comunica\u00e7\u00e3o PSOL\",\"@id\":\"https:\/\/psol50.org.br\/#\/schema\/person\/475dfa57d0b815993c714c2e96491fcd\"},\"headline\":\"Cid Benjamin | Um idiota perigoso\",\"datePublished\":\"2018-04-20T13:46:27+00:00\",\"mainEntityOfPage\":{\"@id\":\"https:\/\/psol50.org.br\/cid-benjamin-um-idiota-perigoso\/\"},\"wordCount\":373,\"commentCount\":0,\"publisher\":{\"@id\":\"https:\/\/psol50.org.br\/#organization\"},\"image\":{\"@id\":\"https:\/\/psol50.org.br\/cid-benjamin-um-idiota-perigoso\/#primaryimage\"},\"thumbnailUrl\":\"https:\/\/psol50.org.br\/inc\/uploads\/2018\/01\/bolsonaro-marcelocamargo-abr.jpg\",\"keywords\":[\"Cid Benjamin\",\"fascismo\",\"Hitler\",\"homofobia\",\"idiota\",\"Jair Bolsonaro\",\"machismo\",\"perigoso\",\"racismo\"],\"articleSection\":[\"Artigos\",\"Brasil\"],\"inLanguage\":\"pt-BR\",\"potentialAction\":[{\"@type\":\"CommentAction\",\"name\":\"Comment\",\"target\":[\"https:\/\/psol50.org.br\/cid-benjamin-um-idiota-perigoso\/#respond\"]}]},{\"@type\":\"WebPage\",\"@id\":\"https:\/\/psol50.org.br\/cid-benjamin-um-idiota-perigoso\/\",\"url\":\"https:\/\/psol50.org.br\/cid-benjamin-um-idiota-perigoso\/\",\"name\":\"Cid Benjamin | Um idiota perigoso - PSOL 50\",\"isPartOf\":{\"@id\":\"https:\/\/psol50.org.br\/#website\"},\"primaryImageOfPage\":{\"@id\":\"https:\/\/psol50.org.br\/cid-benjamin-um-idiota-perigoso\/#primaryimage\"},\"image\":{\"@id\":\"https:\/\/psol50.org.br\/cid-benjamin-um-idiota-perigoso\/#primaryimage\"},\"thumbnailUrl\":\"https:\/\/psol50.org.br\/inc\/uploads\/2018\/01\/bolsonaro-marcelocamargo-abr.jpg\",\"datePublished\":\"2018-04-20T13:46:27+00:00\",\"breadcrumb\":{\"@id\":\"https:\/\/psol50.org.br\/cid-benjamin-um-idiota-perigoso\/#breadcrumb\"},\"inLanguage\":\"pt-BR\",\"potentialAction\":[{\"@type\":\"ReadAction\",\"target\":[\"https:\/\/psol50.org.br\/cid-benjamin-um-idiota-perigoso\/\"]}]},{\"@type\":\"ImageObject\",\"inLanguage\":\"pt-BR\",\"@id\":\"https:\/\/psol50.org.br\/cid-benjamin-um-idiota-perigoso\/#primaryimage\",\"url\":\"https:\/\/psol50.org.br\/inc\/uploads\/2018\/01\/bolsonaro-marcelocamargo-abr.jpg\",\"contentUrl\":\"https:\/\/psol50.org.br\/inc\/uploads\/2018\/01\/bolsonaro-marcelocamargo-abr.jpg\",\"width\":1350,\"height\":900},{\"@type\":\"BreadcrumbList\",\"@id\":\"https:\/\/psol50.org.br\/cid-benjamin-um-idiota-perigoso\/#breadcrumb\",\"itemListElement\":[{\"@type\":\"ListItem\",\"position\":1,\"name\":\"In\u00edcio\",\"item\":\"https:\/\/psol50.org.br\/\"},{\"@type\":\"ListItem\",\"position\":2,\"name\":\"Cid Benjamin | Um idiota perigoso\"}]},{\"@type\":\"WebSite\",\"@id\":\"https:\/\/psol50.org.br\/#website\",\"url\":\"https:\/\/psol50.org.br\/\",\"name\":\"PSOL 50\",\"description\":\"Site oficial do Partido Socialismo e Liberdade\",\"publisher\":{\"@id\":\"https:\/\/psol50.org.br\/#organization\"},\"alternateName\":\"PSOL50\",\"potentialAction\":[{\"@type\":\"SearchAction\",\"target\":{\"@type\":\"EntryPoint\",\"urlTemplate\":\"https:\/\/psol50.org.br\/?s={search_term_string}\"},\"query-input\":{\"@type\":\"PropertyValueSpecification\",\"valueRequired\":true,\"valueName\":\"search_term_string\"}}],\"inLanguage\":\"pt-BR\"},{\"@type\":\"Organization\",\"@id\":\"https:\/\/psol50.org.br\/#organization\",\"name\":\"PSOL 50\",\"alternateName\":\"PSOL 50\",\"url\":\"https:\/\/psol50.org.br\/\",\"logo\":{\"@type\":\"ImageObject\",\"inLanguage\":\"pt-BR\",\"@id\":\"https:\/\/psol50.org.br\/#\/schema\/logo\/image\/\",\"url\":\"https:\/\/psol50.org.br\/inc\/uploads\/2018\/07\/capa.png\",\"contentUrl\":\"https:\/\/psol50.org.br\/inc\/uploads\/2018\/07\/capa.png\",\"width\":1350,\"height\":900,\"caption\":\"PSOL 50\"},\"image\":{\"@id\":\"https:\/\/psol50.org.br\/#\/schema\/logo\/image\/\"},\"sameAs\":[\"https:\/\/www.facebook.com\/psol50\",\"https:\/\/x.com\/psol50\",\"https:\/\/www.instagram.com\/psol50\/\",\"https:\/\/www.youtube.com\/channel\/UC7SnJS5o1os7a6CaiNabzcg\"]},{\"@type\":\"Person\",\"@id\":\"https:\/\/psol50.org.br\/#\/schema\/person\/475dfa57d0b815993c714c2e96491fcd\",\"name\":\"Comunica\u00e7\u00e3o PSOL\",\"image\":{\"@type\":\"ImageObject\",\"inLanguage\":\"pt-BR\",\"@id\":\"https:\/\/psol50.org.br\/#\/schema\/person\/image\/\",\"url\":\"https:\/\/secure.gravatar.com\/avatar\/b34fc4f4e468a4e51785917065a3db57b841f5c95dba6ad8c73aaf8f66f8f9bf?s=96&d=mm&r=g\",\"contentUrl\":\"https:\/\/secure.gravatar.com\/avatar\/b34fc4f4e468a4e51785917065a3db57b841f5c95dba6ad8c73aaf8f66f8f9bf?s=96&d=mm&r=g\",\"caption\":\"Comunica\u00e7\u00e3o PSOL\"}}]}<\/script>\n<!-- \/ Yoast SEO plugin. -->","yoast_head_json":{"title":"Cid Benjamin | Um idiota perigoso - PSOL 50","robots":{"index":"index","follow":"follow","max-snippet":"max-snippet:-1","max-image-preview":"max-image-preview:large","max-video-preview":"max-video-preview:-1"},"canonical":"https:\/\/psol50.org.br\/cid-benjamin-um-idiota-perigoso\/","og_locale":"pt_BR","og_type":"article","og_title":"Cid Benjamin | Um idiota perigoso - PSOL 50","og_description":"Artigo publicado originalmente no jornal O Dia Sobre a ditadura (I): &#8220;O erro foi torturar [os presos pol\u00edticos] e n\u00e3o matar&#8221; (youtube.com\/watch?v=6_catYXcZWE). Sobre a ditadura (II): &#8220;Se ela tivesse matado mais gente, teria sido melhor&#8221; (dgabc.com.br\/Noticia\/120841\/bolsonaro-isso-e-que-da-torturar-e-nao-matar). Sobre negros (I): &#8220;Quilombola n\u00e3o serve nem pra procriar&#8221; (congressoemfoco.uol.com.br\/noticias\/bolsonaro-quilombola-nao-serve-nem-para-procriar). Sobre negros (II), ao ser perguntado sobre qual seria [&hellip;]","og_url":"https:\/\/psol50.org.br\/cid-benjamin-um-idiota-perigoso\/","og_site_name":"PSOL 50","article_publisher":"https:\/\/www.facebook.com\/psol50","article_published_time":"2018-04-20T13:46:27+00:00","og_image":[{"width":1350,"height":900,"url":"https:\/\/psol50.org.br\/inc\/uploads\/2018\/01\/bolsonaro-marcelocamargo-abr.jpg","type":"image\/jpeg"}],"author":"Comunica\u00e7\u00e3o PSOL","twitter_card":"summary_large_image","twitter_creator":"@psol50","twitter_site":"@psol50","twitter_misc":{"Escrito por":"Comunica\u00e7\u00e3o PSOL","Est. tempo de leitura":"2 minutos"},"schema":{"@context":"https:\/\/schema.org","@graph":[{"@type":"Article","@id":"https:\/\/psol50.org.br\/cid-benjamin-um-idiota-perigoso\/#article","isPartOf":{"@id":"https:\/\/psol50.org.br\/cid-benjamin-um-idiota-perigoso\/"},"author":{"name":"Comunica\u00e7\u00e3o PSOL","@id":"https:\/\/psol50.org.br\/#\/schema\/person\/475dfa57d0b815993c714c2e96491fcd"},"headline":"Cid Benjamin | Um idiota perigoso","datePublished":"2018-04-20T13:46:27+00:00","mainEntityOfPage":{"@id":"https:\/\/psol50.org.br\/cid-benjamin-um-idiota-perigoso\/"},"wordCount":373,"commentCount":0,"publisher":{"@id":"https:\/\/psol50.org.br\/#organization"},"image":{"@id":"https:\/\/psol50.org.br\/cid-benjamin-um-idiota-perigoso\/#primaryimage"},"thumbnailUrl":"https:\/\/psol50.org.br\/inc\/uploads\/2018\/01\/bolsonaro-marcelocamargo-abr.jpg","keywords":["Cid Benjamin","fascismo","Hitler","homofobia","idiota","Jair Bolsonaro","machismo","perigoso","racismo"],"articleSection":["Artigos","Brasil"],"inLanguage":"pt-BR","potentialAction":[{"@type":"CommentAction","name":"Comment","target":["https:\/\/psol50.org.br\/cid-benjamin-um-idiota-perigoso\/#respond"]}]},{"@type":"WebPage","@id":"https:\/\/psol50.org.br\/cid-benjamin-um-idiota-perigoso\/","url":"https:\/\/psol50.org.br\/cid-benjamin-um-idiota-perigoso\/","name":"Cid Benjamin | Um idiota perigoso - PSOL 50","isPartOf":{"@id":"https:\/\/psol50.org.br\/#website"},"primaryImageOfPage":{"@id":"https:\/\/psol50.org.br\/cid-benjamin-um-idiota-perigoso\/#primaryimage"},"image":{"@id":"https:\/\/psol50.org.br\/cid-benjamin-um-idiota-perigoso\/#primaryimage"},"thumbnailUrl":"https:\/\/psol50.org.br\/inc\/uploads\/2018\/01\/bolsonaro-marcelocamargo-abr.jpg","datePublished":"2018-04-20T13:46:27+00:00","breadcrumb":{"@id":"https:\/\/psol50.org.br\/cid-benjamin-um-idiota-perigoso\/#breadcrumb"},"inLanguage":"pt-BR","potentialAction":[{"@type":"ReadAction","target":["https:\/\/psol50.org.br\/cid-benjamin-um-idiota-perigoso\/"]}]},{"@type":"ImageObject","inLanguage":"pt-BR","@id":"https:\/\/psol50.org.br\/cid-benjamin-um-idiota-perigoso\/#primaryimage","url":"https:\/\/psol50.org.br\/inc\/uploads\/2018\/01\/bolsonaro-marcelocamargo-abr.jpg","contentUrl":"https:\/\/psol50.org.br\/inc\/uploads\/2018\/01\/bolsonaro-marcelocamargo-abr.jpg","width":1350,"height":900},{"@type":"BreadcrumbList","@id":"https:\/\/psol50.org.br\/cid-benjamin-um-idiota-perigoso\/#breadcrumb","itemListElement":[{"@type":"ListItem","position":1,"name":"In\u00edcio","item":"https:\/\/psol50.org.br\/"},{"@type":"ListItem","position":2,"name":"Cid Benjamin | Um idiota perigoso"}]},{"@type":"WebSite","@id":"https:\/\/psol50.org.br\/#website","url":"https:\/\/psol50.org.br\/","name":"PSOL 50","description":"Site oficial do Partido Socialismo e Liberdade","publisher":{"@id":"https:\/\/psol50.org.br\/#organization"},"alternateName":"PSOL50","potentialAction":[{"@type":"SearchAction","target":{"@type":"EntryPoint","urlTemplate":"https:\/\/psol50.org.br\/?s={search_term_string}"},"query-input":{"@type":"PropertyValueSpecification","valueRequired":true,"valueName":"search_term_string"}}],"inLanguage":"pt-BR"},{"@type":"Organization","@id":"https:\/\/psol50.org.br\/#organization","name":"PSOL 50","alternateName":"PSOL 50","url":"https:\/\/psol50.org.br\/","logo":{"@type":"ImageObject","inLanguage":"pt-BR","@id":"https:\/\/psol50.org.br\/#\/schema\/logo\/image\/","url":"https:\/\/psol50.org.br\/inc\/uploads\/2018\/07\/capa.png","contentUrl":"https:\/\/psol50.org.br\/inc\/uploads\/2018\/07\/capa.png","width":1350,"height":900,"caption":"PSOL 50"},"image":{"@id":"https:\/\/psol50.org.br\/#\/schema\/logo\/image\/"},"sameAs":["https:\/\/www.facebook.com\/psol50","https:\/\/x.com\/psol50","https:\/\/www.instagram.com\/psol50\/","https:\/\/www.youtube.com\/channel\/UC7SnJS5o1os7a6CaiNabzcg"]},{"@type":"Person","@id":"https:\/\/psol50.org.br\/#\/schema\/person\/475dfa57d0b815993c714c2e96491fcd","name":"Comunica\u00e7\u00e3o PSOL","image":{"@type":"ImageObject","inLanguage":"pt-BR","@id":"https:\/\/psol50.org.br\/#\/schema\/person\/image\/","url":"https:\/\/secure.gravatar.com\/avatar\/b34fc4f4e468a4e51785917065a3db57b841f5c95dba6ad8c73aaf8f66f8f9bf?s=96&d=mm&r=g","contentUrl":"https:\/\/secure.gravatar.com\/avatar\/b34fc4f4e468a4e51785917065a3db57b841f5c95dba6ad8c73aaf8f66f8f9bf?s=96&d=mm&r=g","caption":"Comunica\u00e7\u00e3o PSOL"}}]}},"_links":{"self":[{"href":"https:\/\/psol50.org.br\/rest\/wp\/v2\/posts\/20610","targetHints":{"allow":["GET"]}}],"collection":[{"href":"https:\/\/psol50.org.br\/rest\/wp\/v2\/posts"}],"about":[{"href":"https:\/\/psol50.org.br\/rest\/wp\/v2\/types\/post"}],"author":[{"embeddable":true,"href":"https:\/\/psol50.org.br\/rest\/wp\/v2\/users\/2"}],"replies":[{"embeddable":true,"href":"https:\/\/psol50.org.br\/rest\/wp\/v2\/comments?post=20610"}],"version-history":[{"count":0,"href":"https:\/\/psol50.org.br\/rest\/wp\/v2\/posts\/20610\/revisions"}],"wp:featuredmedia":[{"embeddable":true,"href":"https:\/\/psol50.org.br\/rest\/wp\/v2\/media\/19427"}],"wp:attachment":[{"href":"https:\/\/psol50.org.br\/rest\/wp\/v2\/media?parent=20610"}],"wp:term":[{"taxonomy":"category","embeddable":true,"href":"https:\/\/psol50.org.br\/rest\/wp\/v2\/categories?post=20610"},{"taxonomy":"post_tag","embeddable":true,"href":"https:\/\/psol50.org.br\/rest\/wp\/v2\/tags?post=20610"}],"curies":[{"name":"wp","href":"https:\/\/api.w.org\/{rel}","templated":true}]}}