{"id":20617,"date":"2018-04-23T15:22:39","date_gmt":"2018-04-23T18:22:39","guid":{"rendered":"http:\/\/www.psol50.org.br\/?p=20617"},"modified":"2018-04-23T15:22:39","modified_gmt":"2018-04-23T18:22:39","slug":"weslei-garcia-e-o-pre-candidato-do-psol-ao-governo-de-goias","status":"publish","type":"post","link":"https:\/\/psol50.org.br\/weslei-garcia-e-o-pre-candidato-do-psol-ao-governo-de-goias\/","title":{"rendered":"Weslei Garcia \u00e9 o pr\u00e9-candidato do PSOL ao governo de Goi\u00e1s"},"content":{"rendered":"<p>O PSOL j\u00e1 tem nomes para a disputa eleitoral em Goi\u00e1s, ap\u00f3s decis\u00e3o do Diret\u00f3rio Estadual do partido neste domingo (22): o professor Weslei Garcia \u00e9 o pr\u00e9-candidato do partido ao Pal\u00e1cio das Esmeraldas.<\/p>\n<p>O concorrente \u00e0 indica\u00e7\u00e3o pelo partido, o policial rodovi\u00e1rio federal Fabr\u00edcio Rosa, ser\u00e1 candidato ao Senado.<\/p>\n<p>Professor da rede p\u00fablica, Weslei Garcia tem a educa\u00e7\u00e3o como uma de suas prioridades, principalmente na defesa da jornada ampliada, da titularidade na educa\u00e7\u00e3o e um sistema educacional libertador. \u201cA educa\u00e7\u00e3o transforma as pessoas. Precisamos fortalecer a educa\u00e7\u00e3o, ter locais dignos para os professores trabalharem e as crian\u00e7as estudarem\u201d.<\/p>\n<p>Weslei ter\u00e1 como proposta retornar a gest\u00e3o da sa\u00fade ao governo do estado, valorizar a agricultura familiar e o sistema cooperativado, reverter a privatiza\u00e7\u00e3o da CELG, empresa que controla a distribui\u00e7\u00e3o de energia no estado, manter a Companhia de Saneamento de Goi\u00e1s (Saneago) estatal, implantar o programa Sa\u00fade em Casa e desmilitarizar a pol\u00edcia. A valoriza\u00e7\u00e3o dos servidores p\u00fablicos e pol\u00edticas para meio ambiente tamb\u00e9m est\u00e3o na lista de prioridades do programa do pr\u00e9-candidato do PSOL.<\/p>\n<p>Weslei Garcia, que \u00e9 presidente estadual do PSOL, ganhou notoriedade em 2014, como candidato ao Governo do Estado de Goi\u00e1s, principalmente, por sua atua\u00e7\u00e3o em debates com advers\u00e1rios. Na \u00e9poca, ele denunciou tamb\u00e9m o financiamento privado de campanha \u2013 especialmente o esquema entre Marconi Perillo e a empresa S\u00f3 Frango.<\/p>\n<p>Militante sindical, Professor Weslei j\u00e1 concorreu ao Sindicato dos Servidores P\u00fablicos Municipais (Sindsepem) de Valpara\u00edso de Goi\u00e1s. Em 2008, Weslei foi um dos l\u00edderes da luta contra mudan\u00e7as prejudiciais no Plano de Cargos e Sal\u00e1rios dos servidores municipais.<\/p>\n<p>Casado, pai de uma filha, evang\u00e9lico e socialista, Professor Weslei avalia que acumula, juntamente com o coletivo do PSOL, condi\u00e7\u00f5es de defender princ\u00edpios fundamentais do programa socialista, represent\u00e1-lo junto \u00e0s organiza\u00e7\u00f5es sindicais e movimentos sociais e comprometer com a popula\u00e7\u00e3o goiana. \u201cO estado de Goi\u00e1s precisa de um choque de gest\u00e3o, para garantir servi\u00e7os de qualidade a popula\u00e7\u00e3o, principalmente, a popula\u00e7\u00e3o mais pobre\u201d, avalia.<\/p>\n<p>\u201cTenho a certeza que o partido sai fortalecido desse processo. Junto com o companheiro Fabr\u00edcio Rosa vamos construir uma alternativa socialista para o estado\u201d, afirma Weslei.<\/p>\n","protected":false},"excerpt":{"rendered":"<p>O PSOL j\u00e1 tem nomes para a disputa eleitoral em Goi\u00e1s, ap\u00f3s decis\u00e3o do Diret\u00f3rio Estadual do partido neste domingo (22): o professor Weslei Garcia \u00e9 o pr\u00e9-candidato do partido ao Pal\u00e1cio das Esmeraldas. O concorrente \u00e0 indica\u00e7\u00e3o pelo partido, o policial rodovi\u00e1rio federal Fabr\u00edcio Rosa, ser\u00e1 candidato ao Senado. Professor da rede p\u00fablica, Weslei [&hellip;]<\/p>\n","protected":false},"author":2,"featured_media":20619,"comment_status":"open","ping_status":"open","sticky":false,"template":"","format":"standard","meta":{"_acf_changed":false,"footnotes":""},"categories":[2165,654,6,14],"tags":[1604,623,387,2463],"class_list":{"0":"post-20617","1":"post","2":"type-post","3":"status-publish","4":"format-standard","5":"has-post-thumbnail","7":"category-eleicoes-2018","8":"category-estados","9":"category-noticias","10":"category-partido","11":"tag-eleicoes-2018","12":"tag-goias","13":"tag-governo","14":"tag-weslei-garcia"},"acf":[],"yoast_head":"<!-- This site is optimized with the Yoast SEO plugin v26.5 - https:\/\/yoast.com\/wordpress\/plugins\/seo\/ -->\n<title>Weslei Garcia \u00e9 o pr\u00e9-candidato do PSOL ao governo de Goi\u00e1s - PSOL 50<\/title>\n<meta name=\"robots\" content=\"index, follow, max-snippet:-1, max-image-preview:large, max-video-preview:-1\" \/>\n<link rel=\"canonical\" href=\"https:\/\/psol50.org.br\/weslei-garcia-e-o-pre-candidato-do-psol-ao-governo-de-goias\/\" \/>\n<meta property=\"og:locale\" content=\"pt_BR\" \/>\n<meta property=\"og:type\" content=\"article\" \/>\n<meta property=\"og:title\" content=\"Weslei Garcia \u00e9 o pr\u00e9-candidato do PSOL ao governo de Goi\u00e1s - PSOL 50\" \/>\n<meta property=\"og:description\" content=\"O PSOL j\u00e1 tem nomes para a disputa eleitoral em Goi\u00e1s, ap\u00f3s decis\u00e3o do Diret\u00f3rio Estadual do partido neste domingo (22): o professor Weslei Garcia \u00e9 o pr\u00e9-candidato do partido ao Pal\u00e1cio das Esmeraldas. O concorrente \u00e0 indica\u00e7\u00e3o pelo partido, o policial rodovi\u00e1rio federal Fabr\u00edcio Rosa, ser\u00e1 candidato ao Senado. Professor da rede p\u00fablica, Weslei [&hellip;]\" \/>\n<meta property=\"og:url\" content=\"https:\/\/psol50.org.br\/weslei-garcia-e-o-pre-candidato-do-psol-ao-governo-de-goias\/\" \/>\n<meta property=\"og:site_name\" content=\"PSOL 50\" \/>\n<meta property=\"article:publisher\" content=\"https:\/\/www.facebook.com\/psol50\" \/>\n<meta property=\"article:published_time\" content=\"2018-04-23T18:22:39+00:00\" \/>\n<meta property=\"og:image\" content=\"https:\/\/psol50.org.br\/inc\/uploads\/2018\/04\/WesleyGarcia.Divulgacao.jpg\" \/>\n\t<meta property=\"og:image:width\" content=\"1350\" \/>\n\t<meta property=\"og:image:height\" content=\"900\" \/>\n\t<meta property=\"og:image:type\" content=\"image\/jpeg\" \/>\n<meta name=\"author\" content=\"Comunica\u00e7\u00e3o PSOL\" \/>\n<meta name=\"twitter:card\" content=\"summary_large_image\" \/>\n<meta name=\"twitter:creator\" content=\"@psol50\" \/>\n<meta name=\"twitter:site\" content=\"@psol50\" \/>\n<meta name=\"twitter:label1\" content=\"Escrito por\" \/>\n\t<meta name=\"twitter:data1\" content=\"Comunica\u00e7\u00e3o PSOL\" \/>\n\t<meta name=\"twitter:label2\" content=\"Est. tempo de leitura\" \/>\n\t<meta name=\"twitter:data2\" content=\"2 minutos\" \/>\n<script type=\"application\/ld+json\" class=\"yoast-schema-graph\">{\"@context\":\"https:\/\/schema.org\",\"@graph\":[{\"@type\":\"Article\",\"@id\":\"https:\/\/psol50.org.br\/weslei-garcia-e-o-pre-candidato-do-psol-ao-governo-de-goias\/#article\",\"isPartOf\":{\"@id\":\"https:\/\/psol50.org.br\/weslei-garcia-e-o-pre-candidato-do-psol-ao-governo-de-goias\/\"},\"author\":{\"name\":\"Comunica\u00e7\u00e3o PSOL\",\"@id\":\"https:\/\/psol50.org.br\/#\/schema\/person\/475dfa57d0b815993c714c2e96491fcd\"},\"headline\":\"Weslei Garcia \u00e9 o pr\u00e9-candidato do PSOL ao governo de Goi\u00e1s\",\"datePublished\":\"2018-04-23T18:22:39+00:00\",\"mainEntityOfPage\":{\"@id\":\"https:\/\/psol50.org.br\/weslei-garcia-e-o-pre-candidato-do-psol-ao-governo-de-goias\/\"},\"wordCount\":408,\"commentCount\":0,\"publisher\":{\"@id\":\"https:\/\/psol50.org.br\/#organization\"},\"image\":{\"@id\":\"https:\/\/psol50.org.br\/weslei-garcia-e-o-pre-candidato-do-psol-ao-governo-de-goias\/#primaryimage\"},\"thumbnailUrl\":\"https:\/\/psol50.org.br\/inc\/uploads\/2018\/04\/WesleyGarcia.Divulgacao.jpg\",\"keywords\":[\"Elei\u00e7\u00f5es 2018\",\"Goi\u00e1s\",\"governo\",\"Weslei Garcia\"],\"articleSection\":[\"Elei\u00e7\u00f5es 2018\",\"Estados\",\"Not\u00edcias\",\"Partido\"],\"inLanguage\":\"pt-BR\",\"potentialAction\":[{\"@type\":\"CommentAction\",\"name\":\"Comment\",\"target\":[\"https:\/\/psol50.org.br\/weslei-garcia-e-o-pre-candidato-do-psol-ao-governo-de-goias\/#respond\"]}]},{\"@type\":\"WebPage\",\"@id\":\"https:\/\/psol50.org.br\/weslei-garcia-e-o-pre-candidato-do-psol-ao-governo-de-goias\/\",\"url\":\"https:\/\/psol50.org.br\/weslei-garcia-e-o-pre-candidato-do-psol-ao-governo-de-goias\/\",\"name\":\"Weslei Garcia \u00e9 o pr\u00e9-candidato do PSOL ao governo de Goi\u00e1s - PSOL 50\",\"isPartOf\":{\"@id\":\"https:\/\/psol50.org.br\/#website\"},\"primaryImageOfPage\":{\"@id\":\"https:\/\/psol50.org.br\/weslei-garcia-e-o-pre-candidato-do-psol-ao-governo-de-goias\/#primaryimage\"},\"image\":{\"@id\":\"https:\/\/psol50.org.br\/weslei-garcia-e-o-pre-candidato-do-psol-ao-governo-de-goias\/#primaryimage\"},\"thumbnailUrl\":\"https:\/\/psol50.org.br\/inc\/uploads\/2018\/04\/WesleyGarcia.Divulgacao.jpg\",\"datePublished\":\"2018-04-23T18:22:39+00:00\",\"breadcrumb\":{\"@id\":\"https:\/\/psol50.org.br\/weslei-garcia-e-o-pre-candidato-do-psol-ao-governo-de-goias\/#breadcrumb\"},\"inLanguage\":\"pt-BR\",\"potentialAction\":[{\"@type\":\"ReadAction\",\"target\":[\"https:\/\/psol50.org.br\/weslei-garcia-e-o-pre-candidato-do-psol-ao-governo-de-goias\/\"]}]},{\"@type\":\"ImageObject\",\"inLanguage\":\"pt-BR\",\"@id\":\"https:\/\/psol50.org.br\/weslei-garcia-e-o-pre-candidato-do-psol-ao-governo-de-goias\/#primaryimage\",\"url\":\"https:\/\/psol50.org.br\/inc\/uploads\/2018\/04\/WesleyGarcia.Divulgacao.jpg\",\"contentUrl\":\"https:\/\/psol50.org.br\/inc\/uploads\/2018\/04\/WesleyGarcia.Divulgacao.jpg\",\"width\":1350,\"height\":900},{\"@type\":\"BreadcrumbList\",\"@id\":\"https:\/\/psol50.org.br\/weslei-garcia-e-o-pre-candidato-do-psol-ao-governo-de-goias\/#breadcrumb\",\"itemListElement\":[{\"@type\":\"ListItem\",\"position\":1,\"name\":\"In\u00edcio\",\"item\":\"https:\/\/psol50.org.br\/\"},{\"@type\":\"ListItem\",\"position\":2,\"name\":\"Weslei Garcia \u00e9 o pr\u00e9-candidato do PSOL ao governo de Goi\u00e1s\"}]},{\"@type\":\"WebSite\",\"@id\":\"https:\/\/psol50.org.br\/#website\",\"url\":\"https:\/\/psol50.org.br\/\",\"name\":\"PSOL 50\",\"description\":\"Site oficial do Partido Socialismo e Liberdade\",\"publisher\":{\"@id\":\"https:\/\/psol50.org.br\/#organization\"},\"alternateName\":\"PSOL50\",\"potentialAction\":[{\"@type\":\"SearchAction\",\"target\":{\"@type\":\"EntryPoint\",\"urlTemplate\":\"https:\/\/psol50.org.br\/?s={search_term_string}\"},\"query-input\":{\"@type\":\"PropertyValueSpecification\",\"valueRequired\":true,\"valueName\":\"search_term_string\"}}],\"inLanguage\":\"pt-BR\"},{\"@type\":\"Organization\",\"@id\":\"https:\/\/psol50.org.br\/#organization\",\"name\":\"PSOL 50\",\"alternateName\":\"PSOL 50\",\"url\":\"https:\/\/psol50.org.br\/\",\"logo\":{\"@type\":\"ImageObject\",\"inLanguage\":\"pt-BR\",\"@id\":\"https:\/\/psol50.org.br\/#\/schema\/logo\/image\/\",\"url\":\"https:\/\/psol50.org.br\/inc\/uploads\/2018\/07\/capa.png\",\"contentUrl\":\"https:\/\/psol50.org.br\/inc\/uploads\/2018\/07\/capa.png\",\"width\":1350,\"height\":900,\"caption\":\"PSOL 50\"},\"image\":{\"@id\":\"https:\/\/psol50.org.br\/#\/schema\/logo\/image\/\"},\"sameAs\":[\"https:\/\/www.facebook.com\/psol50\",\"https:\/\/x.com\/psol50\",\"https:\/\/www.instagram.com\/psol50\/\",\"https:\/\/www.youtube.com\/channel\/UC7SnJS5o1os7a6CaiNabzcg\"]},{\"@type\":\"Person\",\"@id\":\"https:\/\/psol50.org.br\/#\/schema\/person\/475dfa57d0b815993c714c2e96491fcd\",\"name\":\"Comunica\u00e7\u00e3o PSOL\",\"image\":{\"@type\":\"ImageObject\",\"inLanguage\":\"pt-BR\",\"@id\":\"https:\/\/psol50.org.br\/#\/schema\/person\/image\/\",\"url\":\"https:\/\/secure.gravatar.com\/avatar\/b34fc4f4e468a4e51785917065a3db57b841f5c95dba6ad8c73aaf8f66f8f9bf?s=96&d=mm&r=g\",\"contentUrl\":\"https:\/\/secure.gravatar.com\/avatar\/b34fc4f4e468a4e51785917065a3db57b841f5c95dba6ad8c73aaf8f66f8f9bf?s=96&d=mm&r=g\",\"caption\":\"Comunica\u00e7\u00e3o PSOL\"}}]}<\/script>\n<!-- \/ Yoast SEO plugin. -->","yoast_head_json":{"title":"Weslei Garcia \u00e9 o pr\u00e9-candidato do PSOL ao governo de Goi\u00e1s - PSOL 50","robots":{"index":"index","follow":"follow","max-snippet":"max-snippet:-1","max-image-preview":"max-image-preview:large","max-video-preview":"max-video-preview:-1"},"canonical":"https:\/\/psol50.org.br\/weslei-garcia-e-o-pre-candidato-do-psol-ao-governo-de-goias\/","og_locale":"pt_BR","og_type":"article","og_title":"Weslei Garcia \u00e9 o pr\u00e9-candidato do PSOL ao governo de Goi\u00e1s - PSOL 50","og_description":"O PSOL j\u00e1 tem nomes para a disputa eleitoral em Goi\u00e1s, ap\u00f3s decis\u00e3o do Diret\u00f3rio Estadual do partido neste domingo (22): o professor Weslei Garcia \u00e9 o pr\u00e9-candidato do partido ao Pal\u00e1cio das Esmeraldas. O concorrente \u00e0 indica\u00e7\u00e3o pelo partido, o policial rodovi\u00e1rio federal Fabr\u00edcio Rosa, ser\u00e1 candidato ao Senado. Professor da rede p\u00fablica, Weslei [&hellip;]","og_url":"https:\/\/psol50.org.br\/weslei-garcia-e-o-pre-candidato-do-psol-ao-governo-de-goias\/","og_site_name":"PSOL 50","article_publisher":"https:\/\/www.facebook.com\/psol50","article_published_time":"2018-04-23T18:22:39+00:00","og_image":[{"width":1350,"height":900,"url":"https:\/\/psol50.org.br\/inc\/uploads\/2018\/04\/WesleyGarcia.Divulgacao.jpg","type":"image\/jpeg"}],"author":"Comunica\u00e7\u00e3o PSOL","twitter_card":"summary_large_image","twitter_creator":"@psol50","twitter_site":"@psol50","twitter_misc":{"Escrito por":"Comunica\u00e7\u00e3o PSOL","Est. tempo de leitura":"2 minutos"},"schema":{"@context":"https:\/\/schema.org","@graph":[{"@type":"Article","@id":"https:\/\/psol50.org.br\/weslei-garcia-e-o-pre-candidato-do-psol-ao-governo-de-goias\/#article","isPartOf":{"@id":"https:\/\/psol50.org.br\/weslei-garcia-e-o-pre-candidato-do-psol-ao-governo-de-goias\/"},"author":{"name":"Comunica\u00e7\u00e3o PSOL","@id":"https:\/\/psol50.org.br\/#\/schema\/person\/475dfa57d0b815993c714c2e96491fcd"},"headline":"Weslei Garcia \u00e9 o pr\u00e9-candidato do PSOL ao governo de Goi\u00e1s","datePublished":"2018-04-23T18:22:39+00:00","mainEntityOfPage":{"@id":"https:\/\/psol50.org.br\/weslei-garcia-e-o-pre-candidato-do-psol-ao-governo-de-goias\/"},"wordCount":408,"commentCount":0,"publisher":{"@id":"https:\/\/psol50.org.br\/#organization"},"image":{"@id":"https:\/\/psol50.org.br\/weslei-garcia-e-o-pre-candidato-do-psol-ao-governo-de-goias\/#primaryimage"},"thumbnailUrl":"https:\/\/psol50.org.br\/inc\/uploads\/2018\/04\/WesleyGarcia.Divulgacao.jpg","keywords":["Elei\u00e7\u00f5es 2018","Goi\u00e1s","governo","Weslei Garcia"],"articleSection":["Elei\u00e7\u00f5es 2018","Estados","Not\u00edcias","Partido"],"inLanguage":"pt-BR","potentialAction":[{"@type":"CommentAction","name":"Comment","target":["https:\/\/psol50.org.br\/weslei-garcia-e-o-pre-candidato-do-psol-ao-governo-de-goias\/#respond"]}]},{"@type":"WebPage","@id":"https:\/\/psol50.org.br\/weslei-garcia-e-o-pre-candidato-do-psol-ao-governo-de-goias\/","url":"https:\/\/psol50.org.br\/weslei-garcia-e-o-pre-candidato-do-psol-ao-governo-de-goias\/","name":"Weslei Garcia \u00e9 o pr\u00e9-candidato do PSOL ao governo de Goi\u00e1s - PSOL 50","isPartOf":{"@id":"https:\/\/psol50.org.br\/#website"},"primaryImageOfPage":{"@id":"https:\/\/psol50.org.br\/weslei-garcia-e-o-pre-candidato-do-psol-ao-governo-de-goias\/#primaryimage"},"image":{"@id":"https:\/\/psol50.org.br\/weslei-garcia-e-o-pre-candidato-do-psol-ao-governo-de-goias\/#primaryimage"},"thumbnailUrl":"https:\/\/psol50.org.br\/inc\/uploads\/2018\/04\/WesleyGarcia.Divulgacao.jpg","datePublished":"2018-04-23T18:22:39+00:00","breadcrumb":{"@id":"https:\/\/psol50.org.br\/weslei-garcia-e-o-pre-candidato-do-psol-ao-governo-de-goias\/#breadcrumb"},"inLanguage":"pt-BR","potentialAction":[{"@type":"ReadAction","target":["https:\/\/psol50.org.br\/weslei-garcia-e-o-pre-candidato-do-psol-ao-governo-de-goias\/"]}]},{"@type":"ImageObject","inLanguage":"pt-BR","@id":"https:\/\/psol50.org.br\/weslei-garcia-e-o-pre-candidato-do-psol-ao-governo-de-goias\/#primaryimage","url":"https:\/\/psol50.org.br\/inc\/uploads\/2018\/04\/WesleyGarcia.Divulgacao.jpg","contentUrl":"https:\/\/psol50.org.br\/inc\/uploads\/2018\/04\/WesleyGarcia.Divulgacao.jpg","width":1350,"height":900},{"@type":"BreadcrumbList","@id":"https:\/\/psol50.org.br\/weslei-garcia-e-o-pre-candidato-do-psol-ao-governo-de-goias\/#breadcrumb","itemListElement":[{"@type":"ListItem","position":1,"name":"In\u00edcio","item":"https:\/\/psol50.org.br\/"},{"@type":"ListItem","position":2,"name":"Weslei Garcia \u00e9 o pr\u00e9-candidato do PSOL ao governo de Goi\u00e1s"}]},{"@type":"WebSite","@id":"https:\/\/psol50.org.br\/#website","url":"https:\/\/psol50.org.br\/","name":"PSOL 50","description":"Site oficial do Partido Socialismo e Liberdade","publisher":{"@id":"https:\/\/psol50.org.br\/#organization"},"alternateName":"PSOL50","potentialAction":[{"@type":"SearchAction","target":{"@type":"EntryPoint","urlTemplate":"https:\/\/psol50.org.br\/?s={search_term_string}"},"query-input":{"@type":"PropertyValueSpecification","valueRequired":true,"valueName":"search_term_string"}}],"inLanguage":"pt-BR"},{"@type":"Organization","@id":"https:\/\/psol50.org.br\/#organization","name":"PSOL 50","alternateName":"PSOL 50","url":"https:\/\/psol50.org.br\/","logo":{"@type":"ImageObject","inLanguage":"pt-BR","@id":"https:\/\/psol50.org.br\/#\/schema\/logo\/image\/","url":"https:\/\/psol50.org.br\/inc\/uploads\/2018\/07\/capa.png","contentUrl":"https:\/\/psol50.org.br\/inc\/uploads\/2018\/07\/capa.png","width":1350,"height":900,"caption":"PSOL 50"},"image":{"@id":"https:\/\/psol50.org.br\/#\/schema\/logo\/image\/"},"sameAs":["https:\/\/www.facebook.com\/psol50","https:\/\/x.com\/psol50","https:\/\/www.instagram.com\/psol50\/","https:\/\/www.youtube.com\/channel\/UC7SnJS5o1os7a6CaiNabzcg"]},{"@type":"Person","@id":"https:\/\/psol50.org.br\/#\/schema\/person\/475dfa57d0b815993c714c2e96491fcd","name":"Comunica\u00e7\u00e3o PSOL","image":{"@type":"ImageObject","inLanguage":"pt-BR","@id":"https:\/\/psol50.org.br\/#\/schema\/person\/image\/","url":"https:\/\/secure.gravatar.com\/avatar\/b34fc4f4e468a4e51785917065a3db57b841f5c95dba6ad8c73aaf8f66f8f9bf?s=96&d=mm&r=g","contentUrl":"https:\/\/secure.gravatar.com\/avatar\/b34fc4f4e468a4e51785917065a3db57b841f5c95dba6ad8c73aaf8f66f8f9bf?s=96&d=mm&r=g","caption":"Comunica\u00e7\u00e3o PSOL"}}]}},"_links":{"self":[{"href":"https:\/\/psol50.org.br\/rest\/wp\/v2\/posts\/20617","targetHints":{"allow":["GET"]}}],"collection":[{"href":"https:\/\/psol50.org.br\/rest\/wp\/v2\/posts"}],"about":[{"href":"https:\/\/psol50.org.br\/rest\/wp\/v2\/types\/post"}],"author":[{"embeddable":true,"href":"https:\/\/psol50.org.br\/rest\/wp\/v2\/users\/2"}],"replies":[{"embeddable":true,"href":"https:\/\/psol50.org.br\/rest\/wp\/v2\/comments?post=20617"}],"version-history":[{"count":0,"href":"https:\/\/psol50.org.br\/rest\/wp\/v2\/posts\/20617\/revisions"}],"wp:featuredmedia":[{"embeddable":true,"href":"https:\/\/psol50.org.br\/rest\/wp\/v2\/media\/20619"}],"wp:attachment":[{"href":"https:\/\/psol50.org.br\/rest\/wp\/v2\/media?parent=20617"}],"wp:term":[{"taxonomy":"category","embeddable":true,"href":"https:\/\/psol50.org.br\/rest\/wp\/v2\/categories?post=20617"},{"taxonomy":"post_tag","embeddable":true,"href":"https:\/\/psol50.org.br\/rest\/wp\/v2\/tags?post=20617"}],"curies":[{"name":"wp","href":"https:\/\/api.w.org\/{rel}","templated":true}]}}