{"id":2062,"date":"2013-06-14T00:00:00","date_gmt":"2013-06-14T00:00:00","guid":{"rendered":"http:\/\/psol50.org.br\/arquivo\/2013\/06\/14\/jean-wyllys-cobra-explicacoes-do-ministro-da-justica-sobre-declaracoes-referentes-a-protestos-em-sao-paulo-e-no-rio\/"},"modified":"2013-06-14T00:00:00","modified_gmt":"2013-06-14T00:00:00","slug":"jean-wyllys-cobra-explicacoes-do-ministro-da-justica-sobre-declaracoes-referentes-a-protestos-em-sao-paulo-e-no-rio","status":"publish","type":"post","link":"https:\/\/psol50.org.br\/jean-wyllys-cobra-explicacoes-do-ministro-da-justica-sobre-declaracoes-referentes-a-protestos-em-sao-paulo-e-no-rio\/","title":{"rendered":"Jean Wyllys cobra explica\u00e7\u00f5es do ministro da Justi\u00e7a sobre declara\u00e7\u00f5es referentes a protestos em S\u00e3o Paulo e no Rio"},"content":{"rendered":"<div style=\"text-align: justify;\">\n\tO deputado Jean Wyllys protocolou, na tarde desta quinta-feira (13), Requerimento de Informa\u00e7\u00e3o (RI) n\u00ba 3302\/2013 solicitando ao ministro da Justi\u00e7a, Jos\u00e9 Eduardo Cardozo, informa\u00e7\u00f5es sobre declara\u00e7\u00f5es feitas pelo ministro referente \u00e0s manifesta\u00e7\u00f5es de movimentos sociais contr\u00e1rios ao aumento de tarifas do transporte p\u00fablico em S\u00e3o Paulo.<br \/>\n\t&nbsp;<br \/>\n\tSegundo Wyllys, o ministro da Justi\u00e7a deu declara\u00e7\u00f5es que se alinham com as tentativas da m\u00eddia e dos governos estaduais de criminaliza\u00e7\u00e3o dos movimentos populares. Al\u00e9m das declara\u00e7\u00f5es e de acordo com v\u00e1rios ve\u00edculos de informa\u00e7\u00e3o, continua Wyllys na justificativa, o ministro teria solicitado \u00e0 Pol\u00edcia Federal informa\u00e7\u00f5es sobre os atos de viol\u00eancia em S\u00e3o Paulo e tamb\u00e9m no Rio de Janeiro.<br \/>\n\t&nbsp;<br \/>\n\tA atua\u00e7\u00e3o da Pol\u00edcia Federal tamb\u00e9m \u00e9 questionada pelo deputado do PSOL no requerimento, com o objetivo de saber se ela se restringir\u00e1 a coletar informa\u00e7\u00f5es dos manifestantes ou investigar\u00e1 tamb\u00e9m os excessos cometidos pela pol\u00edcia estadual, conforme atestam alguns v\u00eddeos dispon\u00edveis na web.<br \/>\n\t&nbsp;<br \/>\n\tO deputado Jean Wyllys faz os seguintes questionamentos ao Minist\u00e9rio da Justi\u00e7a:<br \/>\n\t\u201c- V.Exa., em declara\u00e7\u00f5es dadas \u00e0 imprensa, afirmou que solicitou \u00e0 Pol\u00edcia Federal informa\u00e7\u00f5es sobre os atos de viol\u00eancia em S\u00e3o Paulo e tamb\u00e9m no Rio de Janeiro?<br \/>\n\t&#8211; Com base em que dispositivo legal a Pol\u00edcia Federal, seguindo sua determina\u00e7\u00e3o, poderia coletar tais informa\u00e7\u00f5es? Trata-se de abertura de investiga\u00e7\u00e3o no \u00e2mbito da Pol\u00edcia Federal acerca de delitos de compet\u00eancia estadual?<br \/>\n\t&#8211; Qual a finalidade da obten\u00e7\u00e3o das informa\u00e7\u00f5es solicitadas?<br \/>\n\t&#8211; Houve algum pedido feito pelo governo do Estado de S\u00e3o Paulo ou do Rio de Janeiro para a atua\u00e7\u00e3o da Pol\u00edcia Federal?<br \/>\n\t&#8211; Quantos policiais federais ser\u00e3o alocados para cumprir a determina\u00e7\u00e3o de V.Exa.? Esses policiais, que atualmente est\u00e3o alocados para a preven\u00e7\u00e3o ou repress\u00e3o de crimes da compet\u00eancia da Pol\u00edcia Federal, n\u00e3o far\u00e3o falta nos locais onde atuam?<br \/>\n\t&#8211; Pelas declara\u00e7\u00f5es atribu\u00eddas \u00e0 V.Exa., percebe-se uma tend\u00eancia para que tais informa\u00e7\u00f5es restrinjam-se aos manifestantes, numa clara tentativa de criminaliza\u00e7\u00e3o dos movimentos sociais. A atua\u00e7\u00e3o da Pol\u00edcia Federal se restringir\u00e1 a coletar informa\u00e7\u00f5es dos manifestantes ou investigar\u00e1 tamb\u00e9m os excessos cometidos pela pol\u00edcia estadual?\u201d.<br \/>\n\t&nbsp;<\/div>\n<p>&nbsp;<\/p>\n","protected":false},"excerpt":{"rendered":"<p>O deputado Jean Wyllys protocolou, na tarde desta quinta-feira (13), Requerimento de Informa\u00e7\u00e3o (RI) n\u00ba 3302\/2013 solicitando ao ministro da Justi\u00e7a, Jos\u00e9 Eduardo Cardozo, informa\u00e7\u00f5es sobre declara\u00e7\u00f5es feitas pelo ministro referente \u00e0s manifesta\u00e7\u00f5es de movimentos sociais contr\u00e1rios ao aumento de tarifas do transporte p\u00fablico em S\u00e3o Paulo. &nbsp; Segundo Wyllys, o ministro da Justi\u00e7a deu [&hellip;]<\/p>\n","protected":false},"author":2,"featured_media":0,"comment_status":"open","ping_status":"open","sticky":false,"template":"","format":"standard","meta":{"_acf_changed":false,"footnotes":""},"categories":[10,4766],"tags":[],"class_list":{"0":"post-2062","1":"post","2":"type-post","3":"status-publish","4":"format-standard","6":"category-acao-parlamentares","7":"category-arquivo"},"acf":[],"yoast_head":"<!-- This site is optimized with the Yoast SEO plugin v26.5 - https:\/\/yoast.com\/wordpress\/plugins\/seo\/ -->\n<title>Jean Wyllys cobra explica\u00e7\u00f5es do ministro da Justi\u00e7a sobre declara\u00e7\u00f5es referentes a protestos em S\u00e3o Paulo e no Rio - PSOL 50<\/title>\n<meta name=\"robots\" content=\"index, follow, max-snippet:-1, max-image-preview:large, max-video-preview:-1\" \/>\n<link rel=\"canonical\" href=\"https:\/\/psol50.org.br\/jean-wyllys-cobra-explicacoes-do-ministro-da-justica-sobre-declaracoes-referentes-a-protestos-em-sao-paulo-e-no-rio\/\" \/>\n<meta property=\"og:locale\" content=\"pt_BR\" \/>\n<meta property=\"og:type\" content=\"article\" \/>\n<meta property=\"og:title\" content=\"Jean Wyllys cobra explica\u00e7\u00f5es do ministro da Justi\u00e7a sobre declara\u00e7\u00f5es referentes a protestos em S\u00e3o Paulo e no Rio - PSOL 50\" \/>\n<meta property=\"og:description\" content=\"O deputado Jean Wyllys protocolou, na tarde desta quinta-feira (13), Requerimento de Informa\u00e7\u00e3o (RI) n\u00ba 3302\/2013 solicitando ao ministro da Justi\u00e7a, Jos\u00e9 Eduardo Cardozo, informa\u00e7\u00f5es sobre declara\u00e7\u00f5es feitas pelo ministro referente \u00e0s manifesta\u00e7\u00f5es de movimentos sociais contr\u00e1rios ao aumento de tarifas do transporte p\u00fablico em S\u00e3o Paulo. &nbsp; Segundo Wyllys, o ministro da Justi\u00e7a deu [&hellip;]\" \/>\n<meta property=\"og:url\" content=\"https:\/\/psol50.org.br\/jean-wyllys-cobra-explicacoes-do-ministro-da-justica-sobre-declaracoes-referentes-a-protestos-em-sao-paulo-e-no-rio\/\" \/>\n<meta property=\"og:site_name\" content=\"PSOL 50\" \/>\n<meta property=\"article:publisher\" content=\"https:\/\/www.facebook.com\/psol50\" \/>\n<meta property=\"article:published_time\" content=\"2013-06-14T00:00:00+00:00\" \/>\n<meta property=\"og:image\" content=\"https:\/\/psol50.org.br\/inc\/uploads\/2018\/07\/capa.png\" \/>\n\t<meta property=\"og:image:width\" content=\"1350\" \/>\n\t<meta property=\"og:image:height\" content=\"900\" \/>\n\t<meta property=\"og:image:type\" content=\"image\/png\" \/>\n<meta name=\"author\" content=\"Comunica\u00e7\u00e3o PSOL\" \/>\n<meta name=\"twitter:card\" content=\"summary_large_image\" \/>\n<meta name=\"twitter:creator\" content=\"@psol50\" \/>\n<meta name=\"twitter:site\" content=\"@psol50\" \/>\n<meta name=\"twitter:label1\" content=\"Escrito por\" \/>\n\t<meta name=\"twitter:data1\" content=\"Comunica\u00e7\u00e3o PSOL\" \/>\n\t<meta name=\"twitter:label2\" content=\"Est. tempo de leitura\" \/>\n\t<meta name=\"twitter:data2\" content=\"2 minutos\" \/>\n<script type=\"application\/ld+json\" class=\"yoast-schema-graph\">{\"@context\":\"https:\/\/schema.org\",\"@graph\":[{\"@type\":\"Article\",\"@id\":\"https:\/\/psol50.org.br\/jean-wyllys-cobra-explicacoes-do-ministro-da-justica-sobre-declaracoes-referentes-a-protestos-em-sao-paulo-e-no-rio\/#article\",\"isPartOf\":{\"@id\":\"https:\/\/psol50.org.br\/jean-wyllys-cobra-explicacoes-do-ministro-da-justica-sobre-declaracoes-referentes-a-protestos-em-sao-paulo-e-no-rio\/\"},\"author\":{\"name\":\"Comunica\u00e7\u00e3o PSOL\",\"@id\":\"https:\/\/psol50.org.br\/#\/schema\/person\/475dfa57d0b815993c714c2e96491fcd\"},\"headline\":\"Jean Wyllys cobra explica\u00e7\u00f5es do ministro da Justi\u00e7a sobre declara\u00e7\u00f5es referentes a protestos em S\u00e3o Paulo e no Rio\",\"datePublished\":\"2013-06-14T00:00:00+00:00\",\"mainEntityOfPage\":{\"@id\":\"https:\/\/psol50.org.br\/jean-wyllys-cobra-explicacoes-do-ministro-da-justica-sobre-declaracoes-referentes-a-protestos-em-sao-paulo-e-no-rio\/\"},\"wordCount\":432,\"commentCount\":0,\"publisher\":{\"@id\":\"https:\/\/psol50.org.br\/#organization\"},\"articleSection\":[\"A\u00e7\u00e3o Parlamentar\",\"Arquivo\"],\"inLanguage\":\"pt-BR\",\"potentialAction\":[{\"@type\":\"CommentAction\",\"name\":\"Comment\",\"target\":[\"https:\/\/psol50.org.br\/jean-wyllys-cobra-explicacoes-do-ministro-da-justica-sobre-declaracoes-referentes-a-protestos-em-sao-paulo-e-no-rio\/#respond\"]}]},{\"@type\":\"WebPage\",\"@id\":\"https:\/\/psol50.org.br\/jean-wyllys-cobra-explicacoes-do-ministro-da-justica-sobre-declaracoes-referentes-a-protestos-em-sao-paulo-e-no-rio\/\",\"url\":\"https:\/\/psol50.org.br\/jean-wyllys-cobra-explicacoes-do-ministro-da-justica-sobre-declaracoes-referentes-a-protestos-em-sao-paulo-e-no-rio\/\",\"name\":\"Jean Wyllys cobra explica\u00e7\u00f5es do ministro da Justi\u00e7a sobre declara\u00e7\u00f5es referentes a protestos em S\u00e3o Paulo e no Rio - PSOL 50\",\"isPartOf\":{\"@id\":\"https:\/\/psol50.org.br\/#website\"},\"datePublished\":\"2013-06-14T00:00:00+00:00\",\"breadcrumb\":{\"@id\":\"https:\/\/psol50.org.br\/jean-wyllys-cobra-explicacoes-do-ministro-da-justica-sobre-declaracoes-referentes-a-protestos-em-sao-paulo-e-no-rio\/#breadcrumb\"},\"inLanguage\":\"pt-BR\",\"potentialAction\":[{\"@type\":\"ReadAction\",\"target\":[\"https:\/\/psol50.org.br\/jean-wyllys-cobra-explicacoes-do-ministro-da-justica-sobre-declaracoes-referentes-a-protestos-em-sao-paulo-e-no-rio\/\"]}]},{\"@type\":\"BreadcrumbList\",\"@id\":\"https:\/\/psol50.org.br\/jean-wyllys-cobra-explicacoes-do-ministro-da-justica-sobre-declaracoes-referentes-a-protestos-em-sao-paulo-e-no-rio\/#breadcrumb\",\"itemListElement\":[{\"@type\":\"ListItem\",\"position\":1,\"name\":\"In\u00edcio\",\"item\":\"https:\/\/psol50.org.br\/\"},{\"@type\":\"ListItem\",\"position\":2,\"name\":\"Jean Wyllys cobra explica\u00e7\u00f5es do ministro da Justi\u00e7a sobre declara\u00e7\u00f5es referentes a protestos em S\u00e3o Paulo e no Rio\"}]},{\"@type\":\"WebSite\",\"@id\":\"https:\/\/psol50.org.br\/#website\",\"url\":\"https:\/\/psol50.org.br\/\",\"name\":\"PSOL 50\",\"description\":\"Site oficial do Partido Socialismo e Liberdade\",\"publisher\":{\"@id\":\"https:\/\/psol50.org.br\/#organization\"},\"alternateName\":\"PSOL50\",\"potentialAction\":[{\"@type\":\"SearchAction\",\"target\":{\"@type\":\"EntryPoint\",\"urlTemplate\":\"https:\/\/psol50.org.br\/?s={search_term_string}\"},\"query-input\":{\"@type\":\"PropertyValueSpecification\",\"valueRequired\":true,\"valueName\":\"search_term_string\"}}],\"inLanguage\":\"pt-BR\"},{\"@type\":\"Organization\",\"@id\":\"https:\/\/psol50.org.br\/#organization\",\"name\":\"PSOL 50\",\"alternateName\":\"PSOL 50\",\"url\":\"https:\/\/psol50.org.br\/\",\"logo\":{\"@type\":\"ImageObject\",\"inLanguage\":\"pt-BR\",\"@id\":\"https:\/\/psol50.org.br\/#\/schema\/logo\/image\/\",\"url\":\"https:\/\/psol50.org.br\/inc\/uploads\/2018\/07\/capa.png\",\"contentUrl\":\"https:\/\/psol50.org.br\/inc\/uploads\/2018\/07\/capa.png\",\"width\":1350,\"height\":900,\"caption\":\"PSOL 50\"},\"image\":{\"@id\":\"https:\/\/psol50.org.br\/#\/schema\/logo\/image\/\"},\"sameAs\":[\"https:\/\/www.facebook.com\/psol50\",\"https:\/\/x.com\/psol50\",\"https:\/\/www.instagram.com\/psol50\/\",\"https:\/\/www.youtube.com\/channel\/UC7SnJS5o1os7a6CaiNabzcg\"]},{\"@type\":\"Person\",\"@id\":\"https:\/\/psol50.org.br\/#\/schema\/person\/475dfa57d0b815993c714c2e96491fcd\",\"name\":\"Comunica\u00e7\u00e3o PSOL\",\"image\":{\"@type\":\"ImageObject\",\"inLanguage\":\"pt-BR\",\"@id\":\"https:\/\/psol50.org.br\/#\/schema\/person\/image\/\",\"url\":\"https:\/\/secure.gravatar.com\/avatar\/b34fc4f4e468a4e51785917065a3db57b841f5c95dba6ad8c73aaf8f66f8f9bf?s=96&d=mm&r=g\",\"contentUrl\":\"https:\/\/secure.gravatar.com\/avatar\/b34fc4f4e468a4e51785917065a3db57b841f5c95dba6ad8c73aaf8f66f8f9bf?s=96&d=mm&r=g\",\"caption\":\"Comunica\u00e7\u00e3o PSOL\"}}]}<\/script>\n<!-- \/ Yoast SEO plugin. -->","yoast_head_json":{"title":"Jean Wyllys cobra explica\u00e7\u00f5es do ministro da Justi\u00e7a sobre declara\u00e7\u00f5es referentes a protestos em S\u00e3o Paulo e no Rio - PSOL 50","robots":{"index":"index","follow":"follow","max-snippet":"max-snippet:-1","max-image-preview":"max-image-preview:large","max-video-preview":"max-video-preview:-1"},"canonical":"https:\/\/psol50.org.br\/jean-wyllys-cobra-explicacoes-do-ministro-da-justica-sobre-declaracoes-referentes-a-protestos-em-sao-paulo-e-no-rio\/","og_locale":"pt_BR","og_type":"article","og_title":"Jean Wyllys cobra explica\u00e7\u00f5es do ministro da Justi\u00e7a sobre declara\u00e7\u00f5es referentes a protestos em S\u00e3o Paulo e no Rio - PSOL 50","og_description":"O deputado Jean Wyllys protocolou, na tarde desta quinta-feira (13), Requerimento de Informa\u00e7\u00e3o (RI) n\u00ba 3302\/2013 solicitando ao ministro da Justi\u00e7a, Jos\u00e9 Eduardo Cardozo, informa\u00e7\u00f5es sobre declara\u00e7\u00f5es feitas pelo ministro referente \u00e0s manifesta\u00e7\u00f5es de movimentos sociais contr\u00e1rios ao aumento de tarifas do transporte p\u00fablico em S\u00e3o Paulo. &nbsp; Segundo Wyllys, o ministro da Justi\u00e7a deu [&hellip;]","og_url":"https:\/\/psol50.org.br\/jean-wyllys-cobra-explicacoes-do-ministro-da-justica-sobre-declaracoes-referentes-a-protestos-em-sao-paulo-e-no-rio\/","og_site_name":"PSOL 50","article_publisher":"https:\/\/www.facebook.com\/psol50","article_published_time":"2013-06-14T00:00:00+00:00","og_image":[{"width":1350,"height":900,"url":"https:\/\/psol50.org.br\/inc\/uploads\/2018\/07\/capa.png","type":"image\/png"}],"author":"Comunica\u00e7\u00e3o PSOL","twitter_card":"summary_large_image","twitter_creator":"@psol50","twitter_site":"@psol50","twitter_misc":{"Escrito por":"Comunica\u00e7\u00e3o PSOL","Est. tempo de leitura":"2 minutos"},"schema":{"@context":"https:\/\/schema.org","@graph":[{"@type":"Article","@id":"https:\/\/psol50.org.br\/jean-wyllys-cobra-explicacoes-do-ministro-da-justica-sobre-declaracoes-referentes-a-protestos-em-sao-paulo-e-no-rio\/#article","isPartOf":{"@id":"https:\/\/psol50.org.br\/jean-wyllys-cobra-explicacoes-do-ministro-da-justica-sobre-declaracoes-referentes-a-protestos-em-sao-paulo-e-no-rio\/"},"author":{"name":"Comunica\u00e7\u00e3o PSOL","@id":"https:\/\/psol50.org.br\/#\/schema\/person\/475dfa57d0b815993c714c2e96491fcd"},"headline":"Jean Wyllys cobra explica\u00e7\u00f5es do ministro da Justi\u00e7a sobre declara\u00e7\u00f5es referentes a protestos em S\u00e3o Paulo e no Rio","datePublished":"2013-06-14T00:00:00+00:00","mainEntityOfPage":{"@id":"https:\/\/psol50.org.br\/jean-wyllys-cobra-explicacoes-do-ministro-da-justica-sobre-declaracoes-referentes-a-protestos-em-sao-paulo-e-no-rio\/"},"wordCount":432,"commentCount":0,"publisher":{"@id":"https:\/\/psol50.org.br\/#organization"},"articleSection":["A\u00e7\u00e3o Parlamentar","Arquivo"],"inLanguage":"pt-BR","potentialAction":[{"@type":"CommentAction","name":"Comment","target":["https:\/\/psol50.org.br\/jean-wyllys-cobra-explicacoes-do-ministro-da-justica-sobre-declaracoes-referentes-a-protestos-em-sao-paulo-e-no-rio\/#respond"]}]},{"@type":"WebPage","@id":"https:\/\/psol50.org.br\/jean-wyllys-cobra-explicacoes-do-ministro-da-justica-sobre-declaracoes-referentes-a-protestos-em-sao-paulo-e-no-rio\/","url":"https:\/\/psol50.org.br\/jean-wyllys-cobra-explicacoes-do-ministro-da-justica-sobre-declaracoes-referentes-a-protestos-em-sao-paulo-e-no-rio\/","name":"Jean Wyllys cobra explica\u00e7\u00f5es do ministro da Justi\u00e7a sobre declara\u00e7\u00f5es referentes a protestos em S\u00e3o Paulo e no Rio - PSOL 50","isPartOf":{"@id":"https:\/\/psol50.org.br\/#website"},"datePublished":"2013-06-14T00:00:00+00:00","breadcrumb":{"@id":"https:\/\/psol50.org.br\/jean-wyllys-cobra-explicacoes-do-ministro-da-justica-sobre-declaracoes-referentes-a-protestos-em-sao-paulo-e-no-rio\/#breadcrumb"},"inLanguage":"pt-BR","potentialAction":[{"@type":"ReadAction","target":["https:\/\/psol50.org.br\/jean-wyllys-cobra-explicacoes-do-ministro-da-justica-sobre-declaracoes-referentes-a-protestos-em-sao-paulo-e-no-rio\/"]}]},{"@type":"BreadcrumbList","@id":"https:\/\/psol50.org.br\/jean-wyllys-cobra-explicacoes-do-ministro-da-justica-sobre-declaracoes-referentes-a-protestos-em-sao-paulo-e-no-rio\/#breadcrumb","itemListElement":[{"@type":"ListItem","position":1,"name":"In\u00edcio","item":"https:\/\/psol50.org.br\/"},{"@type":"ListItem","position":2,"name":"Jean Wyllys cobra explica\u00e7\u00f5es do ministro da Justi\u00e7a sobre declara\u00e7\u00f5es referentes a protestos em S\u00e3o Paulo e no Rio"}]},{"@type":"WebSite","@id":"https:\/\/psol50.org.br\/#website","url":"https:\/\/psol50.org.br\/","name":"PSOL 50","description":"Site oficial do Partido Socialismo e Liberdade","publisher":{"@id":"https:\/\/psol50.org.br\/#organization"},"alternateName":"PSOL50","potentialAction":[{"@type":"SearchAction","target":{"@type":"EntryPoint","urlTemplate":"https:\/\/psol50.org.br\/?s={search_term_string}"},"query-input":{"@type":"PropertyValueSpecification","valueRequired":true,"valueName":"search_term_string"}}],"inLanguage":"pt-BR"},{"@type":"Organization","@id":"https:\/\/psol50.org.br\/#organization","name":"PSOL 50","alternateName":"PSOL 50","url":"https:\/\/psol50.org.br\/","logo":{"@type":"ImageObject","inLanguage":"pt-BR","@id":"https:\/\/psol50.org.br\/#\/schema\/logo\/image\/","url":"https:\/\/psol50.org.br\/inc\/uploads\/2018\/07\/capa.png","contentUrl":"https:\/\/psol50.org.br\/inc\/uploads\/2018\/07\/capa.png","width":1350,"height":900,"caption":"PSOL 50"},"image":{"@id":"https:\/\/psol50.org.br\/#\/schema\/logo\/image\/"},"sameAs":["https:\/\/www.facebook.com\/psol50","https:\/\/x.com\/psol50","https:\/\/www.instagram.com\/psol50\/","https:\/\/www.youtube.com\/channel\/UC7SnJS5o1os7a6CaiNabzcg"]},{"@type":"Person","@id":"https:\/\/psol50.org.br\/#\/schema\/person\/475dfa57d0b815993c714c2e96491fcd","name":"Comunica\u00e7\u00e3o PSOL","image":{"@type":"ImageObject","inLanguage":"pt-BR","@id":"https:\/\/psol50.org.br\/#\/schema\/person\/image\/","url":"https:\/\/secure.gravatar.com\/avatar\/b34fc4f4e468a4e51785917065a3db57b841f5c95dba6ad8c73aaf8f66f8f9bf?s=96&d=mm&r=g","contentUrl":"https:\/\/secure.gravatar.com\/avatar\/b34fc4f4e468a4e51785917065a3db57b841f5c95dba6ad8c73aaf8f66f8f9bf?s=96&d=mm&r=g","caption":"Comunica\u00e7\u00e3o PSOL"}}]}},"_links":{"self":[{"href":"https:\/\/psol50.org.br\/rest\/wp\/v2\/posts\/2062","targetHints":{"allow":["GET"]}}],"collection":[{"href":"https:\/\/psol50.org.br\/rest\/wp\/v2\/posts"}],"about":[{"href":"https:\/\/psol50.org.br\/rest\/wp\/v2\/types\/post"}],"author":[{"embeddable":true,"href":"https:\/\/psol50.org.br\/rest\/wp\/v2\/users\/2"}],"replies":[{"embeddable":true,"href":"https:\/\/psol50.org.br\/rest\/wp\/v2\/comments?post=2062"}],"version-history":[{"count":0,"href":"https:\/\/psol50.org.br\/rest\/wp\/v2\/posts\/2062\/revisions"}],"wp:attachment":[{"href":"https:\/\/psol50.org.br\/rest\/wp\/v2\/media?parent=2062"}],"wp:term":[{"taxonomy":"category","embeddable":true,"href":"https:\/\/psol50.org.br\/rest\/wp\/v2\/categories?post=2062"},{"taxonomy":"post_tag","embeddable":true,"href":"https:\/\/psol50.org.br\/rest\/wp\/v2\/tags?post=2062"}],"curies":[{"name":"wp","href":"https:\/\/api.w.org\/{rel}","templated":true}]}}