{"id":20624,"date":"2018-04-24T11:42:56","date_gmt":"2018-04-24T14:42:56","guid":{"rendered":"http:\/\/www.psol50.org.br\/?p=20624"},"modified":"2018-04-24T11:42:56","modified_gmt":"2018-04-24T14:42:56","slug":"israel-dutra-e-erick-andrade-franca-sob-macron-unidade-entre-estudantes-e-trabalhadores-assusta-os-poderosos","status":"publish","type":"post","link":"https:\/\/psol50.org.br\/israel-dutra-e-erick-andrade-franca-sob-macron-unidade-entre-estudantes-e-trabalhadores-assusta-os-poderosos\/","title":{"rendered":"Israel Dutra e Erick Andrade | Fran\u00e7a sob Macron: unidade entre estudantes e trabalhadores assusta os poderosos"},"content":{"rendered":"<p>Desde que foi eleito, Emmanuel Macron v\u00eam reafirmando seu papel na administra\u00e7\u00e3o da crise, jogando seu peso nas costas do povo e aumentando as condi\u00e7\u00f5es de explora\u00e7\u00e3o dos de baixo em detrimento da salva\u00e7\u00e3o do poderio dos de cima. A Greve Interprofissional da \u00faltima quinta (19\/04) marcou um ciclo de lutas que se estende desde janeiro, quando a Reforma Trabalhista de Macron entrou em vigor. H\u00e1 uma demonstra\u00e7\u00e3o de for\u00e7a dos ferrovi\u00e1rios (SNFC), que chegou a parar \u2154 das ferrovias do pa\u00eds, contra o projeto de desmonte do sistema ferrovi\u00e1rio. Se destaca, tamb\u00e9m, o papel dos grevistas do setor el\u00e9trico e da Air France, al\u00e9m das outras dezenas de categorias que se estendem em greves.<\/p>\n<p>A converg\u00eancia de lutas, que reuniu cerca de 300 mil em mais de 150 pontos de mobiliza\u00e7\u00e3o em cidades como Paris, Toulouse e Marseille, uniu aos trabalhadores o movimento estudantil, que vem resistindo contra a lei ORE, um projeto que altera as regras de sele\u00e7\u00e3o nas universidades francesas. Assembleias estudantis lotadas t\u00eam sido organizadas e diversas universidades foram ocupadas pelos estudantes, dentre elas, uma das principais universidades da Fran\u00e7a, a Sorbonne, s\u00edmbolo das revoltas de 1968. Outra importante universidade, a Universidade Paris 1, se postulou como um centro pol\u00edtico importante durante a greve, onde o movimento estudantil centralizou grandes a\u00e7\u00f5es de apoio aos trabalhadores e contra a pol\u00edtica de Macron de avan\u00e7ar as reformas e instituir uma forma elitista de sele\u00e7\u00e3o nas universidades p\u00fablicas francesas.<\/p>\n<p>Contra os que lutam, Macron responde com a brutalidade policial e vem atuando para desocupar militarmente as universidades. No \u00faltimo dia 19, depois de uma demonstra\u00e7\u00e3o violenta por parte da pol\u00edcia dos in\u00fameros atos da Greve Geral ao redor da Fran\u00e7a, a CRS invadiu a ocupa\u00e7\u00e3o da \u2018Comuna Livre de Tolbiac\u2019 (Paris 1) e a desocupou brutalmente. A a\u00e7\u00e3o da pol\u00edcia em Tolbiac prendeu diversos ativistas e enviou 4 estudantes em estado grave para o hospital.<\/p>\n<p><strong>Macron, um j\u00fapiter fugaz<br \/>\n<\/strong>O cen\u00e1rio \u00e9 marcado por uma crise org\u00e2nica dos regimes bastante expressa na descren\u00e7a nos partidos tradicionais, envoltos em corrup\u00e7\u00e3o, e em uma polariza\u00e7\u00e3o pol\u00edtica. Macron \u00e9 fruto disso. As \u00faltimas elei\u00e7\u00f5es na Fran\u00e7a foram in\u00e9ditas. Fran\u00e7ois Fillon (LR) e Ben\u00f4it Hamon (PS), dos partidos mais tradicionais do pa\u00eds, ficaram de fora do segundo turno que elegeu o \u201cindependente centrista\u201d Macron contra a candidata da extrema direita, Marine Le Pen. Esta crise se localiza no interior deste per\u00edodo de interregno, em que o velho est\u00e1 morrendo, mas ainda h\u00e1 falta de alternativas socialistas que consigam dar resposta de conjunto \u00e0s necessidades da classe trabalhadora, que ainda enfrenta a fragmenta\u00e7\u00e3o e as dificuldades objetivas e subjetivas da classe.<\/p>\n<p>Macron foi eleito num momento de decomposi\u00e7\u00e3o dos partidos tradicionais, com um resultado modesto no primeiro turno, entretanto, logrou em seguida uma maioria parlamentar arrasadora. Sua arrog\u00e2ncia como express\u00e3o de um governos dos CEOs de grandes empresas e de renova\u00e7\u00e3o do \u201cnovo centro\u201d, o autointitulou como um \u201cj\u00fapiter\u201d, ainda no ano de 2017, para demonstrar que era tinha uma for\u00e7a sobrenatural para impor seus planos de governo.<\/p>\n<p>Em dois anos de governo, entretanto, provou ser um pol\u00edtico importante a cargo de uma pol\u00edtica econ\u00f4mica \u00e0 direita e uma pol\u00edtica social lenta e recuada. Ao mesmo tempo em que tenta postular a Fran\u00e7a como eixo geral da pol\u00edtica europeia com a Alemanha, Macron age com bastante firmeza para avan\u00e7ar a contrarrevolu\u00e7\u00e3o econ\u00f4mica. Depois da Reforma Trabalhista, corre contra o tempo para avan\u00e7ar na Reforma da Previd\u00eancia e nos v\u00e1rios projetos de privatiza\u00e7\u00e3o, que embora resultem em um relativo crescimento econ\u00f4mico para a burguesia, aprofunda as condi\u00e7\u00f5es de explora\u00e7\u00e3o da classe trabalhadora.<\/p>\n<p>Sua trajet\u00f3ria jupiteriana, entretanto, v\u00eam se desfazendo. Como caracter\u00edstica da atual situa\u00e7\u00e3o, o \u201cpartido da ordem\u201d n\u00e3o consegue aplicar as reformas sem que haja resposta e rea\u00e7\u00e3o dos de baixo. O continuum da greve dos ferrovi\u00e1rios e da luta dos estudantes contra a reforma universit\u00e1ria, a greve que levou 500.000 \u00e0s ruas no 22 de mar\u00e7o e a Greve Interprofissional do \u00faltimo dia 19 de abril refor\u00e7am isso. E embora Macron se recuse a abrir m\u00e3o do seu plano de reformas, a consci\u00eancia da necessidade de resist\u00eancia frente ao regime, convence uma sa\u00edda pelas lutas. Assim como o movimento dos trabalhadores que reafirma a necessidade de uma jornada de lutas em converg\u00eancia, as 33 universidades que est\u00e3o mobilizadas refor\u00e7am a convocat\u00f3ria para um ciclo de lutas em unidade que se seguir\u00e1 nos atos marcados para os dias 1\u00aa, 3 e 5 de maio.<\/p>\n<p><strong>Da crise org\u00e2nica \u00e0 resposta org\u00e2nica?<\/strong><br \/>\nO tabuleiro franc\u00eas define em muito o futuro imediato da luta de classes na Europa. Macron n\u00e3o apenas se posiciona como um eixo em prol do ajuste, buscando renovar o espa\u00e7o pol\u00edtico do grande patronato europeu, como busca ganhar terreno nas rela\u00e7\u00f5es militares e geopol\u00edticas.<\/p>\n<p>O governo franc\u00eas, sem qualquer consulta \u00e0 Assembleia Nacional, foi parte com a Gr\u00e3-Bretanha, da coaliz\u00e3o que sustentou os ataques imperialistas realizados por Trump contra a S\u00edria. Na \u00faltima segunda-feira (23 de abril) reuniu-se com o pr\u00f3prio Donald Trump na Casa Branca para tratar de assuntos comerciais e militares. Seu giro \u00e0 direita, relacionando-se com mais peso com Trump e a direita republicana demonstra suas ambi\u00e7\u00f5es.<\/p>\n<p>Macron precisa jogar tudo para aprovar o plano de desmonte do sistema ferrovi\u00e1rio. Uma vit\u00f3ria da linha dura estagnaria a crise de popularidade, dando \u201cordem unida\u201d para avan\u00e7ar sobre o conjunto da Europa, num momento de tens\u00e3o na vizinha regi\u00e3o da Catalunha e de dificuldades do governo conservador de May no Reino Unido.<\/p>\n<p>O pulso da situa\u00e7\u00e3o francesa \u00e9 decisivo para colocar em quest\u00e3o o estado de \u00e2nimo do ativismo. A crise dos regimes tem originado o crescimento de sa\u00eddas bonapartistas e reacion\u00e1rias. Uma parte da vanguarda ampliada se debate entre o tamanho do \u201cavan\u00e7o conservador\u201d. E os dados que ilustram tais condi\u00e7\u00f5es de debate s\u00e3o a escalada militarista, a amplia\u00e7\u00e3o eleitoral e social de fen\u00f4menos como Le Pen, UKIP e AFD na Alemanha, bem como o bonapartismo de Trump, Erdogan e outros governos. Contudo, a necessidade de maiores choques sociais e o aparecimento de alternativas por fora da antiga social-democracia ainda ilustram uma tend\u00eancia contr\u00e1ria, que leva a uma maior polariza\u00e7\u00e3o.<\/p>\n<p>A irrup\u00e7\u00e3o de um forte movimento de massas contra Macron poderia e deveria ser um ponto de partida \u00e0 uma resist\u00eancia org\u00e2nica. E apesar da condi\u00e7\u00e3o dura das lutas, a pr\u00f3pria Fran\u00e7a come\u00e7a a viver um outro clima, com a solidariedade com os imigrantes, a como\u00e7\u00e3o causada pelo desalojo violento da luta ambiental no noroeste do pa\u00eds, a 30 quil\u00f3metros de Nantes, onde centenas de pessoas impediram a constru\u00e7\u00e3o de um novo aeroporto, ap\u00f3s dez anos ocupando, vivendo e cultivando na zona. Quase 3000 policiais atacaram a ZAD (\u00ab Zona A Defender \u00bb).<\/p>\n<p>A combina\u00e7\u00e3o de entrada em cena dos estudantes junto aos combativos ferrovi\u00e1rios, evocando a mem\u00f3ria do cinquenten\u00e1rio de Maio seria um salto de qualidade.<\/p>\n<p><strong>50 anos do ano que n\u00e3o acabou: a luta continua!<\/strong><br \/>\nO ano de 1968 foi, tamb\u00e9m, marcado por um forte ascenso das lutas na Fran\u00e7a. Representou a luta de uma gera\u00e7\u00e3o contra o capitalismo e os ataques que a burguesia &#8211; ali representada pela m\u00e3o dura do militar Charles de Gaulle &#8211; investia contra o povo. Em um momento de pleno desenvolvimento capitalista, enquanto a burguesia criava condi\u00e7\u00f5es para aumentar seu poder, os despossu\u00eddos se viam cada vez mais exclu\u00eddos do processo de distribui\u00e7\u00e3o das riquezas. Isso gerou um processo de radicalidade e ebuli\u00e7\u00e3o social e foi marcado pelas centenas de ocupa\u00e7\u00f5es nas f\u00e1bricas por milh\u00f5es de grevistas e pela tomada das ruas e universidades pela juventude.<\/p>\n<p>A Fran\u00e7a nunca mais foi a mesma. A brecha rebelde da unidade entre os trabalhadores e os estudantes, aberta com maio de 1968 se estendeu para todo o mundo. Anos mais tarde, essa efervesc\u00eancia se transformaria em for\u00e7a de luta contra o plano de reformas do Primeiro Ministro Alain Jupp\u00e9. Em 1995, dezenas de universidades foram paralisadas e setores importantes do funcionalismo p\u00fablico (como a SNFC dos ferrovi\u00e1rios) e tamb\u00e9m do setor privado instauraram importantes mobiliza\u00e7\u00f5es de rua e greves contra o plano de Jupp\u00e9 de acabar com a previd\u00eancia e as aposentadorias.<\/p>\n<p>Hoje, h\u00e1 alguns dias do maio em que se comemoram os 50 anos do grande Maio de 1968, as lutas da juventude e dos trabalhadores contra o regime novamente se convergem. D\u00e3o uma t\u00f4nica de luta acirrada contra Macron e o regime pol\u00edtico carcomido como um todo, como foi demonstrado nas grandes mobiliza\u00e7\u00f5es contra Macron e Trump ap\u00f3s o ataque combinado na S\u00edria, que expressa a intensidade do caos geopol\u00edtico ao qual a crise dos regimes submete os povos.<\/p>\n<p>Os ventos que pairam sobre a Fran\u00e7a neste momento, comprovam que o sentimento de Maio de 1968 n\u00e3o morreu e como em outros momentos da hist\u00f3ria, da calmaria entre a classe se passa \u00e0 rebeli\u00e3o. H\u00e1 uma tarefa que se coloca para o povo franc\u00eas (mas tamb\u00e9m a todos os lutadores do mundo): neste per\u00edodo de forte ataque dos de cima, organizar os debaixo, tomar as f\u00e1bricas, os postos de trabalho, as escolas, universidades, os sindicatos e frentes em defesa de um projeto de transforma\u00e7\u00e3o social real que compreenda as necessidades do povo, seguindo na luta contra as reformas e pela constru\u00e7\u00e3o de uma alternativa anticapitalista. Responder \u00e0 crise org\u00e2nica dos de cima, com uma organiza\u00e7\u00e3o real e org\u00e2nica da rebeli\u00e3o dos de baixo.<\/p>\n","protected":false},"excerpt":{"rendered":"<p>Desde que foi eleito, Emmanuel Macron v\u00eam reafirmando seu papel na administra\u00e7\u00e3o da crise, jogando seu peso nas costas do povo e aumentando as condi\u00e7\u00f5es de explora\u00e7\u00e3o dos de baixo em detrimento da salva\u00e7\u00e3o do poderio dos de cima. A Greve Interprofissional da \u00faltima quinta (19\/04) marcou um ciclo de lutas que se estende desde [&hellip;]<\/p>\n","protected":false},"author":2,"featured_media":20625,"comment_status":"open","ping_status":"open","sticky":false,"template":"","format":"standard","meta":{"_acf_changed":false,"footnotes":""},"categories":[3,836],"tags":[2464,1816,983,2465,601,222],"class_list":{"0":"post-20624","1":"post","2":"type-post","3":"status-publish","4":"format-standard","5":"has-post-thumbnail","7":"category-artigos-e-entrevistas","8":"category-internacional","9":"tag-emmanuel-macron","10":"tag-estudantes","11":"tag-franca","12":"tag-greve-interprofissional","13":"tag-paris","14":"tag-trabalhadores"},"acf":[],"yoast_head":"<!-- This site is optimized with the Yoast SEO plugin v26.5 - https:\/\/yoast.com\/wordpress\/plugins\/seo\/ -->\n<title>Israel Dutra e Erick Andrade | Fran\u00e7a sob Macron: unidade entre estudantes e trabalhadores assusta os poderosos - PSOL 50<\/title>\n<meta name=\"robots\" content=\"index, follow, max-snippet:-1, max-image-preview:large, max-video-preview:-1\" \/>\n<link rel=\"canonical\" href=\"https:\/\/psol50.org.br\/israel-dutra-e-erick-andrade-franca-sob-macron-unidade-entre-estudantes-e-trabalhadores-assusta-os-poderosos\/\" \/>\n<meta property=\"og:locale\" content=\"pt_BR\" \/>\n<meta property=\"og:type\" content=\"article\" \/>\n<meta property=\"og:title\" content=\"Israel Dutra e Erick Andrade | Fran\u00e7a sob Macron: unidade entre estudantes e trabalhadores assusta os poderosos - PSOL 50\" \/>\n<meta property=\"og:description\" content=\"Desde que foi eleito, Emmanuel Macron v\u00eam reafirmando seu papel na administra\u00e7\u00e3o da crise, jogando seu peso nas costas do povo e aumentando as condi\u00e7\u00f5es de explora\u00e7\u00e3o dos de baixo em detrimento da salva\u00e7\u00e3o do poderio dos de cima. A Greve Interprofissional da \u00faltima quinta (19\/04) marcou um ciclo de lutas que se estende desde [&hellip;]\" \/>\n<meta property=\"og:url\" content=\"https:\/\/psol50.org.br\/israel-dutra-e-erick-andrade-franca-sob-macron-unidade-entre-estudantes-e-trabalhadores-assusta-os-poderosos\/\" \/>\n<meta property=\"og:site_name\" content=\"PSOL 50\" \/>\n<meta property=\"article:publisher\" content=\"https:\/\/www.facebook.com\/psol50\" \/>\n<meta property=\"article:published_time\" content=\"2018-04-24T14:42:56+00:00\" \/>\n<meta property=\"og:image\" content=\"https:\/\/psol50.org.br\/inc\/uploads\/2018\/04\/Macron_AndresValle_Presidencia_Republica_Peru.jpg\" \/>\n\t<meta property=\"og:image:width\" content=\"1350\" \/>\n\t<meta property=\"og:image:height\" content=\"900\" \/>\n\t<meta property=\"og:image:type\" content=\"image\/jpeg\" \/>\n<meta name=\"author\" content=\"Comunica\u00e7\u00e3o PSOL\" \/>\n<meta name=\"twitter:card\" content=\"summary_large_image\" \/>\n<meta name=\"twitter:creator\" content=\"@psol50\" \/>\n<meta name=\"twitter:site\" content=\"@psol50\" \/>\n<meta name=\"twitter:label1\" content=\"Escrito por\" \/>\n\t<meta name=\"twitter:data1\" content=\"Comunica\u00e7\u00e3o PSOL\" \/>\n\t<meta name=\"twitter:label2\" content=\"Est. tempo de leitura\" \/>\n\t<meta name=\"twitter:data2\" content=\"8 minutos\" \/>\n<script type=\"application\/ld+json\" class=\"yoast-schema-graph\">{\"@context\":\"https:\/\/schema.org\",\"@graph\":[{\"@type\":\"Article\",\"@id\":\"https:\/\/psol50.org.br\/israel-dutra-e-erick-andrade-franca-sob-macron-unidade-entre-estudantes-e-trabalhadores-assusta-os-poderosos\/#article\",\"isPartOf\":{\"@id\":\"https:\/\/psol50.org.br\/israel-dutra-e-erick-andrade-franca-sob-macron-unidade-entre-estudantes-e-trabalhadores-assusta-os-poderosos\/\"},\"author\":{\"name\":\"Comunica\u00e7\u00e3o PSOL\",\"@id\":\"https:\/\/psol50.org.br\/#\/schema\/person\/475dfa57d0b815993c714c2e96491fcd\"},\"headline\":\"Israel Dutra e Erick Andrade | Fran\u00e7a sob Macron: unidade entre estudantes e trabalhadores assusta os poderosos\",\"datePublished\":\"2018-04-24T14:42:56+00:00\",\"mainEntityOfPage\":{\"@id\":\"https:\/\/psol50.org.br\/israel-dutra-e-erick-andrade-franca-sob-macron-unidade-entre-estudantes-e-trabalhadores-assusta-os-poderosos\/\"},\"wordCount\":1703,\"commentCount\":0,\"publisher\":{\"@id\":\"https:\/\/psol50.org.br\/#organization\"},\"image\":{\"@id\":\"https:\/\/psol50.org.br\/israel-dutra-e-erick-andrade-franca-sob-macron-unidade-entre-estudantes-e-trabalhadores-assusta-os-poderosos\/#primaryimage\"},\"thumbnailUrl\":\"https:\/\/psol50.org.br\/inc\/uploads\/2018\/04\/Macron_AndresValle_Presidencia_Republica_Peru.jpg\",\"keywords\":[\"Emmanuel Macron\",\"estudantes\",\"Fran\u00e7a\",\"Greve Interprofissional\",\"Paris\",\"trabalhadores\"],\"articleSection\":[\"Artigos\",\"Internacional\"],\"inLanguage\":\"pt-BR\",\"potentialAction\":[{\"@type\":\"CommentAction\",\"name\":\"Comment\",\"target\":[\"https:\/\/psol50.org.br\/israel-dutra-e-erick-andrade-franca-sob-macron-unidade-entre-estudantes-e-trabalhadores-assusta-os-poderosos\/#respond\"]}]},{\"@type\":\"WebPage\",\"@id\":\"https:\/\/psol50.org.br\/israel-dutra-e-erick-andrade-franca-sob-macron-unidade-entre-estudantes-e-trabalhadores-assusta-os-poderosos\/\",\"url\":\"https:\/\/psol50.org.br\/israel-dutra-e-erick-andrade-franca-sob-macron-unidade-entre-estudantes-e-trabalhadores-assusta-os-poderosos\/\",\"name\":\"Israel Dutra e Erick Andrade | Fran\u00e7a sob Macron: unidade entre estudantes e trabalhadores assusta os poderosos - PSOL 50\",\"isPartOf\":{\"@id\":\"https:\/\/psol50.org.br\/#website\"},\"primaryImageOfPage\":{\"@id\":\"https:\/\/psol50.org.br\/israel-dutra-e-erick-andrade-franca-sob-macron-unidade-entre-estudantes-e-trabalhadores-assusta-os-poderosos\/#primaryimage\"},\"image\":{\"@id\":\"https:\/\/psol50.org.br\/israel-dutra-e-erick-andrade-franca-sob-macron-unidade-entre-estudantes-e-trabalhadores-assusta-os-poderosos\/#primaryimage\"},\"thumbnailUrl\":\"https:\/\/psol50.org.br\/inc\/uploads\/2018\/04\/Macron_AndresValle_Presidencia_Republica_Peru.jpg\",\"datePublished\":\"2018-04-24T14:42:56+00:00\",\"breadcrumb\":{\"@id\":\"https:\/\/psol50.org.br\/israel-dutra-e-erick-andrade-franca-sob-macron-unidade-entre-estudantes-e-trabalhadores-assusta-os-poderosos\/#breadcrumb\"},\"inLanguage\":\"pt-BR\",\"potentialAction\":[{\"@type\":\"ReadAction\",\"target\":[\"https:\/\/psol50.org.br\/israel-dutra-e-erick-andrade-franca-sob-macron-unidade-entre-estudantes-e-trabalhadores-assusta-os-poderosos\/\"]}]},{\"@type\":\"ImageObject\",\"inLanguage\":\"pt-BR\",\"@id\":\"https:\/\/psol50.org.br\/israel-dutra-e-erick-andrade-franca-sob-macron-unidade-entre-estudantes-e-trabalhadores-assusta-os-poderosos\/#primaryimage\",\"url\":\"https:\/\/psol50.org.br\/inc\/uploads\/2018\/04\/Macron_AndresValle_Presidencia_Republica_Peru.jpg\",\"contentUrl\":\"https:\/\/psol50.org.br\/inc\/uploads\/2018\/04\/Macron_AndresValle_Presidencia_Republica_Peru.jpg\",\"width\":1350,\"height\":900,\"caption\":\"08\/06\/2017- Paris- Fran\u00e7a- Declara\u00e7\u00e3o conjunta dos chefes de Estado Pedro Pablo Kuczynski e Emmanuel Macron ap\u00f3s a reuni\u00e3o realizada no Pal\u00e1cio do Eliseu, em Paris. Foto: Andres Valle\/Presidencia de la Rep\u00fablica del Per\u00fa\"},{\"@type\":\"BreadcrumbList\",\"@id\":\"https:\/\/psol50.org.br\/israel-dutra-e-erick-andrade-franca-sob-macron-unidade-entre-estudantes-e-trabalhadores-assusta-os-poderosos\/#breadcrumb\",\"itemListElement\":[{\"@type\":\"ListItem\",\"position\":1,\"name\":\"In\u00edcio\",\"item\":\"https:\/\/psol50.org.br\/\"},{\"@type\":\"ListItem\",\"position\":2,\"name\":\"Israel Dutra e Erick Andrade | Fran\u00e7a sob Macron: unidade entre estudantes e trabalhadores assusta os poderosos\"}]},{\"@type\":\"WebSite\",\"@id\":\"https:\/\/psol50.org.br\/#website\",\"url\":\"https:\/\/psol50.org.br\/\",\"name\":\"PSOL 50\",\"description\":\"Site oficial do Partido Socialismo e Liberdade\",\"publisher\":{\"@id\":\"https:\/\/psol50.org.br\/#organization\"},\"alternateName\":\"PSOL50\",\"potentialAction\":[{\"@type\":\"SearchAction\",\"target\":{\"@type\":\"EntryPoint\",\"urlTemplate\":\"https:\/\/psol50.org.br\/?s={search_term_string}\"},\"query-input\":{\"@type\":\"PropertyValueSpecification\",\"valueRequired\":true,\"valueName\":\"search_term_string\"}}],\"inLanguage\":\"pt-BR\"},{\"@type\":\"Organization\",\"@id\":\"https:\/\/psol50.org.br\/#organization\",\"name\":\"PSOL 50\",\"alternateName\":\"PSOL 50\",\"url\":\"https:\/\/psol50.org.br\/\",\"logo\":{\"@type\":\"ImageObject\",\"inLanguage\":\"pt-BR\",\"@id\":\"https:\/\/psol50.org.br\/#\/schema\/logo\/image\/\",\"url\":\"https:\/\/psol50.org.br\/inc\/uploads\/2018\/07\/capa.png\",\"contentUrl\":\"https:\/\/psol50.org.br\/inc\/uploads\/2018\/07\/capa.png\",\"width\":1350,\"height\":900,\"caption\":\"PSOL 50\"},\"image\":{\"@id\":\"https:\/\/psol50.org.br\/#\/schema\/logo\/image\/\"},\"sameAs\":[\"https:\/\/www.facebook.com\/psol50\",\"https:\/\/x.com\/psol50\",\"https:\/\/www.instagram.com\/psol50\/\",\"https:\/\/www.youtube.com\/channel\/UC7SnJS5o1os7a6CaiNabzcg\"]},{\"@type\":\"Person\",\"@id\":\"https:\/\/psol50.org.br\/#\/schema\/person\/475dfa57d0b815993c714c2e96491fcd\",\"name\":\"Comunica\u00e7\u00e3o PSOL\",\"image\":{\"@type\":\"ImageObject\",\"inLanguage\":\"pt-BR\",\"@id\":\"https:\/\/psol50.org.br\/#\/schema\/person\/image\/\",\"url\":\"https:\/\/secure.gravatar.com\/avatar\/b34fc4f4e468a4e51785917065a3db57b841f5c95dba6ad8c73aaf8f66f8f9bf?s=96&d=mm&r=g\",\"contentUrl\":\"https:\/\/secure.gravatar.com\/avatar\/b34fc4f4e468a4e51785917065a3db57b841f5c95dba6ad8c73aaf8f66f8f9bf?s=96&d=mm&r=g\",\"caption\":\"Comunica\u00e7\u00e3o PSOL\"}}]}<\/script>\n<!-- \/ Yoast SEO plugin. -->","yoast_head_json":{"title":"Israel Dutra e Erick Andrade | Fran\u00e7a sob Macron: unidade entre estudantes e trabalhadores assusta os poderosos - PSOL 50","robots":{"index":"index","follow":"follow","max-snippet":"max-snippet:-1","max-image-preview":"max-image-preview:large","max-video-preview":"max-video-preview:-1"},"canonical":"https:\/\/psol50.org.br\/israel-dutra-e-erick-andrade-franca-sob-macron-unidade-entre-estudantes-e-trabalhadores-assusta-os-poderosos\/","og_locale":"pt_BR","og_type":"article","og_title":"Israel Dutra e Erick Andrade | Fran\u00e7a sob Macron: unidade entre estudantes e trabalhadores assusta os poderosos - PSOL 50","og_description":"Desde que foi eleito, Emmanuel Macron v\u00eam reafirmando seu papel na administra\u00e7\u00e3o da crise, jogando seu peso nas costas do povo e aumentando as condi\u00e7\u00f5es de explora\u00e7\u00e3o dos de baixo em detrimento da salva\u00e7\u00e3o do poderio dos de cima. A Greve Interprofissional da \u00faltima quinta (19\/04) marcou um ciclo de lutas que se estende desde [&hellip;]","og_url":"https:\/\/psol50.org.br\/israel-dutra-e-erick-andrade-franca-sob-macron-unidade-entre-estudantes-e-trabalhadores-assusta-os-poderosos\/","og_site_name":"PSOL 50","article_publisher":"https:\/\/www.facebook.com\/psol50","article_published_time":"2018-04-24T14:42:56+00:00","og_image":[{"width":1350,"height":900,"url":"https:\/\/psol50.org.br\/inc\/uploads\/2018\/04\/Macron_AndresValle_Presidencia_Republica_Peru.jpg","type":"image\/jpeg"}],"author":"Comunica\u00e7\u00e3o PSOL","twitter_card":"summary_large_image","twitter_creator":"@psol50","twitter_site":"@psol50","twitter_misc":{"Escrito por":"Comunica\u00e7\u00e3o PSOL","Est. tempo de leitura":"8 minutos"},"schema":{"@context":"https:\/\/schema.org","@graph":[{"@type":"Article","@id":"https:\/\/psol50.org.br\/israel-dutra-e-erick-andrade-franca-sob-macron-unidade-entre-estudantes-e-trabalhadores-assusta-os-poderosos\/#article","isPartOf":{"@id":"https:\/\/psol50.org.br\/israel-dutra-e-erick-andrade-franca-sob-macron-unidade-entre-estudantes-e-trabalhadores-assusta-os-poderosos\/"},"author":{"name":"Comunica\u00e7\u00e3o PSOL","@id":"https:\/\/psol50.org.br\/#\/schema\/person\/475dfa57d0b815993c714c2e96491fcd"},"headline":"Israel Dutra e Erick Andrade | Fran\u00e7a sob Macron: unidade entre estudantes e trabalhadores assusta os poderosos","datePublished":"2018-04-24T14:42:56+00:00","mainEntityOfPage":{"@id":"https:\/\/psol50.org.br\/israel-dutra-e-erick-andrade-franca-sob-macron-unidade-entre-estudantes-e-trabalhadores-assusta-os-poderosos\/"},"wordCount":1703,"commentCount":0,"publisher":{"@id":"https:\/\/psol50.org.br\/#organization"},"image":{"@id":"https:\/\/psol50.org.br\/israel-dutra-e-erick-andrade-franca-sob-macron-unidade-entre-estudantes-e-trabalhadores-assusta-os-poderosos\/#primaryimage"},"thumbnailUrl":"https:\/\/psol50.org.br\/inc\/uploads\/2018\/04\/Macron_AndresValle_Presidencia_Republica_Peru.jpg","keywords":["Emmanuel Macron","estudantes","Fran\u00e7a","Greve Interprofissional","Paris","trabalhadores"],"articleSection":["Artigos","Internacional"],"inLanguage":"pt-BR","potentialAction":[{"@type":"CommentAction","name":"Comment","target":["https:\/\/psol50.org.br\/israel-dutra-e-erick-andrade-franca-sob-macron-unidade-entre-estudantes-e-trabalhadores-assusta-os-poderosos\/#respond"]}]},{"@type":"WebPage","@id":"https:\/\/psol50.org.br\/israel-dutra-e-erick-andrade-franca-sob-macron-unidade-entre-estudantes-e-trabalhadores-assusta-os-poderosos\/","url":"https:\/\/psol50.org.br\/israel-dutra-e-erick-andrade-franca-sob-macron-unidade-entre-estudantes-e-trabalhadores-assusta-os-poderosos\/","name":"Israel Dutra e Erick Andrade | Fran\u00e7a sob Macron: unidade entre estudantes e trabalhadores assusta os poderosos - PSOL 50","isPartOf":{"@id":"https:\/\/psol50.org.br\/#website"},"primaryImageOfPage":{"@id":"https:\/\/psol50.org.br\/israel-dutra-e-erick-andrade-franca-sob-macron-unidade-entre-estudantes-e-trabalhadores-assusta-os-poderosos\/#primaryimage"},"image":{"@id":"https:\/\/psol50.org.br\/israel-dutra-e-erick-andrade-franca-sob-macron-unidade-entre-estudantes-e-trabalhadores-assusta-os-poderosos\/#primaryimage"},"thumbnailUrl":"https:\/\/psol50.org.br\/inc\/uploads\/2018\/04\/Macron_AndresValle_Presidencia_Republica_Peru.jpg","datePublished":"2018-04-24T14:42:56+00:00","breadcrumb":{"@id":"https:\/\/psol50.org.br\/israel-dutra-e-erick-andrade-franca-sob-macron-unidade-entre-estudantes-e-trabalhadores-assusta-os-poderosos\/#breadcrumb"},"inLanguage":"pt-BR","potentialAction":[{"@type":"ReadAction","target":["https:\/\/psol50.org.br\/israel-dutra-e-erick-andrade-franca-sob-macron-unidade-entre-estudantes-e-trabalhadores-assusta-os-poderosos\/"]}]},{"@type":"ImageObject","inLanguage":"pt-BR","@id":"https:\/\/psol50.org.br\/israel-dutra-e-erick-andrade-franca-sob-macron-unidade-entre-estudantes-e-trabalhadores-assusta-os-poderosos\/#primaryimage","url":"https:\/\/psol50.org.br\/inc\/uploads\/2018\/04\/Macron_AndresValle_Presidencia_Republica_Peru.jpg","contentUrl":"https:\/\/psol50.org.br\/inc\/uploads\/2018\/04\/Macron_AndresValle_Presidencia_Republica_Peru.jpg","width":1350,"height":900,"caption":"08\/06\/2017- Paris- Fran\u00e7a- Declara\u00e7\u00e3o conjunta dos chefes de Estado Pedro Pablo Kuczynski e Emmanuel Macron ap\u00f3s a reuni\u00e3o realizada no Pal\u00e1cio do Eliseu, em Paris. Foto: Andres Valle\/Presidencia de la Rep\u00fablica del Per\u00fa"},{"@type":"BreadcrumbList","@id":"https:\/\/psol50.org.br\/israel-dutra-e-erick-andrade-franca-sob-macron-unidade-entre-estudantes-e-trabalhadores-assusta-os-poderosos\/#breadcrumb","itemListElement":[{"@type":"ListItem","position":1,"name":"In\u00edcio","item":"https:\/\/psol50.org.br\/"},{"@type":"ListItem","position":2,"name":"Israel Dutra e Erick Andrade | Fran\u00e7a sob Macron: unidade entre estudantes e trabalhadores assusta os poderosos"}]},{"@type":"WebSite","@id":"https:\/\/psol50.org.br\/#website","url":"https:\/\/psol50.org.br\/","name":"PSOL 50","description":"Site oficial do Partido Socialismo e Liberdade","publisher":{"@id":"https:\/\/psol50.org.br\/#organization"},"alternateName":"PSOL50","potentialAction":[{"@type":"SearchAction","target":{"@type":"EntryPoint","urlTemplate":"https:\/\/psol50.org.br\/?s={search_term_string}"},"query-input":{"@type":"PropertyValueSpecification","valueRequired":true,"valueName":"search_term_string"}}],"inLanguage":"pt-BR"},{"@type":"Organization","@id":"https:\/\/psol50.org.br\/#organization","name":"PSOL 50","alternateName":"PSOL 50","url":"https:\/\/psol50.org.br\/","logo":{"@type":"ImageObject","inLanguage":"pt-BR","@id":"https:\/\/psol50.org.br\/#\/schema\/logo\/image\/","url":"https:\/\/psol50.org.br\/inc\/uploads\/2018\/07\/capa.png","contentUrl":"https:\/\/psol50.org.br\/inc\/uploads\/2018\/07\/capa.png","width":1350,"height":900,"caption":"PSOL 50"},"image":{"@id":"https:\/\/psol50.org.br\/#\/schema\/logo\/image\/"},"sameAs":["https:\/\/www.facebook.com\/psol50","https:\/\/x.com\/psol50","https:\/\/www.instagram.com\/psol50\/","https:\/\/www.youtube.com\/channel\/UC7SnJS5o1os7a6CaiNabzcg"]},{"@type":"Person","@id":"https:\/\/psol50.org.br\/#\/schema\/person\/475dfa57d0b815993c714c2e96491fcd","name":"Comunica\u00e7\u00e3o PSOL","image":{"@type":"ImageObject","inLanguage":"pt-BR","@id":"https:\/\/psol50.org.br\/#\/schema\/person\/image\/","url":"https:\/\/secure.gravatar.com\/avatar\/b34fc4f4e468a4e51785917065a3db57b841f5c95dba6ad8c73aaf8f66f8f9bf?s=96&d=mm&r=g","contentUrl":"https:\/\/secure.gravatar.com\/avatar\/b34fc4f4e468a4e51785917065a3db57b841f5c95dba6ad8c73aaf8f66f8f9bf?s=96&d=mm&r=g","caption":"Comunica\u00e7\u00e3o PSOL"}}]}},"_links":{"self":[{"href":"https:\/\/psol50.org.br\/rest\/wp\/v2\/posts\/20624","targetHints":{"allow":["GET"]}}],"collection":[{"href":"https:\/\/psol50.org.br\/rest\/wp\/v2\/posts"}],"about":[{"href":"https:\/\/psol50.org.br\/rest\/wp\/v2\/types\/post"}],"author":[{"embeddable":true,"href":"https:\/\/psol50.org.br\/rest\/wp\/v2\/users\/2"}],"replies":[{"embeddable":true,"href":"https:\/\/psol50.org.br\/rest\/wp\/v2\/comments?post=20624"}],"version-history":[{"count":0,"href":"https:\/\/psol50.org.br\/rest\/wp\/v2\/posts\/20624\/revisions"}],"wp:featuredmedia":[{"embeddable":true,"href":"https:\/\/psol50.org.br\/rest\/wp\/v2\/media\/20625"}],"wp:attachment":[{"href":"https:\/\/psol50.org.br\/rest\/wp\/v2\/media?parent=20624"}],"wp:term":[{"taxonomy":"category","embeddable":true,"href":"https:\/\/psol50.org.br\/rest\/wp\/v2\/categories?post=20624"},{"taxonomy":"post_tag","embeddable":true,"href":"https:\/\/psol50.org.br\/rest\/wp\/v2\/tags?post=20624"}],"curies":[{"name":"wp","href":"https:\/\/api.w.org\/{rel}","templated":true}]}}