{"id":20627,"date":"2018-04-25T10:10:02","date_gmt":"2018-04-25T13:10:02","guid":{"rendered":"http:\/\/www.psol50.org.br\/?p=20627"},"modified":"2018-04-25T10:10:02","modified_gmt":"2018-04-25T13:10:02","slug":"solidariedade-e-maximo-respeito-aos-trabalhadores-da-educacao-de-belo-horizonte","status":"publish","type":"post","link":"https:\/\/psol50.org.br\/solidariedade-e-maximo-respeito-aos-trabalhadores-da-educacao-de-belo-horizonte\/","title":{"rendered":"Solidariedade e m\u00e1ximo respeito aos trabalhadores da educa\u00e7\u00e3o de Belo Horizonte!"},"content":{"rendered":"<p>A Executiva Nacional do PSOL, em nota que segue abaixo, repudia a a\u00e7\u00e3o truculenta da Pol\u00edcia Militar do estado de Minas Gerais, que, na \u00faltima segunda-feira (23), reprimiu violentamente a manifesta\u00e7\u00e3o de trabalhadores da educa\u00e7\u00e3o infantil do munic\u00edpio de Belo Horizonte. Os policiais usaram jato d\u2019\u00e1gua, bombas de g\u00e1s de lacrimog\u00eanio e spray de pimenta contra os manifestantes. Duas lideran\u00e7as da categoria foram presos de forma arbitr\u00e1ria.<\/p>\n<p>Em greve desde a pr\u00f3pria segunda, a categoria exige equipara\u00e7\u00e3o da carreira com a dos professores do ensino fundamental. Muitas crian\u00e7as acompanhavam o ato, que marcou o in\u00edcio do movimento grevista.<\/p>\n<figure id=\"attachment_20629\" aria-describedby=\"caption-attachment-20629\" style=\"width: 600px\" class=\"wp-caption aligncenter\"><img loading=\"lazy\" decoding=\"async\" class=\"wp-image-20629 size-medium\" src=\"http:\/\/www.psol50.org.br\/inc\/uploads\/2018\/04\/Ato_ProfessoresBH_PM_Sindrede_b-600x338.jpg\" alt=\"\" width=\"600\" height=\"338\" \/><figcaption id=\"caption-attachment-20629\" class=\"wp-caption-text\"><em>Foto: PSOL-MG<\/em><\/figcaption><\/figure>\n<p>&nbsp;<\/p>\n<p>Confira a nota.<\/p>\n<p><em><strong>Solidariedade e m\u00e1ximo respeito aos trabalhadores da educa\u00e7\u00e3o de Belo Horizonte!<\/strong> <\/em><\/p>\n<p><em>Abaixo a repress\u00e3o da PM, comandada por Fernando Pimentel (PT)!<\/em><\/p>\n<p><em>Assistimos na segunda-feira (23\/04) cenas de selvageria no centro de Belo Horizonte\/MG. Durante a manifesta\u00e7\u00e3o das professoras da educa\u00e7\u00e3o infantil, em defesa da equipara\u00e7\u00e3o salarial- promessa de campanha do governo de Alexandre Kalil (PHS), prefeito da capital mineira &#8211; bombas, tiros, jatos d&#8217;agua atacaram brutalmente o protesto da categoria. <\/em><\/p>\n<p><em>Professoras da educa\u00e7\u00e3o infantil foram tratadas com viol\u00eancia pela Pol\u00edcia Militar do estado de Minas. Duas lideran\u00e7as da categoria foram presas ainda na parte da manh\u00e3, de forma injustific\u00e1vel, sendo liberadas somente \u00e0 noite.<\/em><\/p>\n<p><em>A atitude do governo petista de Fernando Pimentel, assim como a postura do prefeito Kallil (PHS), devem ser repudiadas. Os respons\u00e1veis pela opera\u00e7\u00e3o, tanto do comando da Pol\u00edcia, quanto do secret\u00e1rio de Seguran\u00e7a, devem ser apurados, pois t\u00eam as m\u00e3os sujas do sangue dos professores feridos e arrastados, por lutarem por seus direitos.<\/em><\/p>\n<p><em>Nosso partido, o PSOL, vem a p\u00fablico nacionalmente repudiar e exigir a imediata puni\u00e7\u00e3o aos respons\u00e1veis. Cercamos de solidariedade os professores municipais de Belo Horizonte nas suas manifesta\u00e7\u00f5es desta quarta-feira (25).<\/em><\/p>\n<p><em><strong>24 de abril de 2018<\/strong><\/em><br \/>\n<em><strong>Executiva Nacional do PSOL<\/strong><\/em><\/p>\n<figure id=\"attachment_20630\" aria-describedby=\"caption-attachment-20630\" style=\"width: 600px\" class=\"wp-caption aligncenter\"><img loading=\"lazy\" decoding=\"async\" class=\"wp-image-20630 size-medium\" src=\"http:\/\/www.psol50.org.br\/inc\/uploads\/2018\/04\/Ato_ProfessoresBH_PM_Sindrede_c-600x338.jpg\" alt=\"\" width=\"600\" height=\"338\" \/><figcaption id=\"caption-attachment-20630\" class=\"wp-caption-text\"><em>Foto: PSOL-MG<\/em><\/figcaption><\/figure>\n","protected":false},"excerpt":{"rendered":"<p>A Executiva Nacional do PSOL, em nota que segue abaixo, repudia a a\u00e7\u00e3o truculenta da Pol\u00edcia Militar do estado de Minas Gerais, que, na \u00faltima segunda-feira (23), reprimiu violentamente a manifesta\u00e7\u00e3o de trabalhadores da educa\u00e7\u00e3o infantil do munic\u00edpio de Belo Horizonte. Os policiais usaram jato d\u2019\u00e1gua, bombas de g\u00e1s de lacrimog\u00eanio e spray de pimenta [&hellip;]<\/p>\n","protected":false},"author":2,"featured_media":20628,"comment_status":"open","ping_status":"open","sticky":false,"template":"","format":"standard","meta":{"_acf_changed":false,"footnotes":""},"categories":[2208,654,6,14],"tags":[2466,876,2467,242,2468,2447,221,115,2469,272,319,1657,1357],"class_list":{"0":"post-20627","1":"post","2":"type-post","3":"status-publish","4":"format-standard","5":"has-post-thumbnail","7":"category-educacao","8":"category-estados","9":"category-noticias","10":"category-partido","11":"tag-alexandre-kalil","12":"tag-belo-horizonte","13":"tag-educacao-infantil","14":"tag-executiva-nacional-do-psol","15":"tag-fernando-pimentel","16":"tag-governo-estadual","17":"tag-greve","18":"tag-policia-militar","19":"tag-prefeito-de-belo-horizonte","20":"tag-professores","21":"tag-pt","22":"tag-repressao","23":"tag-solidariedade"},"acf":[],"yoast_head":"<!-- This site is optimized with the Yoast SEO plugin v26.5 - https:\/\/yoast.com\/wordpress\/plugins\/seo\/ -->\n<title>Solidariedade e m\u00e1ximo respeito aos trabalhadores da educa\u00e7\u00e3o de Belo Horizonte! - PSOL 50<\/title>\n<meta name=\"robots\" content=\"index, follow, max-snippet:-1, max-image-preview:large, max-video-preview:-1\" \/>\n<link rel=\"canonical\" href=\"https:\/\/psol50.org.br\/solidariedade-e-maximo-respeito-aos-trabalhadores-da-educacao-de-belo-horizonte\/\" \/>\n<meta property=\"og:locale\" content=\"pt_BR\" \/>\n<meta property=\"og:type\" content=\"article\" \/>\n<meta property=\"og:title\" content=\"Solidariedade e m\u00e1ximo respeito aos trabalhadores da educa\u00e7\u00e3o de Belo Horizonte! - PSOL 50\" \/>\n<meta property=\"og:description\" content=\"A Executiva Nacional do PSOL, em nota que segue abaixo, repudia a a\u00e7\u00e3o truculenta da Pol\u00edcia Militar do estado de Minas Gerais, que, na \u00faltima segunda-feira (23), reprimiu violentamente a manifesta\u00e7\u00e3o de trabalhadores da educa\u00e7\u00e3o infantil do munic\u00edpio de Belo Horizonte. Os policiais usaram jato d\u2019\u00e1gua, bombas de g\u00e1s de lacrimog\u00eanio e spray de pimenta [&hellip;]\" \/>\n<meta property=\"og:url\" content=\"https:\/\/psol50.org.br\/solidariedade-e-maximo-respeito-aos-trabalhadores-da-educacao-de-belo-horizonte\/\" \/>\n<meta property=\"og:site_name\" content=\"PSOL 50\" \/>\n<meta property=\"article:publisher\" content=\"https:\/\/www.facebook.com\/psol50\" \/>\n<meta property=\"article:published_time\" content=\"2018-04-25T13:10:02+00:00\" \/>\n<meta property=\"og:image\" content=\"https:\/\/psol50.org.br\/inc\/uploads\/2018\/04\/Ato_ProfessoresBH_PM_Sindrede.jpg\" \/>\n\t<meta property=\"og:image:width\" content=\"1350\" \/>\n\t<meta property=\"og:image:height\" content=\"747\" \/>\n\t<meta property=\"og:image:type\" content=\"image\/jpeg\" \/>\n<meta name=\"author\" content=\"Comunica\u00e7\u00e3o PSOL\" \/>\n<meta name=\"twitter:card\" content=\"summary_large_image\" \/>\n<meta name=\"twitter:creator\" content=\"@psol50\" \/>\n<meta name=\"twitter:site\" content=\"@psol50\" \/>\n<meta name=\"twitter:label1\" content=\"Escrito por\" \/>\n\t<meta name=\"twitter:data1\" content=\"Comunica\u00e7\u00e3o PSOL\" \/>\n\t<meta name=\"twitter:label2\" content=\"Est. tempo de leitura\" \/>\n\t<meta name=\"twitter:data2\" content=\"2 minutos\" \/>\n<script type=\"application\/ld+json\" class=\"yoast-schema-graph\">{\"@context\":\"https:\/\/schema.org\",\"@graph\":[{\"@type\":\"Article\",\"@id\":\"https:\/\/psol50.org.br\/solidariedade-e-maximo-respeito-aos-trabalhadores-da-educacao-de-belo-horizonte\/#article\",\"isPartOf\":{\"@id\":\"https:\/\/psol50.org.br\/solidariedade-e-maximo-respeito-aos-trabalhadores-da-educacao-de-belo-horizonte\/\"},\"author\":{\"name\":\"Comunica\u00e7\u00e3o PSOL\",\"@id\":\"https:\/\/psol50.org.br\/#\/schema\/person\/475dfa57d0b815993c714c2e96491fcd\"},\"headline\":\"Solidariedade e m\u00e1ximo respeito aos trabalhadores da educa\u00e7\u00e3o de Belo Horizonte!\",\"datePublished\":\"2018-04-25T13:10:02+00:00\",\"mainEntityOfPage\":{\"@id\":\"https:\/\/psol50.org.br\/solidariedade-e-maximo-respeito-aos-trabalhadores-da-educacao-de-belo-horizonte\/\"},\"wordCount\":362,\"commentCount\":0,\"publisher\":{\"@id\":\"https:\/\/psol50.org.br\/#organization\"},\"image\":{\"@id\":\"https:\/\/psol50.org.br\/solidariedade-e-maximo-respeito-aos-trabalhadores-da-educacao-de-belo-horizonte\/#primaryimage\"},\"thumbnailUrl\":\"https:\/\/psol50.org.br\/inc\/uploads\/2018\/04\/Ato_ProfessoresBH_PM_Sindrede.jpg\",\"keywords\":[\"Alexandre Kalil\",\"Belo Horizonte\",\"educa\u00e7\u00e3o infantil\",\"Executiva Nacional do PSOL\",\"Fernando Pimentel\",\"governo estadual\",\"greve\",\"Pol\u00edcia Militar\",\"prefeito de Belo Horizonte\",\"professores\",\"PT\",\"Repress\u00e3o\",\"Solidariedade\"],\"articleSection\":[\"Educa\u00e7\u00e3o\",\"Estados\",\"Not\u00edcias\",\"Partido\"],\"inLanguage\":\"pt-BR\",\"potentialAction\":[{\"@type\":\"CommentAction\",\"name\":\"Comment\",\"target\":[\"https:\/\/psol50.org.br\/solidariedade-e-maximo-respeito-aos-trabalhadores-da-educacao-de-belo-horizonte\/#respond\"]}]},{\"@type\":\"WebPage\",\"@id\":\"https:\/\/psol50.org.br\/solidariedade-e-maximo-respeito-aos-trabalhadores-da-educacao-de-belo-horizonte\/\",\"url\":\"https:\/\/psol50.org.br\/solidariedade-e-maximo-respeito-aos-trabalhadores-da-educacao-de-belo-horizonte\/\",\"name\":\"Solidariedade e m\u00e1ximo respeito aos trabalhadores da educa\u00e7\u00e3o de Belo Horizonte! - PSOL 50\",\"isPartOf\":{\"@id\":\"https:\/\/psol50.org.br\/#website\"},\"primaryImageOfPage\":{\"@id\":\"https:\/\/psol50.org.br\/solidariedade-e-maximo-respeito-aos-trabalhadores-da-educacao-de-belo-horizonte\/#primaryimage\"},\"image\":{\"@id\":\"https:\/\/psol50.org.br\/solidariedade-e-maximo-respeito-aos-trabalhadores-da-educacao-de-belo-horizonte\/#primaryimage\"},\"thumbnailUrl\":\"https:\/\/psol50.org.br\/inc\/uploads\/2018\/04\/Ato_ProfessoresBH_PM_Sindrede.jpg\",\"datePublished\":\"2018-04-25T13:10:02+00:00\",\"breadcrumb\":{\"@id\":\"https:\/\/psol50.org.br\/solidariedade-e-maximo-respeito-aos-trabalhadores-da-educacao-de-belo-horizonte\/#breadcrumb\"},\"inLanguage\":\"pt-BR\",\"potentialAction\":[{\"@type\":\"ReadAction\",\"target\":[\"https:\/\/psol50.org.br\/solidariedade-e-maximo-respeito-aos-trabalhadores-da-educacao-de-belo-horizonte\/\"]}]},{\"@type\":\"ImageObject\",\"inLanguage\":\"pt-BR\",\"@id\":\"https:\/\/psol50.org.br\/solidariedade-e-maximo-respeito-aos-trabalhadores-da-educacao-de-belo-horizonte\/#primaryimage\",\"url\":\"https:\/\/psol50.org.br\/inc\/uploads\/2018\/04\/Ato_ProfessoresBH_PM_Sindrede.jpg\",\"contentUrl\":\"https:\/\/psol50.org.br\/inc\/uploads\/2018\/04\/Ato_ProfessoresBH_PM_Sindrede.jpg\",\"width\":1350,\"height\":747},{\"@type\":\"BreadcrumbList\",\"@id\":\"https:\/\/psol50.org.br\/solidariedade-e-maximo-respeito-aos-trabalhadores-da-educacao-de-belo-horizonte\/#breadcrumb\",\"itemListElement\":[{\"@type\":\"ListItem\",\"position\":1,\"name\":\"In\u00edcio\",\"item\":\"https:\/\/psol50.org.br\/\"},{\"@type\":\"ListItem\",\"position\":2,\"name\":\"Solidariedade e m\u00e1ximo respeito aos trabalhadores da educa\u00e7\u00e3o de Belo Horizonte!\"}]},{\"@type\":\"WebSite\",\"@id\":\"https:\/\/psol50.org.br\/#website\",\"url\":\"https:\/\/psol50.org.br\/\",\"name\":\"PSOL 50\",\"description\":\"Site oficial do Partido Socialismo e Liberdade\",\"publisher\":{\"@id\":\"https:\/\/psol50.org.br\/#organization\"},\"alternateName\":\"PSOL50\",\"potentialAction\":[{\"@type\":\"SearchAction\",\"target\":{\"@type\":\"EntryPoint\",\"urlTemplate\":\"https:\/\/psol50.org.br\/?s={search_term_string}\"},\"query-input\":{\"@type\":\"PropertyValueSpecification\",\"valueRequired\":true,\"valueName\":\"search_term_string\"}}],\"inLanguage\":\"pt-BR\"},{\"@type\":\"Organization\",\"@id\":\"https:\/\/psol50.org.br\/#organization\",\"name\":\"PSOL 50\",\"alternateName\":\"PSOL 50\",\"url\":\"https:\/\/psol50.org.br\/\",\"logo\":{\"@type\":\"ImageObject\",\"inLanguage\":\"pt-BR\",\"@id\":\"https:\/\/psol50.org.br\/#\/schema\/logo\/image\/\",\"url\":\"https:\/\/psol50.org.br\/inc\/uploads\/2018\/07\/capa.png\",\"contentUrl\":\"https:\/\/psol50.org.br\/inc\/uploads\/2018\/07\/capa.png\",\"width\":1350,\"height\":900,\"caption\":\"PSOL 50\"},\"image\":{\"@id\":\"https:\/\/psol50.org.br\/#\/schema\/logo\/image\/\"},\"sameAs\":[\"https:\/\/www.facebook.com\/psol50\",\"https:\/\/x.com\/psol50\",\"https:\/\/www.instagram.com\/psol50\/\",\"https:\/\/www.youtube.com\/channel\/UC7SnJS5o1os7a6CaiNabzcg\"]},{\"@type\":\"Person\",\"@id\":\"https:\/\/psol50.org.br\/#\/schema\/person\/475dfa57d0b815993c714c2e96491fcd\",\"name\":\"Comunica\u00e7\u00e3o PSOL\",\"image\":{\"@type\":\"ImageObject\",\"inLanguage\":\"pt-BR\",\"@id\":\"https:\/\/psol50.org.br\/#\/schema\/person\/image\/\",\"url\":\"https:\/\/secure.gravatar.com\/avatar\/b34fc4f4e468a4e51785917065a3db57b841f5c95dba6ad8c73aaf8f66f8f9bf?s=96&d=mm&r=g\",\"contentUrl\":\"https:\/\/secure.gravatar.com\/avatar\/b34fc4f4e468a4e51785917065a3db57b841f5c95dba6ad8c73aaf8f66f8f9bf?s=96&d=mm&r=g\",\"caption\":\"Comunica\u00e7\u00e3o PSOL\"}}]}<\/script>\n<!-- \/ Yoast SEO plugin. -->","yoast_head_json":{"title":"Solidariedade e m\u00e1ximo respeito aos trabalhadores da educa\u00e7\u00e3o de Belo Horizonte! - PSOL 50","robots":{"index":"index","follow":"follow","max-snippet":"max-snippet:-1","max-image-preview":"max-image-preview:large","max-video-preview":"max-video-preview:-1"},"canonical":"https:\/\/psol50.org.br\/solidariedade-e-maximo-respeito-aos-trabalhadores-da-educacao-de-belo-horizonte\/","og_locale":"pt_BR","og_type":"article","og_title":"Solidariedade e m\u00e1ximo respeito aos trabalhadores da educa\u00e7\u00e3o de Belo Horizonte! - PSOL 50","og_description":"A Executiva Nacional do PSOL, em nota que segue abaixo, repudia a a\u00e7\u00e3o truculenta da Pol\u00edcia Militar do estado de Minas Gerais, que, na \u00faltima segunda-feira (23), reprimiu violentamente a manifesta\u00e7\u00e3o de trabalhadores da educa\u00e7\u00e3o infantil do munic\u00edpio de Belo Horizonte. Os policiais usaram jato d\u2019\u00e1gua, bombas de g\u00e1s de lacrimog\u00eanio e spray de pimenta [&hellip;]","og_url":"https:\/\/psol50.org.br\/solidariedade-e-maximo-respeito-aos-trabalhadores-da-educacao-de-belo-horizonte\/","og_site_name":"PSOL 50","article_publisher":"https:\/\/www.facebook.com\/psol50","article_published_time":"2018-04-25T13:10:02+00:00","og_image":[{"width":1350,"height":747,"url":"https:\/\/psol50.org.br\/inc\/uploads\/2018\/04\/Ato_ProfessoresBH_PM_Sindrede.jpg","type":"image\/jpeg"}],"author":"Comunica\u00e7\u00e3o PSOL","twitter_card":"summary_large_image","twitter_creator":"@psol50","twitter_site":"@psol50","twitter_misc":{"Escrito por":"Comunica\u00e7\u00e3o PSOL","Est. tempo de leitura":"2 minutos"},"schema":{"@context":"https:\/\/schema.org","@graph":[{"@type":"Article","@id":"https:\/\/psol50.org.br\/solidariedade-e-maximo-respeito-aos-trabalhadores-da-educacao-de-belo-horizonte\/#article","isPartOf":{"@id":"https:\/\/psol50.org.br\/solidariedade-e-maximo-respeito-aos-trabalhadores-da-educacao-de-belo-horizonte\/"},"author":{"name":"Comunica\u00e7\u00e3o PSOL","@id":"https:\/\/psol50.org.br\/#\/schema\/person\/475dfa57d0b815993c714c2e96491fcd"},"headline":"Solidariedade e m\u00e1ximo respeito aos trabalhadores da educa\u00e7\u00e3o de Belo Horizonte!","datePublished":"2018-04-25T13:10:02+00:00","mainEntityOfPage":{"@id":"https:\/\/psol50.org.br\/solidariedade-e-maximo-respeito-aos-trabalhadores-da-educacao-de-belo-horizonte\/"},"wordCount":362,"commentCount":0,"publisher":{"@id":"https:\/\/psol50.org.br\/#organization"},"image":{"@id":"https:\/\/psol50.org.br\/solidariedade-e-maximo-respeito-aos-trabalhadores-da-educacao-de-belo-horizonte\/#primaryimage"},"thumbnailUrl":"https:\/\/psol50.org.br\/inc\/uploads\/2018\/04\/Ato_ProfessoresBH_PM_Sindrede.jpg","keywords":["Alexandre Kalil","Belo Horizonte","educa\u00e7\u00e3o infantil","Executiva Nacional do PSOL","Fernando Pimentel","governo estadual","greve","Pol\u00edcia Militar","prefeito de Belo Horizonte","professores","PT","Repress\u00e3o","Solidariedade"],"articleSection":["Educa\u00e7\u00e3o","Estados","Not\u00edcias","Partido"],"inLanguage":"pt-BR","potentialAction":[{"@type":"CommentAction","name":"Comment","target":["https:\/\/psol50.org.br\/solidariedade-e-maximo-respeito-aos-trabalhadores-da-educacao-de-belo-horizonte\/#respond"]}]},{"@type":"WebPage","@id":"https:\/\/psol50.org.br\/solidariedade-e-maximo-respeito-aos-trabalhadores-da-educacao-de-belo-horizonte\/","url":"https:\/\/psol50.org.br\/solidariedade-e-maximo-respeito-aos-trabalhadores-da-educacao-de-belo-horizonte\/","name":"Solidariedade e m\u00e1ximo respeito aos trabalhadores da educa\u00e7\u00e3o de Belo Horizonte! - PSOL 50","isPartOf":{"@id":"https:\/\/psol50.org.br\/#website"},"primaryImageOfPage":{"@id":"https:\/\/psol50.org.br\/solidariedade-e-maximo-respeito-aos-trabalhadores-da-educacao-de-belo-horizonte\/#primaryimage"},"image":{"@id":"https:\/\/psol50.org.br\/solidariedade-e-maximo-respeito-aos-trabalhadores-da-educacao-de-belo-horizonte\/#primaryimage"},"thumbnailUrl":"https:\/\/psol50.org.br\/inc\/uploads\/2018\/04\/Ato_ProfessoresBH_PM_Sindrede.jpg","datePublished":"2018-04-25T13:10:02+00:00","breadcrumb":{"@id":"https:\/\/psol50.org.br\/solidariedade-e-maximo-respeito-aos-trabalhadores-da-educacao-de-belo-horizonte\/#breadcrumb"},"inLanguage":"pt-BR","potentialAction":[{"@type":"ReadAction","target":["https:\/\/psol50.org.br\/solidariedade-e-maximo-respeito-aos-trabalhadores-da-educacao-de-belo-horizonte\/"]}]},{"@type":"ImageObject","inLanguage":"pt-BR","@id":"https:\/\/psol50.org.br\/solidariedade-e-maximo-respeito-aos-trabalhadores-da-educacao-de-belo-horizonte\/#primaryimage","url":"https:\/\/psol50.org.br\/inc\/uploads\/2018\/04\/Ato_ProfessoresBH_PM_Sindrede.jpg","contentUrl":"https:\/\/psol50.org.br\/inc\/uploads\/2018\/04\/Ato_ProfessoresBH_PM_Sindrede.jpg","width":1350,"height":747},{"@type":"BreadcrumbList","@id":"https:\/\/psol50.org.br\/solidariedade-e-maximo-respeito-aos-trabalhadores-da-educacao-de-belo-horizonte\/#breadcrumb","itemListElement":[{"@type":"ListItem","position":1,"name":"In\u00edcio","item":"https:\/\/psol50.org.br\/"},{"@type":"ListItem","position":2,"name":"Solidariedade e m\u00e1ximo respeito aos trabalhadores da educa\u00e7\u00e3o de Belo Horizonte!"}]},{"@type":"WebSite","@id":"https:\/\/psol50.org.br\/#website","url":"https:\/\/psol50.org.br\/","name":"PSOL 50","description":"Site oficial do Partido Socialismo e Liberdade","publisher":{"@id":"https:\/\/psol50.org.br\/#organization"},"alternateName":"PSOL50","potentialAction":[{"@type":"SearchAction","target":{"@type":"EntryPoint","urlTemplate":"https:\/\/psol50.org.br\/?s={search_term_string}"},"query-input":{"@type":"PropertyValueSpecification","valueRequired":true,"valueName":"search_term_string"}}],"inLanguage":"pt-BR"},{"@type":"Organization","@id":"https:\/\/psol50.org.br\/#organization","name":"PSOL 50","alternateName":"PSOL 50","url":"https:\/\/psol50.org.br\/","logo":{"@type":"ImageObject","inLanguage":"pt-BR","@id":"https:\/\/psol50.org.br\/#\/schema\/logo\/image\/","url":"https:\/\/psol50.org.br\/inc\/uploads\/2018\/07\/capa.png","contentUrl":"https:\/\/psol50.org.br\/inc\/uploads\/2018\/07\/capa.png","width":1350,"height":900,"caption":"PSOL 50"},"image":{"@id":"https:\/\/psol50.org.br\/#\/schema\/logo\/image\/"},"sameAs":["https:\/\/www.facebook.com\/psol50","https:\/\/x.com\/psol50","https:\/\/www.instagram.com\/psol50\/","https:\/\/www.youtube.com\/channel\/UC7SnJS5o1os7a6CaiNabzcg"]},{"@type":"Person","@id":"https:\/\/psol50.org.br\/#\/schema\/person\/475dfa57d0b815993c714c2e96491fcd","name":"Comunica\u00e7\u00e3o PSOL","image":{"@type":"ImageObject","inLanguage":"pt-BR","@id":"https:\/\/psol50.org.br\/#\/schema\/person\/image\/","url":"https:\/\/secure.gravatar.com\/avatar\/b34fc4f4e468a4e51785917065a3db57b841f5c95dba6ad8c73aaf8f66f8f9bf?s=96&d=mm&r=g","contentUrl":"https:\/\/secure.gravatar.com\/avatar\/b34fc4f4e468a4e51785917065a3db57b841f5c95dba6ad8c73aaf8f66f8f9bf?s=96&d=mm&r=g","caption":"Comunica\u00e7\u00e3o PSOL"}}]}},"_links":{"self":[{"href":"https:\/\/psol50.org.br\/rest\/wp\/v2\/posts\/20627","targetHints":{"allow":["GET"]}}],"collection":[{"href":"https:\/\/psol50.org.br\/rest\/wp\/v2\/posts"}],"about":[{"href":"https:\/\/psol50.org.br\/rest\/wp\/v2\/types\/post"}],"author":[{"embeddable":true,"href":"https:\/\/psol50.org.br\/rest\/wp\/v2\/users\/2"}],"replies":[{"embeddable":true,"href":"https:\/\/psol50.org.br\/rest\/wp\/v2\/comments?post=20627"}],"version-history":[{"count":0,"href":"https:\/\/psol50.org.br\/rest\/wp\/v2\/posts\/20627\/revisions"}],"wp:featuredmedia":[{"embeddable":true,"href":"https:\/\/psol50.org.br\/rest\/wp\/v2\/media\/20628"}],"wp:attachment":[{"href":"https:\/\/psol50.org.br\/rest\/wp\/v2\/media?parent=20627"}],"wp:term":[{"taxonomy":"category","embeddable":true,"href":"https:\/\/psol50.org.br\/rest\/wp\/v2\/categories?post=20627"},{"taxonomy":"post_tag","embeddable":true,"href":"https:\/\/psol50.org.br\/rest\/wp\/v2\/tags?post=20627"}],"curies":[{"name":"wp","href":"https:\/\/api.w.org\/{rel}","templated":true}]}}