{"id":20652,"date":"2018-04-27T11:16:12","date_gmt":"2018-04-27T14:16:12","guid":{"rendered":"http:\/\/www.psol50.org.br\/?p=20652"},"modified":"2018-04-27T11:16:12","modified_gmt":"2018-04-27T14:16:12","slug":"nestor-bezerra-sessenta-dias-de-um-mandato-de-resistencia","status":"publish","type":"post","link":"https:\/\/psol50.org.br\/nestor-bezerra-sessenta-dias-de-um-mandato-de-resistencia\/","title":{"rendered":"Nestor Bezerra | Sessenta dias de um mandato de resist\u00eancia"},"content":{"rendered":"<p><span style=\"font-size: 14px;\"><em>Artigo publicado originalmente no jornal <a href=\"https:\/\/mobile.opovo.com.br\/jornal\/opiniao\/2018\/04\/sessenta-dias-de-um-mandato-de-resistencia.html\" target=\"_blank\" rel=\"noopener\"><strong><span style=\"color: #0000ff;\">O Povo<\/span><\/strong><\/a><\/em><\/span><\/p>\n<p>O nosso mandato chegou aos seus 60 dias. Em 22 de fevereiro, com a licen\u00e7a de Renato Roseno, tomei posse como deputado estadual na Assembleia Legislativa do Cear\u00e1. Na cerim\u00f4nia, fui acompanhado de meus colegas oper\u00e1rios da constru\u00e7\u00e3o civil, que h\u00e1 71 anos n\u00e3o tinham um pe\u00e3o de obra como representante nesta Casa. Este momento ficou na nossa mem\u00f3ria.<\/p>\n<p>Nesse primeiro per\u00edodo do que eu entendo como um mandato compartilhado entre mim e Renato, a Assembleia Legislativa passou por um momento dif\u00edcil, em que o troca-troca de partidos impediu que o funcionamento da Casa fosse minimamente democr\u00e1tico e com participa\u00e7\u00e3o popular. As comiss\u00f5es legislativas, onde os deputados podem debater os projetos, assim como as audi\u00eancias p\u00fablicas, onde a popula\u00e7\u00e3o pode ser ouvida, estiveram paralisadas por conta dos prazos da chamada janela partid\u00e1ria.<\/p>\n<p>Contrariando essa paralisia, minhas primeiras semanas de pedreiro deputado foram de muitas lutas em defesa das causas dos trabalhadores e dos servi\u00e7os p\u00fablicos.<\/p>\n<p>O nosso mandato travou um intenso debate em oposi\u00e7\u00e3o ao pacote de maldades do governo Camilo Santana, que apresentou um reajuste de apenas 3% para os servidores, e as mudan\u00e7as no Instituto de Sa\u00fade dos Servidores do Estado do Cear\u00e1 (Issec), que, na pr\u00e1tica, transformam o direito \u00e0 sa\u00fade numa esp\u00e9cie de servi\u00e7o privado. Fomos solid\u00e1rios \u00e0s professoras de Ic\u00f3, agredidas com corte de 50% no sal\u00e1rio e com a repress\u00e3o de seu direito \u00e0 livre manifesta\u00e7\u00e3o. Estivemos na tribo Anac\u00e9, em apoio aos povos origin\u00e1rios que lutam pela demarca\u00e7\u00e3o de sua terra e contra a persegui\u00e7\u00e3o de lideran\u00e7as. Nos posicionamos contra a pris\u00e3o do ex-presidente Lula, mesmo que tenhamos sido oposi\u00e7\u00e3o durante os 14 anos de governo petista. E seguimos tentando transformar em luta o luto pelo assassinato de nossa companheira Marielle Franco.<\/p>\n<p>Em tempos de duros ataques \u00e0 democracia e de retiradas de direitos, construir um mandato de resist\u00eancia a servi\u00e7o das lutas populares, tem sido uma tarefa \u00e1rdua, por\u00e9m necess\u00e1ria. \u00c9 esta a minha tarefa ao longo desses 60 dias de mandato, e este \u00e9 somente o in\u00edcio dessa nossa caminhada.<\/p>\n","protected":false},"excerpt":{"rendered":"<p>Artigo publicado originalmente no jornal O Povo O nosso mandato chegou aos seus 60 dias. Em 22 de fevereiro, com a licen\u00e7a de Renato Roseno, tomei posse como deputado estadual na Assembleia Legislativa do Cear\u00e1. Na cerim\u00f4nia, fui acompanhado de meus colegas oper\u00e1rios da constru\u00e7\u00e3o civil, que h\u00e1 71 anos n\u00e3o tinham um pe\u00e3o de [&hellip;]<\/p>\n","protected":false},"author":2,"featured_media":20653,"comment_status":"open","ping_status":"open","sticky":false,"template":"","format":"standard","meta":{"_acf_changed":false,"footnotes":""},"categories":[3,654],"tags":[2473,2474,2257,2475,2476,2258,2477,22,15],"class_list":{"0":"post-20652","1":"post","2":"type-post","3":"status-publish","4":"format-standard","5":"has-post-thumbnail","7":"category-artigos-e-entrevistas","8":"category-estados","9":"tag-assembleia-legislativa-do-ceara","10":"tag-construcao-civil","11":"tag-deputado-estadual","12":"tag-governo-camilo-santana","13":"tag-mandato-de-resistencia","14":"tag-nestor-bezerra","15":"tag-operario","16":"tag-psol","17":"tag-renato-roseno"},"acf":[],"yoast_head":"<!-- This site is optimized with the Yoast SEO plugin v26.5 - https:\/\/yoast.com\/wordpress\/plugins\/seo\/ -->\n<title>Nestor Bezerra | Sessenta dias de um mandato de resist\u00eancia - PSOL 50<\/title>\n<meta name=\"robots\" content=\"index, follow, max-snippet:-1, max-image-preview:large, max-video-preview:-1\" \/>\n<link rel=\"canonical\" href=\"https:\/\/psol50.org.br\/nestor-bezerra-sessenta-dias-de-um-mandato-de-resistencia\/\" \/>\n<meta property=\"og:locale\" content=\"pt_BR\" \/>\n<meta property=\"og:type\" content=\"article\" \/>\n<meta property=\"og:title\" content=\"Nestor Bezerra | Sessenta dias de um mandato de resist\u00eancia - PSOL 50\" \/>\n<meta property=\"og:description\" content=\"Artigo publicado originalmente no jornal O Povo O nosso mandato chegou aos seus 60 dias. Em 22 de fevereiro, com a licen\u00e7a de Renato Roseno, tomei posse como deputado estadual na Assembleia Legislativa do Cear\u00e1. Na cerim\u00f4nia, fui acompanhado de meus colegas oper\u00e1rios da constru\u00e7\u00e3o civil, que h\u00e1 71 anos n\u00e3o tinham um pe\u00e3o de [&hellip;]\" \/>\n<meta property=\"og:url\" content=\"https:\/\/psol50.org.br\/nestor-bezerra-sessenta-dias-de-um-mandato-de-resistencia\/\" \/>\n<meta property=\"og:site_name\" content=\"PSOL 50\" \/>\n<meta property=\"article:publisher\" content=\"https:\/\/www.facebook.com\/psol50\" \/>\n<meta property=\"article:published_time\" content=\"2018-04-27T14:16:12+00:00\" \/>\n<meta property=\"og:image\" content=\"https:\/\/psol50.org.br\/inc\/uploads\/2018\/04\/NestoBezerra_MaximoMoura_ALECE.jpg\" \/>\n\t<meta property=\"og:image:width\" content=\"1350\" \/>\n\t<meta property=\"og:image:height\" content=\"900\" \/>\n\t<meta property=\"og:image:type\" content=\"image\/jpeg\" \/>\n<meta name=\"author\" content=\"Comunica\u00e7\u00e3o PSOL\" \/>\n<meta name=\"twitter:card\" content=\"summary_large_image\" \/>\n<meta name=\"twitter:creator\" content=\"@psol50\" \/>\n<meta name=\"twitter:site\" content=\"@psol50\" \/>\n<meta name=\"twitter:label1\" content=\"Escrito por\" \/>\n\t<meta name=\"twitter:data1\" content=\"Comunica\u00e7\u00e3o PSOL\" \/>\n\t<meta name=\"twitter:label2\" content=\"Est. tempo de leitura\" \/>\n\t<meta name=\"twitter:data2\" content=\"2 minutos\" \/>\n<script type=\"application\/ld+json\" class=\"yoast-schema-graph\">{\"@context\":\"https:\/\/schema.org\",\"@graph\":[{\"@type\":\"Article\",\"@id\":\"https:\/\/psol50.org.br\/nestor-bezerra-sessenta-dias-de-um-mandato-de-resistencia\/#article\",\"isPartOf\":{\"@id\":\"https:\/\/psol50.org.br\/nestor-bezerra-sessenta-dias-de-um-mandato-de-resistencia\/\"},\"author\":{\"name\":\"Comunica\u00e7\u00e3o PSOL\",\"@id\":\"https:\/\/psol50.org.br\/#\/schema\/person\/475dfa57d0b815993c714c2e96491fcd\"},\"headline\":\"Nestor Bezerra | Sessenta dias de um mandato de resist\u00eancia\",\"datePublished\":\"2018-04-27T14:16:12+00:00\",\"mainEntityOfPage\":{\"@id\":\"https:\/\/psol50.org.br\/nestor-bezerra-sessenta-dias-de-um-mandato-de-resistencia\/\"},\"wordCount\":384,\"commentCount\":0,\"publisher\":{\"@id\":\"https:\/\/psol50.org.br\/#organization\"},\"image\":{\"@id\":\"https:\/\/psol50.org.br\/nestor-bezerra-sessenta-dias-de-um-mandato-de-resistencia\/#primaryimage\"},\"thumbnailUrl\":\"https:\/\/psol50.org.br\/inc\/uploads\/2018\/04\/NestoBezerra_MaximoMoura_ALECE.jpg\",\"keywords\":[\"Assembleia Legislativa do Cear\u00e1\",\"constru\u00e7\u00e3o civil\",\"deputado estadual\",\"governo Camilo Santana\",\"mandato de resist\u00eancia\",\"Nestor Bezerra\",\"oper\u00e1rio\",\"PSOL\",\"Renato Roseno\"],\"articleSection\":[\"Artigos\",\"Estados\"],\"inLanguage\":\"pt-BR\",\"potentialAction\":[{\"@type\":\"CommentAction\",\"name\":\"Comment\",\"target\":[\"https:\/\/psol50.org.br\/nestor-bezerra-sessenta-dias-de-um-mandato-de-resistencia\/#respond\"]}]},{\"@type\":\"WebPage\",\"@id\":\"https:\/\/psol50.org.br\/nestor-bezerra-sessenta-dias-de-um-mandato-de-resistencia\/\",\"url\":\"https:\/\/psol50.org.br\/nestor-bezerra-sessenta-dias-de-um-mandato-de-resistencia\/\",\"name\":\"Nestor Bezerra | Sessenta dias de um mandato de resist\u00eancia - PSOL 50\",\"isPartOf\":{\"@id\":\"https:\/\/psol50.org.br\/#website\"},\"primaryImageOfPage\":{\"@id\":\"https:\/\/psol50.org.br\/nestor-bezerra-sessenta-dias-de-um-mandato-de-resistencia\/#primaryimage\"},\"image\":{\"@id\":\"https:\/\/psol50.org.br\/nestor-bezerra-sessenta-dias-de-um-mandato-de-resistencia\/#primaryimage\"},\"thumbnailUrl\":\"https:\/\/psol50.org.br\/inc\/uploads\/2018\/04\/NestoBezerra_MaximoMoura_ALECE.jpg\",\"datePublished\":\"2018-04-27T14:16:12+00:00\",\"breadcrumb\":{\"@id\":\"https:\/\/psol50.org.br\/nestor-bezerra-sessenta-dias-de-um-mandato-de-resistencia\/#breadcrumb\"},\"inLanguage\":\"pt-BR\",\"potentialAction\":[{\"@type\":\"ReadAction\",\"target\":[\"https:\/\/psol50.org.br\/nestor-bezerra-sessenta-dias-de-um-mandato-de-resistencia\/\"]}]},{\"@type\":\"ImageObject\",\"inLanguage\":\"pt-BR\",\"@id\":\"https:\/\/psol50.org.br\/nestor-bezerra-sessenta-dias-de-um-mandato-de-resistencia\/#primaryimage\",\"url\":\"https:\/\/psol50.org.br\/inc\/uploads\/2018\/04\/NestoBezerra_MaximoMoura_ALECE.jpg\",\"contentUrl\":\"https:\/\/psol50.org.br\/inc\/uploads\/2018\/04\/NestoBezerra_MaximoMoura_ALECE.jpg\",\"width\":1350,\"height\":900},{\"@type\":\"BreadcrumbList\",\"@id\":\"https:\/\/psol50.org.br\/nestor-bezerra-sessenta-dias-de-um-mandato-de-resistencia\/#breadcrumb\",\"itemListElement\":[{\"@type\":\"ListItem\",\"position\":1,\"name\":\"In\u00edcio\",\"item\":\"https:\/\/psol50.org.br\/\"},{\"@type\":\"ListItem\",\"position\":2,\"name\":\"Nestor Bezerra | Sessenta dias de um mandato de resist\u00eancia\"}]},{\"@type\":\"WebSite\",\"@id\":\"https:\/\/psol50.org.br\/#website\",\"url\":\"https:\/\/psol50.org.br\/\",\"name\":\"PSOL 50\",\"description\":\"Site oficial do Partido Socialismo e Liberdade\",\"publisher\":{\"@id\":\"https:\/\/psol50.org.br\/#organization\"},\"alternateName\":\"PSOL50\",\"potentialAction\":[{\"@type\":\"SearchAction\",\"target\":{\"@type\":\"EntryPoint\",\"urlTemplate\":\"https:\/\/psol50.org.br\/?s={search_term_string}\"},\"query-input\":{\"@type\":\"PropertyValueSpecification\",\"valueRequired\":true,\"valueName\":\"search_term_string\"}}],\"inLanguage\":\"pt-BR\"},{\"@type\":\"Organization\",\"@id\":\"https:\/\/psol50.org.br\/#organization\",\"name\":\"PSOL 50\",\"alternateName\":\"PSOL 50\",\"url\":\"https:\/\/psol50.org.br\/\",\"logo\":{\"@type\":\"ImageObject\",\"inLanguage\":\"pt-BR\",\"@id\":\"https:\/\/psol50.org.br\/#\/schema\/logo\/image\/\",\"url\":\"https:\/\/psol50.org.br\/inc\/uploads\/2018\/07\/capa.png\",\"contentUrl\":\"https:\/\/psol50.org.br\/inc\/uploads\/2018\/07\/capa.png\",\"width\":1350,\"height\":900,\"caption\":\"PSOL 50\"},\"image\":{\"@id\":\"https:\/\/psol50.org.br\/#\/schema\/logo\/image\/\"},\"sameAs\":[\"https:\/\/www.facebook.com\/psol50\",\"https:\/\/x.com\/psol50\",\"https:\/\/www.instagram.com\/psol50\/\",\"https:\/\/www.youtube.com\/channel\/UC7SnJS5o1os7a6CaiNabzcg\"]},{\"@type\":\"Person\",\"@id\":\"https:\/\/psol50.org.br\/#\/schema\/person\/475dfa57d0b815993c714c2e96491fcd\",\"name\":\"Comunica\u00e7\u00e3o PSOL\",\"image\":{\"@type\":\"ImageObject\",\"inLanguage\":\"pt-BR\",\"@id\":\"https:\/\/psol50.org.br\/#\/schema\/person\/image\/\",\"url\":\"https:\/\/secure.gravatar.com\/avatar\/b34fc4f4e468a4e51785917065a3db57b841f5c95dba6ad8c73aaf8f66f8f9bf?s=96&d=mm&r=g\",\"contentUrl\":\"https:\/\/secure.gravatar.com\/avatar\/b34fc4f4e468a4e51785917065a3db57b841f5c95dba6ad8c73aaf8f66f8f9bf?s=96&d=mm&r=g\",\"caption\":\"Comunica\u00e7\u00e3o PSOL\"}}]}<\/script>\n<!-- \/ Yoast SEO plugin. -->","yoast_head_json":{"title":"Nestor Bezerra | Sessenta dias de um mandato de resist\u00eancia - PSOL 50","robots":{"index":"index","follow":"follow","max-snippet":"max-snippet:-1","max-image-preview":"max-image-preview:large","max-video-preview":"max-video-preview:-1"},"canonical":"https:\/\/psol50.org.br\/nestor-bezerra-sessenta-dias-de-um-mandato-de-resistencia\/","og_locale":"pt_BR","og_type":"article","og_title":"Nestor Bezerra | Sessenta dias de um mandato de resist\u00eancia - PSOL 50","og_description":"Artigo publicado originalmente no jornal O Povo O nosso mandato chegou aos seus 60 dias. Em 22 de fevereiro, com a licen\u00e7a de Renato Roseno, tomei posse como deputado estadual na Assembleia Legislativa do Cear\u00e1. Na cerim\u00f4nia, fui acompanhado de meus colegas oper\u00e1rios da constru\u00e7\u00e3o civil, que h\u00e1 71 anos n\u00e3o tinham um pe\u00e3o de [&hellip;]","og_url":"https:\/\/psol50.org.br\/nestor-bezerra-sessenta-dias-de-um-mandato-de-resistencia\/","og_site_name":"PSOL 50","article_publisher":"https:\/\/www.facebook.com\/psol50","article_published_time":"2018-04-27T14:16:12+00:00","og_image":[{"width":1350,"height":900,"url":"https:\/\/psol50.org.br\/inc\/uploads\/2018\/04\/NestoBezerra_MaximoMoura_ALECE.jpg","type":"image\/jpeg"}],"author":"Comunica\u00e7\u00e3o PSOL","twitter_card":"summary_large_image","twitter_creator":"@psol50","twitter_site":"@psol50","twitter_misc":{"Escrito por":"Comunica\u00e7\u00e3o PSOL","Est. tempo de leitura":"2 minutos"},"schema":{"@context":"https:\/\/schema.org","@graph":[{"@type":"Article","@id":"https:\/\/psol50.org.br\/nestor-bezerra-sessenta-dias-de-um-mandato-de-resistencia\/#article","isPartOf":{"@id":"https:\/\/psol50.org.br\/nestor-bezerra-sessenta-dias-de-um-mandato-de-resistencia\/"},"author":{"name":"Comunica\u00e7\u00e3o PSOL","@id":"https:\/\/psol50.org.br\/#\/schema\/person\/475dfa57d0b815993c714c2e96491fcd"},"headline":"Nestor Bezerra | Sessenta dias de um mandato de resist\u00eancia","datePublished":"2018-04-27T14:16:12+00:00","mainEntityOfPage":{"@id":"https:\/\/psol50.org.br\/nestor-bezerra-sessenta-dias-de-um-mandato-de-resistencia\/"},"wordCount":384,"commentCount":0,"publisher":{"@id":"https:\/\/psol50.org.br\/#organization"},"image":{"@id":"https:\/\/psol50.org.br\/nestor-bezerra-sessenta-dias-de-um-mandato-de-resistencia\/#primaryimage"},"thumbnailUrl":"https:\/\/psol50.org.br\/inc\/uploads\/2018\/04\/NestoBezerra_MaximoMoura_ALECE.jpg","keywords":["Assembleia Legislativa do Cear\u00e1","constru\u00e7\u00e3o civil","deputado estadual","governo Camilo Santana","mandato de resist\u00eancia","Nestor Bezerra","oper\u00e1rio","PSOL","Renato Roseno"],"articleSection":["Artigos","Estados"],"inLanguage":"pt-BR","potentialAction":[{"@type":"CommentAction","name":"Comment","target":["https:\/\/psol50.org.br\/nestor-bezerra-sessenta-dias-de-um-mandato-de-resistencia\/#respond"]}]},{"@type":"WebPage","@id":"https:\/\/psol50.org.br\/nestor-bezerra-sessenta-dias-de-um-mandato-de-resistencia\/","url":"https:\/\/psol50.org.br\/nestor-bezerra-sessenta-dias-de-um-mandato-de-resistencia\/","name":"Nestor Bezerra | Sessenta dias de um mandato de resist\u00eancia - PSOL 50","isPartOf":{"@id":"https:\/\/psol50.org.br\/#website"},"primaryImageOfPage":{"@id":"https:\/\/psol50.org.br\/nestor-bezerra-sessenta-dias-de-um-mandato-de-resistencia\/#primaryimage"},"image":{"@id":"https:\/\/psol50.org.br\/nestor-bezerra-sessenta-dias-de-um-mandato-de-resistencia\/#primaryimage"},"thumbnailUrl":"https:\/\/psol50.org.br\/inc\/uploads\/2018\/04\/NestoBezerra_MaximoMoura_ALECE.jpg","datePublished":"2018-04-27T14:16:12+00:00","breadcrumb":{"@id":"https:\/\/psol50.org.br\/nestor-bezerra-sessenta-dias-de-um-mandato-de-resistencia\/#breadcrumb"},"inLanguage":"pt-BR","potentialAction":[{"@type":"ReadAction","target":["https:\/\/psol50.org.br\/nestor-bezerra-sessenta-dias-de-um-mandato-de-resistencia\/"]}]},{"@type":"ImageObject","inLanguage":"pt-BR","@id":"https:\/\/psol50.org.br\/nestor-bezerra-sessenta-dias-de-um-mandato-de-resistencia\/#primaryimage","url":"https:\/\/psol50.org.br\/inc\/uploads\/2018\/04\/NestoBezerra_MaximoMoura_ALECE.jpg","contentUrl":"https:\/\/psol50.org.br\/inc\/uploads\/2018\/04\/NestoBezerra_MaximoMoura_ALECE.jpg","width":1350,"height":900},{"@type":"BreadcrumbList","@id":"https:\/\/psol50.org.br\/nestor-bezerra-sessenta-dias-de-um-mandato-de-resistencia\/#breadcrumb","itemListElement":[{"@type":"ListItem","position":1,"name":"In\u00edcio","item":"https:\/\/psol50.org.br\/"},{"@type":"ListItem","position":2,"name":"Nestor Bezerra | Sessenta dias de um mandato de resist\u00eancia"}]},{"@type":"WebSite","@id":"https:\/\/psol50.org.br\/#website","url":"https:\/\/psol50.org.br\/","name":"PSOL 50","description":"Site oficial do Partido Socialismo e Liberdade","publisher":{"@id":"https:\/\/psol50.org.br\/#organization"},"alternateName":"PSOL50","potentialAction":[{"@type":"SearchAction","target":{"@type":"EntryPoint","urlTemplate":"https:\/\/psol50.org.br\/?s={search_term_string}"},"query-input":{"@type":"PropertyValueSpecification","valueRequired":true,"valueName":"search_term_string"}}],"inLanguage":"pt-BR"},{"@type":"Organization","@id":"https:\/\/psol50.org.br\/#organization","name":"PSOL 50","alternateName":"PSOL 50","url":"https:\/\/psol50.org.br\/","logo":{"@type":"ImageObject","inLanguage":"pt-BR","@id":"https:\/\/psol50.org.br\/#\/schema\/logo\/image\/","url":"https:\/\/psol50.org.br\/inc\/uploads\/2018\/07\/capa.png","contentUrl":"https:\/\/psol50.org.br\/inc\/uploads\/2018\/07\/capa.png","width":1350,"height":900,"caption":"PSOL 50"},"image":{"@id":"https:\/\/psol50.org.br\/#\/schema\/logo\/image\/"},"sameAs":["https:\/\/www.facebook.com\/psol50","https:\/\/x.com\/psol50","https:\/\/www.instagram.com\/psol50\/","https:\/\/www.youtube.com\/channel\/UC7SnJS5o1os7a6CaiNabzcg"]},{"@type":"Person","@id":"https:\/\/psol50.org.br\/#\/schema\/person\/475dfa57d0b815993c714c2e96491fcd","name":"Comunica\u00e7\u00e3o PSOL","image":{"@type":"ImageObject","inLanguage":"pt-BR","@id":"https:\/\/psol50.org.br\/#\/schema\/person\/image\/","url":"https:\/\/secure.gravatar.com\/avatar\/b34fc4f4e468a4e51785917065a3db57b841f5c95dba6ad8c73aaf8f66f8f9bf?s=96&d=mm&r=g","contentUrl":"https:\/\/secure.gravatar.com\/avatar\/b34fc4f4e468a4e51785917065a3db57b841f5c95dba6ad8c73aaf8f66f8f9bf?s=96&d=mm&r=g","caption":"Comunica\u00e7\u00e3o PSOL"}}]}},"_links":{"self":[{"href":"https:\/\/psol50.org.br\/rest\/wp\/v2\/posts\/20652","targetHints":{"allow":["GET"]}}],"collection":[{"href":"https:\/\/psol50.org.br\/rest\/wp\/v2\/posts"}],"about":[{"href":"https:\/\/psol50.org.br\/rest\/wp\/v2\/types\/post"}],"author":[{"embeddable":true,"href":"https:\/\/psol50.org.br\/rest\/wp\/v2\/users\/2"}],"replies":[{"embeddable":true,"href":"https:\/\/psol50.org.br\/rest\/wp\/v2\/comments?post=20652"}],"version-history":[{"count":0,"href":"https:\/\/psol50.org.br\/rest\/wp\/v2\/posts\/20652\/revisions"}],"wp:featuredmedia":[{"embeddable":true,"href":"https:\/\/psol50.org.br\/rest\/wp\/v2\/media\/20653"}],"wp:attachment":[{"href":"https:\/\/psol50.org.br\/rest\/wp\/v2\/media?parent=20652"}],"wp:term":[{"taxonomy":"category","embeddable":true,"href":"https:\/\/psol50.org.br\/rest\/wp\/v2\/categories?post=20652"},{"taxonomy":"post_tag","embeddable":true,"href":"https:\/\/psol50.org.br\/rest\/wp\/v2\/tags?post=20652"}],"curies":[{"name":"wp","href":"https:\/\/api.w.org\/{rel}","templated":true}]}}