{"id":20655,"date":"2018-05-02T11:04:43","date_gmt":"2018-05-02T14:04:43","guid":{"rendered":"http:\/\/www.psol50.org.br\/?p=20655"},"modified":"2018-05-02T11:04:43","modified_gmt":"2018-05-02T14:04:43","slug":"solidariedade-e-apoio-as-familias-desabrigadas-em-sao-paulo","status":"publish","type":"post","link":"https:\/\/psol50.org.br\/solidariedade-e-apoio-as-familias-desabrigadas-em-sao-paulo\/","title":{"rendered":"Solidariedade e apoio \u00e0s fam\u00edlias desabrigadas em S\u00e3o Paulo"},"content":{"rendered":"<p>O Partido Socialismo e Liberdade (PSOL) manifesta sua irrestrita solidariedade aos moradores do edif\u00edcio que desabou na madrugada da \u00faltima segunda-feira (1\u00ba\/05), no Largo do Paissandu, Centro de S\u00e3o Paulo.<\/p>\n<p>O poder p\u00fablico tem a obriga\u00e7\u00e3o de dar todo o suporte \u00e0s fam\u00edlias desabrigadas, j\u00e1 que n\u00e3o cumpriu seu dever de assegurar o direito \u00e0 moradia digna e segura para aqueles trabalhadores e trabalhadoras. \u00c9 simb\u00f3lico que a trag\u00e9dia ocorra no dia 1\u00b0 de maio, Dia Internacional dos Trabalhadores, quando os n\u00fameros oficiais apontam o aumento da precariedade e a persist\u00eancia de altas taxas de desemprego.<\/p>\n<p>Todos sabemos que ningu\u00e9m ocupa um im\u00f3vel naquelas condi\u00e7\u00f5es sen\u00e3o por absoluta falta de alternativa. Enquanto houver mais de 7 milh\u00f5es de im\u00f3veis vazios no Brasil, servindo aos interesses da especula\u00e7\u00e3o imobili\u00e1ria, o direito \u00e0 habita\u00e7\u00e3o n\u00e3o poder\u00e1 ser assegurado.<\/p>\n<p>Recha\u00e7amos, ainda, a tentativa de criminaliza\u00e7\u00e3o dos ocupantes, bem como a associa\u00e7\u00e3o desonesta entre a ocupa\u00e7\u00e3o e o Movimento dos Trabalhadores Sem Teto (MTST). A extrema-direita n\u00e3o tem pudor em espalhar cal\u00fanias na internet e deve ser responsabilizado criminalmente por isso.<\/p>\n<p>O PSOL se coloca ao lado das fam\u00edlias desabrigadas e exige dos governos federal, estadual e municipal, medidas para diminuir os efeitos dessa trag\u00e9dia.<\/p>\n<p><strong>Partido Socialismo e Liberdade &#8211; PSOL<\/strong><br \/>\n<strong>2 de maio de 2018<\/strong><\/p>\n","protected":false},"excerpt":{"rendered":"<p>O Partido Socialismo e Liberdade (PSOL) manifesta sua irrestrita solidariedade aos moradores do edif\u00edcio que desabou na madrugada da \u00faltima segunda-feira (1\u00ba\/05), no Largo do Paissandu, Centro de S\u00e3o Paulo. O poder p\u00fablico tem a obriga\u00e7\u00e3o de dar todo o suporte \u00e0s fam\u00edlias desabrigadas, j\u00e1 que n\u00e3o cumpriu seu dever de assegurar o direito \u00e0 [&hellip;]<\/p>\n","protected":false},"author":2,"featured_media":20395,"comment_status":"open","ping_status":"open","sticky":false,"template":"","format":"standard","meta":{"_acf_changed":false,"footnotes":""},"categories":[1882,1104,6],"tags":[2223,2478,2479,2480,2481,101,22,117],"class_list":{"0":"post-20655","1":"post","2":"type-post","3":"status-publish","4":"format-standard","5":"has-post-thumbnail","7":"category-brasil","8":"category-movimento","9":"category-noticias","10":"tag-desabamento","11":"tag-direito-a-moradia","12":"tag-edificio","13":"tag-largo-do-paissandu","14":"tag-movimento-dos-trabalhadores-sem-teto","15":"tag-mtst","16":"tag-psol","17":"tag-sao-paulo"},"acf":[],"yoast_head":"<!-- This site is optimized with the Yoast SEO plugin v26.5 - https:\/\/yoast.com\/wordpress\/plugins\/seo\/ -->\n<title>Solidariedade e apoio \u00e0s fam\u00edlias desabrigadas em S\u00e3o Paulo - PSOL 50<\/title>\n<meta name=\"robots\" content=\"index, follow, max-snippet:-1, max-image-preview:large, max-video-preview:-1\" \/>\n<link rel=\"canonical\" href=\"https:\/\/psol50.org.br\/solidariedade-e-apoio-as-familias-desabrigadas-em-sao-paulo\/\" \/>\n<meta property=\"og:locale\" content=\"pt_BR\" \/>\n<meta property=\"og:type\" content=\"article\" \/>\n<meta property=\"og:title\" content=\"Solidariedade e apoio \u00e0s fam\u00edlias desabrigadas em S\u00e3o Paulo - PSOL 50\" \/>\n<meta property=\"og:description\" content=\"O Partido Socialismo e Liberdade (PSOL) manifesta sua irrestrita solidariedade aos moradores do edif\u00edcio que desabou na madrugada da \u00faltima segunda-feira (1\u00ba\/05), no Largo do Paissandu, Centro de S\u00e3o Paulo. O poder p\u00fablico tem a obriga\u00e7\u00e3o de dar todo o suporte \u00e0s fam\u00edlias desabrigadas, j\u00e1 que n\u00e3o cumpriu seu dever de assegurar o direito \u00e0 [&hellip;]\" \/>\n<meta property=\"og:url\" content=\"https:\/\/psol50.org.br\/solidariedade-e-apoio-as-familias-desabrigadas-em-sao-paulo\/\" \/>\n<meta property=\"og:site_name\" content=\"PSOL 50\" \/>\n<meta property=\"article:publisher\" content=\"https:\/\/www.facebook.com\/psol50\" \/>\n<meta property=\"article:published_time\" content=\"2018-05-02T14:04:43+00:00\" \/>\n<meta property=\"og:image\" content=\"https:\/\/psol50.org.br\/inc\/uploads\/2018\/03\/NotadoPSOL.Branca.jpg\" \/>\n\t<meta property=\"og:image:width\" content=\"1350\" \/>\n\t<meta property=\"og:image:height\" content=\"900\" \/>\n\t<meta property=\"og:image:type\" content=\"image\/jpeg\" \/>\n<meta name=\"author\" content=\"Comunica\u00e7\u00e3o PSOL\" \/>\n<meta name=\"twitter:card\" content=\"summary_large_image\" \/>\n<meta name=\"twitter:creator\" content=\"@psol50\" \/>\n<meta name=\"twitter:site\" content=\"@psol50\" \/>\n<meta name=\"twitter:label1\" content=\"Escrito por\" \/>\n\t<meta name=\"twitter:data1\" content=\"Comunica\u00e7\u00e3o PSOL\" \/>\n\t<meta name=\"twitter:label2\" content=\"Est. tempo de leitura\" \/>\n\t<meta name=\"twitter:data2\" content=\"1 minuto\" \/>\n<script type=\"application\/ld+json\" class=\"yoast-schema-graph\">{\"@context\":\"https:\/\/schema.org\",\"@graph\":[{\"@type\":\"Article\",\"@id\":\"https:\/\/psol50.org.br\/solidariedade-e-apoio-as-familias-desabrigadas-em-sao-paulo\/#article\",\"isPartOf\":{\"@id\":\"https:\/\/psol50.org.br\/solidariedade-e-apoio-as-familias-desabrigadas-em-sao-paulo\/\"},\"author\":{\"name\":\"Comunica\u00e7\u00e3o PSOL\",\"@id\":\"https:\/\/psol50.org.br\/#\/schema\/person\/475dfa57d0b815993c714c2e96491fcd\"},\"headline\":\"Solidariedade e apoio \u00e0s fam\u00edlias desabrigadas em S\u00e3o Paulo\",\"datePublished\":\"2018-05-02T14:04:43+00:00\",\"mainEntityOfPage\":{\"@id\":\"https:\/\/psol50.org.br\/solidariedade-e-apoio-as-familias-desabrigadas-em-sao-paulo\/\"},\"wordCount\":243,\"commentCount\":0,\"publisher\":{\"@id\":\"https:\/\/psol50.org.br\/#organization\"},\"image\":{\"@id\":\"https:\/\/psol50.org.br\/solidariedade-e-apoio-as-familias-desabrigadas-em-sao-paulo\/#primaryimage\"},\"thumbnailUrl\":\"https:\/\/psol50.org.br\/inc\/uploads\/2018\/03\/NotadoPSOL.Branca.jpg\",\"keywords\":[\"desabamento\",\"direito \u00e0 moradia\",\"edif\u00edcio\",\"Largo do Paissandu\",\"Movimento dos Trabalhadores Sem Teto\",\"MTST\",\"PSOL\",\"S\u00e3o Paulo\"],\"articleSection\":[\"Brasil\",\"Movimento\",\"Not\u00edcias\"],\"inLanguage\":\"pt-BR\",\"potentialAction\":[{\"@type\":\"CommentAction\",\"name\":\"Comment\",\"target\":[\"https:\/\/psol50.org.br\/solidariedade-e-apoio-as-familias-desabrigadas-em-sao-paulo\/#respond\"]}]},{\"@type\":\"WebPage\",\"@id\":\"https:\/\/psol50.org.br\/solidariedade-e-apoio-as-familias-desabrigadas-em-sao-paulo\/\",\"url\":\"https:\/\/psol50.org.br\/solidariedade-e-apoio-as-familias-desabrigadas-em-sao-paulo\/\",\"name\":\"Solidariedade e apoio \u00e0s fam\u00edlias desabrigadas em S\u00e3o Paulo - PSOL 50\",\"isPartOf\":{\"@id\":\"https:\/\/psol50.org.br\/#website\"},\"primaryImageOfPage\":{\"@id\":\"https:\/\/psol50.org.br\/solidariedade-e-apoio-as-familias-desabrigadas-em-sao-paulo\/#primaryimage\"},\"image\":{\"@id\":\"https:\/\/psol50.org.br\/solidariedade-e-apoio-as-familias-desabrigadas-em-sao-paulo\/#primaryimage\"},\"thumbnailUrl\":\"https:\/\/psol50.org.br\/inc\/uploads\/2018\/03\/NotadoPSOL.Branca.jpg\",\"datePublished\":\"2018-05-02T14:04:43+00:00\",\"breadcrumb\":{\"@id\":\"https:\/\/psol50.org.br\/solidariedade-e-apoio-as-familias-desabrigadas-em-sao-paulo\/#breadcrumb\"},\"inLanguage\":\"pt-BR\",\"potentialAction\":[{\"@type\":\"ReadAction\",\"target\":[\"https:\/\/psol50.org.br\/solidariedade-e-apoio-as-familias-desabrigadas-em-sao-paulo\/\"]}]},{\"@type\":\"ImageObject\",\"inLanguage\":\"pt-BR\",\"@id\":\"https:\/\/psol50.org.br\/solidariedade-e-apoio-as-familias-desabrigadas-em-sao-paulo\/#primaryimage\",\"url\":\"https:\/\/psol50.org.br\/inc\/uploads\/2018\/03\/NotadoPSOL.Branca.jpg\",\"contentUrl\":\"https:\/\/psol50.org.br\/inc\/uploads\/2018\/03\/NotadoPSOL.Branca.jpg\",\"width\":1350,\"height\":900},{\"@type\":\"BreadcrumbList\",\"@id\":\"https:\/\/psol50.org.br\/solidariedade-e-apoio-as-familias-desabrigadas-em-sao-paulo\/#breadcrumb\",\"itemListElement\":[{\"@type\":\"ListItem\",\"position\":1,\"name\":\"In\u00edcio\",\"item\":\"https:\/\/psol50.org.br\/\"},{\"@type\":\"ListItem\",\"position\":2,\"name\":\"Solidariedade e apoio \u00e0s fam\u00edlias desabrigadas em S\u00e3o Paulo\"}]},{\"@type\":\"WebSite\",\"@id\":\"https:\/\/psol50.org.br\/#website\",\"url\":\"https:\/\/psol50.org.br\/\",\"name\":\"PSOL 50\",\"description\":\"Site oficial do Partido Socialismo e Liberdade\",\"publisher\":{\"@id\":\"https:\/\/psol50.org.br\/#organization\"},\"alternateName\":\"PSOL50\",\"potentialAction\":[{\"@type\":\"SearchAction\",\"target\":{\"@type\":\"EntryPoint\",\"urlTemplate\":\"https:\/\/psol50.org.br\/?s={search_term_string}\"},\"query-input\":{\"@type\":\"PropertyValueSpecification\",\"valueRequired\":true,\"valueName\":\"search_term_string\"}}],\"inLanguage\":\"pt-BR\"},{\"@type\":\"Organization\",\"@id\":\"https:\/\/psol50.org.br\/#organization\",\"name\":\"PSOL 50\",\"alternateName\":\"PSOL 50\",\"url\":\"https:\/\/psol50.org.br\/\",\"logo\":{\"@type\":\"ImageObject\",\"inLanguage\":\"pt-BR\",\"@id\":\"https:\/\/psol50.org.br\/#\/schema\/logo\/image\/\",\"url\":\"https:\/\/psol50.org.br\/inc\/uploads\/2018\/07\/capa.png\",\"contentUrl\":\"https:\/\/psol50.org.br\/inc\/uploads\/2018\/07\/capa.png\",\"width\":1350,\"height\":900,\"caption\":\"PSOL 50\"},\"image\":{\"@id\":\"https:\/\/psol50.org.br\/#\/schema\/logo\/image\/\"},\"sameAs\":[\"https:\/\/www.facebook.com\/psol50\",\"https:\/\/x.com\/psol50\",\"https:\/\/www.instagram.com\/psol50\/\",\"https:\/\/www.youtube.com\/channel\/UC7SnJS5o1os7a6CaiNabzcg\"]},{\"@type\":\"Person\",\"@id\":\"https:\/\/psol50.org.br\/#\/schema\/person\/475dfa57d0b815993c714c2e96491fcd\",\"name\":\"Comunica\u00e7\u00e3o PSOL\",\"image\":{\"@type\":\"ImageObject\",\"inLanguage\":\"pt-BR\",\"@id\":\"https:\/\/psol50.org.br\/#\/schema\/person\/image\/\",\"url\":\"https:\/\/secure.gravatar.com\/avatar\/b34fc4f4e468a4e51785917065a3db57b841f5c95dba6ad8c73aaf8f66f8f9bf?s=96&d=mm&r=g\",\"contentUrl\":\"https:\/\/secure.gravatar.com\/avatar\/b34fc4f4e468a4e51785917065a3db57b841f5c95dba6ad8c73aaf8f66f8f9bf?s=96&d=mm&r=g\",\"caption\":\"Comunica\u00e7\u00e3o PSOL\"}}]}<\/script>\n<!-- \/ Yoast SEO plugin. -->","yoast_head_json":{"title":"Solidariedade e apoio \u00e0s fam\u00edlias desabrigadas em S\u00e3o Paulo - PSOL 50","robots":{"index":"index","follow":"follow","max-snippet":"max-snippet:-1","max-image-preview":"max-image-preview:large","max-video-preview":"max-video-preview:-1"},"canonical":"https:\/\/psol50.org.br\/solidariedade-e-apoio-as-familias-desabrigadas-em-sao-paulo\/","og_locale":"pt_BR","og_type":"article","og_title":"Solidariedade e apoio \u00e0s fam\u00edlias desabrigadas em S\u00e3o Paulo - PSOL 50","og_description":"O Partido Socialismo e Liberdade (PSOL) manifesta sua irrestrita solidariedade aos moradores do edif\u00edcio que desabou na madrugada da \u00faltima segunda-feira (1\u00ba\/05), no Largo do Paissandu, Centro de S\u00e3o Paulo. O poder p\u00fablico tem a obriga\u00e7\u00e3o de dar todo o suporte \u00e0s fam\u00edlias desabrigadas, j\u00e1 que n\u00e3o cumpriu seu dever de assegurar o direito \u00e0 [&hellip;]","og_url":"https:\/\/psol50.org.br\/solidariedade-e-apoio-as-familias-desabrigadas-em-sao-paulo\/","og_site_name":"PSOL 50","article_publisher":"https:\/\/www.facebook.com\/psol50","article_published_time":"2018-05-02T14:04:43+00:00","og_image":[{"width":1350,"height":900,"url":"https:\/\/psol50.org.br\/inc\/uploads\/2018\/03\/NotadoPSOL.Branca.jpg","type":"image\/jpeg"}],"author":"Comunica\u00e7\u00e3o PSOL","twitter_card":"summary_large_image","twitter_creator":"@psol50","twitter_site":"@psol50","twitter_misc":{"Escrito por":"Comunica\u00e7\u00e3o PSOL","Est. tempo de leitura":"1 minuto"},"schema":{"@context":"https:\/\/schema.org","@graph":[{"@type":"Article","@id":"https:\/\/psol50.org.br\/solidariedade-e-apoio-as-familias-desabrigadas-em-sao-paulo\/#article","isPartOf":{"@id":"https:\/\/psol50.org.br\/solidariedade-e-apoio-as-familias-desabrigadas-em-sao-paulo\/"},"author":{"name":"Comunica\u00e7\u00e3o PSOL","@id":"https:\/\/psol50.org.br\/#\/schema\/person\/475dfa57d0b815993c714c2e96491fcd"},"headline":"Solidariedade e apoio \u00e0s fam\u00edlias desabrigadas em S\u00e3o Paulo","datePublished":"2018-05-02T14:04:43+00:00","mainEntityOfPage":{"@id":"https:\/\/psol50.org.br\/solidariedade-e-apoio-as-familias-desabrigadas-em-sao-paulo\/"},"wordCount":243,"commentCount":0,"publisher":{"@id":"https:\/\/psol50.org.br\/#organization"},"image":{"@id":"https:\/\/psol50.org.br\/solidariedade-e-apoio-as-familias-desabrigadas-em-sao-paulo\/#primaryimage"},"thumbnailUrl":"https:\/\/psol50.org.br\/inc\/uploads\/2018\/03\/NotadoPSOL.Branca.jpg","keywords":["desabamento","direito \u00e0 moradia","edif\u00edcio","Largo do Paissandu","Movimento dos Trabalhadores Sem Teto","MTST","PSOL","S\u00e3o Paulo"],"articleSection":["Brasil","Movimento","Not\u00edcias"],"inLanguage":"pt-BR","potentialAction":[{"@type":"CommentAction","name":"Comment","target":["https:\/\/psol50.org.br\/solidariedade-e-apoio-as-familias-desabrigadas-em-sao-paulo\/#respond"]}]},{"@type":"WebPage","@id":"https:\/\/psol50.org.br\/solidariedade-e-apoio-as-familias-desabrigadas-em-sao-paulo\/","url":"https:\/\/psol50.org.br\/solidariedade-e-apoio-as-familias-desabrigadas-em-sao-paulo\/","name":"Solidariedade e apoio \u00e0s fam\u00edlias desabrigadas em S\u00e3o Paulo - PSOL 50","isPartOf":{"@id":"https:\/\/psol50.org.br\/#website"},"primaryImageOfPage":{"@id":"https:\/\/psol50.org.br\/solidariedade-e-apoio-as-familias-desabrigadas-em-sao-paulo\/#primaryimage"},"image":{"@id":"https:\/\/psol50.org.br\/solidariedade-e-apoio-as-familias-desabrigadas-em-sao-paulo\/#primaryimage"},"thumbnailUrl":"https:\/\/psol50.org.br\/inc\/uploads\/2018\/03\/NotadoPSOL.Branca.jpg","datePublished":"2018-05-02T14:04:43+00:00","breadcrumb":{"@id":"https:\/\/psol50.org.br\/solidariedade-e-apoio-as-familias-desabrigadas-em-sao-paulo\/#breadcrumb"},"inLanguage":"pt-BR","potentialAction":[{"@type":"ReadAction","target":["https:\/\/psol50.org.br\/solidariedade-e-apoio-as-familias-desabrigadas-em-sao-paulo\/"]}]},{"@type":"ImageObject","inLanguage":"pt-BR","@id":"https:\/\/psol50.org.br\/solidariedade-e-apoio-as-familias-desabrigadas-em-sao-paulo\/#primaryimage","url":"https:\/\/psol50.org.br\/inc\/uploads\/2018\/03\/NotadoPSOL.Branca.jpg","contentUrl":"https:\/\/psol50.org.br\/inc\/uploads\/2018\/03\/NotadoPSOL.Branca.jpg","width":1350,"height":900},{"@type":"BreadcrumbList","@id":"https:\/\/psol50.org.br\/solidariedade-e-apoio-as-familias-desabrigadas-em-sao-paulo\/#breadcrumb","itemListElement":[{"@type":"ListItem","position":1,"name":"In\u00edcio","item":"https:\/\/psol50.org.br\/"},{"@type":"ListItem","position":2,"name":"Solidariedade e apoio \u00e0s fam\u00edlias desabrigadas em S\u00e3o Paulo"}]},{"@type":"WebSite","@id":"https:\/\/psol50.org.br\/#website","url":"https:\/\/psol50.org.br\/","name":"PSOL 50","description":"Site oficial do Partido Socialismo e Liberdade","publisher":{"@id":"https:\/\/psol50.org.br\/#organization"},"alternateName":"PSOL50","potentialAction":[{"@type":"SearchAction","target":{"@type":"EntryPoint","urlTemplate":"https:\/\/psol50.org.br\/?s={search_term_string}"},"query-input":{"@type":"PropertyValueSpecification","valueRequired":true,"valueName":"search_term_string"}}],"inLanguage":"pt-BR"},{"@type":"Organization","@id":"https:\/\/psol50.org.br\/#organization","name":"PSOL 50","alternateName":"PSOL 50","url":"https:\/\/psol50.org.br\/","logo":{"@type":"ImageObject","inLanguage":"pt-BR","@id":"https:\/\/psol50.org.br\/#\/schema\/logo\/image\/","url":"https:\/\/psol50.org.br\/inc\/uploads\/2018\/07\/capa.png","contentUrl":"https:\/\/psol50.org.br\/inc\/uploads\/2018\/07\/capa.png","width":1350,"height":900,"caption":"PSOL 50"},"image":{"@id":"https:\/\/psol50.org.br\/#\/schema\/logo\/image\/"},"sameAs":["https:\/\/www.facebook.com\/psol50","https:\/\/x.com\/psol50","https:\/\/www.instagram.com\/psol50\/","https:\/\/www.youtube.com\/channel\/UC7SnJS5o1os7a6CaiNabzcg"]},{"@type":"Person","@id":"https:\/\/psol50.org.br\/#\/schema\/person\/475dfa57d0b815993c714c2e96491fcd","name":"Comunica\u00e7\u00e3o PSOL","image":{"@type":"ImageObject","inLanguage":"pt-BR","@id":"https:\/\/psol50.org.br\/#\/schema\/person\/image\/","url":"https:\/\/secure.gravatar.com\/avatar\/b34fc4f4e468a4e51785917065a3db57b841f5c95dba6ad8c73aaf8f66f8f9bf?s=96&d=mm&r=g","contentUrl":"https:\/\/secure.gravatar.com\/avatar\/b34fc4f4e468a4e51785917065a3db57b841f5c95dba6ad8c73aaf8f66f8f9bf?s=96&d=mm&r=g","caption":"Comunica\u00e7\u00e3o PSOL"}}]}},"_links":{"self":[{"href":"https:\/\/psol50.org.br\/rest\/wp\/v2\/posts\/20655","targetHints":{"allow":["GET"]}}],"collection":[{"href":"https:\/\/psol50.org.br\/rest\/wp\/v2\/posts"}],"about":[{"href":"https:\/\/psol50.org.br\/rest\/wp\/v2\/types\/post"}],"author":[{"embeddable":true,"href":"https:\/\/psol50.org.br\/rest\/wp\/v2\/users\/2"}],"replies":[{"embeddable":true,"href":"https:\/\/psol50.org.br\/rest\/wp\/v2\/comments?post=20655"}],"version-history":[{"count":0,"href":"https:\/\/psol50.org.br\/rest\/wp\/v2\/posts\/20655\/revisions"}],"wp:featuredmedia":[{"embeddable":true,"href":"https:\/\/psol50.org.br\/rest\/wp\/v2\/media\/20395"}],"wp:attachment":[{"href":"https:\/\/psol50.org.br\/rest\/wp\/v2\/media?parent=20655"}],"wp:term":[{"taxonomy":"category","embeddable":true,"href":"https:\/\/psol50.org.br\/rest\/wp\/v2\/categories?post=20655"},{"taxonomy":"post_tag","embeddable":true,"href":"https:\/\/psol50.org.br\/rest\/wp\/v2\/tags?post=20655"}],"curies":[{"name":"wp","href":"https:\/\/api.w.org\/{rel}","templated":true}]}}