{"id":20659,"date":"2018-05-04T10:11:14","date_gmt":"2018-05-04T13:11:14","guid":{"rendered":"http:\/\/www.psol50.org.br\/?p=20659"},"modified":"2018-05-04T10:11:14","modified_gmt":"2018-05-04T13:11:14","slug":"professora-sueli-rodrigues-representara-o-psol-na-disputa-ao-governo-do-piaui","status":"publish","type":"post","link":"https:\/\/psol50.org.br\/professora-sueli-rodrigues-representara-o-psol-na-disputa-ao-governo-do-piaui\/","title":{"rendered":"Professora Sueli Rodrigues representar\u00e1 o PSOL na disputa ao governo do Piau\u00ed"},"content":{"rendered":"<p>O PSOL do Piau\u00ed j\u00e1 definiu quem representar\u00e1 o partido na disputa pelo governo estadual nas elei\u00e7\u00f5es de outubro deste ano. A pr\u00e9-candidata a governadora ser\u00e1 a professora da Universidade Federal do Piau\u00ed (UFPI) Sueli Rodrigues, cujo nome foi anunciado oficialmente durante ato pol\u00edtico realizado pelo partido neste 1\u00ba de maio, Dia Internacional do Trabalhador. Para a disputa a uma vaga ao Senado Federal o partido indicou o banc\u00e1rio aposentado Jesus Rodrigues (foto no final).<\/p>\n<p>Maria Sueli Rodrigues de Sousa tem um hist\u00f3rico de lutas em defesa da universidade p\u00fablica e contra as opress\u00f5es de ra\u00e7a, g\u00eanero e orienta\u00e7\u00e3o sexual. \u00c9 advogada, professora de Direito, com mestrado em Desenvolvimento e Meio Ambiente pela UFPI e doutorado em Direito, Estado e Constitui\u00e7\u00e3o pela Universidade de Bras\u00edlia (UnB).<\/p>\n<p>Com o lema &#8220;Se o Piau\u00ed fosse nosso&#8221;, a pr\u00e9-candidatura de Sueli Rodrigues tem o objetivo de reunir a popula\u00e7\u00e3o para pensar e decidir os rumos do estado. &#8220;Imagina andar sem medo pelas ruas e ver hospitais p\u00fablicos funcionando, esc<span class=\"text_exposed_show\">olas a todo vapor, cultura espalhada pelas pra\u00e7as. Imagina ningu\u00e9m ser julgado por conta de sua cor, de sua roupa, seu jeito, sua religi\u00e3o, sua orienta\u00e7\u00e3o sexual. Imagina o potencial produtivo do Piau\u00ed sendo aproveitado pelo povo e para o povo? Agora imagina encontrar pessoas que querem a mesma coisa. <\/span>\u00c9 acreditando que mudar \u00e9 poss\u00edvel que convidamos voc\u00ea a participar da constru\u00e7\u00e3o desse grande movimento de pessoas que sonham com um outro Piau\u00ed&#8221;, afirmou, ao anunciar a sua pr\u00e9-candidatura.<\/p>\n<p><img loading=\"lazy\" decoding=\"async\" class=\"size-medium wp-image-20696 aligncenter\" src=\"http:\/\/www.psol50.org.br\/inc\/uploads\/2018\/05\/Sueli_Jesus_PI_LauroC\u00edcero-600x398.jpg\" alt=\"\" width=\"600\" height=\"398\" \/><\/p>\n<p>&nbsp;<\/p>\n<p>&nbsp;<\/p>\n","protected":false},"excerpt":{"rendered":"<p>O PSOL do Piau\u00ed j\u00e1 definiu quem representar\u00e1 o partido na disputa pelo governo estadual nas elei\u00e7\u00f5es de outubro deste ano. A pr\u00e9-candidata a governadora ser\u00e1 a professora da Universidade Federal do Piau\u00ed (UFPI) Sueli Rodrigues, cujo nome foi anunciado oficialmente durante ato pol\u00edtico realizado pelo partido neste 1\u00ba de maio, Dia Internacional do Trabalhador. [&hellip;]<\/p>\n","protected":false},"author":2,"featured_media":20695,"comment_status":"open","ping_status":"open","sticky":false,"template":"","format":"standard","meta":{"_acf_changed":false,"footnotes":""},"categories":[2165,654,6],"tags":[2447,2482,2483,933,2319,2484,2431,2485,2486],"class_list":{"0":"post-20659","1":"post","2":"type-post","3":"status-publish","4":"format-standard","5":"has-post-thumbnail","7":"category-eleicoes-2018","8":"category-estados","9":"category-noticias","10":"tag-governo-estadual","11":"tag-jesus-rodrigues","12":"tag-maria-sueli-rodrigues-de-sousa","13":"tag-piaui","14":"tag-pre-candidata","15":"tag-psol-pi","16":"tag-senado-federal","17":"tag-sueli-rodrigues","18":"tag-ufpi"},"acf":[],"yoast_head":"<!-- This site is optimized with the Yoast SEO plugin v26.5 - https:\/\/yoast.com\/wordpress\/plugins\/seo\/ -->\n<title>Professora Sueli Rodrigues representar\u00e1 o PSOL na disputa ao governo do Piau\u00ed - PSOL 50<\/title>\n<meta name=\"robots\" content=\"index, follow, max-snippet:-1, max-image-preview:large, max-video-preview:-1\" \/>\n<link rel=\"canonical\" href=\"https:\/\/psol50.org.br\/professora-sueli-rodrigues-representara-o-psol-na-disputa-ao-governo-do-piaui\/\" \/>\n<meta property=\"og:locale\" content=\"pt_BR\" \/>\n<meta property=\"og:type\" content=\"article\" \/>\n<meta property=\"og:title\" content=\"Professora Sueli Rodrigues representar\u00e1 o PSOL na disputa ao governo do Piau\u00ed - PSOL 50\" \/>\n<meta property=\"og:description\" content=\"O PSOL do Piau\u00ed j\u00e1 definiu quem representar\u00e1 o partido na disputa pelo governo estadual nas elei\u00e7\u00f5es de outubro deste ano. A pr\u00e9-candidata a governadora ser\u00e1 a professora da Universidade Federal do Piau\u00ed (UFPI) Sueli Rodrigues, cujo nome foi anunciado oficialmente durante ato pol\u00edtico realizado pelo partido neste 1\u00ba de maio, Dia Internacional do Trabalhador. [&hellip;]\" \/>\n<meta property=\"og:url\" content=\"https:\/\/psol50.org.br\/professora-sueli-rodrigues-representara-o-psol-na-disputa-ao-governo-do-piaui\/\" \/>\n<meta property=\"og:site_name\" content=\"PSOL 50\" \/>\n<meta property=\"article:publisher\" content=\"https:\/\/www.facebook.com\/psol50\" \/>\n<meta property=\"article:published_time\" content=\"2018-05-04T13:11:14+00:00\" \/>\n<meta property=\"og:image\" content=\"https:\/\/psol50.org.br\/inc\/uploads\/2018\/05\/Sueli_PI_LauroCicero.jpg\" \/>\n\t<meta property=\"og:image:width\" content=\"1350\" \/>\n\t<meta property=\"og:image:height\" content=\"896\" \/>\n\t<meta property=\"og:image:type\" content=\"image\/jpeg\" \/>\n<meta name=\"author\" content=\"Comunica\u00e7\u00e3o PSOL\" \/>\n<meta name=\"twitter:card\" content=\"summary_large_image\" \/>\n<meta name=\"twitter:creator\" content=\"@psol50\" \/>\n<meta name=\"twitter:site\" content=\"@psol50\" \/>\n<meta name=\"twitter:label1\" content=\"Escrito por\" \/>\n\t<meta name=\"twitter:data1\" content=\"Comunica\u00e7\u00e3o PSOL\" \/>\n\t<meta name=\"twitter:label2\" content=\"Est. tempo de leitura\" \/>\n\t<meta name=\"twitter:data2\" content=\"1 minuto\" \/>\n<script type=\"application\/ld+json\" class=\"yoast-schema-graph\">{\"@context\":\"https:\/\/schema.org\",\"@graph\":[{\"@type\":\"Article\",\"@id\":\"https:\/\/psol50.org.br\/professora-sueli-rodrigues-representara-o-psol-na-disputa-ao-governo-do-piaui\/#article\",\"isPartOf\":{\"@id\":\"https:\/\/psol50.org.br\/professora-sueli-rodrigues-representara-o-psol-na-disputa-ao-governo-do-piaui\/\"},\"author\":{\"name\":\"Comunica\u00e7\u00e3o PSOL\",\"@id\":\"https:\/\/psol50.org.br\/#\/schema\/person\/475dfa57d0b815993c714c2e96491fcd\"},\"headline\":\"Professora Sueli Rodrigues representar\u00e1 o PSOL na disputa ao governo do Piau\u00ed\",\"datePublished\":\"2018-05-04T13:11:14+00:00\",\"mainEntityOfPage\":{\"@id\":\"https:\/\/psol50.org.br\/professora-sueli-rodrigues-representara-o-psol-na-disputa-ao-governo-do-piaui\/\"},\"wordCount\":277,\"commentCount\":0,\"publisher\":{\"@id\":\"https:\/\/psol50.org.br\/#organization\"},\"image\":{\"@id\":\"https:\/\/psol50.org.br\/professora-sueli-rodrigues-representara-o-psol-na-disputa-ao-governo-do-piaui\/#primaryimage\"},\"thumbnailUrl\":\"https:\/\/psol50.org.br\/inc\/uploads\/2018\/05\/Sueli_PI_LauroCicero.jpg\",\"keywords\":[\"governo estadual\",\"Jesus Rodrigues\",\"Maria Sueli Rodrigues de Sousa\",\"Piau\u00ed\",\"pr\u00e9-candidata\",\"PSOL-PI\",\"Senado Federal\",\"Sueli Rodrigues\",\"UFPI\"],\"articleSection\":[\"Elei\u00e7\u00f5es 2018\",\"Estados\",\"Not\u00edcias\"],\"inLanguage\":\"pt-BR\",\"potentialAction\":[{\"@type\":\"CommentAction\",\"name\":\"Comment\",\"target\":[\"https:\/\/psol50.org.br\/professora-sueli-rodrigues-representara-o-psol-na-disputa-ao-governo-do-piaui\/#respond\"]}]},{\"@type\":\"WebPage\",\"@id\":\"https:\/\/psol50.org.br\/professora-sueli-rodrigues-representara-o-psol-na-disputa-ao-governo-do-piaui\/\",\"url\":\"https:\/\/psol50.org.br\/professora-sueli-rodrigues-representara-o-psol-na-disputa-ao-governo-do-piaui\/\",\"name\":\"Professora Sueli Rodrigues representar\u00e1 o PSOL na disputa ao governo do Piau\u00ed - PSOL 50\",\"isPartOf\":{\"@id\":\"https:\/\/psol50.org.br\/#website\"},\"primaryImageOfPage\":{\"@id\":\"https:\/\/psol50.org.br\/professora-sueli-rodrigues-representara-o-psol-na-disputa-ao-governo-do-piaui\/#primaryimage\"},\"image\":{\"@id\":\"https:\/\/psol50.org.br\/professora-sueli-rodrigues-representara-o-psol-na-disputa-ao-governo-do-piaui\/#primaryimage\"},\"thumbnailUrl\":\"https:\/\/psol50.org.br\/inc\/uploads\/2018\/05\/Sueli_PI_LauroCicero.jpg\",\"datePublished\":\"2018-05-04T13:11:14+00:00\",\"breadcrumb\":{\"@id\":\"https:\/\/psol50.org.br\/professora-sueli-rodrigues-representara-o-psol-na-disputa-ao-governo-do-piaui\/#breadcrumb\"},\"inLanguage\":\"pt-BR\",\"potentialAction\":[{\"@type\":\"ReadAction\",\"target\":[\"https:\/\/psol50.org.br\/professora-sueli-rodrigues-representara-o-psol-na-disputa-ao-governo-do-piaui\/\"]}]},{\"@type\":\"ImageObject\",\"inLanguage\":\"pt-BR\",\"@id\":\"https:\/\/psol50.org.br\/professora-sueli-rodrigues-representara-o-psol-na-disputa-ao-governo-do-piaui\/#primaryimage\",\"url\":\"https:\/\/psol50.org.br\/inc\/uploads\/2018\/05\/Sueli_PI_LauroCicero.jpg\",\"contentUrl\":\"https:\/\/psol50.org.br\/inc\/uploads\/2018\/05\/Sueli_PI_LauroCicero.jpg\",\"width\":1350,\"height\":896},{\"@type\":\"BreadcrumbList\",\"@id\":\"https:\/\/psol50.org.br\/professora-sueli-rodrigues-representara-o-psol-na-disputa-ao-governo-do-piaui\/#breadcrumb\",\"itemListElement\":[{\"@type\":\"ListItem\",\"position\":1,\"name\":\"In\u00edcio\",\"item\":\"https:\/\/psol50.org.br\/\"},{\"@type\":\"ListItem\",\"position\":2,\"name\":\"Professora Sueli Rodrigues representar\u00e1 o PSOL na disputa ao governo do Piau\u00ed\"}]},{\"@type\":\"WebSite\",\"@id\":\"https:\/\/psol50.org.br\/#website\",\"url\":\"https:\/\/psol50.org.br\/\",\"name\":\"PSOL 50\",\"description\":\"Site oficial do Partido Socialismo e Liberdade\",\"publisher\":{\"@id\":\"https:\/\/psol50.org.br\/#organization\"},\"alternateName\":\"PSOL50\",\"potentialAction\":[{\"@type\":\"SearchAction\",\"target\":{\"@type\":\"EntryPoint\",\"urlTemplate\":\"https:\/\/psol50.org.br\/?s={search_term_string}\"},\"query-input\":{\"@type\":\"PropertyValueSpecification\",\"valueRequired\":true,\"valueName\":\"search_term_string\"}}],\"inLanguage\":\"pt-BR\"},{\"@type\":\"Organization\",\"@id\":\"https:\/\/psol50.org.br\/#organization\",\"name\":\"PSOL 50\",\"alternateName\":\"PSOL 50\",\"url\":\"https:\/\/psol50.org.br\/\",\"logo\":{\"@type\":\"ImageObject\",\"inLanguage\":\"pt-BR\",\"@id\":\"https:\/\/psol50.org.br\/#\/schema\/logo\/image\/\",\"url\":\"https:\/\/psol50.org.br\/inc\/uploads\/2018\/07\/capa.png\",\"contentUrl\":\"https:\/\/psol50.org.br\/inc\/uploads\/2018\/07\/capa.png\",\"width\":1350,\"height\":900,\"caption\":\"PSOL 50\"},\"image\":{\"@id\":\"https:\/\/psol50.org.br\/#\/schema\/logo\/image\/\"},\"sameAs\":[\"https:\/\/www.facebook.com\/psol50\",\"https:\/\/x.com\/psol50\",\"https:\/\/www.instagram.com\/psol50\/\",\"https:\/\/www.youtube.com\/channel\/UC7SnJS5o1os7a6CaiNabzcg\"]},{\"@type\":\"Person\",\"@id\":\"https:\/\/psol50.org.br\/#\/schema\/person\/475dfa57d0b815993c714c2e96491fcd\",\"name\":\"Comunica\u00e7\u00e3o PSOL\",\"image\":{\"@type\":\"ImageObject\",\"inLanguage\":\"pt-BR\",\"@id\":\"https:\/\/psol50.org.br\/#\/schema\/person\/image\/\",\"url\":\"https:\/\/secure.gravatar.com\/avatar\/b34fc4f4e468a4e51785917065a3db57b841f5c95dba6ad8c73aaf8f66f8f9bf?s=96&d=mm&r=g\",\"contentUrl\":\"https:\/\/secure.gravatar.com\/avatar\/b34fc4f4e468a4e51785917065a3db57b841f5c95dba6ad8c73aaf8f66f8f9bf?s=96&d=mm&r=g\",\"caption\":\"Comunica\u00e7\u00e3o PSOL\"}}]}<\/script>\n<!-- \/ Yoast SEO plugin. -->","yoast_head_json":{"title":"Professora Sueli Rodrigues representar\u00e1 o PSOL na disputa ao governo do Piau\u00ed - PSOL 50","robots":{"index":"index","follow":"follow","max-snippet":"max-snippet:-1","max-image-preview":"max-image-preview:large","max-video-preview":"max-video-preview:-1"},"canonical":"https:\/\/psol50.org.br\/professora-sueli-rodrigues-representara-o-psol-na-disputa-ao-governo-do-piaui\/","og_locale":"pt_BR","og_type":"article","og_title":"Professora Sueli Rodrigues representar\u00e1 o PSOL na disputa ao governo do Piau\u00ed - PSOL 50","og_description":"O PSOL do Piau\u00ed j\u00e1 definiu quem representar\u00e1 o partido na disputa pelo governo estadual nas elei\u00e7\u00f5es de outubro deste ano. A pr\u00e9-candidata a governadora ser\u00e1 a professora da Universidade Federal do Piau\u00ed (UFPI) Sueli Rodrigues, cujo nome foi anunciado oficialmente durante ato pol\u00edtico realizado pelo partido neste 1\u00ba de maio, Dia Internacional do Trabalhador. [&hellip;]","og_url":"https:\/\/psol50.org.br\/professora-sueli-rodrigues-representara-o-psol-na-disputa-ao-governo-do-piaui\/","og_site_name":"PSOL 50","article_publisher":"https:\/\/www.facebook.com\/psol50","article_published_time":"2018-05-04T13:11:14+00:00","og_image":[{"width":1350,"height":896,"url":"https:\/\/psol50.org.br\/inc\/uploads\/2018\/05\/Sueli_PI_LauroCicero.jpg","type":"image\/jpeg"}],"author":"Comunica\u00e7\u00e3o PSOL","twitter_card":"summary_large_image","twitter_creator":"@psol50","twitter_site":"@psol50","twitter_misc":{"Escrito por":"Comunica\u00e7\u00e3o PSOL","Est. tempo de leitura":"1 minuto"},"schema":{"@context":"https:\/\/schema.org","@graph":[{"@type":"Article","@id":"https:\/\/psol50.org.br\/professora-sueli-rodrigues-representara-o-psol-na-disputa-ao-governo-do-piaui\/#article","isPartOf":{"@id":"https:\/\/psol50.org.br\/professora-sueli-rodrigues-representara-o-psol-na-disputa-ao-governo-do-piaui\/"},"author":{"name":"Comunica\u00e7\u00e3o PSOL","@id":"https:\/\/psol50.org.br\/#\/schema\/person\/475dfa57d0b815993c714c2e96491fcd"},"headline":"Professora Sueli Rodrigues representar\u00e1 o PSOL na disputa ao governo do Piau\u00ed","datePublished":"2018-05-04T13:11:14+00:00","mainEntityOfPage":{"@id":"https:\/\/psol50.org.br\/professora-sueli-rodrigues-representara-o-psol-na-disputa-ao-governo-do-piaui\/"},"wordCount":277,"commentCount":0,"publisher":{"@id":"https:\/\/psol50.org.br\/#organization"},"image":{"@id":"https:\/\/psol50.org.br\/professora-sueli-rodrigues-representara-o-psol-na-disputa-ao-governo-do-piaui\/#primaryimage"},"thumbnailUrl":"https:\/\/psol50.org.br\/inc\/uploads\/2018\/05\/Sueli_PI_LauroCicero.jpg","keywords":["governo estadual","Jesus Rodrigues","Maria Sueli Rodrigues de Sousa","Piau\u00ed","pr\u00e9-candidata","PSOL-PI","Senado Federal","Sueli Rodrigues","UFPI"],"articleSection":["Elei\u00e7\u00f5es 2018","Estados","Not\u00edcias"],"inLanguage":"pt-BR","potentialAction":[{"@type":"CommentAction","name":"Comment","target":["https:\/\/psol50.org.br\/professora-sueli-rodrigues-representara-o-psol-na-disputa-ao-governo-do-piaui\/#respond"]}]},{"@type":"WebPage","@id":"https:\/\/psol50.org.br\/professora-sueli-rodrigues-representara-o-psol-na-disputa-ao-governo-do-piaui\/","url":"https:\/\/psol50.org.br\/professora-sueli-rodrigues-representara-o-psol-na-disputa-ao-governo-do-piaui\/","name":"Professora Sueli Rodrigues representar\u00e1 o PSOL na disputa ao governo do Piau\u00ed - PSOL 50","isPartOf":{"@id":"https:\/\/psol50.org.br\/#website"},"primaryImageOfPage":{"@id":"https:\/\/psol50.org.br\/professora-sueli-rodrigues-representara-o-psol-na-disputa-ao-governo-do-piaui\/#primaryimage"},"image":{"@id":"https:\/\/psol50.org.br\/professora-sueli-rodrigues-representara-o-psol-na-disputa-ao-governo-do-piaui\/#primaryimage"},"thumbnailUrl":"https:\/\/psol50.org.br\/inc\/uploads\/2018\/05\/Sueli_PI_LauroCicero.jpg","datePublished":"2018-05-04T13:11:14+00:00","breadcrumb":{"@id":"https:\/\/psol50.org.br\/professora-sueli-rodrigues-representara-o-psol-na-disputa-ao-governo-do-piaui\/#breadcrumb"},"inLanguage":"pt-BR","potentialAction":[{"@type":"ReadAction","target":["https:\/\/psol50.org.br\/professora-sueli-rodrigues-representara-o-psol-na-disputa-ao-governo-do-piaui\/"]}]},{"@type":"ImageObject","inLanguage":"pt-BR","@id":"https:\/\/psol50.org.br\/professora-sueli-rodrigues-representara-o-psol-na-disputa-ao-governo-do-piaui\/#primaryimage","url":"https:\/\/psol50.org.br\/inc\/uploads\/2018\/05\/Sueli_PI_LauroCicero.jpg","contentUrl":"https:\/\/psol50.org.br\/inc\/uploads\/2018\/05\/Sueli_PI_LauroCicero.jpg","width":1350,"height":896},{"@type":"BreadcrumbList","@id":"https:\/\/psol50.org.br\/professora-sueli-rodrigues-representara-o-psol-na-disputa-ao-governo-do-piaui\/#breadcrumb","itemListElement":[{"@type":"ListItem","position":1,"name":"In\u00edcio","item":"https:\/\/psol50.org.br\/"},{"@type":"ListItem","position":2,"name":"Professora Sueli Rodrigues representar\u00e1 o PSOL na disputa ao governo do Piau\u00ed"}]},{"@type":"WebSite","@id":"https:\/\/psol50.org.br\/#website","url":"https:\/\/psol50.org.br\/","name":"PSOL 50","description":"Site oficial do Partido Socialismo e Liberdade","publisher":{"@id":"https:\/\/psol50.org.br\/#organization"},"alternateName":"PSOL50","potentialAction":[{"@type":"SearchAction","target":{"@type":"EntryPoint","urlTemplate":"https:\/\/psol50.org.br\/?s={search_term_string}"},"query-input":{"@type":"PropertyValueSpecification","valueRequired":true,"valueName":"search_term_string"}}],"inLanguage":"pt-BR"},{"@type":"Organization","@id":"https:\/\/psol50.org.br\/#organization","name":"PSOL 50","alternateName":"PSOL 50","url":"https:\/\/psol50.org.br\/","logo":{"@type":"ImageObject","inLanguage":"pt-BR","@id":"https:\/\/psol50.org.br\/#\/schema\/logo\/image\/","url":"https:\/\/psol50.org.br\/inc\/uploads\/2018\/07\/capa.png","contentUrl":"https:\/\/psol50.org.br\/inc\/uploads\/2018\/07\/capa.png","width":1350,"height":900,"caption":"PSOL 50"},"image":{"@id":"https:\/\/psol50.org.br\/#\/schema\/logo\/image\/"},"sameAs":["https:\/\/www.facebook.com\/psol50","https:\/\/x.com\/psol50","https:\/\/www.instagram.com\/psol50\/","https:\/\/www.youtube.com\/channel\/UC7SnJS5o1os7a6CaiNabzcg"]},{"@type":"Person","@id":"https:\/\/psol50.org.br\/#\/schema\/person\/475dfa57d0b815993c714c2e96491fcd","name":"Comunica\u00e7\u00e3o PSOL","image":{"@type":"ImageObject","inLanguage":"pt-BR","@id":"https:\/\/psol50.org.br\/#\/schema\/person\/image\/","url":"https:\/\/secure.gravatar.com\/avatar\/b34fc4f4e468a4e51785917065a3db57b841f5c95dba6ad8c73aaf8f66f8f9bf?s=96&d=mm&r=g","contentUrl":"https:\/\/secure.gravatar.com\/avatar\/b34fc4f4e468a4e51785917065a3db57b841f5c95dba6ad8c73aaf8f66f8f9bf?s=96&d=mm&r=g","caption":"Comunica\u00e7\u00e3o PSOL"}}]}},"_links":{"self":[{"href":"https:\/\/psol50.org.br\/rest\/wp\/v2\/posts\/20659","targetHints":{"allow":["GET"]}}],"collection":[{"href":"https:\/\/psol50.org.br\/rest\/wp\/v2\/posts"}],"about":[{"href":"https:\/\/psol50.org.br\/rest\/wp\/v2\/types\/post"}],"author":[{"embeddable":true,"href":"https:\/\/psol50.org.br\/rest\/wp\/v2\/users\/2"}],"replies":[{"embeddable":true,"href":"https:\/\/psol50.org.br\/rest\/wp\/v2\/comments?post=20659"}],"version-history":[{"count":0,"href":"https:\/\/psol50.org.br\/rest\/wp\/v2\/posts\/20659\/revisions"}],"wp:featuredmedia":[{"embeddable":true,"href":"https:\/\/psol50.org.br\/rest\/wp\/v2\/media\/20695"}],"wp:attachment":[{"href":"https:\/\/psol50.org.br\/rest\/wp\/v2\/media?parent=20659"}],"wp:term":[{"taxonomy":"category","embeddable":true,"href":"https:\/\/psol50.org.br\/rest\/wp\/v2\/categories?post=20659"},{"taxonomy":"post_tag","embeddable":true,"href":"https:\/\/psol50.org.br\/rest\/wp\/v2\/tags?post=20659"}],"curies":[{"name":"wp","href":"https:\/\/api.w.org\/{rel}","templated":true}]}}