{"id":2067,"date":"2013-06-18T00:00:00","date_gmt":"2013-06-18T00:00:00","guid":{"rendered":"http:\/\/psol50.org.br\/arquivo\/2013\/06\/18\/comunidades-de-macapa-recebem-pela-primeira-vez-a-visita-de-um-prefeito\/"},"modified":"2013-06-18T00:00:00","modified_gmt":"2013-06-18T00:00:00","slug":"comunidades-de-macapa-recebem-pela-primeira-vez-a-visita-de-um-prefeito","status":"publish","type":"post","link":"https:\/\/psol50.org.br\/comunidades-de-macapa-recebem-pela-primeira-vez-a-visita-de-um-prefeito\/","title":{"rendered":"Comunidades de Macap\u00e1 recebem pela primeira vez a visita de um Prefeito"},"content":{"rendered":"<div style=\"text-align: justify;\">\n\t<em>Aproximadamente 15 mil habitantes s\u00e3o representados por um gestor que assumiu o compromisso de fazer melhor e diferente<\/em><br \/>\n\t&nbsp;<br \/>\n\tCarentes de educa\u00e7\u00e3o, sa\u00fade, atendimento e servi\u00e7os b\u00e1sicos. Assim viviam a maioria dos moradores do Arquip\u00e9lago do Bailique, em Macap\u00e1, abandonado pelo Poder P\u00fablico por mais de quatro anos, e que agora enxerga a perspectiva de se reerguer e se reestruturar com as medidas imediatas promovidas pela Prefeitura Municipal de Macap\u00e1.<br \/>\n\t&nbsp;<br \/>\n\tNem a dist\u00e2ncia e as adversidades do tempo impediram que o prefeito de Macap\u00e1, Cl\u00e9cio Lu\u00eds,do PSOL, visitasse as principais comunidades que integram o Arquip\u00e9lago. A maratona iniciou com o Congresso do Povo, na Vila Progresso, seguida com atendimento \u00e0 popula\u00e7\u00e3o na Ag\u00eancia Distrital, realizada pessoalmente pelo Prefeito, no s\u00e1bado, 15 de junho. Entre as demandas, amplia\u00e7\u00e3o de escolas, constru\u00e7\u00e3o de postos de sa\u00fade, coleta do lixo, deslocamento de professores, agentes de limpeza e profissionais da sa\u00fade.<br \/>\n\t&nbsp;<br \/>\n\t<strong>O tempo n\u00e3o para<\/strong><br \/>\n\tEra noite quando o Prefeito Cl\u00e9cio Lu\u00eds atravessou o rio que separa a Vila Progresso da Maced\u00f4nia. Esta \u00faltima conta com cerca de mil habitantes. No local, a popula\u00e7\u00e3o esperava ansiosa pelo gestor, que fez quest\u00e3o de visitar todas as fam\u00edlias da regi\u00e3o.<br \/>\n\t&nbsp;<br \/>\n\tAcompanhado da equipe t\u00e9cnica da Educa\u00e7\u00e3o, Cl\u00e9cio Lu\u00eds visitou a Escola Municipal de Ensino Fundamental Rosa de Saron. Na unidade de ensino foi realizado o levantamento das principais demandas, mas tamb\u00e9m constatada a dedica\u00e7\u00e3o do diretor Joaquim Vilhena, que tem seguido as orienta\u00e7\u00f5es de cuidar da escola e fazer dela uma extens\u00e3o da casa e da fam\u00edlia dos moradores da comunidade.<br \/>\n\t&nbsp;<br \/>\n\t\u201cN\u00e3o temos medido esfor\u00e7os, nossos alunos t\u00eam merenda e uma excelente educa\u00e7\u00e3o. Hoje, o que precisamos \u00e9 de um professor de inform\u00e1tica, para colocarmos nosso projeto de inclus\u00e3o digital em pr\u00e1tica, al\u00e9m de pequenos reparos na escola\u201d, relatou Joaquim Vilhena.<br \/>\n\t&nbsp;<br \/>\n\t<strong>Caravana Administrativa<\/strong><br \/>\n\tNo domingo (16), o prefeito Cl\u00e9cio Lu\u00eds e sua equipe administrativa do primeiro escal\u00e3o visitaram as comunidades de Jaranbuba, Livramento, Igarap\u00e9 do Meio e Lim\u00e3o do Curu\u00e1. Como em todo o arquip\u00e9lago, os rios s\u00e3o as ruas dos moradores, que utilizam pequenas embarca\u00e7\u00f5es, cascos e rabetas, para se locomoverem para todo o lugar, incluindo as escolas e igrejas, remando entre bra\u00e7os e igarap\u00e9s de \u00e1guas turvas.<br \/>\n\t&nbsp;<br \/>\n\tA sexta maior comunidade, Lim\u00e3o do Curu\u00e1, abriga pouco mais de 90 fam\u00edlias e \u00e9 exemplo de dedica\u00e7\u00e3o dos moradores, que vencem as dificuldades atrav\u00e9s da uni\u00e3o da comunidade. A escola funciona em uma pequena sala dividida em tr\u00eas c\u00f4modos. Os 30 pequenos alunos, de 4 a 6 anos de idade, revezam-se em busca de aprendizado. Ao ver a situa\u00e7\u00e3o do local, que de acordo com os moradores est\u00e1 em condi\u00e7\u00f5es prec\u00e1rias h\u00e1 mais de 10 anos, Cl\u00e9cio Lu\u00eds determinou total empenho da Secretaria Municipal de Educa\u00e7\u00e3o (Semed) tendo como primeira iniciativa a amplia\u00e7\u00e3o da escola.<br \/>\n\t&nbsp;<br \/>\n\tMais um exemplo de determina\u00e7\u00e3o \u00e9 visto na sa\u00fade. O posto local \u00e9 administrado por duas pessoas, Juvenil dos Santos, de 56 anos, que trabalha no local h\u00e1 25 anos como atendente hospitalar; e Roselina Pantoja, de 32 anos, T\u00e9cnica de Enfermagem h\u00e1 3 anos no posto.<br \/>\n\t&nbsp;<br \/>\n\tO espa\u00e7o reduzido n\u00e3o impede que os profissionais atendam com qualidade a popula\u00e7\u00e3o. Organizados e sempre dispostos, a t\u00edmida equipe do \u201cpostinho\u201d, como \u00e9 conhecido na localidade, atende cerca de 4 comunidades pr\u00f3ximas, com atendimentos de baixa complexidade, e ainda realizam palestras de sa\u00fade preventiva e prestam socorro nos casos mais graves.<br \/>\n\t&nbsp;<br \/>\n\t\u201cUma vez na semana realizo palestras de preven\u00e7\u00e3o de diabetes, press\u00e3o alta, a import\u00e2ncia da boa alimenta\u00e7\u00e3o e cuidados com as crian\u00e7as. A popula\u00e7\u00e3o gosta e para mim \u00e9 um compromisso com o povo. Al\u00e9m dos curativos, entrega de medica\u00e7\u00f5es e palestras, tamb\u00e9m ajudo no transporte dos casos mais graves, como picada de cobra. Fa\u00e7o quest\u00e3o de acompanhar o paciente at\u00e9 a capital, tomando medidas b\u00e1sicas dos primeiros socorros\u201d, descreveu a T\u00e9cnica de Enfermagem.<br \/>\n\t&nbsp;<br \/>\n\tEmocionado e orgulhoso da \u201ct\u00edmida\u201d equipe do \u201cpostinho\u201d, o secret\u00e1rio Municipal de Sa\u00fade, Rinaldo Martins, prometeu enviar com regularidade os medicamentos b\u00e1sicos, que s\u00e3o os mais utilizados, como tamb\u00e9m investir em melhorias.<br \/>\n\t&nbsp;<br \/>\n\t\u201cQueremos fazer sa\u00fade de verdade, e para colocarmos em pr\u00e1tica \u00e9 necess\u00e1rio que iniciemos pela sa\u00fade preventiva. O principal objetivo \u00e9 ter Unidades em pontos estrat\u00e9gicos do Arquip\u00e9lago, que prestem todos os atendimentos \u00e0s comunidades. Assim, diminuiria a dist\u00e2ncia de quem tem que ir para Macap\u00e1\u201d, relatou Rinaldo Martins.<br \/>\n\t&nbsp;<br \/>\n\tNa comunidade do Livramento os moradores ficaram emocionados com a visita do Prefeito. \u201cAgora sim nos sentimos representados, pois essa \u00e9 a primeira vez que recebemos a visita de um prefeito em nossa comunidade\u201d, comemorou dona Maria Frolina, 48 anos, ao ver Cl\u00e9cio na porta da sua casa.<br \/>\n\t&nbsp;<br \/>\n\tNo Igarap\u00e9 do Meio, quinta maior comunidade do Arquip\u00e9lago, com cerca de 100 fam\u00edlias, Cl\u00e9cio Lu\u00eds visitou as instala\u00e7\u00f5es da Escola Municipal de Ensino Fundamental Canal dos Guimar\u00e3es. A maior demanda do local foi a amplia\u00e7\u00e3o da escola, que hoje atende tr\u00eas comunidades, acolhendo cerca de 50 alunos, de 4 a 9 anos de idade.<br \/>\n\t&nbsp;<br \/>\n\tOrientados pela secret\u00e1ria Municipal de Educa\u00e7\u00e3o, Ant\u00f4nia Andrade, a equipe t\u00e9cnica realizou um levantamento das escolas municipais, para que os problemas possam ser solucionados de forma imediata.<br \/>\n\t&nbsp;<br \/>\n\tPassava das 23 horas quando Cl\u00e9cio Lu\u00eds, acompanhado da equipe administrativa, finalizou as visitas na Comunidade de Itamatatuba.<br \/>\n\t&nbsp;<br \/>\n\t&nbsp;\u201cVer o sorriso das pessoas, o brilho renovado no olhar e a confian\u00e7a depositada no meu mandato, aumentam ainda mais o meu compromisso de fazer melhor e diferente. \u00c9 apenas o come\u00e7o, sempre estarei presente nas Comunidades. Fui eleito para representar o povo e farei com muita satisfa\u00e7\u00e3o, concluiu Cl\u00e9cio Lu\u00eds, depois de tr\u00eas dias dedicados exclusivamente ao Arquip\u00e9lago do Bailique.<\/div>\n<p>&nbsp;<\/p>\n","protected":false},"excerpt":{"rendered":"<p>Aproximadamente 15 mil habitantes s\u00e3o representados por um gestor que assumiu o compromisso de fazer melhor e diferente &nbsp; Carentes de educa\u00e7\u00e3o, sa\u00fade, atendimento e servi\u00e7os b\u00e1sicos. Assim viviam a maioria dos moradores do Arquip\u00e9lago do Bailique, em Macap\u00e1, abandonado pelo Poder P\u00fablico por mais de quatro anos, e que agora enxerga a perspectiva de [&hellip;]<\/p>\n","protected":false},"author":2,"featured_media":0,"comment_status":"open","ping_status":"open","sticky":false,"template":"","format":"standard","meta":{"_acf_changed":false,"footnotes":""},"categories":[4766],"tags":[],"class_list":{"0":"post-2067","1":"post","2":"type-post","3":"status-publish","4":"format-standard","6":"category-arquivo"},"acf":[],"yoast_head":"<!-- This site is optimized with the Yoast SEO plugin v26.5 - https:\/\/yoast.com\/wordpress\/plugins\/seo\/ -->\n<title>Comunidades de Macap\u00e1 recebem pela primeira vez a visita de um Prefeito - PSOL 50<\/title>\n<meta name=\"robots\" content=\"index, follow, max-snippet:-1, max-image-preview:large, max-video-preview:-1\" \/>\n<link rel=\"canonical\" href=\"https:\/\/psol50.org.br\/comunidades-de-macapa-recebem-pela-primeira-vez-a-visita-de-um-prefeito\/\" \/>\n<meta property=\"og:locale\" content=\"pt_BR\" \/>\n<meta property=\"og:type\" content=\"article\" \/>\n<meta property=\"og:title\" content=\"Comunidades de Macap\u00e1 recebem pela primeira vez a visita de um Prefeito - PSOL 50\" \/>\n<meta property=\"og:description\" content=\"Aproximadamente 15 mil habitantes s\u00e3o representados por um gestor que assumiu o compromisso de fazer melhor e diferente &nbsp; Carentes de educa\u00e7\u00e3o, sa\u00fade, atendimento e servi\u00e7os b\u00e1sicos. Assim viviam a maioria dos moradores do Arquip\u00e9lago do Bailique, em Macap\u00e1, abandonado pelo Poder P\u00fablico por mais de quatro anos, e que agora enxerga a perspectiva de [&hellip;]\" \/>\n<meta property=\"og:url\" content=\"https:\/\/psol50.org.br\/comunidades-de-macapa-recebem-pela-primeira-vez-a-visita-de-um-prefeito\/\" \/>\n<meta property=\"og:site_name\" content=\"PSOL 50\" \/>\n<meta property=\"article:publisher\" content=\"https:\/\/www.facebook.com\/psol50\" \/>\n<meta property=\"article:published_time\" content=\"2013-06-18T00:00:00+00:00\" \/>\n<meta property=\"og:image\" content=\"https:\/\/psol50.org.br\/inc\/uploads\/2018\/07\/capa.png\" \/>\n\t<meta property=\"og:image:width\" content=\"1350\" \/>\n\t<meta property=\"og:image:height\" content=\"900\" \/>\n\t<meta property=\"og:image:type\" content=\"image\/png\" \/>\n<meta name=\"author\" content=\"Comunica\u00e7\u00e3o PSOL\" \/>\n<meta name=\"twitter:card\" content=\"summary_large_image\" \/>\n<meta name=\"twitter:creator\" content=\"@psol50\" \/>\n<meta name=\"twitter:site\" content=\"@psol50\" \/>\n<meta name=\"twitter:label1\" content=\"Escrito por\" \/>\n\t<meta name=\"twitter:data1\" content=\"Comunica\u00e7\u00e3o PSOL\" \/>\n\t<meta name=\"twitter:label2\" content=\"Est. tempo de leitura\" \/>\n\t<meta name=\"twitter:data2\" content=\"5 minutos\" \/>\n<script type=\"application\/ld+json\" class=\"yoast-schema-graph\">{\"@context\":\"https:\/\/schema.org\",\"@graph\":[{\"@type\":\"Article\",\"@id\":\"https:\/\/psol50.org.br\/comunidades-de-macapa-recebem-pela-primeira-vez-a-visita-de-um-prefeito\/#article\",\"isPartOf\":{\"@id\":\"https:\/\/psol50.org.br\/comunidades-de-macapa-recebem-pela-primeira-vez-a-visita-de-um-prefeito\/\"},\"author\":{\"name\":\"Comunica\u00e7\u00e3o PSOL\",\"@id\":\"https:\/\/psol50.org.br\/#\/schema\/person\/475dfa57d0b815993c714c2e96491fcd\"},\"headline\":\"Comunidades de Macap\u00e1 recebem pela primeira vez a visita de um Prefeito\",\"datePublished\":\"2013-06-18T00:00:00+00:00\",\"mainEntityOfPage\":{\"@id\":\"https:\/\/psol50.org.br\/comunidades-de-macapa-recebem-pela-primeira-vez-a-visita-de-um-prefeito\/\"},\"wordCount\":1046,\"commentCount\":0,\"publisher\":{\"@id\":\"https:\/\/psol50.org.br\/#organization\"},\"articleSection\":[\"Arquivo\"],\"inLanguage\":\"pt-BR\",\"potentialAction\":[{\"@type\":\"CommentAction\",\"name\":\"Comment\",\"target\":[\"https:\/\/psol50.org.br\/comunidades-de-macapa-recebem-pela-primeira-vez-a-visita-de-um-prefeito\/#respond\"]}]},{\"@type\":\"WebPage\",\"@id\":\"https:\/\/psol50.org.br\/comunidades-de-macapa-recebem-pela-primeira-vez-a-visita-de-um-prefeito\/\",\"url\":\"https:\/\/psol50.org.br\/comunidades-de-macapa-recebem-pela-primeira-vez-a-visita-de-um-prefeito\/\",\"name\":\"Comunidades de Macap\u00e1 recebem pela primeira vez a visita de um Prefeito - PSOL 50\",\"isPartOf\":{\"@id\":\"https:\/\/psol50.org.br\/#website\"},\"datePublished\":\"2013-06-18T00:00:00+00:00\",\"breadcrumb\":{\"@id\":\"https:\/\/psol50.org.br\/comunidades-de-macapa-recebem-pela-primeira-vez-a-visita-de-um-prefeito\/#breadcrumb\"},\"inLanguage\":\"pt-BR\",\"potentialAction\":[{\"@type\":\"ReadAction\",\"target\":[\"https:\/\/psol50.org.br\/comunidades-de-macapa-recebem-pela-primeira-vez-a-visita-de-um-prefeito\/\"]}]},{\"@type\":\"BreadcrumbList\",\"@id\":\"https:\/\/psol50.org.br\/comunidades-de-macapa-recebem-pela-primeira-vez-a-visita-de-um-prefeito\/#breadcrumb\",\"itemListElement\":[{\"@type\":\"ListItem\",\"position\":1,\"name\":\"In\u00edcio\",\"item\":\"https:\/\/psol50.org.br\/\"},{\"@type\":\"ListItem\",\"position\":2,\"name\":\"Comunidades de Macap\u00e1 recebem pela primeira vez a visita de um Prefeito\"}]},{\"@type\":\"WebSite\",\"@id\":\"https:\/\/psol50.org.br\/#website\",\"url\":\"https:\/\/psol50.org.br\/\",\"name\":\"PSOL 50\",\"description\":\"Site oficial do Partido Socialismo e Liberdade\",\"publisher\":{\"@id\":\"https:\/\/psol50.org.br\/#organization\"},\"alternateName\":\"PSOL50\",\"potentialAction\":[{\"@type\":\"SearchAction\",\"target\":{\"@type\":\"EntryPoint\",\"urlTemplate\":\"https:\/\/psol50.org.br\/?s={search_term_string}\"},\"query-input\":{\"@type\":\"PropertyValueSpecification\",\"valueRequired\":true,\"valueName\":\"search_term_string\"}}],\"inLanguage\":\"pt-BR\"},{\"@type\":\"Organization\",\"@id\":\"https:\/\/psol50.org.br\/#organization\",\"name\":\"PSOL 50\",\"alternateName\":\"PSOL 50\",\"url\":\"https:\/\/psol50.org.br\/\",\"logo\":{\"@type\":\"ImageObject\",\"inLanguage\":\"pt-BR\",\"@id\":\"https:\/\/psol50.org.br\/#\/schema\/logo\/image\/\",\"url\":\"https:\/\/psol50.org.br\/inc\/uploads\/2018\/07\/capa.png\",\"contentUrl\":\"https:\/\/psol50.org.br\/inc\/uploads\/2018\/07\/capa.png\",\"width\":1350,\"height\":900,\"caption\":\"PSOL 50\"},\"image\":{\"@id\":\"https:\/\/psol50.org.br\/#\/schema\/logo\/image\/\"},\"sameAs\":[\"https:\/\/www.facebook.com\/psol50\",\"https:\/\/x.com\/psol50\",\"https:\/\/www.instagram.com\/psol50\/\",\"https:\/\/www.youtube.com\/channel\/UC7SnJS5o1os7a6CaiNabzcg\"]},{\"@type\":\"Person\",\"@id\":\"https:\/\/psol50.org.br\/#\/schema\/person\/475dfa57d0b815993c714c2e96491fcd\",\"name\":\"Comunica\u00e7\u00e3o PSOL\",\"image\":{\"@type\":\"ImageObject\",\"inLanguage\":\"pt-BR\",\"@id\":\"https:\/\/psol50.org.br\/#\/schema\/person\/image\/\",\"url\":\"https:\/\/secure.gravatar.com\/avatar\/b34fc4f4e468a4e51785917065a3db57b841f5c95dba6ad8c73aaf8f66f8f9bf?s=96&d=mm&r=g\",\"contentUrl\":\"https:\/\/secure.gravatar.com\/avatar\/b34fc4f4e468a4e51785917065a3db57b841f5c95dba6ad8c73aaf8f66f8f9bf?s=96&d=mm&r=g\",\"caption\":\"Comunica\u00e7\u00e3o PSOL\"}}]}<\/script>\n<!-- \/ Yoast SEO plugin. -->","yoast_head_json":{"title":"Comunidades de Macap\u00e1 recebem pela primeira vez a visita de um Prefeito - PSOL 50","robots":{"index":"index","follow":"follow","max-snippet":"max-snippet:-1","max-image-preview":"max-image-preview:large","max-video-preview":"max-video-preview:-1"},"canonical":"https:\/\/psol50.org.br\/comunidades-de-macapa-recebem-pela-primeira-vez-a-visita-de-um-prefeito\/","og_locale":"pt_BR","og_type":"article","og_title":"Comunidades de Macap\u00e1 recebem pela primeira vez a visita de um Prefeito - PSOL 50","og_description":"Aproximadamente 15 mil habitantes s\u00e3o representados por um gestor que assumiu o compromisso de fazer melhor e diferente &nbsp; Carentes de educa\u00e7\u00e3o, sa\u00fade, atendimento e servi\u00e7os b\u00e1sicos. Assim viviam a maioria dos moradores do Arquip\u00e9lago do Bailique, em Macap\u00e1, abandonado pelo Poder P\u00fablico por mais de quatro anos, e que agora enxerga a perspectiva de [&hellip;]","og_url":"https:\/\/psol50.org.br\/comunidades-de-macapa-recebem-pela-primeira-vez-a-visita-de-um-prefeito\/","og_site_name":"PSOL 50","article_publisher":"https:\/\/www.facebook.com\/psol50","article_published_time":"2013-06-18T00:00:00+00:00","og_image":[{"width":1350,"height":900,"url":"https:\/\/psol50.org.br\/inc\/uploads\/2018\/07\/capa.png","type":"image\/png"}],"author":"Comunica\u00e7\u00e3o PSOL","twitter_card":"summary_large_image","twitter_creator":"@psol50","twitter_site":"@psol50","twitter_misc":{"Escrito por":"Comunica\u00e7\u00e3o PSOL","Est. tempo de leitura":"5 minutos"},"schema":{"@context":"https:\/\/schema.org","@graph":[{"@type":"Article","@id":"https:\/\/psol50.org.br\/comunidades-de-macapa-recebem-pela-primeira-vez-a-visita-de-um-prefeito\/#article","isPartOf":{"@id":"https:\/\/psol50.org.br\/comunidades-de-macapa-recebem-pela-primeira-vez-a-visita-de-um-prefeito\/"},"author":{"name":"Comunica\u00e7\u00e3o PSOL","@id":"https:\/\/psol50.org.br\/#\/schema\/person\/475dfa57d0b815993c714c2e96491fcd"},"headline":"Comunidades de Macap\u00e1 recebem pela primeira vez a visita de um Prefeito","datePublished":"2013-06-18T00:00:00+00:00","mainEntityOfPage":{"@id":"https:\/\/psol50.org.br\/comunidades-de-macapa-recebem-pela-primeira-vez-a-visita-de-um-prefeito\/"},"wordCount":1046,"commentCount":0,"publisher":{"@id":"https:\/\/psol50.org.br\/#organization"},"articleSection":["Arquivo"],"inLanguage":"pt-BR","potentialAction":[{"@type":"CommentAction","name":"Comment","target":["https:\/\/psol50.org.br\/comunidades-de-macapa-recebem-pela-primeira-vez-a-visita-de-um-prefeito\/#respond"]}]},{"@type":"WebPage","@id":"https:\/\/psol50.org.br\/comunidades-de-macapa-recebem-pela-primeira-vez-a-visita-de-um-prefeito\/","url":"https:\/\/psol50.org.br\/comunidades-de-macapa-recebem-pela-primeira-vez-a-visita-de-um-prefeito\/","name":"Comunidades de Macap\u00e1 recebem pela primeira vez a visita de um Prefeito - PSOL 50","isPartOf":{"@id":"https:\/\/psol50.org.br\/#website"},"datePublished":"2013-06-18T00:00:00+00:00","breadcrumb":{"@id":"https:\/\/psol50.org.br\/comunidades-de-macapa-recebem-pela-primeira-vez-a-visita-de-um-prefeito\/#breadcrumb"},"inLanguage":"pt-BR","potentialAction":[{"@type":"ReadAction","target":["https:\/\/psol50.org.br\/comunidades-de-macapa-recebem-pela-primeira-vez-a-visita-de-um-prefeito\/"]}]},{"@type":"BreadcrumbList","@id":"https:\/\/psol50.org.br\/comunidades-de-macapa-recebem-pela-primeira-vez-a-visita-de-um-prefeito\/#breadcrumb","itemListElement":[{"@type":"ListItem","position":1,"name":"In\u00edcio","item":"https:\/\/psol50.org.br\/"},{"@type":"ListItem","position":2,"name":"Comunidades de Macap\u00e1 recebem pela primeira vez a visita de um Prefeito"}]},{"@type":"WebSite","@id":"https:\/\/psol50.org.br\/#website","url":"https:\/\/psol50.org.br\/","name":"PSOL 50","description":"Site oficial do Partido Socialismo e Liberdade","publisher":{"@id":"https:\/\/psol50.org.br\/#organization"},"alternateName":"PSOL50","potentialAction":[{"@type":"SearchAction","target":{"@type":"EntryPoint","urlTemplate":"https:\/\/psol50.org.br\/?s={search_term_string}"},"query-input":{"@type":"PropertyValueSpecification","valueRequired":true,"valueName":"search_term_string"}}],"inLanguage":"pt-BR"},{"@type":"Organization","@id":"https:\/\/psol50.org.br\/#organization","name":"PSOL 50","alternateName":"PSOL 50","url":"https:\/\/psol50.org.br\/","logo":{"@type":"ImageObject","inLanguage":"pt-BR","@id":"https:\/\/psol50.org.br\/#\/schema\/logo\/image\/","url":"https:\/\/psol50.org.br\/inc\/uploads\/2018\/07\/capa.png","contentUrl":"https:\/\/psol50.org.br\/inc\/uploads\/2018\/07\/capa.png","width":1350,"height":900,"caption":"PSOL 50"},"image":{"@id":"https:\/\/psol50.org.br\/#\/schema\/logo\/image\/"},"sameAs":["https:\/\/www.facebook.com\/psol50","https:\/\/x.com\/psol50","https:\/\/www.instagram.com\/psol50\/","https:\/\/www.youtube.com\/channel\/UC7SnJS5o1os7a6CaiNabzcg"]},{"@type":"Person","@id":"https:\/\/psol50.org.br\/#\/schema\/person\/475dfa57d0b815993c714c2e96491fcd","name":"Comunica\u00e7\u00e3o PSOL","image":{"@type":"ImageObject","inLanguage":"pt-BR","@id":"https:\/\/psol50.org.br\/#\/schema\/person\/image\/","url":"https:\/\/secure.gravatar.com\/avatar\/b34fc4f4e468a4e51785917065a3db57b841f5c95dba6ad8c73aaf8f66f8f9bf?s=96&d=mm&r=g","contentUrl":"https:\/\/secure.gravatar.com\/avatar\/b34fc4f4e468a4e51785917065a3db57b841f5c95dba6ad8c73aaf8f66f8f9bf?s=96&d=mm&r=g","caption":"Comunica\u00e7\u00e3o PSOL"}}]}},"_links":{"self":[{"href":"https:\/\/psol50.org.br\/rest\/wp\/v2\/posts\/2067","targetHints":{"allow":["GET"]}}],"collection":[{"href":"https:\/\/psol50.org.br\/rest\/wp\/v2\/posts"}],"about":[{"href":"https:\/\/psol50.org.br\/rest\/wp\/v2\/types\/post"}],"author":[{"embeddable":true,"href":"https:\/\/psol50.org.br\/rest\/wp\/v2\/users\/2"}],"replies":[{"embeddable":true,"href":"https:\/\/psol50.org.br\/rest\/wp\/v2\/comments?post=2067"}],"version-history":[{"count":0,"href":"https:\/\/psol50.org.br\/rest\/wp\/v2\/posts\/2067\/revisions"}],"wp:attachment":[{"href":"https:\/\/psol50.org.br\/rest\/wp\/v2\/media?parent=2067"}],"wp:term":[{"taxonomy":"category","embeddable":true,"href":"https:\/\/psol50.org.br\/rest\/wp\/v2\/categories?post=2067"},{"taxonomy":"post_tag","embeddable":true,"href":"https:\/\/psol50.org.br\/rest\/wp\/v2\/tags?post=2067"}],"curies":[{"name":"wp","href":"https:\/\/api.w.org\/{rel}","templated":true}]}}