{"id":20671,"date":"2018-05-03T13:28:17","date_gmt":"2018-05-03T16:28:17","guid":{"rendered":"http:\/\/www.psol50.org.br\/?p=20671"},"modified":"2018-05-03T13:28:17","modified_gmt":"2018-05-03T16:28:17","slug":"samia-bomfim-e-gustavo-rego-incendio-no-paissandu-a-arquitetura-da-gentrificacao-fez-novas-vitimas","status":"publish","type":"post","link":"https:\/\/psol50.org.br\/samia-bomfim-e-gustavo-rego-incendio-no-paissandu-a-arquitetura-da-gentrificacao-fez-novas-vitimas\/","title":{"rendered":"S\u00e2mia Bomfim e Gustavo Rego | Inc\u00eandio no Paissandu: A \u201carquitetura da gentrifica\u00e7\u00e3o\u201d fez novas v\u00edtimas"},"content":{"rendered":"<div class=\"single-wrap\">\n<div class=\"entry\">\n<p><span style=\"font-size: 14px;\"><em>Artigo publicado originalmente na <a href=\"https:\/\/movimentorevista.com.br\/2018\/05\/incendio-paissandu-arquitetura-gentrificacao\/\" target=\"_blank\" rel=\"noopener\"><strong><span style=\"color: #0000ff;\">Movimento Revista<\/span><\/strong><\/a><\/em><\/span><\/p>\n<p>O 1\u00ba de Maio em S\u00e3o Paulo foi marcado por uma trag\u00e9dia que nos fez lembrar da import\u00e2ncia da luta pelos direitos b\u00e1sicos dos trabalhadores. O Edif\u00edcio Wilton Paes de Almeida, no Largo Paissandu, desabou ap\u00f3s intenso inc\u00eandio ocorrido na madrugada, deixando centenas de pessoas desabrigadas e cinco desaparecidas (ainda n\u00e3o h\u00e1 confirma\u00e7\u00e3o de mortos). Inaugurado em 1966, o edif\u00edcio foi tombado em 1992 como bem de interesse hist\u00f3rico, arquitet\u00f4nico e paisag\u00edstico mas foi totalmente abandonado em 2001. De posse da Uni\u00e3o, o edif\u00edcio foi provisoriamente cedido \u00e0 Prefeitura ano passado para que servisse como sede da Secretaria de Educa\u00e7\u00e3o e Cultura do munic\u00edpio. Atualmente era ocupado pelo movimento em defesa do direito a moradia, LMD (Luta por Moradia Digna). A centen\u00e1ria Igreja Luterana que ficava ao lado \u2013 outro patrim\u00f4nio hist\u00f3rico \u2013 tamb\u00e9m foi quase completamente destru\u00edda.<\/p>\n<p>Ficamos todos consternados com as cenas dantescas do edif\u00edcio em chamas onde precariamente abrigavam-se algumas das milh\u00f5es de pessoas a quem esta cidade renega o direito de morar. Estes batalhadores ter\u00e3o novamente de tentar um recome\u00e7o e nosso apoio \u00e9 quase um dever moral \u2013 tanto pr\u00e1tico, por meio de doa\u00e7\u00f5es que est\u00e3o sendo recebidas por pastorais da regi\u00e3o, quanto pol\u00edtico. Nesse sentido, \u00e9 preciso compreender o contexto em que esta trag\u00e9dia se insere, tanto para que se reverta tamanha injusti\u00e7a, quanto para que a \u201carquitetura da gentrifica\u00e7\u00e3o\u201d<sup>1<\/sup> n\u00e3o fa\u00e7a mais v\u00edtimas.<\/p>\n<p><strong>O Centro abandonado<\/strong><br \/>\nPrimeiramente, \u00e9 preciso fazer um resgate hist\u00f3rico sobre a forma\u00e7\u00e3o do centro de S\u00e3o Paulo.<\/p>\n<p>Como em v\u00e1rias outras capitais brasileiras, o centro de S\u00e3o Paulo j\u00e1 foi a localiza\u00e7\u00e3o preferida das elites, como testemunham alguns palacetes e outras constru\u00e7\u00f5es suntuosas que ainda restam na regi\u00e3o. Entretanto, seguindo o que Raquel Rolnik descreve como a l\u00f3gica de desenvolvimento como <a href=\"https:\/\/raquelrolnik.wordpress.com\/2006\/04\/29\/por-um-novo-lugar-para-os-velhos-centros\/\">expans\u00e3o da \u201cfronteira\u201d<\/a>, a elite paulistana j\u00e1 no final do s\u00e9culo XIX come\u00e7a a fugir da agita\u00e7\u00e3o do centro dessa jovem metr\u00f3pole para residir no ambiente buc\u00f3lico dos bairros intensamente arborizados e tranquilos, como Jardins, Pacaembu e Higien\u00f3polis.<\/p>\n<p>Ao longo das d\u00e9cadas, esse processo resultou na desvaloriza\u00e7\u00e3o da regi\u00e3o. Ao mesmo tempo, as sedes das grandes empresas e centros financeiros mudaram-se para as avenidas Paulista, Faria Lima e, posteriormente, Marginal Pinheiros. O pr\u00f3prio Estado seguiu esta tend\u00eancia de deslocamento para o eixo sudoeste, como atesta, por exemplo, a mudan\u00e7a da sede do governo estadual do Pal\u00e1cio dos Campos El\u00edsios para o Pal\u00e1cio dos Bandeirantes, no Morumbi, em 1964. Com a desvaloriza\u00e7\u00e3o do centro e valoriza\u00e7\u00e3o da regi\u00e3o sudoeste, os novos empreendimentos imobili\u00e1rios tamb\u00e9m partiram para esta \u00faltima. E uma vez que o mercado de im\u00f3veis para classe m\u00e9dia \u00e9 restrito, a constru\u00e7\u00e3o de novos empreendimentos em regi\u00f5es como Pinheiros, Vila Mariana e Morumbi, mais valorizadas, deixou para tr\u00e1s um rastro de im\u00f3veis desocupados no centro. Como \u00edndice desse fen\u00f4meno, podemos observar o caso da subprefeitura da S\u00e9: em 1980, havia cerca de 520 mil habitantes na regi\u00e3o; em 2002, <a href=\"http:\/\/www.xienanpur.ufba.br\/412.pdf\">eram apenas 355 mil<\/a>.<\/p>\n<p>Dessa forma, a partir do final do s\u00e9culo XX o cen\u00e1rio desta regi\u00e3o estava completamente modificado. O abandono do centro pelas elites criou locais completamente ermos (como a assim chamada pejorativamente \u201cCracol\u00e2ndia\u201d) ou de baixa circula\u00e7\u00e3o ap\u00f3s o expediente, o que os tornaram mais violentos e degradados. Este era exatamente o caso do Edif\u00edcio Wilton Paes de Almeida: um pr\u00e9dio outrora suntuoso, abandonado em uma regi\u00e3o degradada e perigosa durante a noite.<\/p>\n<p>Entretanto, contraditoriamente, o centro \u00e9 uma das melhores regi\u00f5es em termos de infraestrutura urbana: possui uma rede completa de luz, \u00e1gua, esgoto e comunica\u00e7\u00e3o; acesso a equipamentos p\u00fablicos de sa\u00fade, educa\u00e7\u00e3o e cultura; oportunidades de emprego; acesso privilegiado ao transporte p\u00fablico. De acordo com <a href=\"https:\/\/raquelrolnik.wordpress.com\/2006\/04\/29\/por-um-novo-lugar-para-os-velhos-centros\/\">dados apontados por Rolnik em 2006<\/a>, boa parte dos 400 mil im\u00f3veis vagos em S\u00e3o Paulo estavam localizados em regi\u00f5es centrais, com boa infraestrutura urbana. Ou, como apontam <a href=\"http:\/\/sao-paulo.estadao.com.br\/noticias\/geral,cidade-de-sao-paulo-tem-2-milhoes-de-m2-de-imoveis-sem-uso,10000022553\">dados mais recentes apontados pelo Estad\u00e3o<\/a>, pelo menos 907 im\u00f3veis da cidade \u2013 ou 2 milh\u00f5es de metros quadrados, o equivalente a toda Heli\u00f3polis \u2013 n\u00e3o cumprem sua fun\u00e7\u00e3o social e est\u00e3o pass\u00edveis de desapropria\u00e7\u00e3o, a maioria no centro. \u00c9 verdadeiramente incr\u00edvel que uma regi\u00e3o como essa tenha tantos im\u00f3veis abandonados. Ainda mais se considerarmos o gritante d\u00e9ficit habitacional da cidade \u2013 396 mil fam\u00edlias. Ou seja, milh\u00f5es de pessoas n\u00e3o t\u00eam acesso ao direito constitucional de moradia digna enquanto im\u00f3veis encontram-se desocupados nas melhores regi\u00f5es da cidade. \u00c9 responsabilidade do poder p\u00fablico corrigir esta injusti\u00e7a. O que os ocupantes fazem \u00e9 exigir isso.<\/p>\n<p>O Estado, no entanto, tem agido com hostilidade em rela\u00e7\u00e3o \u00e0s pessoas que lutam por esse direito, como observamos nas v\u00e1rias cenas de reintegra\u00e7\u00e3o de posse violenta dos im\u00f3veis ocupados executadas pela Pol\u00edcia Militar. Infelizmente, o mesmo esp\u00edrito esteve presente nas declara\u00e7\u00f5es dos governantes de S\u00e3o Paulo. Tanto M\u00e1rcio Fran\u00e7a quanto Bruno Covas deram a entender que a <a href=\"https:\/\/www1.folha.uol.com.br\/cotidiano\/2018\/05\/predio-incendiado-em-sp-foi-ocupado-por-faccao-criminosa-afirma-doria.shtml\">responsabilidade pela trag\u00e9dia<\/a> era das pr\u00f3prias v\u00edtimas que ocuparam um im\u00f3vel em condi\u00e7\u00e3o prec\u00e1ria. O governador foi adiante, e sugeriu que o Minist\u00e9rio P\u00fablico deveria parar de barrar pedidos de reintegra\u00e7\u00e3o de posse violenta. Como afirmou Guilherme Boulos, pr\u00e9-candidato a presidente pelo PSOL, em <a href=\"https:\/\/www.facebook.com\/samia.bomfim.psol\/videos\/362826500791796\/\">v\u00eddeo de solidariedade<\/a>: \u201cNingu\u00e9m vai para um ocupa\u00e7\u00e3o porque quer. As pessoas ocupam por completa falta de alternativa. Se h\u00e1 algum respons\u00e1vel, \u00e9 o poder p\u00fablico que n\u00e3o assegurou moradia para essas pessoas.\u201d Ou seja, sem d\u00favidas ningu\u00e9m deveria habitar em um pr\u00e9dio inseguro. Se os tucanos pensam assim, deveriam ent\u00e3o cumprir seu papel e garantir moradia digna e n\u00e3o simplesmente exigir que as pessoas se retirem das ocupa\u00e7\u00f5es sem ter para onde ir.<\/p>\n<p>J\u00e1 Jo\u00e3o Doria, como sempre, foi al\u00e9m com seu preconceito elitista e afirmou (absolutamente sem provas ou ind\u00edcios) que a ocupa\u00e7\u00e3o era controlada por traficantes de drogas. O que ele pretende com isso?: desencorajar nossa solidariedade j\u00e1 que ali s\u00f3 haveria \u2013 parafraseando Coronel Ubiratan, o carniceiro do Massacre do Carandiru \u2013 bandidos? A afirma\u00e7\u00e3o \u00e9 c\u00ednica uma vez que Doria congelou 51% do or\u00e7amento previsto para a habita\u00e7\u00e3o durante seu mandato-trampolim. Sua \u00fanica pol\u00edtica para habita\u00e7\u00e3o foi o \u201caluguel social\u201d que pouco faria para resolver o problema (uma vez que apenas mil fam\u00edlias seriam atendidas) e na verdade mirava apenas a <a href=\"http:\/\/www.nossasaopaulo.org.br\/noticias\/com-programa-minha-casa-em-crise-gestao-doria-aposta-em-aluguel-social\">reativa\u00e7\u00e3o do setor imobili\u00e1rio<\/a> em crise desde 2014. N\u00e3o deixa de ser ir\u00f4nico, ali\u00e1s, que a Justi\u00e7a em 2016 tenha exigido que Doria devolvesse a <a href=\"https:\/\/oglobo.globo.com\/brasil\/justica-manda-doria-devolver-area-publica-invadida-em-campos-de-jordao-20164524\">\u00e1rea p\u00fablica que ele invadiu<\/a> em Campos do Jord\u00e3o.<\/p>\n<p><strong>O Centro \u201crevitalizado\u201d<\/strong><br \/>\nMas ainda \u00e9 preciso ir adiante na leitura do ocorrido. Esse conjunto de absurdos n\u00e3o \u00e9 mera consequ\u00eancia da irracionalidade do nosso sistema. Eles est\u00e3o calcados em interesses muito poderosos.<\/p>\n<p>Antes \u00e9 necess\u00e1rio apresentar o conceito de \u201cgentrifica\u00e7\u00e3o\u201d. Este termo vem do ingl\u00eas <em>gentry<\/em>, que significa \u201cgentio\u201d, \u201cde origem nobre\u201d e foi utilizado pela primeira vez em Londres, na d\u00e9cada de 1960, quando antigos bairros oper\u00e1rios passaram a ser ocupados por im\u00f3veis caros e moradores ricos, o que acarretou na disparada no valor dos alugu\u00e9is e expuls\u00e3o dos antigos moradores para outras regi\u00f5es. De maneira geral, o processo ocorre da seguinte forma: h\u00e1 uma determinada regi\u00e3o onde os im\u00f3veis, por alguma raz\u00e3o, s\u00e3o desvalorizados; os propriet\u00e1rios destes im\u00f3veis os mant\u00e9m desocupados esperando por uma valoriza\u00e7\u00e3o no futuro e para que o excesso de oferta n\u00e3o fa\u00e7a cair os pre\u00e7os de seus outros im\u00f3veis na cidade; o poder p\u00fablico investe em projetos de \u201crevitaliza\u00e7\u00e3o\u201d que valorizam a regi\u00e3o; os propriet\u00e1rios, ent\u00e3o, lan\u00e7am esses im\u00f3veis no mercado a um valor muito superior ao investido nele; a popula\u00e7\u00e3o pobre, n\u00e3o podendo pagar os novos pre\u00e7os, \u00e9 obrigada a migrar. Dessa forma, o direito \u00e0 cidade estaria na propor\u00e7\u00e3o direta do poder econ\u00f4mico: as melhorias promovidas pelo investimento p\u00fablico nas regi\u00f5es pobres, ao inv\u00e9s de beneficiar a popula\u00e7\u00e3o que dela necessita, acaba por expuls\u00e1-la favorecendo o capital especulativo.<\/p>\n<p>No caso do Brasil, esse processo assume ainda a caracter\u00edstica perversa da divis\u00e3o entre moradias \u201clegais\u201d ou \u201cregulares\u201d e \u201cilegais\u201d ou \u201cirregulares\u201d. As moradias \u201cregulares\u201d apresentam todos os pr\u00e9-requisitos necess\u00e1rios para uma habita\u00e7\u00e3o digna e segura e est\u00e3o devidamente regulamentadas nos \u00f3rg\u00e3os jur\u00eddicos. Mas, por isso mesmo, s\u00e3o mais caras. J\u00e1 as \u201cirregulares\u201d \u2013 como o edif\u00edcio do qual estamos tratando aqui \u2013 est\u00e3o em zonas de risco, sem infraestrutura adequada, e seus moradores n\u00e3o t\u00eam a posse ou direito de loca\u00e7\u00e3o judicialmente garantidos. Por isso mesmo seu custo \u00e9 quase nulo \u2013 s\u00e3o constru\u00eddas autonomamente pelos moradores em regi\u00f5es vazias (como no caso das favelas) ou ocupadas (como no caso do edif\u00edcio). Dessa forma, a popula\u00e7\u00e3o que habita essas regi\u00f5es encontra-se num perverso paradoxo legal: s\u00e3o v\u00edtimas do Estado por n\u00e3o possu\u00edrem o direito constitucional \u00e0 moradia mas s\u00e3o culpabilizadas por habitarem uma moradia \u201cirregular\u201d. \u00c9 desse paradoxo que surgem discursos como os citados acima ou como os que a grande m\u00eddia profere toda vez em que h\u00e1 um desabamento ou enchente em uma zona de risco<sup>2<\/sup>.<\/p>\n<p>Al\u00e9m disso, a gentrifica\u00e7\u00e3o ocorre muitas vezes de forma violenta e at\u00e9 mesmo criminosa. Em 2012, diversas favelas em S\u00e3o Paulo foram incendiadas deixando centenas de pessoas desabrigadas. Coincid\u00eancia ou n\u00e3o, todas elas em regi\u00f5es de crescente valoriza\u00e7\u00e3o. Favelas que existiam h\u00e1 anos e que no passado tinham condi\u00e7\u00f5es muito mais perigosas (como paredes de madeira) mas que foram incendiar justamente naquele ano. Uma CPI foi aberta na \u00e9poca para investigar tamanha coincid\u00eancia, mas foi <a href=\"https:\/\/raquelrolnik.wordpress.com\/2012\/07\/27\/mais-um-incendio-em-favela-deixa-400-desabrigados-enquanto-isso-cpi-chegara-ao-fim-sem-ter-ouvido-ninguem\/\">encerrada sem ouvir nenhum depoimento<\/a>.<\/p>\n<p>\u00c9 preciso uma investiga\u00e7\u00e3o s\u00e9ria e rigorosa sobre o inc\u00eandio do Edif\u00edcio do Largo Paissandu, pois ele pode fazer parte do processo de gentrifica\u00e7\u00e3o do centro. A regi\u00e3o estaria passando por um processo de revaloriza\u00e7\u00e3o para criar um novo eixo de acumula\u00e7\u00e3o para a especula\u00e7\u00e3o imobili\u00e1ria, e a expuls\u00e3o da popula\u00e7\u00e3o pobre seria parte disso.<\/p>\n<p>Para notar isso, basta olhar para a regi\u00e3o da Luz e Campos El\u00edsios, a assim chamada \u201cCracol\u00e2ndia\u201d. Em 2005, Serra e Kassab apresentaram o projeto de valoriza\u00e7\u00e3o e atra\u00e7\u00e3o de neg\u00f3cios para a Luz, o \u201cNova Luz\u201d. As prometidas melhorias n\u00e3o sa\u00edram do papel, mas a gest\u00e3o Kassab utilizou a viol\u00eancia policial para realizar desocupa\u00e7\u00f5es for\u00e7adas e dispers\u00e3o das pessoas em situa\u00e7\u00e3o de rua que ali viviam. J\u00e1 no in\u00edcio de 2017, foi a vez de Doria \u201cacabar com a Cracol\u00e2ndia\u201d por meio da trucul\u00eancia policial e do atentado aos direitos humanos, chegando ao ponto de demolir casas com pessoas dentro! Atualmente, os habitantes da regi\u00e3o ainda convivem cotidianamente com amea\u00e7as de despejo e viol\u00eancia policial. Tudo isso ao mesmo tempo em que n\u00e3o param de surgir projetos de \u201crevitaliza\u00e7\u00e3o\u201d da \u00e1rea, como a reinaugura\u00e7\u00e3o do Pal\u00e1cio Campos El\u00edseos ou a proposta de privatiza\u00e7\u00e3o do Terminal Princesa Isabel. Ora, a \u201crevitaliza\u00e7\u00e3o\u201d pressup\u00f5e a expuls\u00e3o de quem mais necessita dela?<\/p>\n<p>Mas o caso da \u201cCracol\u00e2ndia\u201d \u00e9 apenas um exemplo. A gentrifica\u00e7\u00e3o em S\u00e3o Paulo \u00e9 um processo muito mais amplo que est\u00e1 sintetizado na nova Lei de Zoneamento proposta pela gest\u00e3o do PSDB. A Lei de Zoneamento do munic\u00edpio apresenta as diretrizes e regulamentos para a ocupa\u00e7\u00e3o do territ\u00f3rio urbano e deve estar de acordo com o Plano Diretor Estrat\u00e9gico (PDE). A \u00faltima Lei de Zoneamento \u00e9 de 2016 e o PDE \u00e9 de 2014, com vig\u00eancia at\u00e9 2030. Mas, mesmo sendo t\u00e3o recentes, os tucanos pediram a revis\u00e3o da Lei de Zoneamento argumentando que ela teria sido promulgada em momento de bonan\u00e7a para o mercado imobili\u00e1rio que agora, entretanto, estaria em crise. Sim, a justificativa n\u00e3o \u00e9 o direito \u00e0 cidade, mas o interesse econ\u00f4mico das empreiteiras e construtoras. Em s\u00edntese, o projeto prev\u00ea a desonera\u00e7\u00e3o dos novos empreendimentos \u2013 os recursos os quais a prefeitura abriria m\u00e3o seriam justamente para a promo\u00e7\u00e3o de moradia popular. Al\u00e9m disso, favoreceria a verticaliza\u00e7\u00e3o dos im\u00f3veis e permitiria a constru\u00e7\u00e3o de apartamentos maiores (e mais caros) no centro. Ou seja, a nova Lei de Zoneamento, se aprovada, deve liberar o centro para ser um novo eixo de acumula\u00e7\u00e3o da especula\u00e7\u00e3o imobili\u00e1ria.<\/p>\n<p>Sem d\u00favida alguma, o centro precisa urgentemente ser reformado para que haja o exerc\u00edcio ativo do direito \u00e0 cidade n\u00e3o s\u00f3 por parte da popula\u00e7\u00e3o que ali reside e trabalha mas para todos os paulistanos. Da mesma forma, o enorme contingente de pessoas em situa\u00e7\u00e3o de rua ou em habita\u00e7\u00e3o inadequada precisa de atendimento. Mas nada disso passa pelos hip\u00f3critas processos de higieniza\u00e7\u00e3o travestidos de \u201crevitaliza\u00e7\u00e3o\u201d.<\/p>\n<p><strong>Solidariedade \u00e0s v\u00edtimas, exig\u00eancias ao poder p\u00fablico<\/strong><br \/>\nNosso mandato tem feito forte oposi\u00e7\u00e3o a esse mecanismo de gentrifica\u00e7\u00e3o. Al\u00e9m disso, temos atuado para exigir o direito \u00e0 moradia digna. Durante a CPI da Mulher, soubemos por documentos do Minist\u00e9rio P\u00fablico que a Prefeitura n\u00e3o havia cumprido sua obriga\u00e7\u00e3o de garantir moradia para mulheres em situa\u00e7\u00e3o de viol\u00eancia e que necessitam de medida protetiva. Em fun\u00e7\u00e3o disso, h\u00e1 dois meses encaminhamos um requerimento de informa\u00e7\u00e3o ao SEHAB (\u00f3rg\u00e3o da Prefeitura respons\u00e1vel pela habita\u00e7\u00e3o) sobre a disponibiliza\u00e7\u00e3o dessas moradias e sobre o Plano Municipal de Habita\u00e7\u00e3o. At\u00e9 agora n\u00e3o obtivemos resposta.<\/p>\n<p>Seguiremos cobrando que o poder p\u00fablico cumpra sua responsabilidade constitucional. Al\u00e9m disso, exigimos investiga\u00e7\u00e3o sobre o ocorrido e devida assist\u00eancia \u00e0s fam\u00edlias desabrigadas. Convocamos todos a se somarem nessa luta e prestarem solidariedade \u00e0s v\u00edtimas. H\u00e1 postos de recebimento de doa\u00e7\u00f5es na Ocupa\u00e7\u00e3o Mau\u00e1 (Rua Mau\u00e1, 340), na Par\u00f3quia da Santa Ifig\u00eania (Rua Santa Ifig\u00eania, 30) e na Ocupa\u00e7\u00e3o Luana Barbosa (Rua Dr. Augusto Miranda, 22).<\/p>\n<hr \/>\n<p><small><sup>1<\/sup>\u00a0Este termo \u00e9 uma refer\u00eancia ao projeto <a href=\"https:\/\/youtu.be\/5CE4C34BbYk\">Arquitetura da Gentrifica\u00e7\u00e3o<\/a>, da Rep\u00f3rter Brasil.<\/small><\/p>\n<p><small><sup>2<\/sup>\u00a0Ver: ROLNIK, Raquel (2017) \u201cV\u00ednculo perverso: legisla\u00e7\u00e3o urbana e mercados informais\u201d em <em>Territ\u00f3rios em conflito \u2013 S\u00e3o Paulo: espa\u00e7o, hist\u00f3ria e pol\u00edtica<\/em>, S\u00e3o Paulo: Tr\u00eas Estrelas<\/small><\/p>\n<\/div>\n<\/div>\n","protected":false},"excerpt":{"rendered":"<p>Artigo publicado originalmente na Movimento Revista O 1\u00ba de Maio em S\u00e3o Paulo foi marcado por uma trag\u00e9dia que nos fez lembrar da import\u00e2ncia da luta pelos direitos b\u00e1sicos dos trabalhadores. O Edif\u00edcio Wilton Paes de Almeida, no Largo Paissandu, desabou ap\u00f3s intenso inc\u00eandio ocorrido na madrugada, deixando centenas de pessoas desabrigadas e cinco desaparecidas [&hellip;]<\/p>\n","protected":false},"author":2,"featured_media":20672,"comment_status":"open","ping_status":"open","sticky":false,"template":"","format":"standard","meta":{"_acf_changed":false,"footnotes":""},"categories":[3,654],"tags":[2488,977,2489,2128,930,2490,2491,1481,2492,1077],"class_list":{"0":"post-20671","1":"post","2":"type-post","3":"status-publish","4":"format-standard","5":"has-post-thumbnail","7":"category-artigos-e-entrevistas","8":"category-estados","9":"tag-edificio-wilton-paes-de-almeida","10":"tag-guilherme-boulos","11":"tag-gustavo-rego","12":"tag-incendio","13":"tag-joao-doria","14":"tag-largo-paissandu","15":"tag-luta-por-moradia-digna","16":"tag-ocupacao","17":"tag-raquel-rolnik","18":"tag-samia-bomfim"},"acf":[],"yoast_head":"<!-- This site is optimized with the Yoast SEO plugin v26.5 - https:\/\/yoast.com\/wordpress\/plugins\/seo\/ -->\n<title>S\u00e2mia Bomfim e Gustavo Rego | Inc\u00eandio no Paissandu: A \u201carquitetura da gentrifica\u00e7\u00e3o\u201d fez novas v\u00edtimas - PSOL 50<\/title>\n<meta name=\"robots\" content=\"index, follow, max-snippet:-1, max-image-preview:large, max-video-preview:-1\" \/>\n<link rel=\"canonical\" href=\"https:\/\/psol50.org.br\/samia-bomfim-e-gustavo-rego-incendio-no-paissandu-a-arquitetura-da-gentrificacao-fez-novas-vitimas\/\" \/>\n<meta property=\"og:locale\" content=\"pt_BR\" \/>\n<meta property=\"og:type\" content=\"article\" \/>\n<meta property=\"og:title\" content=\"S\u00e2mia Bomfim e Gustavo Rego | Inc\u00eandio no Paissandu: A \u201carquitetura da gentrifica\u00e7\u00e3o\u201d fez novas v\u00edtimas - PSOL 50\" \/>\n<meta property=\"og:description\" content=\"Artigo publicado originalmente na Movimento Revista O 1\u00ba de Maio em S\u00e3o Paulo foi marcado por uma trag\u00e9dia que nos fez lembrar da import\u00e2ncia da luta pelos direitos b\u00e1sicos dos trabalhadores. O Edif\u00edcio Wilton Paes de Almeida, no Largo Paissandu, desabou ap\u00f3s intenso inc\u00eandio ocorrido na madrugada, deixando centenas de pessoas desabrigadas e cinco desaparecidas [&hellip;]\" \/>\n<meta property=\"og:url\" content=\"https:\/\/psol50.org.br\/samia-bomfim-e-gustavo-rego-incendio-no-paissandu-a-arquitetura-da-gentrificacao-fez-novas-vitimas\/\" \/>\n<meta property=\"og:site_name\" content=\"PSOL 50\" \/>\n<meta property=\"article:publisher\" content=\"https:\/\/www.facebook.com\/psol50\" \/>\n<meta property=\"article:published_time\" content=\"2018-05-03T16:28:17+00:00\" \/>\n<meta property=\"og:image\" content=\"https:\/\/psol50.org.br\/inc\/uploads\/2018\/05\/Edificio_Wilton_Paesde_Almeidax.jpg\" \/>\n\t<meta property=\"og:image:width\" content=\"1350\" \/>\n\t<meta property=\"og:image:height\" content=\"1141\" \/>\n\t<meta property=\"og:image:type\" content=\"image\/jpeg\" \/>\n<meta name=\"author\" content=\"Comunica\u00e7\u00e3o PSOL\" \/>\n<meta name=\"twitter:card\" content=\"summary_large_image\" \/>\n<meta name=\"twitter:creator\" content=\"@psol50\" \/>\n<meta name=\"twitter:site\" content=\"@psol50\" \/>\n<meta name=\"twitter:label1\" content=\"Escrito por\" \/>\n\t<meta name=\"twitter:data1\" content=\"Comunica\u00e7\u00e3o PSOL\" \/>\n\t<meta name=\"twitter:label2\" content=\"Est. tempo de leitura\" \/>\n\t<meta name=\"twitter:data2\" content=\"13 minutos\" \/>\n<script type=\"application\/ld+json\" class=\"yoast-schema-graph\">{\"@context\":\"https:\/\/schema.org\",\"@graph\":[{\"@type\":\"Article\",\"@id\":\"https:\/\/psol50.org.br\/samia-bomfim-e-gustavo-rego-incendio-no-paissandu-a-arquitetura-da-gentrificacao-fez-novas-vitimas\/#article\",\"isPartOf\":{\"@id\":\"https:\/\/psol50.org.br\/samia-bomfim-e-gustavo-rego-incendio-no-paissandu-a-arquitetura-da-gentrificacao-fez-novas-vitimas\/\"},\"author\":{\"name\":\"Comunica\u00e7\u00e3o PSOL\",\"@id\":\"https:\/\/psol50.org.br\/#\/schema\/person\/475dfa57d0b815993c714c2e96491fcd\"},\"headline\":\"S\u00e2mia Bomfim e Gustavo Rego | Inc\u00eandio no Paissandu: A \u201carquitetura da gentrifica\u00e7\u00e3o\u201d fez novas v\u00edtimas\",\"datePublished\":\"2018-05-03T16:28:17+00:00\",\"mainEntityOfPage\":{\"@id\":\"https:\/\/psol50.org.br\/samia-bomfim-e-gustavo-rego-incendio-no-paissandu-a-arquitetura-da-gentrificacao-fez-novas-vitimas\/\"},\"wordCount\":2529,\"commentCount\":0,\"publisher\":{\"@id\":\"https:\/\/psol50.org.br\/#organization\"},\"image\":{\"@id\":\"https:\/\/psol50.org.br\/samia-bomfim-e-gustavo-rego-incendio-no-paissandu-a-arquitetura-da-gentrificacao-fez-novas-vitimas\/#primaryimage\"},\"thumbnailUrl\":\"https:\/\/psol50.org.br\/inc\/uploads\/2018\/05\/Edificio_Wilton_Paesde_Almeidax.jpg\",\"keywords\":[\"Edif\u00edcio Wilton Paes de Almeida\",\"Guilherme Boulos\",\"Gustavo Rego\",\"inc\u00eandio\",\"Jo\u00e3o D\u00f3ria\",\"Largo Paissandu\",\"luta por moradia digna\",\"ocupa\u00e7\u00e3o\",\"Raquel Rolnik\",\"S\u00e2mia Bomfim\"],\"articleSection\":[\"Artigos\",\"Estados\"],\"inLanguage\":\"pt-BR\",\"potentialAction\":[{\"@type\":\"CommentAction\",\"name\":\"Comment\",\"target\":[\"https:\/\/psol50.org.br\/samia-bomfim-e-gustavo-rego-incendio-no-paissandu-a-arquitetura-da-gentrificacao-fez-novas-vitimas\/#respond\"]}]},{\"@type\":\"WebPage\",\"@id\":\"https:\/\/psol50.org.br\/samia-bomfim-e-gustavo-rego-incendio-no-paissandu-a-arquitetura-da-gentrificacao-fez-novas-vitimas\/\",\"url\":\"https:\/\/psol50.org.br\/samia-bomfim-e-gustavo-rego-incendio-no-paissandu-a-arquitetura-da-gentrificacao-fez-novas-vitimas\/\",\"name\":\"S\u00e2mia Bomfim e Gustavo Rego | Inc\u00eandio no Paissandu: A \u201carquitetura da gentrifica\u00e7\u00e3o\u201d fez novas v\u00edtimas - PSOL 50\",\"isPartOf\":{\"@id\":\"https:\/\/psol50.org.br\/#website\"},\"primaryImageOfPage\":{\"@id\":\"https:\/\/psol50.org.br\/samia-bomfim-e-gustavo-rego-incendio-no-paissandu-a-arquitetura-da-gentrificacao-fez-novas-vitimas\/#primaryimage\"},\"image\":{\"@id\":\"https:\/\/psol50.org.br\/samia-bomfim-e-gustavo-rego-incendio-no-paissandu-a-arquitetura-da-gentrificacao-fez-novas-vitimas\/#primaryimage\"},\"thumbnailUrl\":\"https:\/\/psol50.org.br\/inc\/uploads\/2018\/05\/Edificio_Wilton_Paesde_Almeidax.jpg\",\"datePublished\":\"2018-05-03T16:28:17+00:00\",\"breadcrumb\":{\"@id\":\"https:\/\/psol50.org.br\/samia-bomfim-e-gustavo-rego-incendio-no-paissandu-a-arquitetura-da-gentrificacao-fez-novas-vitimas\/#breadcrumb\"},\"inLanguage\":\"pt-BR\",\"potentialAction\":[{\"@type\":\"ReadAction\",\"target\":[\"https:\/\/psol50.org.br\/samia-bomfim-e-gustavo-rego-incendio-no-paissandu-a-arquitetura-da-gentrificacao-fez-novas-vitimas\/\"]}]},{\"@type\":\"ImageObject\",\"inLanguage\":\"pt-BR\",\"@id\":\"https:\/\/psol50.org.br\/samia-bomfim-e-gustavo-rego-incendio-no-paissandu-a-arquitetura-da-gentrificacao-fez-novas-vitimas\/#primaryimage\",\"url\":\"https:\/\/psol50.org.br\/inc\/uploads\/2018\/05\/Edificio_Wilton_Paesde_Almeidax.jpg\",\"contentUrl\":\"https:\/\/psol50.org.br\/inc\/uploads\/2018\/05\/Edificio_Wilton_Paesde_Almeidax.jpg\",\"width\":1350,\"height\":1141},{\"@type\":\"BreadcrumbList\",\"@id\":\"https:\/\/psol50.org.br\/samia-bomfim-e-gustavo-rego-incendio-no-paissandu-a-arquitetura-da-gentrificacao-fez-novas-vitimas\/#breadcrumb\",\"itemListElement\":[{\"@type\":\"ListItem\",\"position\":1,\"name\":\"In\u00edcio\",\"item\":\"https:\/\/psol50.org.br\/\"},{\"@type\":\"ListItem\",\"position\":2,\"name\":\"S\u00e2mia Bomfim e Gustavo Rego | Inc\u00eandio no Paissandu: A \u201carquitetura da gentrifica\u00e7\u00e3o\u201d fez novas v\u00edtimas\"}]},{\"@type\":\"WebSite\",\"@id\":\"https:\/\/psol50.org.br\/#website\",\"url\":\"https:\/\/psol50.org.br\/\",\"name\":\"PSOL 50\",\"description\":\"Site oficial do Partido Socialismo e Liberdade\",\"publisher\":{\"@id\":\"https:\/\/psol50.org.br\/#organization\"},\"alternateName\":\"PSOL50\",\"potentialAction\":[{\"@type\":\"SearchAction\",\"target\":{\"@type\":\"EntryPoint\",\"urlTemplate\":\"https:\/\/psol50.org.br\/?s={search_term_string}\"},\"query-input\":{\"@type\":\"PropertyValueSpecification\",\"valueRequired\":true,\"valueName\":\"search_term_string\"}}],\"inLanguage\":\"pt-BR\"},{\"@type\":\"Organization\",\"@id\":\"https:\/\/psol50.org.br\/#organization\",\"name\":\"PSOL 50\",\"alternateName\":\"PSOL 50\",\"url\":\"https:\/\/psol50.org.br\/\",\"logo\":{\"@type\":\"ImageObject\",\"inLanguage\":\"pt-BR\",\"@id\":\"https:\/\/psol50.org.br\/#\/schema\/logo\/image\/\",\"url\":\"https:\/\/psol50.org.br\/inc\/uploads\/2018\/07\/capa.png\",\"contentUrl\":\"https:\/\/psol50.org.br\/inc\/uploads\/2018\/07\/capa.png\",\"width\":1350,\"height\":900,\"caption\":\"PSOL 50\"},\"image\":{\"@id\":\"https:\/\/psol50.org.br\/#\/schema\/logo\/image\/\"},\"sameAs\":[\"https:\/\/www.facebook.com\/psol50\",\"https:\/\/x.com\/psol50\",\"https:\/\/www.instagram.com\/psol50\/\",\"https:\/\/www.youtube.com\/channel\/UC7SnJS5o1os7a6CaiNabzcg\"]},{\"@type\":\"Person\",\"@id\":\"https:\/\/psol50.org.br\/#\/schema\/person\/475dfa57d0b815993c714c2e96491fcd\",\"name\":\"Comunica\u00e7\u00e3o PSOL\",\"image\":{\"@type\":\"ImageObject\",\"inLanguage\":\"pt-BR\",\"@id\":\"https:\/\/psol50.org.br\/#\/schema\/person\/image\/\",\"url\":\"https:\/\/secure.gravatar.com\/avatar\/b34fc4f4e468a4e51785917065a3db57b841f5c95dba6ad8c73aaf8f66f8f9bf?s=96&d=mm&r=g\",\"contentUrl\":\"https:\/\/secure.gravatar.com\/avatar\/b34fc4f4e468a4e51785917065a3db57b841f5c95dba6ad8c73aaf8f66f8f9bf?s=96&d=mm&r=g\",\"caption\":\"Comunica\u00e7\u00e3o PSOL\"}}]}<\/script>\n<!-- \/ Yoast SEO plugin. -->","yoast_head_json":{"title":"S\u00e2mia Bomfim e Gustavo Rego | Inc\u00eandio no Paissandu: A \u201carquitetura da gentrifica\u00e7\u00e3o\u201d fez novas v\u00edtimas - PSOL 50","robots":{"index":"index","follow":"follow","max-snippet":"max-snippet:-1","max-image-preview":"max-image-preview:large","max-video-preview":"max-video-preview:-1"},"canonical":"https:\/\/psol50.org.br\/samia-bomfim-e-gustavo-rego-incendio-no-paissandu-a-arquitetura-da-gentrificacao-fez-novas-vitimas\/","og_locale":"pt_BR","og_type":"article","og_title":"S\u00e2mia Bomfim e Gustavo Rego | Inc\u00eandio no Paissandu: A \u201carquitetura da gentrifica\u00e7\u00e3o\u201d fez novas v\u00edtimas - PSOL 50","og_description":"Artigo publicado originalmente na Movimento Revista O 1\u00ba de Maio em S\u00e3o Paulo foi marcado por uma trag\u00e9dia que nos fez lembrar da import\u00e2ncia da luta pelos direitos b\u00e1sicos dos trabalhadores. O Edif\u00edcio Wilton Paes de Almeida, no Largo Paissandu, desabou ap\u00f3s intenso inc\u00eandio ocorrido na madrugada, deixando centenas de pessoas desabrigadas e cinco desaparecidas [&hellip;]","og_url":"https:\/\/psol50.org.br\/samia-bomfim-e-gustavo-rego-incendio-no-paissandu-a-arquitetura-da-gentrificacao-fez-novas-vitimas\/","og_site_name":"PSOL 50","article_publisher":"https:\/\/www.facebook.com\/psol50","article_published_time":"2018-05-03T16:28:17+00:00","og_image":[{"width":1350,"height":1141,"url":"https:\/\/psol50.org.br\/inc\/uploads\/2018\/05\/Edificio_Wilton_Paesde_Almeidax.jpg","type":"image\/jpeg"}],"author":"Comunica\u00e7\u00e3o PSOL","twitter_card":"summary_large_image","twitter_creator":"@psol50","twitter_site":"@psol50","twitter_misc":{"Escrito por":"Comunica\u00e7\u00e3o PSOL","Est. tempo de leitura":"13 minutos"},"schema":{"@context":"https:\/\/schema.org","@graph":[{"@type":"Article","@id":"https:\/\/psol50.org.br\/samia-bomfim-e-gustavo-rego-incendio-no-paissandu-a-arquitetura-da-gentrificacao-fez-novas-vitimas\/#article","isPartOf":{"@id":"https:\/\/psol50.org.br\/samia-bomfim-e-gustavo-rego-incendio-no-paissandu-a-arquitetura-da-gentrificacao-fez-novas-vitimas\/"},"author":{"name":"Comunica\u00e7\u00e3o PSOL","@id":"https:\/\/psol50.org.br\/#\/schema\/person\/475dfa57d0b815993c714c2e96491fcd"},"headline":"S\u00e2mia Bomfim e Gustavo Rego | Inc\u00eandio no Paissandu: A \u201carquitetura da gentrifica\u00e7\u00e3o\u201d fez novas v\u00edtimas","datePublished":"2018-05-03T16:28:17+00:00","mainEntityOfPage":{"@id":"https:\/\/psol50.org.br\/samia-bomfim-e-gustavo-rego-incendio-no-paissandu-a-arquitetura-da-gentrificacao-fez-novas-vitimas\/"},"wordCount":2529,"commentCount":0,"publisher":{"@id":"https:\/\/psol50.org.br\/#organization"},"image":{"@id":"https:\/\/psol50.org.br\/samia-bomfim-e-gustavo-rego-incendio-no-paissandu-a-arquitetura-da-gentrificacao-fez-novas-vitimas\/#primaryimage"},"thumbnailUrl":"https:\/\/psol50.org.br\/inc\/uploads\/2018\/05\/Edificio_Wilton_Paesde_Almeidax.jpg","keywords":["Edif\u00edcio Wilton Paes de Almeida","Guilherme Boulos","Gustavo Rego","inc\u00eandio","Jo\u00e3o D\u00f3ria","Largo Paissandu","luta por moradia digna","ocupa\u00e7\u00e3o","Raquel Rolnik","S\u00e2mia Bomfim"],"articleSection":["Artigos","Estados"],"inLanguage":"pt-BR","potentialAction":[{"@type":"CommentAction","name":"Comment","target":["https:\/\/psol50.org.br\/samia-bomfim-e-gustavo-rego-incendio-no-paissandu-a-arquitetura-da-gentrificacao-fez-novas-vitimas\/#respond"]}]},{"@type":"WebPage","@id":"https:\/\/psol50.org.br\/samia-bomfim-e-gustavo-rego-incendio-no-paissandu-a-arquitetura-da-gentrificacao-fez-novas-vitimas\/","url":"https:\/\/psol50.org.br\/samia-bomfim-e-gustavo-rego-incendio-no-paissandu-a-arquitetura-da-gentrificacao-fez-novas-vitimas\/","name":"S\u00e2mia Bomfim e Gustavo Rego | Inc\u00eandio no Paissandu: A \u201carquitetura da gentrifica\u00e7\u00e3o\u201d fez novas v\u00edtimas - PSOL 50","isPartOf":{"@id":"https:\/\/psol50.org.br\/#website"},"primaryImageOfPage":{"@id":"https:\/\/psol50.org.br\/samia-bomfim-e-gustavo-rego-incendio-no-paissandu-a-arquitetura-da-gentrificacao-fez-novas-vitimas\/#primaryimage"},"image":{"@id":"https:\/\/psol50.org.br\/samia-bomfim-e-gustavo-rego-incendio-no-paissandu-a-arquitetura-da-gentrificacao-fez-novas-vitimas\/#primaryimage"},"thumbnailUrl":"https:\/\/psol50.org.br\/inc\/uploads\/2018\/05\/Edificio_Wilton_Paesde_Almeidax.jpg","datePublished":"2018-05-03T16:28:17+00:00","breadcrumb":{"@id":"https:\/\/psol50.org.br\/samia-bomfim-e-gustavo-rego-incendio-no-paissandu-a-arquitetura-da-gentrificacao-fez-novas-vitimas\/#breadcrumb"},"inLanguage":"pt-BR","potentialAction":[{"@type":"ReadAction","target":["https:\/\/psol50.org.br\/samia-bomfim-e-gustavo-rego-incendio-no-paissandu-a-arquitetura-da-gentrificacao-fez-novas-vitimas\/"]}]},{"@type":"ImageObject","inLanguage":"pt-BR","@id":"https:\/\/psol50.org.br\/samia-bomfim-e-gustavo-rego-incendio-no-paissandu-a-arquitetura-da-gentrificacao-fez-novas-vitimas\/#primaryimage","url":"https:\/\/psol50.org.br\/inc\/uploads\/2018\/05\/Edificio_Wilton_Paesde_Almeidax.jpg","contentUrl":"https:\/\/psol50.org.br\/inc\/uploads\/2018\/05\/Edificio_Wilton_Paesde_Almeidax.jpg","width":1350,"height":1141},{"@type":"BreadcrumbList","@id":"https:\/\/psol50.org.br\/samia-bomfim-e-gustavo-rego-incendio-no-paissandu-a-arquitetura-da-gentrificacao-fez-novas-vitimas\/#breadcrumb","itemListElement":[{"@type":"ListItem","position":1,"name":"In\u00edcio","item":"https:\/\/psol50.org.br\/"},{"@type":"ListItem","position":2,"name":"S\u00e2mia Bomfim e Gustavo Rego | Inc\u00eandio no Paissandu: A \u201carquitetura da gentrifica\u00e7\u00e3o\u201d fez novas v\u00edtimas"}]},{"@type":"WebSite","@id":"https:\/\/psol50.org.br\/#website","url":"https:\/\/psol50.org.br\/","name":"PSOL 50","description":"Site oficial do Partido Socialismo e Liberdade","publisher":{"@id":"https:\/\/psol50.org.br\/#organization"},"alternateName":"PSOL50","potentialAction":[{"@type":"SearchAction","target":{"@type":"EntryPoint","urlTemplate":"https:\/\/psol50.org.br\/?s={search_term_string}"},"query-input":{"@type":"PropertyValueSpecification","valueRequired":true,"valueName":"search_term_string"}}],"inLanguage":"pt-BR"},{"@type":"Organization","@id":"https:\/\/psol50.org.br\/#organization","name":"PSOL 50","alternateName":"PSOL 50","url":"https:\/\/psol50.org.br\/","logo":{"@type":"ImageObject","inLanguage":"pt-BR","@id":"https:\/\/psol50.org.br\/#\/schema\/logo\/image\/","url":"https:\/\/psol50.org.br\/inc\/uploads\/2018\/07\/capa.png","contentUrl":"https:\/\/psol50.org.br\/inc\/uploads\/2018\/07\/capa.png","width":1350,"height":900,"caption":"PSOL 50"},"image":{"@id":"https:\/\/psol50.org.br\/#\/schema\/logo\/image\/"},"sameAs":["https:\/\/www.facebook.com\/psol50","https:\/\/x.com\/psol50","https:\/\/www.instagram.com\/psol50\/","https:\/\/www.youtube.com\/channel\/UC7SnJS5o1os7a6CaiNabzcg"]},{"@type":"Person","@id":"https:\/\/psol50.org.br\/#\/schema\/person\/475dfa57d0b815993c714c2e96491fcd","name":"Comunica\u00e7\u00e3o PSOL","image":{"@type":"ImageObject","inLanguage":"pt-BR","@id":"https:\/\/psol50.org.br\/#\/schema\/person\/image\/","url":"https:\/\/secure.gravatar.com\/avatar\/b34fc4f4e468a4e51785917065a3db57b841f5c95dba6ad8c73aaf8f66f8f9bf?s=96&d=mm&r=g","contentUrl":"https:\/\/secure.gravatar.com\/avatar\/b34fc4f4e468a4e51785917065a3db57b841f5c95dba6ad8c73aaf8f66f8f9bf?s=96&d=mm&r=g","caption":"Comunica\u00e7\u00e3o PSOL"}}]}},"_links":{"self":[{"href":"https:\/\/psol50.org.br\/rest\/wp\/v2\/posts\/20671","targetHints":{"allow":["GET"]}}],"collection":[{"href":"https:\/\/psol50.org.br\/rest\/wp\/v2\/posts"}],"about":[{"href":"https:\/\/psol50.org.br\/rest\/wp\/v2\/types\/post"}],"author":[{"embeddable":true,"href":"https:\/\/psol50.org.br\/rest\/wp\/v2\/users\/2"}],"replies":[{"embeddable":true,"href":"https:\/\/psol50.org.br\/rest\/wp\/v2\/comments?post=20671"}],"version-history":[{"count":0,"href":"https:\/\/psol50.org.br\/rest\/wp\/v2\/posts\/20671\/revisions"}],"wp:featuredmedia":[{"embeddable":true,"href":"https:\/\/psol50.org.br\/rest\/wp\/v2\/media\/20672"}],"wp:attachment":[{"href":"https:\/\/psol50.org.br\/rest\/wp\/v2\/media?parent=20671"}],"wp:term":[{"taxonomy":"category","embeddable":true,"href":"https:\/\/psol50.org.br\/rest\/wp\/v2\/categories?post=20671"},{"taxonomy":"post_tag","embeddable":true,"href":"https:\/\/psol50.org.br\/rest\/wp\/v2\/tags?post=20671"}],"curies":[{"name":"wp","href":"https:\/\/api.w.org\/{rel}","templated":true}]}}