{"id":20698,"date":"2018-05-04T11:39:45","date_gmt":"2018-05-04T14:39:45","guid":{"rendered":"http:\/\/www.psol50.org.br\/?p=20698"},"modified":"2018-05-04T11:39:45","modified_gmt":"2018-05-04T14:39:45","slug":"guilherme-boulos-verdades-e-mentiras-sobre-os-sem-teto","status":"publish","type":"post","link":"https:\/\/psol50.org.br\/guilherme-boulos-verdades-e-mentiras-sobre-os-sem-teto\/","title":{"rendered":"Guilherme Boulos | Verdades e mentiras sobre os sem-teto"},"content":{"rendered":"<p><em>Se o edif\u00edcio Wilton Paes de Almeida tivesse passado pelas reformas necess\u00e1rias e requalificado para moradia popular, a trag\u00e9dia poderia ter sido evitada<\/em><\/p>\n<p>O desabamento do pr\u00e9dio no Largo do Paissandu, no centro de S\u00e3o Paulo, exp\u00f4s ao pa\u00eds o cr\u00f4nico problema habitacional brasileiro.<\/p>\n<p>S\u00e3o 6,35 milh\u00f5es de fam\u00edlias sem casa, de acordo com o IBGE. Na aus\u00eancia de uma pol\u00edtica p\u00fablica, muitos n\u00e3o t\u00eam outra alternativa a n\u00e3o ser ocupar im\u00f3veis abandonados. Era o caso das 146 fam\u00edlias que moravam no edif\u00edcio Wilton Paes de Almeida.<\/p>\n<p>Bastaram poucas horas depois do ocorrido para que alguns \u2014na imprensa e nas redes sociais\u2014, levianamente, apontassem os pr\u00f3prios moradores sem-teto como respons\u00e1veis pela trag\u00e9dia.<\/p>\n<p>\u00c9 uma invers\u00e3o c\u00ednica, que pretende culpar as v\u00edtimas. Al\u00e9m disso, difundiram fake news, buscando criminalizar os movimentos por moradia e atacar nossa pr\u00e9-candidatura \u00e0 Presid\u00eancia da Rep\u00fablica pelo PSOL.<\/p>\n<p>Em tempos como esses \u00e9 importante reafirmar o \u00f3bvio: ningu\u00e9m ocupa porque quer, mas por necessidade. Toda ocupa\u00e7\u00e3o \u00e9 resultado de um duplo abandono: o das fam\u00edlias, que n\u00e3o t\u00eam assegurado o seu direito \u00e0 moradia, e o de edif\u00edcios ou terrenos, que n\u00e3o cumprem sua fun\u00e7\u00e3o social.<\/p>\n<p>O direito \u00e0 moradia est\u00e1 expressamente garantido no artigo 6\u00ba da Constitui\u00e7\u00e3o, que trata dos direitos sociais, assim como a educa\u00e7\u00e3o, a sa\u00fade e a seguran\u00e7a. A mesma Constitui\u00e7\u00e3o assegura o direito \u00e0 propriedade, mas estabelece que ela precisa cumprir uma fun\u00e7\u00e3o social. N\u00e3o se trata de um direito absoluto.<\/p>\n<p>Hoje, no Brasil, temos mais de 7 milh\u00f5es de im\u00f3veis \u2014terrenos e constru\u00e7\u00f5es, contando as \u00e1reas \u200brurais\u2014 abandonados, enquanto o d\u00e9ficit habitacional \u00e9 de 6,35 milh\u00f5es de fam\u00edlias. Isso representa cerca de 10% das fam\u00edlias brasileiras. Temos mais casa sem gente do que gente sem casa.<\/p>\n<p>Um quadro cr\u00edtico, que vem se agravando com a crise econ\u00f4mica nos \u00faltimos anos e a desacelera\u00e7\u00e3o do programa Minha Casa, Minha Vida desde 2015.<\/p>\n<p>Segundo dados da Pnad (Pesquisa Nacional por Amostra de Domic\u00edlios), quase 85% das fam\u00edlias sem moradia ganham at\u00e9 tr\u00eas sal\u00e1rios m\u00ednimos e s\u00e3o as que mais sofrem com o gasto excessivo com aluguel.<\/p>\n<p>A verdade \u00e9 que mais de 3 milh\u00f5es de m\u00e3es e pais de fam\u00edlia precisam decidir todo m\u00eas entre pagar o aluguel ou sustentar seus filhos.<\/p>\n<p>A luta por moradia \u00e9 necess\u00e1ria e leg\u00edtima. H\u00e1 v\u00e1rios movimentos sociais, especialmente nos grandes centros urbanos, que realizam ocupa\u00e7\u00f5es. Existem, contudo, grupos que adotam pr\u00e1ticas oportunistas, buscando benef\u00edcios pr\u00f3prios. \u00c9 preciso saber separar o joio do trigo, sem generaliza\u00e7\u00f5es indevidas.<\/p>\n<p>Oportunistas existem em toda parte. Ali\u00e1s, seguramente h\u00e1 mais oportunistas por metro quadrado no Congresso Nacional do que nos movimentos sociais.<\/p>\n<p>O MTST (Movimento dos Trabalhadores Sem-Teto), em mais de 20 anos de atua\u00e7\u00e3o, nunca pediu nenhuma contribui\u00e7\u00e3o financeira a seus participantes.<\/p>\n<p>Muitos deles hoje moram em resid\u00eancias que conquistaram depois de anos de luta. Entendemos que n\u00e3o \u00e9 quem mais precisa que deve pagar.<\/p>\n<p>E, ao contr\u00e1rio do que chegaram a difundir \u2014outra fake news, o MTST n\u00e3o era o respons\u00e1vel pela organiza\u00e7\u00e3o da ocupa\u00e7\u00e3o do largo do Paissandu. Mas nem por isso deixamos de ser solid\u00e1rios ao drama das 146 fam\u00edlias.<\/p>\n<p>Estive no local, junto com militantes do movimento, e participamos de iniciativas para pressionar o poder p\u00fablico a assumir sua responsabilidade. \u00c9 desumano que, depois de terem vivido a trag\u00e9dia, as pessoas ainda sigam desabrigadas.<\/p>\n<p>\u00c9 inaceit\u00e1vel que se culpem as v\u00edtimas e se aproveite da situa\u00e7\u00e3o para criminalizar a luta social, amea\u00e7ando inclusive uma onda de despejos nos pr\u00e9dios ocupados no centro de S\u00e3o Paulo.<\/p>\n<p>Se esse edif\u00edcio tivesse passado pelas reformas necess\u00e1rias e requalificado para moradia popular, como os movimentos defendem h\u00e1 anos, a trag\u00e9dia certamente poderia ter sido evitada.<\/p>\n<p>Esse \u00e9 o caminho que deve ser seguido nas ocupa\u00e7\u00f5es atuais, como parte de uma pol\u00edtica p\u00fablica de habita\u00e7\u00e3o social. Al\u00e9m da assist\u00eancia \u00e0s v\u00edtimas, \u00e9 isso que se espera do Estado brasileiro.<\/p>\n","protected":false},"excerpt":{"rendered":"<p>Se o edif\u00edcio Wilton Paes de Almeida tivesse passado pelas reformas necess\u00e1rias e requalificado para moradia popular, a trag\u00e9dia poderia ter sido evitada O desabamento do pr\u00e9dio no Largo do Paissandu, no centro de S\u00e3o Paulo, exp\u00f4s ao pa\u00eds o cr\u00f4nico problema habitacional brasileiro. S\u00e3o 6,35 milh\u00f5es de fam\u00edlias sem casa, de acordo com o [&hellip;]<\/p>\n","protected":false},"author":2,"featured_media":20699,"comment_status":"open","ping_status":"open","sticky":false,"template":"","format":"standard","meta":{"_acf_changed":false,"footnotes":""},"categories":[3,654],"tags":[2223,2488,977,2128,2480,2493,101,117],"class_list":{"0":"post-20698","1":"post","2":"type-post","3":"status-publish","4":"format-standard","5":"has-post-thumbnail","7":"category-artigos-e-entrevistas","8":"category-estados","9":"tag-desabamento","10":"tag-edificio-wilton-paes-de-almeida","11":"tag-guilherme-boulos","12":"tag-incendio","13":"tag-largo-do-paissandu","14":"tag-luta-por-moradia","15":"tag-mtst","16":"tag-sao-paulo"},"acf":[],"yoast_head":"<!-- This site is optimized with the Yoast SEO plugin v26.5 - https:\/\/yoast.com\/wordpress\/plugins\/seo\/ -->\n<title>Guilherme Boulos | Verdades e mentiras sobre os sem-teto - PSOL 50<\/title>\n<meta name=\"robots\" content=\"index, follow, max-snippet:-1, max-image-preview:large, max-video-preview:-1\" \/>\n<link rel=\"canonical\" href=\"https:\/\/psol50.org.br\/guilherme-boulos-verdades-e-mentiras-sobre-os-sem-teto\/\" \/>\n<meta property=\"og:locale\" content=\"pt_BR\" \/>\n<meta property=\"og:type\" content=\"article\" \/>\n<meta property=\"og:title\" content=\"Guilherme Boulos | Verdades e mentiras sobre os sem-teto - PSOL 50\" \/>\n<meta property=\"og:description\" content=\"Se o edif\u00edcio Wilton Paes de Almeida tivesse passado pelas reformas necess\u00e1rias e requalificado para moradia popular, a trag\u00e9dia poderia ter sido evitada O desabamento do pr\u00e9dio no Largo do Paissandu, no centro de S\u00e3o Paulo, exp\u00f4s ao pa\u00eds o cr\u00f4nico problema habitacional brasileiro. S\u00e3o 6,35 milh\u00f5es de fam\u00edlias sem casa, de acordo com o [&hellip;]\" \/>\n<meta property=\"og:url\" content=\"https:\/\/psol50.org.br\/guilherme-boulos-verdades-e-mentiras-sobre-os-sem-teto\/\" \/>\n<meta property=\"og:site_name\" content=\"PSOL 50\" \/>\n<meta property=\"article:publisher\" content=\"https:\/\/www.facebook.com\/psol50\" \/>\n<meta property=\"article:published_time\" content=\"2018-05-04T14:39:45+00:00\" \/>\n<meta property=\"og:image\" content=\"https:\/\/psol50.org.br\/inc\/uploads\/2018\/05\/Edificio_LargoPaissandu_GabrielPortela.jpg\" \/>\n\t<meta property=\"og:image:width\" content=\"1350\" \/>\n\t<meta property=\"og:image:height\" content=\"1012\" \/>\n\t<meta property=\"og:image:type\" content=\"image\/jpeg\" \/>\n<meta name=\"author\" content=\"Comunica\u00e7\u00e3o PSOL\" \/>\n<meta name=\"twitter:card\" content=\"summary_large_image\" \/>\n<meta name=\"twitter:creator\" content=\"@psol50\" \/>\n<meta name=\"twitter:site\" content=\"@psol50\" \/>\n<meta name=\"twitter:label1\" content=\"Escrito por\" \/>\n\t<meta name=\"twitter:data1\" content=\"Comunica\u00e7\u00e3o PSOL\" \/>\n\t<meta name=\"twitter:label2\" content=\"Est. tempo de leitura\" \/>\n\t<meta name=\"twitter:data2\" content=\"4 minutos\" \/>\n<script type=\"application\/ld+json\" class=\"yoast-schema-graph\">{\"@context\":\"https:\/\/schema.org\",\"@graph\":[{\"@type\":\"Article\",\"@id\":\"https:\/\/psol50.org.br\/guilherme-boulos-verdades-e-mentiras-sobre-os-sem-teto\/#article\",\"isPartOf\":{\"@id\":\"https:\/\/psol50.org.br\/guilherme-boulos-verdades-e-mentiras-sobre-os-sem-teto\/\"},\"author\":{\"name\":\"Comunica\u00e7\u00e3o PSOL\",\"@id\":\"https:\/\/psol50.org.br\/#\/schema\/person\/475dfa57d0b815993c714c2e96491fcd\"},\"headline\":\"Guilherme Boulos | Verdades e mentiras sobre os sem-teto\",\"datePublished\":\"2018-05-04T14:39:45+00:00\",\"mainEntityOfPage\":{\"@id\":\"https:\/\/psol50.org.br\/guilherme-boulos-verdades-e-mentiras-sobre-os-sem-teto\/\"},\"wordCount\":723,\"commentCount\":0,\"publisher\":{\"@id\":\"https:\/\/psol50.org.br\/#organization\"},\"image\":{\"@id\":\"https:\/\/psol50.org.br\/guilherme-boulos-verdades-e-mentiras-sobre-os-sem-teto\/#primaryimage\"},\"thumbnailUrl\":\"https:\/\/psol50.org.br\/inc\/uploads\/2018\/05\/Edificio_LargoPaissandu_GabrielPortela.jpg\",\"keywords\":[\"desabamento\",\"Edif\u00edcio Wilton Paes de Almeida\",\"Guilherme Boulos\",\"inc\u00eandio\",\"Largo do Paissandu\",\"luta por moradia\",\"MTST\",\"S\u00e3o Paulo\"],\"articleSection\":[\"Artigos\",\"Estados\"],\"inLanguage\":\"pt-BR\",\"potentialAction\":[{\"@type\":\"CommentAction\",\"name\":\"Comment\",\"target\":[\"https:\/\/psol50.org.br\/guilherme-boulos-verdades-e-mentiras-sobre-os-sem-teto\/#respond\"]}]},{\"@type\":\"WebPage\",\"@id\":\"https:\/\/psol50.org.br\/guilherme-boulos-verdades-e-mentiras-sobre-os-sem-teto\/\",\"url\":\"https:\/\/psol50.org.br\/guilherme-boulos-verdades-e-mentiras-sobre-os-sem-teto\/\",\"name\":\"Guilherme Boulos | Verdades e mentiras sobre os sem-teto - PSOL 50\",\"isPartOf\":{\"@id\":\"https:\/\/psol50.org.br\/#website\"},\"primaryImageOfPage\":{\"@id\":\"https:\/\/psol50.org.br\/guilherme-boulos-verdades-e-mentiras-sobre-os-sem-teto\/#primaryimage\"},\"image\":{\"@id\":\"https:\/\/psol50.org.br\/guilherme-boulos-verdades-e-mentiras-sobre-os-sem-teto\/#primaryimage\"},\"thumbnailUrl\":\"https:\/\/psol50.org.br\/inc\/uploads\/2018\/05\/Edificio_LargoPaissandu_GabrielPortela.jpg\",\"datePublished\":\"2018-05-04T14:39:45+00:00\",\"breadcrumb\":{\"@id\":\"https:\/\/psol50.org.br\/guilherme-boulos-verdades-e-mentiras-sobre-os-sem-teto\/#breadcrumb\"},\"inLanguage\":\"pt-BR\",\"potentialAction\":[{\"@type\":\"ReadAction\",\"target\":[\"https:\/\/psol50.org.br\/guilherme-boulos-verdades-e-mentiras-sobre-os-sem-teto\/\"]}]},{\"@type\":\"ImageObject\",\"inLanguage\":\"pt-BR\",\"@id\":\"https:\/\/psol50.org.br\/guilherme-boulos-verdades-e-mentiras-sobre-os-sem-teto\/#primaryimage\",\"url\":\"https:\/\/psol50.org.br\/inc\/uploads\/2018\/05\/Edificio_LargoPaissandu_GabrielPortela.jpg\",\"contentUrl\":\"https:\/\/psol50.org.br\/inc\/uploads\/2018\/05\/Edificio_LargoPaissandu_GabrielPortela.jpg\",\"width\":1350,\"height\":1012},{\"@type\":\"BreadcrumbList\",\"@id\":\"https:\/\/psol50.org.br\/guilherme-boulos-verdades-e-mentiras-sobre-os-sem-teto\/#breadcrumb\",\"itemListElement\":[{\"@type\":\"ListItem\",\"position\":1,\"name\":\"In\u00edcio\",\"item\":\"https:\/\/psol50.org.br\/\"},{\"@type\":\"ListItem\",\"position\":2,\"name\":\"Guilherme Boulos | Verdades e mentiras sobre os sem-teto\"}]},{\"@type\":\"WebSite\",\"@id\":\"https:\/\/psol50.org.br\/#website\",\"url\":\"https:\/\/psol50.org.br\/\",\"name\":\"PSOL 50\",\"description\":\"Site oficial do Partido Socialismo e Liberdade\",\"publisher\":{\"@id\":\"https:\/\/psol50.org.br\/#organization\"},\"alternateName\":\"PSOL50\",\"potentialAction\":[{\"@type\":\"SearchAction\",\"target\":{\"@type\":\"EntryPoint\",\"urlTemplate\":\"https:\/\/psol50.org.br\/?s={search_term_string}\"},\"query-input\":{\"@type\":\"PropertyValueSpecification\",\"valueRequired\":true,\"valueName\":\"search_term_string\"}}],\"inLanguage\":\"pt-BR\"},{\"@type\":\"Organization\",\"@id\":\"https:\/\/psol50.org.br\/#organization\",\"name\":\"PSOL 50\",\"alternateName\":\"PSOL 50\",\"url\":\"https:\/\/psol50.org.br\/\",\"logo\":{\"@type\":\"ImageObject\",\"inLanguage\":\"pt-BR\",\"@id\":\"https:\/\/psol50.org.br\/#\/schema\/logo\/image\/\",\"url\":\"https:\/\/psol50.org.br\/inc\/uploads\/2018\/07\/capa.png\",\"contentUrl\":\"https:\/\/psol50.org.br\/inc\/uploads\/2018\/07\/capa.png\",\"width\":1350,\"height\":900,\"caption\":\"PSOL 50\"},\"image\":{\"@id\":\"https:\/\/psol50.org.br\/#\/schema\/logo\/image\/\"},\"sameAs\":[\"https:\/\/www.facebook.com\/psol50\",\"https:\/\/x.com\/psol50\",\"https:\/\/www.instagram.com\/psol50\/\",\"https:\/\/www.youtube.com\/channel\/UC7SnJS5o1os7a6CaiNabzcg\"]},{\"@type\":\"Person\",\"@id\":\"https:\/\/psol50.org.br\/#\/schema\/person\/475dfa57d0b815993c714c2e96491fcd\",\"name\":\"Comunica\u00e7\u00e3o PSOL\",\"image\":{\"@type\":\"ImageObject\",\"inLanguage\":\"pt-BR\",\"@id\":\"https:\/\/psol50.org.br\/#\/schema\/person\/image\/\",\"url\":\"https:\/\/secure.gravatar.com\/avatar\/b34fc4f4e468a4e51785917065a3db57b841f5c95dba6ad8c73aaf8f66f8f9bf?s=96&d=mm&r=g\",\"contentUrl\":\"https:\/\/secure.gravatar.com\/avatar\/b34fc4f4e468a4e51785917065a3db57b841f5c95dba6ad8c73aaf8f66f8f9bf?s=96&d=mm&r=g\",\"caption\":\"Comunica\u00e7\u00e3o PSOL\"}}]}<\/script>\n<!-- \/ Yoast SEO plugin. -->","yoast_head_json":{"title":"Guilherme Boulos | Verdades e mentiras sobre os sem-teto - PSOL 50","robots":{"index":"index","follow":"follow","max-snippet":"max-snippet:-1","max-image-preview":"max-image-preview:large","max-video-preview":"max-video-preview:-1"},"canonical":"https:\/\/psol50.org.br\/guilherme-boulos-verdades-e-mentiras-sobre-os-sem-teto\/","og_locale":"pt_BR","og_type":"article","og_title":"Guilherme Boulos | Verdades e mentiras sobre os sem-teto - PSOL 50","og_description":"Se o edif\u00edcio Wilton Paes de Almeida tivesse passado pelas reformas necess\u00e1rias e requalificado para moradia popular, a trag\u00e9dia poderia ter sido evitada O desabamento do pr\u00e9dio no Largo do Paissandu, no centro de S\u00e3o Paulo, exp\u00f4s ao pa\u00eds o cr\u00f4nico problema habitacional brasileiro. S\u00e3o 6,35 milh\u00f5es de fam\u00edlias sem casa, de acordo com o [&hellip;]","og_url":"https:\/\/psol50.org.br\/guilherme-boulos-verdades-e-mentiras-sobre-os-sem-teto\/","og_site_name":"PSOL 50","article_publisher":"https:\/\/www.facebook.com\/psol50","article_published_time":"2018-05-04T14:39:45+00:00","og_image":[{"width":1350,"height":1012,"url":"https:\/\/psol50.org.br\/inc\/uploads\/2018\/05\/Edificio_LargoPaissandu_GabrielPortela.jpg","type":"image\/jpeg"}],"author":"Comunica\u00e7\u00e3o PSOL","twitter_card":"summary_large_image","twitter_creator":"@psol50","twitter_site":"@psol50","twitter_misc":{"Escrito por":"Comunica\u00e7\u00e3o PSOL","Est. tempo de leitura":"4 minutos"},"schema":{"@context":"https:\/\/schema.org","@graph":[{"@type":"Article","@id":"https:\/\/psol50.org.br\/guilherme-boulos-verdades-e-mentiras-sobre-os-sem-teto\/#article","isPartOf":{"@id":"https:\/\/psol50.org.br\/guilherme-boulos-verdades-e-mentiras-sobre-os-sem-teto\/"},"author":{"name":"Comunica\u00e7\u00e3o PSOL","@id":"https:\/\/psol50.org.br\/#\/schema\/person\/475dfa57d0b815993c714c2e96491fcd"},"headline":"Guilherme Boulos | Verdades e mentiras sobre os sem-teto","datePublished":"2018-05-04T14:39:45+00:00","mainEntityOfPage":{"@id":"https:\/\/psol50.org.br\/guilherme-boulos-verdades-e-mentiras-sobre-os-sem-teto\/"},"wordCount":723,"commentCount":0,"publisher":{"@id":"https:\/\/psol50.org.br\/#organization"},"image":{"@id":"https:\/\/psol50.org.br\/guilherme-boulos-verdades-e-mentiras-sobre-os-sem-teto\/#primaryimage"},"thumbnailUrl":"https:\/\/psol50.org.br\/inc\/uploads\/2018\/05\/Edificio_LargoPaissandu_GabrielPortela.jpg","keywords":["desabamento","Edif\u00edcio Wilton Paes de Almeida","Guilherme Boulos","inc\u00eandio","Largo do Paissandu","luta por moradia","MTST","S\u00e3o Paulo"],"articleSection":["Artigos","Estados"],"inLanguage":"pt-BR","potentialAction":[{"@type":"CommentAction","name":"Comment","target":["https:\/\/psol50.org.br\/guilherme-boulos-verdades-e-mentiras-sobre-os-sem-teto\/#respond"]}]},{"@type":"WebPage","@id":"https:\/\/psol50.org.br\/guilherme-boulos-verdades-e-mentiras-sobre-os-sem-teto\/","url":"https:\/\/psol50.org.br\/guilherme-boulos-verdades-e-mentiras-sobre-os-sem-teto\/","name":"Guilherme Boulos | Verdades e mentiras sobre os sem-teto - PSOL 50","isPartOf":{"@id":"https:\/\/psol50.org.br\/#website"},"primaryImageOfPage":{"@id":"https:\/\/psol50.org.br\/guilherme-boulos-verdades-e-mentiras-sobre-os-sem-teto\/#primaryimage"},"image":{"@id":"https:\/\/psol50.org.br\/guilherme-boulos-verdades-e-mentiras-sobre-os-sem-teto\/#primaryimage"},"thumbnailUrl":"https:\/\/psol50.org.br\/inc\/uploads\/2018\/05\/Edificio_LargoPaissandu_GabrielPortela.jpg","datePublished":"2018-05-04T14:39:45+00:00","breadcrumb":{"@id":"https:\/\/psol50.org.br\/guilherme-boulos-verdades-e-mentiras-sobre-os-sem-teto\/#breadcrumb"},"inLanguage":"pt-BR","potentialAction":[{"@type":"ReadAction","target":["https:\/\/psol50.org.br\/guilherme-boulos-verdades-e-mentiras-sobre-os-sem-teto\/"]}]},{"@type":"ImageObject","inLanguage":"pt-BR","@id":"https:\/\/psol50.org.br\/guilherme-boulos-verdades-e-mentiras-sobre-os-sem-teto\/#primaryimage","url":"https:\/\/psol50.org.br\/inc\/uploads\/2018\/05\/Edificio_LargoPaissandu_GabrielPortela.jpg","contentUrl":"https:\/\/psol50.org.br\/inc\/uploads\/2018\/05\/Edificio_LargoPaissandu_GabrielPortela.jpg","width":1350,"height":1012},{"@type":"BreadcrumbList","@id":"https:\/\/psol50.org.br\/guilherme-boulos-verdades-e-mentiras-sobre-os-sem-teto\/#breadcrumb","itemListElement":[{"@type":"ListItem","position":1,"name":"In\u00edcio","item":"https:\/\/psol50.org.br\/"},{"@type":"ListItem","position":2,"name":"Guilherme Boulos | Verdades e mentiras sobre os sem-teto"}]},{"@type":"WebSite","@id":"https:\/\/psol50.org.br\/#website","url":"https:\/\/psol50.org.br\/","name":"PSOL 50","description":"Site oficial do Partido Socialismo e Liberdade","publisher":{"@id":"https:\/\/psol50.org.br\/#organization"},"alternateName":"PSOL50","potentialAction":[{"@type":"SearchAction","target":{"@type":"EntryPoint","urlTemplate":"https:\/\/psol50.org.br\/?s={search_term_string}"},"query-input":{"@type":"PropertyValueSpecification","valueRequired":true,"valueName":"search_term_string"}}],"inLanguage":"pt-BR"},{"@type":"Organization","@id":"https:\/\/psol50.org.br\/#organization","name":"PSOL 50","alternateName":"PSOL 50","url":"https:\/\/psol50.org.br\/","logo":{"@type":"ImageObject","inLanguage":"pt-BR","@id":"https:\/\/psol50.org.br\/#\/schema\/logo\/image\/","url":"https:\/\/psol50.org.br\/inc\/uploads\/2018\/07\/capa.png","contentUrl":"https:\/\/psol50.org.br\/inc\/uploads\/2018\/07\/capa.png","width":1350,"height":900,"caption":"PSOL 50"},"image":{"@id":"https:\/\/psol50.org.br\/#\/schema\/logo\/image\/"},"sameAs":["https:\/\/www.facebook.com\/psol50","https:\/\/x.com\/psol50","https:\/\/www.instagram.com\/psol50\/","https:\/\/www.youtube.com\/channel\/UC7SnJS5o1os7a6CaiNabzcg"]},{"@type":"Person","@id":"https:\/\/psol50.org.br\/#\/schema\/person\/475dfa57d0b815993c714c2e96491fcd","name":"Comunica\u00e7\u00e3o PSOL","image":{"@type":"ImageObject","inLanguage":"pt-BR","@id":"https:\/\/psol50.org.br\/#\/schema\/person\/image\/","url":"https:\/\/secure.gravatar.com\/avatar\/b34fc4f4e468a4e51785917065a3db57b841f5c95dba6ad8c73aaf8f66f8f9bf?s=96&d=mm&r=g","contentUrl":"https:\/\/secure.gravatar.com\/avatar\/b34fc4f4e468a4e51785917065a3db57b841f5c95dba6ad8c73aaf8f66f8f9bf?s=96&d=mm&r=g","caption":"Comunica\u00e7\u00e3o PSOL"}}]}},"_links":{"self":[{"href":"https:\/\/psol50.org.br\/rest\/wp\/v2\/posts\/20698","targetHints":{"allow":["GET"]}}],"collection":[{"href":"https:\/\/psol50.org.br\/rest\/wp\/v2\/posts"}],"about":[{"href":"https:\/\/psol50.org.br\/rest\/wp\/v2\/types\/post"}],"author":[{"embeddable":true,"href":"https:\/\/psol50.org.br\/rest\/wp\/v2\/users\/2"}],"replies":[{"embeddable":true,"href":"https:\/\/psol50.org.br\/rest\/wp\/v2\/comments?post=20698"}],"version-history":[{"count":0,"href":"https:\/\/psol50.org.br\/rest\/wp\/v2\/posts\/20698\/revisions"}],"wp:featuredmedia":[{"embeddable":true,"href":"https:\/\/psol50.org.br\/rest\/wp\/v2\/media\/20699"}],"wp:attachment":[{"href":"https:\/\/psol50.org.br\/rest\/wp\/v2\/media?parent=20698"}],"wp:term":[{"taxonomy":"category","embeddable":true,"href":"https:\/\/psol50.org.br\/rest\/wp\/v2\/categories?post=20698"},{"taxonomy":"post_tag","embeddable":true,"href":"https:\/\/psol50.org.br\/rest\/wp\/v2\/tags?post=20698"}],"curies":[{"name":"wp","href":"https:\/\/api.w.org\/{rel}","templated":true}]}}