{"id":20706,"date":"2018-05-04T14:58:31","date_gmt":"2018-05-04T17:58:31","guid":{"rendered":"http:\/\/www.psol50.org.br\/?p=20706"},"modified":"2018-05-04T14:58:31","modified_gmt":"2018-05-04T17:58:31","slug":"marivaldo-pereira-voce-ja-foi-a-uma-ocupacao","status":"publish","type":"post","link":"https:\/\/psol50.org.br\/marivaldo-pereira-voce-ja-foi-a-uma-ocupacao\/","title":{"rendered":"Marivaldo Pereira | Voc\u00ea j\u00e1 foi a uma ocupa\u00e7\u00e3o?"},"content":{"rendered":"<p>A trag\u00e9dia da madrugada de ter\u00e7a-feira, 1\u00ba de maio, em S\u00e3o Paulo, comoveu o pa\u00eds e trouxe \u00e0 tona o debate sobre e o direito \u00e0 moradia e as ocupa\u00e7\u00f5es em todo o pa\u00eds.<\/p>\n<p>A solidariedade com as v\u00edtimas \u2014 uma morte confirmada e quatro pessoas desaparecidas, sendo duas crian\u00e7as \u2014 n\u00e3o impediu o radicalismo de tomar parte no debate. Ao inv\u00e9s de ajudar, rezar, orar ou simplesmente torcer para que os desaparecidos fossem encontrados com vida, algumas lideran\u00e7as pol\u00edticas estavam mais preocupadas em culpar pela trag\u00e9dia os moradores e os movimentos de luta pela moradia, o que demonstra o mais completo desconhecimento, preconceito e falta de sensibilidade com o sofrimento de nossa popula\u00e7\u00e3o.<\/p>\n<p>Durante minha gradua\u00e7\u00e3o no curso de Direito, acompanhei de perto o trabalho dos movimentos de moradia do centro de S\u00e3o Paulo. Poucas vezes vi situa\u00e7\u00f5es t\u00e3o degradantes como aquelas dos corti\u00e7os onde fam\u00edlias inteiras se espremiam dentro de quartos alugados nos in\u00fameros casar\u00f5es abandonados no centro da cidade.<\/p>\n<p>No pouco que restava de quintal daqueles casar\u00f5es, vi dezenas de crian\u00e7as brincando em meio ao lixo, de onde seus pais esperavam retirar o material recicl\u00e1vel para obter alguma renda, e em meio \u00e0 \u00e1gua que corria do \u00fanico tanque, utilizado tanto para lavar roupas como para preparar a comida. Fam\u00edlias inteiras se acomodavam espremidas em meio a colch\u00f5es e beliches naqueles quartos sem ventila\u00e7\u00e3o, tomados pelo cheiro de mofo e pelo calor insuport\u00e1vel. Ratos e baratas colocavam em risco a sa\u00fade de todos, especialmente das crian\u00e7as.<\/p>\n<p>Soma-se a esse contexto a tens\u00e3o constante com o risco de reintegra\u00e7\u00e3o. Perdi a conta de quantas vezes sa\u00ed de casa as pressas para acompanhar fam\u00edlias que estavam sendo despejadas de corti\u00e7os sem notifica\u00e7\u00e3o pr\u00e9via, sem nada. Lembro-me do quanto pen\u00e1vamos para conseguir alguns minutos a mais, apenas para que aquelas fam\u00edlias pudessem retirar do im\u00f3vel os poucos bens que conseguiram juntar.<\/p>\n<p>Antes mesmo de as fam\u00edlias conseguirem sair do im\u00f3vel, representantes do propriet\u00e1rio j\u00e1 come\u00e7avam a derrubar teto e paredes ou a fechar portas e janelas com cimento e tijolos, de maneira a assegurar que aquele im\u00f3vel n\u00e3o voltaria a cumprir qualquer fun\u00e7\u00e3o social por um bom tempo.<\/p>\n<p>Passei minha inf\u00e2ncia e adolesc\u00eancia num terreno ocupado. Tive a experi\u00eancia de viver num barraco de madeirite, brinquei em meio ao esgoto que corria a c\u00e9u aberto, me escondia embaixo da mesa, com medo da chuva e do vento forte que muitas vezes quase levou nosso telhado de zinco. Convivi com o risco de reintegra\u00e7\u00e3o de posse nos rondando o tempo todo.<\/p>\n<p>Por tudo isso, afirmo que ningu\u00e9m escolhe morar numa ocupa\u00e7\u00e3o. Ter sua casa pr\u00f3pria e n\u00e3o precisar se preocupar com o aluguel, com o oficial de justi\u00e7a ou com a Ag\u00eancia de Fiscaliza\u00e7\u00e3o do Distrito Federal (Agefis) batendo \u00e0 sua porta ainda \u00e9 um dos maiores sonhos de toda fam\u00edlia de baixa renda.<\/p>\n<p>E a concretiza\u00e7\u00e3o desse sonho, historicamente, somente \u00e9 alcan\u00e7ada por meio da organiza\u00e7\u00e3o promovida pelos movimentos de moradia. Programas como o Minha Casa Minha Vida e toda a legisla\u00e7\u00e3o de regulariza\u00e7\u00e3o fundi\u00e1ria de interesse social jamais teriam sido criados se n\u00e3o fosse a mobiliza\u00e7\u00e3o e a reivindica\u00e7\u00e3o desses movimentos.<\/p>\n<p>A trag\u00e9dia de S\u00e3o Paulo pode ser uma \u00f3tima oportunidade para refletirmos sobre a situa\u00e7\u00e3o das\u00a0mais de sete milh\u00f5es de fam\u00edlias sem moradia em nosso pa\u00eds\u00a0e tamb\u00e9m daquelas que h\u00e1 d\u00e9cadas esperam a regulariza\u00e7\u00e3o de suas casas. A vida dessas pessoas deve piorar muito com o avan\u00e7o da atual crise econ\u00f4mica e com a mais absoluta falta de sensibilidade do governo federal e da maioria dos governos locais com o seu sofrimento.<\/p>\n<p>Conhecer uma ocupa\u00e7\u00e3o, ver de perto os desafios e dificuldades pelas quais passam os moradores que nela convivem \u00e9, sem d\u00favida alguma, um passo importante para afastar o preconceito e compreender por que nossa Constitui\u00e7\u00e3o consagrou em seu texto o princ\u00edpio de que a propriedade deve cumprir sua fun\u00e7\u00e3o social.<\/p>\n","protected":false},"excerpt":{"rendered":"<p>A trag\u00e9dia da madrugada de ter\u00e7a-feira, 1\u00ba de maio, em S\u00e3o Paulo, comoveu o pa\u00eds e trouxe \u00e0 tona o debate sobre e o direito \u00e0 moradia e as ocupa\u00e7\u00f5es em todo o pa\u00eds. A solidariedade com as v\u00edtimas \u2014 uma morte confirmada e quatro pessoas desaparecidas, sendo duas crian\u00e7as \u2014 n\u00e3o impediu o radicalismo [&hellip;]<\/p>\n","protected":false},"author":2,"featured_media":18776,"comment_status":"open","ping_status":"open","sticky":false,"template":"","format":"standard","meta":{"_acf_changed":false,"footnotes":""},"categories":[3],"tags":[1561,1481],"class_list":{"0":"post-20706","1":"post","2":"type-post","3":"status-publish","4":"format-standard","5":"has-post-thumbnail","7":"category-artigos-e-entrevistas","8":"tag-moradia","9":"tag-ocupacao"},"acf":[],"yoast_head":"<!-- This site is optimized with the Yoast SEO plugin v26.5 - https:\/\/yoast.com\/wordpress\/plugins\/seo\/ -->\n<title>Marivaldo Pereira | Voc\u00ea j\u00e1 foi a uma ocupa\u00e7\u00e3o? - PSOL 50<\/title>\n<meta name=\"robots\" content=\"index, follow, max-snippet:-1, max-image-preview:large, max-video-preview:-1\" \/>\n<link rel=\"canonical\" href=\"https:\/\/psol50.org.br\/marivaldo-pereira-voce-ja-foi-a-uma-ocupacao\/\" \/>\n<meta property=\"og:locale\" content=\"pt_BR\" \/>\n<meta property=\"og:type\" content=\"article\" \/>\n<meta property=\"og:title\" content=\"Marivaldo Pereira | Voc\u00ea j\u00e1 foi a uma ocupa\u00e7\u00e3o? - PSOL 50\" \/>\n<meta property=\"og:description\" content=\"A trag\u00e9dia da madrugada de ter\u00e7a-feira, 1\u00ba de maio, em S\u00e3o Paulo, comoveu o pa\u00eds e trouxe \u00e0 tona o debate sobre e o direito \u00e0 moradia e as ocupa\u00e7\u00f5es em todo o pa\u00eds. A solidariedade com as v\u00edtimas \u2014 uma morte confirmada e quatro pessoas desaparecidas, sendo duas crian\u00e7as \u2014 n\u00e3o impediu o radicalismo [&hellip;]\" \/>\n<meta property=\"og:url\" content=\"https:\/\/psol50.org.br\/marivaldo-pereira-voce-ja-foi-a-uma-ocupacao\/\" \/>\n<meta property=\"og:site_name\" content=\"PSOL 50\" \/>\n<meta property=\"article:publisher\" content=\"https:\/\/www.facebook.com\/psol50\" \/>\n<meta property=\"article:published_time\" content=\"2018-05-04T17:58:31+00:00\" \/>\n<meta property=\"og:image\" content=\"https:\/\/psol50.org.br\/inc\/uploads\/2018\/07\/capa.png\" \/>\n\t<meta property=\"og:image:width\" content=\"1350\" \/>\n\t<meta property=\"og:image:height\" content=\"900\" \/>\n\t<meta property=\"og:image:type\" content=\"image\/png\" \/>\n<meta name=\"author\" content=\"Comunica\u00e7\u00e3o PSOL\" \/>\n<meta name=\"twitter:card\" content=\"summary_large_image\" \/>\n<meta name=\"twitter:creator\" content=\"@psol50\" \/>\n<meta name=\"twitter:site\" content=\"@psol50\" \/>\n<meta name=\"twitter:label1\" content=\"Escrito por\" \/>\n\t<meta name=\"twitter:data1\" content=\"Comunica\u00e7\u00e3o PSOL\" \/>\n\t<meta name=\"twitter:label2\" content=\"Est. tempo de leitura\" \/>\n\t<meta name=\"twitter:data2\" content=\"4 minutos\" \/>\n<script type=\"application\/ld+json\" class=\"yoast-schema-graph\">{\"@context\":\"https:\/\/schema.org\",\"@graph\":[{\"@type\":\"Article\",\"@id\":\"https:\/\/psol50.org.br\/marivaldo-pereira-voce-ja-foi-a-uma-ocupacao\/#article\",\"isPartOf\":{\"@id\":\"https:\/\/psol50.org.br\/marivaldo-pereira-voce-ja-foi-a-uma-ocupacao\/\"},\"author\":{\"name\":\"Comunica\u00e7\u00e3o PSOL\",\"@id\":\"https:\/\/psol50.org.br\/#\/schema\/person\/475dfa57d0b815993c714c2e96491fcd\"},\"headline\":\"Marivaldo Pereira | Voc\u00ea j\u00e1 foi a uma ocupa\u00e7\u00e3o?\",\"datePublished\":\"2018-05-04T17:58:31+00:00\",\"mainEntityOfPage\":{\"@id\":\"https:\/\/psol50.org.br\/marivaldo-pereira-voce-ja-foi-a-uma-ocupacao\/\"},\"wordCount\":730,\"commentCount\":0,\"publisher\":{\"@id\":\"https:\/\/psol50.org.br\/#organization\"},\"image\":{\"@id\":\"https:\/\/psol50.org.br\/marivaldo-pereira-voce-ja-foi-a-uma-ocupacao\/#primaryimage\"},\"thumbnailUrl\":\"\",\"keywords\":[\"moradia\",\"ocupa\u00e7\u00e3o\"],\"articleSection\":[\"Artigos\"],\"inLanguage\":\"pt-BR\",\"potentialAction\":[{\"@type\":\"CommentAction\",\"name\":\"Comment\",\"target\":[\"https:\/\/psol50.org.br\/marivaldo-pereira-voce-ja-foi-a-uma-ocupacao\/#respond\"]}]},{\"@type\":\"WebPage\",\"@id\":\"https:\/\/psol50.org.br\/marivaldo-pereira-voce-ja-foi-a-uma-ocupacao\/\",\"url\":\"https:\/\/psol50.org.br\/marivaldo-pereira-voce-ja-foi-a-uma-ocupacao\/\",\"name\":\"Marivaldo Pereira | Voc\u00ea j\u00e1 foi a uma ocupa\u00e7\u00e3o? - PSOL 50\",\"isPartOf\":{\"@id\":\"https:\/\/psol50.org.br\/#website\"},\"primaryImageOfPage\":{\"@id\":\"https:\/\/psol50.org.br\/marivaldo-pereira-voce-ja-foi-a-uma-ocupacao\/#primaryimage\"},\"image\":{\"@id\":\"https:\/\/psol50.org.br\/marivaldo-pereira-voce-ja-foi-a-uma-ocupacao\/#primaryimage\"},\"thumbnailUrl\":\"\",\"datePublished\":\"2018-05-04T17:58:31+00:00\",\"breadcrumb\":{\"@id\":\"https:\/\/psol50.org.br\/marivaldo-pereira-voce-ja-foi-a-uma-ocupacao\/#breadcrumb\"},\"inLanguage\":\"pt-BR\",\"potentialAction\":[{\"@type\":\"ReadAction\",\"target\":[\"https:\/\/psol50.org.br\/marivaldo-pereira-voce-ja-foi-a-uma-ocupacao\/\"]}]},{\"@type\":\"ImageObject\",\"inLanguage\":\"pt-BR\",\"@id\":\"https:\/\/psol50.org.br\/marivaldo-pereira-voce-ja-foi-a-uma-ocupacao\/#primaryimage\",\"url\":\"\",\"contentUrl\":\"\"},{\"@type\":\"BreadcrumbList\",\"@id\":\"https:\/\/psol50.org.br\/marivaldo-pereira-voce-ja-foi-a-uma-ocupacao\/#breadcrumb\",\"itemListElement\":[{\"@type\":\"ListItem\",\"position\":1,\"name\":\"In\u00edcio\",\"item\":\"https:\/\/psol50.org.br\/\"},{\"@type\":\"ListItem\",\"position\":2,\"name\":\"Marivaldo Pereira | Voc\u00ea j\u00e1 foi a uma ocupa\u00e7\u00e3o?\"}]},{\"@type\":\"WebSite\",\"@id\":\"https:\/\/psol50.org.br\/#website\",\"url\":\"https:\/\/psol50.org.br\/\",\"name\":\"PSOL 50\",\"description\":\"Site oficial do Partido Socialismo e Liberdade\",\"publisher\":{\"@id\":\"https:\/\/psol50.org.br\/#organization\"},\"alternateName\":\"PSOL50\",\"potentialAction\":[{\"@type\":\"SearchAction\",\"target\":{\"@type\":\"EntryPoint\",\"urlTemplate\":\"https:\/\/psol50.org.br\/?s={search_term_string}\"},\"query-input\":{\"@type\":\"PropertyValueSpecification\",\"valueRequired\":true,\"valueName\":\"search_term_string\"}}],\"inLanguage\":\"pt-BR\"},{\"@type\":\"Organization\",\"@id\":\"https:\/\/psol50.org.br\/#organization\",\"name\":\"PSOL 50\",\"alternateName\":\"PSOL 50\",\"url\":\"https:\/\/psol50.org.br\/\",\"logo\":{\"@type\":\"ImageObject\",\"inLanguage\":\"pt-BR\",\"@id\":\"https:\/\/psol50.org.br\/#\/schema\/logo\/image\/\",\"url\":\"https:\/\/psol50.org.br\/inc\/uploads\/2018\/07\/capa.png\",\"contentUrl\":\"https:\/\/psol50.org.br\/inc\/uploads\/2018\/07\/capa.png\",\"width\":1350,\"height\":900,\"caption\":\"PSOL 50\"},\"image\":{\"@id\":\"https:\/\/psol50.org.br\/#\/schema\/logo\/image\/\"},\"sameAs\":[\"https:\/\/www.facebook.com\/psol50\",\"https:\/\/x.com\/psol50\",\"https:\/\/www.instagram.com\/psol50\/\",\"https:\/\/www.youtube.com\/channel\/UC7SnJS5o1os7a6CaiNabzcg\"]},{\"@type\":\"Person\",\"@id\":\"https:\/\/psol50.org.br\/#\/schema\/person\/475dfa57d0b815993c714c2e96491fcd\",\"name\":\"Comunica\u00e7\u00e3o PSOL\",\"image\":{\"@type\":\"ImageObject\",\"inLanguage\":\"pt-BR\",\"@id\":\"https:\/\/psol50.org.br\/#\/schema\/person\/image\/\",\"url\":\"https:\/\/secure.gravatar.com\/avatar\/b34fc4f4e468a4e51785917065a3db57b841f5c95dba6ad8c73aaf8f66f8f9bf?s=96&d=mm&r=g\",\"contentUrl\":\"https:\/\/secure.gravatar.com\/avatar\/b34fc4f4e468a4e51785917065a3db57b841f5c95dba6ad8c73aaf8f66f8f9bf?s=96&d=mm&r=g\",\"caption\":\"Comunica\u00e7\u00e3o PSOL\"}}]}<\/script>\n<!-- \/ Yoast SEO plugin. -->","yoast_head_json":{"title":"Marivaldo Pereira | Voc\u00ea j\u00e1 foi a uma ocupa\u00e7\u00e3o? - PSOL 50","robots":{"index":"index","follow":"follow","max-snippet":"max-snippet:-1","max-image-preview":"max-image-preview:large","max-video-preview":"max-video-preview:-1"},"canonical":"https:\/\/psol50.org.br\/marivaldo-pereira-voce-ja-foi-a-uma-ocupacao\/","og_locale":"pt_BR","og_type":"article","og_title":"Marivaldo Pereira | Voc\u00ea j\u00e1 foi a uma ocupa\u00e7\u00e3o? - PSOL 50","og_description":"A trag\u00e9dia da madrugada de ter\u00e7a-feira, 1\u00ba de maio, em S\u00e3o Paulo, comoveu o pa\u00eds e trouxe \u00e0 tona o debate sobre e o direito \u00e0 moradia e as ocupa\u00e7\u00f5es em todo o pa\u00eds. A solidariedade com as v\u00edtimas \u2014 uma morte confirmada e quatro pessoas desaparecidas, sendo duas crian\u00e7as \u2014 n\u00e3o impediu o radicalismo [&hellip;]","og_url":"https:\/\/psol50.org.br\/marivaldo-pereira-voce-ja-foi-a-uma-ocupacao\/","og_site_name":"PSOL 50","article_publisher":"https:\/\/www.facebook.com\/psol50","article_published_time":"2018-05-04T17:58:31+00:00","og_image":[{"width":1350,"height":900,"url":"https:\/\/psol50.org.br\/inc\/uploads\/2018\/07\/capa.png","type":"image\/png"}],"author":"Comunica\u00e7\u00e3o PSOL","twitter_card":"summary_large_image","twitter_creator":"@psol50","twitter_site":"@psol50","twitter_misc":{"Escrito por":"Comunica\u00e7\u00e3o PSOL","Est. tempo de leitura":"4 minutos"},"schema":{"@context":"https:\/\/schema.org","@graph":[{"@type":"Article","@id":"https:\/\/psol50.org.br\/marivaldo-pereira-voce-ja-foi-a-uma-ocupacao\/#article","isPartOf":{"@id":"https:\/\/psol50.org.br\/marivaldo-pereira-voce-ja-foi-a-uma-ocupacao\/"},"author":{"name":"Comunica\u00e7\u00e3o PSOL","@id":"https:\/\/psol50.org.br\/#\/schema\/person\/475dfa57d0b815993c714c2e96491fcd"},"headline":"Marivaldo Pereira | Voc\u00ea j\u00e1 foi a uma ocupa\u00e7\u00e3o?","datePublished":"2018-05-04T17:58:31+00:00","mainEntityOfPage":{"@id":"https:\/\/psol50.org.br\/marivaldo-pereira-voce-ja-foi-a-uma-ocupacao\/"},"wordCount":730,"commentCount":0,"publisher":{"@id":"https:\/\/psol50.org.br\/#organization"},"image":{"@id":"https:\/\/psol50.org.br\/marivaldo-pereira-voce-ja-foi-a-uma-ocupacao\/#primaryimage"},"thumbnailUrl":"","keywords":["moradia","ocupa\u00e7\u00e3o"],"articleSection":["Artigos"],"inLanguage":"pt-BR","potentialAction":[{"@type":"CommentAction","name":"Comment","target":["https:\/\/psol50.org.br\/marivaldo-pereira-voce-ja-foi-a-uma-ocupacao\/#respond"]}]},{"@type":"WebPage","@id":"https:\/\/psol50.org.br\/marivaldo-pereira-voce-ja-foi-a-uma-ocupacao\/","url":"https:\/\/psol50.org.br\/marivaldo-pereira-voce-ja-foi-a-uma-ocupacao\/","name":"Marivaldo Pereira | Voc\u00ea j\u00e1 foi a uma ocupa\u00e7\u00e3o? - PSOL 50","isPartOf":{"@id":"https:\/\/psol50.org.br\/#website"},"primaryImageOfPage":{"@id":"https:\/\/psol50.org.br\/marivaldo-pereira-voce-ja-foi-a-uma-ocupacao\/#primaryimage"},"image":{"@id":"https:\/\/psol50.org.br\/marivaldo-pereira-voce-ja-foi-a-uma-ocupacao\/#primaryimage"},"thumbnailUrl":"","datePublished":"2018-05-04T17:58:31+00:00","breadcrumb":{"@id":"https:\/\/psol50.org.br\/marivaldo-pereira-voce-ja-foi-a-uma-ocupacao\/#breadcrumb"},"inLanguage":"pt-BR","potentialAction":[{"@type":"ReadAction","target":["https:\/\/psol50.org.br\/marivaldo-pereira-voce-ja-foi-a-uma-ocupacao\/"]}]},{"@type":"ImageObject","inLanguage":"pt-BR","@id":"https:\/\/psol50.org.br\/marivaldo-pereira-voce-ja-foi-a-uma-ocupacao\/#primaryimage","url":"","contentUrl":""},{"@type":"BreadcrumbList","@id":"https:\/\/psol50.org.br\/marivaldo-pereira-voce-ja-foi-a-uma-ocupacao\/#breadcrumb","itemListElement":[{"@type":"ListItem","position":1,"name":"In\u00edcio","item":"https:\/\/psol50.org.br\/"},{"@type":"ListItem","position":2,"name":"Marivaldo Pereira | Voc\u00ea j\u00e1 foi a uma ocupa\u00e7\u00e3o?"}]},{"@type":"WebSite","@id":"https:\/\/psol50.org.br\/#website","url":"https:\/\/psol50.org.br\/","name":"PSOL 50","description":"Site oficial do Partido Socialismo e Liberdade","publisher":{"@id":"https:\/\/psol50.org.br\/#organization"},"alternateName":"PSOL50","potentialAction":[{"@type":"SearchAction","target":{"@type":"EntryPoint","urlTemplate":"https:\/\/psol50.org.br\/?s={search_term_string}"},"query-input":{"@type":"PropertyValueSpecification","valueRequired":true,"valueName":"search_term_string"}}],"inLanguage":"pt-BR"},{"@type":"Organization","@id":"https:\/\/psol50.org.br\/#organization","name":"PSOL 50","alternateName":"PSOL 50","url":"https:\/\/psol50.org.br\/","logo":{"@type":"ImageObject","inLanguage":"pt-BR","@id":"https:\/\/psol50.org.br\/#\/schema\/logo\/image\/","url":"https:\/\/psol50.org.br\/inc\/uploads\/2018\/07\/capa.png","contentUrl":"https:\/\/psol50.org.br\/inc\/uploads\/2018\/07\/capa.png","width":1350,"height":900,"caption":"PSOL 50"},"image":{"@id":"https:\/\/psol50.org.br\/#\/schema\/logo\/image\/"},"sameAs":["https:\/\/www.facebook.com\/psol50","https:\/\/x.com\/psol50","https:\/\/www.instagram.com\/psol50\/","https:\/\/www.youtube.com\/channel\/UC7SnJS5o1os7a6CaiNabzcg"]},{"@type":"Person","@id":"https:\/\/psol50.org.br\/#\/schema\/person\/475dfa57d0b815993c714c2e96491fcd","name":"Comunica\u00e7\u00e3o PSOL","image":{"@type":"ImageObject","inLanguage":"pt-BR","@id":"https:\/\/psol50.org.br\/#\/schema\/person\/image\/","url":"https:\/\/secure.gravatar.com\/avatar\/b34fc4f4e468a4e51785917065a3db57b841f5c95dba6ad8c73aaf8f66f8f9bf?s=96&d=mm&r=g","contentUrl":"https:\/\/secure.gravatar.com\/avatar\/b34fc4f4e468a4e51785917065a3db57b841f5c95dba6ad8c73aaf8f66f8f9bf?s=96&d=mm&r=g","caption":"Comunica\u00e7\u00e3o PSOL"}}]}},"_links":{"self":[{"href":"https:\/\/psol50.org.br\/rest\/wp\/v2\/posts\/20706","targetHints":{"allow":["GET"]}}],"collection":[{"href":"https:\/\/psol50.org.br\/rest\/wp\/v2\/posts"}],"about":[{"href":"https:\/\/psol50.org.br\/rest\/wp\/v2\/types\/post"}],"author":[{"embeddable":true,"href":"https:\/\/psol50.org.br\/rest\/wp\/v2\/users\/2"}],"replies":[{"embeddable":true,"href":"https:\/\/psol50.org.br\/rest\/wp\/v2\/comments?post=20706"}],"version-history":[{"count":0,"href":"https:\/\/psol50.org.br\/rest\/wp\/v2\/posts\/20706\/revisions"}],"wp:featuredmedia":[{"embeddable":true,"href":"https:\/\/psol50.org.br\/rest\/"}],"wp:attachment":[{"href":"https:\/\/psol50.org.br\/rest\/wp\/v2\/media?parent=20706"}],"wp:term":[{"taxonomy":"category","embeddable":true,"href":"https:\/\/psol50.org.br\/rest\/wp\/v2\/categories?post=20706"},{"taxonomy":"post_tag","embeddable":true,"href":"https:\/\/psol50.org.br\/rest\/wp\/v2\/tags?post=20706"}],"curies":[{"name":"wp","href":"https:\/\/api.w.org\/{rel}","templated":true}]}}