{"id":20713,"date":"2018-05-08T18:17:06","date_gmt":"2018-05-08T21:17:06","guid":{"rendered":"http:\/\/www.psol50.org.br\/?p=20713"},"modified":"2018-05-08T18:17:06","modified_gmt":"2018-05-08T21:17:06","slug":"5-grandes-momentos-de-guilherme-boulos-no-roda-viva","status":"publish","type":"post","link":"https:\/\/psol50.org.br\/5-grandes-momentos-de-guilherme-boulos-no-roda-viva\/","title":{"rendered":"5 grandes momentos de Guilherme Boulos no Roda Viva"},"content":{"rendered":"<p>O pr\u00e9-candidato \u00e0 Presid\u00eancia pelo PSOL, Guilherme Boulos, participou nesta segunda-feira (7) do programa Roda Viva, da TV Cultura, e foi entrevistado pela bancada convidada, com apresenta\u00e7\u00e3o do jornalista Ricardo Lessa.<\/p>\n<p>A repercuss\u00e3o foi gigante &#8211; o programa chegou a ser o 3\u00ba assunto mais comentado do mundo no Twitter. <strong>Assista ao programa completo ao fim da mat\u00e9ria.<\/strong><\/p>\n<p>Em suas respostas, Boulos afirmou o centro do programa que o PSOL vai apresentar em 2018: redu\u00e7\u00e3o das desigualdades, passando por uma profunda reforma fiscal, combate aos privil\u00e9gios e garantia de direitos.<\/p>\n<p>Veja cinco dos melhores momentos do programa desta segunda-feira:<\/p>\n<p><strong>&#8220;Ningu\u00e9m ocupa porque quer&#8221;<\/strong><\/p>\n<blockquote class=\"twitter-tweet\" data-width=\"550\" data-dnt=\"true\">\n<p lang=\"pt\" dir=\"ltr\">\u00c9 muito f\u00e1cil criminalizar os movimentos sociais por moradia, sem reconhecer que ningu\u00e9m ocupa porque quer &#8211; Guilherme Boulos responde no <a href=\"https:\/\/twitter.com\/hashtag\/RodaViva?src=hash&amp;ref_src=twsrc%5Etfw\">#RodaViva<\/a> <a href=\"https:\/\/twitter.com\/hashtag\/VamosComBoulos?src=hash&amp;ref_src=twsrc%5Etfw\">#VamosComBoulos<\/a> <a href=\"https:\/\/t.co\/PuSStMfEEv\">pic.twitter.com\/PuSStMfEEv<\/a><\/p>\n<p>&mdash; PSOL 50 (@psol50) <a href=\"https:\/\/twitter.com\/psol50\/status\/993682574877880320?ref_src=twsrc%5Etfw\">May 8, 2018<\/a><\/p><\/blockquote>\n<p><script async src=\"https:\/\/platform.twitter.com\/widgets.js\" charset=\"utf-8\"><\/script><\/p>\n<p>[gap height=&#8221;30&#8243;]<\/p>\n<p><strong>O racismo e o machismo s\u00e3o problemas estruturais<\/strong><\/p>\n<blockquote class=\"twitter-tweet\" data-width=\"550\" data-dnt=\"true\">\n<p lang=\"pt\" dir=\"ltr\">Guilherme Boulos responde, no <a href=\"https:\/\/twitter.com\/hashtag\/RodaViva?src=hash&amp;ref_src=twsrc%5Etfw\">#RodaViva<\/a>, sobre os diversos problemas causados pelo racismo no Brasil, contra a popula\u00e7\u00e3o negra. \u00c9 preciso enfrentar o genoc\u00eddio da juventude negra. <a href=\"https:\/\/twitter.com\/hashtag\/VamosComBoulos?src=hash&amp;ref_src=twsrc%5Etfw\">#VamosComBoulos<\/a> <a href=\"https:\/\/t.co\/80PKExwfRR\">pic.twitter.com\/80PKExwfRR<\/a><\/p>\n<p>&mdash; PSOL 50 (@psol50) <a href=\"https:\/\/twitter.com\/psol50\/status\/993672029571309568?ref_src=twsrc%5Etfw\">May 8, 2018<\/a><\/p><\/blockquote>\n<p><script async src=\"https:\/\/platform.twitter.com\/widgets.js\" charset=\"utf-8\"><\/script><\/p>\n<p>[gap height=&#8221;30&#8243;]<\/p>\n<p><b>Reforma do sistema carcer\u00e1rio<\/b><\/p>\n<blockquote class=\"twitter-tweet\" data-width=\"550\" data-dnt=\"true\">\n<p lang=\"pt\" dir=\"ltr\">Combater a viol\u00eancia, n\u00e3o significa colocar mais pessoas nas pris\u00f5es &#8211; <a href=\"https:\/\/twitter.com\/GuilhermeBoulos?ref_src=twsrc%5Etfw\">@GuilhermeBoulos<\/a> no <a href=\"https:\/\/twitter.com\/hashtag\/RodaViva?src=hash&amp;ref_src=twsrc%5Etfw\">#RodaViva<\/a>.<a href=\"https:\/\/twitter.com\/hashtag\/VamosComBoulos?src=hash&amp;ref_src=twsrc%5Etfw\">#VamosComBoulos<\/a> <a href=\"https:\/\/t.co\/5Uctd0ihZM\">pic.twitter.com\/5Uctd0ihZM<\/a><\/p>\n<p>&mdash; PSOL 50 (@psol50) <a href=\"https:\/\/twitter.com\/psol50\/status\/993687283894308866?ref_src=twsrc%5Etfw\">May 8, 2018<\/a><\/p><\/blockquote>\n<p><script async src=\"https:\/\/platform.twitter.com\/widgets.js\" charset=\"utf-8\"><\/script><\/p>\n<p>[gap height=&#8221;30&#8243;]<\/p>\n<p><strong>Nossa governabilidade \u00e9 com o povo!<\/strong><\/p>\n<blockquote class=\"twitter-tweet\" data-width=\"550\" data-dnt=\"true\">\n<p lang=\"pt\" dir=\"ltr\">\u00c9 cada &quot;estudo&quot; que aparece&#8230; <a href=\"https:\/\/twitter.com\/hashtag\/RodaViva?src=hash&amp;ref_src=twsrc%5Etfw\">#RodaViva<\/a> <a href=\"https:\/\/twitter.com\/hashtag\/VamosComBoulos?src=hash&amp;ref_src=twsrc%5Etfw\">#VamosComBoulos<\/a> <a href=\"https:\/\/t.co\/WBs58saMfD\">pic.twitter.com\/WBs58saMfD<\/a><\/p>\n<p>&mdash; PSOL 50 (@psol50) <a href=\"https:\/\/twitter.com\/psol50\/status\/993686287252119553?ref_src=twsrc%5Etfw\">May 8, 2018<\/a><\/p><\/blockquote>\n<p><script async src=\"https:\/\/platform.twitter.com\/widgets.js\" charset=\"utf-8\"><\/script><\/p>\n<p>[gap height=&#8221;30&#8243;]<\/p>\n<p><strong>Quem matou Marielle?<\/strong><\/p>\n<blockquote class=\"twitter-tweet\" data-width=\"550\" data-dnt=\"true\">\n<p lang=\"pt\" dir=\"ltr\">\u00daltima fala de <a href=\"https:\/\/twitter.com\/GuilhermeBoulos?ref_src=twsrc%5Etfw\">@GuilhermeBoulos<\/a> no <a href=\"https:\/\/twitter.com\/hashtag\/RodaViva?src=hash&amp;ref_src=twsrc%5Etfw\">#RodaViva<\/a> de hoje: quem matou Marielle? <a href=\"https:\/\/twitter.com\/hashtag\/MarielleVive?src=hash&amp;ref_src=twsrc%5Etfw\">#MarielleVive<\/a> <a href=\"https:\/\/t.co\/glBCDL7t4Q\">pic.twitter.com\/glBCDL7t4Q<\/a><\/p>\n<p>&mdash; PSOL 50 (@psol50) <a href=\"https:\/\/twitter.com\/psol50\/status\/993694604368187392?ref_src=twsrc%5Etfw\">May 8, 2018<\/a><\/p><\/blockquote>\n<p><script async src=\"https:\/\/platform.twitter.com\/widgets.js\" charset=\"utf-8\"><\/script><\/p>\n<p>[gap height=&#8221;30&#8243;]<\/p>\n<p><strong>Assista ao programa completo:<\/strong><\/p>\n<div class=\"youtube-embed\" data-video_id=\"YWDOV0Nk_eU\"><iframe loading=\"lazy\" title=\"Roda Viva | Guilherme Boulos | 07\/05\/2018\" width=\"696\" height=\"392\" src=\"https:\/\/www.youtube.com\/embed\/YWDOV0Nk_eU?feature=oembed&#038;enablejsapi=1\" frameborder=\"0\" allow=\"accelerometer; autoplay; clipboard-write; encrypted-media; gyroscope; picture-in-picture\" allowfullscreen><\/iframe><\/div>\n<p>&nbsp;<\/p>\n<p>&nbsp;<\/p>\n<p>&nbsp;<\/p>\n<p>&nbsp;<\/p>\n","protected":false},"excerpt":{"rendered":"<p>O pr\u00e9-candidato \u00e0 Presid\u00eancia pelo PSOL, Guilherme Boulos, participou nesta segunda-feira (7) do programa Roda Viva, da TV Cultura, e foi entrevistado pela bancada convidada, com apresenta\u00e7\u00e3o do jornalista Ricardo Lessa. A repercuss\u00e3o foi gigante &#8211; o programa chegou a ser o 3\u00ba assunto mais comentado do mundo no Twitter. Assista ao programa completo ao [&hellip;]<\/p>\n","protected":false},"author":2,"featured_media":20715,"comment_status":"open","ping_status":"open","sticky":false,"template":"","format":"standard","meta":{"_acf_changed":false,"footnotes":""},"categories":[1882,2165,6],"tags":[1604,977,22,2497,2498],"class_list":{"0":"post-20713","1":"post","2":"type-post","3":"status-publish","4":"format-standard","5":"has-post-thumbnail","7":"category-brasil","8":"category-eleicoes-2018","9":"category-noticias","10":"tag-eleicoes-2018","11":"tag-guilherme-boulos","12":"tag-psol","13":"tag-roda-viva","14":"tag-tv-cultura"},"acf":[],"yoast_head":"<!-- This site is optimized with the Yoast SEO plugin v26.5 - https:\/\/yoast.com\/wordpress\/plugins\/seo\/ -->\n<title>5 grandes momentos de Guilherme Boulos no Roda Viva - PSOL 50<\/title>\n<meta name=\"robots\" content=\"index, follow, max-snippet:-1, max-image-preview:large, max-video-preview:-1\" \/>\n<link rel=\"canonical\" href=\"https:\/\/psol50.org.br\/5-grandes-momentos-de-guilherme-boulos-no-roda-viva\/\" \/>\n<meta property=\"og:locale\" content=\"pt_BR\" \/>\n<meta property=\"og:type\" content=\"article\" \/>\n<meta property=\"og:title\" content=\"5 grandes momentos de Guilherme Boulos no Roda Viva - PSOL 50\" \/>\n<meta property=\"og:description\" content=\"O pr\u00e9-candidato \u00e0 Presid\u00eancia pelo PSOL, Guilherme Boulos, participou nesta segunda-feira (7) do programa Roda Viva, da TV Cultura, e foi entrevistado pela bancada convidada, com apresenta\u00e7\u00e3o do jornalista Ricardo Lessa. A repercuss\u00e3o foi gigante &#8211; o programa chegou a ser o 3\u00ba assunto mais comentado do mundo no Twitter. Assista ao programa completo ao [&hellip;]\" \/>\n<meta property=\"og:url\" content=\"https:\/\/psol50.org.br\/5-grandes-momentos-de-guilherme-boulos-no-roda-viva\/\" \/>\n<meta property=\"og:site_name\" content=\"PSOL 50\" \/>\n<meta property=\"article:publisher\" content=\"https:\/\/www.facebook.com\/psol50\" \/>\n<meta property=\"article:published_time\" content=\"2018-05-08T21:17:06+00:00\" \/>\n<meta property=\"og:image\" content=\"https:\/\/psol50.org.br\/inc\/uploads\/2018\/05\/BoulosRodaViva.jpg\" \/>\n\t<meta property=\"og:image:width\" content=\"1350\" \/>\n\t<meta property=\"og:image:height\" content=\"900\" \/>\n\t<meta property=\"og:image:type\" content=\"image\/jpeg\" \/>\n<meta name=\"author\" content=\"Comunica\u00e7\u00e3o PSOL\" \/>\n<meta name=\"twitter:card\" content=\"summary_large_image\" \/>\n<meta name=\"twitter:creator\" content=\"@psol50\" \/>\n<meta name=\"twitter:site\" content=\"@psol50\" \/>\n<meta name=\"twitter:label1\" content=\"Escrito por\" \/>\n\t<meta name=\"twitter:data1\" content=\"Comunica\u00e7\u00e3o PSOL\" \/>\n\t<meta name=\"twitter:label2\" content=\"Est. tempo de leitura\" \/>\n\t<meta name=\"twitter:data2\" content=\"1 minuto\" \/>\n<script type=\"application\/ld+json\" class=\"yoast-schema-graph\">{\"@context\":\"https:\/\/schema.org\",\"@graph\":[{\"@type\":\"Article\",\"@id\":\"https:\/\/psol50.org.br\/5-grandes-momentos-de-guilherme-boulos-no-roda-viva\/#article\",\"isPartOf\":{\"@id\":\"https:\/\/psol50.org.br\/5-grandes-momentos-de-guilherme-boulos-no-roda-viva\/\"},\"author\":{\"name\":\"Comunica\u00e7\u00e3o PSOL\",\"@id\":\"https:\/\/psol50.org.br\/#\/schema\/person\/475dfa57d0b815993c714c2e96491fcd\"},\"headline\":\"5 grandes momentos de Guilherme Boulos no Roda Viva\",\"datePublished\":\"2018-05-08T21:17:06+00:00\",\"mainEntityOfPage\":{\"@id\":\"https:\/\/psol50.org.br\/5-grandes-momentos-de-guilherme-boulos-no-roda-viva\/\"},\"wordCount\":201,\"commentCount\":0,\"publisher\":{\"@id\":\"https:\/\/psol50.org.br\/#organization\"},\"image\":{\"@id\":\"https:\/\/psol50.org.br\/5-grandes-momentos-de-guilherme-boulos-no-roda-viva\/#primaryimage\"},\"thumbnailUrl\":\"https:\/\/psol50.org.br\/inc\/uploads\/2018\/05\/BoulosRodaViva.jpg\",\"keywords\":[\"Elei\u00e7\u00f5es 2018\",\"Guilherme Boulos\",\"PSOL\",\"Roda Viva\",\"TV Cultura\"],\"articleSection\":[\"Brasil\",\"Elei\u00e7\u00f5es 2018\",\"Not\u00edcias\"],\"inLanguage\":\"pt-BR\",\"potentialAction\":[{\"@type\":\"CommentAction\",\"name\":\"Comment\",\"target\":[\"https:\/\/psol50.org.br\/5-grandes-momentos-de-guilherme-boulos-no-roda-viva\/#respond\"]}]},{\"@type\":\"WebPage\",\"@id\":\"https:\/\/psol50.org.br\/5-grandes-momentos-de-guilherme-boulos-no-roda-viva\/\",\"url\":\"https:\/\/psol50.org.br\/5-grandes-momentos-de-guilherme-boulos-no-roda-viva\/\",\"name\":\"5 grandes momentos de Guilherme Boulos no Roda Viva - PSOL 50\",\"isPartOf\":{\"@id\":\"https:\/\/psol50.org.br\/#website\"},\"primaryImageOfPage\":{\"@id\":\"https:\/\/psol50.org.br\/5-grandes-momentos-de-guilherme-boulos-no-roda-viva\/#primaryimage\"},\"image\":{\"@id\":\"https:\/\/psol50.org.br\/5-grandes-momentos-de-guilherme-boulos-no-roda-viva\/#primaryimage\"},\"thumbnailUrl\":\"https:\/\/psol50.org.br\/inc\/uploads\/2018\/05\/BoulosRodaViva.jpg\",\"datePublished\":\"2018-05-08T21:17:06+00:00\",\"breadcrumb\":{\"@id\":\"https:\/\/psol50.org.br\/5-grandes-momentos-de-guilherme-boulos-no-roda-viva\/#breadcrumb\"},\"inLanguage\":\"pt-BR\",\"potentialAction\":[{\"@type\":\"ReadAction\",\"target\":[\"https:\/\/psol50.org.br\/5-grandes-momentos-de-guilherme-boulos-no-roda-viva\/\"]}]},{\"@type\":\"ImageObject\",\"inLanguage\":\"pt-BR\",\"@id\":\"https:\/\/psol50.org.br\/5-grandes-momentos-de-guilherme-boulos-no-roda-viva\/#primaryimage\",\"url\":\"https:\/\/psol50.org.br\/inc\/uploads\/2018\/05\/BoulosRodaViva.jpg\",\"contentUrl\":\"https:\/\/psol50.org.br\/inc\/uploads\/2018\/05\/BoulosRodaViva.jpg\",\"width\":1350,\"height\":900},{\"@type\":\"BreadcrumbList\",\"@id\":\"https:\/\/psol50.org.br\/5-grandes-momentos-de-guilherme-boulos-no-roda-viva\/#breadcrumb\",\"itemListElement\":[{\"@type\":\"ListItem\",\"position\":1,\"name\":\"In\u00edcio\",\"item\":\"https:\/\/psol50.org.br\/\"},{\"@type\":\"ListItem\",\"position\":2,\"name\":\"5 grandes momentos de Guilherme Boulos no Roda Viva\"}]},{\"@type\":\"WebSite\",\"@id\":\"https:\/\/psol50.org.br\/#website\",\"url\":\"https:\/\/psol50.org.br\/\",\"name\":\"PSOL 50\",\"description\":\"Site oficial do Partido Socialismo e Liberdade\",\"publisher\":{\"@id\":\"https:\/\/psol50.org.br\/#organization\"},\"alternateName\":\"PSOL50\",\"potentialAction\":[{\"@type\":\"SearchAction\",\"target\":{\"@type\":\"EntryPoint\",\"urlTemplate\":\"https:\/\/psol50.org.br\/?s={search_term_string}\"},\"query-input\":{\"@type\":\"PropertyValueSpecification\",\"valueRequired\":true,\"valueName\":\"search_term_string\"}}],\"inLanguage\":\"pt-BR\"},{\"@type\":\"Organization\",\"@id\":\"https:\/\/psol50.org.br\/#organization\",\"name\":\"PSOL 50\",\"alternateName\":\"PSOL 50\",\"url\":\"https:\/\/psol50.org.br\/\",\"logo\":{\"@type\":\"ImageObject\",\"inLanguage\":\"pt-BR\",\"@id\":\"https:\/\/psol50.org.br\/#\/schema\/logo\/image\/\",\"url\":\"https:\/\/psol50.org.br\/inc\/uploads\/2018\/07\/capa.png\",\"contentUrl\":\"https:\/\/psol50.org.br\/inc\/uploads\/2018\/07\/capa.png\",\"width\":1350,\"height\":900,\"caption\":\"PSOL 50\"},\"image\":{\"@id\":\"https:\/\/psol50.org.br\/#\/schema\/logo\/image\/\"},\"sameAs\":[\"https:\/\/www.facebook.com\/psol50\",\"https:\/\/x.com\/psol50\",\"https:\/\/www.instagram.com\/psol50\/\",\"https:\/\/www.youtube.com\/channel\/UC7SnJS5o1os7a6CaiNabzcg\"]},{\"@type\":\"Person\",\"@id\":\"https:\/\/psol50.org.br\/#\/schema\/person\/475dfa57d0b815993c714c2e96491fcd\",\"name\":\"Comunica\u00e7\u00e3o PSOL\",\"image\":{\"@type\":\"ImageObject\",\"inLanguage\":\"pt-BR\",\"@id\":\"https:\/\/psol50.org.br\/#\/schema\/person\/image\/\",\"url\":\"https:\/\/secure.gravatar.com\/avatar\/b34fc4f4e468a4e51785917065a3db57b841f5c95dba6ad8c73aaf8f66f8f9bf?s=96&d=mm&r=g\",\"contentUrl\":\"https:\/\/secure.gravatar.com\/avatar\/b34fc4f4e468a4e51785917065a3db57b841f5c95dba6ad8c73aaf8f66f8f9bf?s=96&d=mm&r=g\",\"caption\":\"Comunica\u00e7\u00e3o PSOL\"}}]}<\/script>\n<!-- \/ Yoast SEO plugin. -->","yoast_head_json":{"title":"5 grandes momentos de Guilherme Boulos no Roda Viva - PSOL 50","robots":{"index":"index","follow":"follow","max-snippet":"max-snippet:-1","max-image-preview":"max-image-preview:large","max-video-preview":"max-video-preview:-1"},"canonical":"https:\/\/psol50.org.br\/5-grandes-momentos-de-guilherme-boulos-no-roda-viva\/","og_locale":"pt_BR","og_type":"article","og_title":"5 grandes momentos de Guilherme Boulos no Roda Viva - PSOL 50","og_description":"O pr\u00e9-candidato \u00e0 Presid\u00eancia pelo PSOL, Guilherme Boulos, participou nesta segunda-feira (7) do programa Roda Viva, da TV Cultura, e foi entrevistado pela bancada convidada, com apresenta\u00e7\u00e3o do jornalista Ricardo Lessa. A repercuss\u00e3o foi gigante &#8211; o programa chegou a ser o 3\u00ba assunto mais comentado do mundo no Twitter. Assista ao programa completo ao [&hellip;]","og_url":"https:\/\/psol50.org.br\/5-grandes-momentos-de-guilherme-boulos-no-roda-viva\/","og_site_name":"PSOL 50","article_publisher":"https:\/\/www.facebook.com\/psol50","article_published_time":"2018-05-08T21:17:06+00:00","og_image":[{"width":1350,"height":900,"url":"https:\/\/psol50.org.br\/inc\/uploads\/2018\/05\/BoulosRodaViva.jpg","type":"image\/jpeg"}],"author":"Comunica\u00e7\u00e3o PSOL","twitter_card":"summary_large_image","twitter_creator":"@psol50","twitter_site":"@psol50","twitter_misc":{"Escrito por":"Comunica\u00e7\u00e3o PSOL","Est. tempo de leitura":"1 minuto"},"schema":{"@context":"https:\/\/schema.org","@graph":[{"@type":"Article","@id":"https:\/\/psol50.org.br\/5-grandes-momentos-de-guilherme-boulos-no-roda-viva\/#article","isPartOf":{"@id":"https:\/\/psol50.org.br\/5-grandes-momentos-de-guilherme-boulos-no-roda-viva\/"},"author":{"name":"Comunica\u00e7\u00e3o PSOL","@id":"https:\/\/psol50.org.br\/#\/schema\/person\/475dfa57d0b815993c714c2e96491fcd"},"headline":"5 grandes momentos de Guilherme Boulos no Roda Viva","datePublished":"2018-05-08T21:17:06+00:00","mainEntityOfPage":{"@id":"https:\/\/psol50.org.br\/5-grandes-momentos-de-guilherme-boulos-no-roda-viva\/"},"wordCount":201,"commentCount":0,"publisher":{"@id":"https:\/\/psol50.org.br\/#organization"},"image":{"@id":"https:\/\/psol50.org.br\/5-grandes-momentos-de-guilherme-boulos-no-roda-viva\/#primaryimage"},"thumbnailUrl":"https:\/\/psol50.org.br\/inc\/uploads\/2018\/05\/BoulosRodaViva.jpg","keywords":["Elei\u00e7\u00f5es 2018","Guilherme Boulos","PSOL","Roda Viva","TV Cultura"],"articleSection":["Brasil","Elei\u00e7\u00f5es 2018","Not\u00edcias"],"inLanguage":"pt-BR","potentialAction":[{"@type":"CommentAction","name":"Comment","target":["https:\/\/psol50.org.br\/5-grandes-momentos-de-guilherme-boulos-no-roda-viva\/#respond"]}]},{"@type":"WebPage","@id":"https:\/\/psol50.org.br\/5-grandes-momentos-de-guilherme-boulos-no-roda-viva\/","url":"https:\/\/psol50.org.br\/5-grandes-momentos-de-guilherme-boulos-no-roda-viva\/","name":"5 grandes momentos de Guilherme Boulos no Roda Viva - PSOL 50","isPartOf":{"@id":"https:\/\/psol50.org.br\/#website"},"primaryImageOfPage":{"@id":"https:\/\/psol50.org.br\/5-grandes-momentos-de-guilherme-boulos-no-roda-viva\/#primaryimage"},"image":{"@id":"https:\/\/psol50.org.br\/5-grandes-momentos-de-guilherme-boulos-no-roda-viva\/#primaryimage"},"thumbnailUrl":"https:\/\/psol50.org.br\/inc\/uploads\/2018\/05\/BoulosRodaViva.jpg","datePublished":"2018-05-08T21:17:06+00:00","breadcrumb":{"@id":"https:\/\/psol50.org.br\/5-grandes-momentos-de-guilherme-boulos-no-roda-viva\/#breadcrumb"},"inLanguage":"pt-BR","potentialAction":[{"@type":"ReadAction","target":["https:\/\/psol50.org.br\/5-grandes-momentos-de-guilherme-boulos-no-roda-viva\/"]}]},{"@type":"ImageObject","inLanguage":"pt-BR","@id":"https:\/\/psol50.org.br\/5-grandes-momentos-de-guilherme-boulos-no-roda-viva\/#primaryimage","url":"https:\/\/psol50.org.br\/inc\/uploads\/2018\/05\/BoulosRodaViva.jpg","contentUrl":"https:\/\/psol50.org.br\/inc\/uploads\/2018\/05\/BoulosRodaViva.jpg","width":1350,"height":900},{"@type":"BreadcrumbList","@id":"https:\/\/psol50.org.br\/5-grandes-momentos-de-guilherme-boulos-no-roda-viva\/#breadcrumb","itemListElement":[{"@type":"ListItem","position":1,"name":"In\u00edcio","item":"https:\/\/psol50.org.br\/"},{"@type":"ListItem","position":2,"name":"5 grandes momentos de Guilherme Boulos no Roda Viva"}]},{"@type":"WebSite","@id":"https:\/\/psol50.org.br\/#website","url":"https:\/\/psol50.org.br\/","name":"PSOL 50","description":"Site oficial do Partido Socialismo e Liberdade","publisher":{"@id":"https:\/\/psol50.org.br\/#organization"},"alternateName":"PSOL50","potentialAction":[{"@type":"SearchAction","target":{"@type":"EntryPoint","urlTemplate":"https:\/\/psol50.org.br\/?s={search_term_string}"},"query-input":{"@type":"PropertyValueSpecification","valueRequired":true,"valueName":"search_term_string"}}],"inLanguage":"pt-BR"},{"@type":"Organization","@id":"https:\/\/psol50.org.br\/#organization","name":"PSOL 50","alternateName":"PSOL 50","url":"https:\/\/psol50.org.br\/","logo":{"@type":"ImageObject","inLanguage":"pt-BR","@id":"https:\/\/psol50.org.br\/#\/schema\/logo\/image\/","url":"https:\/\/psol50.org.br\/inc\/uploads\/2018\/07\/capa.png","contentUrl":"https:\/\/psol50.org.br\/inc\/uploads\/2018\/07\/capa.png","width":1350,"height":900,"caption":"PSOL 50"},"image":{"@id":"https:\/\/psol50.org.br\/#\/schema\/logo\/image\/"},"sameAs":["https:\/\/www.facebook.com\/psol50","https:\/\/x.com\/psol50","https:\/\/www.instagram.com\/psol50\/","https:\/\/www.youtube.com\/channel\/UC7SnJS5o1os7a6CaiNabzcg"]},{"@type":"Person","@id":"https:\/\/psol50.org.br\/#\/schema\/person\/475dfa57d0b815993c714c2e96491fcd","name":"Comunica\u00e7\u00e3o PSOL","image":{"@type":"ImageObject","inLanguage":"pt-BR","@id":"https:\/\/psol50.org.br\/#\/schema\/person\/image\/","url":"https:\/\/secure.gravatar.com\/avatar\/b34fc4f4e468a4e51785917065a3db57b841f5c95dba6ad8c73aaf8f66f8f9bf?s=96&d=mm&r=g","contentUrl":"https:\/\/secure.gravatar.com\/avatar\/b34fc4f4e468a4e51785917065a3db57b841f5c95dba6ad8c73aaf8f66f8f9bf?s=96&d=mm&r=g","caption":"Comunica\u00e7\u00e3o PSOL"}}]}},"_links":{"self":[{"href":"https:\/\/psol50.org.br\/rest\/wp\/v2\/posts\/20713","targetHints":{"allow":["GET"]}}],"collection":[{"href":"https:\/\/psol50.org.br\/rest\/wp\/v2\/posts"}],"about":[{"href":"https:\/\/psol50.org.br\/rest\/wp\/v2\/types\/post"}],"author":[{"embeddable":true,"href":"https:\/\/psol50.org.br\/rest\/wp\/v2\/users\/2"}],"replies":[{"embeddable":true,"href":"https:\/\/psol50.org.br\/rest\/wp\/v2\/comments?post=20713"}],"version-history":[{"count":0,"href":"https:\/\/psol50.org.br\/rest\/wp\/v2\/posts\/20713\/revisions"}],"wp:featuredmedia":[{"embeddable":true,"href":"https:\/\/psol50.org.br\/rest\/wp\/v2\/media\/20715"}],"wp:attachment":[{"href":"https:\/\/psol50.org.br\/rest\/wp\/v2\/media?parent=20713"}],"wp:term":[{"taxonomy":"category","embeddable":true,"href":"https:\/\/psol50.org.br\/rest\/wp\/v2\/categories?post=20713"},{"taxonomy":"post_tag","embeddable":true,"href":"https:\/\/psol50.org.br\/rest\/wp\/v2\/tags?post=20713"}],"curies":[{"name":"wp","href":"https:\/\/api.w.org\/{rel}","templated":true}]}}