{"id":2076,"date":"2013-06-20T00:00:00","date_gmt":"2013-06-20T00:00:00","guid":{"rendered":"http:\/\/psol50.org.br\/arquivo\/2013\/06\/20\/estudantes-trabalhadores-e-militantes-sociais-voltam-as-ruas-nesta-quinta-feira-pela-reducao-da-tarifa-e-contra-os-gastos-com-a-copa\/"},"modified":"2013-06-20T00:00:00","modified_gmt":"2013-06-20T00:00:00","slug":"estudantes-trabalhadores-e-militantes-sociais-voltam-as-ruas-nesta-quinta-feira-pela-reducao-da-tarifa-e-contra-os-gastos-com-a-copa","status":"publish","type":"post","link":"https:\/\/psol50.org.br\/estudantes-trabalhadores-e-militantes-sociais-voltam-as-ruas-nesta-quinta-feira-pela-reducao-da-tarifa-e-contra-os-gastos-com-a-copa\/","title":{"rendered":"Estudantes, trabalhadores e militantes sociais voltam \u00e0s ruas nesta quinta-feira pela redu\u00e7\u00e3o da tarifa e contra os gastos com a Copa"},"content":{"rendered":"<div style=\"text-align: justify;\">\n\t<em>Do site do PSOL Nacional &#8211; Leonor Costa<\/p>\n<p>\tAto realizado pelo Movimento Passe Livre na capital federal refor\u00e7a a reivindica\u00e7\u00e3o pela tarifa zero e transporte p\u00fablico de qualidade e para todos<\/em><br \/>\n\t&nbsp;<br \/>\n\tNa maioria das capitais do pa\u00eds, milhares de pessoas promover\u00e3o nesta quinta-feira (20) novos protestos, na tentativa de repetir o que ocorreu na \u00faltima segunda-feira (17), quando as principais ruas de 12 capitais paralisaram. Nas manifesta\u00e7\u00f5es de hoje, temas como a redu\u00e7\u00e3o da tarifa de \u00f4nibus e metr\u00f4, transporte p\u00fablico de qualidade, os gastos com a Copa das Confedera\u00e7\u00f5es na reforma dos est\u00e1dios, mais investimentos para Educa\u00e7\u00e3o e Sa\u00fade, contra a PEC 37 (que reduz o poder de investiga\u00e7\u00e3o do Minist\u00e9rio P\u00fablico) e a democratiza\u00e7\u00e3o dos meios de comunica\u00e7\u00e3o, entre outros, estar\u00e3o presentes como eixos de luta. Militantes do PSOL de todo o pa\u00eds estar\u00e3o, mais uma vez, presentes nos atos, levando as principais reivindica\u00e7\u00f5es da esquerda socialista. &nbsp;<br \/>\n\t&nbsp;<br \/>\n\tNo \u201cevento\u201d criado no facebook para divulgar o ato desta quinta-feira, em Bras\u00edlia, a partir das 17h, no Museu Nacional, a convocat\u00f3ria afirma: \u201cAs manifesta\u00e7\u00f5es de rua da juventude brasileira s\u00e3o um sinal evidente que estamos em um novo tempo. Precisamos dar um sentido pol\u00edtico a elas, unificar os atos, cantar em conjunto, vibrar no mesmo tom.&nbsp;Em Bras\u00edlia, o recha\u00e7o a lideran\u00e7as e a partidos pol\u00edticos \u00e9 forte. Mas precisamos saber diferenciar quem est\u00e1 do nosso lado. A nega\u00e7\u00e3o de tudo n\u00e3o nos levar\u00e1 \u00e0 vit\u00f3ria. Temos que acreditar nas lideran\u00e7as de quem est\u00e1 do lado do povo. A continuidade do nosso ato ser\u00e1 fruto dessa consci\u00eancia organizativa. Depois de 100 mil jovens nas ruas em S\u00e3o Paulo e mais 100 mil no Rio de Janeiro, milhares de jovens em outras 10 capitais do Brasil, formaram um cora\u00e7\u00e3o pulsante de quase 500 mil pessoas em todo Brasil. O desejo de mudan\u00e7a \u00e9 latente\u201d.<br \/>\n\t&nbsp;<br \/>\n\tNa p\u00e1gina criada na rede social, at\u00e9 o momento h\u00e1 12.679 pessoas confirmadas para esta manifesta\u00e7\u00e3o, mas a expectativa dos organizadores \u00e9 que a presen\u00e7a seja ainda maior.<br \/>\n\t&nbsp;<br \/>\n\tEm outras capitais, como Salvador, Rio de Janeiro, S\u00e3o Paulo, Macei\u00f3, Manaus, Fortaleza, Vit\u00f3ria, Goi\u00e2nia, Cuiab\u00e1, Campo Grande, Belo Horizonte, Bel\u00e9m, Jo\u00e3o Pessoa, Curitiba, Recife, Teresina, Natal, Porto Alegre, Porto Velho e Florian\u00f3polis. Pelo mapa divulgado nas redes sociais, as manifesta\u00e7\u00f5es incluir\u00e3o tamb\u00e9m aquelas cidades onde os prefeitos j\u00e1 se comprometeram a baixar o pre\u00e7o da tarifa do transporte p\u00fablico.<br \/>\n\t&nbsp;<br \/>\n\t<strong>Ato do MPL, nesta quarta, em Bras\u00edlia, re\u00fane mais de 3 mil pessoas<\/strong><br \/>\n\tNo in\u00edcio da noite desta quarta-feira (19), o Movimento Passe Livre de Bras\u00edlia promoveu o seu primeiro ato convocado nesse momento de grandes manifesta\u00e7\u00f5es pelo pa\u00eds afora em defesa da redu\u00e7\u00e3o da tarifa de transporte p\u00fablico. A concentra\u00e7\u00e3o teve in\u00edcio por volta das 17h, na Rodovi\u00e1ria do Plano Piloto, onde os militantes discutiram o roteiro da manifesta\u00e7\u00e3o e tamb\u00e9m confeccionaram cartazes, com diversas palavras de ordem.<br \/>\n\t&nbsp;<br \/>\n\tA caminhada teve in\u00edcio por volta das 18h, subindo o Eixo Monumental, passando pela Avenida W3 Sul e descendo pelo Eix\u00e3o. Por volta das 20h, os mais de 3 mil manifestantes voltaram para a Rodovi\u00e1ria, onde encerraram a manifesta\u00e7\u00e3o. No percurso, palavras de ordem como \u201cPago, n\u00e3o deveria, transporte p\u00fablico n\u00e3o \u00e9 mercadoria\u201d e \u201cm\u00eddia fascista e sensacionalista\u201d foram entoadas. Cartazes com dizeres como \u201c10% do PIB, 100% dos royaltes do petr\u00f3leo\u201d, \u201cContra o monop\u00f3lio da m\u00eddia\u201d e Controle popular no transporte p\u00fablico\u201d tamb\u00e9m marcaram o protesto na Capital Federal.<br \/>\n\t&nbsp;<br \/>\n\tA integrante do MPL Leila Saraiva explicou que os principais eixos de luta do movimento no momento s\u00e3o tarifa zero e transporte 24 horas para todos os cidad\u00e3os. \u201c\u00c9 importante que fique claro que Bras\u00edlia n\u00e3o tem reajuste na tarifa de \u00f4nibus h\u00e1 7 anos devido \u00e0 nossa press\u00e3o e as mobiliza\u00e7\u00f5es na rua. Em 2006 houve o \u00faltimo reajuste e naquele momento o Movimento Passe Livre ficou nas ruas durante 4 meses e, desde ent\u00e3o, nenhum governo teve coragem de reajustar novamente a tarifa. Mas isso \u00e9 fruto da nossa press\u00e3o\u201d, ressaltou Leila.<br \/>\n\t&nbsp;<br \/>\n\tSegundo ela, o movimento pretende avan\u00e7ar mais na pauta do transporte p\u00fablico. \u201cO problema n\u00e3o \u00e9 somente o pre\u00e7o da tarifa. A quest\u00e3o \u00e9 que n\u00e3o temos transporte de qualidade e muitas pessoas n\u00e3o tem condi\u00e7\u00f5es de pagar por ele. Por isso, defendemos a tarifa zero. Se o transporte \u00e9 p\u00fablico n\u00e3o tem porque pagar. A prioridade \u00e9 que todos possam us\u00e1-lo\u201d, defendeu Leila.<br \/>\n\t&nbsp;<br \/>\n\tA militante tamb\u00e9m comentou a onda de protestos no pa\u00eds e ressaltou a necessidade de a esquerda organizada se fazer presente e disputar o conte\u00fado das bandeiras das manifesta\u00e7\u00f5es. \u201cEstamos vivendo um momento de efervesc\u00eancia muito legal. Mas esses movimentos precisam ter um recorte mais \u00e0 esquerda. Setores conservadores e a m\u00eddia t\u00eam se apropriado da nossa pauta. \u00c9 bom estar na rua, mas o momento exige uma maior politiza\u00e7\u00e3o\u201d, enfatizou Leila.<br \/>\n\t&nbsp;<br \/>\n\tO militante do PSOL Chico Carneiro De Filippo, presente no ato de ontem do MPL, ao lado de outros militantes do partido, afirmou que na manifesta\u00e7\u00e3o desta quinta-feira (20), que sair\u00e1 do Museu da Rep\u00fablica, organiza\u00e7\u00f5es da esquerda do Distrito Federal marcar\u00e3o presen\u00e7a para pautar as bandeiras hist\u00f3rias do movimento. \u201cVamos construir um ato unificado, tamb\u00e9m com as nossas pautas\u201d, ressaltou.<br \/>\n\t&nbsp;<\/div>\n","protected":false},"excerpt":{"rendered":"<p>Do site do PSOL Nacional &#8211; Leonor Costa Ato realizado pelo Movimento Passe Livre na capital federal refor\u00e7a a reivindica\u00e7\u00e3o pela tarifa zero e transporte p\u00fablico de qualidade e para todos &nbsp; Na maioria das capitais do pa\u00eds, milhares de pessoas promover\u00e3o nesta quinta-feira (20) novos protestos, na tentativa de repetir o que ocorreu na [&hellip;]<\/p>\n","protected":false},"author":2,"featured_media":0,"comment_status":"open","ping_status":"open","sticky":false,"template":"","format":"standard","meta":{"_acf_changed":false,"footnotes":""},"categories":[4766],"tags":[],"class_list":{"0":"post-2076","1":"post","2":"type-post","3":"status-publish","4":"format-standard","6":"category-arquivo"},"acf":[],"yoast_head":"<!-- This site is optimized with the Yoast SEO plugin v26.5 - https:\/\/yoast.com\/wordpress\/plugins\/seo\/ -->\n<title>Estudantes, trabalhadores e militantes sociais voltam \u00e0s ruas nesta quinta-feira pela redu\u00e7\u00e3o da tarifa e contra os gastos com a Copa - PSOL 50<\/title>\n<meta name=\"robots\" content=\"index, follow, max-snippet:-1, max-image-preview:large, max-video-preview:-1\" \/>\n<link rel=\"canonical\" href=\"https:\/\/psol50.org.br\/estudantes-trabalhadores-e-militantes-sociais-voltam-as-ruas-nesta-quinta-feira-pela-reducao-da-tarifa-e-contra-os-gastos-com-a-copa\/\" \/>\n<meta property=\"og:locale\" content=\"pt_BR\" \/>\n<meta property=\"og:type\" content=\"article\" \/>\n<meta property=\"og:title\" content=\"Estudantes, trabalhadores e militantes sociais voltam \u00e0s ruas nesta quinta-feira pela redu\u00e7\u00e3o da tarifa e contra os gastos com a Copa - PSOL 50\" \/>\n<meta property=\"og:description\" content=\"Do site do PSOL Nacional &#8211; Leonor Costa Ato realizado pelo Movimento Passe Livre na capital federal refor\u00e7a a reivindica\u00e7\u00e3o pela tarifa zero e transporte p\u00fablico de qualidade e para todos &nbsp; Na maioria das capitais do pa\u00eds, milhares de pessoas promover\u00e3o nesta quinta-feira (20) novos protestos, na tentativa de repetir o que ocorreu na [&hellip;]\" \/>\n<meta property=\"og:url\" content=\"https:\/\/psol50.org.br\/estudantes-trabalhadores-e-militantes-sociais-voltam-as-ruas-nesta-quinta-feira-pela-reducao-da-tarifa-e-contra-os-gastos-com-a-copa\/\" \/>\n<meta property=\"og:site_name\" content=\"PSOL 50\" \/>\n<meta property=\"article:publisher\" content=\"https:\/\/www.facebook.com\/psol50\" \/>\n<meta property=\"article:published_time\" content=\"2013-06-20T00:00:00+00:00\" \/>\n<meta property=\"og:image\" content=\"https:\/\/psol50.org.br\/inc\/uploads\/2018\/07\/capa.png\" \/>\n\t<meta property=\"og:image:width\" content=\"1350\" \/>\n\t<meta property=\"og:image:height\" content=\"900\" \/>\n\t<meta property=\"og:image:type\" content=\"image\/png\" \/>\n<meta name=\"author\" content=\"Comunica\u00e7\u00e3o PSOL\" \/>\n<meta name=\"twitter:card\" content=\"summary_large_image\" \/>\n<meta name=\"twitter:creator\" content=\"@psol50\" \/>\n<meta name=\"twitter:site\" content=\"@psol50\" \/>\n<meta name=\"twitter:label1\" content=\"Escrito por\" \/>\n\t<meta name=\"twitter:data1\" content=\"Comunica\u00e7\u00e3o PSOL\" \/>\n\t<meta name=\"twitter:label2\" content=\"Est. tempo de leitura\" \/>\n\t<meta name=\"twitter:data2\" content=\"5 minutos\" \/>\n<script type=\"application\/ld+json\" class=\"yoast-schema-graph\">{\"@context\":\"https:\/\/schema.org\",\"@graph\":[{\"@type\":\"Article\",\"@id\":\"https:\/\/psol50.org.br\/estudantes-trabalhadores-e-militantes-sociais-voltam-as-ruas-nesta-quinta-feira-pela-reducao-da-tarifa-e-contra-os-gastos-com-a-copa\/#article\",\"isPartOf\":{\"@id\":\"https:\/\/psol50.org.br\/estudantes-trabalhadores-e-militantes-sociais-voltam-as-ruas-nesta-quinta-feira-pela-reducao-da-tarifa-e-contra-os-gastos-com-a-copa\/\"},\"author\":{\"name\":\"Comunica\u00e7\u00e3o PSOL\",\"@id\":\"https:\/\/psol50.org.br\/#\/schema\/person\/475dfa57d0b815993c714c2e96491fcd\"},\"headline\":\"Estudantes, trabalhadores e militantes sociais voltam \u00e0s ruas nesta quinta-feira pela redu\u00e7\u00e3o da tarifa e contra os gastos com a Copa\",\"datePublished\":\"2013-06-20T00:00:00+00:00\",\"mainEntityOfPage\":{\"@id\":\"https:\/\/psol50.org.br\/estudantes-trabalhadores-e-militantes-sociais-voltam-as-ruas-nesta-quinta-feira-pela-reducao-da-tarifa-e-contra-os-gastos-com-a-copa\/\"},\"wordCount\":965,\"commentCount\":0,\"publisher\":{\"@id\":\"https:\/\/psol50.org.br\/#organization\"},\"articleSection\":[\"Arquivo\"],\"inLanguage\":\"pt-BR\",\"potentialAction\":[{\"@type\":\"CommentAction\",\"name\":\"Comment\",\"target\":[\"https:\/\/psol50.org.br\/estudantes-trabalhadores-e-militantes-sociais-voltam-as-ruas-nesta-quinta-feira-pela-reducao-da-tarifa-e-contra-os-gastos-com-a-copa\/#respond\"]}]},{\"@type\":\"WebPage\",\"@id\":\"https:\/\/psol50.org.br\/estudantes-trabalhadores-e-militantes-sociais-voltam-as-ruas-nesta-quinta-feira-pela-reducao-da-tarifa-e-contra-os-gastos-com-a-copa\/\",\"url\":\"https:\/\/psol50.org.br\/estudantes-trabalhadores-e-militantes-sociais-voltam-as-ruas-nesta-quinta-feira-pela-reducao-da-tarifa-e-contra-os-gastos-com-a-copa\/\",\"name\":\"Estudantes, trabalhadores e militantes sociais voltam \u00e0s ruas nesta quinta-feira pela redu\u00e7\u00e3o da tarifa e contra os gastos com a Copa - PSOL 50\",\"isPartOf\":{\"@id\":\"https:\/\/psol50.org.br\/#website\"},\"datePublished\":\"2013-06-20T00:00:00+00:00\",\"breadcrumb\":{\"@id\":\"https:\/\/psol50.org.br\/estudantes-trabalhadores-e-militantes-sociais-voltam-as-ruas-nesta-quinta-feira-pela-reducao-da-tarifa-e-contra-os-gastos-com-a-copa\/#breadcrumb\"},\"inLanguage\":\"pt-BR\",\"potentialAction\":[{\"@type\":\"ReadAction\",\"target\":[\"https:\/\/psol50.org.br\/estudantes-trabalhadores-e-militantes-sociais-voltam-as-ruas-nesta-quinta-feira-pela-reducao-da-tarifa-e-contra-os-gastos-com-a-copa\/\"]}]},{\"@type\":\"BreadcrumbList\",\"@id\":\"https:\/\/psol50.org.br\/estudantes-trabalhadores-e-militantes-sociais-voltam-as-ruas-nesta-quinta-feira-pela-reducao-da-tarifa-e-contra-os-gastos-com-a-copa\/#breadcrumb\",\"itemListElement\":[{\"@type\":\"ListItem\",\"position\":1,\"name\":\"In\u00edcio\",\"item\":\"https:\/\/psol50.org.br\/\"},{\"@type\":\"ListItem\",\"position\":2,\"name\":\"Estudantes, trabalhadores e militantes sociais voltam \u00e0s ruas nesta quinta-feira pela redu\u00e7\u00e3o da tarifa e contra os gastos com a Copa\"}]},{\"@type\":\"WebSite\",\"@id\":\"https:\/\/psol50.org.br\/#website\",\"url\":\"https:\/\/psol50.org.br\/\",\"name\":\"PSOL 50\",\"description\":\"Site oficial do Partido Socialismo e Liberdade\",\"publisher\":{\"@id\":\"https:\/\/psol50.org.br\/#organization\"},\"alternateName\":\"PSOL50\",\"potentialAction\":[{\"@type\":\"SearchAction\",\"target\":{\"@type\":\"EntryPoint\",\"urlTemplate\":\"https:\/\/psol50.org.br\/?s={search_term_string}\"},\"query-input\":{\"@type\":\"PropertyValueSpecification\",\"valueRequired\":true,\"valueName\":\"search_term_string\"}}],\"inLanguage\":\"pt-BR\"},{\"@type\":\"Organization\",\"@id\":\"https:\/\/psol50.org.br\/#organization\",\"name\":\"PSOL 50\",\"alternateName\":\"PSOL 50\",\"url\":\"https:\/\/psol50.org.br\/\",\"logo\":{\"@type\":\"ImageObject\",\"inLanguage\":\"pt-BR\",\"@id\":\"https:\/\/psol50.org.br\/#\/schema\/logo\/image\/\",\"url\":\"https:\/\/psol50.org.br\/inc\/uploads\/2018\/07\/capa.png\",\"contentUrl\":\"https:\/\/psol50.org.br\/inc\/uploads\/2018\/07\/capa.png\",\"width\":1350,\"height\":900,\"caption\":\"PSOL 50\"},\"image\":{\"@id\":\"https:\/\/psol50.org.br\/#\/schema\/logo\/image\/\"},\"sameAs\":[\"https:\/\/www.facebook.com\/psol50\",\"https:\/\/x.com\/psol50\",\"https:\/\/www.instagram.com\/psol50\/\",\"https:\/\/www.youtube.com\/channel\/UC7SnJS5o1os7a6CaiNabzcg\"]},{\"@type\":\"Person\",\"@id\":\"https:\/\/psol50.org.br\/#\/schema\/person\/475dfa57d0b815993c714c2e96491fcd\",\"name\":\"Comunica\u00e7\u00e3o PSOL\",\"image\":{\"@type\":\"ImageObject\",\"inLanguage\":\"pt-BR\",\"@id\":\"https:\/\/psol50.org.br\/#\/schema\/person\/image\/\",\"url\":\"https:\/\/secure.gravatar.com\/avatar\/b34fc4f4e468a4e51785917065a3db57b841f5c95dba6ad8c73aaf8f66f8f9bf?s=96&d=mm&r=g\",\"contentUrl\":\"https:\/\/secure.gravatar.com\/avatar\/b34fc4f4e468a4e51785917065a3db57b841f5c95dba6ad8c73aaf8f66f8f9bf?s=96&d=mm&r=g\",\"caption\":\"Comunica\u00e7\u00e3o PSOL\"}}]}<\/script>\n<!-- \/ Yoast SEO plugin. -->","yoast_head_json":{"title":"Estudantes, trabalhadores e militantes sociais voltam \u00e0s ruas nesta quinta-feira pela redu\u00e7\u00e3o da tarifa e contra os gastos com a Copa - PSOL 50","robots":{"index":"index","follow":"follow","max-snippet":"max-snippet:-1","max-image-preview":"max-image-preview:large","max-video-preview":"max-video-preview:-1"},"canonical":"https:\/\/psol50.org.br\/estudantes-trabalhadores-e-militantes-sociais-voltam-as-ruas-nesta-quinta-feira-pela-reducao-da-tarifa-e-contra-os-gastos-com-a-copa\/","og_locale":"pt_BR","og_type":"article","og_title":"Estudantes, trabalhadores e militantes sociais voltam \u00e0s ruas nesta quinta-feira pela redu\u00e7\u00e3o da tarifa e contra os gastos com a Copa - PSOL 50","og_description":"Do site do PSOL Nacional &#8211; Leonor Costa Ato realizado pelo Movimento Passe Livre na capital federal refor\u00e7a a reivindica\u00e7\u00e3o pela tarifa zero e transporte p\u00fablico de qualidade e para todos &nbsp; Na maioria das capitais do pa\u00eds, milhares de pessoas promover\u00e3o nesta quinta-feira (20) novos protestos, na tentativa de repetir o que ocorreu na [&hellip;]","og_url":"https:\/\/psol50.org.br\/estudantes-trabalhadores-e-militantes-sociais-voltam-as-ruas-nesta-quinta-feira-pela-reducao-da-tarifa-e-contra-os-gastos-com-a-copa\/","og_site_name":"PSOL 50","article_publisher":"https:\/\/www.facebook.com\/psol50","article_published_time":"2013-06-20T00:00:00+00:00","og_image":[{"width":1350,"height":900,"url":"https:\/\/psol50.org.br\/inc\/uploads\/2018\/07\/capa.png","type":"image\/png"}],"author":"Comunica\u00e7\u00e3o PSOL","twitter_card":"summary_large_image","twitter_creator":"@psol50","twitter_site":"@psol50","twitter_misc":{"Escrito por":"Comunica\u00e7\u00e3o PSOL","Est. tempo de leitura":"5 minutos"},"schema":{"@context":"https:\/\/schema.org","@graph":[{"@type":"Article","@id":"https:\/\/psol50.org.br\/estudantes-trabalhadores-e-militantes-sociais-voltam-as-ruas-nesta-quinta-feira-pela-reducao-da-tarifa-e-contra-os-gastos-com-a-copa\/#article","isPartOf":{"@id":"https:\/\/psol50.org.br\/estudantes-trabalhadores-e-militantes-sociais-voltam-as-ruas-nesta-quinta-feira-pela-reducao-da-tarifa-e-contra-os-gastos-com-a-copa\/"},"author":{"name":"Comunica\u00e7\u00e3o PSOL","@id":"https:\/\/psol50.org.br\/#\/schema\/person\/475dfa57d0b815993c714c2e96491fcd"},"headline":"Estudantes, trabalhadores e militantes sociais voltam \u00e0s ruas nesta quinta-feira pela redu\u00e7\u00e3o da tarifa e contra os gastos com a Copa","datePublished":"2013-06-20T00:00:00+00:00","mainEntityOfPage":{"@id":"https:\/\/psol50.org.br\/estudantes-trabalhadores-e-militantes-sociais-voltam-as-ruas-nesta-quinta-feira-pela-reducao-da-tarifa-e-contra-os-gastos-com-a-copa\/"},"wordCount":965,"commentCount":0,"publisher":{"@id":"https:\/\/psol50.org.br\/#organization"},"articleSection":["Arquivo"],"inLanguage":"pt-BR","potentialAction":[{"@type":"CommentAction","name":"Comment","target":["https:\/\/psol50.org.br\/estudantes-trabalhadores-e-militantes-sociais-voltam-as-ruas-nesta-quinta-feira-pela-reducao-da-tarifa-e-contra-os-gastos-com-a-copa\/#respond"]}]},{"@type":"WebPage","@id":"https:\/\/psol50.org.br\/estudantes-trabalhadores-e-militantes-sociais-voltam-as-ruas-nesta-quinta-feira-pela-reducao-da-tarifa-e-contra-os-gastos-com-a-copa\/","url":"https:\/\/psol50.org.br\/estudantes-trabalhadores-e-militantes-sociais-voltam-as-ruas-nesta-quinta-feira-pela-reducao-da-tarifa-e-contra-os-gastos-com-a-copa\/","name":"Estudantes, trabalhadores e militantes sociais voltam \u00e0s ruas nesta quinta-feira pela redu\u00e7\u00e3o da tarifa e contra os gastos com a Copa - PSOL 50","isPartOf":{"@id":"https:\/\/psol50.org.br\/#website"},"datePublished":"2013-06-20T00:00:00+00:00","breadcrumb":{"@id":"https:\/\/psol50.org.br\/estudantes-trabalhadores-e-militantes-sociais-voltam-as-ruas-nesta-quinta-feira-pela-reducao-da-tarifa-e-contra-os-gastos-com-a-copa\/#breadcrumb"},"inLanguage":"pt-BR","potentialAction":[{"@type":"ReadAction","target":["https:\/\/psol50.org.br\/estudantes-trabalhadores-e-militantes-sociais-voltam-as-ruas-nesta-quinta-feira-pela-reducao-da-tarifa-e-contra-os-gastos-com-a-copa\/"]}]},{"@type":"BreadcrumbList","@id":"https:\/\/psol50.org.br\/estudantes-trabalhadores-e-militantes-sociais-voltam-as-ruas-nesta-quinta-feira-pela-reducao-da-tarifa-e-contra-os-gastos-com-a-copa\/#breadcrumb","itemListElement":[{"@type":"ListItem","position":1,"name":"In\u00edcio","item":"https:\/\/psol50.org.br\/"},{"@type":"ListItem","position":2,"name":"Estudantes, trabalhadores e militantes sociais voltam \u00e0s ruas nesta quinta-feira pela redu\u00e7\u00e3o da tarifa e contra os gastos com a Copa"}]},{"@type":"WebSite","@id":"https:\/\/psol50.org.br\/#website","url":"https:\/\/psol50.org.br\/","name":"PSOL 50","description":"Site oficial do Partido Socialismo e Liberdade","publisher":{"@id":"https:\/\/psol50.org.br\/#organization"},"alternateName":"PSOL50","potentialAction":[{"@type":"SearchAction","target":{"@type":"EntryPoint","urlTemplate":"https:\/\/psol50.org.br\/?s={search_term_string}"},"query-input":{"@type":"PropertyValueSpecification","valueRequired":true,"valueName":"search_term_string"}}],"inLanguage":"pt-BR"},{"@type":"Organization","@id":"https:\/\/psol50.org.br\/#organization","name":"PSOL 50","alternateName":"PSOL 50","url":"https:\/\/psol50.org.br\/","logo":{"@type":"ImageObject","inLanguage":"pt-BR","@id":"https:\/\/psol50.org.br\/#\/schema\/logo\/image\/","url":"https:\/\/psol50.org.br\/inc\/uploads\/2018\/07\/capa.png","contentUrl":"https:\/\/psol50.org.br\/inc\/uploads\/2018\/07\/capa.png","width":1350,"height":900,"caption":"PSOL 50"},"image":{"@id":"https:\/\/psol50.org.br\/#\/schema\/logo\/image\/"},"sameAs":["https:\/\/www.facebook.com\/psol50","https:\/\/x.com\/psol50","https:\/\/www.instagram.com\/psol50\/","https:\/\/www.youtube.com\/channel\/UC7SnJS5o1os7a6CaiNabzcg"]},{"@type":"Person","@id":"https:\/\/psol50.org.br\/#\/schema\/person\/475dfa57d0b815993c714c2e96491fcd","name":"Comunica\u00e7\u00e3o PSOL","image":{"@type":"ImageObject","inLanguage":"pt-BR","@id":"https:\/\/psol50.org.br\/#\/schema\/person\/image\/","url":"https:\/\/secure.gravatar.com\/avatar\/b34fc4f4e468a4e51785917065a3db57b841f5c95dba6ad8c73aaf8f66f8f9bf?s=96&d=mm&r=g","contentUrl":"https:\/\/secure.gravatar.com\/avatar\/b34fc4f4e468a4e51785917065a3db57b841f5c95dba6ad8c73aaf8f66f8f9bf?s=96&d=mm&r=g","caption":"Comunica\u00e7\u00e3o PSOL"}}]}},"_links":{"self":[{"href":"https:\/\/psol50.org.br\/rest\/wp\/v2\/posts\/2076","targetHints":{"allow":["GET"]}}],"collection":[{"href":"https:\/\/psol50.org.br\/rest\/wp\/v2\/posts"}],"about":[{"href":"https:\/\/psol50.org.br\/rest\/wp\/v2\/types\/post"}],"author":[{"embeddable":true,"href":"https:\/\/psol50.org.br\/rest\/wp\/v2\/users\/2"}],"replies":[{"embeddable":true,"href":"https:\/\/psol50.org.br\/rest\/wp\/v2\/comments?post=2076"}],"version-history":[{"count":0,"href":"https:\/\/psol50.org.br\/rest\/wp\/v2\/posts\/2076\/revisions"}],"wp:attachment":[{"href":"https:\/\/psol50.org.br\/rest\/wp\/v2\/media?parent=2076"}],"wp:term":[{"taxonomy":"category","embeddable":true,"href":"https:\/\/psol50.org.br\/rest\/wp\/v2\/categories?post=2076"},{"taxonomy":"post_tag","embeddable":true,"href":"https:\/\/psol50.org.br\/rest\/wp\/v2\/tags?post=2076"}],"curies":[{"name":"wp","href":"https:\/\/api.w.org\/{rel}","templated":true}]}}