{"id":20765,"date":"2018-05-15T13:16:22","date_gmt":"2018-05-15T16:16:22","guid":{"rendered":"http:\/\/www.psol50.org.br\/?p=20765"},"modified":"2018-05-15T13:16:22","modified_gmt":"2018-05-15T16:16:22","slug":"e-preciso-frear-a-violencia-promovida-pelo-exercito-de-israel-todo-apoio-ao-povo-palestino","status":"publish","type":"post","link":"https:\/\/psol50.org.br\/e-preciso-frear-a-violencia-promovida-pelo-exercito-de-israel-todo-apoio-ao-povo-palestino\/","title":{"rendered":"\u00c9 preciso frear a viol\u00eancia promovida pelo Ex\u00e9rcito de Israel: todo apoio ao povo palestino!"},"content":{"rendered":"<p><strong>Nota da Executiva Nacional do PSOL:<\/strong><\/p>\n<p>Provando mais uma vez seu desprezo por leis internacionais, tratados e Direitos Humanos, governo e Ex\u00e9rcito de Israel perpetraram nesta segunda-feira (14) uma carnificina na Faixa de Gaza. N\u00e3o h\u00e1 outra express\u00e3o para definir uma a\u00e7\u00e3o militar contra manifestantes desarmados que fere 2.700 pessoas, 1360 das quais com armas de fogo e mata 60.<\/p>\n<p>Os manifestantes palestinos protestavam na fronteira contra a transfer\u00eancia da Embaixada estadunidense de Tel Aviv para Jerusal\u00e9m \u2013 uma decis\u00e3o unilateral de Donald Trump, em apoio \u00e0 ultradireita belicista israelense; uma decis\u00e3o que desrespeita todos os tratados e esfor\u00e7os de paz anteriores.<\/p>\n<p>As manifesta\u00e7\u00f5es palestinas seguir\u00e3o hoje, 15 de maio, anivers\u00e1rio de 70 anos da Nakba (Trag\u00e9dia), quando mais de 700 mil palestinos foram expulsos de sua terra devido \u00e0 cria\u00e7\u00e3o de Israel. A s\u00e9rie de mobiliza\u00e7\u00f5es, que consiste basicamente em grandes passeatas na faixa de fronteira com Israel, come\u00e7ou no dia 30 de mar\u00e7o e j\u00e1 tem saldo de mais de 100 mortos.<\/p>\n<p>Tendo em vista estes \u00faltimos acontecimentos, o Partido Socialismo e Liberdade:<\/p>\n<p>1) Exige o imediato fim dos massacres contra o povo palestino e a suspens\u00e3o do Bloqueio \u00e0 Faixa de Gaza;<\/p>\n<p>2) Repudia veementemente a decis\u00e3o unilateral dos Estados Unidos em reconhecer Jerusal\u00e9m copmo capital de Israel, contra toda a lei internacional e as decis\u00f5es da Assembleia Geral da ONU.<\/p>\n<p>3) Exige do governo brasileiro a ruptura das rela\u00e7\u00f5es diplom\u00e1ticas com Israel e a ades\u00e3o ao boicote militar chamado pela Anistia Internacional como forma de press\u00e3o \u00e0 Israel contra as atrocidades perpetradas na Faixa de Gaza.<\/p>\n<p>4) Repudia as tentativas de silenciamento, pela via judicial, dos lutadores e figuras p\u00fablicas do partido e movimento social que defendem a causa palestina \u2013 como \u00e9 o caso, no momento, do companheiro Milton Temer.<\/p>\n<p>5) Reafirama o compromisso em participar de todas as manifesta\u00e7\u00f5es de solidariedade ao povo palestino por ocasi\u00e3o dos 70 anos da Nakba, que ocorrer\u00e3o hoje, exigindo o fim do regime de apartheid contra n\u00e3o judeus existente em Israel, a retirada das col\u00f4nias ilegais da Cisjord\u00e2nia e o direito ao retorno de todos os refugiados.<\/p>\n<p><strong>Executiva Nacional do PSOL<\/strong><\/p>\n<p><strong>15 de maio de 2018<\/strong><\/p>\n","protected":false},"excerpt":{"rendered":"<p>Nota da Executiva Nacional do PSOL: Provando mais uma vez seu desprezo por leis internacionais, tratados e Direitos Humanos, governo e Ex\u00e9rcito de Israel perpetraram nesta segunda-feira (14) uma carnificina na Faixa de Gaza. N\u00e3o h\u00e1 outra express\u00e3o para definir uma a\u00e7\u00e3o militar contra manifestantes desarmados que fere 2.700 pessoas, 1360 das quais com armas [&hellip;]<\/p>\n","protected":false},"author":2,"featured_media":20431,"comment_status":"open","ping_status":"open","sticky":false,"template":"","format":"standard","meta":{"_acf_changed":false,"footnotes":""},"categories":[1882,836,6,14],"tags":[242,188,243,190],"class_list":{"0":"post-20765","1":"post","2":"type-post","3":"status-publish","4":"format-standard","5":"has-post-thumbnail","7":"category-brasil","8":"category-internacional","9":"category-noticias","10":"category-partido","11":"tag-executiva-nacional-do-psol","12":"tag-israel","13":"tag-nota-do-psol","14":"tag-palestina"},"acf":[],"yoast_head":"<!-- This site is optimized with the Yoast SEO plugin v26.5 - https:\/\/yoast.com\/wordpress\/plugins\/seo\/ -->\n<title>\u00c9 preciso frear a viol\u00eancia promovida pelo Ex\u00e9rcito de Israel: todo apoio ao povo palestino! - PSOL 50<\/title>\n<meta name=\"robots\" content=\"index, follow, max-snippet:-1, max-image-preview:large, max-video-preview:-1\" \/>\n<link rel=\"canonical\" href=\"https:\/\/psol50.org.br\/e-preciso-frear-a-violencia-promovida-pelo-exercito-de-israel-todo-apoio-ao-povo-palestino\/\" \/>\n<meta property=\"og:locale\" content=\"pt_BR\" \/>\n<meta property=\"og:type\" content=\"article\" \/>\n<meta property=\"og:title\" content=\"\u00c9 preciso frear a viol\u00eancia promovida pelo Ex\u00e9rcito de Israel: todo apoio ao povo palestino! - PSOL 50\" \/>\n<meta property=\"og:description\" content=\"Nota da Executiva Nacional do PSOL: Provando mais uma vez seu desprezo por leis internacionais, tratados e Direitos Humanos, governo e Ex\u00e9rcito de Israel perpetraram nesta segunda-feira (14) uma carnificina na Faixa de Gaza. N\u00e3o h\u00e1 outra express\u00e3o para definir uma a\u00e7\u00e3o militar contra manifestantes desarmados que fere 2.700 pessoas, 1360 das quais com armas [&hellip;]\" \/>\n<meta property=\"og:url\" content=\"https:\/\/psol50.org.br\/e-preciso-frear-a-violencia-promovida-pelo-exercito-de-israel-todo-apoio-ao-povo-palestino\/\" \/>\n<meta property=\"og:site_name\" content=\"PSOL 50\" \/>\n<meta property=\"article:publisher\" content=\"https:\/\/www.facebook.com\/psol50\" \/>\n<meta property=\"article:published_time\" content=\"2018-05-15T16:16:22+00:00\" \/>\n<meta property=\"og:image\" content=\"https:\/\/psol50.org.br\/inc\/uploads\/2018\/04\/Bandeira_Palestina_DiegoSandoval.jpg\" \/>\n\t<meta property=\"og:image:width\" content=\"1350\" \/>\n\t<meta property=\"og:image:height\" content=\"883\" \/>\n\t<meta property=\"og:image:type\" content=\"image\/jpeg\" \/>\n<meta name=\"author\" content=\"Comunica\u00e7\u00e3o PSOL\" \/>\n<meta name=\"twitter:card\" content=\"summary_large_image\" \/>\n<meta name=\"twitter:creator\" content=\"@psol50\" \/>\n<meta name=\"twitter:site\" content=\"@psol50\" \/>\n<meta name=\"twitter:label1\" content=\"Escrito por\" \/>\n\t<meta name=\"twitter:data1\" content=\"Comunica\u00e7\u00e3o PSOL\" \/>\n\t<meta name=\"twitter:label2\" content=\"Est. tempo de leitura\" \/>\n\t<meta name=\"twitter:data2\" content=\"2 minutos\" \/>\n<script type=\"application\/ld+json\" class=\"yoast-schema-graph\">{\"@context\":\"https:\/\/schema.org\",\"@graph\":[{\"@type\":\"Article\",\"@id\":\"https:\/\/psol50.org.br\/e-preciso-frear-a-violencia-promovida-pelo-exercito-de-israel-todo-apoio-ao-povo-palestino\/#article\",\"isPartOf\":{\"@id\":\"https:\/\/psol50.org.br\/e-preciso-frear-a-violencia-promovida-pelo-exercito-de-israel-todo-apoio-ao-povo-palestino\/\"},\"author\":{\"name\":\"Comunica\u00e7\u00e3o PSOL\",\"@id\":\"https:\/\/psol50.org.br\/#\/schema\/person\/475dfa57d0b815993c714c2e96491fcd\"},\"headline\":\"\u00c9 preciso frear a viol\u00eancia promovida pelo Ex\u00e9rcito de Israel: todo apoio ao povo palestino!\",\"datePublished\":\"2018-05-15T16:16:22+00:00\",\"mainEntityOfPage\":{\"@id\":\"https:\/\/psol50.org.br\/e-preciso-frear-a-violencia-promovida-pelo-exercito-de-israel-todo-apoio-ao-povo-palestino\/\"},\"wordCount\":383,\"commentCount\":0,\"publisher\":{\"@id\":\"https:\/\/psol50.org.br\/#organization\"},\"image\":{\"@id\":\"https:\/\/psol50.org.br\/e-preciso-frear-a-violencia-promovida-pelo-exercito-de-israel-todo-apoio-ao-povo-palestino\/#primaryimage\"},\"thumbnailUrl\":\"https:\/\/psol50.org.br\/inc\/uploads\/2018\/04\/Bandeira_Palestina_DiegoSandoval.jpg\",\"keywords\":[\"Executiva Nacional do PSOL\",\"Israel\",\"Nota do PSOL\",\"Palestina\"],\"articleSection\":[\"Brasil\",\"Internacional\",\"Not\u00edcias\",\"Partido\"],\"inLanguage\":\"pt-BR\",\"potentialAction\":[{\"@type\":\"CommentAction\",\"name\":\"Comment\",\"target\":[\"https:\/\/psol50.org.br\/e-preciso-frear-a-violencia-promovida-pelo-exercito-de-israel-todo-apoio-ao-povo-palestino\/#respond\"]}]},{\"@type\":\"WebPage\",\"@id\":\"https:\/\/psol50.org.br\/e-preciso-frear-a-violencia-promovida-pelo-exercito-de-israel-todo-apoio-ao-povo-palestino\/\",\"url\":\"https:\/\/psol50.org.br\/e-preciso-frear-a-violencia-promovida-pelo-exercito-de-israel-todo-apoio-ao-povo-palestino\/\",\"name\":\"\u00c9 preciso frear a viol\u00eancia promovida pelo Ex\u00e9rcito de Israel: todo apoio ao povo palestino! - PSOL 50\",\"isPartOf\":{\"@id\":\"https:\/\/psol50.org.br\/#website\"},\"primaryImageOfPage\":{\"@id\":\"https:\/\/psol50.org.br\/e-preciso-frear-a-violencia-promovida-pelo-exercito-de-israel-todo-apoio-ao-povo-palestino\/#primaryimage\"},\"image\":{\"@id\":\"https:\/\/psol50.org.br\/e-preciso-frear-a-violencia-promovida-pelo-exercito-de-israel-todo-apoio-ao-povo-palestino\/#primaryimage\"},\"thumbnailUrl\":\"https:\/\/psol50.org.br\/inc\/uploads\/2018\/04\/Bandeira_Palestina_DiegoSandoval.jpg\",\"datePublished\":\"2018-05-15T16:16:22+00:00\",\"breadcrumb\":{\"@id\":\"https:\/\/psol50.org.br\/e-preciso-frear-a-violencia-promovida-pelo-exercito-de-israel-todo-apoio-ao-povo-palestino\/#breadcrumb\"},\"inLanguage\":\"pt-BR\",\"potentialAction\":[{\"@type\":\"ReadAction\",\"target\":[\"https:\/\/psol50.org.br\/e-preciso-frear-a-violencia-promovida-pelo-exercito-de-israel-todo-apoio-ao-povo-palestino\/\"]}]},{\"@type\":\"ImageObject\",\"inLanguage\":\"pt-BR\",\"@id\":\"https:\/\/psol50.org.br\/e-preciso-frear-a-violencia-promovida-pelo-exercito-de-israel-todo-apoio-ao-povo-palestino\/#primaryimage\",\"url\":\"https:\/\/psol50.org.br\/inc\/uploads\/2018\/04\/Bandeira_Palestina_DiegoSandoval.jpg\",\"contentUrl\":\"https:\/\/psol50.org.br\/inc\/uploads\/2018\/04\/Bandeira_Palestina_DiegoSandoval.jpg\",\"width\":1350,\"height\":883},{\"@type\":\"BreadcrumbList\",\"@id\":\"https:\/\/psol50.org.br\/e-preciso-frear-a-violencia-promovida-pelo-exercito-de-israel-todo-apoio-ao-povo-palestino\/#breadcrumb\",\"itemListElement\":[{\"@type\":\"ListItem\",\"position\":1,\"name\":\"In\u00edcio\",\"item\":\"https:\/\/psol50.org.br\/\"},{\"@type\":\"ListItem\",\"position\":2,\"name\":\"\u00c9 preciso frear a viol\u00eancia promovida pelo Ex\u00e9rcito de Israel: todo apoio ao povo palestino!\"}]},{\"@type\":\"WebSite\",\"@id\":\"https:\/\/psol50.org.br\/#website\",\"url\":\"https:\/\/psol50.org.br\/\",\"name\":\"PSOL 50\",\"description\":\"Site oficial do Partido Socialismo e Liberdade\",\"publisher\":{\"@id\":\"https:\/\/psol50.org.br\/#organization\"},\"alternateName\":\"PSOL50\",\"potentialAction\":[{\"@type\":\"SearchAction\",\"target\":{\"@type\":\"EntryPoint\",\"urlTemplate\":\"https:\/\/psol50.org.br\/?s={search_term_string}\"},\"query-input\":{\"@type\":\"PropertyValueSpecification\",\"valueRequired\":true,\"valueName\":\"search_term_string\"}}],\"inLanguage\":\"pt-BR\"},{\"@type\":\"Organization\",\"@id\":\"https:\/\/psol50.org.br\/#organization\",\"name\":\"PSOL 50\",\"alternateName\":\"PSOL 50\",\"url\":\"https:\/\/psol50.org.br\/\",\"logo\":{\"@type\":\"ImageObject\",\"inLanguage\":\"pt-BR\",\"@id\":\"https:\/\/psol50.org.br\/#\/schema\/logo\/image\/\",\"url\":\"https:\/\/psol50.org.br\/inc\/uploads\/2018\/07\/capa.png\",\"contentUrl\":\"https:\/\/psol50.org.br\/inc\/uploads\/2018\/07\/capa.png\",\"width\":1350,\"height\":900,\"caption\":\"PSOL 50\"},\"image\":{\"@id\":\"https:\/\/psol50.org.br\/#\/schema\/logo\/image\/\"},\"sameAs\":[\"https:\/\/www.facebook.com\/psol50\",\"https:\/\/x.com\/psol50\",\"https:\/\/www.instagram.com\/psol50\/\",\"https:\/\/www.youtube.com\/channel\/UC7SnJS5o1os7a6CaiNabzcg\"]},{\"@type\":\"Person\",\"@id\":\"https:\/\/psol50.org.br\/#\/schema\/person\/475dfa57d0b815993c714c2e96491fcd\",\"name\":\"Comunica\u00e7\u00e3o PSOL\",\"image\":{\"@type\":\"ImageObject\",\"inLanguage\":\"pt-BR\",\"@id\":\"https:\/\/psol50.org.br\/#\/schema\/person\/image\/\",\"url\":\"https:\/\/secure.gravatar.com\/avatar\/b34fc4f4e468a4e51785917065a3db57b841f5c95dba6ad8c73aaf8f66f8f9bf?s=96&d=mm&r=g\",\"contentUrl\":\"https:\/\/secure.gravatar.com\/avatar\/b34fc4f4e468a4e51785917065a3db57b841f5c95dba6ad8c73aaf8f66f8f9bf?s=96&d=mm&r=g\",\"caption\":\"Comunica\u00e7\u00e3o PSOL\"}}]}<\/script>\n<!-- \/ Yoast SEO plugin. -->","yoast_head_json":{"title":"\u00c9 preciso frear a viol\u00eancia promovida pelo Ex\u00e9rcito de Israel: todo apoio ao povo palestino! - PSOL 50","robots":{"index":"index","follow":"follow","max-snippet":"max-snippet:-1","max-image-preview":"max-image-preview:large","max-video-preview":"max-video-preview:-1"},"canonical":"https:\/\/psol50.org.br\/e-preciso-frear-a-violencia-promovida-pelo-exercito-de-israel-todo-apoio-ao-povo-palestino\/","og_locale":"pt_BR","og_type":"article","og_title":"\u00c9 preciso frear a viol\u00eancia promovida pelo Ex\u00e9rcito de Israel: todo apoio ao povo palestino! - PSOL 50","og_description":"Nota da Executiva Nacional do PSOL: Provando mais uma vez seu desprezo por leis internacionais, tratados e Direitos Humanos, governo e Ex\u00e9rcito de Israel perpetraram nesta segunda-feira (14) uma carnificina na Faixa de Gaza. N\u00e3o h\u00e1 outra express\u00e3o para definir uma a\u00e7\u00e3o militar contra manifestantes desarmados que fere 2.700 pessoas, 1360 das quais com armas [&hellip;]","og_url":"https:\/\/psol50.org.br\/e-preciso-frear-a-violencia-promovida-pelo-exercito-de-israel-todo-apoio-ao-povo-palestino\/","og_site_name":"PSOL 50","article_publisher":"https:\/\/www.facebook.com\/psol50","article_published_time":"2018-05-15T16:16:22+00:00","og_image":[{"width":1350,"height":883,"url":"https:\/\/psol50.org.br\/inc\/uploads\/2018\/04\/Bandeira_Palestina_DiegoSandoval.jpg","type":"image\/jpeg"}],"author":"Comunica\u00e7\u00e3o PSOL","twitter_card":"summary_large_image","twitter_creator":"@psol50","twitter_site":"@psol50","twitter_misc":{"Escrito por":"Comunica\u00e7\u00e3o PSOL","Est. tempo de leitura":"2 minutos"},"schema":{"@context":"https:\/\/schema.org","@graph":[{"@type":"Article","@id":"https:\/\/psol50.org.br\/e-preciso-frear-a-violencia-promovida-pelo-exercito-de-israel-todo-apoio-ao-povo-palestino\/#article","isPartOf":{"@id":"https:\/\/psol50.org.br\/e-preciso-frear-a-violencia-promovida-pelo-exercito-de-israel-todo-apoio-ao-povo-palestino\/"},"author":{"name":"Comunica\u00e7\u00e3o PSOL","@id":"https:\/\/psol50.org.br\/#\/schema\/person\/475dfa57d0b815993c714c2e96491fcd"},"headline":"\u00c9 preciso frear a viol\u00eancia promovida pelo Ex\u00e9rcito de Israel: todo apoio ao povo palestino!","datePublished":"2018-05-15T16:16:22+00:00","mainEntityOfPage":{"@id":"https:\/\/psol50.org.br\/e-preciso-frear-a-violencia-promovida-pelo-exercito-de-israel-todo-apoio-ao-povo-palestino\/"},"wordCount":383,"commentCount":0,"publisher":{"@id":"https:\/\/psol50.org.br\/#organization"},"image":{"@id":"https:\/\/psol50.org.br\/e-preciso-frear-a-violencia-promovida-pelo-exercito-de-israel-todo-apoio-ao-povo-palestino\/#primaryimage"},"thumbnailUrl":"https:\/\/psol50.org.br\/inc\/uploads\/2018\/04\/Bandeira_Palestina_DiegoSandoval.jpg","keywords":["Executiva Nacional do PSOL","Israel","Nota do PSOL","Palestina"],"articleSection":["Brasil","Internacional","Not\u00edcias","Partido"],"inLanguage":"pt-BR","potentialAction":[{"@type":"CommentAction","name":"Comment","target":["https:\/\/psol50.org.br\/e-preciso-frear-a-violencia-promovida-pelo-exercito-de-israel-todo-apoio-ao-povo-palestino\/#respond"]}]},{"@type":"WebPage","@id":"https:\/\/psol50.org.br\/e-preciso-frear-a-violencia-promovida-pelo-exercito-de-israel-todo-apoio-ao-povo-palestino\/","url":"https:\/\/psol50.org.br\/e-preciso-frear-a-violencia-promovida-pelo-exercito-de-israel-todo-apoio-ao-povo-palestino\/","name":"\u00c9 preciso frear a viol\u00eancia promovida pelo Ex\u00e9rcito de Israel: todo apoio ao povo palestino! - PSOL 50","isPartOf":{"@id":"https:\/\/psol50.org.br\/#website"},"primaryImageOfPage":{"@id":"https:\/\/psol50.org.br\/e-preciso-frear-a-violencia-promovida-pelo-exercito-de-israel-todo-apoio-ao-povo-palestino\/#primaryimage"},"image":{"@id":"https:\/\/psol50.org.br\/e-preciso-frear-a-violencia-promovida-pelo-exercito-de-israel-todo-apoio-ao-povo-palestino\/#primaryimage"},"thumbnailUrl":"https:\/\/psol50.org.br\/inc\/uploads\/2018\/04\/Bandeira_Palestina_DiegoSandoval.jpg","datePublished":"2018-05-15T16:16:22+00:00","breadcrumb":{"@id":"https:\/\/psol50.org.br\/e-preciso-frear-a-violencia-promovida-pelo-exercito-de-israel-todo-apoio-ao-povo-palestino\/#breadcrumb"},"inLanguage":"pt-BR","potentialAction":[{"@type":"ReadAction","target":["https:\/\/psol50.org.br\/e-preciso-frear-a-violencia-promovida-pelo-exercito-de-israel-todo-apoio-ao-povo-palestino\/"]}]},{"@type":"ImageObject","inLanguage":"pt-BR","@id":"https:\/\/psol50.org.br\/e-preciso-frear-a-violencia-promovida-pelo-exercito-de-israel-todo-apoio-ao-povo-palestino\/#primaryimage","url":"https:\/\/psol50.org.br\/inc\/uploads\/2018\/04\/Bandeira_Palestina_DiegoSandoval.jpg","contentUrl":"https:\/\/psol50.org.br\/inc\/uploads\/2018\/04\/Bandeira_Palestina_DiegoSandoval.jpg","width":1350,"height":883},{"@type":"BreadcrumbList","@id":"https:\/\/psol50.org.br\/e-preciso-frear-a-violencia-promovida-pelo-exercito-de-israel-todo-apoio-ao-povo-palestino\/#breadcrumb","itemListElement":[{"@type":"ListItem","position":1,"name":"In\u00edcio","item":"https:\/\/psol50.org.br\/"},{"@type":"ListItem","position":2,"name":"\u00c9 preciso frear a viol\u00eancia promovida pelo Ex\u00e9rcito de Israel: todo apoio ao povo palestino!"}]},{"@type":"WebSite","@id":"https:\/\/psol50.org.br\/#website","url":"https:\/\/psol50.org.br\/","name":"PSOL 50","description":"Site oficial do Partido Socialismo e Liberdade","publisher":{"@id":"https:\/\/psol50.org.br\/#organization"},"alternateName":"PSOL50","potentialAction":[{"@type":"SearchAction","target":{"@type":"EntryPoint","urlTemplate":"https:\/\/psol50.org.br\/?s={search_term_string}"},"query-input":{"@type":"PropertyValueSpecification","valueRequired":true,"valueName":"search_term_string"}}],"inLanguage":"pt-BR"},{"@type":"Organization","@id":"https:\/\/psol50.org.br\/#organization","name":"PSOL 50","alternateName":"PSOL 50","url":"https:\/\/psol50.org.br\/","logo":{"@type":"ImageObject","inLanguage":"pt-BR","@id":"https:\/\/psol50.org.br\/#\/schema\/logo\/image\/","url":"https:\/\/psol50.org.br\/inc\/uploads\/2018\/07\/capa.png","contentUrl":"https:\/\/psol50.org.br\/inc\/uploads\/2018\/07\/capa.png","width":1350,"height":900,"caption":"PSOL 50"},"image":{"@id":"https:\/\/psol50.org.br\/#\/schema\/logo\/image\/"},"sameAs":["https:\/\/www.facebook.com\/psol50","https:\/\/x.com\/psol50","https:\/\/www.instagram.com\/psol50\/","https:\/\/www.youtube.com\/channel\/UC7SnJS5o1os7a6CaiNabzcg"]},{"@type":"Person","@id":"https:\/\/psol50.org.br\/#\/schema\/person\/475dfa57d0b815993c714c2e96491fcd","name":"Comunica\u00e7\u00e3o PSOL","image":{"@type":"ImageObject","inLanguage":"pt-BR","@id":"https:\/\/psol50.org.br\/#\/schema\/person\/image\/","url":"https:\/\/secure.gravatar.com\/avatar\/b34fc4f4e468a4e51785917065a3db57b841f5c95dba6ad8c73aaf8f66f8f9bf?s=96&d=mm&r=g","contentUrl":"https:\/\/secure.gravatar.com\/avatar\/b34fc4f4e468a4e51785917065a3db57b841f5c95dba6ad8c73aaf8f66f8f9bf?s=96&d=mm&r=g","caption":"Comunica\u00e7\u00e3o PSOL"}}]}},"_links":{"self":[{"href":"https:\/\/psol50.org.br\/rest\/wp\/v2\/posts\/20765","targetHints":{"allow":["GET"]}}],"collection":[{"href":"https:\/\/psol50.org.br\/rest\/wp\/v2\/posts"}],"about":[{"href":"https:\/\/psol50.org.br\/rest\/wp\/v2\/types\/post"}],"author":[{"embeddable":true,"href":"https:\/\/psol50.org.br\/rest\/wp\/v2\/users\/2"}],"replies":[{"embeddable":true,"href":"https:\/\/psol50.org.br\/rest\/wp\/v2\/comments?post=20765"}],"version-history":[{"count":0,"href":"https:\/\/psol50.org.br\/rest\/wp\/v2\/posts\/20765\/revisions"}],"wp:featuredmedia":[{"embeddable":true,"href":"https:\/\/psol50.org.br\/rest\/wp\/v2\/media\/20431"}],"wp:attachment":[{"href":"https:\/\/psol50.org.br\/rest\/wp\/v2\/media?parent=20765"}],"wp:term":[{"taxonomy":"category","embeddable":true,"href":"https:\/\/psol50.org.br\/rest\/wp\/v2\/categories?post=20765"},{"taxonomy":"post_tag","embeddable":true,"href":"https:\/\/psol50.org.br\/rest\/wp\/v2\/tags?post=20765"}],"curies":[{"name":"wp","href":"https:\/\/api.w.org\/{rel}","templated":true}]}}