{"id":20773,"date":"2018-05-18T10:17:32","date_gmt":"2018-05-18T13:17:32","guid":{"rendered":"http:\/\/www.psol50.org.br\/?p=20773"},"modified":"2018-05-18T10:17:32","modified_gmt":"2018-05-18T13:17:32","slug":"mtst-de-sergipe-cobra-investigacao-sobre-disparos-contra-ocupacao","status":"publish","type":"post","link":"https:\/\/psol50.org.br\/mtst-de-sergipe-cobra-investigacao-sobre-disparos-contra-ocupacao\/","title":{"rendered":"MTST de Sergipe cobra investiga\u00e7\u00e3o sobre disparos contra ocupa\u00e7\u00e3o"},"content":{"rendered":"<p>Militantes do Movimento dos Trabalhadores Sem Teto de Sergipe (MTST-SE) continuam cobrando a ampla investiga\u00e7\u00e3o dos disparos com armas, feitos pela Guarda Municipal de Aracaj\u00fa, no \u00faltimo s\u00e1bado (12), durante a reintegra\u00e7\u00e3o de posse da Ocupa\u00e7\u00e3o Marielle e\u00a0Anderson Presentes.. A a\u00e7\u00e3o aconteceu um dia ap\u00f3s o movimento ocupar o terreno na sexta-feira \u00e0 noite, e, segundo relatos de militantes, no s\u00e1bado pela manh\u00e3, por ordem da prefeitura, tratores e cerca de 500 homens da Guarda Municipal e da Pol\u00edcia Militar chegaram ao local com o intuito de desalojar as 650 fam\u00edlias que participavam da a\u00e7\u00e3o em defesa do seu direito \u00e0 moradia.<\/p>\n<p>Durante a reintegra\u00e7\u00e3o, determinada pelo prefeito Edvaldo Nogueira (PCdoB), a militante Nathannely Pereira, de 18 anos, foi atingida com um tiro por um membro da Guarda Municipal, que estava a cerca de 150 metros da v\u00edtima. Ao relator o epis\u00f3dio, o militante do MTST e tamb\u00e9m filiado ao PSOL-SE, Vin\u00edcius Oliveira, ressalta que a a\u00e7\u00e3o foi uma clara retalia\u00e7\u00e3o ao movimento, uma vez que os disparos foram em dire\u00e7\u00e3o ao acampamento.<\/p>\n<p>Nathannely foi logo socorrida, sendo levada ao hospital em Aracaju. Na ocasi\u00e3o, os m\u00e9dicos retiraram a bala, que estava no osso. Agora, a militante est\u00e1 fora de perigo.<\/p>\n<p><img loading=\"lazy\" decoding=\"async\" class=\"size-medium wp-image-20775 aligncenter\" src=\"http:\/\/www.psol50.org.br\/inc\/uploads\/2018\/05\/Bala_Contra_MTST_SE-600x450.jpeg\" alt=\"\" width=\"600\" height=\"450\" \/><\/p>\n<p>Oliveira relata que integrantes da Guarda Municipal ainda estiveram no hospital, na tentativa de pegar a bala e dificultar as investiga\u00e7\u00f5es. A a\u00e7\u00e3o foi impedida, segundo ele, pela r\u00e1pida atua\u00e7\u00e3o do dirigente do PSOL M\u00e1rio Leony, tamb\u00e9m delegado da Pol\u00edcia Civil, e da deputada estadual Ana L\u00facia (PT), que atua como defensora dos direitos humanos no Estado.<\/p>\n<p>O militante do partido e do MTST explica, ainda, que o caso s\u00f3 n\u00e3o foi mais grave, porque o movimento assinou o acordo para se retirar o local. Segundo ele, as for\u00e7as de seguran\u00e7a chegaram dispostos \u00e0 repress\u00e3o. &#8220;A Guarda quando entrou, estava impedindo de entrar \u00e1gua, alimentos, o tr\u00e2nsito das pessoas. E rolaram alguns abusos, de bater em mulher gr\u00e1vida, de revistar senhoras e impedir de entrar com agasalho. Enfim, foi uma trag\u00e9dia anunciada&#8221;, explica Vin\u00edcius Oliveira. De acordo com ele, a Guarda Municipal chegou ao ponto de impedir a entrada dos advogados do movimento dentro da ocupa\u00e7\u00e3o.<\/p>\n<p>O caso, que foi registrado com Boletim de Ocorr\u00eancia, est\u00e1 na Delegacia de Homic\u00eddios, onde ser\u00e1 investigado. Na segunda-feira (21), haver\u00e1 a primeira audi\u00eancia com\u00a0Nathannely e mais uma testemunha.<\/p>\n<p>&#8220;Estamos apreensivos com a possibilidade de abafamento deste caso. A gente sabe que foram tiros de \u00f3dio, de uma cultura de criminaliza\u00e7\u00e3o constante dos movimentos sociais&#8221;, afirma Oliveira, exigindo ampla investiga\u00e7\u00e3o.<\/p>\n<p><img loading=\"lazy\" decoding=\"async\" class=\"size-medium wp-image-20781 aligncenter\" src=\"http:\/\/www.psol50.org.br\/inc\/uploads\/2018\/05\/Ocupacao_MTST_SE2-600x337.jpeg\" alt=\"\" width=\"600\" height=\"337\" \/><\/p>\n<p>Na segunda-feira (14), o pr\u00e9-candidato \u00e0 Presid\u00eancia da Rep\u00fablica pelo PSOL e coordenador nacional do MTST, Guilherme Boulos, esteve em Aracaj\u00fa, oportunidade em que denunciou o caso e destacou que mais esse absurdo contra os movimentos sociais n\u00e3o pode ficar sem resposta. Boulos tamb\u00e9m ressaltou a resist\u00eancia e for\u00e7a dos militantes da ocupa\u00e7\u00e3o Marielle e Anderson Presentes.<\/p>\n<p>https:\/\/www.facebook.com\/guilhermeboulos.oficial\/videos\/1034469403370277\/<\/p>\n","protected":false},"excerpt":{"rendered":"<p>Militantes do Movimento dos Trabalhadores Sem Teto de Sergipe (MTST-SE) continuam cobrando a ampla investiga\u00e7\u00e3o dos disparos com armas, feitos pela Guarda Municipal de Aracaj\u00fa, no \u00faltimo s\u00e1bado (12), durante a reintegra\u00e7\u00e3o de posse da Ocupa\u00e7\u00e3o Marielle e\u00a0Anderson Presentes.. A a\u00e7\u00e3o aconteceu um dia ap\u00f3s o movimento ocupar o terreno na sexta-feira \u00e0 noite, e, [&hellip;]<\/p>\n","protected":false},"author":2,"featured_media":20774,"comment_status":"open","ping_status":"open","sticky":false,"template":"","format":"standard","meta":{"_acf_changed":false,"footnotes":""},"categories":[654,1104,6],"tags":[2515,1580,2516,2517,61,2518,2519,22,1044],"class_list":{"0":"post-20773","1":"post","2":"type-post","3":"status-publish","4":"format-standard","5":"has-post-thumbnail","7":"category-estados","8":"category-movimento","9":"category-noticias","10":"tag-aracaju","11":"tag-desocupacao","12":"tag-disparos","13":"tag-guarda-municipal","14":"tag-investigacao","15":"tag-mtst-se","16":"tag-ocupacao-marielle-franco","17":"tag-psol","18":"tag-reintegracao-de-posse"},"acf":[],"yoast_head":"<!-- This site is optimized with the Yoast SEO plugin v26.5 - https:\/\/yoast.com\/wordpress\/plugins\/seo\/ -->\n<title>MTST de Sergipe cobra investiga\u00e7\u00e3o sobre disparos contra ocupa\u00e7\u00e3o - PSOL 50<\/title>\n<meta name=\"robots\" content=\"index, follow, max-snippet:-1, max-image-preview:large, max-video-preview:-1\" \/>\n<link rel=\"canonical\" href=\"https:\/\/psol50.org.br\/mtst-de-sergipe-cobra-investigacao-sobre-disparos-contra-ocupacao\/\" \/>\n<meta property=\"og:locale\" content=\"pt_BR\" \/>\n<meta property=\"og:type\" content=\"article\" \/>\n<meta property=\"og:title\" content=\"MTST de Sergipe cobra investiga\u00e7\u00e3o sobre disparos contra ocupa\u00e7\u00e3o - PSOL 50\" \/>\n<meta property=\"og:description\" content=\"Militantes do Movimento dos Trabalhadores Sem Teto de Sergipe (MTST-SE) continuam cobrando a ampla investiga\u00e7\u00e3o dos disparos com armas, feitos pela Guarda Municipal de Aracaj\u00fa, no \u00faltimo s\u00e1bado (12), durante a reintegra\u00e7\u00e3o de posse da Ocupa\u00e7\u00e3o Marielle e\u00a0Anderson Presentes.. A a\u00e7\u00e3o aconteceu um dia ap\u00f3s o movimento ocupar o terreno na sexta-feira \u00e0 noite, e, [&hellip;]\" \/>\n<meta property=\"og:url\" content=\"https:\/\/psol50.org.br\/mtst-de-sergipe-cobra-investigacao-sobre-disparos-contra-ocupacao\/\" \/>\n<meta property=\"og:site_name\" content=\"PSOL 50\" \/>\n<meta property=\"article:publisher\" content=\"https:\/\/www.facebook.com\/psol50\" \/>\n<meta property=\"article:published_time\" content=\"2018-05-18T13:17:32+00:00\" \/>\n<meta property=\"og:image\" content=\"https:\/\/psol50.org.br\/inc\/uploads\/2018\/05\/Ocupacao_MTST_SE_1.jpeg\" \/>\n\t<meta property=\"og:image:width\" content=\"1350\" \/>\n\t<meta property=\"og:image:height\" content=\"758\" \/>\n\t<meta property=\"og:image:type\" content=\"image\/jpeg\" \/>\n<meta name=\"author\" content=\"Comunica\u00e7\u00e3o PSOL\" \/>\n<meta name=\"twitter:card\" content=\"summary_large_image\" \/>\n<meta name=\"twitter:creator\" content=\"@psol50\" \/>\n<meta name=\"twitter:site\" content=\"@psol50\" \/>\n<meta name=\"twitter:label1\" content=\"Escrito por\" \/>\n\t<meta name=\"twitter:data1\" content=\"Comunica\u00e7\u00e3o PSOL\" \/>\n\t<meta name=\"twitter:label2\" content=\"Est. tempo de leitura\" \/>\n\t<meta name=\"twitter:data2\" content=\"3 minutos\" \/>\n<script type=\"application\/ld+json\" class=\"yoast-schema-graph\">{\"@context\":\"https:\/\/schema.org\",\"@graph\":[{\"@type\":\"Article\",\"@id\":\"https:\/\/psol50.org.br\/mtst-de-sergipe-cobra-investigacao-sobre-disparos-contra-ocupacao\/#article\",\"isPartOf\":{\"@id\":\"https:\/\/psol50.org.br\/mtst-de-sergipe-cobra-investigacao-sobre-disparos-contra-ocupacao\/\"},\"author\":{\"name\":\"Comunica\u00e7\u00e3o PSOL\",\"@id\":\"https:\/\/psol50.org.br\/#\/schema\/person\/475dfa57d0b815993c714c2e96491fcd\"},\"headline\":\"MTST de Sergipe cobra investiga\u00e7\u00e3o sobre disparos contra ocupa\u00e7\u00e3o\",\"datePublished\":\"2018-05-18T13:17:32+00:00\",\"mainEntityOfPage\":{\"@id\":\"https:\/\/psol50.org.br\/mtst-de-sergipe-cobra-investigacao-sobre-disparos-contra-ocupacao\/\"},\"wordCount\":533,\"commentCount\":0,\"publisher\":{\"@id\":\"https:\/\/psol50.org.br\/#organization\"},\"image\":{\"@id\":\"https:\/\/psol50.org.br\/mtst-de-sergipe-cobra-investigacao-sobre-disparos-contra-ocupacao\/#primaryimage\"},\"thumbnailUrl\":\"https:\/\/psol50.org.br\/inc\/uploads\/2018\/05\/Ocupacao_MTST_SE_1.jpeg\",\"keywords\":[\"Aracaj\u00fa\",\"desocupa\u00e7\u00e3o\",\"disparos\",\"guarda municipal\",\"investiga\u00e7\u00e3o\",\"MTST-SE\",\"ocupa\u00e7\u00e3o Marielle Franco\",\"PSOL\",\"reintegra\u00e7\u00e3o de posse\"],\"articleSection\":[\"Estados\",\"Movimento\",\"Not\u00edcias\"],\"inLanguage\":\"pt-BR\",\"potentialAction\":[{\"@type\":\"CommentAction\",\"name\":\"Comment\",\"target\":[\"https:\/\/psol50.org.br\/mtst-de-sergipe-cobra-investigacao-sobre-disparos-contra-ocupacao\/#respond\"]}]},{\"@type\":\"WebPage\",\"@id\":\"https:\/\/psol50.org.br\/mtst-de-sergipe-cobra-investigacao-sobre-disparos-contra-ocupacao\/\",\"url\":\"https:\/\/psol50.org.br\/mtst-de-sergipe-cobra-investigacao-sobre-disparos-contra-ocupacao\/\",\"name\":\"MTST de Sergipe cobra investiga\u00e7\u00e3o sobre disparos contra ocupa\u00e7\u00e3o - PSOL 50\",\"isPartOf\":{\"@id\":\"https:\/\/psol50.org.br\/#website\"},\"primaryImageOfPage\":{\"@id\":\"https:\/\/psol50.org.br\/mtst-de-sergipe-cobra-investigacao-sobre-disparos-contra-ocupacao\/#primaryimage\"},\"image\":{\"@id\":\"https:\/\/psol50.org.br\/mtst-de-sergipe-cobra-investigacao-sobre-disparos-contra-ocupacao\/#primaryimage\"},\"thumbnailUrl\":\"https:\/\/psol50.org.br\/inc\/uploads\/2018\/05\/Ocupacao_MTST_SE_1.jpeg\",\"datePublished\":\"2018-05-18T13:17:32+00:00\",\"breadcrumb\":{\"@id\":\"https:\/\/psol50.org.br\/mtst-de-sergipe-cobra-investigacao-sobre-disparos-contra-ocupacao\/#breadcrumb\"},\"inLanguage\":\"pt-BR\",\"potentialAction\":[{\"@type\":\"ReadAction\",\"target\":[\"https:\/\/psol50.org.br\/mtst-de-sergipe-cobra-investigacao-sobre-disparos-contra-ocupacao\/\"]}]},{\"@type\":\"ImageObject\",\"inLanguage\":\"pt-BR\",\"@id\":\"https:\/\/psol50.org.br\/mtst-de-sergipe-cobra-investigacao-sobre-disparos-contra-ocupacao\/#primaryimage\",\"url\":\"https:\/\/psol50.org.br\/inc\/uploads\/2018\/05\/Ocupacao_MTST_SE_1.jpeg\",\"contentUrl\":\"https:\/\/psol50.org.br\/inc\/uploads\/2018\/05\/Ocupacao_MTST_SE_1.jpeg\",\"width\":1350,\"height\":758},{\"@type\":\"BreadcrumbList\",\"@id\":\"https:\/\/psol50.org.br\/mtst-de-sergipe-cobra-investigacao-sobre-disparos-contra-ocupacao\/#breadcrumb\",\"itemListElement\":[{\"@type\":\"ListItem\",\"position\":1,\"name\":\"In\u00edcio\",\"item\":\"https:\/\/psol50.org.br\/\"},{\"@type\":\"ListItem\",\"position\":2,\"name\":\"MTST de Sergipe cobra investiga\u00e7\u00e3o sobre disparos contra ocupa\u00e7\u00e3o\"}]},{\"@type\":\"WebSite\",\"@id\":\"https:\/\/psol50.org.br\/#website\",\"url\":\"https:\/\/psol50.org.br\/\",\"name\":\"PSOL 50\",\"description\":\"Site oficial do Partido Socialismo e Liberdade\",\"publisher\":{\"@id\":\"https:\/\/psol50.org.br\/#organization\"},\"alternateName\":\"PSOL50\",\"potentialAction\":[{\"@type\":\"SearchAction\",\"target\":{\"@type\":\"EntryPoint\",\"urlTemplate\":\"https:\/\/psol50.org.br\/?s={search_term_string}\"},\"query-input\":{\"@type\":\"PropertyValueSpecification\",\"valueRequired\":true,\"valueName\":\"search_term_string\"}}],\"inLanguage\":\"pt-BR\"},{\"@type\":\"Organization\",\"@id\":\"https:\/\/psol50.org.br\/#organization\",\"name\":\"PSOL 50\",\"alternateName\":\"PSOL 50\",\"url\":\"https:\/\/psol50.org.br\/\",\"logo\":{\"@type\":\"ImageObject\",\"inLanguage\":\"pt-BR\",\"@id\":\"https:\/\/psol50.org.br\/#\/schema\/logo\/image\/\",\"url\":\"https:\/\/psol50.org.br\/inc\/uploads\/2018\/07\/capa.png\",\"contentUrl\":\"https:\/\/psol50.org.br\/inc\/uploads\/2018\/07\/capa.png\",\"width\":1350,\"height\":900,\"caption\":\"PSOL 50\"},\"image\":{\"@id\":\"https:\/\/psol50.org.br\/#\/schema\/logo\/image\/\"},\"sameAs\":[\"https:\/\/www.facebook.com\/psol50\",\"https:\/\/x.com\/psol50\",\"https:\/\/www.instagram.com\/psol50\/\",\"https:\/\/www.youtube.com\/channel\/UC7SnJS5o1os7a6CaiNabzcg\"]},{\"@type\":\"Person\",\"@id\":\"https:\/\/psol50.org.br\/#\/schema\/person\/475dfa57d0b815993c714c2e96491fcd\",\"name\":\"Comunica\u00e7\u00e3o PSOL\",\"image\":{\"@type\":\"ImageObject\",\"inLanguage\":\"pt-BR\",\"@id\":\"https:\/\/psol50.org.br\/#\/schema\/person\/image\/\",\"url\":\"https:\/\/secure.gravatar.com\/avatar\/b34fc4f4e468a4e51785917065a3db57b841f5c95dba6ad8c73aaf8f66f8f9bf?s=96&d=mm&r=g\",\"contentUrl\":\"https:\/\/secure.gravatar.com\/avatar\/b34fc4f4e468a4e51785917065a3db57b841f5c95dba6ad8c73aaf8f66f8f9bf?s=96&d=mm&r=g\",\"caption\":\"Comunica\u00e7\u00e3o PSOL\"}}]}<\/script>\n<!-- \/ Yoast SEO plugin. -->","yoast_head_json":{"title":"MTST de Sergipe cobra investiga\u00e7\u00e3o sobre disparos contra ocupa\u00e7\u00e3o - PSOL 50","robots":{"index":"index","follow":"follow","max-snippet":"max-snippet:-1","max-image-preview":"max-image-preview:large","max-video-preview":"max-video-preview:-1"},"canonical":"https:\/\/psol50.org.br\/mtst-de-sergipe-cobra-investigacao-sobre-disparos-contra-ocupacao\/","og_locale":"pt_BR","og_type":"article","og_title":"MTST de Sergipe cobra investiga\u00e7\u00e3o sobre disparos contra ocupa\u00e7\u00e3o - PSOL 50","og_description":"Militantes do Movimento dos Trabalhadores Sem Teto de Sergipe (MTST-SE) continuam cobrando a ampla investiga\u00e7\u00e3o dos disparos com armas, feitos pela Guarda Municipal de Aracaj\u00fa, no \u00faltimo s\u00e1bado (12), durante a reintegra\u00e7\u00e3o de posse da Ocupa\u00e7\u00e3o Marielle e\u00a0Anderson Presentes.. A a\u00e7\u00e3o aconteceu um dia ap\u00f3s o movimento ocupar o terreno na sexta-feira \u00e0 noite, e, [&hellip;]","og_url":"https:\/\/psol50.org.br\/mtst-de-sergipe-cobra-investigacao-sobre-disparos-contra-ocupacao\/","og_site_name":"PSOL 50","article_publisher":"https:\/\/www.facebook.com\/psol50","article_published_time":"2018-05-18T13:17:32+00:00","og_image":[{"width":1350,"height":758,"url":"https:\/\/psol50.org.br\/inc\/uploads\/2018\/05\/Ocupacao_MTST_SE_1.jpeg","type":"image\/jpeg"}],"author":"Comunica\u00e7\u00e3o PSOL","twitter_card":"summary_large_image","twitter_creator":"@psol50","twitter_site":"@psol50","twitter_misc":{"Escrito por":"Comunica\u00e7\u00e3o PSOL","Est. tempo de leitura":"3 minutos"},"schema":{"@context":"https:\/\/schema.org","@graph":[{"@type":"Article","@id":"https:\/\/psol50.org.br\/mtst-de-sergipe-cobra-investigacao-sobre-disparos-contra-ocupacao\/#article","isPartOf":{"@id":"https:\/\/psol50.org.br\/mtst-de-sergipe-cobra-investigacao-sobre-disparos-contra-ocupacao\/"},"author":{"name":"Comunica\u00e7\u00e3o PSOL","@id":"https:\/\/psol50.org.br\/#\/schema\/person\/475dfa57d0b815993c714c2e96491fcd"},"headline":"MTST de Sergipe cobra investiga\u00e7\u00e3o sobre disparos contra ocupa\u00e7\u00e3o","datePublished":"2018-05-18T13:17:32+00:00","mainEntityOfPage":{"@id":"https:\/\/psol50.org.br\/mtst-de-sergipe-cobra-investigacao-sobre-disparos-contra-ocupacao\/"},"wordCount":533,"commentCount":0,"publisher":{"@id":"https:\/\/psol50.org.br\/#organization"},"image":{"@id":"https:\/\/psol50.org.br\/mtst-de-sergipe-cobra-investigacao-sobre-disparos-contra-ocupacao\/#primaryimage"},"thumbnailUrl":"https:\/\/psol50.org.br\/inc\/uploads\/2018\/05\/Ocupacao_MTST_SE_1.jpeg","keywords":["Aracaj\u00fa","desocupa\u00e7\u00e3o","disparos","guarda municipal","investiga\u00e7\u00e3o","MTST-SE","ocupa\u00e7\u00e3o Marielle Franco","PSOL","reintegra\u00e7\u00e3o de posse"],"articleSection":["Estados","Movimento","Not\u00edcias"],"inLanguage":"pt-BR","potentialAction":[{"@type":"CommentAction","name":"Comment","target":["https:\/\/psol50.org.br\/mtst-de-sergipe-cobra-investigacao-sobre-disparos-contra-ocupacao\/#respond"]}]},{"@type":"WebPage","@id":"https:\/\/psol50.org.br\/mtst-de-sergipe-cobra-investigacao-sobre-disparos-contra-ocupacao\/","url":"https:\/\/psol50.org.br\/mtst-de-sergipe-cobra-investigacao-sobre-disparos-contra-ocupacao\/","name":"MTST de Sergipe cobra investiga\u00e7\u00e3o sobre disparos contra ocupa\u00e7\u00e3o - PSOL 50","isPartOf":{"@id":"https:\/\/psol50.org.br\/#website"},"primaryImageOfPage":{"@id":"https:\/\/psol50.org.br\/mtst-de-sergipe-cobra-investigacao-sobre-disparos-contra-ocupacao\/#primaryimage"},"image":{"@id":"https:\/\/psol50.org.br\/mtst-de-sergipe-cobra-investigacao-sobre-disparos-contra-ocupacao\/#primaryimage"},"thumbnailUrl":"https:\/\/psol50.org.br\/inc\/uploads\/2018\/05\/Ocupacao_MTST_SE_1.jpeg","datePublished":"2018-05-18T13:17:32+00:00","breadcrumb":{"@id":"https:\/\/psol50.org.br\/mtst-de-sergipe-cobra-investigacao-sobre-disparos-contra-ocupacao\/#breadcrumb"},"inLanguage":"pt-BR","potentialAction":[{"@type":"ReadAction","target":["https:\/\/psol50.org.br\/mtst-de-sergipe-cobra-investigacao-sobre-disparos-contra-ocupacao\/"]}]},{"@type":"ImageObject","inLanguage":"pt-BR","@id":"https:\/\/psol50.org.br\/mtst-de-sergipe-cobra-investigacao-sobre-disparos-contra-ocupacao\/#primaryimage","url":"https:\/\/psol50.org.br\/inc\/uploads\/2018\/05\/Ocupacao_MTST_SE_1.jpeg","contentUrl":"https:\/\/psol50.org.br\/inc\/uploads\/2018\/05\/Ocupacao_MTST_SE_1.jpeg","width":1350,"height":758},{"@type":"BreadcrumbList","@id":"https:\/\/psol50.org.br\/mtst-de-sergipe-cobra-investigacao-sobre-disparos-contra-ocupacao\/#breadcrumb","itemListElement":[{"@type":"ListItem","position":1,"name":"In\u00edcio","item":"https:\/\/psol50.org.br\/"},{"@type":"ListItem","position":2,"name":"MTST de Sergipe cobra investiga\u00e7\u00e3o sobre disparos contra ocupa\u00e7\u00e3o"}]},{"@type":"WebSite","@id":"https:\/\/psol50.org.br\/#website","url":"https:\/\/psol50.org.br\/","name":"PSOL 50","description":"Site oficial do Partido Socialismo e Liberdade","publisher":{"@id":"https:\/\/psol50.org.br\/#organization"},"alternateName":"PSOL50","potentialAction":[{"@type":"SearchAction","target":{"@type":"EntryPoint","urlTemplate":"https:\/\/psol50.org.br\/?s={search_term_string}"},"query-input":{"@type":"PropertyValueSpecification","valueRequired":true,"valueName":"search_term_string"}}],"inLanguage":"pt-BR"},{"@type":"Organization","@id":"https:\/\/psol50.org.br\/#organization","name":"PSOL 50","alternateName":"PSOL 50","url":"https:\/\/psol50.org.br\/","logo":{"@type":"ImageObject","inLanguage":"pt-BR","@id":"https:\/\/psol50.org.br\/#\/schema\/logo\/image\/","url":"https:\/\/psol50.org.br\/inc\/uploads\/2018\/07\/capa.png","contentUrl":"https:\/\/psol50.org.br\/inc\/uploads\/2018\/07\/capa.png","width":1350,"height":900,"caption":"PSOL 50"},"image":{"@id":"https:\/\/psol50.org.br\/#\/schema\/logo\/image\/"},"sameAs":["https:\/\/www.facebook.com\/psol50","https:\/\/x.com\/psol50","https:\/\/www.instagram.com\/psol50\/","https:\/\/www.youtube.com\/channel\/UC7SnJS5o1os7a6CaiNabzcg"]},{"@type":"Person","@id":"https:\/\/psol50.org.br\/#\/schema\/person\/475dfa57d0b815993c714c2e96491fcd","name":"Comunica\u00e7\u00e3o PSOL","image":{"@type":"ImageObject","inLanguage":"pt-BR","@id":"https:\/\/psol50.org.br\/#\/schema\/person\/image\/","url":"https:\/\/secure.gravatar.com\/avatar\/b34fc4f4e468a4e51785917065a3db57b841f5c95dba6ad8c73aaf8f66f8f9bf?s=96&d=mm&r=g","contentUrl":"https:\/\/secure.gravatar.com\/avatar\/b34fc4f4e468a4e51785917065a3db57b841f5c95dba6ad8c73aaf8f66f8f9bf?s=96&d=mm&r=g","caption":"Comunica\u00e7\u00e3o PSOL"}}]}},"_links":{"self":[{"href":"https:\/\/psol50.org.br\/rest\/wp\/v2\/posts\/20773","targetHints":{"allow":["GET"]}}],"collection":[{"href":"https:\/\/psol50.org.br\/rest\/wp\/v2\/posts"}],"about":[{"href":"https:\/\/psol50.org.br\/rest\/wp\/v2\/types\/post"}],"author":[{"embeddable":true,"href":"https:\/\/psol50.org.br\/rest\/wp\/v2\/users\/2"}],"replies":[{"embeddable":true,"href":"https:\/\/psol50.org.br\/rest\/wp\/v2\/comments?post=20773"}],"version-history":[{"count":0,"href":"https:\/\/psol50.org.br\/rest\/wp\/v2\/posts\/20773\/revisions"}],"wp:featuredmedia":[{"embeddable":true,"href":"https:\/\/psol50.org.br\/rest\/wp\/v2\/media\/20774"}],"wp:attachment":[{"href":"https:\/\/psol50.org.br\/rest\/wp\/v2\/media?parent=20773"}],"wp:term":[{"taxonomy":"category","embeddable":true,"href":"https:\/\/psol50.org.br\/rest\/wp\/v2\/categories?post=20773"},{"taxonomy":"post_tag","embeddable":true,"href":"https:\/\/psol50.org.br\/rest\/wp\/v2\/tags?post=20773"}],"curies":[{"name":"wp","href":"https:\/\/api.w.org\/{rel}","templated":true}]}}