{"id":20799,"date":"2018-05-22T11:15:16","date_gmt":"2018-05-22T14:15:16","guid":{"rendered":"http:\/\/www.psol50.org.br\/?p=20799"},"modified":"2018-05-22T11:15:16","modified_gmt":"2018-05-22T14:15:16","slug":"boulos-e-sonia-lancam-nesta-terca-feira-manifesto-e-plataforma-da-pre-campanha","status":"publish","type":"post","link":"https:\/\/psol50.org.br\/boulos-e-sonia-lancam-nesta-terca-feira-manifesto-e-plataforma-da-pre-campanha\/","title":{"rendered":"Boulos e S\u00f4nia lan\u00e7am, nesta ter\u00e7a-feira, manifesto e plataforma da pr\u00e9-campanha"},"content":{"rendered":"<p>A pr\u00e9-candidatura do PSOL \u00e0 Presid\u00eancia da Rep\u00fablica dar\u00e1 mais um passo importante nesta ter\u00e7a-feira (22), com o <a href=\"https:\/\/www.facebook.com\/events\/1976856439296190\/\" target=\"_blank\" rel=\"noopener\"><strong><span style=\"color: #0000ff;\">lan\u00e7amento, em S\u00e3o Paulo, do manifesto de apoio e da plataforma de pr\u00e9-campanha de Guilherme Boulos e S\u00f4nia Guajajara<\/span><\/strong><\/a> \u00e0 Presid\u00eancia da Rep\u00fablica. Esse ser\u00e1 mais um momento de constru\u00e7\u00e3o conjunta da pr\u00e9-candidatura, que ir\u00e1 conectar todos e todas que querem se somar nessa jornada para mudar o Brasil.<\/p>\n<p>Na atividade desta ter\u00e7a, que representar\u00e1 a unidade do Vamos, PSOL e PCB, al\u00e9m do manifesto de apoio da pr\u00e9-campanha de Boulos e S\u00f4nia, tamb\u00e9m ser\u00e1 apresentada uma nova plataforma de mobiliza\u00e7\u00e3o que reunir\u00e1 grupos de a\u00e7\u00e3o em todo o pa\u00eds. O partido divulgou, h\u00e1 uma semana, o <a href=\"http:\/\/www.psol50.org.br\/ajude-a-construir-a-pre-campanha-guilherme-boulos-e-sonia-guajajara\/\" target=\"_blank\" rel=\"noopener\"><strong><span style=\"color: #0000ff;\">formul\u00e1rio<\/span> <\/strong><\/a>para que as pessoas possam inscrever grupos de a\u00e7\u00e3o em em sua cidade, local de trabalho ou milit\u00e2ncia. A inten\u00e7\u00e3o do PSOL \u00e9 que a constru\u00e7\u00e3o da pr\u00e9-campanha se d\u00ea de forma aberta, coletiva e de baixo para cima.<\/p>\n<p><img loading=\"lazy\" decoding=\"async\" class=\"size-medium wp-image-20802 aligncenter\" src=\"http:\/\/www.psol50.org.br\/inc\/uploads\/2018\/05\/Lan\u00e7amento_Plataforma-600x342.jpg\" alt=\"\" width=\"600\" height=\"342\" \/><\/p>\n<p>O presidente nacional do PSOL, <a href=\"https:\/\/www.facebook.com\/medeirosjuliano\/\" target=\"_blank\" rel=\"noopener\"><strong><span style=\"color: #0000ff;\">Juliano Medeiros<\/span><\/strong><\/a>, explica que a plataforma ter\u00e1 o desafio de reunir as v\u00e1rias contribui\u00e7\u00f5es que vierem como resultado dos grupos de a\u00e7\u00e3o e dos coletivos de base que organizar\u00e3o a pr\u00e9-campanha pa\u00eds afora. &#8220;A nossa plataforma se constitui no instrumento mais democr\u00e1tico criado numa pr\u00e9-campanha eleitoral at\u00e9 agora, para que a sociedade possa participar e ajudar a construir uma candidatura&#8221;.<\/p>\n<p>Medeiros ressalta que o manifesto demonstra a for\u00e7a da pr\u00e9-candidatura do PSOL, com a ades\u00e3o de centenas de intelectuais, artistas e personalidades pol\u00edticas, que veem na candidatura de Guilherme Boulos e S\u00f4nia Guajajara um instrumento para reorganizar a esquerda brasileira e iniciar um novo ciclo de lutas e conquistas para o povo brasileiro.<\/p>\n<p>Em v\u00eddeo divulgado nas redes sociais, Boulos destaca a import\u00e2ncia de enfrentar as desigualdades para, efetivamente, mudar o pa\u00eds. Confira.<\/p>\n<p>https:\/\/www.facebook.com\/guilhermeboulos.oficial\/videos\/1038786992938518\/<\/p>\n<p>&nbsp;<\/p>\n","protected":false},"excerpt":{"rendered":"<p>A pr\u00e9-candidatura do PSOL \u00e0 Presid\u00eancia da Rep\u00fablica dar\u00e1 mais um passo importante nesta ter\u00e7a-feira (22), com o lan\u00e7amento, em S\u00e3o Paulo, do manifesto de apoio e da plataforma de pr\u00e9-campanha de Guilherme Boulos e S\u00f4nia Guajajara \u00e0 Presid\u00eancia da Rep\u00fablica. Esse ser\u00e1 mais um momento de constru\u00e7\u00e3o conjunta da pr\u00e9-candidatura, que ir\u00e1 conectar todos [&hellip;]<\/p>\n","protected":false},"author":2,"featured_media":20801,"comment_status":"open","ping_status":"open","sticky":false,"template":"","format":"standard","meta":{"_acf_changed":false,"footnotes":""},"categories":[1882,6],"tags":[977,259,2522,385,2523,2524,1170],"class_list":{"0":"post-20799","1":"post","2":"type-post","3":"status-publish","4":"format-standard","5":"has-post-thumbnail","7":"category-brasil","8":"category-noticias","9":"tag-guilherme-boulos","10":"tag-juliano-medeiros","11":"tag-manifesto-de-apoio","12":"tag-plataforma","13":"tag-pre-campanha","14":"tag-pre-candidatura","15":"tag-sonia-guajajara"},"acf":[],"yoast_head":"<!-- This site is optimized with the Yoast SEO plugin v26.5 - https:\/\/yoast.com\/wordpress\/plugins\/seo\/ -->\n<title>Boulos e S\u00f4nia lan\u00e7am, nesta ter\u00e7a-feira, manifesto e plataforma da pr\u00e9-campanha - PSOL 50<\/title>\n<meta name=\"robots\" content=\"index, follow, max-snippet:-1, max-image-preview:large, max-video-preview:-1\" \/>\n<link rel=\"canonical\" href=\"https:\/\/psol50.org.br\/boulos-e-sonia-lancam-nesta-terca-feira-manifesto-e-plataforma-da-pre-campanha\/\" \/>\n<meta property=\"og:locale\" content=\"pt_BR\" \/>\n<meta property=\"og:type\" content=\"article\" \/>\n<meta property=\"og:title\" content=\"\u00c9 hoje: lan\u00e7amento da plataforma de Boulos e Sonia\" \/>\n<meta property=\"og:description\" content=\"Pr\u00e9-candidatura do PSOL \u00e0 Presid\u00eancia da Rep\u00fablica lan\u00e7a, em S\u00e3o Paulo, manifesto de apoio e plataforma para elabora\u00e7\u00e3o de programa\" \/>\n<meta property=\"og:url\" content=\"https:\/\/psol50.org.br\/boulos-e-sonia-lancam-nesta-terca-feira-manifesto-e-plataforma-da-pre-campanha\/\" \/>\n<meta property=\"og:site_name\" content=\"PSOL 50\" \/>\n<meta property=\"article:publisher\" content=\"https:\/\/www.facebook.com\/psol50\" \/>\n<meta property=\"article:published_time\" content=\"2018-05-22T14:15:16+00:00\" \/>\n<meta property=\"og:image\" content=\"https:\/\/psol50.org.br\/inc\/uploads\/2018\/05\/Boulos_Sonia_Conferencia_Ninja.jpg\" \/>\n\t<meta property=\"og:image:width\" content=\"1350\" \/>\n\t<meta property=\"og:image:height\" content=\"852\" \/>\n\t<meta property=\"og:image:type\" content=\"image\/jpeg\" \/>\n<meta name=\"author\" content=\"Comunica\u00e7\u00e3o PSOL\" \/>\n<meta name=\"twitter:card\" content=\"summary_large_image\" \/>\n<meta name=\"twitter:creator\" content=\"@psol50\" \/>\n<meta name=\"twitter:site\" content=\"@psol50\" \/>\n<meta name=\"twitter:label1\" content=\"Escrito por\" \/>\n\t<meta name=\"twitter:data1\" content=\"Comunica\u00e7\u00e3o PSOL\" \/>\n\t<meta name=\"twitter:label2\" content=\"Est. tempo de leitura\" \/>\n\t<meta name=\"twitter:data2\" content=\"2 minutos\" \/>\n<script type=\"application\/ld+json\" class=\"yoast-schema-graph\">{\"@context\":\"https:\/\/schema.org\",\"@graph\":[{\"@type\":\"Article\",\"@id\":\"https:\/\/psol50.org.br\/boulos-e-sonia-lancam-nesta-terca-feira-manifesto-e-plataforma-da-pre-campanha\/#article\",\"isPartOf\":{\"@id\":\"https:\/\/psol50.org.br\/boulos-e-sonia-lancam-nesta-terca-feira-manifesto-e-plataforma-da-pre-campanha\/\"},\"author\":{\"name\":\"Comunica\u00e7\u00e3o PSOL\",\"@id\":\"https:\/\/psol50.org.br\/#\/schema\/person\/475dfa57d0b815993c714c2e96491fcd\"},\"headline\":\"Boulos e S\u00f4nia lan\u00e7am, nesta ter\u00e7a-feira, manifesto e plataforma da pr\u00e9-campanha\",\"datePublished\":\"2018-05-22T14:15:16+00:00\",\"mainEntityOfPage\":{\"@id\":\"https:\/\/psol50.org.br\/boulos-e-sonia-lancam-nesta-terca-feira-manifesto-e-plataforma-da-pre-campanha\/\"},\"wordCount\":354,\"commentCount\":0,\"publisher\":{\"@id\":\"https:\/\/psol50.org.br\/#organization\"},\"image\":{\"@id\":\"https:\/\/psol50.org.br\/boulos-e-sonia-lancam-nesta-terca-feira-manifesto-e-plataforma-da-pre-campanha\/#primaryimage\"},\"thumbnailUrl\":\"https:\/\/psol50.org.br\/inc\/uploads\/2018\/05\/Boulos_Sonia_Conferencia_Ninja.jpg\",\"keywords\":[\"Guilherme Boulos\",\"Juliano Medeiros\",\"manifesto de apoio\",\"plataforma\",\"pr\u00e9-campanha\",\"pr\u00e9-candidatura\",\"S\u00f4nia Guajajara\"],\"articleSection\":[\"Brasil\",\"Not\u00edcias\"],\"inLanguage\":\"pt-BR\",\"potentialAction\":[{\"@type\":\"CommentAction\",\"name\":\"Comment\",\"target\":[\"https:\/\/psol50.org.br\/boulos-e-sonia-lancam-nesta-terca-feira-manifesto-e-plataforma-da-pre-campanha\/#respond\"]}]},{\"@type\":\"WebPage\",\"@id\":\"https:\/\/psol50.org.br\/boulos-e-sonia-lancam-nesta-terca-feira-manifesto-e-plataforma-da-pre-campanha\/\",\"url\":\"https:\/\/psol50.org.br\/boulos-e-sonia-lancam-nesta-terca-feira-manifesto-e-plataforma-da-pre-campanha\/\",\"name\":\"Boulos e S\u00f4nia lan\u00e7am, nesta ter\u00e7a-feira, manifesto e plataforma da pr\u00e9-campanha - PSOL 50\",\"isPartOf\":{\"@id\":\"https:\/\/psol50.org.br\/#website\"},\"primaryImageOfPage\":{\"@id\":\"https:\/\/psol50.org.br\/boulos-e-sonia-lancam-nesta-terca-feira-manifesto-e-plataforma-da-pre-campanha\/#primaryimage\"},\"image\":{\"@id\":\"https:\/\/psol50.org.br\/boulos-e-sonia-lancam-nesta-terca-feira-manifesto-e-plataforma-da-pre-campanha\/#primaryimage\"},\"thumbnailUrl\":\"https:\/\/psol50.org.br\/inc\/uploads\/2018\/05\/Boulos_Sonia_Conferencia_Ninja.jpg\",\"datePublished\":\"2018-05-22T14:15:16+00:00\",\"breadcrumb\":{\"@id\":\"https:\/\/psol50.org.br\/boulos-e-sonia-lancam-nesta-terca-feira-manifesto-e-plataforma-da-pre-campanha\/#breadcrumb\"},\"inLanguage\":\"pt-BR\",\"potentialAction\":[{\"@type\":\"ReadAction\",\"target\":[\"https:\/\/psol50.org.br\/boulos-e-sonia-lancam-nesta-terca-feira-manifesto-e-plataforma-da-pre-campanha\/\"]}]},{\"@type\":\"ImageObject\",\"inLanguage\":\"pt-BR\",\"@id\":\"https:\/\/psol50.org.br\/boulos-e-sonia-lancam-nesta-terca-feira-manifesto-e-plataforma-da-pre-campanha\/#primaryimage\",\"url\":\"https:\/\/psol50.org.br\/inc\/uploads\/2018\/05\/Boulos_Sonia_Conferencia_Ninja.jpg\",\"contentUrl\":\"https:\/\/psol50.org.br\/inc\/uploads\/2018\/05\/Boulos_Sonia_Conferencia_Ninja.jpg\",\"width\":1350,\"height\":852},{\"@type\":\"BreadcrumbList\",\"@id\":\"https:\/\/psol50.org.br\/boulos-e-sonia-lancam-nesta-terca-feira-manifesto-e-plataforma-da-pre-campanha\/#breadcrumb\",\"itemListElement\":[{\"@type\":\"ListItem\",\"position\":1,\"name\":\"In\u00edcio\",\"item\":\"https:\/\/psol50.org.br\/\"},{\"@type\":\"ListItem\",\"position\":2,\"name\":\"Boulos e S\u00f4nia lan\u00e7am, nesta ter\u00e7a-feira, manifesto e plataforma da pr\u00e9-campanha\"}]},{\"@type\":\"WebSite\",\"@id\":\"https:\/\/psol50.org.br\/#website\",\"url\":\"https:\/\/psol50.org.br\/\",\"name\":\"PSOL 50\",\"description\":\"Site oficial do Partido Socialismo e Liberdade\",\"publisher\":{\"@id\":\"https:\/\/psol50.org.br\/#organization\"},\"alternateName\":\"PSOL50\",\"potentialAction\":[{\"@type\":\"SearchAction\",\"target\":{\"@type\":\"EntryPoint\",\"urlTemplate\":\"https:\/\/psol50.org.br\/?s={search_term_string}\"},\"query-input\":{\"@type\":\"PropertyValueSpecification\",\"valueRequired\":true,\"valueName\":\"search_term_string\"}}],\"inLanguage\":\"pt-BR\"},{\"@type\":\"Organization\",\"@id\":\"https:\/\/psol50.org.br\/#organization\",\"name\":\"PSOL 50\",\"alternateName\":\"PSOL 50\",\"url\":\"https:\/\/psol50.org.br\/\",\"logo\":{\"@type\":\"ImageObject\",\"inLanguage\":\"pt-BR\",\"@id\":\"https:\/\/psol50.org.br\/#\/schema\/logo\/image\/\",\"url\":\"https:\/\/psol50.org.br\/inc\/uploads\/2018\/07\/capa.png\",\"contentUrl\":\"https:\/\/psol50.org.br\/inc\/uploads\/2018\/07\/capa.png\",\"width\":1350,\"height\":900,\"caption\":\"PSOL 50\"},\"image\":{\"@id\":\"https:\/\/psol50.org.br\/#\/schema\/logo\/image\/\"},\"sameAs\":[\"https:\/\/www.facebook.com\/psol50\",\"https:\/\/x.com\/psol50\",\"https:\/\/www.instagram.com\/psol50\/\",\"https:\/\/www.youtube.com\/channel\/UC7SnJS5o1os7a6CaiNabzcg\"]},{\"@type\":\"Person\",\"@id\":\"https:\/\/psol50.org.br\/#\/schema\/person\/475dfa57d0b815993c714c2e96491fcd\",\"name\":\"Comunica\u00e7\u00e3o PSOL\",\"image\":{\"@type\":\"ImageObject\",\"inLanguage\":\"pt-BR\",\"@id\":\"https:\/\/psol50.org.br\/#\/schema\/person\/image\/\",\"url\":\"https:\/\/secure.gravatar.com\/avatar\/b34fc4f4e468a4e51785917065a3db57b841f5c95dba6ad8c73aaf8f66f8f9bf?s=96&d=mm&r=g\",\"contentUrl\":\"https:\/\/secure.gravatar.com\/avatar\/b34fc4f4e468a4e51785917065a3db57b841f5c95dba6ad8c73aaf8f66f8f9bf?s=96&d=mm&r=g\",\"caption\":\"Comunica\u00e7\u00e3o PSOL\"}}]}<\/script>\n<!-- \/ Yoast SEO plugin. -->","yoast_head_json":{"title":"Boulos e S\u00f4nia lan\u00e7am, nesta ter\u00e7a-feira, manifesto e plataforma da pr\u00e9-campanha - PSOL 50","robots":{"index":"index","follow":"follow","max-snippet":"max-snippet:-1","max-image-preview":"max-image-preview:large","max-video-preview":"max-video-preview:-1"},"canonical":"https:\/\/psol50.org.br\/boulos-e-sonia-lancam-nesta-terca-feira-manifesto-e-plataforma-da-pre-campanha\/","og_locale":"pt_BR","og_type":"article","og_title":"\u00c9 hoje: lan\u00e7amento da plataforma de Boulos e Sonia","og_description":"Pr\u00e9-candidatura do PSOL \u00e0 Presid\u00eancia da Rep\u00fablica lan\u00e7a, em S\u00e3o Paulo, manifesto de apoio e plataforma para elabora\u00e7\u00e3o de programa","og_url":"https:\/\/psol50.org.br\/boulos-e-sonia-lancam-nesta-terca-feira-manifesto-e-plataforma-da-pre-campanha\/","og_site_name":"PSOL 50","article_publisher":"https:\/\/www.facebook.com\/psol50","article_published_time":"2018-05-22T14:15:16+00:00","og_image":[{"width":1350,"height":852,"url":"https:\/\/psol50.org.br\/inc\/uploads\/2018\/05\/Boulos_Sonia_Conferencia_Ninja.jpg","type":"image\/jpeg"}],"author":"Comunica\u00e7\u00e3o PSOL","twitter_card":"summary_large_image","twitter_creator":"@psol50","twitter_site":"@psol50","twitter_misc":{"Escrito por":"Comunica\u00e7\u00e3o PSOL","Est. tempo de leitura":"2 minutos"},"schema":{"@context":"https:\/\/schema.org","@graph":[{"@type":"Article","@id":"https:\/\/psol50.org.br\/boulos-e-sonia-lancam-nesta-terca-feira-manifesto-e-plataforma-da-pre-campanha\/#article","isPartOf":{"@id":"https:\/\/psol50.org.br\/boulos-e-sonia-lancam-nesta-terca-feira-manifesto-e-plataforma-da-pre-campanha\/"},"author":{"name":"Comunica\u00e7\u00e3o PSOL","@id":"https:\/\/psol50.org.br\/#\/schema\/person\/475dfa57d0b815993c714c2e96491fcd"},"headline":"Boulos e S\u00f4nia lan\u00e7am, nesta ter\u00e7a-feira, manifesto e plataforma da pr\u00e9-campanha","datePublished":"2018-05-22T14:15:16+00:00","mainEntityOfPage":{"@id":"https:\/\/psol50.org.br\/boulos-e-sonia-lancam-nesta-terca-feira-manifesto-e-plataforma-da-pre-campanha\/"},"wordCount":354,"commentCount":0,"publisher":{"@id":"https:\/\/psol50.org.br\/#organization"},"image":{"@id":"https:\/\/psol50.org.br\/boulos-e-sonia-lancam-nesta-terca-feira-manifesto-e-plataforma-da-pre-campanha\/#primaryimage"},"thumbnailUrl":"https:\/\/psol50.org.br\/inc\/uploads\/2018\/05\/Boulos_Sonia_Conferencia_Ninja.jpg","keywords":["Guilherme Boulos","Juliano Medeiros","manifesto de apoio","plataforma","pr\u00e9-campanha","pr\u00e9-candidatura","S\u00f4nia Guajajara"],"articleSection":["Brasil","Not\u00edcias"],"inLanguage":"pt-BR","potentialAction":[{"@type":"CommentAction","name":"Comment","target":["https:\/\/psol50.org.br\/boulos-e-sonia-lancam-nesta-terca-feira-manifesto-e-plataforma-da-pre-campanha\/#respond"]}]},{"@type":"WebPage","@id":"https:\/\/psol50.org.br\/boulos-e-sonia-lancam-nesta-terca-feira-manifesto-e-plataforma-da-pre-campanha\/","url":"https:\/\/psol50.org.br\/boulos-e-sonia-lancam-nesta-terca-feira-manifesto-e-plataforma-da-pre-campanha\/","name":"Boulos e S\u00f4nia lan\u00e7am, nesta ter\u00e7a-feira, manifesto e plataforma da pr\u00e9-campanha - PSOL 50","isPartOf":{"@id":"https:\/\/psol50.org.br\/#website"},"primaryImageOfPage":{"@id":"https:\/\/psol50.org.br\/boulos-e-sonia-lancam-nesta-terca-feira-manifesto-e-plataforma-da-pre-campanha\/#primaryimage"},"image":{"@id":"https:\/\/psol50.org.br\/boulos-e-sonia-lancam-nesta-terca-feira-manifesto-e-plataforma-da-pre-campanha\/#primaryimage"},"thumbnailUrl":"https:\/\/psol50.org.br\/inc\/uploads\/2018\/05\/Boulos_Sonia_Conferencia_Ninja.jpg","datePublished":"2018-05-22T14:15:16+00:00","breadcrumb":{"@id":"https:\/\/psol50.org.br\/boulos-e-sonia-lancam-nesta-terca-feira-manifesto-e-plataforma-da-pre-campanha\/#breadcrumb"},"inLanguage":"pt-BR","potentialAction":[{"@type":"ReadAction","target":["https:\/\/psol50.org.br\/boulos-e-sonia-lancam-nesta-terca-feira-manifesto-e-plataforma-da-pre-campanha\/"]}]},{"@type":"ImageObject","inLanguage":"pt-BR","@id":"https:\/\/psol50.org.br\/boulos-e-sonia-lancam-nesta-terca-feira-manifesto-e-plataforma-da-pre-campanha\/#primaryimage","url":"https:\/\/psol50.org.br\/inc\/uploads\/2018\/05\/Boulos_Sonia_Conferencia_Ninja.jpg","contentUrl":"https:\/\/psol50.org.br\/inc\/uploads\/2018\/05\/Boulos_Sonia_Conferencia_Ninja.jpg","width":1350,"height":852},{"@type":"BreadcrumbList","@id":"https:\/\/psol50.org.br\/boulos-e-sonia-lancam-nesta-terca-feira-manifesto-e-plataforma-da-pre-campanha\/#breadcrumb","itemListElement":[{"@type":"ListItem","position":1,"name":"In\u00edcio","item":"https:\/\/psol50.org.br\/"},{"@type":"ListItem","position":2,"name":"Boulos e S\u00f4nia lan\u00e7am, nesta ter\u00e7a-feira, manifesto e plataforma da pr\u00e9-campanha"}]},{"@type":"WebSite","@id":"https:\/\/psol50.org.br\/#website","url":"https:\/\/psol50.org.br\/","name":"PSOL 50","description":"Site oficial do Partido Socialismo e Liberdade","publisher":{"@id":"https:\/\/psol50.org.br\/#organization"},"alternateName":"PSOL50","potentialAction":[{"@type":"SearchAction","target":{"@type":"EntryPoint","urlTemplate":"https:\/\/psol50.org.br\/?s={search_term_string}"},"query-input":{"@type":"PropertyValueSpecification","valueRequired":true,"valueName":"search_term_string"}}],"inLanguage":"pt-BR"},{"@type":"Organization","@id":"https:\/\/psol50.org.br\/#organization","name":"PSOL 50","alternateName":"PSOL 50","url":"https:\/\/psol50.org.br\/","logo":{"@type":"ImageObject","inLanguage":"pt-BR","@id":"https:\/\/psol50.org.br\/#\/schema\/logo\/image\/","url":"https:\/\/psol50.org.br\/inc\/uploads\/2018\/07\/capa.png","contentUrl":"https:\/\/psol50.org.br\/inc\/uploads\/2018\/07\/capa.png","width":1350,"height":900,"caption":"PSOL 50"},"image":{"@id":"https:\/\/psol50.org.br\/#\/schema\/logo\/image\/"},"sameAs":["https:\/\/www.facebook.com\/psol50","https:\/\/x.com\/psol50","https:\/\/www.instagram.com\/psol50\/","https:\/\/www.youtube.com\/channel\/UC7SnJS5o1os7a6CaiNabzcg"]},{"@type":"Person","@id":"https:\/\/psol50.org.br\/#\/schema\/person\/475dfa57d0b815993c714c2e96491fcd","name":"Comunica\u00e7\u00e3o PSOL","image":{"@type":"ImageObject","inLanguage":"pt-BR","@id":"https:\/\/psol50.org.br\/#\/schema\/person\/image\/","url":"https:\/\/secure.gravatar.com\/avatar\/b34fc4f4e468a4e51785917065a3db57b841f5c95dba6ad8c73aaf8f66f8f9bf?s=96&d=mm&r=g","contentUrl":"https:\/\/secure.gravatar.com\/avatar\/b34fc4f4e468a4e51785917065a3db57b841f5c95dba6ad8c73aaf8f66f8f9bf?s=96&d=mm&r=g","caption":"Comunica\u00e7\u00e3o PSOL"}}]}},"_links":{"self":[{"href":"https:\/\/psol50.org.br\/rest\/wp\/v2\/posts\/20799","targetHints":{"allow":["GET"]}}],"collection":[{"href":"https:\/\/psol50.org.br\/rest\/wp\/v2\/posts"}],"about":[{"href":"https:\/\/psol50.org.br\/rest\/wp\/v2\/types\/post"}],"author":[{"embeddable":true,"href":"https:\/\/psol50.org.br\/rest\/wp\/v2\/users\/2"}],"replies":[{"embeddable":true,"href":"https:\/\/psol50.org.br\/rest\/wp\/v2\/comments?post=20799"}],"version-history":[{"count":0,"href":"https:\/\/psol50.org.br\/rest\/wp\/v2\/posts\/20799\/revisions"}],"wp:featuredmedia":[{"embeddable":true,"href":"https:\/\/psol50.org.br\/rest\/wp\/v2\/media\/20801"}],"wp:attachment":[{"href":"https:\/\/psol50.org.br\/rest\/wp\/v2\/media?parent=20799"}],"wp:term":[{"taxonomy":"category","embeddable":true,"href":"https:\/\/psol50.org.br\/rest\/wp\/v2\/categories?post=20799"},{"taxonomy":"post_tag","embeddable":true,"href":"https:\/\/psol50.org.br\/rest\/wp\/v2\/tags?post=20799"}],"curies":[{"name":"wp","href":"https:\/\/api.w.org\/{rel}","templated":true}]}}